{"id":12836,"date":"2015-05-29T14:20:04","date_gmt":"2015-05-29T12:20:04","guid":{"rendered":"https:\/\/vosgesinfo.fr\/gerardmerinfo\/2015\/05\/lasc-de-jules-ferry-fait-des-heureux\/"},"modified":"2015-05-29T14:20:04","modified_gmt":"2015-05-29T12:20:04","slug":"lasc-de-jules-ferry-fait-des-heureux","status":"publish","type":"post","link":"https:\/\/vosgesinfo.fr\/gerardmerinfo\/2015\/05\/lasc-de-jules-ferry-fait-des-heureux\/","title":{"rendered":"L&rsquo;ASC de Jules Ferry fait des heureux"},"content":{"rendered":"<p>&nbsp;<\/p>\n Un tirage au sort effectu\u00e9 comme toujours par les \u00e9coliers de Jules Ferry\n<p>Vendredi apr\u00e8s-midi avait lieu le tirage au sort de la traditionnelle tombola de l&rsquo;Association Sportive &amp; Culturelle de l&rsquo;\u00e9cole Jules Ferry. Cette ann\u00e9e encore, les commer\u00e7ants du secteur de G\u00e9rardmer ont \u00e9t\u00e9 particuli\u00e8rement g\u00e9n\u00e9reux\u00a0: \u00ab\u00a0Entre les gros lots et les lots de consolation et tout les autres mis en jeux, on estime qu&rsquo;il y avait en moyenne 3 ou 4 tickets gagnants par carnet, sachant qu&rsquo;environ 1 300 tickets ont \u00e9t\u00e9 vendus cette ann\u00e9e. Le gros lot est un I.Pad achet\u00e9 par l&rsquo;association, et il y a des bons d&rsquo;achat, des bouteilles, des tickets d&rsquo;entr\u00e9e pour des parcs d&rsquo;attraction, du linge de maison, des repas offerts par les restaurateurs etc&#8230;\u00a0\u00bb, pr\u00e9cisait ainsi Didier Villaume, ma\u00eetre de c\u00e9r\u00e9monie du tirage au sort et cheville ouvri\u00e8re de cette tombola.<\/p>\n<p>Un grand merci aux g\u00e9n\u00e9reux donateurs s&rsquo;imposait donc car ils contribuent forc\u00e9ment \u00e0 la qualit\u00e9 de cette tombola. Tombola dont les b\u00e9n\u00e9fices servent notamment \u00e0 financer l&rsquo;annuel voyage en classe de mer des \u00e9coliers de Jules Ferry. \u00ab\u00a0Les enfants sont d&rsquo;ailleurs revenus hier\u00a0!\u00a0\u00bb, ajoutait Didier Villaume avant de lancer le tirage au sort. Comme le veut la tradition, c&rsquo;est le plus jeune enfant de la maternelle qui ouvre le bal et tire le gros lot. Cette fois, c&rsquo;est la petite Lilou qui a jou\u00e9 la premi\u00e8re petite, toute petite main innocente, permettant \u00e0 C\u00e9dric Peter de gagner un I.Pad\u00a0! C&rsquo;est pas encore No\u00ebl mais avouez qu&rsquo;on en est pas loin ?!<\/p>\n<p>Quant aux autres lots, sachez tous que vous pouvez venir les retirer d\u00e8s ce vendredi puis le lundi 1er et le mardi 2 juin \u00e0 l&rsquo;\u00e9cole apr\u00e8s les cours bien entendu\u00a0! Avant de refermer cette page ASC de Jules Ferry, sachez que l&rsquo;association organisera son repas de fin d&rsquo;ann\u00e9e le 27 juin prochain. Tous les anciens \u00e9l\u00e8ves, parents, professeurs et autres sont bien entendus invit\u00e9s \u00e0 rejoindre les rangs de ceux qui fr\u00e9quentent encore les bancs de l&rsquo;\u00e9cole. Le principe reste le m\u00eame\u00a0: buffet froid et rendez-vous sous le pr\u00e9au vers midi.<\/p>\n<p>Les personnes int\u00e9ress\u00e9es peuvent appeler le num\u00e9ro suivant\u00a0: 03 29 63 13 47 (laissez un message sur le r\u00e9pondeur !)<\/p>\n","protected":false},"excerpt":{"rendered":"<p>&nbsp; Vendredi apr\u00e8s-midi avait lieu le tirage au sort de la traditionnelle tombola de l&rsquo;Association Sportive &amp; Culturelle de l&rsquo;\u00e9cole [&hellip;]<\/p>\n","protected":false},"author":42,"featured_media":0,"comment_status":"open","ping_status":"open","sticky":false,"template":"","format":"standard","meta":{"footnotes":""},"categories":[17],"tags":[],"class_list":["post-12836","post","type-post","status-publish","format-standard","hentry","category-vie-associative"],"acf":[],"yoast_head":"<!-- This site is optimized with the Yoast SEO plugin v22.5 - https:\/\/yoast.com\/wordpress\/plugins\/seo\/ -->\n<title>L&#039;ASC de Jules Ferry fait des heureux - Gerardmer Info<\/title>\n<meta name=\"robots\" content=\"index, follow, max-snippet:-1, max-image-preview:large, max-video-preview:-1\" \/>\n<link rel=\"canonical\" href=\"https:\/\/vosgesinfo.fr\/gerardmerinfo\/2015\/05\/lasc-de-jules-ferry-fait-des-heureux\/\" \/>\n<meta name=\"twitter:card\" content=\"summary_large_image\" \/>\n<meta name=\"twitter:title\" content=\"L&#039;ASC de Jules Ferry fait des heureux - Gerardmer Info\" \/>\n<meta name=\"twitter:description\" content=\"&nbsp; Vendredi apr\u00e8s-midi avait lieu le tirage au sort de la traditionnelle tombola de l&rsquo;Association Sportive &amp; Culturelle de l&rsquo;\u00e9cole [&hellip;]\" \/>\n<meta name=\"twitter:creator\" content=\"@VosgesInfo88\" \/>\n<meta name=\"twitter:site\" content=\"@VosgesInfo88\" \/>\n<meta name=\"twitter:label1\" content=\"\u00c9crit par\" \/>\n\t<meta name=\"twitter:data1\" content=\"QG\" \/>\n\t<meta name=\"twitter:label2\" content=\"Dur\u00e9e de lecture estim\u00e9e\" \/>\n\t<meta name=\"twitter:data2\" content=\"2 minutes\" \/>\n<script type=\"application\/ld+json\" class=\"yoast-schema-graph\">{\"@context\":\"https:\/\/schema.org\",\"@graph\":[{\"@type\":\"Article\",\"@id\":\"https:\/\/vosgesinfo.fr\/gerardmerinfo\/2015\/05\/lasc-de-jules-ferry-fait-des-heureux\/#article\",\"isPartOf\":{\"@id\":\"https:\/\/vosgesinfo.fr\/gerardmerinfo\/2015\/05\/lasc-de-jules-ferry-fait-des-heureux\/\"},\"author\":{\"name\":\"QG\",\"@id\":\"https:\/\/vosgesinfo.fr\/gerardmerinfo\/#\/schema\/person\/db5605779a843dad16b5368f3e7613a5\"},\"headline\":\"L&rsquo;ASC de Jules Ferry fait des heureux\",\"datePublished\":\"2015-05-29T12:20:04+00:00\",\"dateModified\":\"2015-05-29T12:20:04+00:00\",\"mainEntityOfPage\":{\"@id\":\"https:\/\/vosgesinfo.fr\/gerardmerinfo\/2015\/05\/lasc-de-jules-ferry-fait-des-heureux\/\"},\"wordCount\":416,\"commentCount\":0,\"publisher\":{\"@id\":\"https:\/\/vosgesinfo.fr\/gerardmerinfo\/#organization\"},\"articleSection\":[\"Vie Associative\"],\"inLanguage\":\"fr-FR\",\"potentialAction\":[{\"@type\":\"CommentAction\",\"name\":\"Comment\",\"target\":[\"https:\/\/vosgesinfo.fr\/gerardmerinfo\/2015\/05\/lasc-de-jules-ferry-fait-des-heureux\/#respond\"]}]},{\"@type\":\"WebPage\",\"@id\":\"https:\/\/vosgesinfo.fr\/gerardmerinfo\/2015\/05\/lasc-de-jules-ferry-fait-des-heureux\/\",\"url\":\"https:\/\/vosgesinfo.fr\/gerardmerinfo\/2015\/05\/lasc-de-jules-ferry-fait-des-heureux\/\",\"name\":\"L'ASC de Jules Ferry fait des heureux - Gerardmer Info\",\"isPartOf\":{\"@id\":\"https:\/\/vosgesinfo.fr\/gerardmerinfo\/#website\"},\"datePublished\":\"2015-05-29T12:20:04+00:00\",\"dateModified\":\"2015-05-29T12:20:04+00:00\",\"breadcrumb\":{\"@id\":\"https:\/\/vosgesinfo.fr\/gerardmerinfo\/2015\/05\/lasc-de-jules-ferry-fait-des-heureux\/#breadcrumb\"},\"inLanguage\":\"fr-FR\",\"potentialAction\":[{\"@type\":\"ReadAction\",\"target\":[\"https:\/\/vosgesinfo.fr\/gerardmerinfo\/2015\/05\/lasc-de-jules-ferry-fait-des-heureux\/\"]}]},{\"@type\":\"BreadcrumbList\",\"@id\":\"https:\/\/vosgesinfo.fr\/gerardmerinfo\/2015\/05\/lasc-de-jules-ferry-fait-des-heureux\/#breadcrumb\",\"itemListElement\":[{\"@type\":\"ListItem\",\"position\":1,\"name\":\"Home\",\"item\":\"https:\/\/vosgesinfo.fr\/gerardmerinfo\/\"},{\"@type\":\"ListItem\",\"position\":2,\"name\":\"L&rsquo;ASC de Jules Ferry fait des heureux\"}]},{\"@type\":\"WebSite\",\"@id\":\"https:\/\/vosgesinfo.fr\/gerardmerinfo\/#website\",\"url\":\"https:\/\/vosgesinfo.fr\/gerardmerinfo\/\",\"name\":\"Gerardmer Info\",\"description\":\"Toute l&#039;actualit\u00e9 de G\u00e9rardmer\",\"publisher\":{\"@id\":\"https:\/\/vosgesinfo.fr\/gerardmerinfo\/#organization\"},\"alternateName\":\"Toute l'actualit\u00e9 de G\u00e9rardmer\",\"potentialAction\":[{\"@type\":\"SearchAction\",\"target\":{\"@type\":\"EntryPoint\",\"urlTemplate\":\"https:\/\/vosgesinfo.fr\/gerardmerinfo\/?s={search_term_string}\"},\"query-input\":\"required name=search_term_string\"}],\"inLanguage\":\"fr-FR\"},{\"@type\":\"Organization\",\"@id\":\"https:\/\/vosgesinfo.fr\/gerardmerinfo\/#organization\",\"name\":\"Gerardmer Info\",\"url\":\"https:\/\/vosgesinfo.fr\/gerardmerinfo\/\",\"logo\":{\"@type\":\"ImageObject\",\"inLanguage\":\"fr-FR\",\"@id\":\"https:\/\/vosgesinfo.fr\/gerardmerinfo\/#\/schema\/logo\/image\/\",\"url\":\"https:\/\/vosgesinfo.fr\/app\/uploads\/sites\/6\/2023\/08\/favicon-gerardmerinfo.png\",\"contentUrl\":\"https:\/\/vosgesinfo.fr\/app\/uploads\/sites\/6\/2023\/08\/favicon-gerardmerinfo.png\",\"width\":512,\"height\":512,\"caption\":\"Gerardmer Info\"},\"image\":{\"@id\":\"https:\/\/vosgesinfo.fr\/gerardmerinfo\/#\/schema\/logo\/image\/\"},\"sameAs\":[\"https:\/\/www.facebook.com\/profile.php?id=100049475262660\",\"https:\/\/x.com\/VosgesInfo88\",\"https:\/\/www.youtube.com\/@vosgesinfo\"]},{\"@type\":\"Person\",\"@id\":\"https:\/\/vosgesinfo.fr\/gerardmerinfo\/#\/schema\/person\/db5605779a843dad16b5368f3e7613a5\",\"name\":\"QG\",\"image\":{\"@type\":\"ImageObject\",\"inLanguage\":\"fr-FR\",\"@id\":\"https:\/\/vosgesinfo.fr\/gerardmerinfo\/#\/schema\/person\/image\/\",\"url\":\"https:\/\/secure.gravatar.com\/avatar\/ea80c42c204b534408512832fde52504ecabb9706bcb6151cf6175e5b64e6793?s=96&d=mm&r=g\",\"contentUrl\":\"https:\/\/secure.gravatar.com\/avatar\/ea80c42c204b534408512832fde52504ecabb9706bcb6151cf6175e5b64e6793?s=96&d=mm&r=g\",\"caption\":\"QG\"},\"url\":\"https:\/\/vosgesinfo.fr\/gerardmerinfo\/author\/quentin88\/\"}]}<\/script>\n<!-- \/ Yoast SEO plugin. -->","yoast_head_json":{"title":"L'ASC de Jules Ferry fait des heureux - Gerardmer Info","robots":{"index":"index","follow":"follow","max-snippet":"max-snippet:-1","max-image-preview":"max-image-preview:large","max-video-preview":"max-video-preview:-1"},"canonical":"https:\/\/vosgesinfo.fr\/gerardmerinfo\/2015\/05\/lasc-de-jules-ferry-fait-des-heureux\/","twitter_card":"summary_large_image","twitter_title":"L'ASC de Jules Ferry fait des heureux - Gerardmer Info","twitter_description":"&nbsp; Vendredi apr\u00e8s-midi avait lieu le tirage au sort de la traditionnelle tombola de l&rsquo;Association Sportive &amp; Culturelle de l&rsquo;\u00e9cole [&hellip;]","twitter_creator":"@VosgesInfo88","twitter_site":"@VosgesInfo88","twitter_misc":{"\u00c9crit par":"QG","Dur\u00e9e de lecture estim\u00e9e":"2 minutes"},"schema":{"@context":"https:\/\/schema.org","@graph":[{"@type":"Article","@id":"https:\/\/vosgesinfo.fr\/gerardmerinfo\/2015\/05\/lasc-de-jules-ferry-fait-des-heureux\/#article","isPartOf":{"@id":"https:\/\/vosgesinfo.fr\/gerardmerinfo\/2015\/05\/lasc-de-jules-ferry-fait-des-heureux\/"},"author":{"name":"QG","@id":"https:\/\/vosgesinfo.fr\/gerardmerinfo\/#\/schema\/person\/db5605779a843dad16b5368f3e7613a5"},"headline":"L&rsquo;ASC de Jules Ferry fait des heureux","datePublished":"2015-05-29T12:20:04+00:00","dateModified":"2015-05-29T12:20:04+00:00","mainEntityOfPage":{"@id":"https:\/\/vosgesinfo.fr\/gerardmerinfo\/2015\/05\/lasc-de-jules-ferry-fait-des-heureux\/"},"wordCount":416,"commentCount":0,"publisher":{"@id":"https:\/\/vosgesinfo.fr\/gerardmerinfo\/#organization"},"articleSection":["Vie Associative"],"inLanguage":"fr-FR","potentialAction":[{"@type":"CommentAction","name":"Comment","target":["https:\/\/vosgesinfo.fr\/gerardmerinfo\/2015\/05\/lasc-de-jules-ferry-fait-des-heureux\/#respond"]}]},{"@type":"WebPage","@id":"https:\/\/vosgesinfo.fr\/gerardmerinfo\/2015\/05\/lasc-de-jules-ferry-fait-des-heureux\/","url":"https:\/\/vosgesinfo.fr\/gerardmerinfo\/2015\/05\/lasc-de-jules-ferry-fait-des-heureux\/","name":"L'ASC de Jules Ferry fait des heureux - Gerardmer Info","isPartOf":{"@id":"https:\/\/vosgesinfo.fr\/gerardmerinfo\/#website"},"datePublished":"2015-05-29T12:20:04+00:00","dateModified":"2015-05-29T12:20:04+00:00","breadcrumb":{"@id":"https:\/\/vosgesinfo.fr\/gerardmerinfo\/2015\/05\/lasc-de-jules-ferry-fait-des-heureux\/#breadcrumb"},"inLanguage":"fr-FR","potentialAction":[{"@type":"ReadAction","target":["https:\/\/vosgesinfo.fr\/gerardmerinfo\/2015\/05\/lasc-de-jules-ferry-fait-des-heureux\/"]}]},{"@type":"BreadcrumbList","@id":"https:\/\/vosgesinfo.fr\/gerardmerinfo\/2015\/05\/lasc-de-jules-ferry-fait-des-heureux\/#breadcrumb","itemListElement":[{"@type":"ListItem","position":1,"name":"Home","item":"https:\/\/vosgesinfo.fr\/gerardmerinfo\/"},{"@type":"ListItem","position":2,"name":"L&rsquo;ASC de Jules Ferry fait des heureux"}]},{"@type":"WebSite","@id":"https:\/\/vosgesinfo.fr\/gerardmerinfo\/#website","url":"https:\/\/vosgesinfo.fr\/gerardmerinfo\/","name":"Gerardmer Info","description":"Toute l&#039;actualit\u00e9 de G\u00e9rardmer","publisher":{"@id":"https:\/\/vosgesinfo.fr\/gerardmerinfo\/#organization"},"alternateName":"Toute l'actualit\u00e9 de G\u00e9rardmer","potentialAction":[{"@type":"SearchAction","target":{"@type":"EntryPoint","urlTemplate":"https:\/\/vosgesinfo.fr\/gerardmerinfo\/?s={search_term_string}"},"query-input":"required name=search_term_string"}],"inLanguage":"fr-FR"},{"@type":"Organization","@id":"https:\/\/vosgesinfo.fr\/gerardmerinfo\/#organization","name":"Gerardmer Info","url":"https:\/\/vosgesinfo.fr\/gerardmerinfo\/","logo":{"@type":"ImageObject","inLanguage":"fr-FR","@id":"https:\/\/vosgesinfo.fr\/gerardmerinfo\/#\/schema\/logo\/image\/","url":"https:\/\/vosgesinfo.fr\/app\/uploads\/sites\/6\/2023\/08\/favicon-gerardmerinfo.png","contentUrl":"https:\/\/vosgesinfo.fr\/app\/uploads\/sites\/6\/2023\/08\/favicon-gerardmerinfo.png","width":512,"height":512,"caption":"Gerardmer Info"},"image":{"@id":"https:\/\/vosgesinfo.fr\/gerardmerinfo\/#\/schema\/logo\/image\/"},"sameAs":["https:\/\/www.facebook.com\/profile.php?id=100049475262660","https:\/\/x.com\/VosgesInfo88","https:\/\/www.youtube.com\/@vosgesinfo"]},{"@type":"Person","@id":"https:\/\/vosgesinfo.fr\/gerardmerinfo\/#\/schema\/person\/db5605779a843dad16b5368f3e7613a5","name":"QG","image":{"@type":"ImageObject","inLanguage":"fr-FR","@id":"https:\/\/vosgesinfo.fr\/gerardmerinfo\/#\/schema\/person\/image\/","url":"https:\/\/secure.gravatar.com\/avatar\/ea80c42c204b534408512832fde52504ecabb9706bcb6151cf6175e5b64e6793?s=96&d=mm&r=g","contentUrl":"https:\/\/secure.gravatar.com\/avatar\/ea80c42c204b534408512832fde52504ecabb9706bcb6151cf6175e5b64e6793?s=96&d=mm&r=g","caption":"QG"},"url":"https:\/\/vosgesinfo.fr\/gerardmerinfo\/author\/quentin88\/"}]}},"_links":{"self":[{"href":"https:\/\/vosgesinfo.fr\/gerardmerinfo\/wp-json\/wp\/v2\/posts\/12836","targetHints":{"allow":["GET"]}}],"collection":[{"href":"https:\/\/vosgesinfo.fr\/gerardmerinfo\/wp-json\/wp\/v2\/posts"}],"about":[{"href":"https:\/\/vosgesinfo.fr\/gerardmerinfo\/wp-json\/wp\/v2\/types\/post"}],"author":[{"embeddable":true,"href":"https:\/\/vosgesinfo.fr\/gerardmerinfo\/wp-json\/wp\/v2\/users\/42"}],"replies":[{"embeddable":true,"href":"https:\/\/vosgesinfo.fr\/gerardmerinfo\/wp-json\/wp\/v2\/comments?post=12836"}],"version-history":[{"count":0,"href":"https:\/\/vosgesinfo.fr\/gerardmerinfo\/wp-json\/wp\/v2\/posts\/12836\/revisions"}],"wp:attachment":[{"href":"https:\/\/vosgesinfo.fr\/gerardmerinfo\/wp-json\/wp\/v2\/media?parent=12836"}],"wp:term":[{"taxonomy":"category","embeddable":true,"href":"https:\/\/vosgesinfo.fr\/gerardmerinfo\/wp-json\/wp\/v2\/categories?post=12836"},{"taxonomy":"post_tag","embeddable":true,"href":"https:\/\/vosgesinfo.fr\/gerardmerinfo\/wp-json\/wp\/v2\/tags?post=12836"}],"curies":[{"name":"wp","href":"https:\/\/api.w.org\/{rel}","templated":true}]}}