{"id":12838,"date":"2015-05-30T07:10:43","date_gmt":"2015-05-30T05:10:43","guid":{"rendered":"https:\/\/vosgesinfo.fr\/gerardmerinfo\/2015\/05\/vosges-4-246-560-euros-daides-votes-par-le-conseil-departemental\/"},"modified":"2015-05-30T07:10:43","modified_gmt":"2015-05-30T05:10:43","slug":"vosges-4-246-560-euros-daides-votes-par-le-conseil-departemental","status":"publish","type":"post","link":"https:\/\/vosgesinfo.fr\/gerardmerinfo\/2015\/05\/vosges-4-246-560-euros-daides-votes-par-le-conseil-departemental\/","title":{"rendered":"Vosges \u2013 4 246 560 \u20acuros d\u2019aides vot\u00e9s par le conseil d\u00e9partemental"},"content":{"rendered":"<div class=\"entry-content cf\">\n<p><strong><\/strong><\/p>\n<p><strong>Les conseillers d\u00e9partementaux se sont r\u00e9unis vendredi 29 mai en commission permanente. 80 dossiers ont \u00e9t\u00e9 adopt\u00e9s \u00e0 l\u2019unanimit\u00e9.<\/strong><\/p>\n<p><strong>Social<\/strong><\/p>\n<p>L\u2019Assembl\u00e9e d\u00e9partementale a allou\u00e9 697\u00a0549 euros \u00e0 5 CLIC (Centres Locaux d\u2019Information et Coordination G\u00e9rontologique)\u00a0: le Clic de Remiremont, d\u2019Epinal, de la Plaine des Vosges, de la D\u00e9odatie et celui install\u00e9 \u00e0 Bruy\u00e8res.<\/p>\n<p>Ces CLIC assurent un maillage du territoire et sont des services sp\u00e9cialis\u00e9s de proximit\u00e9 qui s\u2019adressent aux personnes retrait\u00e9es rencontrant des difficult\u00e9s dans leur maintien \u00e0 domicile. Ils s\u2019adressent aussi \u00e0 leur entourage ainsi qu\u2019aux acteurs m\u00e9dico-sociaux. Ces centres assurent un accueil personnalis\u00e9 du public, assurent un soutien et un conseil individuel, \u00e9valuent les besoins de chacun et \u00e9laborent un projet d\u2019aide personnalis\u00e9. De plus, les CLIC interviennent aussi dans la pr\u00e9vention de la maltraitance et recherchent les r\u00e9ponses adapt\u00e9es lors de situations pr\u00e9occupantes.<\/p>\n<p><strong>Economie<\/strong><\/p>\n<p>Le Conseil D\u00e9partemental a statu\u00e9 sur 27 dossiers d\u2019aide aux entreprises industrielles, tertiaires, touristiques, artisanales et commerciales pour un montant global de 406 800 \u20ac.<\/p>\n<p>Parmi les entreprises subventionn\u00e9es on peut noter\u00a0: la SARL MP2L bas\u00e9e \u00e0 Vittel qui b\u00e9n\u00e9ficiera d\u2019une aide de 7.000 euros permettant l\u2019acquisition d\u2019un centre d\u2019usinage \u00e0 commande num\u00e9rique. La SARL MP2L est sp\u00e9cialis\u00e9e dans la fabrication de pi\u00e8ces de pr\u00e9cision et la maintenance de moteurs \u00e9lectriques.<\/p>\n<p>Par ailleurs, la SARL Mangeolle Marcel bas\u00e9e \u00e0 Saint-Gorgon recevra une aide de 50\u00a0000 euros permettant le d\u00e9veloppement de la soci\u00e9t\u00e9 via la construction d\u2019une unit\u00e9 de production sur une surface de pr\u00e8s de 7\u00a0000m\u00b2. Cette SARL fabrique des \u00e9l\u00e9ments pr\u00e9fabriqu\u00e9s en b\u00e9ton arm\u00e9 pour le b\u00e2timent et les structures agricoles.<\/p>\n<p>&nbsp;<\/p>\n<p>De plus, les conseillers d\u00e9partementaux ont approuv\u00e9 le plan de financement du projet d\u2019am\u00e9nagement du col de la Schlucht. Ce projet estim\u00e9 \u00e0 5\u00a0815\u00a0000 euros arrive \u00e0 une \u00e9tape charni\u00e8re, entre la phase \u00e9tudes pr\u00e9alables et la phase op\u00e9rationnelle.<\/p>\n<p><strong>Routes<\/strong><\/p>\n<p>575\u00a0700 euros ont \u00e9t\u00e9 allou\u00e9s par les \u00e9lus afin de r\u00e9aliser des travaux de renouvellement de surface, c\u2019est-\u00e0-dire la pose d\u2019un nouvel enrob\u00e9. Les secteurs d\u2019Hadol, d\u2019Eloyes, de Laveline-devant-Bruy\u00e8res, Bult, Laveline-du-Houx et Vom\u00e9court sont concern\u00e9s.<strong><br \/>\n<\/strong><\/p>\n<p>425\u00a0000 euros ont \u00e9t\u00e9 accord\u00e9s afin de lancer de 5 chantiers permettant de r\u00e9parer des ouvrages d\u2019art \u00e0 Remiremont, le Val-d\u2019Ajol, Hennecourt, Oelleville et les Rouges Eaux<strong><br \/>\n<\/strong><\/p>\n<p><strong>D\u00e9veloppement local<\/strong><\/p>\n<p>Le Conseil D\u00e9partemental a octroy\u00e9 une aide de 966 080 euros au titre des aides financi\u00e8res aux collectivit\u00e9s locales permettant de r\u00e9aliser divers am\u00e9nagements de voies communales ou encore l\u2019installation de l\u2019\u00e9clairage public.<\/p>\n<p>771 461 euros ont \u00e9t\u00e9 accord\u00e9s \u00e0 diff\u00e9rentes collectivit\u00e9s locales afin qu\u2019elles puissent r\u00e9aliser des travaux d\u2019assainissement. Les communes de Viom\u00e9nil, Portieux, Bains-les-Bains, Gemmelaincourt, la communaut\u00e9 des communes du Pays de Sa\u00f4ne et Madon, et les syndicats intercommunaux de la r\u00e9gion de Nom\u00e9xy, ou de Grand\u00a0 sont notamment concern\u00e9s.<\/p>\n<p><strong>Culture<\/strong><\/p>\n<p>Le Conseil D\u00e9partemental a attribu\u00e9 une aide de 74\u00a0000 euros afin de soutenir 12 manifestations ou acteurs culturels permettant ainsi la tenue de rencontres musicales comme \u00e0 Mirecourt ou encore la r\u00e9alisation de spectacles comme \u00e0 Le Saulcy.<\/p>\n<p><strong>Sport<\/strong><\/p>\n<p>Dans le cadre de sa politique sportive et afin de favoriser l\u2019acc\u00e8s au sport au plus grand nombre sur tout le territoire, les conseillers d\u00e9partementaux ont allou\u00e9 la somme de 323\u00a0970 euros \u00e0 54 comit\u00e9s sportifs allant de l\u2019a\u00efkido en passant par l\u2019aviron, le handball, la natation, l\u2019escrime, le cyclisme, le football, le ski, le tennis, ou encore la voile, le rugby\u2026<\/p>\n<\/div>\n","protected":false},"excerpt":{"rendered":"<p>Les conseillers d\u00e9partementaux se sont r\u00e9unis vendredi 29 mai en commission permanente. 80 dossiers ont \u00e9t\u00e9 adopt\u00e9s \u00e0 l\u2019unanimit\u00e9. Social [&hellip;]<\/p>\n","protected":false},"author":1,"featured_media":0,"comment_status":"open","ping_status":"open","sticky":false,"template":"","format":"standard","meta":{"footnotes":""},"categories":[10,18],"tags":[],"class_list":["post-12838","post","type-post","status-publish","format-standard","hentry","category-politique","category-vosges"],"acf":[],"yoast_head":"<!-- This site is optimized with the Yoast SEO plugin v22.5 - https:\/\/yoast.com\/wordpress\/plugins\/seo\/ -->\n<title>Vosges \u2013 4 246 560 \u20acuros d\u2019aides vot\u00e9s par le conseil d\u00e9partemental - Gerardmer Info<\/title>\n<meta name=\"robots\" content=\"index, follow, max-snippet:-1, max-image-preview:large, max-video-preview:-1\" \/>\n<link rel=\"canonical\" href=\"https:\/\/vosgesinfo.fr\/gerardmerinfo\/2015\/05\/vosges-4-246-560-euros-daides-votes-par-le-conseil-departemental\/\" \/>\n<meta name=\"twitter:card\" content=\"summary_large_image\" \/>\n<meta name=\"twitter:title\" content=\"Vosges \u2013 4 246 560 \u20acuros d\u2019aides vot\u00e9s par le conseil d\u00e9partemental - Gerardmer Info\" \/>\n<meta name=\"twitter:description\" content=\"Les conseillers d\u00e9partementaux se sont r\u00e9unis vendredi 29 mai en commission permanente. 80 dossiers ont \u00e9t\u00e9 adopt\u00e9s \u00e0 l\u2019unanimit\u00e9. Social [&hellip;]\" \/>\n<meta name=\"twitter:creator\" content=\"@VosgesInfo88\" \/>\n<meta name=\"twitter:site\" content=\"@VosgesInfo88\" \/>\n<meta name=\"twitter:label1\" content=\"\u00c9crit par\" \/>\n\t<meta name=\"twitter:data1\" content=\"qs_admin\" \/>\n\t<meta name=\"twitter:label2\" content=\"Dur\u00e9e de lecture estim\u00e9e\" \/>\n\t<meta name=\"twitter:data2\" content=\"3 minutes\" \/>\n<script type=\"application\/ld+json\" class=\"yoast-schema-graph\">{\"@context\":\"https:\/\/schema.org\",\"@graph\":[{\"@type\":\"Article\",\"@id\":\"https:\/\/vosgesinfo.fr\/gerardmerinfo\/2015\/05\/vosges-4-246-560-euros-daides-votes-par-le-conseil-departemental\/#article\",\"isPartOf\":{\"@id\":\"https:\/\/vosgesinfo.fr\/gerardmerinfo\/2015\/05\/vosges-4-246-560-euros-daides-votes-par-le-conseil-departemental\/\"},\"author\":{\"name\":\"qs_admin\",\"@id\":\"https:\/\/vosgesinfo.fr\/gerardmerinfo\/#\/schema\/person\/bc5d02d71e6932e81b6dadb7386667b1\"},\"headline\":\"Vosges \u2013 4 246 560 \u20acuros d\u2019aides vot\u00e9s par le conseil d\u00e9partemental\",\"datePublished\":\"2015-05-30T05:10:43+00:00\",\"dateModified\":\"2015-05-30T05:10:43+00:00\",\"mainEntityOfPage\":{\"@id\":\"https:\/\/vosgesinfo.fr\/gerardmerinfo\/2015\/05\/vosges-4-246-560-euros-daides-votes-par-le-conseil-departemental\/\"},\"wordCount\":624,\"commentCount\":0,\"publisher\":{\"@id\":\"https:\/\/vosgesinfo.fr\/gerardmerinfo\/#organization\"},\"articleSection\":[\"Politique\",\"Vosges\"],\"inLanguage\":\"fr-FR\",\"potentialAction\":[{\"@type\":\"CommentAction\",\"name\":\"Comment\",\"target\":[\"https:\/\/vosgesinfo.fr\/gerardmerinfo\/2015\/05\/vosges-4-246-560-euros-daides-votes-par-le-conseil-departemental\/#respond\"]}]},{\"@type\":\"WebPage\",\"@id\":\"https:\/\/vosgesinfo.fr\/gerardmerinfo\/2015\/05\/vosges-4-246-560-euros-daides-votes-par-le-conseil-departemental\/\",\"url\":\"https:\/\/vosgesinfo.fr\/gerardmerinfo\/2015\/05\/vosges-4-246-560-euros-daides-votes-par-le-conseil-departemental\/\",\"name\":\"Vosges \u2013 4 246 560 \u20acuros d\u2019aides vot\u00e9s par le conseil d\u00e9partemental - Gerardmer Info\",\"isPartOf\":{\"@id\":\"https:\/\/vosgesinfo.fr\/gerardmerinfo\/#website\"},\"datePublished\":\"2015-05-30T05:10:43+00:00\",\"dateModified\":\"2015-05-30T05:10:43+00:00\",\"breadcrumb\":{\"@id\":\"https:\/\/vosgesinfo.fr\/gerardmerinfo\/2015\/05\/vosges-4-246-560-euros-daides-votes-par-le-conseil-departemental\/#breadcrumb\"},\"inLanguage\":\"fr-FR\",\"potentialAction\":[{\"@type\":\"ReadAction\",\"target\":[\"https:\/\/vosgesinfo.fr\/gerardmerinfo\/2015\/05\/vosges-4-246-560-euros-daides-votes-par-le-conseil-departemental\/\"]}]},{\"@type\":\"BreadcrumbList\",\"@id\":\"https:\/\/vosgesinfo.fr\/gerardmerinfo\/2015\/05\/vosges-4-246-560-euros-daides-votes-par-le-conseil-departemental\/#breadcrumb\",\"itemListElement\":[{\"@type\":\"ListItem\",\"position\":1,\"name\":\"Home\",\"item\":\"https:\/\/vosgesinfo.fr\/gerardmerinfo\/\"},{\"@type\":\"ListItem\",\"position\":2,\"name\":\"Vosges \u2013 4 246 560 \u20acuros d\u2019aides vot\u00e9s par le conseil d\u00e9partemental\"}]},{\"@type\":\"WebSite\",\"@id\":\"https:\/\/vosgesinfo.fr\/gerardmerinfo\/#website\",\"url\":\"https:\/\/vosgesinfo.fr\/gerardmerinfo\/\",\"name\":\"Gerardmer Info\",\"description\":\"Toute l&#039;actualit\u00e9 de G\u00e9rardmer\",\"publisher\":{\"@id\":\"https:\/\/vosgesinfo.fr\/gerardmerinfo\/#organization\"},\"alternateName\":\"Toute l'actualit\u00e9 de G\u00e9rardmer\",\"potentialAction\":[{\"@type\":\"SearchAction\",\"target\":{\"@type\":\"EntryPoint\",\"urlTemplate\":\"https:\/\/vosgesinfo.fr\/gerardmerinfo\/?s={search_term_string}\"},\"query-input\":\"required name=search_term_string\"}],\"inLanguage\":\"fr-FR\"},{\"@type\":\"Organization\",\"@id\":\"https:\/\/vosgesinfo.fr\/gerardmerinfo\/#organization\",\"name\":\"Gerardmer Info\",\"url\":\"https:\/\/vosgesinfo.fr\/gerardmerinfo\/\",\"logo\":{\"@type\":\"ImageObject\",\"inLanguage\":\"fr-FR\",\"@id\":\"https:\/\/vosgesinfo.fr\/gerardmerinfo\/#\/schema\/logo\/image\/\",\"url\":\"https:\/\/vosgesinfo.fr\/app\/uploads\/sites\/6\/2023\/08\/favicon-gerardmerinfo.png\",\"contentUrl\":\"https:\/\/vosgesinfo.fr\/app\/uploads\/sites\/6\/2023\/08\/favicon-gerardmerinfo.png\",\"width\":512,\"height\":512,\"caption\":\"Gerardmer Info\"},\"image\":{\"@id\":\"https:\/\/vosgesinfo.fr\/gerardmerinfo\/#\/schema\/logo\/image\/\"},\"sameAs\":[\"https:\/\/www.facebook.com\/profile.php?id=100049475262660\",\"https:\/\/x.com\/VosgesInfo88\",\"https:\/\/www.youtube.com\/@vosgesinfo\"]},{\"@type\":\"Person\",\"@id\":\"https:\/\/vosgesinfo.fr\/gerardmerinfo\/#\/schema\/person\/bc5d02d71e6932e81b6dadb7386667b1\",\"name\":\"qs_admin\",\"image\":{\"@type\":\"ImageObject\",\"inLanguage\":\"fr-FR\",\"@id\":\"https:\/\/vosgesinfo.fr\/gerardmerinfo\/#\/schema\/person\/image\/\",\"url\":\"https:\/\/secure.gravatar.com\/avatar\/94b18ee0ed79e4a42ea2f2931277b6841a8999fc6fde214600c78057cf1fe1de?s=96&d=mm&r=g\",\"contentUrl\":\"https:\/\/secure.gravatar.com\/avatar\/94b18ee0ed79e4a42ea2f2931277b6841a8999fc6fde214600c78057cf1fe1de?s=96&d=mm&r=g\",\"caption\":\"qs_admin\"},\"sameAs\":[\"https:\/\/vosgesinfo.fr\/wp\"],\"url\":\"https:\/\/vosgesinfo.fr\/gerardmerinfo\/author\/qs_admin\/\"}]}<\/script>\n<!-- \/ Yoast SEO plugin. -->","yoast_head_json":{"title":"Vosges \u2013 4 246 560 \u20acuros d\u2019aides vot\u00e9s par le conseil d\u00e9partemental - Gerardmer Info","robots":{"index":"index","follow":"follow","max-snippet":"max-snippet:-1","max-image-preview":"max-image-preview:large","max-video-preview":"max-video-preview:-1"},"canonical":"https:\/\/vosgesinfo.fr\/gerardmerinfo\/2015\/05\/vosges-4-246-560-euros-daides-votes-par-le-conseil-departemental\/","twitter_card":"summary_large_image","twitter_title":"Vosges \u2013 4 246 560 \u20acuros d\u2019aides vot\u00e9s par le conseil d\u00e9partemental - Gerardmer Info","twitter_description":"Les conseillers d\u00e9partementaux se sont r\u00e9unis vendredi 29 mai en commission permanente. 80 dossiers ont \u00e9t\u00e9 adopt\u00e9s \u00e0 l\u2019unanimit\u00e9. Social [&hellip;]","twitter_creator":"@VosgesInfo88","twitter_site":"@VosgesInfo88","twitter_misc":{"\u00c9crit par":"qs_admin","Dur\u00e9e de lecture estim\u00e9e":"3 minutes"},"schema":{"@context":"https:\/\/schema.org","@graph":[{"@type":"Article","@id":"https:\/\/vosgesinfo.fr\/gerardmerinfo\/2015\/05\/vosges-4-246-560-euros-daides-votes-par-le-conseil-departemental\/#article","isPartOf":{"@id":"https:\/\/vosgesinfo.fr\/gerardmerinfo\/2015\/05\/vosges-4-246-560-euros-daides-votes-par-le-conseil-departemental\/"},"author":{"name":"qs_admin","@id":"https:\/\/vosgesinfo.fr\/gerardmerinfo\/#\/schema\/person\/bc5d02d71e6932e81b6dadb7386667b1"},"headline":"Vosges \u2013 4 246 560 \u20acuros d\u2019aides vot\u00e9s par le conseil d\u00e9partemental","datePublished":"2015-05-30T05:10:43+00:00","dateModified":"2015-05-30T05:10:43+00:00","mainEntityOfPage":{"@id":"https:\/\/vosgesinfo.fr\/gerardmerinfo\/2015\/05\/vosges-4-246-560-euros-daides-votes-par-le-conseil-departemental\/"},"wordCount":624,"commentCount":0,"publisher":{"@id":"https:\/\/vosgesinfo.fr\/gerardmerinfo\/#organization"},"articleSection":["Politique","Vosges"],"inLanguage":"fr-FR","potentialAction":[{"@type":"CommentAction","name":"Comment","target":["https:\/\/vosgesinfo.fr\/gerardmerinfo\/2015\/05\/vosges-4-246-560-euros-daides-votes-par-le-conseil-departemental\/#respond"]}]},{"@type":"WebPage","@id":"https:\/\/vosgesinfo.fr\/gerardmerinfo\/2015\/05\/vosges-4-246-560-euros-daides-votes-par-le-conseil-departemental\/","url":"https:\/\/vosgesinfo.fr\/gerardmerinfo\/2015\/05\/vosges-4-246-560-euros-daides-votes-par-le-conseil-departemental\/","name":"Vosges \u2013 4 246 560 \u20acuros d\u2019aides vot\u00e9s par le conseil d\u00e9partemental - Gerardmer Info","isPartOf":{"@id":"https:\/\/vosgesinfo.fr\/gerardmerinfo\/#website"},"datePublished":"2015-05-30T05:10:43+00:00","dateModified":"2015-05-30T05:10:43+00:00","breadcrumb":{"@id":"https:\/\/vosgesinfo.fr\/gerardmerinfo\/2015\/05\/vosges-4-246-560-euros-daides-votes-par-le-conseil-departemental\/#breadcrumb"},"inLanguage":"fr-FR","potentialAction":[{"@type":"ReadAction","target":["https:\/\/vosgesinfo.fr\/gerardmerinfo\/2015\/05\/vosges-4-246-560-euros-daides-votes-par-le-conseil-departemental\/"]}]},{"@type":"BreadcrumbList","@id":"https:\/\/vosgesinfo.fr\/gerardmerinfo\/2015\/05\/vosges-4-246-560-euros-daides-votes-par-le-conseil-departemental\/#breadcrumb","itemListElement":[{"@type":"ListItem","position":1,"name":"Home","item":"https:\/\/vosgesinfo.fr\/gerardmerinfo\/"},{"@type":"ListItem","position":2,"name":"Vosges \u2013 4 246 560 \u20acuros d\u2019aides vot\u00e9s par le conseil d\u00e9partemental"}]},{"@type":"WebSite","@id":"https:\/\/vosgesinfo.fr\/gerardmerinfo\/#website","url":"https:\/\/vosgesinfo.fr\/gerardmerinfo\/","name":"Gerardmer Info","description":"Toute l&#039;actualit\u00e9 de G\u00e9rardmer","publisher":{"@id":"https:\/\/vosgesinfo.fr\/gerardmerinfo\/#organization"},"alternateName":"Toute l'actualit\u00e9 de G\u00e9rardmer","potentialAction":[{"@type":"SearchAction","target":{"@type":"EntryPoint","urlTemplate":"https:\/\/vosgesinfo.fr\/gerardmerinfo\/?s={search_term_string}"},"query-input":"required name=search_term_string"}],"inLanguage":"fr-FR"},{"@type":"Organization","@id":"https:\/\/vosgesinfo.fr\/gerardmerinfo\/#organization","name":"Gerardmer Info","url":"https:\/\/vosgesinfo.fr\/gerardmerinfo\/","logo":{"@type":"ImageObject","inLanguage":"fr-FR","@id":"https:\/\/vosgesinfo.fr\/gerardmerinfo\/#\/schema\/logo\/image\/","url":"https:\/\/vosgesinfo.fr\/app\/uploads\/sites\/6\/2023\/08\/favicon-gerardmerinfo.png","contentUrl":"https:\/\/vosgesinfo.fr\/app\/uploads\/sites\/6\/2023\/08\/favicon-gerardmerinfo.png","width":512,"height":512,"caption":"Gerardmer Info"},"image":{"@id":"https:\/\/vosgesinfo.fr\/gerardmerinfo\/#\/schema\/logo\/image\/"},"sameAs":["https:\/\/www.facebook.com\/profile.php?id=100049475262660","https:\/\/x.com\/VosgesInfo88","https:\/\/www.youtube.com\/@vosgesinfo"]},{"@type":"Person","@id":"https:\/\/vosgesinfo.fr\/gerardmerinfo\/#\/schema\/person\/bc5d02d71e6932e81b6dadb7386667b1","name":"qs_admin","image":{"@type":"ImageObject","inLanguage":"fr-FR","@id":"https:\/\/vosgesinfo.fr\/gerardmerinfo\/#\/schema\/person\/image\/","url":"https:\/\/secure.gravatar.com\/avatar\/94b18ee0ed79e4a42ea2f2931277b6841a8999fc6fde214600c78057cf1fe1de?s=96&d=mm&r=g","contentUrl":"https:\/\/secure.gravatar.com\/avatar\/94b18ee0ed79e4a42ea2f2931277b6841a8999fc6fde214600c78057cf1fe1de?s=96&d=mm&r=g","caption":"qs_admin"},"sameAs":["https:\/\/vosgesinfo.fr\/wp"],"url":"https:\/\/vosgesinfo.fr\/gerardmerinfo\/author\/qs_admin\/"}]}},"_links":{"self":[{"href":"https:\/\/vosgesinfo.fr\/gerardmerinfo\/wp-json\/wp\/v2\/posts\/12838","targetHints":{"allow":["GET"]}}],"collection":[{"href":"https:\/\/vosgesinfo.fr\/gerardmerinfo\/wp-json\/wp\/v2\/posts"}],"about":[{"href":"https:\/\/vosgesinfo.fr\/gerardmerinfo\/wp-json\/wp\/v2\/types\/post"}],"author":[{"embeddable":true,"href":"https:\/\/vosgesinfo.fr\/gerardmerinfo\/wp-json\/wp\/v2\/users\/1"}],"replies":[{"embeddable":true,"href":"https:\/\/vosgesinfo.fr\/gerardmerinfo\/wp-json\/wp\/v2\/comments?post=12838"}],"version-history":[{"count":0,"href":"https:\/\/vosgesinfo.fr\/gerardmerinfo\/wp-json\/wp\/v2\/posts\/12838\/revisions"}],"wp:attachment":[{"href":"https:\/\/vosgesinfo.fr\/gerardmerinfo\/wp-json\/wp\/v2\/media?parent=12838"}],"wp:term":[{"taxonomy":"category","embeddable":true,"href":"https:\/\/vosgesinfo.fr\/gerardmerinfo\/wp-json\/wp\/v2\/categories?post=12838"},{"taxonomy":"post_tag","embeddable":true,"href":"https:\/\/vosgesinfo.fr\/gerardmerinfo\/wp-json\/wp\/v2\/tags?post=12838"}],"curies":[{"name":"wp","href":"https:\/\/api.w.org\/{rel}","templated":true}]}}