{"id":12881,"date":"2015-06-07T17:28:31","date_gmt":"2015-06-07T15:28:31","guid":{"rendered":"https:\/\/vosgesinfo.fr\/gerardmerinfo\/2015\/06\/deambulation-theatrale-et-culturelle-au-bord-du-lac\/"},"modified":"2015-06-07T17:28:31","modified_gmt":"2015-06-07T15:28:31","slug":"deambulation-theatrale-et-culturelle-au-bord-du-lac","status":"publish","type":"post","link":"https:\/\/vosgesinfo.fr\/gerardmerinfo\/2015\/06\/deambulation-theatrale-et-culturelle-au-bord-du-lac\/","title":{"rendered":"D\u00e9ambulation th\u00e9\u00e2trale et culturelle au bord du lac"},"content":{"rendered":" Retrouvez toute l&rsquo;\u00e9quipe des \u00ab\u00a0Vois et Berges\u00a0\u00bb cet \u00e9t\u00e9 au bord du lac de G\u00e9rardmer\n<p><b>D\u00e9couvrez la Perle des Vosges au fil d&rsquo;une promenade o\u00f9 se m\u00ealent v\u00e9rit\u00e9s historiques et histoires fantastiques sur un ton humoristique\u00a0: une magnifique id\u00e9e qui a germ\u00e9 lorsque l&rsquo;heure de se pencher sur la Saison Culturelle estivale fut venue. <\/b><\/p>\n<p>Saison dont la MCL de G\u00e9rardmer est charg\u00e9e de donner vie \u00e0 travers une programmation souvent tr\u00e8s vari\u00e9e et toujours de qualit\u00e9. \u00ab\u00a0Un \u00e9t\u00e9 au bord du lac\u00a0\u00bb version 2015 n&rsquo;\u00e9chappera pas \u00e0 la r\u00e8gle avec, en 2015, 21 rendez-vous au programme dont cette premi\u00e8re mouture des \u00ab\u00a0Voix sur berges\u00a0\u00bb imagin\u00e9e au d\u00e9part par St\u00e9phane Lepoil, directeur de la Maison du boulevard de Saint Di\u00e9 et grand amateur de th\u00e9\u00e2tre. Le concept est finalement assez simple, mais il fallait y penser et surtout lui donner vie\u00a0: partir d&rsquo;un point A \u00e0 un point B en compagnie d&rsquo;un \u00ab\u00a0com\u00e9guide\u00a0\u00bb (toute premi\u00e8re fusion d&rsquo;un com\u00e9dien et d&rsquo;un guide dans les Vosges) qui vous m\u00e8nera \u00e0 la rencontre d&rsquo;autres com\u00e9diens post\u00e9s sur les rives du lac.<\/p>\n<p>Une excellente id\u00e9e qu&rsquo;ont donc rapidement accept\u00e9 de mettre en forme Jean-Michel Thibault de la compagnie Corps en Voix, et B\u00e9atrice Couturier, dont certains connaissent d\u00e9j\u00e0 la plume. C&rsquo;est d&rsquo;ailleurs cette derni\u00e8re, \u00e9galement auteur de nouvelles et plus r\u00e9cemment d&rsquo;un premier roman, qui s&rsquo;est charg\u00e9e de l&rsquo;\u00e9criture de cette \u00ab\u00a0pi\u00e8ce\u00a0\u00bb d&rsquo;un genre nouveau. Comme \u00e0 son habitude, elle s&rsquo;est \u00e9norm\u00e9ment document\u00e9e avant de se lancer. Il faut dire que cette d\u00e9ambulation portera sur les contes et l\u00e9gendes de la Perle des Vosges, mais aussi son bestiaire, m\u00ealant ainsi v\u00e9rit\u00e9 historique et et fiction. Le promeneur d\u00e9couvrira donc G\u00e9rardmer et certains des ces petits secrets de mani\u00e8re humoristique, le tout au soleil couchant et au bord du lac&#8230;<\/p>\n<p>Ces \u00ab\u00a0Voix sur berges\u00a0\u00bb s&rsquo;adressent donc un peu plus sp\u00e9cifiquement aux vacanciers, mais pas que, apr\u00e8s tout. Car il est int\u00e9ressant de pr\u00e9ciser qu&rsquo;une des volont\u00e9s de ce beau projet \u00e9tait \u00e9galement d&rsquo;impliquer des com\u00e9diens amateurs du canton. Une chose assez rare pour \u00eatre signal\u00e9e, l&rsquo;agenda des troupes est souvent d\u00e9j\u00e0 bien garni et ne laisse pas beaucoup de place pour d&rsquo;autres engagements. Cette fois, ils seront 8 au total, en provenance de la Compagnie Jean Gillet, de la Troupe Pascal Simon, de l&rsquo;Atelier Th\u00e9\u00e2tre de la MCL ainsi que des Amis de la Sc\u00e8ne. C&rsquo;est donc un \u00ab\u00a0casting\u00a0\u00bb in\u00e9dit qui vous attend cet \u00e9t\u00e9\u00a0! Rien que pour cela, \u00e7a vaut le d\u00e9tour non !<\/p>\n<p>\u00ab\u00a0Voix sur berges\u00a0\u00bb les vendredis 24 et 31 juillet ainsi que le vendredi 7 ao\u00fbt \u00e0 20 h.<\/p>\n<p>Le point de rendez-vous sera communiqu\u00e9 lors de la r\u00e9servation.<\/p>\n<p>Dur\u00e9e\u00a0: 1 heure \u2013 arriv\u00e9e \u00e0 l&rsquo;Union Nautique.<\/p>\n<p>Parcours d&rsquo;environ 1 km avec 4 \u00e9tapes.<\/p>\n<p>Nombre de places par balade\u00a0: 25 personnes.<\/p>\n<p>R\u00e9servation obligatoire aupr\u00e8s de la MCL au 03 29 63 11 96<\/p>\n","protected":false},"excerpt":{"rendered":"<p>D\u00e9couvrez la Perle des Vosges au fil d&rsquo;une promenade o\u00f9 se m\u00ealent v\u00e9rit\u00e9s historiques et histoires fantastiques sur un ton [&hellip;]<\/p>\n","protected":false},"author":42,"featured_media":0,"comment_status":"open","ping_status":"open","sticky":false,"template":"","format":"standard","meta":{"footnotes":""},"categories":[4,24,25],"tags":[],"class_list":["post-12881","post","type-post","status-publish","format-standard","hentry","category-culture","category-evenements","category-gerardmer"],"acf":[],"yoast_head":"<!-- This site is optimized with the Yoast SEO plugin v22.5 - https:\/\/yoast.com\/wordpress\/plugins\/seo\/ -->\n<title>D\u00e9ambulation th\u00e9\u00e2trale et culturelle au bord du lac - Gerardmer Info<\/title>\n<meta name=\"robots\" content=\"index, follow, max-snippet:-1, max-image-preview:large, max-video-preview:-1\" \/>\n<link rel=\"canonical\" href=\"https:\/\/vosgesinfo.fr\/gerardmerinfo\/2015\/06\/deambulation-theatrale-et-culturelle-au-bord-du-lac\/\" \/>\n<meta name=\"twitter:card\" content=\"summary_large_image\" \/>\n<meta name=\"twitter:title\" content=\"D\u00e9ambulation th\u00e9\u00e2trale et culturelle au bord du lac - Gerardmer Info\" \/>\n<meta name=\"twitter:description\" content=\"D\u00e9couvrez la Perle des Vosges au fil d&rsquo;une promenade o\u00f9 se m\u00ealent v\u00e9rit\u00e9s historiques et histoires fantastiques sur un ton [&hellip;]\" \/>\n<meta name=\"twitter:creator\" content=\"@VosgesInfo88\" \/>\n<meta name=\"twitter:site\" content=\"@VosgesInfo88\" \/>\n<meta name=\"twitter:label1\" content=\"\u00c9crit par\" \/>\n\t<meta name=\"twitter:data1\" content=\"QG\" \/>\n\t<meta name=\"twitter:label2\" content=\"Dur\u00e9e de lecture estim\u00e9e\" \/>\n\t<meta name=\"twitter:data2\" content=\"3 minutes\" \/>\n<script type=\"application\/ld+json\" class=\"yoast-schema-graph\">{\"@context\":\"https:\/\/schema.org\",\"@graph\":[{\"@type\":\"Article\",\"@id\":\"https:\/\/vosgesinfo.fr\/gerardmerinfo\/2015\/06\/deambulation-theatrale-et-culturelle-au-bord-du-lac\/#article\",\"isPartOf\":{\"@id\":\"https:\/\/vosgesinfo.fr\/gerardmerinfo\/2015\/06\/deambulation-theatrale-et-culturelle-au-bord-du-lac\/\"},\"author\":{\"name\":\"QG\",\"@id\":\"https:\/\/vosgesinfo.fr\/gerardmerinfo\/#\/schema\/person\/db5605779a843dad16b5368f3e7613a5\"},\"headline\":\"D\u00e9ambulation th\u00e9\u00e2trale et culturelle au bord du lac\",\"datePublished\":\"2015-06-07T15:28:31+00:00\",\"dateModified\":\"2015-06-07T15:28:31+00:00\",\"mainEntityOfPage\":{\"@id\":\"https:\/\/vosgesinfo.fr\/gerardmerinfo\/2015\/06\/deambulation-theatrale-et-culturelle-au-bord-du-lac\/\"},\"wordCount\":544,\"commentCount\":0,\"publisher\":{\"@id\":\"https:\/\/vosgesinfo.fr\/gerardmerinfo\/#organization\"},\"articleSection\":[\"Culture\",\"Ev\u00e8nements\",\"G\u00e9rardmer\"],\"inLanguage\":\"fr-FR\",\"potentialAction\":[{\"@type\":\"CommentAction\",\"name\":\"Comment\",\"target\":[\"https:\/\/vosgesinfo.fr\/gerardmerinfo\/2015\/06\/deambulation-theatrale-et-culturelle-au-bord-du-lac\/#respond\"]}]},{\"@type\":\"WebPage\",\"@id\":\"https:\/\/vosgesinfo.fr\/gerardmerinfo\/2015\/06\/deambulation-theatrale-et-culturelle-au-bord-du-lac\/\",\"url\":\"https:\/\/vosgesinfo.fr\/gerardmerinfo\/2015\/06\/deambulation-theatrale-et-culturelle-au-bord-du-lac\/\",\"name\":\"D\u00e9ambulation th\u00e9\u00e2trale et culturelle au bord du lac - Gerardmer Info\",\"isPartOf\":{\"@id\":\"https:\/\/vosgesinfo.fr\/gerardmerinfo\/#website\"},\"datePublished\":\"2015-06-07T15:28:31+00:00\",\"dateModified\":\"2015-06-07T15:28:31+00:00\",\"breadcrumb\":{\"@id\":\"https:\/\/vosgesinfo.fr\/gerardmerinfo\/2015\/06\/deambulation-theatrale-et-culturelle-au-bord-du-lac\/#breadcrumb\"},\"inLanguage\":\"fr-FR\",\"potentialAction\":[{\"@type\":\"ReadAction\",\"target\":[\"https:\/\/vosgesinfo.fr\/gerardmerinfo\/2015\/06\/deambulation-theatrale-et-culturelle-au-bord-du-lac\/\"]}]},{\"@type\":\"BreadcrumbList\",\"@id\":\"https:\/\/vosgesinfo.fr\/gerardmerinfo\/2015\/06\/deambulation-theatrale-et-culturelle-au-bord-du-lac\/#breadcrumb\",\"itemListElement\":[{\"@type\":\"ListItem\",\"position\":1,\"name\":\"Home\",\"item\":\"https:\/\/vosgesinfo.fr\/gerardmerinfo\/\"},{\"@type\":\"ListItem\",\"position\":2,\"name\":\"D\u00e9ambulation th\u00e9\u00e2trale et culturelle au bord du lac\"}]},{\"@type\":\"WebSite\",\"@id\":\"https:\/\/vosgesinfo.fr\/gerardmerinfo\/#website\",\"url\":\"https:\/\/vosgesinfo.fr\/gerardmerinfo\/\",\"name\":\"Gerardmer Info\",\"description\":\"Toute l&#039;actualit\u00e9 de G\u00e9rardmer\",\"publisher\":{\"@id\":\"https:\/\/vosgesinfo.fr\/gerardmerinfo\/#organization\"},\"alternateName\":\"Toute l'actualit\u00e9 de G\u00e9rardmer\",\"potentialAction\":[{\"@type\":\"SearchAction\",\"target\":{\"@type\":\"EntryPoint\",\"urlTemplate\":\"https:\/\/vosgesinfo.fr\/gerardmerinfo\/?s={search_term_string}\"},\"query-input\":\"required name=search_term_string\"}],\"inLanguage\":\"fr-FR\"},{\"@type\":\"Organization\",\"@id\":\"https:\/\/vosgesinfo.fr\/gerardmerinfo\/#organization\",\"name\":\"Gerardmer Info\",\"url\":\"https:\/\/vosgesinfo.fr\/gerardmerinfo\/\",\"logo\":{\"@type\":\"ImageObject\",\"inLanguage\":\"fr-FR\",\"@id\":\"https:\/\/vosgesinfo.fr\/gerardmerinfo\/#\/schema\/logo\/image\/\",\"url\":\"https:\/\/vosgesinfo.fr\/app\/uploads\/sites\/6\/2023\/08\/favicon-gerardmerinfo.png\",\"contentUrl\":\"https:\/\/vosgesinfo.fr\/app\/uploads\/sites\/6\/2023\/08\/favicon-gerardmerinfo.png\",\"width\":512,\"height\":512,\"caption\":\"Gerardmer Info\"},\"image\":{\"@id\":\"https:\/\/vosgesinfo.fr\/gerardmerinfo\/#\/schema\/logo\/image\/\"},\"sameAs\":[\"https:\/\/www.facebook.com\/profile.php?id=100049475262660\",\"https:\/\/x.com\/VosgesInfo88\",\"https:\/\/www.youtube.com\/@vosgesinfo\"]},{\"@type\":\"Person\",\"@id\":\"https:\/\/vosgesinfo.fr\/gerardmerinfo\/#\/schema\/person\/db5605779a843dad16b5368f3e7613a5\",\"name\":\"QG\",\"image\":{\"@type\":\"ImageObject\",\"inLanguage\":\"fr-FR\",\"@id\":\"https:\/\/vosgesinfo.fr\/gerardmerinfo\/#\/schema\/person\/image\/\",\"url\":\"https:\/\/secure.gravatar.com\/avatar\/ea80c42c204b534408512832fde52504ecabb9706bcb6151cf6175e5b64e6793?s=96&d=mm&r=g\",\"contentUrl\":\"https:\/\/secure.gravatar.com\/avatar\/ea80c42c204b534408512832fde52504ecabb9706bcb6151cf6175e5b64e6793?s=96&d=mm&r=g\",\"caption\":\"QG\"},\"url\":\"https:\/\/vosgesinfo.fr\/gerardmerinfo\/author\/quentin88\/\"}]}<\/script>\n<!-- \/ Yoast SEO plugin. -->","yoast_head_json":{"title":"D\u00e9ambulation th\u00e9\u00e2trale et culturelle au bord du lac - Gerardmer Info","robots":{"index":"index","follow":"follow","max-snippet":"max-snippet:-1","max-image-preview":"max-image-preview:large","max-video-preview":"max-video-preview:-1"},"canonical":"https:\/\/vosgesinfo.fr\/gerardmerinfo\/2015\/06\/deambulation-theatrale-et-culturelle-au-bord-du-lac\/","twitter_card":"summary_large_image","twitter_title":"D\u00e9ambulation th\u00e9\u00e2trale et culturelle au bord du lac - Gerardmer Info","twitter_description":"D\u00e9couvrez la Perle des Vosges au fil d&rsquo;une promenade o\u00f9 se m\u00ealent v\u00e9rit\u00e9s historiques et histoires fantastiques sur un ton [&hellip;]","twitter_creator":"@VosgesInfo88","twitter_site":"@VosgesInfo88","twitter_misc":{"\u00c9crit par":"QG","Dur\u00e9e de lecture estim\u00e9e":"3 minutes"},"schema":{"@context":"https:\/\/schema.org","@graph":[{"@type":"Article","@id":"https:\/\/vosgesinfo.fr\/gerardmerinfo\/2015\/06\/deambulation-theatrale-et-culturelle-au-bord-du-lac\/#article","isPartOf":{"@id":"https:\/\/vosgesinfo.fr\/gerardmerinfo\/2015\/06\/deambulation-theatrale-et-culturelle-au-bord-du-lac\/"},"author":{"name":"QG","@id":"https:\/\/vosgesinfo.fr\/gerardmerinfo\/#\/schema\/person\/db5605779a843dad16b5368f3e7613a5"},"headline":"D\u00e9ambulation th\u00e9\u00e2trale et culturelle au bord du lac","datePublished":"2015-06-07T15:28:31+00:00","dateModified":"2015-06-07T15:28:31+00:00","mainEntityOfPage":{"@id":"https:\/\/vosgesinfo.fr\/gerardmerinfo\/2015\/06\/deambulation-theatrale-et-culturelle-au-bord-du-lac\/"},"wordCount":544,"commentCount":0,"publisher":{"@id":"https:\/\/vosgesinfo.fr\/gerardmerinfo\/#organization"},"articleSection":["Culture","Ev\u00e8nements","G\u00e9rardmer"],"inLanguage":"fr-FR","potentialAction":[{"@type":"CommentAction","name":"Comment","target":["https:\/\/vosgesinfo.fr\/gerardmerinfo\/2015\/06\/deambulation-theatrale-et-culturelle-au-bord-du-lac\/#respond"]}]},{"@type":"WebPage","@id":"https:\/\/vosgesinfo.fr\/gerardmerinfo\/2015\/06\/deambulation-theatrale-et-culturelle-au-bord-du-lac\/","url":"https:\/\/vosgesinfo.fr\/gerardmerinfo\/2015\/06\/deambulation-theatrale-et-culturelle-au-bord-du-lac\/","name":"D\u00e9ambulation th\u00e9\u00e2trale et culturelle au bord du lac - Gerardmer Info","isPartOf":{"@id":"https:\/\/vosgesinfo.fr\/gerardmerinfo\/#website"},"datePublished":"2015-06-07T15:28:31+00:00","dateModified":"2015-06-07T15:28:31+00:00","breadcrumb":{"@id":"https:\/\/vosgesinfo.fr\/gerardmerinfo\/2015\/06\/deambulation-theatrale-et-culturelle-au-bord-du-lac\/#breadcrumb"},"inLanguage":"fr-FR","potentialAction":[{"@type":"ReadAction","target":["https:\/\/vosgesinfo.fr\/gerardmerinfo\/2015\/06\/deambulation-theatrale-et-culturelle-au-bord-du-lac\/"]}]},{"@type":"BreadcrumbList","@id":"https:\/\/vosgesinfo.fr\/gerardmerinfo\/2015\/06\/deambulation-theatrale-et-culturelle-au-bord-du-lac\/#breadcrumb","itemListElement":[{"@type":"ListItem","position":1,"name":"Home","item":"https:\/\/vosgesinfo.fr\/gerardmerinfo\/"},{"@type":"ListItem","position":2,"name":"D\u00e9ambulation th\u00e9\u00e2trale et culturelle au bord du lac"}]},{"@type":"WebSite","@id":"https:\/\/vosgesinfo.fr\/gerardmerinfo\/#website","url":"https:\/\/vosgesinfo.fr\/gerardmerinfo\/","name":"Gerardmer Info","description":"Toute l&#039;actualit\u00e9 de G\u00e9rardmer","publisher":{"@id":"https:\/\/vosgesinfo.fr\/gerardmerinfo\/#organization"},"alternateName":"Toute l'actualit\u00e9 de G\u00e9rardmer","potentialAction":[{"@type":"SearchAction","target":{"@type":"EntryPoint","urlTemplate":"https:\/\/vosgesinfo.fr\/gerardmerinfo\/?s={search_term_string}"},"query-input":"required name=search_term_string"}],"inLanguage":"fr-FR"},{"@type":"Organization","@id":"https:\/\/vosgesinfo.fr\/gerardmerinfo\/#organization","name":"Gerardmer Info","url":"https:\/\/vosgesinfo.fr\/gerardmerinfo\/","logo":{"@type":"ImageObject","inLanguage":"fr-FR","@id":"https:\/\/vosgesinfo.fr\/gerardmerinfo\/#\/schema\/logo\/image\/","url":"https:\/\/vosgesinfo.fr\/app\/uploads\/sites\/6\/2023\/08\/favicon-gerardmerinfo.png","contentUrl":"https:\/\/vosgesinfo.fr\/app\/uploads\/sites\/6\/2023\/08\/favicon-gerardmerinfo.png","width":512,"height":512,"caption":"Gerardmer Info"},"image":{"@id":"https:\/\/vosgesinfo.fr\/gerardmerinfo\/#\/schema\/logo\/image\/"},"sameAs":["https:\/\/www.facebook.com\/profile.php?id=100049475262660","https:\/\/x.com\/VosgesInfo88","https:\/\/www.youtube.com\/@vosgesinfo"]},{"@type":"Person","@id":"https:\/\/vosgesinfo.fr\/gerardmerinfo\/#\/schema\/person\/db5605779a843dad16b5368f3e7613a5","name":"QG","image":{"@type":"ImageObject","inLanguage":"fr-FR","@id":"https:\/\/vosgesinfo.fr\/gerardmerinfo\/#\/schema\/person\/image\/","url":"https:\/\/secure.gravatar.com\/avatar\/ea80c42c204b534408512832fde52504ecabb9706bcb6151cf6175e5b64e6793?s=96&d=mm&r=g","contentUrl":"https:\/\/secure.gravatar.com\/avatar\/ea80c42c204b534408512832fde52504ecabb9706bcb6151cf6175e5b64e6793?s=96&d=mm&r=g","caption":"QG"},"url":"https:\/\/vosgesinfo.fr\/gerardmerinfo\/author\/quentin88\/"}]}},"_links":{"self":[{"href":"https:\/\/vosgesinfo.fr\/gerardmerinfo\/wp-json\/wp\/v2\/posts\/12881","targetHints":{"allow":["GET"]}}],"collection":[{"href":"https:\/\/vosgesinfo.fr\/gerardmerinfo\/wp-json\/wp\/v2\/posts"}],"about":[{"href":"https:\/\/vosgesinfo.fr\/gerardmerinfo\/wp-json\/wp\/v2\/types\/post"}],"author":[{"embeddable":true,"href":"https:\/\/vosgesinfo.fr\/gerardmerinfo\/wp-json\/wp\/v2\/users\/42"}],"replies":[{"embeddable":true,"href":"https:\/\/vosgesinfo.fr\/gerardmerinfo\/wp-json\/wp\/v2\/comments?post=12881"}],"version-history":[{"count":0,"href":"https:\/\/vosgesinfo.fr\/gerardmerinfo\/wp-json\/wp\/v2\/posts\/12881\/revisions"}],"wp:attachment":[{"href":"https:\/\/vosgesinfo.fr\/gerardmerinfo\/wp-json\/wp\/v2\/media?parent=12881"}],"wp:term":[{"taxonomy":"category","embeddable":true,"href":"https:\/\/vosgesinfo.fr\/gerardmerinfo\/wp-json\/wp\/v2\/categories?post=12881"},{"taxonomy":"post_tag","embeddable":true,"href":"https:\/\/vosgesinfo.fr\/gerardmerinfo\/wp-json\/wp\/v2\/tags?post=12881"}],"curies":[{"name":"wp","href":"https:\/\/api.w.org\/{rel}","templated":true}]}}