{"id":12888,"date":"2015-06-08T17:15:47","date_gmt":"2015-06-08T15:15:47","guid":{"rendered":"https:\/\/vosgesinfo.fr\/gerardmerinfo\/2015\/06\/promenons-nous-dans-les-bois-pendant-que-le-sotre-ny-est-pas\/"},"modified":"2015-06-08T17:15:47","modified_gmt":"2015-06-08T15:15:47","slug":"promenons-nous-dans-les-bois-pendant-que-le-sotre-ny-est-pas","status":"publish","type":"post","link":"https:\/\/vosgesinfo.fr\/gerardmerinfo\/2015\/06\/promenons-nous-dans-les-bois-pendant-que-le-sotre-ny-est-pas\/","title":{"rendered":"Promenons-nous dans les bois pendant que le Sotr\u00e9 n&rsquo;y est pas !"},"content":{"rendered":" Grand soleil samedi apr\u00e8s-midi pour cette toute premi\u00e8re session des lectures en nature avec la m\u00e9diath\u00e8que du Tilleul\n<p><span style=\"color: #000000;\"><span style=\"font-family: 'Times New Roman', serif;\"><span style=\"font-size: medium;\">C&rsquo;\u00e9tait une premi\u00e8re et pour un coup d&rsquo;essai, ce fut sans doute un coup de ma\u00eetre. Samedi apr\u00e8s-midi, la m\u00e9diath\u00e8que du Tilleul proposait aux promeneurs et aux lecteurs une sortie d&rsquo;un genre nouveau dans le secteur de la Perle des Vosges. Une animation mise en place dans le cadre de la Semaine du d\u00e9veloppement durable qui avait donc pour concept de m\u00ealer promenade et lecture.<\/span><\/span><\/span><\/p>\n<p><span style=\"color: #000000;\"><span style=\"font-family: 'Times New Roman', serif;\"><span style=\"font-size: medium;\">\u00ab\u00a0Les textes seront issus du livre \u00ab\u00a0L\u00e9gendes &amp; Fiauves \u00a0du pays des lacs\u00a0\u00bb. Un \u00ab\u00a0fiauve\u00a0\u00bb signifiant une petite histoire en patois, et cela tombe plut\u00f4t bien puisqu&rsquo;un repr\u00e9sentant de l&rsquo;acad\u00e9mie de P\u00e2tois locale s&rsquo;est joint \u00e0 nous, il pourra peut-\u00eatre lire un des textes s&rsquo;il le souhaite ! \u00bb, pr\u00e9cisait avec enthousiaste Arnaud Schilling, responsable de la section adultes de la m\u00e9diath\u00e8que et de cette sympathique sortie.<\/span><\/span><\/span><\/p>\n<p><span style=\"color: #000000;\"><span style=\"font-family: 'Times New Roman', serif;\"><span style=\"font-size: medium;\">C&rsquo;est donc ce dernier ainsi que\u00a0 son coll\u00e8gue Ma\u00ebl Desdevant qui ont servi de guide \u00e0 une bonne vingtaine de promeneurs-lecteurs \u00e2g\u00e9es de 7 \u00e0 77 ans ou presque. Avec comme point d&rsquo;arriv\u00e9e et de d\u00e9part le Saut des Cuves, la balade passait par le pont des F\u00e9es ou encore les Iles Marie-Louise et comportait 6 points d&rsquo;arr\u00eat pour autant de lecture.\u00a0<\/span><\/span><\/span><\/p>\n<p><span style=\"color: #000000;\"><span style=\"font-family: 'Times New Roman', serif;\"><span style=\"font-size: medium;\">Quant aux \u00ab\u00a0L\u00e9gendes &amp; Fiauves\u00a0\u00bb ? Voici quelques titres \u00e9vocateurs :\u00a0\u00ab\u00a0La l\u00e9gende du pont des F\u00e9es\u00a0\u00bb, \u00ab\u00a0Le brochet de Charlemagne\u00a0\u00bb, \u00ab\u00a0Les Dames Vertes de Vologne\u00a0\u00bb ou encore \u00ab\u00a0Pourquoi les G\u00e9r\u00f4mois portent toujours la hotte dans le dos\u00a0?\u00a0\u00bb&#8230; Pour conclure et si cela vous inspire, sachez que vous pouvez d&rsquo;ailleurs retrouver l&rsquo;ouvrage en question et bien d&rsquo;autres sur les contes et l\u00e9gendes des Vosges \u00e0 la m\u00e9diath\u00e8que du Tilleul.<\/span><\/span><\/span><\/p>\n<p>&nbsp;<\/p>\n<p>&nbsp;<\/p>\n","protected":false},"excerpt":{"rendered":"<p>C&rsquo;\u00e9tait une premi\u00e8re et pour un coup d&rsquo;essai, ce fut sans doute un coup de ma\u00eetre. Samedi apr\u00e8s-midi, la m\u00e9diath\u00e8que [&hellip;]<\/p>\n","protected":false},"author":42,"featured_media":0,"comment_status":"open","ping_status":"open","sticky":false,"template":"","format":"standard","meta":{"footnotes":""},"categories":[4,64],"tags":[],"class_list":["post-12888","post","type-post","status-publish","format-standard","hentry","category-culture","category-litterature"],"acf":[],"yoast_head":"<!-- This site is optimized with the Yoast SEO plugin v22.5 - https:\/\/yoast.com\/wordpress\/plugins\/seo\/ -->\n<title>Promenons-nous dans les bois pendant que le Sotr\u00e9 n&#039;y est pas ! - Gerardmer Info<\/title>\n<meta name=\"robots\" content=\"index, follow, max-snippet:-1, max-image-preview:large, max-video-preview:-1\" \/>\n<link rel=\"canonical\" href=\"https:\/\/vosgesinfo.fr\/gerardmerinfo\/2015\/06\/promenons-nous-dans-les-bois-pendant-que-le-sotre-ny-est-pas\/\" \/>\n<meta name=\"twitter:card\" content=\"summary_large_image\" \/>\n<meta name=\"twitter:title\" content=\"Promenons-nous dans les bois pendant que le Sotr\u00e9 n&#039;y est pas ! - Gerardmer Info\" \/>\n<meta name=\"twitter:description\" content=\"C&rsquo;\u00e9tait une premi\u00e8re et pour un coup d&rsquo;essai, ce fut sans doute un coup de ma\u00eetre. Samedi apr\u00e8s-midi, la m\u00e9diath\u00e8que [&hellip;]\" \/>\n<meta name=\"twitter:creator\" content=\"@VosgesInfo88\" \/>\n<meta name=\"twitter:site\" content=\"@VosgesInfo88\" \/>\n<meta name=\"twitter:label1\" content=\"\u00c9crit par\" \/>\n\t<meta name=\"twitter:data1\" content=\"QG\" \/>\n\t<meta name=\"twitter:label2\" content=\"Dur\u00e9e de lecture estim\u00e9e\" \/>\n\t<meta name=\"twitter:data2\" content=\"2 minutes\" \/>\n<script type=\"application\/ld+json\" class=\"yoast-schema-graph\">{\"@context\":\"https:\/\/schema.org\",\"@graph\":[{\"@type\":\"Article\",\"@id\":\"https:\/\/vosgesinfo.fr\/gerardmerinfo\/2015\/06\/promenons-nous-dans-les-bois-pendant-que-le-sotre-ny-est-pas\/#article\",\"isPartOf\":{\"@id\":\"https:\/\/vosgesinfo.fr\/gerardmerinfo\/2015\/06\/promenons-nous-dans-les-bois-pendant-que-le-sotre-ny-est-pas\/\"},\"author\":{\"name\":\"QG\",\"@id\":\"https:\/\/vosgesinfo.fr\/gerardmerinfo\/#\/schema\/person\/db5605779a843dad16b5368f3e7613a5\"},\"headline\":\"Promenons-nous dans les bois pendant que le Sotr\u00e9 n&rsquo;y est pas !\",\"datePublished\":\"2015-06-08T15:15:47+00:00\",\"dateModified\":\"2015-06-08T15:15:47+00:00\",\"mainEntityOfPage\":{\"@id\":\"https:\/\/vosgesinfo.fr\/gerardmerinfo\/2015\/06\/promenons-nous-dans-les-bois-pendant-que-le-sotre-ny-est-pas\/\"},\"wordCount\":339,\"commentCount\":0,\"publisher\":{\"@id\":\"https:\/\/vosgesinfo.fr\/gerardmerinfo\/#organization\"},\"articleSection\":[\"Culture\",\"Litt\u00e9rature\"],\"inLanguage\":\"fr-FR\",\"potentialAction\":[{\"@type\":\"CommentAction\",\"name\":\"Comment\",\"target\":[\"https:\/\/vosgesinfo.fr\/gerardmerinfo\/2015\/06\/promenons-nous-dans-les-bois-pendant-que-le-sotre-ny-est-pas\/#respond\"]}]},{\"@type\":\"WebPage\",\"@id\":\"https:\/\/vosgesinfo.fr\/gerardmerinfo\/2015\/06\/promenons-nous-dans-les-bois-pendant-que-le-sotre-ny-est-pas\/\",\"url\":\"https:\/\/vosgesinfo.fr\/gerardmerinfo\/2015\/06\/promenons-nous-dans-les-bois-pendant-que-le-sotre-ny-est-pas\/\",\"name\":\"Promenons-nous dans les bois pendant que le Sotr\u00e9 n'y est pas ! - Gerardmer Info\",\"isPartOf\":{\"@id\":\"https:\/\/vosgesinfo.fr\/gerardmerinfo\/#website\"},\"datePublished\":\"2015-06-08T15:15:47+00:00\",\"dateModified\":\"2015-06-08T15:15:47+00:00\",\"breadcrumb\":{\"@id\":\"https:\/\/vosgesinfo.fr\/gerardmerinfo\/2015\/06\/promenons-nous-dans-les-bois-pendant-que-le-sotre-ny-est-pas\/#breadcrumb\"},\"inLanguage\":\"fr-FR\",\"potentialAction\":[{\"@type\":\"ReadAction\",\"target\":[\"https:\/\/vosgesinfo.fr\/gerardmerinfo\/2015\/06\/promenons-nous-dans-les-bois-pendant-que-le-sotre-ny-est-pas\/\"]}]},{\"@type\":\"BreadcrumbList\",\"@id\":\"https:\/\/vosgesinfo.fr\/gerardmerinfo\/2015\/06\/promenons-nous-dans-les-bois-pendant-que-le-sotre-ny-est-pas\/#breadcrumb\",\"itemListElement\":[{\"@type\":\"ListItem\",\"position\":1,\"name\":\"Home\",\"item\":\"https:\/\/vosgesinfo.fr\/gerardmerinfo\/\"},{\"@type\":\"ListItem\",\"position\":2,\"name\":\"Promenons-nous dans les bois pendant que le Sotr\u00e9 n&rsquo;y est pas !\"}]},{\"@type\":\"WebSite\",\"@id\":\"https:\/\/vosgesinfo.fr\/gerardmerinfo\/#website\",\"url\":\"https:\/\/vosgesinfo.fr\/gerardmerinfo\/\",\"name\":\"Gerardmer Info\",\"description\":\"Toute l&#039;actualit\u00e9 de G\u00e9rardmer\",\"publisher\":{\"@id\":\"https:\/\/vosgesinfo.fr\/gerardmerinfo\/#organization\"},\"alternateName\":\"Toute l'actualit\u00e9 de G\u00e9rardmer\",\"potentialAction\":[{\"@type\":\"SearchAction\",\"target\":{\"@type\":\"EntryPoint\",\"urlTemplate\":\"https:\/\/vosgesinfo.fr\/gerardmerinfo\/?s={search_term_string}\"},\"query-input\":\"required name=search_term_string\"}],\"inLanguage\":\"fr-FR\"},{\"@type\":\"Organization\",\"@id\":\"https:\/\/vosgesinfo.fr\/gerardmerinfo\/#organization\",\"name\":\"Gerardmer Info\",\"url\":\"https:\/\/vosgesinfo.fr\/gerardmerinfo\/\",\"logo\":{\"@type\":\"ImageObject\",\"inLanguage\":\"fr-FR\",\"@id\":\"https:\/\/vosgesinfo.fr\/gerardmerinfo\/#\/schema\/logo\/image\/\",\"url\":\"https:\/\/vosgesinfo.fr\/app\/uploads\/sites\/6\/2023\/08\/favicon-gerardmerinfo.png\",\"contentUrl\":\"https:\/\/vosgesinfo.fr\/app\/uploads\/sites\/6\/2023\/08\/favicon-gerardmerinfo.png\",\"width\":512,\"height\":512,\"caption\":\"Gerardmer Info\"},\"image\":{\"@id\":\"https:\/\/vosgesinfo.fr\/gerardmerinfo\/#\/schema\/logo\/image\/\"},\"sameAs\":[\"https:\/\/www.facebook.com\/profile.php?id=100049475262660\",\"https:\/\/x.com\/VosgesInfo88\",\"https:\/\/www.youtube.com\/@vosgesinfo\"]},{\"@type\":\"Person\",\"@id\":\"https:\/\/vosgesinfo.fr\/gerardmerinfo\/#\/schema\/person\/db5605779a843dad16b5368f3e7613a5\",\"name\":\"QG\",\"image\":{\"@type\":\"ImageObject\",\"inLanguage\":\"fr-FR\",\"@id\":\"https:\/\/vosgesinfo.fr\/gerardmerinfo\/#\/schema\/person\/image\/\",\"url\":\"https:\/\/secure.gravatar.com\/avatar\/ea80c42c204b534408512832fde52504ecabb9706bcb6151cf6175e5b64e6793?s=96&d=mm&r=g\",\"contentUrl\":\"https:\/\/secure.gravatar.com\/avatar\/ea80c42c204b534408512832fde52504ecabb9706bcb6151cf6175e5b64e6793?s=96&d=mm&r=g\",\"caption\":\"QG\"},\"url\":\"https:\/\/vosgesinfo.fr\/gerardmerinfo\/author\/quentin88\/\"}]}<\/script>\n<!-- \/ Yoast SEO plugin. -->","yoast_head_json":{"title":"Promenons-nous dans les bois pendant que le Sotr\u00e9 n'y est pas ! - Gerardmer Info","robots":{"index":"index","follow":"follow","max-snippet":"max-snippet:-1","max-image-preview":"max-image-preview:large","max-video-preview":"max-video-preview:-1"},"canonical":"https:\/\/vosgesinfo.fr\/gerardmerinfo\/2015\/06\/promenons-nous-dans-les-bois-pendant-que-le-sotre-ny-est-pas\/","twitter_card":"summary_large_image","twitter_title":"Promenons-nous dans les bois pendant que le Sotr\u00e9 n'y est pas ! - Gerardmer Info","twitter_description":"C&rsquo;\u00e9tait une premi\u00e8re et pour un coup d&rsquo;essai, ce fut sans doute un coup de ma\u00eetre. Samedi apr\u00e8s-midi, la m\u00e9diath\u00e8que [&hellip;]","twitter_creator":"@VosgesInfo88","twitter_site":"@VosgesInfo88","twitter_misc":{"\u00c9crit par":"QG","Dur\u00e9e de lecture estim\u00e9e":"2 minutes"},"schema":{"@context":"https:\/\/schema.org","@graph":[{"@type":"Article","@id":"https:\/\/vosgesinfo.fr\/gerardmerinfo\/2015\/06\/promenons-nous-dans-les-bois-pendant-que-le-sotre-ny-est-pas\/#article","isPartOf":{"@id":"https:\/\/vosgesinfo.fr\/gerardmerinfo\/2015\/06\/promenons-nous-dans-les-bois-pendant-que-le-sotre-ny-est-pas\/"},"author":{"name":"QG","@id":"https:\/\/vosgesinfo.fr\/gerardmerinfo\/#\/schema\/person\/db5605779a843dad16b5368f3e7613a5"},"headline":"Promenons-nous dans les bois pendant que le Sotr\u00e9 n&rsquo;y est pas !","datePublished":"2015-06-08T15:15:47+00:00","dateModified":"2015-06-08T15:15:47+00:00","mainEntityOfPage":{"@id":"https:\/\/vosgesinfo.fr\/gerardmerinfo\/2015\/06\/promenons-nous-dans-les-bois-pendant-que-le-sotre-ny-est-pas\/"},"wordCount":339,"commentCount":0,"publisher":{"@id":"https:\/\/vosgesinfo.fr\/gerardmerinfo\/#organization"},"articleSection":["Culture","Litt\u00e9rature"],"inLanguage":"fr-FR","potentialAction":[{"@type":"CommentAction","name":"Comment","target":["https:\/\/vosgesinfo.fr\/gerardmerinfo\/2015\/06\/promenons-nous-dans-les-bois-pendant-que-le-sotre-ny-est-pas\/#respond"]}]},{"@type":"WebPage","@id":"https:\/\/vosgesinfo.fr\/gerardmerinfo\/2015\/06\/promenons-nous-dans-les-bois-pendant-que-le-sotre-ny-est-pas\/","url":"https:\/\/vosgesinfo.fr\/gerardmerinfo\/2015\/06\/promenons-nous-dans-les-bois-pendant-que-le-sotre-ny-est-pas\/","name":"Promenons-nous dans les bois pendant que le Sotr\u00e9 n'y est pas ! - Gerardmer Info","isPartOf":{"@id":"https:\/\/vosgesinfo.fr\/gerardmerinfo\/#website"},"datePublished":"2015-06-08T15:15:47+00:00","dateModified":"2015-06-08T15:15:47+00:00","breadcrumb":{"@id":"https:\/\/vosgesinfo.fr\/gerardmerinfo\/2015\/06\/promenons-nous-dans-les-bois-pendant-que-le-sotre-ny-est-pas\/#breadcrumb"},"inLanguage":"fr-FR","potentialAction":[{"@type":"ReadAction","target":["https:\/\/vosgesinfo.fr\/gerardmerinfo\/2015\/06\/promenons-nous-dans-les-bois-pendant-que-le-sotre-ny-est-pas\/"]}]},{"@type":"BreadcrumbList","@id":"https:\/\/vosgesinfo.fr\/gerardmerinfo\/2015\/06\/promenons-nous-dans-les-bois-pendant-que-le-sotre-ny-est-pas\/#breadcrumb","itemListElement":[{"@type":"ListItem","position":1,"name":"Home","item":"https:\/\/vosgesinfo.fr\/gerardmerinfo\/"},{"@type":"ListItem","position":2,"name":"Promenons-nous dans les bois pendant que le Sotr\u00e9 n&rsquo;y est pas !"}]},{"@type":"WebSite","@id":"https:\/\/vosgesinfo.fr\/gerardmerinfo\/#website","url":"https:\/\/vosgesinfo.fr\/gerardmerinfo\/","name":"Gerardmer Info","description":"Toute l&#039;actualit\u00e9 de G\u00e9rardmer","publisher":{"@id":"https:\/\/vosgesinfo.fr\/gerardmerinfo\/#organization"},"alternateName":"Toute l'actualit\u00e9 de G\u00e9rardmer","potentialAction":[{"@type":"SearchAction","target":{"@type":"EntryPoint","urlTemplate":"https:\/\/vosgesinfo.fr\/gerardmerinfo\/?s={search_term_string}"},"query-input":"required name=search_term_string"}],"inLanguage":"fr-FR"},{"@type":"Organization","@id":"https:\/\/vosgesinfo.fr\/gerardmerinfo\/#organization","name":"Gerardmer Info","url":"https:\/\/vosgesinfo.fr\/gerardmerinfo\/","logo":{"@type":"ImageObject","inLanguage":"fr-FR","@id":"https:\/\/vosgesinfo.fr\/gerardmerinfo\/#\/schema\/logo\/image\/","url":"https:\/\/vosgesinfo.fr\/app\/uploads\/sites\/6\/2023\/08\/favicon-gerardmerinfo.png","contentUrl":"https:\/\/vosgesinfo.fr\/app\/uploads\/sites\/6\/2023\/08\/favicon-gerardmerinfo.png","width":512,"height":512,"caption":"Gerardmer Info"},"image":{"@id":"https:\/\/vosgesinfo.fr\/gerardmerinfo\/#\/schema\/logo\/image\/"},"sameAs":["https:\/\/www.facebook.com\/profile.php?id=100049475262660","https:\/\/x.com\/VosgesInfo88","https:\/\/www.youtube.com\/@vosgesinfo"]},{"@type":"Person","@id":"https:\/\/vosgesinfo.fr\/gerardmerinfo\/#\/schema\/person\/db5605779a843dad16b5368f3e7613a5","name":"QG","image":{"@type":"ImageObject","inLanguage":"fr-FR","@id":"https:\/\/vosgesinfo.fr\/gerardmerinfo\/#\/schema\/person\/image\/","url":"https:\/\/secure.gravatar.com\/avatar\/ea80c42c204b534408512832fde52504ecabb9706bcb6151cf6175e5b64e6793?s=96&d=mm&r=g","contentUrl":"https:\/\/secure.gravatar.com\/avatar\/ea80c42c204b534408512832fde52504ecabb9706bcb6151cf6175e5b64e6793?s=96&d=mm&r=g","caption":"QG"},"url":"https:\/\/vosgesinfo.fr\/gerardmerinfo\/author\/quentin88\/"}]}},"_links":{"self":[{"href":"https:\/\/vosgesinfo.fr\/gerardmerinfo\/wp-json\/wp\/v2\/posts\/12888","targetHints":{"allow":["GET"]}}],"collection":[{"href":"https:\/\/vosgesinfo.fr\/gerardmerinfo\/wp-json\/wp\/v2\/posts"}],"about":[{"href":"https:\/\/vosgesinfo.fr\/gerardmerinfo\/wp-json\/wp\/v2\/types\/post"}],"author":[{"embeddable":true,"href":"https:\/\/vosgesinfo.fr\/gerardmerinfo\/wp-json\/wp\/v2\/users\/42"}],"replies":[{"embeddable":true,"href":"https:\/\/vosgesinfo.fr\/gerardmerinfo\/wp-json\/wp\/v2\/comments?post=12888"}],"version-history":[{"count":0,"href":"https:\/\/vosgesinfo.fr\/gerardmerinfo\/wp-json\/wp\/v2\/posts\/12888\/revisions"}],"wp:attachment":[{"href":"https:\/\/vosgesinfo.fr\/gerardmerinfo\/wp-json\/wp\/v2\/media?parent=12888"}],"wp:term":[{"taxonomy":"category","embeddable":true,"href":"https:\/\/vosgesinfo.fr\/gerardmerinfo\/wp-json\/wp\/v2\/categories?post=12888"},{"taxonomy":"post_tag","embeddable":true,"href":"https:\/\/vosgesinfo.fr\/gerardmerinfo\/wp-json\/wp\/v2\/tags?post=12888"}],"curies":[{"name":"wp","href":"https:\/\/api.w.org\/{rel}","templated":true}]}}