{"id":12890,"date":"2015-06-08T17:15:39","date_gmt":"2015-06-08T15:15:39","guid":{"rendered":"https:\/\/vosgesinfo.fr\/gerardmerinfo\/2015\/06\/a-lheure-de-la-fnath\/"},"modified":"2015-06-08T17:15:39","modified_gmt":"2015-06-08T15:15:39","slug":"a-lheure-de-la-fnath","status":"publish","type":"post","link":"https:\/\/vosgesinfo.fr\/gerardmerinfo\/2015\/06\/a-lheure-de-la-fnath\/","title":{"rendered":"A l&rsquo;heure de la FNATH"},"content":{"rendered":"<p>&nbsp;<\/p>\n<p><span style=\"color: #000000;\"><span style=\"font-family: 'Times New Roman', serif;\"><span style=\"font-size: medium;\"><b>Les assises annuelles de la F\u00e9d\u00e9ration Nationale des Accident\u00e9s du Travail et Handicap\u00e9s (FNATH) section de G\u00e9rardmer, Xonrupt et Gerb\u00e9pal se sont d\u00e9roul\u00e9es samedi dernier \u00e0 la salle des Armes de l&rsquo;H\u00f4tel de Ville. <\/b><\/span><\/span><\/span><\/p>\n Le pr\u00e9sident Olivier Simon (au centre) a ouvert la s\u00e9ance avec les traditionnels remerciements, notamment \u00e0 la Ville de G\u00e9rardmer\n<p><span style=\"color: #000000;\"><span style=\"font-family: 'Times New Roman', serif;\"><span style=\"font-size: medium;\">Une r\u00e9union qui s&rsquo;est tenue en pr\u00e9sence des \u00e9lus de la Perle des Vosges Jean-Luc Perrot et Nadine Bassi\u00e8re. Toujours pr\u00e9sid\u00e9e par l&#8217;embl\u00e9matique Olivier Simon, la section peut compter sur son secr\u00e9taire et tr\u00e9sorier Lo\u00efc G\u00e9gout et sur des effectifs stables, soit 35 membres r\u00e9partis comme suit\u00a0: 25 en provenance de G\u00e9rardmer, 8 de Xonrupt et 2 de Gerb\u00e9pal.<\/span><\/span><\/span><\/p>\n<p><span style=\"color: #000000;\"><span style=\"font-family: 'Times New Roman', serif;\"><span style=\"font-size: medium;\">Apr\u00e8s les remerciements d&rsquo;usage, la s\u00e9ance a d\u00e9but\u00e9 par un bref rapport d&rsquo;activit\u00e9s de l&rsquo;association effectu\u00e9 par Olivier Simon qui a lanc\u00e9 un appel aux membres de la FNATH afin que ces derniers fassent part de leurs suggestions et id\u00e9es concernant les traditionnels sorties et repas offerts chaque ann\u00e9e. Le pr\u00e9sident a \u00e9galement signal\u00e9 que c&rsquo;est le G\u00e9r\u00f4mois Joao Cardoso qui a gagn\u00e9 un appareil \u00e9lectrom\u00e9nager \u00e0 la souscription volontaire de solidarit\u00e9 de l&rsquo;association.<\/span><\/span><\/span><\/p>\n<p><span style=\"color: #000000;\"><span style=\"font-family: 'Times New Roman', serif;\"><span style=\"font-size: medium;\">Olivier Simon a ensuite c\u00e9d\u00e9 la parole \u00e0 son tr\u00e9sorier. Ce dernier a ensuite dress\u00e9 le bilan financier de l&rsquo;exercice 2014. Un bilan quasi \u00e9quilibr\u00e9 et donc pas d&rsquo;inqui\u00e9tude de ce c\u00f4t\u00e9 pour la section locale. Sur le plan national, c&rsquo;est le pr\u00e9sident d\u00e9partemental Ren\u00e9 L&rsquo;Homme et la secr\u00e9taire Evelyne Jean qui se sont exprim\u00e9s, livrant quelques chiffres cl\u00e9s. la FNATH compte environ 90 000 adh\u00e9rents dont 900 dans les Vosges. 60 nouvelles adh\u00e9sions ont \u00e9t\u00e9 enregistr\u00e9es et le d\u00e9partement des Vosges est un des premiers au niveau national sur le plan de son fonctionnement et au niveau financier.<\/span><\/span><\/span><\/p>\n<p><span style=\"color: #000000;\"><span style=\"font-family: 'Times New Roman', serif;\"><span style=\"font-size: medium;\">Par ailleurs, 9 636 accidents du travail ont \u00e9t\u00e9 d\u00e9clar\u00e9s (dont 90% ont \u00e9t\u00e9 reconnus) et 889 maladies professionnelles ont \u00e9t\u00e9 signal\u00e9es (dont 70% reconnues). Les droits des adh\u00e9rents de la FNATH ont \u00e9galement \u00e9t\u00e9 \u00e9voqu\u00e9s, notamment en mati\u00e8re de r\u00e9version et d&rsquo;accessibilit\u00e9. L&rsquo;accessibilit\u00e9, un th\u00e8me plus que jamais d&rsquo;actualit\u00e9 dans l&rsquo;Hexagone. Enfin, il est \u00e0 noter que le comit\u00e9 d\u00e9partemental de la FNATH met progressivement en place une campagne de publicit\u00e9 qui se mat\u00e9rialisera par la pose d&rsquo;une affiche dans les mairies avec pour objectif \u00ab\u00a0d&rsquo;\u00e9tablir des contacts au niveau local\u00a0\u00bb.<\/span><\/span><\/span><\/p>\n","protected":false},"excerpt":{"rendered":"<p>&nbsp; Les assises annuelles de la F\u00e9d\u00e9ration Nationale des Accident\u00e9s du Travail et Handicap\u00e9s (FNATH) section de G\u00e9rardmer, Xonrupt et [&hellip;]<\/p>\n","protected":false},"author":42,"featured_media":0,"comment_status":"open","ping_status":"open","sticky":false,"template":"","format":"standard","meta":{"footnotes":""},"categories":[17],"tags":[],"class_list":["post-12890","post","type-post","status-publish","format-standard","hentry","category-vie-associative"],"acf":[],"yoast_head":"<!-- This site is optimized with the Yoast SEO plugin v22.5 - https:\/\/yoast.com\/wordpress\/plugins\/seo\/ -->\n<title>A l&#039;heure de la FNATH - Gerardmer Info<\/title>\n<meta name=\"robots\" content=\"index, follow, max-snippet:-1, max-image-preview:large, max-video-preview:-1\" \/>\n<link rel=\"canonical\" href=\"https:\/\/vosgesinfo.fr\/gerardmerinfo\/2015\/06\/a-lheure-de-la-fnath\/\" \/>\n<meta name=\"twitter:card\" content=\"summary_large_image\" \/>\n<meta name=\"twitter:title\" content=\"A l&#039;heure de la FNATH - Gerardmer Info\" \/>\n<meta name=\"twitter:description\" content=\"&nbsp; Les assises annuelles de la F\u00e9d\u00e9ration Nationale des Accident\u00e9s du Travail et Handicap\u00e9s (FNATH) section de G\u00e9rardmer, Xonrupt et [&hellip;]\" \/>\n<meta name=\"twitter:creator\" content=\"@VosgesInfo88\" \/>\n<meta name=\"twitter:site\" content=\"@VosgesInfo88\" \/>\n<meta name=\"twitter:label1\" content=\"\u00c9crit par\" \/>\n\t<meta name=\"twitter:data1\" content=\"QG\" \/>\n\t<meta name=\"twitter:label2\" content=\"Dur\u00e9e de lecture estim\u00e9e\" \/>\n\t<meta name=\"twitter:data2\" content=\"2 minutes\" \/>\n<script type=\"application\/ld+json\" class=\"yoast-schema-graph\">{\"@context\":\"https:\/\/schema.org\",\"@graph\":[{\"@type\":\"Article\",\"@id\":\"https:\/\/vosgesinfo.fr\/gerardmerinfo\/2015\/06\/a-lheure-de-la-fnath\/#article\",\"isPartOf\":{\"@id\":\"https:\/\/vosgesinfo.fr\/gerardmerinfo\/2015\/06\/a-lheure-de-la-fnath\/\"},\"author\":{\"name\":\"QG\",\"@id\":\"https:\/\/vosgesinfo.fr\/gerardmerinfo\/#\/schema\/person\/db5605779a843dad16b5368f3e7613a5\"},\"headline\":\"A l&rsquo;heure de la FNATH\",\"datePublished\":\"2015-06-08T15:15:39+00:00\",\"dateModified\":\"2015-06-08T15:15:39+00:00\",\"mainEntityOfPage\":{\"@id\":\"https:\/\/vosgesinfo.fr\/gerardmerinfo\/2015\/06\/a-lheure-de-la-fnath\/\"},\"wordCount\":449,\"commentCount\":0,\"publisher\":{\"@id\":\"https:\/\/vosgesinfo.fr\/gerardmerinfo\/#organization\"},\"articleSection\":[\"Vie Associative\"],\"inLanguage\":\"fr-FR\",\"potentialAction\":[{\"@type\":\"CommentAction\",\"name\":\"Comment\",\"target\":[\"https:\/\/vosgesinfo.fr\/gerardmerinfo\/2015\/06\/a-lheure-de-la-fnath\/#respond\"]}]},{\"@type\":\"WebPage\",\"@id\":\"https:\/\/vosgesinfo.fr\/gerardmerinfo\/2015\/06\/a-lheure-de-la-fnath\/\",\"url\":\"https:\/\/vosgesinfo.fr\/gerardmerinfo\/2015\/06\/a-lheure-de-la-fnath\/\",\"name\":\"A l'heure de la FNATH - Gerardmer Info\",\"isPartOf\":{\"@id\":\"https:\/\/vosgesinfo.fr\/gerardmerinfo\/#website\"},\"datePublished\":\"2015-06-08T15:15:39+00:00\",\"dateModified\":\"2015-06-08T15:15:39+00:00\",\"breadcrumb\":{\"@id\":\"https:\/\/vosgesinfo.fr\/gerardmerinfo\/2015\/06\/a-lheure-de-la-fnath\/#breadcrumb\"},\"inLanguage\":\"fr-FR\",\"potentialAction\":[{\"@type\":\"ReadAction\",\"target\":[\"https:\/\/vosgesinfo.fr\/gerardmerinfo\/2015\/06\/a-lheure-de-la-fnath\/\"]}]},{\"@type\":\"BreadcrumbList\",\"@id\":\"https:\/\/vosgesinfo.fr\/gerardmerinfo\/2015\/06\/a-lheure-de-la-fnath\/#breadcrumb\",\"itemListElement\":[{\"@type\":\"ListItem\",\"position\":1,\"name\":\"Home\",\"item\":\"https:\/\/vosgesinfo.fr\/gerardmerinfo\/\"},{\"@type\":\"ListItem\",\"position\":2,\"name\":\"A l&rsquo;heure de la FNATH\"}]},{\"@type\":\"WebSite\",\"@id\":\"https:\/\/vosgesinfo.fr\/gerardmerinfo\/#website\",\"url\":\"https:\/\/vosgesinfo.fr\/gerardmerinfo\/\",\"name\":\"Gerardmer Info\",\"description\":\"Toute l&#039;actualit\u00e9 de G\u00e9rardmer\",\"publisher\":{\"@id\":\"https:\/\/vosgesinfo.fr\/gerardmerinfo\/#organization\"},\"alternateName\":\"Toute l'actualit\u00e9 de G\u00e9rardmer\",\"potentialAction\":[{\"@type\":\"SearchAction\",\"target\":{\"@type\":\"EntryPoint\",\"urlTemplate\":\"https:\/\/vosgesinfo.fr\/gerardmerinfo\/?s={search_term_string}\"},\"query-input\":\"required name=search_term_string\"}],\"inLanguage\":\"fr-FR\"},{\"@type\":\"Organization\",\"@id\":\"https:\/\/vosgesinfo.fr\/gerardmerinfo\/#organization\",\"name\":\"Gerardmer Info\",\"url\":\"https:\/\/vosgesinfo.fr\/gerardmerinfo\/\",\"logo\":{\"@type\":\"ImageObject\",\"inLanguage\":\"fr-FR\",\"@id\":\"https:\/\/vosgesinfo.fr\/gerardmerinfo\/#\/schema\/logo\/image\/\",\"url\":\"https:\/\/vosgesinfo.fr\/app\/uploads\/sites\/6\/2023\/08\/favicon-gerardmerinfo.png\",\"contentUrl\":\"https:\/\/vosgesinfo.fr\/app\/uploads\/sites\/6\/2023\/08\/favicon-gerardmerinfo.png\",\"width\":512,\"height\":512,\"caption\":\"Gerardmer Info\"},\"image\":{\"@id\":\"https:\/\/vosgesinfo.fr\/gerardmerinfo\/#\/schema\/logo\/image\/\"},\"sameAs\":[\"https:\/\/www.facebook.com\/profile.php?id=100049475262660\",\"https:\/\/x.com\/VosgesInfo88\",\"https:\/\/www.youtube.com\/@vosgesinfo\"]},{\"@type\":\"Person\",\"@id\":\"https:\/\/vosgesinfo.fr\/gerardmerinfo\/#\/schema\/person\/db5605779a843dad16b5368f3e7613a5\",\"name\":\"QG\",\"image\":{\"@type\":\"ImageObject\",\"inLanguage\":\"fr-FR\",\"@id\":\"https:\/\/vosgesinfo.fr\/gerardmerinfo\/#\/schema\/person\/image\/\",\"url\":\"https:\/\/secure.gravatar.com\/avatar\/ea80c42c204b534408512832fde52504ecabb9706bcb6151cf6175e5b64e6793?s=96&d=mm&r=g\",\"contentUrl\":\"https:\/\/secure.gravatar.com\/avatar\/ea80c42c204b534408512832fde52504ecabb9706bcb6151cf6175e5b64e6793?s=96&d=mm&r=g\",\"caption\":\"QG\"},\"url\":\"https:\/\/vosgesinfo.fr\/gerardmerinfo\/author\/quentin88\/\"}]}<\/script>\n<!-- \/ Yoast SEO plugin. -->","yoast_head_json":{"title":"A l'heure de la FNATH - Gerardmer Info","robots":{"index":"index","follow":"follow","max-snippet":"max-snippet:-1","max-image-preview":"max-image-preview:large","max-video-preview":"max-video-preview:-1"},"canonical":"https:\/\/vosgesinfo.fr\/gerardmerinfo\/2015\/06\/a-lheure-de-la-fnath\/","twitter_card":"summary_large_image","twitter_title":"A l'heure de la FNATH - Gerardmer Info","twitter_description":"&nbsp; Les assises annuelles de la F\u00e9d\u00e9ration Nationale des Accident\u00e9s du Travail et Handicap\u00e9s (FNATH) section de G\u00e9rardmer, Xonrupt et [&hellip;]","twitter_creator":"@VosgesInfo88","twitter_site":"@VosgesInfo88","twitter_misc":{"\u00c9crit par":"QG","Dur\u00e9e de lecture estim\u00e9e":"2 minutes"},"schema":{"@context":"https:\/\/schema.org","@graph":[{"@type":"Article","@id":"https:\/\/vosgesinfo.fr\/gerardmerinfo\/2015\/06\/a-lheure-de-la-fnath\/#article","isPartOf":{"@id":"https:\/\/vosgesinfo.fr\/gerardmerinfo\/2015\/06\/a-lheure-de-la-fnath\/"},"author":{"name":"QG","@id":"https:\/\/vosgesinfo.fr\/gerardmerinfo\/#\/schema\/person\/db5605779a843dad16b5368f3e7613a5"},"headline":"A l&rsquo;heure de la FNATH","datePublished":"2015-06-08T15:15:39+00:00","dateModified":"2015-06-08T15:15:39+00:00","mainEntityOfPage":{"@id":"https:\/\/vosgesinfo.fr\/gerardmerinfo\/2015\/06\/a-lheure-de-la-fnath\/"},"wordCount":449,"commentCount":0,"publisher":{"@id":"https:\/\/vosgesinfo.fr\/gerardmerinfo\/#organization"},"articleSection":["Vie Associative"],"inLanguage":"fr-FR","potentialAction":[{"@type":"CommentAction","name":"Comment","target":["https:\/\/vosgesinfo.fr\/gerardmerinfo\/2015\/06\/a-lheure-de-la-fnath\/#respond"]}]},{"@type":"WebPage","@id":"https:\/\/vosgesinfo.fr\/gerardmerinfo\/2015\/06\/a-lheure-de-la-fnath\/","url":"https:\/\/vosgesinfo.fr\/gerardmerinfo\/2015\/06\/a-lheure-de-la-fnath\/","name":"A l'heure de la FNATH - Gerardmer Info","isPartOf":{"@id":"https:\/\/vosgesinfo.fr\/gerardmerinfo\/#website"},"datePublished":"2015-06-08T15:15:39+00:00","dateModified":"2015-06-08T15:15:39+00:00","breadcrumb":{"@id":"https:\/\/vosgesinfo.fr\/gerardmerinfo\/2015\/06\/a-lheure-de-la-fnath\/#breadcrumb"},"inLanguage":"fr-FR","potentialAction":[{"@type":"ReadAction","target":["https:\/\/vosgesinfo.fr\/gerardmerinfo\/2015\/06\/a-lheure-de-la-fnath\/"]}]},{"@type":"BreadcrumbList","@id":"https:\/\/vosgesinfo.fr\/gerardmerinfo\/2015\/06\/a-lheure-de-la-fnath\/#breadcrumb","itemListElement":[{"@type":"ListItem","position":1,"name":"Home","item":"https:\/\/vosgesinfo.fr\/gerardmerinfo\/"},{"@type":"ListItem","position":2,"name":"A l&rsquo;heure de la FNATH"}]},{"@type":"WebSite","@id":"https:\/\/vosgesinfo.fr\/gerardmerinfo\/#website","url":"https:\/\/vosgesinfo.fr\/gerardmerinfo\/","name":"Gerardmer Info","description":"Toute l&#039;actualit\u00e9 de G\u00e9rardmer","publisher":{"@id":"https:\/\/vosgesinfo.fr\/gerardmerinfo\/#organization"},"alternateName":"Toute l'actualit\u00e9 de G\u00e9rardmer","potentialAction":[{"@type":"SearchAction","target":{"@type":"EntryPoint","urlTemplate":"https:\/\/vosgesinfo.fr\/gerardmerinfo\/?s={search_term_string}"},"query-input":"required name=search_term_string"}],"inLanguage":"fr-FR"},{"@type":"Organization","@id":"https:\/\/vosgesinfo.fr\/gerardmerinfo\/#organization","name":"Gerardmer Info","url":"https:\/\/vosgesinfo.fr\/gerardmerinfo\/","logo":{"@type":"ImageObject","inLanguage":"fr-FR","@id":"https:\/\/vosgesinfo.fr\/gerardmerinfo\/#\/schema\/logo\/image\/","url":"https:\/\/vosgesinfo.fr\/app\/uploads\/sites\/6\/2023\/08\/favicon-gerardmerinfo.png","contentUrl":"https:\/\/vosgesinfo.fr\/app\/uploads\/sites\/6\/2023\/08\/favicon-gerardmerinfo.png","width":512,"height":512,"caption":"Gerardmer Info"},"image":{"@id":"https:\/\/vosgesinfo.fr\/gerardmerinfo\/#\/schema\/logo\/image\/"},"sameAs":["https:\/\/www.facebook.com\/profile.php?id=100049475262660","https:\/\/x.com\/VosgesInfo88","https:\/\/www.youtube.com\/@vosgesinfo"]},{"@type":"Person","@id":"https:\/\/vosgesinfo.fr\/gerardmerinfo\/#\/schema\/person\/db5605779a843dad16b5368f3e7613a5","name":"QG","image":{"@type":"ImageObject","inLanguage":"fr-FR","@id":"https:\/\/vosgesinfo.fr\/gerardmerinfo\/#\/schema\/person\/image\/","url":"https:\/\/secure.gravatar.com\/avatar\/ea80c42c204b534408512832fde52504ecabb9706bcb6151cf6175e5b64e6793?s=96&d=mm&r=g","contentUrl":"https:\/\/secure.gravatar.com\/avatar\/ea80c42c204b534408512832fde52504ecabb9706bcb6151cf6175e5b64e6793?s=96&d=mm&r=g","caption":"QG"},"url":"https:\/\/vosgesinfo.fr\/gerardmerinfo\/author\/quentin88\/"}]}},"_links":{"self":[{"href":"https:\/\/vosgesinfo.fr\/gerardmerinfo\/wp-json\/wp\/v2\/posts\/12890","targetHints":{"allow":["GET"]}}],"collection":[{"href":"https:\/\/vosgesinfo.fr\/gerardmerinfo\/wp-json\/wp\/v2\/posts"}],"about":[{"href":"https:\/\/vosgesinfo.fr\/gerardmerinfo\/wp-json\/wp\/v2\/types\/post"}],"author":[{"embeddable":true,"href":"https:\/\/vosgesinfo.fr\/gerardmerinfo\/wp-json\/wp\/v2\/users\/42"}],"replies":[{"embeddable":true,"href":"https:\/\/vosgesinfo.fr\/gerardmerinfo\/wp-json\/wp\/v2\/comments?post=12890"}],"version-history":[{"count":0,"href":"https:\/\/vosgesinfo.fr\/gerardmerinfo\/wp-json\/wp\/v2\/posts\/12890\/revisions"}],"wp:attachment":[{"href":"https:\/\/vosgesinfo.fr\/gerardmerinfo\/wp-json\/wp\/v2\/media?parent=12890"}],"wp:term":[{"taxonomy":"category","embeddable":true,"href":"https:\/\/vosgesinfo.fr\/gerardmerinfo\/wp-json\/wp\/v2\/categories?post=12890"},{"taxonomy":"post_tag","embeddable":true,"href":"https:\/\/vosgesinfo.fr\/gerardmerinfo\/wp-json\/wp\/v2\/tags?post=12890"}],"curies":[{"name":"wp","href":"https:\/\/api.w.org\/{rel}","templated":true}]}}