{"id":12999,"date":"2015-06-24T16:42:09","date_gmt":"2015-06-24T14:42:09","guid":{"rendered":"https:\/\/vosgesinfo.fr\/gerardmerinfo\/2015\/06\/ceintures-noires-2eme-dan-et-1ere-dan-pour-adrien-et-guillaume\/"},"modified":"2015-06-24T16:42:09","modified_gmt":"2015-06-24T14:42:09","slug":"ceintures-noires-2eme-dan-et-1ere-dan-pour-adrien-et-guillaume","status":"publish","type":"post","link":"https:\/\/vosgesinfo.fr\/gerardmerinfo\/2015\/06\/ceintures-noires-2eme-dan-et-1ere-dan-pour-adrien-et-guillaume\/","title":{"rendered":"Ceintures Noires 2\u00e8me dan et 1\u00e8re dan pour Adrien et Guillaume"},"content":{"rendered":"<p><strong>Dimanche s\u2019est d\u00e9roul\u00e9 \u00e0 Mulhouse un passage de grades kata et efficacit\u00e9 combat. Trois judokas G\u00e9r\u00f4mois s\u2019\u00e9taient d\u00e9plac\u00e9s \u00e0 cet \u00e9v\u00e9nement et deux d\u2019entre eux ont obtenu la ceinture noire.<\/strong><\/p>\n<p>Licenci\u00e9 au judo club de G\u00e9rardmer depuis maintenant 2008 et ceinture noire 1\u00e8re dan en mai 2010, Adrien Viry a pass\u00e9 les katas avec Guillaume Tisserant et a obtenu la ceinture noire 2\u00e8me dan dimanche 7 juin 2015.<\/p>\n<p>Guillaume Gaucher, n\u00e9 le 1er septembre 1979, est arriv\u00e9 \u00e0 G\u00e9rardmer il y a trois ans et a su concilier son m\u00e9tier de cuisinier et le plaisir de pratiquer le judo. Apr\u00e8s avoir obtenu le pr\u00e9-requis d\u2019arbitrage et les katas \u00e0 Epinal, il ne lui manquait plus que 10 points. Pr\u00e9cieux points qu\u2019il a obtenu en efficacit\u00e9 combat le week-end dernier, acqu\u00e9rant ainsi la ceinture noire 1\u00e8re dan.<\/p>\n<p>C\u2019est avec joie et une certaine fiert\u00e9 que les \u00e9ducateurs sportifs Mika\u00ebl Bussi\u00e8re et Stany Simon leur ont ainsi remis mardi 16 juin 2015 leurs ceintures respectives.<\/p>\n<p>Ces belles performances doivent encourager toutes celles et tous ceux qui veulent suivre ce m\u00eame chemin, celui d\u2019obtenir la ceinture noire.<\/p>\n<p>Un grand bravo \u00e0 tous.<\/p>\n","protected":false},"excerpt":{"rendered":"<p>Dimanche s\u2019est d\u00e9roul\u00e9 \u00e0 Mulhouse un passage de grades kata et efficacit\u00e9 combat. Trois judokas G\u00e9r\u00f4mois s\u2019\u00e9taient d\u00e9plac\u00e9s \u00e0 cet [&hellip;]<\/p>\n","protected":false},"author":42,"featured_media":0,"comment_status":"open","ping_status":"open","sticky":false,"template":"","format":"standard","meta":{"footnotes":""},"categories":[14],"tags":[],"class_list":["post-12999","post","type-post","status-publish","format-standard","hentry","category-sport"],"acf":[],"yoast_head":"<!-- This site is optimized with the Yoast SEO plugin v22.5 - https:\/\/yoast.com\/wordpress\/plugins\/seo\/ -->\n<title>Ceintures Noires 2\u00e8me dan et 1\u00e8re dan pour Adrien et Guillaume - Gerardmer Info<\/title>\n<meta name=\"robots\" content=\"index, follow, max-snippet:-1, max-image-preview:large, max-video-preview:-1\" \/>\n<link rel=\"canonical\" href=\"https:\/\/vosgesinfo.fr\/gerardmerinfo\/2015\/06\/ceintures-noires-2eme-dan-et-1ere-dan-pour-adrien-et-guillaume\/\" \/>\n<meta name=\"twitter:card\" content=\"summary_large_image\" \/>\n<meta name=\"twitter:title\" content=\"Ceintures Noires 2\u00e8me dan et 1\u00e8re dan pour Adrien et Guillaume - Gerardmer Info\" \/>\n<meta name=\"twitter:description\" content=\"Dimanche s\u2019est d\u00e9roul\u00e9 \u00e0 Mulhouse un passage de grades kata et efficacit\u00e9 combat. Trois judokas G\u00e9r\u00f4mois s\u2019\u00e9taient d\u00e9plac\u00e9s \u00e0 cet [&hellip;]\" \/>\n<meta name=\"twitter:creator\" content=\"@VosgesInfo88\" \/>\n<meta name=\"twitter:site\" content=\"@VosgesInfo88\" \/>\n<meta name=\"twitter:label1\" content=\"\u00c9crit par\" \/>\n\t<meta name=\"twitter:data1\" content=\"QG\" \/>\n\t<meta name=\"twitter:label2\" content=\"Dur\u00e9e de lecture estim\u00e9e\" \/>\n\t<meta name=\"twitter:data2\" content=\"1 minute\" \/>\n<script type=\"application\/ld+json\" class=\"yoast-schema-graph\">{\"@context\":\"https:\/\/schema.org\",\"@graph\":[{\"@type\":\"Article\",\"@id\":\"https:\/\/vosgesinfo.fr\/gerardmerinfo\/2015\/06\/ceintures-noires-2eme-dan-et-1ere-dan-pour-adrien-et-guillaume\/#article\",\"isPartOf\":{\"@id\":\"https:\/\/vosgesinfo.fr\/gerardmerinfo\/2015\/06\/ceintures-noires-2eme-dan-et-1ere-dan-pour-adrien-et-guillaume\/\"},\"author\":{\"name\":\"QG\",\"@id\":\"https:\/\/vosgesinfo.fr\/gerardmerinfo\/#\/schema\/person\/db5605779a843dad16b5368f3e7613a5\"},\"headline\":\"Ceintures Noires 2\u00e8me dan et 1\u00e8re dan pour Adrien et Guillaume\",\"datePublished\":\"2015-06-24T14:42:09+00:00\",\"dateModified\":\"2015-06-24T14:42:09+00:00\",\"mainEntityOfPage\":{\"@id\":\"https:\/\/vosgesinfo.fr\/gerardmerinfo\/2015\/06\/ceintures-noires-2eme-dan-et-1ere-dan-pour-adrien-et-guillaume\/\"},\"wordCount\":210,\"commentCount\":0,\"publisher\":{\"@id\":\"https:\/\/vosgesinfo.fr\/gerardmerinfo\/#organization\"},\"articleSection\":[\"Sport\"],\"inLanguage\":\"fr-FR\",\"potentialAction\":[{\"@type\":\"CommentAction\",\"name\":\"Comment\",\"target\":[\"https:\/\/vosgesinfo.fr\/gerardmerinfo\/2015\/06\/ceintures-noires-2eme-dan-et-1ere-dan-pour-adrien-et-guillaume\/#respond\"]}]},{\"@type\":\"WebPage\",\"@id\":\"https:\/\/vosgesinfo.fr\/gerardmerinfo\/2015\/06\/ceintures-noires-2eme-dan-et-1ere-dan-pour-adrien-et-guillaume\/\",\"url\":\"https:\/\/vosgesinfo.fr\/gerardmerinfo\/2015\/06\/ceintures-noires-2eme-dan-et-1ere-dan-pour-adrien-et-guillaume\/\",\"name\":\"Ceintures Noires 2\u00e8me dan et 1\u00e8re dan pour Adrien et Guillaume - Gerardmer Info\",\"isPartOf\":{\"@id\":\"https:\/\/vosgesinfo.fr\/gerardmerinfo\/#website\"},\"datePublished\":\"2015-06-24T14:42:09+00:00\",\"dateModified\":\"2015-06-24T14:42:09+00:00\",\"breadcrumb\":{\"@id\":\"https:\/\/vosgesinfo.fr\/gerardmerinfo\/2015\/06\/ceintures-noires-2eme-dan-et-1ere-dan-pour-adrien-et-guillaume\/#breadcrumb\"},\"inLanguage\":\"fr-FR\",\"potentialAction\":[{\"@type\":\"ReadAction\",\"target\":[\"https:\/\/vosgesinfo.fr\/gerardmerinfo\/2015\/06\/ceintures-noires-2eme-dan-et-1ere-dan-pour-adrien-et-guillaume\/\"]}]},{\"@type\":\"BreadcrumbList\",\"@id\":\"https:\/\/vosgesinfo.fr\/gerardmerinfo\/2015\/06\/ceintures-noires-2eme-dan-et-1ere-dan-pour-adrien-et-guillaume\/#breadcrumb\",\"itemListElement\":[{\"@type\":\"ListItem\",\"position\":1,\"name\":\"Home\",\"item\":\"https:\/\/vosgesinfo.fr\/gerardmerinfo\/\"},{\"@type\":\"ListItem\",\"position\":2,\"name\":\"Ceintures Noires 2\u00e8me dan et 1\u00e8re dan pour Adrien et Guillaume\"}]},{\"@type\":\"WebSite\",\"@id\":\"https:\/\/vosgesinfo.fr\/gerardmerinfo\/#website\",\"url\":\"https:\/\/vosgesinfo.fr\/gerardmerinfo\/\",\"name\":\"Gerardmer Info\",\"description\":\"Toute l&#039;actualit\u00e9 de G\u00e9rardmer\",\"publisher\":{\"@id\":\"https:\/\/vosgesinfo.fr\/gerardmerinfo\/#organization\"},\"alternateName\":\"Toute l'actualit\u00e9 de G\u00e9rardmer\",\"potentialAction\":[{\"@type\":\"SearchAction\",\"target\":{\"@type\":\"EntryPoint\",\"urlTemplate\":\"https:\/\/vosgesinfo.fr\/gerardmerinfo\/?s={search_term_string}\"},\"query-input\":\"required name=search_term_string\"}],\"inLanguage\":\"fr-FR\"},{\"@type\":\"Organization\",\"@id\":\"https:\/\/vosgesinfo.fr\/gerardmerinfo\/#organization\",\"name\":\"Gerardmer Info\",\"url\":\"https:\/\/vosgesinfo.fr\/gerardmerinfo\/\",\"logo\":{\"@type\":\"ImageObject\",\"inLanguage\":\"fr-FR\",\"@id\":\"https:\/\/vosgesinfo.fr\/gerardmerinfo\/#\/schema\/logo\/image\/\",\"url\":\"https:\/\/vosgesinfo.fr\/app\/uploads\/sites\/6\/2023\/08\/favicon-gerardmerinfo.png\",\"contentUrl\":\"https:\/\/vosgesinfo.fr\/app\/uploads\/sites\/6\/2023\/08\/favicon-gerardmerinfo.png\",\"width\":512,\"height\":512,\"caption\":\"Gerardmer Info\"},\"image\":{\"@id\":\"https:\/\/vosgesinfo.fr\/gerardmerinfo\/#\/schema\/logo\/image\/\"},\"sameAs\":[\"https:\/\/www.facebook.com\/profile.php?id=100049475262660\",\"https:\/\/x.com\/VosgesInfo88\",\"https:\/\/www.youtube.com\/@vosgesinfo\"]},{\"@type\":\"Person\",\"@id\":\"https:\/\/vosgesinfo.fr\/gerardmerinfo\/#\/schema\/person\/db5605779a843dad16b5368f3e7613a5\",\"name\":\"QG\",\"image\":{\"@type\":\"ImageObject\",\"inLanguage\":\"fr-FR\",\"@id\":\"https:\/\/vosgesinfo.fr\/gerardmerinfo\/#\/schema\/person\/image\/\",\"url\":\"https:\/\/secure.gravatar.com\/avatar\/ea80c42c204b534408512832fde52504ecabb9706bcb6151cf6175e5b64e6793?s=96&d=mm&r=g\",\"contentUrl\":\"https:\/\/secure.gravatar.com\/avatar\/ea80c42c204b534408512832fde52504ecabb9706bcb6151cf6175e5b64e6793?s=96&d=mm&r=g\",\"caption\":\"QG\"},\"url\":\"https:\/\/vosgesinfo.fr\/gerardmerinfo\/author\/quentin88\/\"}]}<\/script>\n<!-- \/ Yoast SEO plugin. -->","yoast_head_json":{"title":"Ceintures Noires 2\u00e8me dan et 1\u00e8re dan pour Adrien et Guillaume - Gerardmer Info","robots":{"index":"index","follow":"follow","max-snippet":"max-snippet:-1","max-image-preview":"max-image-preview:large","max-video-preview":"max-video-preview:-1"},"canonical":"https:\/\/vosgesinfo.fr\/gerardmerinfo\/2015\/06\/ceintures-noires-2eme-dan-et-1ere-dan-pour-adrien-et-guillaume\/","twitter_card":"summary_large_image","twitter_title":"Ceintures Noires 2\u00e8me dan et 1\u00e8re dan pour Adrien et Guillaume - Gerardmer Info","twitter_description":"Dimanche s\u2019est d\u00e9roul\u00e9 \u00e0 Mulhouse un passage de grades kata et efficacit\u00e9 combat. Trois judokas G\u00e9r\u00f4mois s\u2019\u00e9taient d\u00e9plac\u00e9s \u00e0 cet [&hellip;]","twitter_creator":"@VosgesInfo88","twitter_site":"@VosgesInfo88","twitter_misc":{"\u00c9crit par":"QG","Dur\u00e9e de lecture estim\u00e9e":"1 minute"},"schema":{"@context":"https:\/\/schema.org","@graph":[{"@type":"Article","@id":"https:\/\/vosgesinfo.fr\/gerardmerinfo\/2015\/06\/ceintures-noires-2eme-dan-et-1ere-dan-pour-adrien-et-guillaume\/#article","isPartOf":{"@id":"https:\/\/vosgesinfo.fr\/gerardmerinfo\/2015\/06\/ceintures-noires-2eme-dan-et-1ere-dan-pour-adrien-et-guillaume\/"},"author":{"name":"QG","@id":"https:\/\/vosgesinfo.fr\/gerardmerinfo\/#\/schema\/person\/db5605779a843dad16b5368f3e7613a5"},"headline":"Ceintures Noires 2\u00e8me dan et 1\u00e8re dan pour Adrien et Guillaume","datePublished":"2015-06-24T14:42:09+00:00","dateModified":"2015-06-24T14:42:09+00:00","mainEntityOfPage":{"@id":"https:\/\/vosgesinfo.fr\/gerardmerinfo\/2015\/06\/ceintures-noires-2eme-dan-et-1ere-dan-pour-adrien-et-guillaume\/"},"wordCount":210,"commentCount":0,"publisher":{"@id":"https:\/\/vosgesinfo.fr\/gerardmerinfo\/#organization"},"articleSection":["Sport"],"inLanguage":"fr-FR","potentialAction":[{"@type":"CommentAction","name":"Comment","target":["https:\/\/vosgesinfo.fr\/gerardmerinfo\/2015\/06\/ceintures-noires-2eme-dan-et-1ere-dan-pour-adrien-et-guillaume\/#respond"]}]},{"@type":"WebPage","@id":"https:\/\/vosgesinfo.fr\/gerardmerinfo\/2015\/06\/ceintures-noires-2eme-dan-et-1ere-dan-pour-adrien-et-guillaume\/","url":"https:\/\/vosgesinfo.fr\/gerardmerinfo\/2015\/06\/ceintures-noires-2eme-dan-et-1ere-dan-pour-adrien-et-guillaume\/","name":"Ceintures Noires 2\u00e8me dan et 1\u00e8re dan pour Adrien et Guillaume - Gerardmer Info","isPartOf":{"@id":"https:\/\/vosgesinfo.fr\/gerardmerinfo\/#website"},"datePublished":"2015-06-24T14:42:09+00:00","dateModified":"2015-06-24T14:42:09+00:00","breadcrumb":{"@id":"https:\/\/vosgesinfo.fr\/gerardmerinfo\/2015\/06\/ceintures-noires-2eme-dan-et-1ere-dan-pour-adrien-et-guillaume\/#breadcrumb"},"inLanguage":"fr-FR","potentialAction":[{"@type":"ReadAction","target":["https:\/\/vosgesinfo.fr\/gerardmerinfo\/2015\/06\/ceintures-noires-2eme-dan-et-1ere-dan-pour-adrien-et-guillaume\/"]}]},{"@type":"BreadcrumbList","@id":"https:\/\/vosgesinfo.fr\/gerardmerinfo\/2015\/06\/ceintures-noires-2eme-dan-et-1ere-dan-pour-adrien-et-guillaume\/#breadcrumb","itemListElement":[{"@type":"ListItem","position":1,"name":"Home","item":"https:\/\/vosgesinfo.fr\/gerardmerinfo\/"},{"@type":"ListItem","position":2,"name":"Ceintures Noires 2\u00e8me dan et 1\u00e8re dan pour Adrien et Guillaume"}]},{"@type":"WebSite","@id":"https:\/\/vosgesinfo.fr\/gerardmerinfo\/#website","url":"https:\/\/vosgesinfo.fr\/gerardmerinfo\/","name":"Gerardmer Info","description":"Toute l&#039;actualit\u00e9 de G\u00e9rardmer","publisher":{"@id":"https:\/\/vosgesinfo.fr\/gerardmerinfo\/#organization"},"alternateName":"Toute l'actualit\u00e9 de G\u00e9rardmer","potentialAction":[{"@type":"SearchAction","target":{"@type":"EntryPoint","urlTemplate":"https:\/\/vosgesinfo.fr\/gerardmerinfo\/?s={search_term_string}"},"query-input":"required name=search_term_string"}],"inLanguage":"fr-FR"},{"@type":"Organization","@id":"https:\/\/vosgesinfo.fr\/gerardmerinfo\/#organization","name":"Gerardmer Info","url":"https:\/\/vosgesinfo.fr\/gerardmerinfo\/","logo":{"@type":"ImageObject","inLanguage":"fr-FR","@id":"https:\/\/vosgesinfo.fr\/gerardmerinfo\/#\/schema\/logo\/image\/","url":"https:\/\/vosgesinfo.fr\/app\/uploads\/sites\/6\/2023\/08\/favicon-gerardmerinfo.png","contentUrl":"https:\/\/vosgesinfo.fr\/app\/uploads\/sites\/6\/2023\/08\/favicon-gerardmerinfo.png","width":512,"height":512,"caption":"Gerardmer Info"},"image":{"@id":"https:\/\/vosgesinfo.fr\/gerardmerinfo\/#\/schema\/logo\/image\/"},"sameAs":["https:\/\/www.facebook.com\/profile.php?id=100049475262660","https:\/\/x.com\/VosgesInfo88","https:\/\/www.youtube.com\/@vosgesinfo"]},{"@type":"Person","@id":"https:\/\/vosgesinfo.fr\/gerardmerinfo\/#\/schema\/person\/db5605779a843dad16b5368f3e7613a5","name":"QG","image":{"@type":"ImageObject","inLanguage":"fr-FR","@id":"https:\/\/vosgesinfo.fr\/gerardmerinfo\/#\/schema\/person\/image\/","url":"https:\/\/secure.gravatar.com\/avatar\/ea80c42c204b534408512832fde52504ecabb9706bcb6151cf6175e5b64e6793?s=96&d=mm&r=g","contentUrl":"https:\/\/secure.gravatar.com\/avatar\/ea80c42c204b534408512832fde52504ecabb9706bcb6151cf6175e5b64e6793?s=96&d=mm&r=g","caption":"QG"},"url":"https:\/\/vosgesinfo.fr\/gerardmerinfo\/author\/quentin88\/"}]}},"_links":{"self":[{"href":"https:\/\/vosgesinfo.fr\/gerardmerinfo\/wp-json\/wp\/v2\/posts\/12999","targetHints":{"allow":["GET"]}}],"collection":[{"href":"https:\/\/vosgesinfo.fr\/gerardmerinfo\/wp-json\/wp\/v2\/posts"}],"about":[{"href":"https:\/\/vosgesinfo.fr\/gerardmerinfo\/wp-json\/wp\/v2\/types\/post"}],"author":[{"embeddable":true,"href":"https:\/\/vosgesinfo.fr\/gerardmerinfo\/wp-json\/wp\/v2\/users\/42"}],"replies":[{"embeddable":true,"href":"https:\/\/vosgesinfo.fr\/gerardmerinfo\/wp-json\/wp\/v2\/comments?post=12999"}],"version-history":[{"count":0,"href":"https:\/\/vosgesinfo.fr\/gerardmerinfo\/wp-json\/wp\/v2\/posts\/12999\/revisions"}],"wp:attachment":[{"href":"https:\/\/vosgesinfo.fr\/gerardmerinfo\/wp-json\/wp\/v2\/media?parent=12999"}],"wp:term":[{"taxonomy":"category","embeddable":true,"href":"https:\/\/vosgesinfo.fr\/gerardmerinfo\/wp-json\/wp\/v2\/categories?post=12999"},{"taxonomy":"post_tag","embeddable":true,"href":"https:\/\/vosgesinfo.fr\/gerardmerinfo\/wp-json\/wp\/v2\/tags?post=12999"}],"curies":[{"name":"wp","href":"https:\/\/api.w.org\/{rel}","templated":true}]}}