{"id":13584,"date":"2015-08-22T12:28:39","date_gmt":"2015-08-22T10:28:39","guid":{"rendered":"https:\/\/vosgesinfo.fr\/gerardmerinfo\/2015\/08\/superbe-soirer-eu-tremplin-des-bas-rupts\/"},"modified":"2015-08-22T12:28:39","modified_gmt":"2015-08-22T10:28:39","slug":"superbe-soirer-eu-tremplin-des-bas-rupts","status":"publish","type":"post","link":"https:\/\/vosgesinfo.fr\/gerardmerinfo\/2015\/08\/superbe-soirer-eu-tremplin-des-bas-rupts\/","title":{"rendered":"Superbe soir\u00e9e au tremplin des Bas-rupts"},"content":{"rendered":"<p><a href=\"\/2015\/08\/1-bis.jpg\"><img decoding=\"async\" class=\"aligncenter size-full wp-image-61291\" src=\"\/2015\/08\/1-bis.jpg\" alt=\"1 bis\" width=\"800\" height=\"600\" \/><\/a><\/p>\n<p><span style=\"font-family: 'Times New Roman', serif;\"><span style=\"font-size: medium;\"><span style=\"color: #444444;\"><span style=\"font-family: Arial, serif;\"><strong>Superbe soir\u00e9e estivale anim\u00e9e et belle comp\u00e9tition de saut \u00e0 ski devant un public toujours pr\u00e9sent au rendez-vous pour cette 6\u00e8me \u00e9dition du grand prix de la Ville de G\u00e9rardmer<\/strong> . <\/span><\/span><\/span><\/span><\/p>\n<p><span style=\"font-family: 'Times New Roman', serif;\"><span style=\"font-size: medium;\"><span style=\"color: #444444;\"><span style=\"font-family: Arial, serif;\">Une rencontre o\u00f9 les favoris ont justifi\u00e9 leur rang et o\u00f9 on notera surtout que ce sont plus de 80 sauteurs qui se sont affront\u00e9s hier soir sur le stade de saut des Bas Rupts avec la participation des \u00e9quipes nationales de saut et de combin\u00e9 ainsi que des athl\u00e8tes suisses et allemands \u00a0. \u00a0<\/span><\/span><\/span><\/span><\/p>\n<div id=\"attachment_61289\" style=\"width: 235px\" class=\"wp-caption alignright\"><a href=\"\/2015\/08\/4-Podium-Gar\u00e7ons-Sen.jpg\"><img decoding=\"async\" aria-describedby=\"caption-attachment-61289\" class=\"wp-image-61289 size-medium\" src=\"\/2015\/08\/4-Podium-Gar\u00e7ons-Sen-225x300.jpg\" alt=\"Ronan Lamy-Chappuis a remport\u00e9 cette 6\u00e9me \u00e9dition du GP de la Ville de G\u00e9rardmer\" width=\"225\" height=\"300\" \/><\/a><p id=\"caption-attachment-61289\" class=\"wp-caption-text\">Ronan Lamy-Chappuis a remport\u00e9 cette 6\u00e9me \u00e9dition du GP de la Ville de G\u00e9rardmer<\/p><\/div>\n<p><span style=\"font-family: 'Times New Roman', serif;\"><span style=\"font-size: medium;\"><span style=\"color: #444444;\"><span style=\"font-family: Arial, serif;\">Retour de Ronan Lamy Chappuis sur la plus haute marche du podium apr\u00e8s sa d\u00e9convenue de l\u2019an dernier . Rappelons qu\u2019il avait battu le record du tremplin lors de son dernier saut mesur\u00e9 \u00e0 75 m\u00e8tres , mais sa r\u00e9ception instable s\u2019\u00e9tait vue p\u00e9nalis\u00e9e par les juges . Cette ann\u00e9e avec 2 sauts r\u00e9guliers \u00e0 74m et 74,5m , Ronan n\u2019a laiss\u00e9 aucune chance \u00e0 ses adversaires et il renoue avec la victoire sur le site G\u00e9r\u00f4mois . Vincent Descombes s\u2019est accroch\u00e9 ferme pendant toute l\u2019\u00e9preuve pour conserver une seconde place que le Vosgien Paul Brasme, 3\u00e8, lui a contest\u00e9 jusqu\u2019au bout, notamment lors d\u2019une seconde manche mesur\u00e9e \u00e0 72 m\u00e8tres pour le v\u00e9ternat . <\/span><\/span><\/span><\/span><\/p>\n<p><span style=\"font-family: 'Times New Roman', serif;\"><span style=\"font-size: medium;\"><span style=\"color: #444444;\"><span style=\"font-family: Arial, serif;\">Rentrent dans le top 10, Maxime Laheurte 4\u00e8 et Lilian Vaxelaie 8\u00e8. L\u2019un et l\u2019autre \u00e9tant des purs combin\u00e9s, ce r\u00e9sultat en saut sp\u00e9cial est tr\u00e8s int\u00e9ressant pour la suite de la saison\u2026 <\/span><\/span><\/span><\/span><\/p>\n<p><span style=\"font-family: 'Times New Roman', serif;\"><span style=\"font-size: medium;\"><span style=\"color: #444444;\"><span style=\"font-family: Arial, serif;\">Chez les U15-U17, le favori Mathis Contamine a d\u00fb se battre pour terminer en t\u00eate de l\u2019\u00e9preuve. Son premier saut relativement moyen avait profit\u00e9 au jurassien Edgar Vallet mais la seconde manche l\u00e0 aussi, a remis les pendules \u00e0 l\u2019heure pour ce tr\u00e8s jeune et prometteur savoyard, il n\u2019est que U15\u2026..<\/span><\/span><\/span><\/span><\/p>\n<p><span style=\"font-family: 'Times New Roman', serif;\"><span style=\"font-size: medium;\"><span style=\"color: #444444;\"><span style=\"font-family: Arial, serif;\">Les Vosgiens n\u2019ont pas d\u00e9m\u00e9rit\u00e9, les r\u00e9sultats sont tr\u00e8s serr\u00e9s . Th\u00e9o Rochat 7\u00e8, Loic Didier 12\u00e8, Titouan Suisse 14\u00e8 ne sont pas tr\u00e8s loin en points du podium et comme ce sont avant tout des combin\u00e9s, il n\u2019y a pas encore p\u00e9ril en la demeure\u2026<\/span><\/span><\/span><\/span><\/p>\n<p><span style=\"font-family: 'Times New Roman', serif;\"><span style=\"font-size: medium;\"><span style=\"color: #444444;\"><span style=\"font-family: Arial, serif;\">Chez les filles, Julia Clair aura tout tent\u00e9 avec le meilleur total de points de la soir\u00e9e sur le second saut mais L\u00e9a Lemare a \u00e9t\u00e9 plus r\u00e9guli\u00e8re sur la comp\u00e9tition et c\u2019est logiquement qu\u2019elle devance la Xonrup\u00e9enne 2\u00e8 et Coline Mattel 3\u00e8\u2026..<\/span><\/span><\/span><\/span><\/p>\n<p><a name=\"_GoBack\"><\/a><\/p>\n<p><span style=\"font-family: 'Times New Roman', serif;\"><span style=\"font-size: medium;\"><span style=\"color: #444444;\"><span style=\"font-family: Arial, serif;\">La tourn\u00e9e se poursuit aujourd&rsquo;hui \u00e0 Chauxneuve dans le Doubs et demain aux Rousses dans le Jura . <\/span><\/span><\/span><\/span><\/p>\n<p><span style=\"color: #444444;\">\u00a0Les r\u00e9sultats disponibles ici :\u00a0R\u00e9sultat Jeune- Fille <\/span><\/p>\n<p><span style=\"color: #444444;\">R\u00e9sultat Jeune- Homme <\/span><\/p>\n<p><span style=\"color: #444444;\">R\u00e9sultat Junior Senior &#8211; Fille <\/span><\/p>\n<p><span style=\"color: #444444;\">R\u00e9sultat Junior Senior Homme<\/span><\/p>\n<p>&nbsp;<\/p>\n<p><strong>R.R<\/strong><\/p>\n\n\t\t<style type=\"text\/css\">\n\t\t\t#gallery-1 {\n\t\t\t\tmargin: auto;\n\t\t\t}\n\t\t\t#gallery-1 .gallery-item {\n\t\t\t\tfloat: left;\n\t\t\t\tmargin-top: 10px;\n\t\t\t\ttext-align: center;\n\t\t\t\twidth: 50%;\n\t\t\t}\n\t\t\t#gallery-1 img {\n\t\t\t\tborder: 2px solid #cfcfcf;\n\t\t\t}\n\t\t\t#gallery-1 .gallery-caption {\n\t\t\t\tmargin-left: 0;\n\t\t\t}\n\t\t\t\/* see gallery_shortcode() in wp-includes\/media.php *\/\n\t\t<\/style>\n\t\t<div id='gallery-1' class='gallery galleryid-13584 gallery-columns-2 gallery-size-medium'><dl class='gallery-item'>\n\t\t\t<dt class='gallery-icon landscape'>\n\t\t\t\t<a href='https:\/\/vosgesinfo.fr\/gerardmerinfo\/2022\/08\/rodeos-urbains-vosges-40-verbalisations-6-deux-roues-saisis-12-aout\/2022-08-moto\/'><img decoding=\"async\" width=\"300\" height=\"200\" src=\"https:\/\/vosgesinfo.fr\/app\/uploads\/sites\/6\/2024\/07\/202208moto-300x200.jpg\" class=\"attachment-medium size-medium\" alt=\"\" srcset=\"https:\/\/vosgesinfo.fr\/app\/uploads\/sites\/6\/2024\/07\/202208moto-300x200.jpg 300w, https:\/\/vosgesinfo.fr\/app\/uploads\/sites\/6\/2024\/07\/202208moto-768x512.jpg 768w, https:\/\/vosgesinfo.fr\/app\/uploads\/sites\/6\/2024\/07\/202208moto.jpg 800w\" sizes=\"(max-width: 300px) 100vw, 300px\" \/><\/a>\n\t\t\t<\/dt><\/dl><dl class='gallery-item'>\n\t\t\t<dt class='gallery-icon portrait'>\n\t\t\t\t<a href='https:\/\/vosgesinfo.fr\/gerardmerinfo\/2022\/08\/cyclisme-4eme-edition-de-rando-ballons-dimanche-28-aout-2022\/2022-08-affiche-rando-des-bv-2022\/'><img decoding=\"async\" width=\"213\" height=\"300\" src=\"https:\/\/vosgesinfo.fr\/app\/uploads\/sites\/6\/2024\/07\/202208affiche-rando-des-bv-2022-213x300.jpg\" class=\"attachment-medium size-medium\" alt=\"\" srcset=\"https:\/\/vosgesinfo.fr\/app\/uploads\/sites\/6\/2024\/07\/202208affiche-rando-des-bv-2022-213x300.jpg 213w, https:\/\/vosgesinfo.fr\/app\/uploads\/sites\/6\/2024\/07\/202208affiche-rando-des-bv-2022.jpg 644w\" sizes=\"(max-width: 213px) 100vw, 213px\" \/><\/a>\n\t\t\t<\/dt><\/dl><br style=\"clear: both\" \/>\n\t\t<\/div>\n\n","protected":false},"excerpt":{"rendered":"<p>Superbe soir\u00e9e estivale anim\u00e9e et belle comp\u00e9tition de saut \u00e0 ski devant un public toujours pr\u00e9sent au rendez-vous pour cette [&hellip;]<\/p>\n","protected":false},"author":1,"featured_media":13585,"comment_status":"open","ping_status":"open","sticky":false,"template":"","format":"standard","meta":{"footnotes":""},"categories":[14,18],"tags":[],"class_list":["post-13584","post","type-post","status-publish","format-standard","has-post-thumbnail","hentry","category-sport","category-vosges"],"acf":[],"yoast_head":"<!-- This site is optimized with the Yoast SEO plugin v22.5 - https:\/\/yoast.com\/wordpress\/plugins\/seo\/ -->\n<title>Superbe soir\u00e9e au tremplin des Bas-rupts - Gerardmer Info<\/title>\n<meta name=\"robots\" content=\"index, follow, max-snippet:-1, max-image-preview:large, max-video-preview:-1\" \/>\n<link rel=\"canonical\" href=\"https:\/\/vosgesinfo.fr\/gerardmerinfo\/2015\/08\/superbe-soirer-eu-tremplin-des-bas-rupts\/\" \/>\n<meta name=\"twitter:card\" content=\"summary_large_image\" \/>\n<meta name=\"twitter:title\" content=\"Superbe soir\u00e9e au tremplin des Bas-rupts - Gerardmer Info\" \/>\n<meta name=\"twitter:description\" content=\"Superbe soir\u00e9e estivale anim\u00e9e et belle comp\u00e9tition de saut \u00e0 ski devant un public toujours pr\u00e9sent au rendez-vous pour cette [&hellip;]\" \/>\n<meta name=\"twitter:image\" content=\"https:\/\/vosgesinfo.fr\/app\/uploads\/sites\/6\/2024\/07\/2015084-podium-garcons-sen.jpg\" \/>\n<meta name=\"twitter:creator\" content=\"@VosgesInfo88\" \/>\n<meta name=\"twitter:site\" content=\"@VosgesInfo88\" \/>\n<meta name=\"twitter:label1\" content=\"\u00c9crit par\" \/>\n\t<meta name=\"twitter:data1\" content=\"qs_admin\" \/>\n\t<meta name=\"twitter:label2\" content=\"Dur\u00e9e de lecture estim\u00e9e\" \/>\n\t<meta name=\"twitter:data2\" content=\"2 minutes\" \/>\n<script type=\"application\/ld+json\" class=\"yoast-schema-graph\">{\"@context\":\"https:\/\/schema.org\",\"@graph\":[{\"@type\":\"Article\",\"@id\":\"https:\/\/vosgesinfo.fr\/gerardmerinfo\/2015\/08\/superbe-soirer-eu-tremplin-des-bas-rupts\/#article\",\"isPartOf\":{\"@id\":\"https:\/\/vosgesinfo.fr\/gerardmerinfo\/2015\/08\/superbe-soirer-eu-tremplin-des-bas-rupts\/\"},\"author\":{\"name\":\"qs_admin\",\"@id\":\"https:\/\/vosgesinfo.fr\/gerardmerinfo\/#\/schema\/person\/bc5d02d71e6932e81b6dadb7386667b1\"},\"headline\":\"Superbe soir\u00e9e au tremplin des Bas-rupts\",\"datePublished\":\"2015-08-22T10:28:39+00:00\",\"dateModified\":\"2015-08-22T10:28:39+00:00\",\"mainEntityOfPage\":{\"@id\":\"https:\/\/vosgesinfo.fr\/gerardmerinfo\/2015\/08\/superbe-soirer-eu-tremplin-des-bas-rupts\/\"},\"wordCount\":486,\"commentCount\":0,\"publisher\":{\"@id\":\"https:\/\/vosgesinfo.fr\/gerardmerinfo\/#organization\"},\"image\":{\"@id\":\"https:\/\/vosgesinfo.fr\/gerardmerinfo\/2015\/08\/superbe-soirer-eu-tremplin-des-bas-rupts\/#primaryimage\"},\"thumbnailUrl\":\"https:\/\/vosgesinfo.fr\/app\/uploads\/sites\/6\/2024\/07\/2015084-podium-garcons-sen.jpg\",\"articleSection\":[\"Sport\",\"Vosges\"],\"inLanguage\":\"fr-FR\",\"potentialAction\":[{\"@type\":\"CommentAction\",\"name\":\"Comment\",\"target\":[\"https:\/\/vosgesinfo.fr\/gerardmerinfo\/2015\/08\/superbe-soirer-eu-tremplin-des-bas-rupts\/#respond\"]}]},{\"@type\":\"WebPage\",\"@id\":\"https:\/\/vosgesinfo.fr\/gerardmerinfo\/2015\/08\/superbe-soirer-eu-tremplin-des-bas-rupts\/\",\"url\":\"https:\/\/vosgesinfo.fr\/gerardmerinfo\/2015\/08\/superbe-soirer-eu-tremplin-des-bas-rupts\/\",\"name\":\"Superbe soir\u00e9e au tremplin des Bas-rupts - Gerardmer Info\",\"isPartOf\":{\"@id\":\"https:\/\/vosgesinfo.fr\/gerardmerinfo\/#website\"},\"primaryImageOfPage\":{\"@id\":\"https:\/\/vosgesinfo.fr\/gerardmerinfo\/2015\/08\/superbe-soirer-eu-tremplin-des-bas-rupts\/#primaryimage\"},\"image\":{\"@id\":\"https:\/\/vosgesinfo.fr\/gerardmerinfo\/2015\/08\/superbe-soirer-eu-tremplin-des-bas-rupts\/#primaryimage\"},\"thumbnailUrl\":\"https:\/\/vosgesinfo.fr\/app\/uploads\/sites\/6\/2024\/07\/2015084-podium-garcons-sen.jpg\",\"datePublished\":\"2015-08-22T10:28:39+00:00\",\"dateModified\":\"2015-08-22T10:28:39+00:00\",\"breadcrumb\":{\"@id\":\"https:\/\/vosgesinfo.fr\/gerardmerinfo\/2015\/08\/superbe-soirer-eu-tremplin-des-bas-rupts\/#breadcrumb\"},\"inLanguage\":\"fr-FR\",\"potentialAction\":[{\"@type\":\"ReadAction\",\"target\":[\"https:\/\/vosgesinfo.fr\/gerardmerinfo\/2015\/08\/superbe-soirer-eu-tremplin-des-bas-rupts\/\"]}]},{\"@type\":\"ImageObject\",\"inLanguage\":\"fr-FR\",\"@id\":\"https:\/\/vosgesinfo.fr\/gerardmerinfo\/2015\/08\/superbe-soirer-eu-tremplin-des-bas-rupts\/#primaryimage\",\"url\":\"https:\/\/vosgesinfo.fr\/app\/uploads\/sites\/6\/2024\/07\/2015084-podium-garcons-sen.jpg\",\"contentUrl\":\"https:\/\/vosgesinfo.fr\/app\/uploads\/sites\/6\/2024\/07\/2015084-podium-garcons-sen.jpg\",\"width\":600,\"height\":800},{\"@type\":\"BreadcrumbList\",\"@id\":\"https:\/\/vosgesinfo.fr\/gerardmerinfo\/2015\/08\/superbe-soirer-eu-tremplin-des-bas-rupts\/#breadcrumb\",\"itemListElement\":[{\"@type\":\"ListItem\",\"position\":1,\"name\":\"Home\",\"item\":\"https:\/\/vosgesinfo.fr\/gerardmerinfo\/\"},{\"@type\":\"ListItem\",\"position\":2,\"name\":\"Superbe soir\u00e9e au tremplin des Bas-rupts\"}]},{\"@type\":\"WebSite\",\"@id\":\"https:\/\/vosgesinfo.fr\/gerardmerinfo\/#website\",\"url\":\"https:\/\/vosgesinfo.fr\/gerardmerinfo\/\",\"name\":\"Gerardmer Info\",\"description\":\"Toute l&#039;actualit\u00e9 de G\u00e9rardmer\",\"publisher\":{\"@id\":\"https:\/\/vosgesinfo.fr\/gerardmerinfo\/#organization\"},\"alternateName\":\"Toute l'actualit\u00e9 de G\u00e9rardmer\",\"potentialAction\":[{\"@type\":\"SearchAction\",\"target\":{\"@type\":\"EntryPoint\",\"urlTemplate\":\"https:\/\/vosgesinfo.fr\/gerardmerinfo\/?s={search_term_string}\"},\"query-input\":\"required name=search_term_string\"}],\"inLanguage\":\"fr-FR\"},{\"@type\":\"Organization\",\"@id\":\"https:\/\/vosgesinfo.fr\/gerardmerinfo\/#organization\",\"name\":\"Gerardmer Info\",\"url\":\"https:\/\/vosgesinfo.fr\/gerardmerinfo\/\",\"logo\":{\"@type\":\"ImageObject\",\"inLanguage\":\"fr-FR\",\"@id\":\"https:\/\/vosgesinfo.fr\/gerardmerinfo\/#\/schema\/logo\/image\/\",\"url\":\"https:\/\/vosgesinfo.fr\/app\/uploads\/sites\/6\/2023\/08\/favicon-gerardmerinfo.png\",\"contentUrl\":\"https:\/\/vosgesinfo.fr\/app\/uploads\/sites\/6\/2023\/08\/favicon-gerardmerinfo.png\",\"width\":512,\"height\":512,\"caption\":\"Gerardmer Info\"},\"image\":{\"@id\":\"https:\/\/vosgesinfo.fr\/gerardmerinfo\/#\/schema\/logo\/image\/\"},\"sameAs\":[\"https:\/\/www.facebook.com\/profile.php?id=100049475262660\",\"https:\/\/x.com\/VosgesInfo88\",\"https:\/\/www.youtube.com\/@vosgesinfo\"]},{\"@type\":\"Person\",\"@id\":\"https:\/\/vosgesinfo.fr\/gerardmerinfo\/#\/schema\/person\/bc5d02d71e6932e81b6dadb7386667b1\",\"name\":\"qs_admin\",\"image\":{\"@type\":\"ImageObject\",\"inLanguage\":\"fr-FR\",\"@id\":\"https:\/\/vosgesinfo.fr\/gerardmerinfo\/#\/schema\/person\/image\/\",\"url\":\"https:\/\/secure.gravatar.com\/avatar\/94b18ee0ed79e4a42ea2f2931277b6841a8999fc6fde214600c78057cf1fe1de?s=96&d=mm&r=g\",\"contentUrl\":\"https:\/\/secure.gravatar.com\/avatar\/94b18ee0ed79e4a42ea2f2931277b6841a8999fc6fde214600c78057cf1fe1de?s=96&d=mm&r=g\",\"caption\":\"qs_admin\"},\"sameAs\":[\"https:\/\/vosgesinfo.fr\/wp\"],\"url\":\"https:\/\/vosgesinfo.fr\/gerardmerinfo\/author\/qs_admin\/\"}]}<\/script>\n<!-- \/ Yoast SEO plugin. -->","yoast_head_json":{"title":"Superbe soir\u00e9e au tremplin des Bas-rupts - Gerardmer Info","robots":{"index":"index","follow":"follow","max-snippet":"max-snippet:-1","max-image-preview":"max-image-preview:large","max-video-preview":"max-video-preview:-1"},"canonical":"https:\/\/vosgesinfo.fr\/gerardmerinfo\/2015\/08\/superbe-soirer-eu-tremplin-des-bas-rupts\/","twitter_card":"summary_large_image","twitter_title":"Superbe soir\u00e9e au tremplin des Bas-rupts - Gerardmer Info","twitter_description":"Superbe soir\u00e9e estivale anim\u00e9e et belle comp\u00e9tition de saut \u00e0 ski devant un public toujours pr\u00e9sent au rendez-vous pour cette [&hellip;]","twitter_image":"https:\/\/vosgesinfo.fr\/app\/uploads\/sites\/6\/2024\/07\/2015084-podium-garcons-sen.jpg","twitter_creator":"@VosgesInfo88","twitter_site":"@VosgesInfo88","twitter_misc":{"\u00c9crit par":"qs_admin","Dur\u00e9e de lecture estim\u00e9e":"2 minutes"},"schema":{"@context":"https:\/\/schema.org","@graph":[{"@type":"Article","@id":"https:\/\/vosgesinfo.fr\/gerardmerinfo\/2015\/08\/superbe-soirer-eu-tremplin-des-bas-rupts\/#article","isPartOf":{"@id":"https:\/\/vosgesinfo.fr\/gerardmerinfo\/2015\/08\/superbe-soirer-eu-tremplin-des-bas-rupts\/"},"author":{"name":"qs_admin","@id":"https:\/\/vosgesinfo.fr\/gerardmerinfo\/#\/schema\/person\/bc5d02d71e6932e81b6dadb7386667b1"},"headline":"Superbe soir\u00e9e au tremplin des Bas-rupts","datePublished":"2015-08-22T10:28:39+00:00","dateModified":"2015-08-22T10:28:39+00:00","mainEntityOfPage":{"@id":"https:\/\/vosgesinfo.fr\/gerardmerinfo\/2015\/08\/superbe-soirer-eu-tremplin-des-bas-rupts\/"},"wordCount":486,"commentCount":0,"publisher":{"@id":"https:\/\/vosgesinfo.fr\/gerardmerinfo\/#organization"},"image":{"@id":"https:\/\/vosgesinfo.fr\/gerardmerinfo\/2015\/08\/superbe-soirer-eu-tremplin-des-bas-rupts\/#primaryimage"},"thumbnailUrl":"https:\/\/vosgesinfo.fr\/app\/uploads\/sites\/6\/2024\/07\/2015084-podium-garcons-sen.jpg","articleSection":["Sport","Vosges"],"inLanguage":"fr-FR","potentialAction":[{"@type":"CommentAction","name":"Comment","target":["https:\/\/vosgesinfo.fr\/gerardmerinfo\/2015\/08\/superbe-soirer-eu-tremplin-des-bas-rupts\/#respond"]}]},{"@type":"WebPage","@id":"https:\/\/vosgesinfo.fr\/gerardmerinfo\/2015\/08\/superbe-soirer-eu-tremplin-des-bas-rupts\/","url":"https:\/\/vosgesinfo.fr\/gerardmerinfo\/2015\/08\/superbe-soirer-eu-tremplin-des-bas-rupts\/","name":"Superbe soir\u00e9e au tremplin des Bas-rupts - Gerardmer Info","isPartOf":{"@id":"https:\/\/vosgesinfo.fr\/gerardmerinfo\/#website"},"primaryImageOfPage":{"@id":"https:\/\/vosgesinfo.fr\/gerardmerinfo\/2015\/08\/superbe-soirer-eu-tremplin-des-bas-rupts\/#primaryimage"},"image":{"@id":"https:\/\/vosgesinfo.fr\/gerardmerinfo\/2015\/08\/superbe-soirer-eu-tremplin-des-bas-rupts\/#primaryimage"},"thumbnailUrl":"https:\/\/vosgesinfo.fr\/app\/uploads\/sites\/6\/2024\/07\/2015084-podium-garcons-sen.jpg","datePublished":"2015-08-22T10:28:39+00:00","dateModified":"2015-08-22T10:28:39+00:00","breadcrumb":{"@id":"https:\/\/vosgesinfo.fr\/gerardmerinfo\/2015\/08\/superbe-soirer-eu-tremplin-des-bas-rupts\/#breadcrumb"},"inLanguage":"fr-FR","potentialAction":[{"@type":"ReadAction","target":["https:\/\/vosgesinfo.fr\/gerardmerinfo\/2015\/08\/superbe-soirer-eu-tremplin-des-bas-rupts\/"]}]},{"@type":"ImageObject","inLanguage":"fr-FR","@id":"https:\/\/vosgesinfo.fr\/gerardmerinfo\/2015\/08\/superbe-soirer-eu-tremplin-des-bas-rupts\/#primaryimage","url":"https:\/\/vosgesinfo.fr\/app\/uploads\/sites\/6\/2024\/07\/2015084-podium-garcons-sen.jpg","contentUrl":"https:\/\/vosgesinfo.fr\/app\/uploads\/sites\/6\/2024\/07\/2015084-podium-garcons-sen.jpg","width":600,"height":800},{"@type":"BreadcrumbList","@id":"https:\/\/vosgesinfo.fr\/gerardmerinfo\/2015\/08\/superbe-soirer-eu-tremplin-des-bas-rupts\/#breadcrumb","itemListElement":[{"@type":"ListItem","position":1,"name":"Home","item":"https:\/\/vosgesinfo.fr\/gerardmerinfo\/"},{"@type":"ListItem","position":2,"name":"Superbe soir\u00e9e au tremplin des Bas-rupts"}]},{"@type":"WebSite","@id":"https:\/\/vosgesinfo.fr\/gerardmerinfo\/#website","url":"https:\/\/vosgesinfo.fr\/gerardmerinfo\/","name":"Gerardmer Info","description":"Toute l&#039;actualit\u00e9 de G\u00e9rardmer","publisher":{"@id":"https:\/\/vosgesinfo.fr\/gerardmerinfo\/#organization"},"alternateName":"Toute l'actualit\u00e9 de G\u00e9rardmer","potentialAction":[{"@type":"SearchAction","target":{"@type":"EntryPoint","urlTemplate":"https:\/\/vosgesinfo.fr\/gerardmerinfo\/?s={search_term_string}"},"query-input":"required name=search_term_string"}],"inLanguage":"fr-FR"},{"@type":"Organization","@id":"https:\/\/vosgesinfo.fr\/gerardmerinfo\/#organization","name":"Gerardmer Info","url":"https:\/\/vosgesinfo.fr\/gerardmerinfo\/","logo":{"@type":"ImageObject","inLanguage":"fr-FR","@id":"https:\/\/vosgesinfo.fr\/gerardmerinfo\/#\/schema\/logo\/image\/","url":"https:\/\/vosgesinfo.fr\/app\/uploads\/sites\/6\/2023\/08\/favicon-gerardmerinfo.png","contentUrl":"https:\/\/vosgesinfo.fr\/app\/uploads\/sites\/6\/2023\/08\/favicon-gerardmerinfo.png","width":512,"height":512,"caption":"Gerardmer Info"},"image":{"@id":"https:\/\/vosgesinfo.fr\/gerardmerinfo\/#\/schema\/logo\/image\/"},"sameAs":["https:\/\/www.facebook.com\/profile.php?id=100049475262660","https:\/\/x.com\/VosgesInfo88","https:\/\/www.youtube.com\/@vosgesinfo"]},{"@type":"Person","@id":"https:\/\/vosgesinfo.fr\/gerardmerinfo\/#\/schema\/person\/bc5d02d71e6932e81b6dadb7386667b1","name":"qs_admin","image":{"@type":"ImageObject","inLanguage":"fr-FR","@id":"https:\/\/vosgesinfo.fr\/gerardmerinfo\/#\/schema\/person\/image\/","url":"https:\/\/secure.gravatar.com\/avatar\/94b18ee0ed79e4a42ea2f2931277b6841a8999fc6fde214600c78057cf1fe1de?s=96&d=mm&r=g","contentUrl":"https:\/\/secure.gravatar.com\/avatar\/94b18ee0ed79e4a42ea2f2931277b6841a8999fc6fde214600c78057cf1fe1de?s=96&d=mm&r=g","caption":"qs_admin"},"sameAs":["https:\/\/vosgesinfo.fr\/wp"],"url":"https:\/\/vosgesinfo.fr\/gerardmerinfo\/author\/qs_admin\/"}]}},"_links":{"self":[{"href":"https:\/\/vosgesinfo.fr\/gerardmerinfo\/wp-json\/wp\/v2\/posts\/13584","targetHints":{"allow":["GET"]}}],"collection":[{"href":"https:\/\/vosgesinfo.fr\/gerardmerinfo\/wp-json\/wp\/v2\/posts"}],"about":[{"href":"https:\/\/vosgesinfo.fr\/gerardmerinfo\/wp-json\/wp\/v2\/types\/post"}],"author":[{"embeddable":true,"href":"https:\/\/vosgesinfo.fr\/gerardmerinfo\/wp-json\/wp\/v2\/users\/1"}],"replies":[{"embeddable":true,"href":"https:\/\/vosgesinfo.fr\/gerardmerinfo\/wp-json\/wp\/v2\/comments?post=13584"}],"version-history":[{"count":0,"href":"https:\/\/vosgesinfo.fr\/gerardmerinfo\/wp-json\/wp\/v2\/posts\/13584\/revisions"}],"wp:featuredmedia":[{"embeddable":true,"href":"https:\/\/vosgesinfo.fr\/gerardmerinfo\/wp-json\/wp\/v2\/media\/13585"}],"wp:attachment":[{"href":"https:\/\/vosgesinfo.fr\/gerardmerinfo\/wp-json\/wp\/v2\/media?parent=13584"}],"wp:term":[{"taxonomy":"category","embeddable":true,"href":"https:\/\/vosgesinfo.fr\/gerardmerinfo\/wp-json\/wp\/v2\/categories?post=13584"},{"taxonomy":"post_tag","embeddable":true,"href":"https:\/\/vosgesinfo.fr\/gerardmerinfo\/wp-json\/wp\/v2\/tags?post=13584"}],"curies":[{"name":"wp","href":"https:\/\/api.w.org\/{rel}","templated":true}]}}