{"id":13592,"date":"2015-08-23T15:21:09","date_gmt":"2015-08-23T13:21:09","guid":{"rendered":"https:\/\/vosgesinfo.fr\/gerardmerinfo\/2015\/08\/saut-les-jeunes-vosgiens-en-constante-progression\/"},"modified":"2015-08-23T15:21:09","modified_gmt":"2015-08-23T13:21:09","slug":"saut-les-jeunes-vosgiens-en-constante-progression","status":"publish","type":"post","link":"https:\/\/vosgesinfo.fr\/gerardmerinfo\/2015\/08\/saut-les-jeunes-vosgiens-en-constante-progression\/","title":{"rendered":"Saut : les jeunes Vosgiens en constante progression"},"content":{"rendered":"<p><a href=\"\/2015\/08\/Groupe-VO-Bad-Griesbach.jpg\"><img decoding=\"async\" class=\"aligncenter size-full wp-image-61312\" src=\"\/2015\/08\/Groupe-VO-Bad-Griesbach.jpg\" alt=\"Groupe VO Bad Griesbach\" width=\"1024\" height=\"768\" \/><\/a><\/p>\n<p>Le fait \u00e0 retenir de cette \u00e9preuve est la grosse progression des jeunes sauteurs Vosgiens particuli\u00e8rement sur cette finale apr\u00e8s les 3 comp\u00e9titions de cet \u00e9t\u00e9 au challenge GT Pokal . Tous ont largement am\u00e9lior\u00e9 leur r\u00e9sultat en terme de points et de longueurs de sauts \u2026 \u00e0 mi parcours de l\u2019activit\u00e9 sur les tremplins plastique , c\u2019est un enseignement important apr\u00e8s les choix op\u00e9r\u00e9s depuis le d\u00e9but de saison \u00e9t\u00e9, notamment celui d\u2019embaucher un entraineur pour le groupe U11-U13 .<\/p>\n<p>Les fr\u00e8res DIDIER , Louka et Mael, de Xonrupt ont largement domin\u00e9 l\u2019\u00e9preuve dans leur cat\u00e9gorie. On sait que chez les Didier ( avec Nicolas le grand fr\u00e8re ) le saut et le combin\u00e9 c\u2019est dans les g\u00e8nes . On en a eu confirmation encore hier en for\u00eat noire \u2026.. Par contre , la surprise de ce samedi est venue du g\u00e9r\u00f4mois C\u00e9lestin M\u00e9line , tr\u00e8s \u00e0 l\u2019aise sur ce site et 2\u00e8 de son ann\u00e9e d\u2019\u00e2ge .<\/p>\n<p>Sinon la plupart des autres sauteurs du groupe se sont rapproch\u00e9s du podium dans une \u00e9preuve relev\u00e9e par un nombre important de sauteurs Autrichiens, ce qui valorise plus encore le niveau du r\u00e9sultat d\u2019hier .<\/p>\n<p>Juste \u00e0 signaler quelques absents c\u00f4t\u00e9 Vosgien , mais qui sont tout de m\u00eame class\u00e9s au g\u00e9n\u00e9ral final d\u00e8s lors qu\u2019ils ont particip\u00e9 \u00e0 au moins 2 \u00e9preuves sur les 3 . Ce challenge est dot\u00e9 par son principal supporter, qui n\u2019est autre que le champion olympique de combin\u00e9 nordique de 1968 \u00e0 Grenoble : Georg Thoma , originaire de For\u00eat noire \u2026\u2026<\/p>\n<p>Semaine de repos maintenant pour les jeunes sauteurs du massif afin de pr\u00e9parer sereinement la rentr\u00e9e scolaire et avant la reprise de l\u2019entrainement dans les sections sportives ou avec les groupes Vosges .<\/p>\n<p><strong>R.R<\/strong><\/p>\n<p><strong>R\u00e9sultats du concours de Bad Griesbach Allemagnele \u00a0samedi 22 ao\u00fbt 2015 Tremplins K 10m et K28m :\u00a0<\/strong><\/p>\n<p>Tremplin K 10m<\/p>\n<p>1er Louka DIDIER Xonrupt 11 m 11,5m ( 1er au g\u00e9n\u00e9ral final)<\/p>\n<p>6\u00e8 Mathieu PLANTAIN La Bresse 8,5m 9m ( 7\u00e8 au g\u00e9n\u00e9ral final)<\/p>\n<p>7\u00e8 Sacha DREYER Kruth 7,5m 8,5m ( 9 \u00e8 au g\u00e9n\u00e9ral final)<\/p>\n<p>(C\u00e9lestin MABILLE Ventron 2\u00e8 au g\u00e9n\u00e9ral final )<\/p>\n<p>Tremplin K28m<\/p>\n<p>Filles<\/p>\n<p>1ere Anna JACKLE All 25,5m 25m<\/p>\n<p>4\u00e8 Maela DIDIER La Bresse 20m 20 m ( 6\u00e8 au g\u00e9n\u00e9ral final)<\/p>\n<p>( Alice PAGEE 5\u00e8 au g\u00e9n\u00e9ral final )<\/p>\n<p>Gar\u00e7ons 9 ans<\/p>\n<p>1er Louka DIDIER Xonrupt 23m 22,5m<\/p>\n<p>11 ans<\/p>\n<p>1er Mael DIDIER Xonrupt 27,5m 28m ( 1er au g\u00e9n\u00e9ral final)<\/p>\n<p>2\u00e8 C\u00e9lestin MELINE Gerardmer SN 25m 26,5m<\/p>\n<p>5\u00e8 Adam BASTIEN Gerardmer SN 24m 24,5m ( 6\u00e8 au g\u00e9n\u00e9ral final)<\/p>\n<p>6\u00e8 Emile BOX Xonrupt 19,5m 22,5m ( 7\u00e8 au g\u00e9n\u00e9ral final)<\/p>\n<p>12 ans<\/p>\n<p>1er Jannick FAIST All 28,5m 29m<\/p>\n<p>4\u00e8 Timoth\u00e9e DREYER Kruth 24m 24m ( 6\u00e8 au g\u00e9n\u00e9ral final)<\/p>\n<p>( Johan MOUROT La Bresse ) 5\u00e8 au g\u00e9n\u00e9ral final<\/p>\n<p>13 ans<\/p>\n<p>(Antonin VAXELAIRE Xonrupt 5\u00e8 au g\u00e9n\u00e9ral final )<\/p>\n<p>14ans<\/p>\n<p>1er Dominik KULHMITZER Aut 30m 29m<\/p>\n<p>6\u00e8 Thomas FASSEL Kruth 25,5m 27m ( 7\u00e8 au g\u00e9n\u00e9ral final)<\/p>\n","protected":false},"excerpt":{"rendered":"<p>Le fait \u00e0 retenir de cette \u00e9preuve est la grosse progression des jeunes sauteurs Vosgiens particuli\u00e8rement sur cette finale apr\u00e8s [&hellip;]<\/p>\n","protected":false},"author":1,"featured_media":13593,"comment_status":"open","ping_status":"open","sticky":false,"template":"","format":"standard","meta":{"footnotes":""},"categories":[14,18],"tags":[],"class_list":["post-13592","post","type-post","status-publish","format-standard","has-post-thumbnail","hentry","category-sport","category-vosges"],"acf":[],"yoast_head":"<!-- This site is optimized with the Yoast SEO plugin v22.5 - https:\/\/yoast.com\/wordpress\/plugins\/seo\/ -->\n<title>Saut : les jeunes Vosgiens en constante progression - Gerardmer Info<\/title>\n<meta name=\"robots\" content=\"index, follow, max-snippet:-1, max-image-preview:large, max-video-preview:-1\" \/>\n<link rel=\"canonical\" href=\"https:\/\/vosgesinfo.fr\/gerardmerinfo\/2015\/08\/saut-les-jeunes-vosgiens-en-constante-progression\/\" \/>\n<meta name=\"twitter:card\" content=\"summary_large_image\" \/>\n<meta name=\"twitter:title\" content=\"Saut : les jeunes Vosgiens en constante progression - Gerardmer Info\" \/>\n<meta name=\"twitter:description\" content=\"Le fait \u00e0 retenir de cette \u00e9preuve est la grosse progression des jeunes sauteurs Vosgiens particuli\u00e8rement sur cette finale apr\u00e8s [&hellip;]\" \/>\n<meta name=\"twitter:image\" content=\"https:\/\/vosgesinfo.fr\/app\/uploads\/sites\/6\/2024\/07\/201508groupe-vo-bad-griesbach.jpg\" \/>\n<meta name=\"twitter:creator\" content=\"@VosgesInfo88\" \/>\n<meta name=\"twitter:site\" content=\"@VosgesInfo88\" \/>\n<meta name=\"twitter:label1\" content=\"\u00c9crit par\" \/>\n\t<meta name=\"twitter:data1\" content=\"qs_admin\" \/>\n\t<meta name=\"twitter:label2\" content=\"Dur\u00e9e de lecture estim\u00e9e\" \/>\n\t<meta name=\"twitter:data2\" content=\"2 minutes\" \/>\n<script type=\"application\/ld+json\" class=\"yoast-schema-graph\">{\"@context\":\"https:\/\/schema.org\",\"@graph\":[{\"@type\":\"Article\",\"@id\":\"https:\/\/vosgesinfo.fr\/gerardmerinfo\/2015\/08\/saut-les-jeunes-vosgiens-en-constante-progression\/#article\",\"isPartOf\":{\"@id\":\"https:\/\/vosgesinfo.fr\/gerardmerinfo\/2015\/08\/saut-les-jeunes-vosgiens-en-constante-progression\/\"},\"author\":{\"name\":\"qs_admin\",\"@id\":\"https:\/\/vosgesinfo.fr\/gerardmerinfo\/#\/schema\/person\/bc5d02d71e6932e81b6dadb7386667b1\"},\"headline\":\"Saut : les jeunes Vosgiens en constante progression\",\"datePublished\":\"2015-08-23T13:21:09+00:00\",\"dateModified\":\"2015-08-23T13:21:09+00:00\",\"mainEntityOfPage\":{\"@id\":\"https:\/\/vosgesinfo.fr\/gerardmerinfo\/2015\/08\/saut-les-jeunes-vosgiens-en-constante-progression\/\"},\"wordCount\":506,\"commentCount\":0,\"publisher\":{\"@id\":\"https:\/\/vosgesinfo.fr\/gerardmerinfo\/#organization\"},\"image\":{\"@id\":\"https:\/\/vosgesinfo.fr\/gerardmerinfo\/2015\/08\/saut-les-jeunes-vosgiens-en-constante-progression\/#primaryimage\"},\"thumbnailUrl\":\"https:\/\/vosgesinfo.fr\/app\/uploads\/sites\/6\/2024\/07\/201508groupe-vo-bad-griesbach.jpg\",\"articleSection\":[\"Sport\",\"Vosges\"],\"inLanguage\":\"fr-FR\",\"potentialAction\":[{\"@type\":\"CommentAction\",\"name\":\"Comment\",\"target\":[\"https:\/\/vosgesinfo.fr\/gerardmerinfo\/2015\/08\/saut-les-jeunes-vosgiens-en-constante-progression\/#respond\"]}]},{\"@type\":\"WebPage\",\"@id\":\"https:\/\/vosgesinfo.fr\/gerardmerinfo\/2015\/08\/saut-les-jeunes-vosgiens-en-constante-progression\/\",\"url\":\"https:\/\/vosgesinfo.fr\/gerardmerinfo\/2015\/08\/saut-les-jeunes-vosgiens-en-constante-progression\/\",\"name\":\"Saut : les jeunes Vosgiens en constante progression - Gerardmer Info\",\"isPartOf\":{\"@id\":\"https:\/\/vosgesinfo.fr\/gerardmerinfo\/#website\"},\"primaryImageOfPage\":{\"@id\":\"https:\/\/vosgesinfo.fr\/gerardmerinfo\/2015\/08\/saut-les-jeunes-vosgiens-en-constante-progression\/#primaryimage\"},\"image\":{\"@id\":\"https:\/\/vosgesinfo.fr\/gerardmerinfo\/2015\/08\/saut-les-jeunes-vosgiens-en-constante-progression\/#primaryimage\"},\"thumbnailUrl\":\"https:\/\/vosgesinfo.fr\/app\/uploads\/sites\/6\/2024\/07\/201508groupe-vo-bad-griesbach.jpg\",\"datePublished\":\"2015-08-23T13:21:09+00:00\",\"dateModified\":\"2015-08-23T13:21:09+00:00\",\"breadcrumb\":{\"@id\":\"https:\/\/vosgesinfo.fr\/gerardmerinfo\/2015\/08\/saut-les-jeunes-vosgiens-en-constante-progression\/#breadcrumb\"},\"inLanguage\":\"fr-FR\",\"potentialAction\":[{\"@type\":\"ReadAction\",\"target\":[\"https:\/\/vosgesinfo.fr\/gerardmerinfo\/2015\/08\/saut-les-jeunes-vosgiens-en-constante-progression\/\"]}]},{\"@type\":\"ImageObject\",\"inLanguage\":\"fr-FR\",\"@id\":\"https:\/\/vosgesinfo.fr\/gerardmerinfo\/2015\/08\/saut-les-jeunes-vosgiens-en-constante-progression\/#primaryimage\",\"url\":\"https:\/\/vosgesinfo.fr\/app\/uploads\/sites\/6\/2024\/07\/201508groupe-vo-bad-griesbach.jpg\",\"contentUrl\":\"https:\/\/vosgesinfo.fr\/app\/uploads\/sites\/6\/2024\/07\/201508groupe-vo-bad-griesbach.jpg\",\"width\":800,\"height\":600},{\"@type\":\"BreadcrumbList\",\"@id\":\"https:\/\/vosgesinfo.fr\/gerardmerinfo\/2015\/08\/saut-les-jeunes-vosgiens-en-constante-progression\/#breadcrumb\",\"itemListElement\":[{\"@type\":\"ListItem\",\"position\":1,\"name\":\"Home\",\"item\":\"https:\/\/vosgesinfo.fr\/gerardmerinfo\/\"},{\"@type\":\"ListItem\",\"position\":2,\"name\":\"Saut : les jeunes Vosgiens en constante progression\"}]},{\"@type\":\"WebSite\",\"@id\":\"https:\/\/vosgesinfo.fr\/gerardmerinfo\/#website\",\"url\":\"https:\/\/vosgesinfo.fr\/gerardmerinfo\/\",\"name\":\"Gerardmer Info\",\"description\":\"Toute l&#039;actualit\u00e9 de G\u00e9rardmer\",\"publisher\":{\"@id\":\"https:\/\/vosgesinfo.fr\/gerardmerinfo\/#organization\"},\"alternateName\":\"Toute l'actualit\u00e9 de G\u00e9rardmer\",\"potentialAction\":[{\"@type\":\"SearchAction\",\"target\":{\"@type\":\"EntryPoint\",\"urlTemplate\":\"https:\/\/vosgesinfo.fr\/gerardmerinfo\/?s={search_term_string}\"},\"query-input\":\"required name=search_term_string\"}],\"inLanguage\":\"fr-FR\"},{\"@type\":\"Organization\",\"@id\":\"https:\/\/vosgesinfo.fr\/gerardmerinfo\/#organization\",\"name\":\"Gerardmer Info\",\"url\":\"https:\/\/vosgesinfo.fr\/gerardmerinfo\/\",\"logo\":{\"@type\":\"ImageObject\",\"inLanguage\":\"fr-FR\",\"@id\":\"https:\/\/vosgesinfo.fr\/gerardmerinfo\/#\/schema\/logo\/image\/\",\"url\":\"https:\/\/vosgesinfo.fr\/app\/uploads\/sites\/6\/2023\/08\/favicon-gerardmerinfo.png\",\"contentUrl\":\"https:\/\/vosgesinfo.fr\/app\/uploads\/sites\/6\/2023\/08\/favicon-gerardmerinfo.png\",\"width\":512,\"height\":512,\"caption\":\"Gerardmer Info\"},\"image\":{\"@id\":\"https:\/\/vosgesinfo.fr\/gerardmerinfo\/#\/schema\/logo\/image\/\"},\"sameAs\":[\"https:\/\/www.facebook.com\/profile.php?id=100049475262660\",\"https:\/\/x.com\/VosgesInfo88\",\"https:\/\/www.youtube.com\/@vosgesinfo\"]},{\"@type\":\"Person\",\"@id\":\"https:\/\/vosgesinfo.fr\/gerardmerinfo\/#\/schema\/person\/bc5d02d71e6932e81b6dadb7386667b1\",\"name\":\"qs_admin\",\"image\":{\"@type\":\"ImageObject\",\"inLanguage\":\"fr-FR\",\"@id\":\"https:\/\/vosgesinfo.fr\/gerardmerinfo\/#\/schema\/person\/image\/\",\"url\":\"https:\/\/secure.gravatar.com\/avatar\/94b18ee0ed79e4a42ea2f2931277b6841a8999fc6fde214600c78057cf1fe1de?s=96&d=mm&r=g\",\"contentUrl\":\"https:\/\/secure.gravatar.com\/avatar\/94b18ee0ed79e4a42ea2f2931277b6841a8999fc6fde214600c78057cf1fe1de?s=96&d=mm&r=g\",\"caption\":\"qs_admin\"},\"sameAs\":[\"https:\/\/vosgesinfo.fr\/wp\"],\"url\":\"https:\/\/vosgesinfo.fr\/gerardmerinfo\/author\/qs_admin\/\"}]}<\/script>\n<!-- \/ Yoast SEO plugin. -->","yoast_head_json":{"title":"Saut : les jeunes Vosgiens en constante progression - Gerardmer Info","robots":{"index":"index","follow":"follow","max-snippet":"max-snippet:-1","max-image-preview":"max-image-preview:large","max-video-preview":"max-video-preview:-1"},"canonical":"https:\/\/vosgesinfo.fr\/gerardmerinfo\/2015\/08\/saut-les-jeunes-vosgiens-en-constante-progression\/","twitter_card":"summary_large_image","twitter_title":"Saut : les jeunes Vosgiens en constante progression - Gerardmer Info","twitter_description":"Le fait \u00e0 retenir de cette \u00e9preuve est la grosse progression des jeunes sauteurs Vosgiens particuli\u00e8rement sur cette finale apr\u00e8s [&hellip;]","twitter_image":"https:\/\/vosgesinfo.fr\/app\/uploads\/sites\/6\/2024\/07\/201508groupe-vo-bad-griesbach.jpg","twitter_creator":"@VosgesInfo88","twitter_site":"@VosgesInfo88","twitter_misc":{"\u00c9crit par":"qs_admin","Dur\u00e9e de lecture estim\u00e9e":"2 minutes"},"schema":{"@context":"https:\/\/schema.org","@graph":[{"@type":"Article","@id":"https:\/\/vosgesinfo.fr\/gerardmerinfo\/2015\/08\/saut-les-jeunes-vosgiens-en-constante-progression\/#article","isPartOf":{"@id":"https:\/\/vosgesinfo.fr\/gerardmerinfo\/2015\/08\/saut-les-jeunes-vosgiens-en-constante-progression\/"},"author":{"name":"qs_admin","@id":"https:\/\/vosgesinfo.fr\/gerardmerinfo\/#\/schema\/person\/bc5d02d71e6932e81b6dadb7386667b1"},"headline":"Saut : les jeunes Vosgiens en constante progression","datePublished":"2015-08-23T13:21:09+00:00","dateModified":"2015-08-23T13:21:09+00:00","mainEntityOfPage":{"@id":"https:\/\/vosgesinfo.fr\/gerardmerinfo\/2015\/08\/saut-les-jeunes-vosgiens-en-constante-progression\/"},"wordCount":506,"commentCount":0,"publisher":{"@id":"https:\/\/vosgesinfo.fr\/gerardmerinfo\/#organization"},"image":{"@id":"https:\/\/vosgesinfo.fr\/gerardmerinfo\/2015\/08\/saut-les-jeunes-vosgiens-en-constante-progression\/#primaryimage"},"thumbnailUrl":"https:\/\/vosgesinfo.fr\/app\/uploads\/sites\/6\/2024\/07\/201508groupe-vo-bad-griesbach.jpg","articleSection":["Sport","Vosges"],"inLanguage":"fr-FR","potentialAction":[{"@type":"CommentAction","name":"Comment","target":["https:\/\/vosgesinfo.fr\/gerardmerinfo\/2015\/08\/saut-les-jeunes-vosgiens-en-constante-progression\/#respond"]}]},{"@type":"WebPage","@id":"https:\/\/vosgesinfo.fr\/gerardmerinfo\/2015\/08\/saut-les-jeunes-vosgiens-en-constante-progression\/","url":"https:\/\/vosgesinfo.fr\/gerardmerinfo\/2015\/08\/saut-les-jeunes-vosgiens-en-constante-progression\/","name":"Saut : les jeunes Vosgiens en constante progression - Gerardmer Info","isPartOf":{"@id":"https:\/\/vosgesinfo.fr\/gerardmerinfo\/#website"},"primaryImageOfPage":{"@id":"https:\/\/vosgesinfo.fr\/gerardmerinfo\/2015\/08\/saut-les-jeunes-vosgiens-en-constante-progression\/#primaryimage"},"image":{"@id":"https:\/\/vosgesinfo.fr\/gerardmerinfo\/2015\/08\/saut-les-jeunes-vosgiens-en-constante-progression\/#primaryimage"},"thumbnailUrl":"https:\/\/vosgesinfo.fr\/app\/uploads\/sites\/6\/2024\/07\/201508groupe-vo-bad-griesbach.jpg","datePublished":"2015-08-23T13:21:09+00:00","dateModified":"2015-08-23T13:21:09+00:00","breadcrumb":{"@id":"https:\/\/vosgesinfo.fr\/gerardmerinfo\/2015\/08\/saut-les-jeunes-vosgiens-en-constante-progression\/#breadcrumb"},"inLanguage":"fr-FR","potentialAction":[{"@type":"ReadAction","target":["https:\/\/vosgesinfo.fr\/gerardmerinfo\/2015\/08\/saut-les-jeunes-vosgiens-en-constante-progression\/"]}]},{"@type":"ImageObject","inLanguage":"fr-FR","@id":"https:\/\/vosgesinfo.fr\/gerardmerinfo\/2015\/08\/saut-les-jeunes-vosgiens-en-constante-progression\/#primaryimage","url":"https:\/\/vosgesinfo.fr\/app\/uploads\/sites\/6\/2024\/07\/201508groupe-vo-bad-griesbach.jpg","contentUrl":"https:\/\/vosgesinfo.fr\/app\/uploads\/sites\/6\/2024\/07\/201508groupe-vo-bad-griesbach.jpg","width":800,"height":600},{"@type":"BreadcrumbList","@id":"https:\/\/vosgesinfo.fr\/gerardmerinfo\/2015\/08\/saut-les-jeunes-vosgiens-en-constante-progression\/#breadcrumb","itemListElement":[{"@type":"ListItem","position":1,"name":"Home","item":"https:\/\/vosgesinfo.fr\/gerardmerinfo\/"},{"@type":"ListItem","position":2,"name":"Saut : les jeunes Vosgiens en constante progression"}]},{"@type":"WebSite","@id":"https:\/\/vosgesinfo.fr\/gerardmerinfo\/#website","url":"https:\/\/vosgesinfo.fr\/gerardmerinfo\/","name":"Gerardmer Info","description":"Toute l&#039;actualit\u00e9 de G\u00e9rardmer","publisher":{"@id":"https:\/\/vosgesinfo.fr\/gerardmerinfo\/#organization"},"alternateName":"Toute l'actualit\u00e9 de G\u00e9rardmer","potentialAction":[{"@type":"SearchAction","target":{"@type":"EntryPoint","urlTemplate":"https:\/\/vosgesinfo.fr\/gerardmerinfo\/?s={search_term_string}"},"query-input":"required name=search_term_string"}],"inLanguage":"fr-FR"},{"@type":"Organization","@id":"https:\/\/vosgesinfo.fr\/gerardmerinfo\/#organization","name":"Gerardmer Info","url":"https:\/\/vosgesinfo.fr\/gerardmerinfo\/","logo":{"@type":"ImageObject","inLanguage":"fr-FR","@id":"https:\/\/vosgesinfo.fr\/gerardmerinfo\/#\/schema\/logo\/image\/","url":"https:\/\/vosgesinfo.fr\/app\/uploads\/sites\/6\/2023\/08\/favicon-gerardmerinfo.png","contentUrl":"https:\/\/vosgesinfo.fr\/app\/uploads\/sites\/6\/2023\/08\/favicon-gerardmerinfo.png","width":512,"height":512,"caption":"Gerardmer Info"},"image":{"@id":"https:\/\/vosgesinfo.fr\/gerardmerinfo\/#\/schema\/logo\/image\/"},"sameAs":["https:\/\/www.facebook.com\/profile.php?id=100049475262660","https:\/\/x.com\/VosgesInfo88","https:\/\/www.youtube.com\/@vosgesinfo"]},{"@type":"Person","@id":"https:\/\/vosgesinfo.fr\/gerardmerinfo\/#\/schema\/person\/bc5d02d71e6932e81b6dadb7386667b1","name":"qs_admin","image":{"@type":"ImageObject","inLanguage":"fr-FR","@id":"https:\/\/vosgesinfo.fr\/gerardmerinfo\/#\/schema\/person\/image\/","url":"https:\/\/secure.gravatar.com\/avatar\/94b18ee0ed79e4a42ea2f2931277b6841a8999fc6fde214600c78057cf1fe1de?s=96&d=mm&r=g","contentUrl":"https:\/\/secure.gravatar.com\/avatar\/94b18ee0ed79e4a42ea2f2931277b6841a8999fc6fde214600c78057cf1fe1de?s=96&d=mm&r=g","caption":"qs_admin"},"sameAs":["https:\/\/vosgesinfo.fr\/wp"],"url":"https:\/\/vosgesinfo.fr\/gerardmerinfo\/author\/qs_admin\/"}]}},"_links":{"self":[{"href":"https:\/\/vosgesinfo.fr\/gerardmerinfo\/wp-json\/wp\/v2\/posts\/13592","targetHints":{"allow":["GET"]}}],"collection":[{"href":"https:\/\/vosgesinfo.fr\/gerardmerinfo\/wp-json\/wp\/v2\/posts"}],"about":[{"href":"https:\/\/vosgesinfo.fr\/gerardmerinfo\/wp-json\/wp\/v2\/types\/post"}],"author":[{"embeddable":true,"href":"https:\/\/vosgesinfo.fr\/gerardmerinfo\/wp-json\/wp\/v2\/users\/1"}],"replies":[{"embeddable":true,"href":"https:\/\/vosgesinfo.fr\/gerardmerinfo\/wp-json\/wp\/v2\/comments?post=13592"}],"version-history":[{"count":0,"href":"https:\/\/vosgesinfo.fr\/gerardmerinfo\/wp-json\/wp\/v2\/posts\/13592\/revisions"}],"wp:featuredmedia":[{"embeddable":true,"href":"https:\/\/vosgesinfo.fr\/gerardmerinfo\/wp-json\/wp\/v2\/media\/13593"}],"wp:attachment":[{"href":"https:\/\/vosgesinfo.fr\/gerardmerinfo\/wp-json\/wp\/v2\/media?parent=13592"}],"wp:term":[{"taxonomy":"category","embeddable":true,"href":"https:\/\/vosgesinfo.fr\/gerardmerinfo\/wp-json\/wp\/v2\/categories?post=13592"},{"taxonomy":"post_tag","embeddable":true,"href":"https:\/\/vosgesinfo.fr\/gerardmerinfo\/wp-json\/wp\/v2\/tags?post=13592"}],"curies":[{"name":"wp","href":"https:\/\/api.w.org\/{rel}","templated":true}]}}