{"id":13844,"date":"2015-09-06T15:18:23","date_gmt":"2015-09-06T13:18:23","guid":{"rendered":"https:\/\/vosgesinfo.fr\/gerardmerinfo\/2015\/09\/triathlon-international-lepreuve-olympique-au-britannique-karl-shaw\/"},"modified":"2015-09-06T15:18:23","modified_gmt":"2015-09-06T13:18:23","slug":"triathlon-international-lepreuve-olympique-au-britannique-karl-shaw","status":"publish","type":"post","link":"https:\/\/vosgesinfo.fr\/gerardmerinfo\/2015\/09\/triathlon-international-lepreuve-olympique-au-britannique-karl-shaw\/","title":{"rendered":"Triathlon International &#8211; l&rsquo;\u00e9preuve Olympique au britannique Karl SHAW"},"content":{"rendered":"<div id=\"attachment_62084\" style=\"width: 609px\" class=\"wp-caption alignleft\"><a href=\"\/2015\/09\/karl.jpg\"><img decoding=\"async\" aria-describedby=\"caption-attachment-62084\" class=\"size-full wp-image-62084\" src=\"\/2015\/09\/karl.jpg\" alt=\"Le vainqueur de l'\u00e9preuve dite olympique\" width=\"599\" height=\"398\" \/><\/a><p id=\"caption-attachment-62084\" class=\"wp-caption-text\"><strong><span style=\"color: #993300;\">Le vainqueur de l&rsquo;\u00e9preuve dite olympique<\/span><\/strong><\/p><\/div>\n<p>Comme pour la course XL, l&rsquo;\u00e9preuve phare du dimanche a elle aussi \u00e9tait particuli\u00e8rement haletante. C&rsquo;est le britannique Karl Shaw qui s&rsquo;impose en 2h 05mn et 59 s devant les fran\u00e7ais Felix Duchamp et Thomas Sayer qui se sont eux aussi livr\u00e9s un v\u00e9ritable mano \u00e0 mano notamment dans les derniers kilom\u00e8tres de course \u00e0 pied : 13 petites secondes s\u00e9parent le second du trois\u00e8me !<\/p>\n<div id=\"attachment_62102\" style=\"width: 310px\" class=\"wp-caption alignleft\"><a href=\"\/2015\/09\/kristina.jpg\"><img decoding=\"async\" aria-describedby=\"caption-attachment-62102\" class=\"wp-image-62102 size-thumbnail\" src=\"\/2015\/09\/kristina-300x300.jpg\" alt=\"Kristina remporte l'\u00e9preuve femme\" width=\"300\" height=\"300\" \/><\/a><p id=\"caption-attachment-62102\" class=\"wp-caption-text\"><strong><span style=\"color: #993300;\">Kristina Zieutons remporte l&rsquo;\u00e9preuve femme<\/span><\/strong><\/p><\/div>\n<p>Chez les f\u00e9minines, l&rsquo;\u00e9preuve a \u00e9t\u00e9 beaucoup plus fluide sans h\u00e9sitation de la part de l&rsquo;allemande Kristina ZIEUTONS licenci\u00e9e \u00e0 Metz qui s&rsquo;impose en 2h24mn et 51s devant la belge Alexandra Tondeur \u00e0 presque 8 minutes alors qu&rsquo;une autre allemande monte sur la 3\u00e8me marche du podium en la personne de Renate FORSTNER.<\/p>\n<p>A noter que Alexandra Tondeur avait d\u00e9j\u00e0 termin\u00e9 seconde la veille lors du triathlon XL&#8230;non mais alors !<\/p>\n<p>Mais la journ\u00e9e du dimanche de ce long week-end consacr\u00e9 au triptyque c&rsquo;est aussi la promotion du sport de masse, avec la course dite d\u00e9couverte avec 1 600 athl\u00e8tes au d\u00e9part\u00a0 puis toutes les courses consacr\u00e9es aux jeunes triathl\u00e8tes. L&rsquo;\u00e9preuve internationale est un r\u00e9el \u00e9lan pour le sport de masse.<\/p>\n<p><strong>Tous les r\u00e9sultats :<\/strong><\/p>\n<p>D\u00e9couverte <a class=\"Important\" href=\"http:\/\/www.chronorace.be\/Classements\/Classement.aspx?eventId=1137199965844689&amp;mode=large&amp;IdClassement=12333\">Classement<\/a><\/p>\n<p>Trikids : <a class=\"Important\" href=\"http:\/\/www.chronorace.be\/Classements\/Classement.aspx?eventId=1137199965844689&amp;mode=large&amp;IdClassement=12335\">Classement<\/a><\/p>\n<p>MiniKids : <a class=\"Important\" href=\"http:\/\/www.chronorace.be\/Classements\/Classement.aspx?eventId=1137199965844689&amp;mode=large&amp;IdClassement=12339\">Classement<\/a><\/p>\n<p>Distance Olympique : <a class=\"Important\" href=\"http:\/\/www.chronorace.be\/Classements\/Classement.aspx?eventId=1137199965844689&amp;mode=large&amp;IdClassement=12347\">Classement<\/a><\/p>\n\n\t\t<style type=\"text\/css\">\n\t\t\t#gallery-1 {\n\t\t\t\tmargin: auto;\n\t\t\t}\n\t\t\t#gallery-1 .gallery-item {\n\t\t\t\tfloat: left;\n\t\t\t\tmargin-top: 10px;\n\t\t\t\ttext-align: center;\n\t\t\t\twidth: 50%;\n\t\t\t}\n\t\t\t#gallery-1 img {\n\t\t\t\tborder: 2px solid #cfcfcf;\n\t\t\t}\n\t\t\t#gallery-1 .gallery-caption {\n\t\t\t\tmargin-left: 0;\n\t\t\t}\n\t\t\t\/* see gallery_shortcode() in wp-includes\/media.php *\/\n\t\t<\/style>\n\t\t<div id='gallery-1' class='gallery galleryid-13844 gallery-columns-2 gallery-size-large'><dl class='gallery-item'>\n\t\t\t<dt class='gallery-icon landscape'>\n\t\t\t\t<a href='https:\/\/vosgesinfo.fr\/gerardmerinfo\/2022\/10\/ski-gerardmer-accueille-jeux-de-lopa-de-saut-a-ski-de-combine-nordique\/2019-08-saut-a-ski-bas-rupts-2-2\/'><img decoding=\"async\" width=\"800\" height=\"600\" src=\"https:\/\/vosgesinfo.fr\/app\/uploads\/sites\/6\/2024\/07\/201908saut-a-ski-bas-rupts-2-1.jpg\" class=\"attachment-large size-large\" alt=\"\" srcset=\"https:\/\/vosgesinfo.fr\/app\/uploads\/sites\/6\/2024\/07\/201908saut-a-ski-bas-rupts-2-1.jpg 800w, https:\/\/vosgesinfo.fr\/app\/uploads\/sites\/6\/2024\/07\/201908saut-a-ski-bas-rupts-2-1-300x225.jpg 300w, https:\/\/vosgesinfo.fr\/app\/uploads\/sites\/6\/2024\/07\/201908saut-a-ski-bas-rupts-2-1-768x576.jpg 768w\" sizes=\"(max-width: 800px) 100vw, 800px\" \/><\/a>\n\t\t\t<\/dt><\/dl><dl class='gallery-item'>\n\t\t\t<dt class='gallery-icon landscape'>\n\t\t\t\t<a href='https:\/\/vosgesinfo.fr\/gerardmerinfo\/2022\/10\/fig-carte-humaine-portugal-place-general-de-gaulle\/2022-10-fig-carte_humaine_portugal-10\/'><img decoding=\"async\" width=\"1024\" height=\"771\" src=\"https:\/\/vosgesinfo.fr\/app\/uploads\/sites\/6\/2024\/07\/202210fig-carte-humaine-portugal-10-1024x771.jpg\" class=\"attachment-large size-large\" alt=\"\" srcset=\"https:\/\/vosgesinfo.fr\/app\/uploads\/sites\/6\/2024\/07\/202210fig-carte-humaine-portugal-10-1024x771.jpg 1024w, https:\/\/vosgesinfo.fr\/app\/uploads\/sites\/6\/2024\/07\/202210fig-carte-humaine-portugal-10-300x226.jpg 300w, https:\/\/vosgesinfo.fr\/app\/uploads\/sites\/6\/2024\/07\/202210fig-carte-humaine-portugal-10-768x578.jpg 768w, https:\/\/vosgesinfo.fr\/app\/uploads\/sites\/6\/2024\/07\/202210fig-carte-humaine-portugal-10-1536x1157.jpg 1536w, https:\/\/vosgesinfo.fr\/app\/uploads\/sites\/6\/2024\/07\/202210fig-carte-humaine-portugal-10.jpg 1600w\" sizes=\"(max-width: 1024px) 100vw, 1024px\" \/><\/a>\n\t\t\t<\/dt><\/dl><br style=\"clear: both\" \/><dl class='gallery-item'>\n\t\t\t<dt class='gallery-icon landscape'>\n\t\t\t\t<a href='https:\/\/vosgesinfo.fr\/gerardmerinfo\/2022\/10\/boule-lyonnaise-1er-concours-a-domicile-1ere-victoire-geromois\/2022-10-boule-lyonnaise-asg-quadrette-2\/'><img decoding=\"async\" width=\"480\" height=\"360\" src=\"https:\/\/vosgesinfo.fr\/app\/uploads\/sites\/6\/2024\/07\/202210boule-lyonnaise-asg-quadrette-2.jpg\" class=\"attachment-large size-large\" alt=\"\" srcset=\"https:\/\/vosgesinfo.fr\/app\/uploads\/sites\/6\/2024\/07\/202210boule-lyonnaise-asg-quadrette-2.jpg 480w, https:\/\/vosgesinfo.fr\/app\/uploads\/sites\/6\/2024\/07\/202210boule-lyonnaise-asg-quadrette-2-300x225.jpg 300w\" sizes=\"(max-width: 480px) 100vw, 480px\" \/><\/a>\n\t\t\t<\/dt><\/dl><dl class='gallery-item'>\n\t\t\t<dt class='gallery-icon landscape'>\n\t\t\t\t<a href='https:\/\/vosgesinfo.fr\/gerardmerinfo\/2022\/10\/boule-lyonnaise-1er-concours-a-domicile-1ere-victoire-geromois\/2022-10-boule-lyonnaise-asg-quadrette-7\/'><img decoding=\"async\" width=\"1024\" height=\"768\" src=\"https:\/\/vosgesinfo.fr\/app\/uploads\/sites\/6\/2024\/07\/202210boule-lyonnaise-asg-quadrette-7-1024x768.jpg\" class=\"attachment-large size-large\" alt=\"\" srcset=\"https:\/\/vosgesinfo.fr\/app\/uploads\/sites\/6\/2024\/07\/202210boule-lyonnaise-asg-quadrette-7-1024x768.jpg 1024w, https:\/\/vosgesinfo.fr\/app\/uploads\/sites\/6\/2024\/07\/202210boule-lyonnaise-asg-quadrette-7-300x225.jpg 300w, https:\/\/vosgesinfo.fr\/app\/uploads\/sites\/6\/2024\/07\/202210boule-lyonnaise-asg-quadrette-7-768x576.jpg 768w, https:\/\/vosgesinfo.fr\/app\/uploads\/sites\/6\/2024\/07\/202210boule-lyonnaise-asg-quadrette-7-1536x1152.jpg 1536w, https:\/\/vosgesinfo.fr\/app\/uploads\/sites\/6\/2024\/07\/202210boule-lyonnaise-asg-quadrette-7.jpg 1600w\" sizes=\"(max-width: 1024px) 100vw, 1024px\" \/><\/a>\n\t\t\t<\/dt><\/dl><br style=\"clear: both\" \/><dl class='gallery-item'>\n\t\t\t<dt class='gallery-icon landscape'>\n\t\t\t\t<a href='https:\/\/vosgesinfo.fr\/gerardmerinfo\/2022\/10\/boule-lyonnaise-1er-concours-a-domicile-1ere-victoire-geromois\/2022-10-boule-lyonnaise-asg-quadrette-6\/'><img decoding=\"async\" width=\"1024\" height=\"768\" src=\"https:\/\/vosgesinfo.fr\/app\/uploads\/sites\/6\/2024\/07\/202210boule-lyonnaise-asg-quadrette-6-1024x768.jpg\" class=\"attachment-large size-large\" alt=\"\" srcset=\"https:\/\/vosgesinfo.fr\/app\/uploads\/sites\/6\/2024\/07\/202210boule-lyonnaise-asg-quadrette-6-1024x768.jpg 1024w, https:\/\/vosgesinfo.fr\/app\/uploads\/sites\/6\/2024\/07\/202210boule-lyonnaise-asg-quadrette-6-300x225.jpg 300w, https:\/\/vosgesinfo.fr\/app\/uploads\/sites\/6\/2024\/07\/202210boule-lyonnaise-asg-quadrette-6-768x576.jpg 768w, https:\/\/vosgesinfo.fr\/app\/uploads\/sites\/6\/2024\/07\/202210boule-lyonnaise-asg-quadrette-6-1536x1152.jpg 1536w, https:\/\/vosgesinfo.fr\/app\/uploads\/sites\/6\/2024\/07\/202210boule-lyonnaise-asg-quadrette-6.jpg 1600w\" sizes=\"(max-width: 1024px) 100vw, 1024px\" \/><\/a>\n\t\t\t<\/dt><\/dl><dl class='gallery-item'>\n\t\t\t<dt class='gallery-icon landscape'>\n\t\t\t\t<a href='https:\/\/vosgesinfo.fr\/gerardmerinfo\/2022\/10\/boule-lyonnaise-1er-concours-a-domicile-1ere-victoire-geromois\/2022-10-boule-lyonnaise-asg-quadrette-5\/'><img decoding=\"async\" width=\"1024\" height=\"768\" src=\"https:\/\/vosgesinfo.fr\/app\/uploads\/sites\/6\/2024\/07\/202210boule-lyonnaise-asg-quadrette-5-1024x768.jpg\" class=\"attachment-large size-large\" alt=\"\" srcset=\"https:\/\/vosgesinfo.fr\/app\/uploads\/sites\/6\/2024\/07\/202210boule-lyonnaise-asg-quadrette-5-1024x768.jpg 1024w, https:\/\/vosgesinfo.fr\/app\/uploads\/sites\/6\/2024\/07\/202210boule-lyonnaise-asg-quadrette-5-300x225.jpg 300w, https:\/\/vosgesinfo.fr\/app\/uploads\/sites\/6\/2024\/07\/202210boule-lyonnaise-asg-quadrette-5-768x576.jpg 768w, https:\/\/vosgesinfo.fr\/app\/uploads\/sites\/6\/2024\/07\/202210boule-lyonnaise-asg-quadrette-5-1536x1152.jpg 1536w, https:\/\/vosgesinfo.fr\/app\/uploads\/sites\/6\/2024\/07\/202210boule-lyonnaise-asg-quadrette-5.jpg 1600w\" sizes=\"(max-width: 1024px) 100vw, 1024px\" \/><\/a>\n\t\t\t<\/dt><\/dl><br style=\"clear: both\" \/><dl class='gallery-item'>\n\t\t\t<dt class='gallery-icon landscape'>\n\t\t\t\t<a href='https:\/\/vosgesinfo.fr\/gerardmerinfo\/2022\/10\/boule-lyonnaise-1er-concours-a-domicile-1ere-victoire-geromois\/2022-10-boule-lyonnaise-asg-quadrette-1\/'><img decoding=\"async\" width=\"1024\" height=\"768\" src=\"https:\/\/vosgesinfo.fr\/app\/uploads\/sites\/6\/2024\/07\/202210boule-lyonnaise-asg-quadrette-1-1024x768.jpg\" class=\"attachment-large size-large\" alt=\"\" srcset=\"https:\/\/vosgesinfo.fr\/app\/uploads\/sites\/6\/2024\/07\/202210boule-lyonnaise-asg-quadrette-1-1024x768.jpg 1024w, https:\/\/vosgesinfo.fr\/app\/uploads\/sites\/6\/2024\/07\/202210boule-lyonnaise-asg-quadrette-1-300x225.jpg 300w, https:\/\/vosgesinfo.fr\/app\/uploads\/sites\/6\/2024\/07\/202210boule-lyonnaise-asg-quadrette-1-768x576.jpg 768w, https:\/\/vosgesinfo.fr\/app\/uploads\/sites\/6\/2024\/07\/202210boule-lyonnaise-asg-quadrette-1-1536x1152.jpg 1536w, https:\/\/vosgesinfo.fr\/app\/uploads\/sites\/6\/2024\/07\/202210boule-lyonnaise-asg-quadrette-1.jpg 1600w\" sizes=\"(max-width: 1024px) 100vw, 1024px\" \/><\/a>\n\t\t\t<\/dt><\/dl><dl class='gallery-item'>\n\t\t\t<dt class='gallery-icon landscape'>\n\t\t\t\t<a href='https:\/\/vosgesinfo.fr\/gerardmerinfo\/2022\/10\/boule-lyonnaise-1er-concours-a-domicile-1ere-victoire-geromois\/2022-10-boule-lyonnaise-asg-quadrette-4\/'><img decoding=\"async\" width=\"480\" height=\"360\" src=\"https:\/\/vosgesinfo.fr\/app\/uploads\/sites\/6\/2024\/07\/202210boule-lyonnaise-asg-quadrette-4.jpg\" class=\"attachment-large size-large\" alt=\"\" srcset=\"https:\/\/vosgesinfo.fr\/app\/uploads\/sites\/6\/2024\/07\/202210boule-lyonnaise-asg-quadrette-4.jpg 480w, https:\/\/vosgesinfo.fr\/app\/uploads\/sites\/6\/2024\/07\/202210boule-lyonnaise-asg-quadrette-4-300x225.jpg 300w\" sizes=\"(max-width: 480px) 100vw, 480px\" \/><\/a>\n\t\t\t<\/dt><\/dl><br style=\"clear: both\" \/>\n\t\t<\/div>\n\n<p>&nbsp;<\/p>\n<p>&nbsp;<\/p>\n<p>&nbsp;<\/p>\n<p>&nbsp;<\/p>\n","protected":false},"excerpt":{"rendered":"<p>Comme pour la course XL, l&rsquo;\u00e9preuve phare du dimanche a elle aussi \u00e9tait particuli\u00e8rement haletante. C&rsquo;est le britannique Karl Shaw [&hellip;]<\/p>\n","protected":false},"author":1,"featured_media":13845,"comment_status":"open","ping_status":"open","sticky":false,"template":"","format":"standard","meta":{"footnotes":""},"categories":[8,14,31],"tags":[],"class_list":["post-13844","post","type-post","status-publish","format-standard","has-post-thumbnail","hentry","category-faits-divers","category-sport","category-vosges-faits-divers"],"acf":[],"yoast_head":"<!-- This site is optimized with the Yoast SEO plugin v22.5 - https:\/\/yoast.com\/wordpress\/plugins\/seo\/ -->\n<title>Triathlon International - l&#039;\u00e9preuve Olympique au britannique Karl SHAW - Gerardmer Info<\/title>\n<meta name=\"robots\" content=\"index, follow, max-snippet:-1, max-image-preview:large, max-video-preview:-1\" \/>\n<link rel=\"canonical\" href=\"https:\/\/vosgesinfo.fr\/gerardmerinfo\/2015\/09\/triathlon-international-lepreuve-olympique-au-britannique-karl-shaw\/\" \/>\n<meta name=\"twitter:card\" content=\"summary_large_image\" \/>\n<meta name=\"twitter:title\" content=\"Triathlon International - l&#039;\u00e9preuve Olympique au britannique Karl SHAW - Gerardmer Info\" \/>\n<meta name=\"twitter:description\" content=\"Comme pour la course XL, l&rsquo;\u00e9preuve phare du dimanche a elle aussi \u00e9tait particuli\u00e8rement haletante. C&rsquo;est le britannique Karl Shaw [&hellip;]\" \/>\n<meta name=\"twitter:image\" content=\"https:\/\/vosgesinfo.fr\/app\/uploads\/sites\/6\/2024\/07\/201509karl.jpg\" \/>\n<meta name=\"twitter:creator\" content=\"@VosgesInfo88\" \/>\n<meta name=\"twitter:site\" content=\"@VosgesInfo88\" \/>\n<meta name=\"twitter:label1\" content=\"\u00c9crit par\" \/>\n\t<meta name=\"twitter:data1\" content=\"qs_admin\" \/>\n\t<meta name=\"twitter:label2\" content=\"Dur\u00e9e de lecture estim\u00e9e\" \/>\n\t<meta name=\"twitter:data2\" content=\"1 minute\" \/>\n<script type=\"application\/ld+json\" class=\"yoast-schema-graph\">{\"@context\":\"https:\/\/schema.org\",\"@graph\":[{\"@type\":\"Article\",\"@id\":\"https:\/\/vosgesinfo.fr\/gerardmerinfo\/2015\/09\/triathlon-international-lepreuve-olympique-au-britannique-karl-shaw\/#article\",\"isPartOf\":{\"@id\":\"https:\/\/vosgesinfo.fr\/gerardmerinfo\/2015\/09\/triathlon-international-lepreuve-olympique-au-britannique-karl-shaw\/\"},\"author\":{\"name\":\"qs_admin\",\"@id\":\"https:\/\/vosgesinfo.fr\/gerardmerinfo\/#\/schema\/person\/bc5d02d71e6932e81b6dadb7386667b1\"},\"headline\":\"Triathlon International &#8211; l&rsquo;\u00e9preuve Olympique au britannique Karl SHAW\",\"datePublished\":\"2015-09-06T13:18:23+00:00\",\"dateModified\":\"2015-09-06T13:18:23+00:00\",\"mainEntityOfPage\":{\"@id\":\"https:\/\/vosgesinfo.fr\/gerardmerinfo\/2015\/09\/triathlon-international-lepreuve-olympique-au-britannique-karl-shaw\/\"},\"wordCount\":264,\"commentCount\":0,\"publisher\":{\"@id\":\"https:\/\/vosgesinfo.fr\/gerardmerinfo\/#organization\"},\"image\":{\"@id\":\"https:\/\/vosgesinfo.fr\/gerardmerinfo\/2015\/09\/triathlon-international-lepreuve-olympique-au-britannique-karl-shaw\/#primaryimage\"},\"thumbnailUrl\":\"https:\/\/vosgesinfo.fr\/app\/uploads\/sites\/6\/2024\/07\/201509karl.jpg\",\"articleSection\":[\"Faits-divers\",\"Sport\",\"Vosges\"],\"inLanguage\":\"fr-FR\",\"potentialAction\":[{\"@type\":\"CommentAction\",\"name\":\"Comment\",\"target\":[\"https:\/\/vosgesinfo.fr\/gerardmerinfo\/2015\/09\/triathlon-international-lepreuve-olympique-au-britannique-karl-shaw\/#respond\"]}]},{\"@type\":\"WebPage\",\"@id\":\"https:\/\/vosgesinfo.fr\/gerardmerinfo\/2015\/09\/triathlon-international-lepreuve-olympique-au-britannique-karl-shaw\/\",\"url\":\"https:\/\/vosgesinfo.fr\/gerardmerinfo\/2015\/09\/triathlon-international-lepreuve-olympique-au-britannique-karl-shaw\/\",\"name\":\"Triathlon International - l'\u00e9preuve Olympique au britannique Karl SHAW - Gerardmer Info\",\"isPartOf\":{\"@id\":\"https:\/\/vosgesinfo.fr\/gerardmerinfo\/#website\"},\"primaryImageOfPage\":{\"@id\":\"https:\/\/vosgesinfo.fr\/gerardmerinfo\/2015\/09\/triathlon-international-lepreuve-olympique-au-britannique-karl-shaw\/#primaryimage\"},\"image\":{\"@id\":\"https:\/\/vosgesinfo.fr\/gerardmerinfo\/2015\/09\/triathlon-international-lepreuve-olympique-au-britannique-karl-shaw\/#primaryimage\"},\"thumbnailUrl\":\"https:\/\/vosgesinfo.fr\/app\/uploads\/sites\/6\/2024\/07\/201509karl.jpg\",\"datePublished\":\"2015-09-06T13:18:23+00:00\",\"dateModified\":\"2015-09-06T13:18:23+00:00\",\"breadcrumb\":{\"@id\":\"https:\/\/vosgesinfo.fr\/gerardmerinfo\/2015\/09\/triathlon-international-lepreuve-olympique-au-britannique-karl-shaw\/#breadcrumb\"},\"inLanguage\":\"fr-FR\",\"potentialAction\":[{\"@type\":\"ReadAction\",\"target\":[\"https:\/\/vosgesinfo.fr\/gerardmerinfo\/2015\/09\/triathlon-international-lepreuve-olympique-au-britannique-karl-shaw\/\"]}]},{\"@type\":\"ImageObject\",\"inLanguage\":\"fr-FR\",\"@id\":\"https:\/\/vosgesinfo.fr\/gerardmerinfo\/2015\/09\/triathlon-international-lepreuve-olympique-au-britannique-karl-shaw\/#primaryimage\",\"url\":\"https:\/\/vosgesinfo.fr\/app\/uploads\/sites\/6\/2024\/07\/201509karl.jpg\",\"contentUrl\":\"https:\/\/vosgesinfo.fr\/app\/uploads\/sites\/6\/2024\/07\/201509karl.jpg\",\"width\":599,\"height\":398},{\"@type\":\"BreadcrumbList\",\"@id\":\"https:\/\/vosgesinfo.fr\/gerardmerinfo\/2015\/09\/triathlon-international-lepreuve-olympique-au-britannique-karl-shaw\/#breadcrumb\",\"itemListElement\":[{\"@type\":\"ListItem\",\"position\":1,\"name\":\"Home\",\"item\":\"https:\/\/vosgesinfo.fr\/gerardmerinfo\/\"},{\"@type\":\"ListItem\",\"position\":2,\"name\":\"Triathlon International &#8211; l&rsquo;\u00e9preuve Olympique au britannique Karl SHAW\"}]},{\"@type\":\"WebSite\",\"@id\":\"https:\/\/vosgesinfo.fr\/gerardmerinfo\/#website\",\"url\":\"https:\/\/vosgesinfo.fr\/gerardmerinfo\/\",\"name\":\"Gerardmer Info\",\"description\":\"Toute l&#039;actualit\u00e9 de G\u00e9rardmer\",\"publisher\":{\"@id\":\"https:\/\/vosgesinfo.fr\/gerardmerinfo\/#organization\"},\"alternateName\":\"Toute l'actualit\u00e9 de G\u00e9rardmer\",\"potentialAction\":[{\"@type\":\"SearchAction\",\"target\":{\"@type\":\"EntryPoint\",\"urlTemplate\":\"https:\/\/vosgesinfo.fr\/gerardmerinfo\/?s={search_term_string}\"},\"query-input\":\"required name=search_term_string\"}],\"inLanguage\":\"fr-FR\"},{\"@type\":\"Organization\",\"@id\":\"https:\/\/vosgesinfo.fr\/gerardmerinfo\/#organization\",\"name\":\"Gerardmer Info\",\"url\":\"https:\/\/vosgesinfo.fr\/gerardmerinfo\/\",\"logo\":{\"@type\":\"ImageObject\",\"inLanguage\":\"fr-FR\",\"@id\":\"https:\/\/vosgesinfo.fr\/gerardmerinfo\/#\/schema\/logo\/image\/\",\"url\":\"https:\/\/vosgesinfo.fr\/app\/uploads\/sites\/6\/2023\/08\/favicon-gerardmerinfo.png\",\"contentUrl\":\"https:\/\/vosgesinfo.fr\/app\/uploads\/sites\/6\/2023\/08\/favicon-gerardmerinfo.png\",\"width\":512,\"height\":512,\"caption\":\"Gerardmer Info\"},\"image\":{\"@id\":\"https:\/\/vosgesinfo.fr\/gerardmerinfo\/#\/schema\/logo\/image\/\"},\"sameAs\":[\"https:\/\/www.facebook.com\/profile.php?id=100049475262660\",\"https:\/\/x.com\/VosgesInfo88\",\"https:\/\/www.youtube.com\/@vosgesinfo\"]},{\"@type\":\"Person\",\"@id\":\"https:\/\/vosgesinfo.fr\/gerardmerinfo\/#\/schema\/person\/bc5d02d71e6932e81b6dadb7386667b1\",\"name\":\"qs_admin\",\"image\":{\"@type\":\"ImageObject\",\"inLanguage\":\"fr-FR\",\"@id\":\"https:\/\/vosgesinfo.fr\/gerardmerinfo\/#\/schema\/person\/image\/\",\"url\":\"https:\/\/secure.gravatar.com\/avatar\/94b18ee0ed79e4a42ea2f2931277b6841a8999fc6fde214600c78057cf1fe1de?s=96&d=mm&r=g\",\"contentUrl\":\"https:\/\/secure.gravatar.com\/avatar\/94b18ee0ed79e4a42ea2f2931277b6841a8999fc6fde214600c78057cf1fe1de?s=96&d=mm&r=g\",\"caption\":\"qs_admin\"},\"sameAs\":[\"https:\/\/vosgesinfo.fr\/wp\"],\"url\":\"https:\/\/vosgesinfo.fr\/gerardmerinfo\/author\/qs_admin\/\"}]}<\/script>\n<!-- \/ Yoast SEO plugin. -->","yoast_head_json":{"title":"Triathlon International - l'\u00e9preuve Olympique au britannique Karl SHAW - Gerardmer Info","robots":{"index":"index","follow":"follow","max-snippet":"max-snippet:-1","max-image-preview":"max-image-preview:large","max-video-preview":"max-video-preview:-1"},"canonical":"https:\/\/vosgesinfo.fr\/gerardmerinfo\/2015\/09\/triathlon-international-lepreuve-olympique-au-britannique-karl-shaw\/","twitter_card":"summary_large_image","twitter_title":"Triathlon International - l'\u00e9preuve Olympique au britannique Karl SHAW - Gerardmer Info","twitter_description":"Comme pour la course XL, l&rsquo;\u00e9preuve phare du dimanche a elle aussi \u00e9tait particuli\u00e8rement haletante. C&rsquo;est le britannique Karl Shaw [&hellip;]","twitter_image":"https:\/\/vosgesinfo.fr\/app\/uploads\/sites\/6\/2024\/07\/201509karl.jpg","twitter_creator":"@VosgesInfo88","twitter_site":"@VosgesInfo88","twitter_misc":{"\u00c9crit par":"qs_admin","Dur\u00e9e de lecture estim\u00e9e":"1 minute"},"schema":{"@context":"https:\/\/schema.org","@graph":[{"@type":"Article","@id":"https:\/\/vosgesinfo.fr\/gerardmerinfo\/2015\/09\/triathlon-international-lepreuve-olympique-au-britannique-karl-shaw\/#article","isPartOf":{"@id":"https:\/\/vosgesinfo.fr\/gerardmerinfo\/2015\/09\/triathlon-international-lepreuve-olympique-au-britannique-karl-shaw\/"},"author":{"name":"qs_admin","@id":"https:\/\/vosgesinfo.fr\/gerardmerinfo\/#\/schema\/person\/bc5d02d71e6932e81b6dadb7386667b1"},"headline":"Triathlon International &#8211; l&rsquo;\u00e9preuve Olympique au britannique Karl SHAW","datePublished":"2015-09-06T13:18:23+00:00","dateModified":"2015-09-06T13:18:23+00:00","mainEntityOfPage":{"@id":"https:\/\/vosgesinfo.fr\/gerardmerinfo\/2015\/09\/triathlon-international-lepreuve-olympique-au-britannique-karl-shaw\/"},"wordCount":264,"commentCount":0,"publisher":{"@id":"https:\/\/vosgesinfo.fr\/gerardmerinfo\/#organization"},"image":{"@id":"https:\/\/vosgesinfo.fr\/gerardmerinfo\/2015\/09\/triathlon-international-lepreuve-olympique-au-britannique-karl-shaw\/#primaryimage"},"thumbnailUrl":"https:\/\/vosgesinfo.fr\/app\/uploads\/sites\/6\/2024\/07\/201509karl.jpg","articleSection":["Faits-divers","Sport","Vosges"],"inLanguage":"fr-FR","potentialAction":[{"@type":"CommentAction","name":"Comment","target":["https:\/\/vosgesinfo.fr\/gerardmerinfo\/2015\/09\/triathlon-international-lepreuve-olympique-au-britannique-karl-shaw\/#respond"]}]},{"@type":"WebPage","@id":"https:\/\/vosgesinfo.fr\/gerardmerinfo\/2015\/09\/triathlon-international-lepreuve-olympique-au-britannique-karl-shaw\/","url":"https:\/\/vosgesinfo.fr\/gerardmerinfo\/2015\/09\/triathlon-international-lepreuve-olympique-au-britannique-karl-shaw\/","name":"Triathlon International - l'\u00e9preuve Olympique au britannique Karl SHAW - Gerardmer Info","isPartOf":{"@id":"https:\/\/vosgesinfo.fr\/gerardmerinfo\/#website"},"primaryImageOfPage":{"@id":"https:\/\/vosgesinfo.fr\/gerardmerinfo\/2015\/09\/triathlon-international-lepreuve-olympique-au-britannique-karl-shaw\/#primaryimage"},"image":{"@id":"https:\/\/vosgesinfo.fr\/gerardmerinfo\/2015\/09\/triathlon-international-lepreuve-olympique-au-britannique-karl-shaw\/#primaryimage"},"thumbnailUrl":"https:\/\/vosgesinfo.fr\/app\/uploads\/sites\/6\/2024\/07\/201509karl.jpg","datePublished":"2015-09-06T13:18:23+00:00","dateModified":"2015-09-06T13:18:23+00:00","breadcrumb":{"@id":"https:\/\/vosgesinfo.fr\/gerardmerinfo\/2015\/09\/triathlon-international-lepreuve-olympique-au-britannique-karl-shaw\/#breadcrumb"},"inLanguage":"fr-FR","potentialAction":[{"@type":"ReadAction","target":["https:\/\/vosgesinfo.fr\/gerardmerinfo\/2015\/09\/triathlon-international-lepreuve-olympique-au-britannique-karl-shaw\/"]}]},{"@type":"ImageObject","inLanguage":"fr-FR","@id":"https:\/\/vosgesinfo.fr\/gerardmerinfo\/2015\/09\/triathlon-international-lepreuve-olympique-au-britannique-karl-shaw\/#primaryimage","url":"https:\/\/vosgesinfo.fr\/app\/uploads\/sites\/6\/2024\/07\/201509karl.jpg","contentUrl":"https:\/\/vosgesinfo.fr\/app\/uploads\/sites\/6\/2024\/07\/201509karl.jpg","width":599,"height":398},{"@type":"BreadcrumbList","@id":"https:\/\/vosgesinfo.fr\/gerardmerinfo\/2015\/09\/triathlon-international-lepreuve-olympique-au-britannique-karl-shaw\/#breadcrumb","itemListElement":[{"@type":"ListItem","position":1,"name":"Home","item":"https:\/\/vosgesinfo.fr\/gerardmerinfo\/"},{"@type":"ListItem","position":2,"name":"Triathlon International &#8211; l&rsquo;\u00e9preuve Olympique au britannique Karl SHAW"}]},{"@type":"WebSite","@id":"https:\/\/vosgesinfo.fr\/gerardmerinfo\/#website","url":"https:\/\/vosgesinfo.fr\/gerardmerinfo\/","name":"Gerardmer Info","description":"Toute l&#039;actualit\u00e9 de G\u00e9rardmer","publisher":{"@id":"https:\/\/vosgesinfo.fr\/gerardmerinfo\/#organization"},"alternateName":"Toute l'actualit\u00e9 de G\u00e9rardmer","potentialAction":[{"@type":"SearchAction","target":{"@type":"EntryPoint","urlTemplate":"https:\/\/vosgesinfo.fr\/gerardmerinfo\/?s={search_term_string}"},"query-input":"required name=search_term_string"}],"inLanguage":"fr-FR"},{"@type":"Organization","@id":"https:\/\/vosgesinfo.fr\/gerardmerinfo\/#organization","name":"Gerardmer Info","url":"https:\/\/vosgesinfo.fr\/gerardmerinfo\/","logo":{"@type":"ImageObject","inLanguage":"fr-FR","@id":"https:\/\/vosgesinfo.fr\/gerardmerinfo\/#\/schema\/logo\/image\/","url":"https:\/\/vosgesinfo.fr\/app\/uploads\/sites\/6\/2023\/08\/favicon-gerardmerinfo.png","contentUrl":"https:\/\/vosgesinfo.fr\/app\/uploads\/sites\/6\/2023\/08\/favicon-gerardmerinfo.png","width":512,"height":512,"caption":"Gerardmer Info"},"image":{"@id":"https:\/\/vosgesinfo.fr\/gerardmerinfo\/#\/schema\/logo\/image\/"},"sameAs":["https:\/\/www.facebook.com\/profile.php?id=100049475262660","https:\/\/x.com\/VosgesInfo88","https:\/\/www.youtube.com\/@vosgesinfo"]},{"@type":"Person","@id":"https:\/\/vosgesinfo.fr\/gerardmerinfo\/#\/schema\/person\/bc5d02d71e6932e81b6dadb7386667b1","name":"qs_admin","image":{"@type":"ImageObject","inLanguage":"fr-FR","@id":"https:\/\/vosgesinfo.fr\/gerardmerinfo\/#\/schema\/person\/image\/","url":"https:\/\/secure.gravatar.com\/avatar\/94b18ee0ed79e4a42ea2f2931277b6841a8999fc6fde214600c78057cf1fe1de?s=96&d=mm&r=g","contentUrl":"https:\/\/secure.gravatar.com\/avatar\/94b18ee0ed79e4a42ea2f2931277b6841a8999fc6fde214600c78057cf1fe1de?s=96&d=mm&r=g","caption":"qs_admin"},"sameAs":["https:\/\/vosgesinfo.fr\/wp"],"url":"https:\/\/vosgesinfo.fr\/gerardmerinfo\/author\/qs_admin\/"}]}},"_links":{"self":[{"href":"https:\/\/vosgesinfo.fr\/gerardmerinfo\/wp-json\/wp\/v2\/posts\/13844","targetHints":{"allow":["GET"]}}],"collection":[{"href":"https:\/\/vosgesinfo.fr\/gerardmerinfo\/wp-json\/wp\/v2\/posts"}],"about":[{"href":"https:\/\/vosgesinfo.fr\/gerardmerinfo\/wp-json\/wp\/v2\/types\/post"}],"author":[{"embeddable":true,"href":"https:\/\/vosgesinfo.fr\/gerardmerinfo\/wp-json\/wp\/v2\/users\/1"}],"replies":[{"embeddable":true,"href":"https:\/\/vosgesinfo.fr\/gerardmerinfo\/wp-json\/wp\/v2\/comments?post=13844"}],"version-history":[{"count":0,"href":"https:\/\/vosgesinfo.fr\/gerardmerinfo\/wp-json\/wp\/v2\/posts\/13844\/revisions"}],"wp:featuredmedia":[{"embeddable":true,"href":"https:\/\/vosgesinfo.fr\/gerardmerinfo\/wp-json\/wp\/v2\/media\/13845"}],"wp:attachment":[{"href":"https:\/\/vosgesinfo.fr\/gerardmerinfo\/wp-json\/wp\/v2\/media?parent=13844"}],"wp:term":[{"taxonomy":"category","embeddable":true,"href":"https:\/\/vosgesinfo.fr\/gerardmerinfo\/wp-json\/wp\/v2\/categories?post=13844"},{"taxonomy":"post_tag","embeddable":true,"href":"https:\/\/vosgesinfo.fr\/gerardmerinfo\/wp-json\/wp\/v2\/tags?post=13844"}],"curies":[{"name":"wp","href":"https:\/\/api.w.org\/{rel}","templated":true}]}}