{"id":14042,"date":"2015-09-16T15:54:48","date_gmt":"2015-09-16T13:54:48","guid":{"rendered":"https:\/\/vosgesinfo.fr\/gerardmerinfo\/2015\/09\/ballons-des-vosges-250-benevoles-sur-le-pont\/"},"modified":"2015-09-16T15:54:48","modified_gmt":"2015-09-16T13:54:48","slug":"ballons-des-vosges-250-benevoles-sur-le-pont","status":"publish","type":"post","link":"https:\/\/vosgesinfo.fr\/gerardmerinfo\/2015\/09\/ballons-des-vosges-250-benevoles-sur-le-pont\/","title":{"rendered":"Ballons des Vosges : 250 b\u00e9n\u00e9voles sur le pont !"},"content":{"rendered":"<p><a href=\"\/2015\/09\/IMG_4300-WEB.jpg\"><img decoding=\"async\" class=\"aligncenter size-large wp-image-62598\" src=\"\/2015\/09\/IMG_4300-WEB-1024x768.jpg\" alt=\"IMG_4300-WEB\" width=\"545\" height=\"409\" \/><\/a><\/p>\n<p><strong>Lundi soir, le V\u00e9lo Sports G\u00e9r\u00f4mois organisait sa d\u00e9sormais traditionnelle soir\u00e9e de remerciements en faveur des partenaires et b\u00e9n\u00e9voles de l&rsquo;\u00e9v\u00e9nement qui a regroup\u00e9 pas moins de 1 200 coureurs cette ann\u00e9e.<\/strong><\/p>\n<div id=\"attachment_62599\" style=\"width: 235px\" class=\"wp-caption alignleft\"><a href=\"\/2015\/09\/IMG_4295-WEB.jpg\"><img decoding=\"async\" aria-describedby=\"caption-attachment-62599\" class=\"size-medium wp-image-62599\" src=\"\/2015\/09\/IMG_4295-WEB-225x300.jpg\" alt=\"Le pr\u00e9sident J-C Ruer est bri\u00e8vement revenu sur la course du 30 ao\u00fbt dernier avant de mettre \u00e0 l'honneur les b\u00e9n\u00e9voles et partenaires des Ballons Vosgiens\" width=\"225\" height=\"300\" \/><\/a><p id=\"caption-attachment-62599\" class=\"wp-caption-text\">Le pr\u00e9sident J-C Ruer est bri\u00e8vement revenu sur la course du 30 ao\u00fbt dernier avant de mettre \u00e0 l&rsquo;honneur les b\u00e9n\u00e9voles et partenaires des Ballons Vosgiens<\/p><\/div>\n<p>Un \u00ab\u00a0score\u00a0\u00bb plus qu&rsquo;honorable et le VSG aurait peut-\u00eatre m\u00eame pu faire mieux comme le pr\u00e9cise l&#8217;embl\u00e9matique pr\u00e9sident du club Jean-Claude Ruer\u00a0: \u00ab\u00a0C&rsquo;est vraiment bien si l&rsquo;on consid\u00e8re l&rsquo;importante concurrence d&rsquo;une grosse organisation d&rsquo;une structure Belge \u00e0 la Planche des Belles filles ce m\u00eame week-end. Sans cela, nous aurions sans doute pu attirer entre 100 et 150 coureurs de plus\u00a0\u00bb. Mais pas de regret dans les propos du pr\u00e9sident, ce fut une belle \u00e9dition et de nombreux Belges avaient tout de m\u00eame r\u00e9pondu \u00e0 l&rsquo;appel, de m\u00eame que les habituels Hollandais, Suisses et Italiens qui traversent r\u00e9guli\u00e8rement la fronti\u00e8re pour participer \u00e0 cette course.<\/p>\n<p>S&rsquo;ils n&rsquo;h\u00e9sitent pas, c&rsquo;est qu&rsquo;ils savent que les Ballons sont toujours parfaitement organis\u00e9s. Avec une dizaine d&rsquo;\u00e9ditions dans la musette, l&rsquo;\u00e9quipe a acquis une bonne exp\u00e9rience et un solide savoir-faire ind\u00e9niable appuy\u00e9s par l&rsquo;apport indispensable des partenaires et b\u00e9n\u00e9voles\u00a0: \u00ab\u00a0Sans eux, on serait trop petit pour le faire. Cette ann\u00e9e ils \u00e9taient pr\u00e8s de 250. Ce sont les signaleurs, les postes de ravitaillement et toute la caravane qui suit les coureurs\u00a0\u00bb, a pr\u00e9cis\u00e9 Jean-Claude Ruer. Des b\u00e9n\u00e9voles \u00e0 qui il a adress\u00e9 au nom du VSG un grand merci, tout comme aux fid\u00e8les partenaires priv\u00e9s de la course et aux institutionnels que sont la Ville de G\u00e9rardmer, le Conseil D\u00e9partemental ainsi que le Conseil R\u00e9gional.<\/p>\n<p>Et pour les prochains Ballons Vosgiens, il faudra attendre fin ao\u00fbt 2017. Mais ne tremblez pas, fans de v\u00e9lo, il se dit qu&rsquo;il se pr\u00e9pare peut-\u00eatre quelque chose pour 2016 du c\u00f4t\u00e9 du VSG, affaire \u00e0 suivre&#8230;<\/p>\n","protected":false},"excerpt":{"rendered":"<p>Lundi soir, le V\u00e9lo Sports G\u00e9r\u00f4mois organisait sa d\u00e9sormais traditionnelle soir\u00e9e de remerciements en faveur des partenaires et b\u00e9n\u00e9voles de [&hellip;]<\/p>\n","protected":false},"author":42,"featured_media":14043,"comment_status":"open","ping_status":"open","sticky":false,"template":"","format":"standard","meta":{"footnotes":""},"categories":[14,17],"tags":[],"class_list":["post-14042","post","type-post","status-publish","format-standard","has-post-thumbnail","hentry","category-sport","category-vie-associative"],"acf":[],"yoast_head":"<!-- This site is optimized with the Yoast SEO plugin v22.5 - https:\/\/yoast.com\/wordpress\/plugins\/seo\/ -->\n<title>Ballons des Vosges : 250 b\u00e9n\u00e9voles sur le pont ! - Gerardmer Info<\/title>\n<meta name=\"robots\" content=\"index, follow, max-snippet:-1, max-image-preview:large, max-video-preview:-1\" \/>\n<link rel=\"canonical\" href=\"https:\/\/vosgesinfo.fr\/gerardmerinfo\/2015\/09\/ballons-des-vosges-250-benevoles-sur-le-pont\/\" \/>\n<meta name=\"twitter:card\" content=\"summary_large_image\" \/>\n<meta name=\"twitter:title\" content=\"Ballons des Vosges : 250 b\u00e9n\u00e9voles sur le pont ! - Gerardmer Info\" \/>\n<meta name=\"twitter:description\" content=\"Lundi soir, le V\u00e9lo Sports G\u00e9r\u00f4mois organisait sa d\u00e9sormais traditionnelle soir\u00e9e de remerciements en faveur des partenaires et b\u00e9n\u00e9voles de [&hellip;]\" \/>\n<meta name=\"twitter:image\" content=\"https:\/\/vosgesinfo.fr\/app\/uploads\/sites\/6\/2024\/07\/201509img-4295-web.jpg\" \/>\n<meta name=\"twitter:creator\" content=\"@VosgesInfo88\" \/>\n<meta name=\"twitter:site\" content=\"@VosgesInfo88\" \/>\n<meta name=\"twitter:label1\" content=\"\u00c9crit par\" \/>\n\t<meta name=\"twitter:data1\" content=\"QG\" \/>\n\t<meta name=\"twitter:label2\" content=\"Dur\u00e9e de lecture estim\u00e9e\" \/>\n\t<meta name=\"twitter:data2\" content=\"2 minutes\" \/>\n<script type=\"application\/ld+json\" class=\"yoast-schema-graph\">{\"@context\":\"https:\/\/schema.org\",\"@graph\":[{\"@type\":\"Article\",\"@id\":\"https:\/\/vosgesinfo.fr\/gerardmerinfo\/2015\/09\/ballons-des-vosges-250-benevoles-sur-le-pont\/#article\",\"isPartOf\":{\"@id\":\"https:\/\/vosgesinfo.fr\/gerardmerinfo\/2015\/09\/ballons-des-vosges-250-benevoles-sur-le-pont\/\"},\"author\":{\"name\":\"QG\",\"@id\":\"https:\/\/vosgesinfo.fr\/gerardmerinfo\/#\/schema\/person\/db5605779a843dad16b5368f3e7613a5\"},\"headline\":\"Ballons des Vosges : 250 b\u00e9n\u00e9voles sur le pont !\",\"datePublished\":\"2015-09-16T13:54:48+00:00\",\"dateModified\":\"2015-09-16T13:54:48+00:00\",\"mainEntityOfPage\":{\"@id\":\"https:\/\/vosgesinfo.fr\/gerardmerinfo\/2015\/09\/ballons-des-vosges-250-benevoles-sur-le-pont\/\"},\"wordCount\":384,\"commentCount\":0,\"publisher\":{\"@id\":\"https:\/\/vosgesinfo.fr\/gerardmerinfo\/#organization\"},\"image\":{\"@id\":\"https:\/\/vosgesinfo.fr\/gerardmerinfo\/2015\/09\/ballons-des-vosges-250-benevoles-sur-le-pont\/#primaryimage\"},\"thumbnailUrl\":\"https:\/\/vosgesinfo.fr\/app\/uploads\/sites\/6\/2024\/07\/201509img-4295-web.jpg\",\"articleSection\":[\"Sport\",\"Vie Associative\"],\"inLanguage\":\"fr-FR\",\"potentialAction\":[{\"@type\":\"CommentAction\",\"name\":\"Comment\",\"target\":[\"https:\/\/vosgesinfo.fr\/gerardmerinfo\/2015\/09\/ballons-des-vosges-250-benevoles-sur-le-pont\/#respond\"]}]},{\"@type\":\"WebPage\",\"@id\":\"https:\/\/vosgesinfo.fr\/gerardmerinfo\/2015\/09\/ballons-des-vosges-250-benevoles-sur-le-pont\/\",\"url\":\"https:\/\/vosgesinfo.fr\/gerardmerinfo\/2015\/09\/ballons-des-vosges-250-benevoles-sur-le-pont\/\",\"name\":\"Ballons des Vosges : 250 b\u00e9n\u00e9voles sur le pont ! - Gerardmer Info\",\"isPartOf\":{\"@id\":\"https:\/\/vosgesinfo.fr\/gerardmerinfo\/#website\"},\"primaryImageOfPage\":{\"@id\":\"https:\/\/vosgesinfo.fr\/gerardmerinfo\/2015\/09\/ballons-des-vosges-250-benevoles-sur-le-pont\/#primaryimage\"},\"image\":{\"@id\":\"https:\/\/vosgesinfo.fr\/gerardmerinfo\/2015\/09\/ballons-des-vosges-250-benevoles-sur-le-pont\/#primaryimage\"},\"thumbnailUrl\":\"https:\/\/vosgesinfo.fr\/app\/uploads\/sites\/6\/2024\/07\/201509img-4295-web.jpg\",\"datePublished\":\"2015-09-16T13:54:48+00:00\",\"dateModified\":\"2015-09-16T13:54:48+00:00\",\"breadcrumb\":{\"@id\":\"https:\/\/vosgesinfo.fr\/gerardmerinfo\/2015\/09\/ballons-des-vosges-250-benevoles-sur-le-pont\/#breadcrumb\"},\"inLanguage\":\"fr-FR\",\"potentialAction\":[{\"@type\":\"ReadAction\",\"target\":[\"https:\/\/vosgesinfo.fr\/gerardmerinfo\/2015\/09\/ballons-des-vosges-250-benevoles-sur-le-pont\/\"]}]},{\"@type\":\"ImageObject\",\"inLanguage\":\"fr-FR\",\"@id\":\"https:\/\/vosgesinfo.fr\/gerardmerinfo\/2015\/09\/ballons-des-vosges-250-benevoles-sur-le-pont\/#primaryimage\",\"url\":\"https:\/\/vosgesinfo.fr\/app\/uploads\/sites\/6\/2024\/07\/201509img-4295-web.jpg\",\"contentUrl\":\"https:\/\/vosgesinfo.fr\/app\/uploads\/sites\/6\/2024\/07\/201509img-4295-web.jpg\",\"width\":576,\"height\":768},{\"@type\":\"BreadcrumbList\",\"@id\":\"https:\/\/vosgesinfo.fr\/gerardmerinfo\/2015\/09\/ballons-des-vosges-250-benevoles-sur-le-pont\/#breadcrumb\",\"itemListElement\":[{\"@type\":\"ListItem\",\"position\":1,\"name\":\"Home\",\"item\":\"https:\/\/vosgesinfo.fr\/gerardmerinfo\/\"},{\"@type\":\"ListItem\",\"position\":2,\"name\":\"Ballons des Vosges : 250 b\u00e9n\u00e9voles sur le pont !\"}]},{\"@type\":\"WebSite\",\"@id\":\"https:\/\/vosgesinfo.fr\/gerardmerinfo\/#website\",\"url\":\"https:\/\/vosgesinfo.fr\/gerardmerinfo\/\",\"name\":\"Gerardmer Info\",\"description\":\"Toute l&#039;actualit\u00e9 de G\u00e9rardmer\",\"publisher\":{\"@id\":\"https:\/\/vosgesinfo.fr\/gerardmerinfo\/#organization\"},\"alternateName\":\"Toute l'actualit\u00e9 de G\u00e9rardmer\",\"potentialAction\":[{\"@type\":\"SearchAction\",\"target\":{\"@type\":\"EntryPoint\",\"urlTemplate\":\"https:\/\/vosgesinfo.fr\/gerardmerinfo\/?s={search_term_string}\"},\"query-input\":\"required name=search_term_string\"}],\"inLanguage\":\"fr-FR\"},{\"@type\":\"Organization\",\"@id\":\"https:\/\/vosgesinfo.fr\/gerardmerinfo\/#organization\",\"name\":\"Gerardmer Info\",\"url\":\"https:\/\/vosgesinfo.fr\/gerardmerinfo\/\",\"logo\":{\"@type\":\"ImageObject\",\"inLanguage\":\"fr-FR\",\"@id\":\"https:\/\/vosgesinfo.fr\/gerardmerinfo\/#\/schema\/logo\/image\/\",\"url\":\"https:\/\/vosgesinfo.fr\/app\/uploads\/sites\/6\/2023\/08\/favicon-gerardmerinfo.png\",\"contentUrl\":\"https:\/\/vosgesinfo.fr\/app\/uploads\/sites\/6\/2023\/08\/favicon-gerardmerinfo.png\",\"width\":512,\"height\":512,\"caption\":\"Gerardmer Info\"},\"image\":{\"@id\":\"https:\/\/vosgesinfo.fr\/gerardmerinfo\/#\/schema\/logo\/image\/\"},\"sameAs\":[\"https:\/\/www.facebook.com\/profile.php?id=100049475262660\",\"https:\/\/x.com\/VosgesInfo88\",\"https:\/\/www.youtube.com\/@vosgesinfo\"]},{\"@type\":\"Person\",\"@id\":\"https:\/\/vosgesinfo.fr\/gerardmerinfo\/#\/schema\/person\/db5605779a843dad16b5368f3e7613a5\",\"name\":\"QG\",\"image\":{\"@type\":\"ImageObject\",\"inLanguage\":\"fr-FR\",\"@id\":\"https:\/\/vosgesinfo.fr\/gerardmerinfo\/#\/schema\/person\/image\/\",\"url\":\"https:\/\/secure.gravatar.com\/avatar\/ea80c42c204b534408512832fde52504ecabb9706bcb6151cf6175e5b64e6793?s=96&d=mm&r=g\",\"contentUrl\":\"https:\/\/secure.gravatar.com\/avatar\/ea80c42c204b534408512832fde52504ecabb9706bcb6151cf6175e5b64e6793?s=96&d=mm&r=g\",\"caption\":\"QG\"},\"url\":\"https:\/\/vosgesinfo.fr\/gerardmerinfo\/author\/quentin88\/\"}]}<\/script>\n<!-- \/ Yoast SEO plugin. -->","yoast_head_json":{"title":"Ballons des Vosges : 250 b\u00e9n\u00e9voles sur le pont ! - Gerardmer Info","robots":{"index":"index","follow":"follow","max-snippet":"max-snippet:-1","max-image-preview":"max-image-preview:large","max-video-preview":"max-video-preview:-1"},"canonical":"https:\/\/vosgesinfo.fr\/gerardmerinfo\/2015\/09\/ballons-des-vosges-250-benevoles-sur-le-pont\/","twitter_card":"summary_large_image","twitter_title":"Ballons des Vosges : 250 b\u00e9n\u00e9voles sur le pont ! - Gerardmer Info","twitter_description":"Lundi soir, le V\u00e9lo Sports G\u00e9r\u00f4mois organisait sa d\u00e9sormais traditionnelle soir\u00e9e de remerciements en faveur des partenaires et b\u00e9n\u00e9voles de [&hellip;]","twitter_image":"https:\/\/vosgesinfo.fr\/app\/uploads\/sites\/6\/2024\/07\/201509img-4295-web.jpg","twitter_creator":"@VosgesInfo88","twitter_site":"@VosgesInfo88","twitter_misc":{"\u00c9crit par":"QG","Dur\u00e9e de lecture estim\u00e9e":"2 minutes"},"schema":{"@context":"https:\/\/schema.org","@graph":[{"@type":"Article","@id":"https:\/\/vosgesinfo.fr\/gerardmerinfo\/2015\/09\/ballons-des-vosges-250-benevoles-sur-le-pont\/#article","isPartOf":{"@id":"https:\/\/vosgesinfo.fr\/gerardmerinfo\/2015\/09\/ballons-des-vosges-250-benevoles-sur-le-pont\/"},"author":{"name":"QG","@id":"https:\/\/vosgesinfo.fr\/gerardmerinfo\/#\/schema\/person\/db5605779a843dad16b5368f3e7613a5"},"headline":"Ballons des Vosges : 250 b\u00e9n\u00e9voles sur le pont !","datePublished":"2015-09-16T13:54:48+00:00","dateModified":"2015-09-16T13:54:48+00:00","mainEntityOfPage":{"@id":"https:\/\/vosgesinfo.fr\/gerardmerinfo\/2015\/09\/ballons-des-vosges-250-benevoles-sur-le-pont\/"},"wordCount":384,"commentCount":0,"publisher":{"@id":"https:\/\/vosgesinfo.fr\/gerardmerinfo\/#organization"},"image":{"@id":"https:\/\/vosgesinfo.fr\/gerardmerinfo\/2015\/09\/ballons-des-vosges-250-benevoles-sur-le-pont\/#primaryimage"},"thumbnailUrl":"https:\/\/vosgesinfo.fr\/app\/uploads\/sites\/6\/2024\/07\/201509img-4295-web.jpg","articleSection":["Sport","Vie Associative"],"inLanguage":"fr-FR","potentialAction":[{"@type":"CommentAction","name":"Comment","target":["https:\/\/vosgesinfo.fr\/gerardmerinfo\/2015\/09\/ballons-des-vosges-250-benevoles-sur-le-pont\/#respond"]}]},{"@type":"WebPage","@id":"https:\/\/vosgesinfo.fr\/gerardmerinfo\/2015\/09\/ballons-des-vosges-250-benevoles-sur-le-pont\/","url":"https:\/\/vosgesinfo.fr\/gerardmerinfo\/2015\/09\/ballons-des-vosges-250-benevoles-sur-le-pont\/","name":"Ballons des Vosges : 250 b\u00e9n\u00e9voles sur le pont ! - Gerardmer Info","isPartOf":{"@id":"https:\/\/vosgesinfo.fr\/gerardmerinfo\/#website"},"primaryImageOfPage":{"@id":"https:\/\/vosgesinfo.fr\/gerardmerinfo\/2015\/09\/ballons-des-vosges-250-benevoles-sur-le-pont\/#primaryimage"},"image":{"@id":"https:\/\/vosgesinfo.fr\/gerardmerinfo\/2015\/09\/ballons-des-vosges-250-benevoles-sur-le-pont\/#primaryimage"},"thumbnailUrl":"https:\/\/vosgesinfo.fr\/app\/uploads\/sites\/6\/2024\/07\/201509img-4295-web.jpg","datePublished":"2015-09-16T13:54:48+00:00","dateModified":"2015-09-16T13:54:48+00:00","breadcrumb":{"@id":"https:\/\/vosgesinfo.fr\/gerardmerinfo\/2015\/09\/ballons-des-vosges-250-benevoles-sur-le-pont\/#breadcrumb"},"inLanguage":"fr-FR","potentialAction":[{"@type":"ReadAction","target":["https:\/\/vosgesinfo.fr\/gerardmerinfo\/2015\/09\/ballons-des-vosges-250-benevoles-sur-le-pont\/"]}]},{"@type":"ImageObject","inLanguage":"fr-FR","@id":"https:\/\/vosgesinfo.fr\/gerardmerinfo\/2015\/09\/ballons-des-vosges-250-benevoles-sur-le-pont\/#primaryimage","url":"https:\/\/vosgesinfo.fr\/app\/uploads\/sites\/6\/2024\/07\/201509img-4295-web.jpg","contentUrl":"https:\/\/vosgesinfo.fr\/app\/uploads\/sites\/6\/2024\/07\/201509img-4295-web.jpg","width":576,"height":768},{"@type":"BreadcrumbList","@id":"https:\/\/vosgesinfo.fr\/gerardmerinfo\/2015\/09\/ballons-des-vosges-250-benevoles-sur-le-pont\/#breadcrumb","itemListElement":[{"@type":"ListItem","position":1,"name":"Home","item":"https:\/\/vosgesinfo.fr\/gerardmerinfo\/"},{"@type":"ListItem","position":2,"name":"Ballons des Vosges : 250 b\u00e9n\u00e9voles sur le pont !"}]},{"@type":"WebSite","@id":"https:\/\/vosgesinfo.fr\/gerardmerinfo\/#website","url":"https:\/\/vosgesinfo.fr\/gerardmerinfo\/","name":"Gerardmer Info","description":"Toute l&#039;actualit\u00e9 de G\u00e9rardmer","publisher":{"@id":"https:\/\/vosgesinfo.fr\/gerardmerinfo\/#organization"},"alternateName":"Toute l'actualit\u00e9 de G\u00e9rardmer","potentialAction":[{"@type":"SearchAction","target":{"@type":"EntryPoint","urlTemplate":"https:\/\/vosgesinfo.fr\/gerardmerinfo\/?s={search_term_string}"},"query-input":"required name=search_term_string"}],"inLanguage":"fr-FR"},{"@type":"Organization","@id":"https:\/\/vosgesinfo.fr\/gerardmerinfo\/#organization","name":"Gerardmer Info","url":"https:\/\/vosgesinfo.fr\/gerardmerinfo\/","logo":{"@type":"ImageObject","inLanguage":"fr-FR","@id":"https:\/\/vosgesinfo.fr\/gerardmerinfo\/#\/schema\/logo\/image\/","url":"https:\/\/vosgesinfo.fr\/app\/uploads\/sites\/6\/2023\/08\/favicon-gerardmerinfo.png","contentUrl":"https:\/\/vosgesinfo.fr\/app\/uploads\/sites\/6\/2023\/08\/favicon-gerardmerinfo.png","width":512,"height":512,"caption":"Gerardmer Info"},"image":{"@id":"https:\/\/vosgesinfo.fr\/gerardmerinfo\/#\/schema\/logo\/image\/"},"sameAs":["https:\/\/www.facebook.com\/profile.php?id=100049475262660","https:\/\/x.com\/VosgesInfo88","https:\/\/www.youtube.com\/@vosgesinfo"]},{"@type":"Person","@id":"https:\/\/vosgesinfo.fr\/gerardmerinfo\/#\/schema\/person\/db5605779a843dad16b5368f3e7613a5","name":"QG","image":{"@type":"ImageObject","inLanguage":"fr-FR","@id":"https:\/\/vosgesinfo.fr\/gerardmerinfo\/#\/schema\/person\/image\/","url":"https:\/\/secure.gravatar.com\/avatar\/ea80c42c204b534408512832fde52504ecabb9706bcb6151cf6175e5b64e6793?s=96&d=mm&r=g","contentUrl":"https:\/\/secure.gravatar.com\/avatar\/ea80c42c204b534408512832fde52504ecabb9706bcb6151cf6175e5b64e6793?s=96&d=mm&r=g","caption":"QG"},"url":"https:\/\/vosgesinfo.fr\/gerardmerinfo\/author\/quentin88\/"}]}},"_links":{"self":[{"href":"https:\/\/vosgesinfo.fr\/gerardmerinfo\/wp-json\/wp\/v2\/posts\/14042","targetHints":{"allow":["GET"]}}],"collection":[{"href":"https:\/\/vosgesinfo.fr\/gerardmerinfo\/wp-json\/wp\/v2\/posts"}],"about":[{"href":"https:\/\/vosgesinfo.fr\/gerardmerinfo\/wp-json\/wp\/v2\/types\/post"}],"author":[{"embeddable":true,"href":"https:\/\/vosgesinfo.fr\/gerardmerinfo\/wp-json\/wp\/v2\/users\/42"}],"replies":[{"embeddable":true,"href":"https:\/\/vosgesinfo.fr\/gerardmerinfo\/wp-json\/wp\/v2\/comments?post=14042"}],"version-history":[{"count":0,"href":"https:\/\/vosgesinfo.fr\/gerardmerinfo\/wp-json\/wp\/v2\/posts\/14042\/revisions"}],"wp:featuredmedia":[{"embeddable":true,"href":"https:\/\/vosgesinfo.fr\/gerardmerinfo\/wp-json\/wp\/v2\/media\/14043"}],"wp:attachment":[{"href":"https:\/\/vosgesinfo.fr\/gerardmerinfo\/wp-json\/wp\/v2\/media?parent=14042"}],"wp:term":[{"taxonomy":"category","embeddable":true,"href":"https:\/\/vosgesinfo.fr\/gerardmerinfo\/wp-json\/wp\/v2\/categories?post=14042"},{"taxonomy":"post_tag","embeddable":true,"href":"https:\/\/vosgesinfo.fr\/gerardmerinfo\/wp-json\/wp\/v2\/tags?post=14042"}],"curies":[{"name":"wp","href":"https:\/\/api.w.org\/{rel}","templated":true}]}}