{"id":14047,"date":"2015-09-17T12:08:24","date_gmt":"2015-09-17T10:08:24","guid":{"rendered":"https:\/\/vosgesinfo.fr\/gerardmerinfo\/2015\/09\/gerardmer-accueille-le-rallye-vosgien\/"},"modified":"2015-09-17T12:08:24","modified_gmt":"2015-09-17T10:08:24","slug":"gerardmer-accueille-le-rallye-vosgien","status":"publish","type":"post","link":"https:\/\/vosgesinfo.fr\/gerardmerinfo\/2015\/09\/gerardmer-accueille-le-rallye-vosgien\/","title":{"rendered":"G\u00e9rardmer accueille le Rallye Vosgien"},"content":{"rendered":"<p><a href=\"\/2015\/09\/affiche_rallyevosgien_2015.jpg\"><img decoding=\"async\" class=\"alignleft size-full wp-image-62632\" src=\"\/2015\/09\/affiche_rallyevosgien_2015.jpg\" alt=\"affiche_rallyevosgien_2015\" width=\"616\" height=\"754\" \/><\/a>G\u00e9rardmer \u00e9tait et sera d\u00e9finitivement une terre de Rallye. La Perle des Vosges re\u00e7oit pendant ce week-end le Rallye Vosgien inscrit aujourd&rsquo;hui au championnat de France 2\u00e8me division. Comme au bon vieux temps du Rallye de Lorraine, comme au bon vieux temps o\u00f9 la ville \u00e9tait le point n\u00e9vralgique des courses automobiles organis\u00e9es dans l&rsquo;Est de la France voire au niveau nationale lorsque le tour de France\u00a0 passait sur la route des cr\u00eates&#8230;.Souvenir nostalgique de Henry,\u00a0 Saimpy, Grobot, Hazard, Poirot, Serpaggi, Roussely, Meny, &#8230;et toute une foultitude de sacr\u00e9 coup de volant.<\/p>\n<div id=\"attachment_62638\" style=\"width: 310px\" class=\"wp-caption alignright\"><a href=\"\/2015\/09\/sebastien-ogier-a-nouveau-titre-dans-les-vosges.jpg\"><img decoding=\"async\" aria-describedby=\"caption-attachment-62638\" class=\"size-thumbnail wp-image-62638\" src=\"\/2015\/09\/sebastien-ogier-a-nouveau-titre-dans-les-vosges-300x300.jpg\" alt=\"Le champion du monde S\u00e9bastien Vosgien \u00e9tait engag\u00e9 dans le rallye Vosgien en 2011\" width=\"300\" height=\"300\" \/><\/a><p id=\"caption-attachment-62638\" class=\"wp-caption-text\"><span style=\"color: #ff6600;\"><strong>Le champion du monde S\u00e9bastien Augier \u00e9tait engag\u00e9 dans le rallye Vosgien en 2011<\/strong><\/span><\/p><\/div>\n<p>Les Vosges, terres de Rallye depuis les ann\u00e9es 50 jusqu\u2019au d\u00e9but des ann\u00e9es 90, ce fut une r\u00e9alit\u00e9 qui semble reprendre forme avec l\u2019av\u00e8nement du Rallye Vosgien. Depuis\u00a0 3 d\u00e9cennies, l&rsquo;\u00e9preuve se dessine\u00a0 toujours un peu plus, le trait \u00e9paissit avec notamment la participation de diff\u00e9rents pilotes inscrits au Championnat du Monde comme ce fut le en 2013, 2012, 2011 et 2010 avec la pr\u00e9sence de Robert KUBICA, Mikko HIRVONEN, S\u00e9bastien OGIER, Kimi R\u00c4IKONEN&#8230;Tous vainqueurs de l&rsquo;\u00e9preuve en pr\u00e9vision du rallye de France abandonn\u00e9 aujourd&rsquo;hui &#8230;H\u00e9las.<\/p>\n<p id=\"u3125-22\">Apr\u00e8s avoir accueilli de grands noms du sport automobile venus alors successivement prendre la mesure du terrain vosgien, <span id=\"u3125-2\">le Rallye Vosgien rel\u00e8ve cette ann\u00e9e un nouveau d\u00e9fi sportif en acc\u00e9dant au rang de manche du Championnat de France des Rallyes 2<\/span><span id=\"u3125-3\" class=\"superscript\">\u00e8me<\/span><span id=\"u3125-4\"> Division<\/span>. Instaur\u00e9 par la F\u00e9d\u00e9ration Fran\u00e7aise du Sport Automobile (F.F.S.A.), ce championnat s\u2019appuie sur quinze rallyes, avec un s\u00e9lectionn\u00e9 dans chaque Comit\u00e9 R\u00e9gional du Sport Automobile. En Lorraine &#8211; Alsace, <span id=\"u3125-6\">la candidature du 30<\/span><span id=\"u3125-7\" class=\"superscript\">\u00e8me<\/span><span id=\"u3125-8\"> Rallye Vosgien a \u00e9t\u00e9 ainsi retenue par la F.F.S.A<\/span>. Le <span id=\"u3125-13\">30<\/span><span id=\"u3125-14\" class=\"superscript\">\u00e8me <\/span><span id=\"u3125-15\">Rallye Vosgien<\/span> se d\u00e9roulera du jeudi 17 au samedi 19 septembre 2015, avec <span id=\"u3125-17\">G\u00e9rardmer pour ville de d\u00e9part \/ arriv\u00e9e<\/span> et de belles \u00e9preuves sp\u00e9ciales situ\u00e9es dans un rayon d\u2019environ 30 km autour de la \u00ab Perle des Vosges \u00bb. Qui succ\u00e9dera \u00e0 Dominique Rebout sur Peugeot 207 S2000 ? Les challengers sont nombreux. R\u00e9ponse en fin d&rsquo;apr\u00e8s-midi samedi lorsque les meilleurs se seront expliqu\u00e9s dans les mythiques sp\u00e9ciales du Haut-du T\u00f4t, et Corcieux. La bagarre est au programme sur l&rsquo;asphalte vosgienne.<\/p>\n<p><strong>Les points \u00e0 retenir\u00a0:<\/strong><\/p>\n<div id=\"attachment_62639\" style=\"width: 310px\" class=\"wp-caption alignright\"><a href=\"\/2015\/09\/rebout.jpg\"><img decoding=\"async\" aria-describedby=\"caption-attachment-62639\" class=\"wp-image-62639 size-thumbnail\" src=\"\/2015\/09\/rebout-300x300.jpg\" alt=\"Photo Rallye Passion : http:\/\/www.rallyepassion52.fr\/archives\/2014\/09\/21\/30626605.html\" width=\"300\" height=\"300\" \/><\/a><p id=\"caption-attachment-62639\" class=\"wp-caption-text\"><span style=\"color: #ff6600;\"><strong>D. Rebout Photo Rallye Passion : http:\/\/www.rallyepassion52.fr\/archives\/2014\/09\/21\/30626605.html<\/strong><\/span><\/p><\/div>\n<ul id=\"u3125-32\" class=\"list0 Puces_Liste\">\n<li id=\"u3125-31\">Un <span id=\"u3125-25\">parcours de 140 kms de chronos<\/span> r\u00e9partis en neuf \u00e9preuves sp\u00e9ciales (E.S.) sur deux journ\u00e9es\u00a0: vendredi 18 septembre 2015\u00a0(\u00c9tape 1 \u21e8 1 E.S. : Le Haut du T\u00f4t) et samedi 19 septembre 2015 (\u00c9tape 2 \u21e8 8 E.S. : Col de la Burotte &#8211;\u00a0 La Vologne &#8211; Corcieux).<\/li>\n<\/ul>\n<ul id=\"u3125-41\" class=\"list0 Puces_Liste\">\n<li id=\"u3125-40\"><span id=\"u3125-34\">G\u00e9rardmer, centre n\u00e9vralgique du 30<\/span><span id=\"u3125-35\" class=\"superscript\">\u00e8me<\/span><span id=\"u3125-36\"> Rallye Vosgien<\/span>\u00a0: v\u00e9rifications,<br \/>\npodium d\u00e9part\/arriv\u00e9e, parc d\u2019assistance, parc ferm\u00e9 et PC Course.<\/li>\n<\/ul>\n<ul id=\"u3125-51\" class=\"list0 Puces_Liste\">\n<li id=\"u3125-50\">Un <span id=\"u3125-44\">rallye comptant pour le Championnat de France des Rallyes 2<\/span><span id=\"u3125-45\" class=\"superscript\">\u00e8me <\/span><span id=\"u3125-46\">Division 2015 <\/span>et pour la <span id=\"u3125-48\">Finale de la Coupe de France des Rallyes 2016<\/span> qui sera organis\u00e9e en Lorraine.<\/li>\n<\/ul>\n<ul id=\"u3125-59\" class=\"list0 Puces_Liste\">\n<li id=\"u3125-58\">Un <span id=\"u3125-54\">rallye V\u00e9hicules Historiques de Comp\u00e9tition<\/span>\u00a0: 4<span class=\"superscript\">\u00e8me<\/span> Rallye Vosgien VHC.<\/li>\n<\/ul>\n<ul id=\"u3125-65\" class=\"list0 Puces_Liste\">\n<li id=\"u3125-64\">Un \u00e9v\u00e9nement pilot\u00e9 par un Comit\u00e9 d\u2019Organisation \u00e9manant de l\u2019ASAC Vosgien\u00a0 et pr\u00e9sid\u00e9 par Christian HOT (2HP Comp\u00e9tition).<\/li>\n<li>Le programme, les sp\u00e9ciales et les engag\u00e9s ici : <a href=\"http:\/\/www.rallyevosgien.com\/concurrents.html\">http:\/\/www.rallyevosgien.com\/concurrents.html<\/a><\/li>\n<li><strong>La vid\u00e9o du Rallye 2014 :<\/strong><\/li>\n<\/ul>\n<p>rallye 2014 en vid\u00e9o : [youtube]https:\/\/www.youtube.com\/watch?v=6vkWgIR4Scw[\/youtube]<\/p>\n","protected":false},"excerpt":{"rendered":"<p>G\u00e9rardmer \u00e9tait et sera d\u00e9finitivement une terre de Rallye. La Perle des Vosges re\u00e7oit pendant ce week-end le Rallye Vosgien [&hellip;]<\/p>\n","protected":false},"author":1,"featured_media":14048,"comment_status":"open","ping_status":"open","sticky":false,"template":"","format":"standard","meta":{"footnotes":""},"categories":[8,14,31],"tags":[],"class_list":["post-14047","post","type-post","status-publish","format-standard","has-post-thumbnail","hentry","category-faits-divers","category-sport","category-vosges-faits-divers"],"acf":[],"yoast_head":"<!-- This site is optimized with the Yoast SEO plugin v22.5 - https:\/\/yoast.com\/wordpress\/plugins\/seo\/ -->\n<title>G\u00e9rardmer accueille le Rallye Vosgien - Gerardmer Info<\/title>\n<meta name=\"robots\" content=\"index, follow, max-snippet:-1, max-image-preview:large, max-video-preview:-1\" \/>\n<link rel=\"canonical\" href=\"https:\/\/vosgesinfo.fr\/gerardmerinfo\/2015\/09\/gerardmer-accueille-le-rallye-vosgien\/\" \/>\n<meta name=\"twitter:card\" content=\"summary_large_image\" \/>\n<meta name=\"twitter:title\" content=\"G\u00e9rardmer accueille le Rallye Vosgien - Gerardmer Info\" \/>\n<meta name=\"twitter:description\" content=\"G\u00e9rardmer \u00e9tait et sera d\u00e9finitivement une terre de Rallye. La Perle des Vosges re\u00e7oit pendant ce week-end le Rallye Vosgien [&hellip;]\" \/>\n<meta name=\"twitter:image\" content=\"https:\/\/vosgesinfo.fr\/app\/uploads\/sites\/6\/2024\/07\/201509affiche-rallyevosgien-2015.jpg\" \/>\n<meta name=\"twitter:creator\" content=\"@VosgesInfo88\" \/>\n<meta name=\"twitter:site\" content=\"@VosgesInfo88\" \/>\n<meta name=\"twitter:label1\" content=\"\u00c9crit par\" \/>\n\t<meta name=\"twitter:data1\" content=\"qs_admin\" \/>\n\t<meta name=\"twitter:label2\" content=\"Dur\u00e9e de lecture estim\u00e9e\" \/>\n\t<meta name=\"twitter:data2\" content=\"3 minutes\" \/>\n<script type=\"application\/ld+json\" class=\"yoast-schema-graph\">{\"@context\":\"https:\/\/schema.org\",\"@graph\":[{\"@type\":\"Article\",\"@id\":\"https:\/\/vosgesinfo.fr\/gerardmerinfo\/2015\/09\/gerardmer-accueille-le-rallye-vosgien\/#article\",\"isPartOf\":{\"@id\":\"https:\/\/vosgesinfo.fr\/gerardmerinfo\/2015\/09\/gerardmer-accueille-le-rallye-vosgien\/\"},\"author\":{\"name\":\"qs_admin\",\"@id\":\"https:\/\/vosgesinfo.fr\/gerardmerinfo\/#\/schema\/person\/bc5d02d71e6932e81b6dadb7386667b1\"},\"headline\":\"G\u00e9rardmer accueille le Rallye Vosgien\",\"datePublished\":\"2015-09-17T10:08:24+00:00\",\"dateModified\":\"2015-09-17T10:08:24+00:00\",\"mainEntityOfPage\":{\"@id\":\"https:\/\/vosgesinfo.fr\/gerardmerinfo\/2015\/09\/gerardmer-accueille-le-rallye-vosgien\/\"},\"wordCount\":603,\"commentCount\":0,\"publisher\":{\"@id\":\"https:\/\/vosgesinfo.fr\/gerardmerinfo\/#organization\"},\"image\":{\"@id\":\"https:\/\/vosgesinfo.fr\/gerardmerinfo\/2015\/09\/gerardmer-accueille-le-rallye-vosgien\/#primaryimage\"},\"thumbnailUrl\":\"https:\/\/vosgesinfo.fr\/app\/uploads\/sites\/6\/2024\/07\/201509affiche-rallyevosgien-2015.jpg\",\"articleSection\":[\"Faits-divers\",\"Sport\",\"Vosges\"],\"inLanguage\":\"fr-FR\",\"potentialAction\":[{\"@type\":\"CommentAction\",\"name\":\"Comment\",\"target\":[\"https:\/\/vosgesinfo.fr\/gerardmerinfo\/2015\/09\/gerardmer-accueille-le-rallye-vosgien\/#respond\"]}]},{\"@type\":\"WebPage\",\"@id\":\"https:\/\/vosgesinfo.fr\/gerardmerinfo\/2015\/09\/gerardmer-accueille-le-rallye-vosgien\/\",\"url\":\"https:\/\/vosgesinfo.fr\/gerardmerinfo\/2015\/09\/gerardmer-accueille-le-rallye-vosgien\/\",\"name\":\"G\u00e9rardmer accueille le Rallye Vosgien - Gerardmer Info\",\"isPartOf\":{\"@id\":\"https:\/\/vosgesinfo.fr\/gerardmerinfo\/#website\"},\"primaryImageOfPage\":{\"@id\":\"https:\/\/vosgesinfo.fr\/gerardmerinfo\/2015\/09\/gerardmer-accueille-le-rallye-vosgien\/#primaryimage\"},\"image\":{\"@id\":\"https:\/\/vosgesinfo.fr\/gerardmerinfo\/2015\/09\/gerardmer-accueille-le-rallye-vosgien\/#primaryimage\"},\"thumbnailUrl\":\"https:\/\/vosgesinfo.fr\/app\/uploads\/sites\/6\/2024\/07\/201509affiche-rallyevosgien-2015.jpg\",\"datePublished\":\"2015-09-17T10:08:24+00:00\",\"dateModified\":\"2015-09-17T10:08:24+00:00\",\"breadcrumb\":{\"@id\":\"https:\/\/vosgesinfo.fr\/gerardmerinfo\/2015\/09\/gerardmer-accueille-le-rallye-vosgien\/#breadcrumb\"},\"inLanguage\":\"fr-FR\",\"potentialAction\":[{\"@type\":\"ReadAction\",\"target\":[\"https:\/\/vosgesinfo.fr\/gerardmerinfo\/2015\/09\/gerardmer-accueille-le-rallye-vosgien\/\"]}]},{\"@type\":\"ImageObject\",\"inLanguage\":\"fr-FR\",\"@id\":\"https:\/\/vosgesinfo.fr\/gerardmerinfo\/2015\/09\/gerardmer-accueille-le-rallye-vosgien\/#primaryimage\",\"url\":\"https:\/\/vosgesinfo.fr\/app\/uploads\/sites\/6\/2024\/07\/201509affiche-rallyevosgien-2015.jpg\",\"contentUrl\":\"https:\/\/vosgesinfo.fr\/app\/uploads\/sites\/6\/2024\/07\/201509affiche-rallyevosgien-2015.jpg\",\"width\":616,\"height\":754},{\"@type\":\"BreadcrumbList\",\"@id\":\"https:\/\/vosgesinfo.fr\/gerardmerinfo\/2015\/09\/gerardmer-accueille-le-rallye-vosgien\/#breadcrumb\",\"itemListElement\":[{\"@type\":\"ListItem\",\"position\":1,\"name\":\"Home\",\"item\":\"https:\/\/vosgesinfo.fr\/gerardmerinfo\/\"},{\"@type\":\"ListItem\",\"position\":2,\"name\":\"G\u00e9rardmer accueille le Rallye Vosgien\"}]},{\"@type\":\"WebSite\",\"@id\":\"https:\/\/vosgesinfo.fr\/gerardmerinfo\/#website\",\"url\":\"https:\/\/vosgesinfo.fr\/gerardmerinfo\/\",\"name\":\"Gerardmer Info\",\"description\":\"Toute l&#039;actualit\u00e9 de G\u00e9rardmer\",\"publisher\":{\"@id\":\"https:\/\/vosgesinfo.fr\/gerardmerinfo\/#organization\"},\"alternateName\":\"Toute l'actualit\u00e9 de G\u00e9rardmer\",\"potentialAction\":[{\"@type\":\"SearchAction\",\"target\":{\"@type\":\"EntryPoint\",\"urlTemplate\":\"https:\/\/vosgesinfo.fr\/gerardmerinfo\/?s={search_term_string}\"},\"query-input\":\"required name=search_term_string\"}],\"inLanguage\":\"fr-FR\"},{\"@type\":\"Organization\",\"@id\":\"https:\/\/vosgesinfo.fr\/gerardmerinfo\/#organization\",\"name\":\"Gerardmer Info\",\"url\":\"https:\/\/vosgesinfo.fr\/gerardmerinfo\/\",\"logo\":{\"@type\":\"ImageObject\",\"inLanguage\":\"fr-FR\",\"@id\":\"https:\/\/vosgesinfo.fr\/gerardmerinfo\/#\/schema\/logo\/image\/\",\"url\":\"https:\/\/vosgesinfo.fr\/app\/uploads\/sites\/6\/2023\/08\/favicon-gerardmerinfo.png\",\"contentUrl\":\"https:\/\/vosgesinfo.fr\/app\/uploads\/sites\/6\/2023\/08\/favicon-gerardmerinfo.png\",\"width\":512,\"height\":512,\"caption\":\"Gerardmer Info\"},\"image\":{\"@id\":\"https:\/\/vosgesinfo.fr\/gerardmerinfo\/#\/schema\/logo\/image\/\"},\"sameAs\":[\"https:\/\/www.facebook.com\/profile.php?id=100049475262660\",\"https:\/\/x.com\/VosgesInfo88\",\"https:\/\/www.youtube.com\/@vosgesinfo\"]},{\"@type\":\"Person\",\"@id\":\"https:\/\/vosgesinfo.fr\/gerardmerinfo\/#\/schema\/person\/bc5d02d71e6932e81b6dadb7386667b1\",\"name\":\"qs_admin\",\"image\":{\"@type\":\"ImageObject\",\"inLanguage\":\"fr-FR\",\"@id\":\"https:\/\/vosgesinfo.fr\/gerardmerinfo\/#\/schema\/person\/image\/\",\"url\":\"https:\/\/secure.gravatar.com\/avatar\/94b18ee0ed79e4a42ea2f2931277b6841a8999fc6fde214600c78057cf1fe1de?s=96&d=mm&r=g\",\"contentUrl\":\"https:\/\/secure.gravatar.com\/avatar\/94b18ee0ed79e4a42ea2f2931277b6841a8999fc6fde214600c78057cf1fe1de?s=96&d=mm&r=g\",\"caption\":\"qs_admin\"},\"sameAs\":[\"https:\/\/vosgesinfo.fr\/wp\"],\"url\":\"https:\/\/vosgesinfo.fr\/gerardmerinfo\/author\/qs_admin\/\"}]}<\/script>\n<!-- \/ Yoast SEO plugin. -->","yoast_head_json":{"title":"G\u00e9rardmer accueille le Rallye Vosgien - Gerardmer Info","robots":{"index":"index","follow":"follow","max-snippet":"max-snippet:-1","max-image-preview":"max-image-preview:large","max-video-preview":"max-video-preview:-1"},"canonical":"https:\/\/vosgesinfo.fr\/gerardmerinfo\/2015\/09\/gerardmer-accueille-le-rallye-vosgien\/","twitter_card":"summary_large_image","twitter_title":"G\u00e9rardmer accueille le Rallye Vosgien - Gerardmer Info","twitter_description":"G\u00e9rardmer \u00e9tait et sera d\u00e9finitivement une terre de Rallye. La Perle des Vosges re\u00e7oit pendant ce week-end le Rallye Vosgien [&hellip;]","twitter_image":"https:\/\/vosgesinfo.fr\/app\/uploads\/sites\/6\/2024\/07\/201509affiche-rallyevosgien-2015.jpg","twitter_creator":"@VosgesInfo88","twitter_site":"@VosgesInfo88","twitter_misc":{"\u00c9crit par":"qs_admin","Dur\u00e9e de lecture estim\u00e9e":"3 minutes"},"schema":{"@context":"https:\/\/schema.org","@graph":[{"@type":"Article","@id":"https:\/\/vosgesinfo.fr\/gerardmerinfo\/2015\/09\/gerardmer-accueille-le-rallye-vosgien\/#article","isPartOf":{"@id":"https:\/\/vosgesinfo.fr\/gerardmerinfo\/2015\/09\/gerardmer-accueille-le-rallye-vosgien\/"},"author":{"name":"qs_admin","@id":"https:\/\/vosgesinfo.fr\/gerardmerinfo\/#\/schema\/person\/bc5d02d71e6932e81b6dadb7386667b1"},"headline":"G\u00e9rardmer accueille le Rallye Vosgien","datePublished":"2015-09-17T10:08:24+00:00","dateModified":"2015-09-17T10:08:24+00:00","mainEntityOfPage":{"@id":"https:\/\/vosgesinfo.fr\/gerardmerinfo\/2015\/09\/gerardmer-accueille-le-rallye-vosgien\/"},"wordCount":603,"commentCount":0,"publisher":{"@id":"https:\/\/vosgesinfo.fr\/gerardmerinfo\/#organization"},"image":{"@id":"https:\/\/vosgesinfo.fr\/gerardmerinfo\/2015\/09\/gerardmer-accueille-le-rallye-vosgien\/#primaryimage"},"thumbnailUrl":"https:\/\/vosgesinfo.fr\/app\/uploads\/sites\/6\/2024\/07\/201509affiche-rallyevosgien-2015.jpg","articleSection":["Faits-divers","Sport","Vosges"],"inLanguage":"fr-FR","potentialAction":[{"@type":"CommentAction","name":"Comment","target":["https:\/\/vosgesinfo.fr\/gerardmerinfo\/2015\/09\/gerardmer-accueille-le-rallye-vosgien\/#respond"]}]},{"@type":"WebPage","@id":"https:\/\/vosgesinfo.fr\/gerardmerinfo\/2015\/09\/gerardmer-accueille-le-rallye-vosgien\/","url":"https:\/\/vosgesinfo.fr\/gerardmerinfo\/2015\/09\/gerardmer-accueille-le-rallye-vosgien\/","name":"G\u00e9rardmer accueille le Rallye Vosgien - Gerardmer Info","isPartOf":{"@id":"https:\/\/vosgesinfo.fr\/gerardmerinfo\/#website"},"primaryImageOfPage":{"@id":"https:\/\/vosgesinfo.fr\/gerardmerinfo\/2015\/09\/gerardmer-accueille-le-rallye-vosgien\/#primaryimage"},"image":{"@id":"https:\/\/vosgesinfo.fr\/gerardmerinfo\/2015\/09\/gerardmer-accueille-le-rallye-vosgien\/#primaryimage"},"thumbnailUrl":"https:\/\/vosgesinfo.fr\/app\/uploads\/sites\/6\/2024\/07\/201509affiche-rallyevosgien-2015.jpg","datePublished":"2015-09-17T10:08:24+00:00","dateModified":"2015-09-17T10:08:24+00:00","breadcrumb":{"@id":"https:\/\/vosgesinfo.fr\/gerardmerinfo\/2015\/09\/gerardmer-accueille-le-rallye-vosgien\/#breadcrumb"},"inLanguage":"fr-FR","potentialAction":[{"@type":"ReadAction","target":["https:\/\/vosgesinfo.fr\/gerardmerinfo\/2015\/09\/gerardmer-accueille-le-rallye-vosgien\/"]}]},{"@type":"ImageObject","inLanguage":"fr-FR","@id":"https:\/\/vosgesinfo.fr\/gerardmerinfo\/2015\/09\/gerardmer-accueille-le-rallye-vosgien\/#primaryimage","url":"https:\/\/vosgesinfo.fr\/app\/uploads\/sites\/6\/2024\/07\/201509affiche-rallyevosgien-2015.jpg","contentUrl":"https:\/\/vosgesinfo.fr\/app\/uploads\/sites\/6\/2024\/07\/201509affiche-rallyevosgien-2015.jpg","width":616,"height":754},{"@type":"BreadcrumbList","@id":"https:\/\/vosgesinfo.fr\/gerardmerinfo\/2015\/09\/gerardmer-accueille-le-rallye-vosgien\/#breadcrumb","itemListElement":[{"@type":"ListItem","position":1,"name":"Home","item":"https:\/\/vosgesinfo.fr\/gerardmerinfo\/"},{"@type":"ListItem","position":2,"name":"G\u00e9rardmer accueille le Rallye Vosgien"}]},{"@type":"WebSite","@id":"https:\/\/vosgesinfo.fr\/gerardmerinfo\/#website","url":"https:\/\/vosgesinfo.fr\/gerardmerinfo\/","name":"Gerardmer Info","description":"Toute l&#039;actualit\u00e9 de G\u00e9rardmer","publisher":{"@id":"https:\/\/vosgesinfo.fr\/gerardmerinfo\/#organization"},"alternateName":"Toute l'actualit\u00e9 de G\u00e9rardmer","potentialAction":[{"@type":"SearchAction","target":{"@type":"EntryPoint","urlTemplate":"https:\/\/vosgesinfo.fr\/gerardmerinfo\/?s={search_term_string}"},"query-input":"required name=search_term_string"}],"inLanguage":"fr-FR"},{"@type":"Organization","@id":"https:\/\/vosgesinfo.fr\/gerardmerinfo\/#organization","name":"Gerardmer Info","url":"https:\/\/vosgesinfo.fr\/gerardmerinfo\/","logo":{"@type":"ImageObject","inLanguage":"fr-FR","@id":"https:\/\/vosgesinfo.fr\/gerardmerinfo\/#\/schema\/logo\/image\/","url":"https:\/\/vosgesinfo.fr\/app\/uploads\/sites\/6\/2023\/08\/favicon-gerardmerinfo.png","contentUrl":"https:\/\/vosgesinfo.fr\/app\/uploads\/sites\/6\/2023\/08\/favicon-gerardmerinfo.png","width":512,"height":512,"caption":"Gerardmer Info"},"image":{"@id":"https:\/\/vosgesinfo.fr\/gerardmerinfo\/#\/schema\/logo\/image\/"},"sameAs":["https:\/\/www.facebook.com\/profile.php?id=100049475262660","https:\/\/x.com\/VosgesInfo88","https:\/\/www.youtube.com\/@vosgesinfo"]},{"@type":"Person","@id":"https:\/\/vosgesinfo.fr\/gerardmerinfo\/#\/schema\/person\/bc5d02d71e6932e81b6dadb7386667b1","name":"qs_admin","image":{"@type":"ImageObject","inLanguage":"fr-FR","@id":"https:\/\/vosgesinfo.fr\/gerardmerinfo\/#\/schema\/person\/image\/","url":"https:\/\/secure.gravatar.com\/avatar\/94b18ee0ed79e4a42ea2f2931277b6841a8999fc6fde214600c78057cf1fe1de?s=96&d=mm&r=g","contentUrl":"https:\/\/secure.gravatar.com\/avatar\/94b18ee0ed79e4a42ea2f2931277b6841a8999fc6fde214600c78057cf1fe1de?s=96&d=mm&r=g","caption":"qs_admin"},"sameAs":["https:\/\/vosgesinfo.fr\/wp"],"url":"https:\/\/vosgesinfo.fr\/gerardmerinfo\/author\/qs_admin\/"}]}},"_links":{"self":[{"href":"https:\/\/vosgesinfo.fr\/gerardmerinfo\/wp-json\/wp\/v2\/posts\/14047","targetHints":{"allow":["GET"]}}],"collection":[{"href":"https:\/\/vosgesinfo.fr\/gerardmerinfo\/wp-json\/wp\/v2\/posts"}],"about":[{"href":"https:\/\/vosgesinfo.fr\/gerardmerinfo\/wp-json\/wp\/v2\/types\/post"}],"author":[{"embeddable":true,"href":"https:\/\/vosgesinfo.fr\/gerardmerinfo\/wp-json\/wp\/v2\/users\/1"}],"replies":[{"embeddable":true,"href":"https:\/\/vosgesinfo.fr\/gerardmerinfo\/wp-json\/wp\/v2\/comments?post=14047"}],"version-history":[{"count":0,"href":"https:\/\/vosgesinfo.fr\/gerardmerinfo\/wp-json\/wp\/v2\/posts\/14047\/revisions"}],"wp:featuredmedia":[{"embeddable":true,"href":"https:\/\/vosgesinfo.fr\/gerardmerinfo\/wp-json\/wp\/v2\/media\/14048"}],"wp:attachment":[{"href":"https:\/\/vosgesinfo.fr\/gerardmerinfo\/wp-json\/wp\/v2\/media?parent=14047"}],"wp:term":[{"taxonomy":"category","embeddable":true,"href":"https:\/\/vosgesinfo.fr\/gerardmerinfo\/wp-json\/wp\/v2\/categories?post=14047"},{"taxonomy":"post_tag","embeddable":true,"href":"https:\/\/vosgesinfo.fr\/gerardmerinfo\/wp-json\/wp\/v2\/tags?post=14047"}],"curies":[{"name":"wp","href":"https:\/\/api.w.org\/{rel}","templated":true}]}}