{"id":14943,"date":"2015-10-31T17:58:21","date_gmt":"2015-10-31T16:58:21","guid":{"rendered":"https:\/\/vosgesinfo.fr\/gerardmerinfo\/2015\/10\/une-expo-un-atelier-a-la-mcl-de-gerardmer\/"},"modified":"2015-10-31T17:58:21","modified_gmt":"2015-10-31T16:58:21","slug":"une-expo-un-atelier-a-la-mcl-de-gerardmer","status":"publish","type":"post","link":"https:\/\/vosgesinfo.fr\/gerardmerinfo\/2015\/10\/une-expo-un-atelier-a-la-mcl-de-gerardmer\/","title":{"rendered":"Une expo, un atelier \u00e0 la MCL de G\u00e9rardmer"},"content":{"rendered":"<p class=\"western\"><a href=\"\/2015\/10\/AFreyburger1.jpg\"><img decoding=\"async\" class=\"aligncenter size-large wp-image-65705\" src=\"\/2015\/10\/AFreyburger1-1024x774.jpg\" alt=\"AFreyburger1\" width=\"545\" height=\"412\" \/><\/a><\/p>\n<p class=\"western\"><span style=\"color: #000000;\"><span style=\"font-family: 'Times New Roman', serif;\"><span style=\"font-size: medium;\"><b>La Saison 2015-2016 de la galerie de la MCL continue avec une exposition photographique d\u2019Aline Freyburger, de l\u2019ordre du journal intime, son travail s\u2019articule comme une recueil de souvenirs, d\u2019exp\u00e9riences v\u00e9cues.<\/b><\/span><\/span><\/span><\/p>\n<p class=\"western\"><span style=\"color: #000000;\"><span style=\"font-family: 'Times New Roman', serif;\"><span style=\"font-size: medium;\">Vous \u00eates les bienvenus au vernissage musical qui aura lieu le <b>vendredi 6 novembre \u00e0 18 h 30<\/b> en pr\u00e9sence de l\u2019artiste. Un moment id\u00e9al pour partager, \u00e9changer, questionner autour d\u2019un verre et d\u2019un buffet convivial (en entr\u00e9e libre, ouvert \u00e0 tous). L\u2019\u00c9cole de Musique de G\u00e9rardmer vous proposera pour l\u2019occasion, de la contrebasse \u00e0 cordes en petite formation avec Rapha\u00ebl Tornamb\u00e9.<\/span><\/span><\/span><\/p>\n<p class=\"western\"><span style=\"color: #000000;\"><span style=\"font-family: 'Times New Roman', serif;\"><span style=\"font-size: medium;\"><b><a href=\"\/2015\/10\/AFreyburger2.jpg\"><img decoding=\"async\" class=\"alignright size-medium wp-image-65706\" src=\"\/2015\/10\/AFreyburger2-300x205.jpg\" alt=\"AFreyburger2\" width=\"300\" height=\"205\" \/><\/a>Aline Freyburger\u00a0: <\/b><\/span><\/span><\/span> <span style=\"color: #000000;\"><span style=\"font-family: 'Times New Roman', serif;\"><span style=\"font-size: medium;\">\u00ab\u00a0<i>Originaire d\u2019Alsace, je fais des \u00e9tudes de photographie \u00e0 Montpellier o\u00f9 j\u2019obtiens mon dipl\u00f4me de praticien photographe en 2012. C\u2019est durant ces \u00e9tudes que je prends go\u00fbt \u00e0 la technique de l\u2019argentique et commence \u00e0 d\u00e9velopper un travail personnel en faisant mes premiers autoportraits. <\/i><\/span><\/span><\/span><\/p>\n<p><span style=\"color: #000000;\"><span style=\"font-family: 'Times New Roman', serif;\"><span style=\"font-size: medium;\"><i>De l\u2019ordre du journal intime mon travail s\u2019articule comme un recueil de souvenirs, d\u2019exp\u00e9riences v\u00e9cues.<\/i><\/span><\/span><\/span><\/p>\n<p><span style=\"color: #000000;\"><span style=\"font-family: 'Times New Roman', serif;\"><span style=\"font-size: medium;\"><i>Je puise des images dans le monde qui m\u2019entoure, sur les chemins de certains voyages et chaque s\u00e9rie ouvre un nouveau chapitre de cette narration photographique ;<\/i><\/span><\/span><\/span><\/p>\n<p><span style=\"color: #000000;\"><span style=\"font-family: 'Times New Roman', serif;\"><span style=\"font-size: medium;\"><i>Empreintes de m\u00e9lancolie, \u00e9nigmatiques, po\u00e9tiques, je cherche sans cesse \u00e0 retranscrire mes \u00e9motions en laissant aux spectateurs le choix de leurs propres interpr\u00e9tations.<\/i>\u00a0\u00bb<\/span><\/span><\/span><\/p>\n<p class=\"western\"><span style=\"color: #000000;\"><span style=\"font-family: 'Times New Roman', serif;\"><span style=\"font-size: medium;\">Exposition visible en entr\u00e9e libre du 6 au 17 novembre 2015 aux horaires d&rsquo;ouverture de la maison (Horaires : lundi &amp; jeudi 14 h \u00e0 19h mardi, mercredi &amp; vendredi 9 h \u00e0 12 h et 14 h \u00e0 19 h &#8211; Premier samedi &amp; dimanche de l&rsquo;exposition 14 h \u00e0 21 h).<\/span><\/span><\/span><\/p>\n<p class=\"western\"><span style=\"color: #000000;\"><span style=\"font-family: 'Times New Roman', serif;\"><span style=\"font-size: medium;\">Par ailleurs, c\u2019est tout nouveau, la galerie de la MCL ouvrira d\u00e9sormais ses portes le premier week-end de chaque exposition (celui qui suit le vernissage),<\/span><\/span><\/span> <span style=\"color: #000000;\"><span style=\"font-family: 'Times New Roman', serif;\"><span style=\"font-size: medium;\">le samedi et le dimanche de 14 h \u00e0 21 h.<\/span><\/span><\/span><\/p>\n<p class=\"western\"><span style=\"color: #000000;\"><span style=\"font-family: 'Times New Roman', serif;\"><span style=\"font-size: medium;\">Estelle P\u00e9rel, en service civique \u00e0 la MCL, dans une mission de m\u00e9diation culturelle, vous proposera le dimanche, de 15 h \u00e0 17 h, un atelier et\/ou une animation en lien avec l\u2019exposition. Pour cette exposition avec Aline Freyburger, ce dernier s&rsquo;intitulera \u00ab\u00a0Comment vous d\u00e9crire en une seule photo ?\u00a0\u00bb. Il aura lieu le dimanche 8 novembre, 15 h \u00e0 17 h.<\/span><\/span><\/span><\/p>\n<p class=\"western\"><span style=\"color: #000000;\"><span style=\"font-family: 'Times New Roman', serif;\"><span style=\"font-size: medium;\">Vous pouvez retrouver l\u2019int\u00e9gralit\u00e9 de la programmation de la galerie sur le site de la MCL \u00e0 la rubrique exposition \u00e0 cette adresse :<\/span><\/span><\/span> <a href=\"http:\/\/mclgerardmer.fr\/agenda\/categorie\/expos\/\"><span style=\"color: #000000;\"><span style=\"font-family: 'Times New Roman', serif;\"><span style=\"font-size: medium;\"><u>http:\/\/mclgerardmer.fr\/agenda\/categorie\/expos\/<\/u><\/span><\/span><\/span><\/a><\/p>\n<p class=\"western\"><span style=\"color: #000000;\"><span style=\"font-family: 'Times New Roman', serif;\"><span style=\"font-size: medium;\">ou sur le programme papier disponible \u00e0 l\u2019accueil de la MCL de G\u00e9rardmer.<\/span><\/span><\/span><\/p>\n","protected":false},"excerpt":{"rendered":"<p>La Saison 2015-2016 de la galerie de la MCL continue avec une exposition photographique d\u2019Aline Freyburger, de l\u2019ordre du journal [&hellip;]<\/p>\n","protected":false},"author":42,"featured_media":14944,"comment_status":"open","ping_status":"open","sticky":false,"template":"","format":"standard","meta":{"footnotes":""},"categories":[4],"tags":[],"class_list":["post-14943","post","type-post","status-publish","format-standard","has-post-thumbnail","hentry","category-culture"],"acf":[],"yoast_head":"<!-- This site is optimized with the Yoast SEO plugin v22.5 - https:\/\/yoast.com\/wordpress\/plugins\/seo\/ -->\n<title>Une expo, un atelier \u00e0 la MCL de G\u00e9rardmer - Gerardmer Info<\/title>\n<meta name=\"robots\" content=\"index, follow, max-snippet:-1, max-image-preview:large, max-video-preview:-1\" \/>\n<link rel=\"canonical\" href=\"https:\/\/vosgesinfo.fr\/gerardmerinfo\/2015\/10\/une-expo-un-atelier-a-la-mcl-de-gerardmer\/\" \/>\n<meta name=\"twitter:card\" content=\"summary_large_image\" \/>\n<meta name=\"twitter:title\" content=\"Une expo, un atelier \u00e0 la MCL de G\u00e9rardmer - Gerardmer Info\" \/>\n<meta name=\"twitter:description\" content=\"La Saison 2015-2016 de la galerie de la MCL continue avec une exposition photographique d\u2019Aline Freyburger, de l\u2019ordre du journal [&hellip;]\" \/>\n<meta name=\"twitter:image\" content=\"https:\/\/vosgesinfo.fr\/app\/uploads\/sites\/6\/2024\/07\/201510afreyburger1.jpg\" \/>\n<meta name=\"twitter:creator\" content=\"@VosgesInfo88\" \/>\n<meta name=\"twitter:site\" content=\"@VosgesInfo88\" \/>\n<meta name=\"twitter:label1\" content=\"\u00c9crit par\" \/>\n\t<meta name=\"twitter:data1\" content=\"QG\" \/>\n\t<meta name=\"twitter:label2\" content=\"Dur\u00e9e de lecture estim\u00e9e\" \/>\n\t<meta name=\"twitter:data2\" content=\"2 minutes\" \/>\n<script type=\"application\/ld+json\" class=\"yoast-schema-graph\">{\"@context\":\"https:\/\/schema.org\",\"@graph\":[{\"@type\":\"Article\",\"@id\":\"https:\/\/vosgesinfo.fr\/gerardmerinfo\/2015\/10\/une-expo-un-atelier-a-la-mcl-de-gerardmer\/#article\",\"isPartOf\":{\"@id\":\"https:\/\/vosgesinfo.fr\/gerardmerinfo\/2015\/10\/une-expo-un-atelier-a-la-mcl-de-gerardmer\/\"},\"author\":{\"name\":\"QG\",\"@id\":\"https:\/\/vosgesinfo.fr\/gerardmerinfo\/#\/schema\/person\/db5605779a843dad16b5368f3e7613a5\"},\"headline\":\"Une expo, un atelier \u00e0 la MCL de G\u00e9rardmer\",\"datePublished\":\"2015-10-31T16:58:21+00:00\",\"dateModified\":\"2015-10-31T16:58:21+00:00\",\"mainEntityOfPage\":{\"@id\":\"https:\/\/vosgesinfo.fr\/gerardmerinfo\/2015\/10\/une-expo-un-atelier-a-la-mcl-de-gerardmer\/\"},\"wordCount\":412,\"commentCount\":0,\"publisher\":{\"@id\":\"https:\/\/vosgesinfo.fr\/gerardmerinfo\/#organization\"},\"image\":{\"@id\":\"https:\/\/vosgesinfo.fr\/gerardmerinfo\/2015\/10\/une-expo-un-atelier-a-la-mcl-de-gerardmer\/#primaryimage\"},\"thumbnailUrl\":\"https:\/\/vosgesinfo.fr\/app\/uploads\/sites\/6\/2024\/07\/201510afreyburger1.jpg\",\"articleSection\":[\"Culture\"],\"inLanguage\":\"fr-FR\",\"potentialAction\":[{\"@type\":\"CommentAction\",\"name\":\"Comment\",\"target\":[\"https:\/\/vosgesinfo.fr\/gerardmerinfo\/2015\/10\/une-expo-un-atelier-a-la-mcl-de-gerardmer\/#respond\"]}]},{\"@type\":\"WebPage\",\"@id\":\"https:\/\/vosgesinfo.fr\/gerardmerinfo\/2015\/10\/une-expo-un-atelier-a-la-mcl-de-gerardmer\/\",\"url\":\"https:\/\/vosgesinfo.fr\/gerardmerinfo\/2015\/10\/une-expo-un-atelier-a-la-mcl-de-gerardmer\/\",\"name\":\"Une expo, un atelier \u00e0 la MCL de G\u00e9rardmer - Gerardmer Info\",\"isPartOf\":{\"@id\":\"https:\/\/vosgesinfo.fr\/gerardmerinfo\/#website\"},\"primaryImageOfPage\":{\"@id\":\"https:\/\/vosgesinfo.fr\/gerardmerinfo\/2015\/10\/une-expo-un-atelier-a-la-mcl-de-gerardmer\/#primaryimage\"},\"image\":{\"@id\":\"https:\/\/vosgesinfo.fr\/gerardmerinfo\/2015\/10\/une-expo-un-atelier-a-la-mcl-de-gerardmer\/#primaryimage\"},\"thumbnailUrl\":\"https:\/\/vosgesinfo.fr\/app\/uploads\/sites\/6\/2024\/07\/201510afreyburger1.jpg\",\"datePublished\":\"2015-10-31T16:58:21+00:00\",\"dateModified\":\"2015-10-31T16:58:21+00:00\",\"breadcrumb\":{\"@id\":\"https:\/\/vosgesinfo.fr\/gerardmerinfo\/2015\/10\/une-expo-un-atelier-a-la-mcl-de-gerardmer\/#breadcrumb\"},\"inLanguage\":\"fr-FR\",\"potentialAction\":[{\"@type\":\"ReadAction\",\"target\":[\"https:\/\/vosgesinfo.fr\/gerardmerinfo\/2015\/10\/une-expo-un-atelier-a-la-mcl-de-gerardmer\/\"]}]},{\"@type\":\"ImageObject\",\"inLanguage\":\"fr-FR\",\"@id\":\"https:\/\/vosgesinfo.fr\/gerardmerinfo\/2015\/10\/une-expo-un-atelier-a-la-mcl-de-gerardmer\/#primaryimage\",\"url\":\"https:\/\/vosgesinfo.fr\/app\/uploads\/sites\/6\/2024\/07\/201510afreyburger1.jpg\",\"contentUrl\":\"https:\/\/vosgesinfo.fr\/app\/uploads\/sites\/6\/2024\/07\/201510afreyburger1.jpg\",\"width\":1024,\"height\":774},{\"@type\":\"BreadcrumbList\",\"@id\":\"https:\/\/vosgesinfo.fr\/gerardmerinfo\/2015\/10\/une-expo-un-atelier-a-la-mcl-de-gerardmer\/#breadcrumb\",\"itemListElement\":[{\"@type\":\"ListItem\",\"position\":1,\"name\":\"Home\",\"item\":\"https:\/\/vosgesinfo.fr\/gerardmerinfo\/\"},{\"@type\":\"ListItem\",\"position\":2,\"name\":\"Une expo, un atelier \u00e0 la MCL de G\u00e9rardmer\"}]},{\"@type\":\"WebSite\",\"@id\":\"https:\/\/vosgesinfo.fr\/gerardmerinfo\/#website\",\"url\":\"https:\/\/vosgesinfo.fr\/gerardmerinfo\/\",\"name\":\"Gerardmer Info\",\"description\":\"Toute l&#039;actualit\u00e9 de G\u00e9rardmer\",\"publisher\":{\"@id\":\"https:\/\/vosgesinfo.fr\/gerardmerinfo\/#organization\"},\"alternateName\":\"Toute l'actualit\u00e9 de G\u00e9rardmer\",\"potentialAction\":[{\"@type\":\"SearchAction\",\"target\":{\"@type\":\"EntryPoint\",\"urlTemplate\":\"https:\/\/vosgesinfo.fr\/gerardmerinfo\/?s={search_term_string}\"},\"query-input\":\"required name=search_term_string\"}],\"inLanguage\":\"fr-FR\"},{\"@type\":\"Organization\",\"@id\":\"https:\/\/vosgesinfo.fr\/gerardmerinfo\/#organization\",\"name\":\"Gerardmer Info\",\"url\":\"https:\/\/vosgesinfo.fr\/gerardmerinfo\/\",\"logo\":{\"@type\":\"ImageObject\",\"inLanguage\":\"fr-FR\",\"@id\":\"https:\/\/vosgesinfo.fr\/gerardmerinfo\/#\/schema\/logo\/image\/\",\"url\":\"https:\/\/vosgesinfo.fr\/app\/uploads\/sites\/6\/2023\/08\/favicon-gerardmerinfo.png\",\"contentUrl\":\"https:\/\/vosgesinfo.fr\/app\/uploads\/sites\/6\/2023\/08\/favicon-gerardmerinfo.png\",\"width\":512,\"height\":512,\"caption\":\"Gerardmer Info\"},\"image\":{\"@id\":\"https:\/\/vosgesinfo.fr\/gerardmerinfo\/#\/schema\/logo\/image\/\"},\"sameAs\":[\"https:\/\/www.facebook.com\/profile.php?id=100049475262660\",\"https:\/\/x.com\/VosgesInfo88\",\"https:\/\/www.youtube.com\/@vosgesinfo\"]},{\"@type\":\"Person\",\"@id\":\"https:\/\/vosgesinfo.fr\/gerardmerinfo\/#\/schema\/person\/db5605779a843dad16b5368f3e7613a5\",\"name\":\"QG\",\"image\":{\"@type\":\"ImageObject\",\"inLanguage\":\"fr-FR\",\"@id\":\"https:\/\/vosgesinfo.fr\/gerardmerinfo\/#\/schema\/person\/image\/\",\"url\":\"https:\/\/secure.gravatar.com\/avatar\/ea80c42c204b534408512832fde52504ecabb9706bcb6151cf6175e5b64e6793?s=96&d=mm&r=g\",\"contentUrl\":\"https:\/\/secure.gravatar.com\/avatar\/ea80c42c204b534408512832fde52504ecabb9706bcb6151cf6175e5b64e6793?s=96&d=mm&r=g\",\"caption\":\"QG\"},\"url\":\"https:\/\/vosgesinfo.fr\/gerardmerinfo\/author\/quentin88\/\"}]}<\/script>\n<!-- \/ Yoast SEO plugin. -->","yoast_head_json":{"title":"Une expo, un atelier \u00e0 la MCL de G\u00e9rardmer - Gerardmer Info","robots":{"index":"index","follow":"follow","max-snippet":"max-snippet:-1","max-image-preview":"max-image-preview:large","max-video-preview":"max-video-preview:-1"},"canonical":"https:\/\/vosgesinfo.fr\/gerardmerinfo\/2015\/10\/une-expo-un-atelier-a-la-mcl-de-gerardmer\/","twitter_card":"summary_large_image","twitter_title":"Une expo, un atelier \u00e0 la MCL de G\u00e9rardmer - Gerardmer Info","twitter_description":"La Saison 2015-2016 de la galerie de la MCL continue avec une exposition photographique d\u2019Aline Freyburger, de l\u2019ordre du journal [&hellip;]","twitter_image":"https:\/\/vosgesinfo.fr\/app\/uploads\/sites\/6\/2024\/07\/201510afreyburger1.jpg","twitter_creator":"@VosgesInfo88","twitter_site":"@VosgesInfo88","twitter_misc":{"\u00c9crit par":"QG","Dur\u00e9e de lecture estim\u00e9e":"2 minutes"},"schema":{"@context":"https:\/\/schema.org","@graph":[{"@type":"Article","@id":"https:\/\/vosgesinfo.fr\/gerardmerinfo\/2015\/10\/une-expo-un-atelier-a-la-mcl-de-gerardmer\/#article","isPartOf":{"@id":"https:\/\/vosgesinfo.fr\/gerardmerinfo\/2015\/10\/une-expo-un-atelier-a-la-mcl-de-gerardmer\/"},"author":{"name":"QG","@id":"https:\/\/vosgesinfo.fr\/gerardmerinfo\/#\/schema\/person\/db5605779a843dad16b5368f3e7613a5"},"headline":"Une expo, un atelier \u00e0 la MCL de G\u00e9rardmer","datePublished":"2015-10-31T16:58:21+00:00","dateModified":"2015-10-31T16:58:21+00:00","mainEntityOfPage":{"@id":"https:\/\/vosgesinfo.fr\/gerardmerinfo\/2015\/10\/une-expo-un-atelier-a-la-mcl-de-gerardmer\/"},"wordCount":412,"commentCount":0,"publisher":{"@id":"https:\/\/vosgesinfo.fr\/gerardmerinfo\/#organization"},"image":{"@id":"https:\/\/vosgesinfo.fr\/gerardmerinfo\/2015\/10\/une-expo-un-atelier-a-la-mcl-de-gerardmer\/#primaryimage"},"thumbnailUrl":"https:\/\/vosgesinfo.fr\/app\/uploads\/sites\/6\/2024\/07\/201510afreyburger1.jpg","articleSection":["Culture"],"inLanguage":"fr-FR","potentialAction":[{"@type":"CommentAction","name":"Comment","target":["https:\/\/vosgesinfo.fr\/gerardmerinfo\/2015\/10\/une-expo-un-atelier-a-la-mcl-de-gerardmer\/#respond"]}]},{"@type":"WebPage","@id":"https:\/\/vosgesinfo.fr\/gerardmerinfo\/2015\/10\/une-expo-un-atelier-a-la-mcl-de-gerardmer\/","url":"https:\/\/vosgesinfo.fr\/gerardmerinfo\/2015\/10\/une-expo-un-atelier-a-la-mcl-de-gerardmer\/","name":"Une expo, un atelier \u00e0 la MCL de G\u00e9rardmer - Gerardmer Info","isPartOf":{"@id":"https:\/\/vosgesinfo.fr\/gerardmerinfo\/#website"},"primaryImageOfPage":{"@id":"https:\/\/vosgesinfo.fr\/gerardmerinfo\/2015\/10\/une-expo-un-atelier-a-la-mcl-de-gerardmer\/#primaryimage"},"image":{"@id":"https:\/\/vosgesinfo.fr\/gerardmerinfo\/2015\/10\/une-expo-un-atelier-a-la-mcl-de-gerardmer\/#primaryimage"},"thumbnailUrl":"https:\/\/vosgesinfo.fr\/app\/uploads\/sites\/6\/2024\/07\/201510afreyburger1.jpg","datePublished":"2015-10-31T16:58:21+00:00","dateModified":"2015-10-31T16:58:21+00:00","breadcrumb":{"@id":"https:\/\/vosgesinfo.fr\/gerardmerinfo\/2015\/10\/une-expo-un-atelier-a-la-mcl-de-gerardmer\/#breadcrumb"},"inLanguage":"fr-FR","potentialAction":[{"@type":"ReadAction","target":["https:\/\/vosgesinfo.fr\/gerardmerinfo\/2015\/10\/une-expo-un-atelier-a-la-mcl-de-gerardmer\/"]}]},{"@type":"ImageObject","inLanguage":"fr-FR","@id":"https:\/\/vosgesinfo.fr\/gerardmerinfo\/2015\/10\/une-expo-un-atelier-a-la-mcl-de-gerardmer\/#primaryimage","url":"https:\/\/vosgesinfo.fr\/app\/uploads\/sites\/6\/2024\/07\/201510afreyburger1.jpg","contentUrl":"https:\/\/vosgesinfo.fr\/app\/uploads\/sites\/6\/2024\/07\/201510afreyburger1.jpg","width":1024,"height":774},{"@type":"BreadcrumbList","@id":"https:\/\/vosgesinfo.fr\/gerardmerinfo\/2015\/10\/une-expo-un-atelier-a-la-mcl-de-gerardmer\/#breadcrumb","itemListElement":[{"@type":"ListItem","position":1,"name":"Home","item":"https:\/\/vosgesinfo.fr\/gerardmerinfo\/"},{"@type":"ListItem","position":2,"name":"Une expo, un atelier \u00e0 la MCL de G\u00e9rardmer"}]},{"@type":"WebSite","@id":"https:\/\/vosgesinfo.fr\/gerardmerinfo\/#website","url":"https:\/\/vosgesinfo.fr\/gerardmerinfo\/","name":"Gerardmer Info","description":"Toute l&#039;actualit\u00e9 de G\u00e9rardmer","publisher":{"@id":"https:\/\/vosgesinfo.fr\/gerardmerinfo\/#organization"},"alternateName":"Toute l'actualit\u00e9 de G\u00e9rardmer","potentialAction":[{"@type":"SearchAction","target":{"@type":"EntryPoint","urlTemplate":"https:\/\/vosgesinfo.fr\/gerardmerinfo\/?s={search_term_string}"},"query-input":"required name=search_term_string"}],"inLanguage":"fr-FR"},{"@type":"Organization","@id":"https:\/\/vosgesinfo.fr\/gerardmerinfo\/#organization","name":"Gerardmer Info","url":"https:\/\/vosgesinfo.fr\/gerardmerinfo\/","logo":{"@type":"ImageObject","inLanguage":"fr-FR","@id":"https:\/\/vosgesinfo.fr\/gerardmerinfo\/#\/schema\/logo\/image\/","url":"https:\/\/vosgesinfo.fr\/app\/uploads\/sites\/6\/2023\/08\/favicon-gerardmerinfo.png","contentUrl":"https:\/\/vosgesinfo.fr\/app\/uploads\/sites\/6\/2023\/08\/favicon-gerardmerinfo.png","width":512,"height":512,"caption":"Gerardmer Info"},"image":{"@id":"https:\/\/vosgesinfo.fr\/gerardmerinfo\/#\/schema\/logo\/image\/"},"sameAs":["https:\/\/www.facebook.com\/profile.php?id=100049475262660","https:\/\/x.com\/VosgesInfo88","https:\/\/www.youtube.com\/@vosgesinfo"]},{"@type":"Person","@id":"https:\/\/vosgesinfo.fr\/gerardmerinfo\/#\/schema\/person\/db5605779a843dad16b5368f3e7613a5","name":"QG","image":{"@type":"ImageObject","inLanguage":"fr-FR","@id":"https:\/\/vosgesinfo.fr\/gerardmerinfo\/#\/schema\/person\/image\/","url":"https:\/\/secure.gravatar.com\/avatar\/ea80c42c204b534408512832fde52504ecabb9706bcb6151cf6175e5b64e6793?s=96&d=mm&r=g","contentUrl":"https:\/\/secure.gravatar.com\/avatar\/ea80c42c204b534408512832fde52504ecabb9706bcb6151cf6175e5b64e6793?s=96&d=mm&r=g","caption":"QG"},"url":"https:\/\/vosgesinfo.fr\/gerardmerinfo\/author\/quentin88\/"}]}},"_links":{"self":[{"href":"https:\/\/vosgesinfo.fr\/gerardmerinfo\/wp-json\/wp\/v2\/posts\/14943","targetHints":{"allow":["GET"]}}],"collection":[{"href":"https:\/\/vosgesinfo.fr\/gerardmerinfo\/wp-json\/wp\/v2\/posts"}],"about":[{"href":"https:\/\/vosgesinfo.fr\/gerardmerinfo\/wp-json\/wp\/v2\/types\/post"}],"author":[{"embeddable":true,"href":"https:\/\/vosgesinfo.fr\/gerardmerinfo\/wp-json\/wp\/v2\/users\/42"}],"replies":[{"embeddable":true,"href":"https:\/\/vosgesinfo.fr\/gerardmerinfo\/wp-json\/wp\/v2\/comments?post=14943"}],"version-history":[{"count":0,"href":"https:\/\/vosgesinfo.fr\/gerardmerinfo\/wp-json\/wp\/v2\/posts\/14943\/revisions"}],"wp:featuredmedia":[{"embeddable":true,"href":"https:\/\/vosgesinfo.fr\/gerardmerinfo\/wp-json\/wp\/v2\/media\/14944"}],"wp:attachment":[{"href":"https:\/\/vosgesinfo.fr\/gerardmerinfo\/wp-json\/wp\/v2\/media?parent=14943"}],"wp:term":[{"taxonomy":"category","embeddable":true,"href":"https:\/\/vosgesinfo.fr\/gerardmerinfo\/wp-json\/wp\/v2\/categories?post=14943"},{"taxonomy":"post_tag","embeddable":true,"href":"https:\/\/vosgesinfo.fr\/gerardmerinfo\/wp-json\/wp\/v2\/tags?post=14943"}],"curies":[{"name":"wp","href":"https:\/\/api.w.org\/{rel}","templated":true}]}}