{"id":14960,"date":"2015-11-01T15:08:13","date_gmt":"2015-11-01T14:08:13","guid":{"rendered":"https:\/\/vosgesinfo.fr\/gerardmerinfo\/2015\/11\/jean-pierre-masseret-en-tournee-des-popotes\/"},"modified":"2015-11-01T15:08:13","modified_gmt":"2015-11-01T14:08:13","slug":"jean-pierre-masseret-en-tournee-des-popotes","status":"publish","type":"post","link":"https:\/\/vosgesinfo.fr\/gerardmerinfo\/2015\/11\/jean-pierre-masseret-en-tournee-des-popotes\/","title":{"rendered":"Jean-Pierre Masseret en tourn\u00e9e&#8230;des popotes"},"content":{"rendered":"<div id=\"attachment_65752\" style=\"width: 650px\" class=\"wp-caption alignright\"><a href=\"\/2015\/11\/P1040788.jpg\"><img decoding=\"async\" aria-describedby=\"caption-attachment-65752\" class=\"size-full wp-image-65752\" src=\"\/2015\/11\/P1040788.jpg\" alt=\"D\u00e9couverte du nappage Moderne par son directeur\" width=\"640\" height=\"480\" \/><\/a><p id=\"caption-attachment-65752\" class=\"wp-caption-text\"><span style=\"color: #ff0000;\"><strong>D\u00e9couverte du nappage Moderne par son directeur <\/strong><strong><span class=\"st\">Didier Destouches<\/span><\/strong><\/span><\/p><\/div>\n<p>D&rsquo;ici le premier tour des \u00e9lections r\u00e9gionales, c&rsquo;est \u00e0 dire le dimanche 6 d\u00e9cembre, il va falloir s&rsquo;habituer \u00e0 retrouver les hommes et femmes politiques sur le terrain. Ce fut le cas samedi pour Jean-Pierre Masseret\u00a0 dans une partie de l&rsquo;est du d\u00e9partement et dont l&rsquo;accueil fut organis\u00e9\u00a0 par Jean-Marie Lalande et Stessy Speissmann\u00a0 pour un tour des popotes de diff\u00e9rentes\u00a0 entreprises et entit\u00e9s tr\u00e8s diff\u00e9rentes les unes des autres, comme pour des lieux d&rsquo;accueil pour les personnes \u00e2g\u00e9es.<\/p>\n<p>Ainsi, l\u2019actuel pr\u00e9sident de la R\u00e9gion Lorraine a d\u00e9couvert des entreprises\u00a0 comme le Nappage Moderne install\u00e9 \u00e0 Granges-sur-Vologne sp\u00e9cialis\u00e9e comme son nom l&rsquo;indique dans la nappe en papier.<\/p>\n<p>Apr\u00e8s un passage \u00e0 La Bresse, la tourn\u00e9e de JP Masseret s&rsquo;est termin\u00e9e sur les bords du lac plus exactement \u00e0 la Base Nautique, l\u00e0 m\u00eame o\u00f9 a \u00e9t\u00e9 cr\u00e9\u00e9 un emploi qui entre dans le cadre des nouveaux dispositifs intitul\u00e9s Plan Emploi Sport de la <span style=\"color: #ff0000;\"><strong>R\u00e9gion Lorraine. <\/strong><\/span><\/p>\n<div id=\"attachment_65753\" style=\"width: 650px\" class=\"wp-caption alignright\"><a style=\"color: #ff0000;\" href=\"\/2015\/11\/P1040794.jpg\"><img decoding=\"async\" aria-describedby=\"caption-attachment-65753\" class=\"size-full wp-image-65753\" src=\"\/2015\/11\/P1040794.jpg\" alt=\"Le Nappage Moderne\" width=\"640\" height=\"480\" \/><\/a><p id=\"caption-attachment-65753\" class=\"wp-caption-text\"><span style=\"color: #ff0000;\"><strong>Le Nappage Moderne<\/strong><\/span><\/p><\/div>\n","protected":false},"excerpt":{"rendered":"<p>D&rsquo;ici le premier tour des \u00e9lections r\u00e9gionales, c&rsquo;est \u00e0 dire le dimanche 6 d\u00e9cembre, il va falloir s&rsquo;habituer \u00e0 retrouver [&hellip;]<\/p>\n","protected":false},"author":1,"featured_media":14961,"comment_status":"open","ping_status":"open","sticky":false,"template":"","format":"standard","meta":{"footnotes":""},"categories":[5,10],"tags":[],"class_list":["post-14960","post","type-post","status-publish","format-standard","has-post-thumbnail","hentry","category-economie","category-politique"],"acf":[],"yoast_head":"<!-- This site is optimized with the Yoast SEO plugin v22.5 - https:\/\/yoast.com\/wordpress\/plugins\/seo\/ -->\n<title>Jean-Pierre Masseret en tourn\u00e9e...des popotes - Gerardmer Info<\/title>\n<meta name=\"robots\" content=\"index, follow, max-snippet:-1, max-image-preview:large, max-video-preview:-1\" \/>\n<link rel=\"canonical\" href=\"https:\/\/vosgesinfo.fr\/gerardmerinfo\/2015\/11\/jean-pierre-masseret-en-tournee-des-popotes\/\" \/>\n<meta name=\"twitter:card\" content=\"summary_large_image\" \/>\n<meta name=\"twitter:title\" content=\"Jean-Pierre Masseret en tourn\u00e9e...des popotes - Gerardmer Info\" \/>\n<meta name=\"twitter:description\" content=\"D&rsquo;ici le premier tour des \u00e9lections r\u00e9gionales, c&rsquo;est \u00e0 dire le dimanche 6 d\u00e9cembre, il va falloir s&rsquo;habituer \u00e0 retrouver [&hellip;]\" \/>\n<meta name=\"twitter:image\" content=\"https:\/\/vosgesinfo.fr\/app\/uploads\/sites\/6\/2024\/07\/201511p1040788.jpg\" \/>\n<meta name=\"twitter:creator\" content=\"@VosgesInfo88\" \/>\n<meta name=\"twitter:site\" content=\"@VosgesInfo88\" \/>\n<meta name=\"twitter:label1\" content=\"\u00c9crit par\" \/>\n\t<meta name=\"twitter:data1\" content=\"qs_admin\" \/>\n\t<meta name=\"twitter:label2\" content=\"Dur\u00e9e de lecture estim\u00e9e\" \/>\n\t<meta name=\"twitter:data2\" content=\"1 minute\" \/>\n<script type=\"application\/ld+json\" class=\"yoast-schema-graph\">{\"@context\":\"https:\/\/schema.org\",\"@graph\":[{\"@type\":\"Article\",\"@id\":\"https:\/\/vosgesinfo.fr\/gerardmerinfo\/2015\/11\/jean-pierre-masseret-en-tournee-des-popotes\/#article\",\"isPartOf\":{\"@id\":\"https:\/\/vosgesinfo.fr\/gerardmerinfo\/2015\/11\/jean-pierre-masseret-en-tournee-des-popotes\/\"},\"author\":{\"name\":\"qs_admin\",\"@id\":\"https:\/\/vosgesinfo.fr\/gerardmerinfo\/#\/schema\/person\/bc5d02d71e6932e81b6dadb7386667b1\"},\"headline\":\"Jean-Pierre Masseret en tourn\u00e9e&#8230;des popotes\",\"datePublished\":\"2015-11-01T14:08:13+00:00\",\"dateModified\":\"2015-11-01T14:08:13+00:00\",\"mainEntityOfPage\":{\"@id\":\"https:\/\/vosgesinfo.fr\/gerardmerinfo\/2015\/11\/jean-pierre-masseret-en-tournee-des-popotes\/\"},\"wordCount\":211,\"commentCount\":0,\"publisher\":{\"@id\":\"https:\/\/vosgesinfo.fr\/gerardmerinfo\/#organization\"},\"image\":{\"@id\":\"https:\/\/vosgesinfo.fr\/gerardmerinfo\/2015\/11\/jean-pierre-masseret-en-tournee-des-popotes\/#primaryimage\"},\"thumbnailUrl\":\"https:\/\/vosgesinfo.fr\/app\/uploads\/sites\/6\/2024\/07\/201511p1040788.jpg\",\"articleSection\":[\"\u00c9conomie\",\"Politique\"],\"inLanguage\":\"fr-FR\",\"potentialAction\":[{\"@type\":\"CommentAction\",\"name\":\"Comment\",\"target\":[\"https:\/\/vosgesinfo.fr\/gerardmerinfo\/2015\/11\/jean-pierre-masseret-en-tournee-des-popotes\/#respond\"]}]},{\"@type\":\"WebPage\",\"@id\":\"https:\/\/vosgesinfo.fr\/gerardmerinfo\/2015\/11\/jean-pierre-masseret-en-tournee-des-popotes\/\",\"url\":\"https:\/\/vosgesinfo.fr\/gerardmerinfo\/2015\/11\/jean-pierre-masseret-en-tournee-des-popotes\/\",\"name\":\"Jean-Pierre Masseret en tourn\u00e9e...des popotes - Gerardmer Info\",\"isPartOf\":{\"@id\":\"https:\/\/vosgesinfo.fr\/gerardmerinfo\/#website\"},\"primaryImageOfPage\":{\"@id\":\"https:\/\/vosgesinfo.fr\/gerardmerinfo\/2015\/11\/jean-pierre-masseret-en-tournee-des-popotes\/#primaryimage\"},\"image\":{\"@id\":\"https:\/\/vosgesinfo.fr\/gerardmerinfo\/2015\/11\/jean-pierre-masseret-en-tournee-des-popotes\/#primaryimage\"},\"thumbnailUrl\":\"https:\/\/vosgesinfo.fr\/app\/uploads\/sites\/6\/2024\/07\/201511p1040788.jpg\",\"datePublished\":\"2015-11-01T14:08:13+00:00\",\"dateModified\":\"2015-11-01T14:08:13+00:00\",\"breadcrumb\":{\"@id\":\"https:\/\/vosgesinfo.fr\/gerardmerinfo\/2015\/11\/jean-pierre-masseret-en-tournee-des-popotes\/#breadcrumb\"},\"inLanguage\":\"fr-FR\",\"potentialAction\":[{\"@type\":\"ReadAction\",\"target\":[\"https:\/\/vosgesinfo.fr\/gerardmerinfo\/2015\/11\/jean-pierre-masseret-en-tournee-des-popotes\/\"]}]},{\"@type\":\"ImageObject\",\"inLanguage\":\"fr-FR\",\"@id\":\"https:\/\/vosgesinfo.fr\/gerardmerinfo\/2015\/11\/jean-pierre-masseret-en-tournee-des-popotes\/#primaryimage\",\"url\":\"https:\/\/vosgesinfo.fr\/app\/uploads\/sites\/6\/2024\/07\/201511p1040788.jpg\",\"contentUrl\":\"https:\/\/vosgesinfo.fr\/app\/uploads\/sites\/6\/2024\/07\/201511p1040788.jpg\",\"width\":640,\"height\":480},{\"@type\":\"BreadcrumbList\",\"@id\":\"https:\/\/vosgesinfo.fr\/gerardmerinfo\/2015\/11\/jean-pierre-masseret-en-tournee-des-popotes\/#breadcrumb\",\"itemListElement\":[{\"@type\":\"ListItem\",\"position\":1,\"name\":\"Home\",\"item\":\"https:\/\/vosgesinfo.fr\/gerardmerinfo\/\"},{\"@type\":\"ListItem\",\"position\":2,\"name\":\"Jean-Pierre Masseret en tourn\u00e9e&#8230;des popotes\"}]},{\"@type\":\"WebSite\",\"@id\":\"https:\/\/vosgesinfo.fr\/gerardmerinfo\/#website\",\"url\":\"https:\/\/vosgesinfo.fr\/gerardmerinfo\/\",\"name\":\"Gerardmer Info\",\"description\":\"Toute l&#039;actualit\u00e9 de G\u00e9rardmer\",\"publisher\":{\"@id\":\"https:\/\/vosgesinfo.fr\/gerardmerinfo\/#organization\"},\"alternateName\":\"Toute l'actualit\u00e9 de G\u00e9rardmer\",\"potentialAction\":[{\"@type\":\"SearchAction\",\"target\":{\"@type\":\"EntryPoint\",\"urlTemplate\":\"https:\/\/vosgesinfo.fr\/gerardmerinfo\/?s={search_term_string}\"},\"query-input\":\"required name=search_term_string\"}],\"inLanguage\":\"fr-FR\"},{\"@type\":\"Organization\",\"@id\":\"https:\/\/vosgesinfo.fr\/gerardmerinfo\/#organization\",\"name\":\"Gerardmer Info\",\"url\":\"https:\/\/vosgesinfo.fr\/gerardmerinfo\/\",\"logo\":{\"@type\":\"ImageObject\",\"inLanguage\":\"fr-FR\",\"@id\":\"https:\/\/vosgesinfo.fr\/gerardmerinfo\/#\/schema\/logo\/image\/\",\"url\":\"https:\/\/vosgesinfo.fr\/app\/uploads\/sites\/6\/2023\/08\/favicon-gerardmerinfo.png\",\"contentUrl\":\"https:\/\/vosgesinfo.fr\/app\/uploads\/sites\/6\/2023\/08\/favicon-gerardmerinfo.png\",\"width\":512,\"height\":512,\"caption\":\"Gerardmer Info\"},\"image\":{\"@id\":\"https:\/\/vosgesinfo.fr\/gerardmerinfo\/#\/schema\/logo\/image\/\"},\"sameAs\":[\"https:\/\/www.facebook.com\/profile.php?id=100049475262660\",\"https:\/\/x.com\/VosgesInfo88\",\"https:\/\/www.youtube.com\/@vosgesinfo\"]},{\"@type\":\"Person\",\"@id\":\"https:\/\/vosgesinfo.fr\/gerardmerinfo\/#\/schema\/person\/bc5d02d71e6932e81b6dadb7386667b1\",\"name\":\"qs_admin\",\"image\":{\"@type\":\"ImageObject\",\"inLanguage\":\"fr-FR\",\"@id\":\"https:\/\/vosgesinfo.fr\/gerardmerinfo\/#\/schema\/person\/image\/\",\"url\":\"https:\/\/secure.gravatar.com\/avatar\/94b18ee0ed79e4a42ea2f2931277b6841a8999fc6fde214600c78057cf1fe1de?s=96&d=mm&r=g\",\"contentUrl\":\"https:\/\/secure.gravatar.com\/avatar\/94b18ee0ed79e4a42ea2f2931277b6841a8999fc6fde214600c78057cf1fe1de?s=96&d=mm&r=g\",\"caption\":\"qs_admin\"},\"sameAs\":[\"https:\/\/vosgesinfo.fr\/wp\"],\"url\":\"https:\/\/vosgesinfo.fr\/gerardmerinfo\/author\/qs_admin\/\"}]}<\/script>\n<!-- \/ Yoast SEO plugin. -->","yoast_head_json":{"title":"Jean-Pierre Masseret en tourn\u00e9e...des popotes - Gerardmer Info","robots":{"index":"index","follow":"follow","max-snippet":"max-snippet:-1","max-image-preview":"max-image-preview:large","max-video-preview":"max-video-preview:-1"},"canonical":"https:\/\/vosgesinfo.fr\/gerardmerinfo\/2015\/11\/jean-pierre-masseret-en-tournee-des-popotes\/","twitter_card":"summary_large_image","twitter_title":"Jean-Pierre Masseret en tourn\u00e9e...des popotes - Gerardmer Info","twitter_description":"D&rsquo;ici le premier tour des \u00e9lections r\u00e9gionales, c&rsquo;est \u00e0 dire le dimanche 6 d\u00e9cembre, il va falloir s&rsquo;habituer \u00e0 retrouver [&hellip;]","twitter_image":"https:\/\/vosgesinfo.fr\/app\/uploads\/sites\/6\/2024\/07\/201511p1040788.jpg","twitter_creator":"@VosgesInfo88","twitter_site":"@VosgesInfo88","twitter_misc":{"\u00c9crit par":"qs_admin","Dur\u00e9e de lecture estim\u00e9e":"1 minute"},"schema":{"@context":"https:\/\/schema.org","@graph":[{"@type":"Article","@id":"https:\/\/vosgesinfo.fr\/gerardmerinfo\/2015\/11\/jean-pierre-masseret-en-tournee-des-popotes\/#article","isPartOf":{"@id":"https:\/\/vosgesinfo.fr\/gerardmerinfo\/2015\/11\/jean-pierre-masseret-en-tournee-des-popotes\/"},"author":{"name":"qs_admin","@id":"https:\/\/vosgesinfo.fr\/gerardmerinfo\/#\/schema\/person\/bc5d02d71e6932e81b6dadb7386667b1"},"headline":"Jean-Pierre Masseret en tourn\u00e9e&#8230;des popotes","datePublished":"2015-11-01T14:08:13+00:00","dateModified":"2015-11-01T14:08:13+00:00","mainEntityOfPage":{"@id":"https:\/\/vosgesinfo.fr\/gerardmerinfo\/2015\/11\/jean-pierre-masseret-en-tournee-des-popotes\/"},"wordCount":211,"commentCount":0,"publisher":{"@id":"https:\/\/vosgesinfo.fr\/gerardmerinfo\/#organization"},"image":{"@id":"https:\/\/vosgesinfo.fr\/gerardmerinfo\/2015\/11\/jean-pierre-masseret-en-tournee-des-popotes\/#primaryimage"},"thumbnailUrl":"https:\/\/vosgesinfo.fr\/app\/uploads\/sites\/6\/2024\/07\/201511p1040788.jpg","articleSection":["\u00c9conomie","Politique"],"inLanguage":"fr-FR","potentialAction":[{"@type":"CommentAction","name":"Comment","target":["https:\/\/vosgesinfo.fr\/gerardmerinfo\/2015\/11\/jean-pierre-masseret-en-tournee-des-popotes\/#respond"]}]},{"@type":"WebPage","@id":"https:\/\/vosgesinfo.fr\/gerardmerinfo\/2015\/11\/jean-pierre-masseret-en-tournee-des-popotes\/","url":"https:\/\/vosgesinfo.fr\/gerardmerinfo\/2015\/11\/jean-pierre-masseret-en-tournee-des-popotes\/","name":"Jean-Pierre Masseret en tourn\u00e9e...des popotes - Gerardmer Info","isPartOf":{"@id":"https:\/\/vosgesinfo.fr\/gerardmerinfo\/#website"},"primaryImageOfPage":{"@id":"https:\/\/vosgesinfo.fr\/gerardmerinfo\/2015\/11\/jean-pierre-masseret-en-tournee-des-popotes\/#primaryimage"},"image":{"@id":"https:\/\/vosgesinfo.fr\/gerardmerinfo\/2015\/11\/jean-pierre-masseret-en-tournee-des-popotes\/#primaryimage"},"thumbnailUrl":"https:\/\/vosgesinfo.fr\/app\/uploads\/sites\/6\/2024\/07\/201511p1040788.jpg","datePublished":"2015-11-01T14:08:13+00:00","dateModified":"2015-11-01T14:08:13+00:00","breadcrumb":{"@id":"https:\/\/vosgesinfo.fr\/gerardmerinfo\/2015\/11\/jean-pierre-masseret-en-tournee-des-popotes\/#breadcrumb"},"inLanguage":"fr-FR","potentialAction":[{"@type":"ReadAction","target":["https:\/\/vosgesinfo.fr\/gerardmerinfo\/2015\/11\/jean-pierre-masseret-en-tournee-des-popotes\/"]}]},{"@type":"ImageObject","inLanguage":"fr-FR","@id":"https:\/\/vosgesinfo.fr\/gerardmerinfo\/2015\/11\/jean-pierre-masseret-en-tournee-des-popotes\/#primaryimage","url":"https:\/\/vosgesinfo.fr\/app\/uploads\/sites\/6\/2024\/07\/201511p1040788.jpg","contentUrl":"https:\/\/vosgesinfo.fr\/app\/uploads\/sites\/6\/2024\/07\/201511p1040788.jpg","width":640,"height":480},{"@type":"BreadcrumbList","@id":"https:\/\/vosgesinfo.fr\/gerardmerinfo\/2015\/11\/jean-pierre-masseret-en-tournee-des-popotes\/#breadcrumb","itemListElement":[{"@type":"ListItem","position":1,"name":"Home","item":"https:\/\/vosgesinfo.fr\/gerardmerinfo\/"},{"@type":"ListItem","position":2,"name":"Jean-Pierre Masseret en tourn\u00e9e&#8230;des popotes"}]},{"@type":"WebSite","@id":"https:\/\/vosgesinfo.fr\/gerardmerinfo\/#website","url":"https:\/\/vosgesinfo.fr\/gerardmerinfo\/","name":"Gerardmer Info","description":"Toute l&#039;actualit\u00e9 de G\u00e9rardmer","publisher":{"@id":"https:\/\/vosgesinfo.fr\/gerardmerinfo\/#organization"},"alternateName":"Toute l'actualit\u00e9 de G\u00e9rardmer","potentialAction":[{"@type":"SearchAction","target":{"@type":"EntryPoint","urlTemplate":"https:\/\/vosgesinfo.fr\/gerardmerinfo\/?s={search_term_string}"},"query-input":"required name=search_term_string"}],"inLanguage":"fr-FR"},{"@type":"Organization","@id":"https:\/\/vosgesinfo.fr\/gerardmerinfo\/#organization","name":"Gerardmer Info","url":"https:\/\/vosgesinfo.fr\/gerardmerinfo\/","logo":{"@type":"ImageObject","inLanguage":"fr-FR","@id":"https:\/\/vosgesinfo.fr\/gerardmerinfo\/#\/schema\/logo\/image\/","url":"https:\/\/vosgesinfo.fr\/app\/uploads\/sites\/6\/2023\/08\/favicon-gerardmerinfo.png","contentUrl":"https:\/\/vosgesinfo.fr\/app\/uploads\/sites\/6\/2023\/08\/favicon-gerardmerinfo.png","width":512,"height":512,"caption":"Gerardmer Info"},"image":{"@id":"https:\/\/vosgesinfo.fr\/gerardmerinfo\/#\/schema\/logo\/image\/"},"sameAs":["https:\/\/www.facebook.com\/profile.php?id=100049475262660","https:\/\/x.com\/VosgesInfo88","https:\/\/www.youtube.com\/@vosgesinfo"]},{"@type":"Person","@id":"https:\/\/vosgesinfo.fr\/gerardmerinfo\/#\/schema\/person\/bc5d02d71e6932e81b6dadb7386667b1","name":"qs_admin","image":{"@type":"ImageObject","inLanguage":"fr-FR","@id":"https:\/\/vosgesinfo.fr\/gerardmerinfo\/#\/schema\/person\/image\/","url":"https:\/\/secure.gravatar.com\/avatar\/94b18ee0ed79e4a42ea2f2931277b6841a8999fc6fde214600c78057cf1fe1de?s=96&d=mm&r=g","contentUrl":"https:\/\/secure.gravatar.com\/avatar\/94b18ee0ed79e4a42ea2f2931277b6841a8999fc6fde214600c78057cf1fe1de?s=96&d=mm&r=g","caption":"qs_admin"},"sameAs":["https:\/\/vosgesinfo.fr\/wp"],"url":"https:\/\/vosgesinfo.fr\/gerardmerinfo\/author\/qs_admin\/"}]}},"_links":{"self":[{"href":"https:\/\/vosgesinfo.fr\/gerardmerinfo\/wp-json\/wp\/v2\/posts\/14960","targetHints":{"allow":["GET"]}}],"collection":[{"href":"https:\/\/vosgesinfo.fr\/gerardmerinfo\/wp-json\/wp\/v2\/posts"}],"about":[{"href":"https:\/\/vosgesinfo.fr\/gerardmerinfo\/wp-json\/wp\/v2\/types\/post"}],"author":[{"embeddable":true,"href":"https:\/\/vosgesinfo.fr\/gerardmerinfo\/wp-json\/wp\/v2\/users\/1"}],"replies":[{"embeddable":true,"href":"https:\/\/vosgesinfo.fr\/gerardmerinfo\/wp-json\/wp\/v2\/comments?post=14960"}],"version-history":[{"count":0,"href":"https:\/\/vosgesinfo.fr\/gerardmerinfo\/wp-json\/wp\/v2\/posts\/14960\/revisions"}],"wp:featuredmedia":[{"embeddable":true,"href":"https:\/\/vosgesinfo.fr\/gerardmerinfo\/wp-json\/wp\/v2\/media\/14961"}],"wp:attachment":[{"href":"https:\/\/vosgesinfo.fr\/gerardmerinfo\/wp-json\/wp\/v2\/media?parent=14960"}],"wp:term":[{"taxonomy":"category","embeddable":true,"href":"https:\/\/vosgesinfo.fr\/gerardmerinfo\/wp-json\/wp\/v2\/categories?post=14960"},{"taxonomy":"post_tag","embeddable":true,"href":"https:\/\/vosgesinfo.fr\/gerardmerinfo\/wp-json\/wp\/v2\/tags?post=14960"}],"curies":[{"name":"wp","href":"https:\/\/api.w.org\/{rel}","templated":true}]}}