{"id":15424,"date":"2015-11-22T17:49:18","date_gmt":"2015-11-22T16:49:18","guid":{"rendered":"https:\/\/vosgesinfo.fr\/gerardmerinfo\/2015\/11\/soiree-de-lamitie-veritable-institution\/"},"modified":"2015-11-22T17:49:18","modified_gmt":"2015-11-22T16:49:18","slug":"soiree-de-lamitie-veritable-institution","status":"publish","type":"post","link":"https:\/\/vosgesinfo.fr\/gerardmerinfo\/2015\/11\/soiree-de-lamitie-veritable-institution\/","title":{"rendered":"La soir\u00e9e de l&rsquo;amiti\u00e9 : une v\u00e9ritable institution"},"content":{"rendered":"<div id=\"attachment_67964\" style=\"width: 555px\" class=\"wp-caption aligncenter\"><a href=\"\/2015\/11\/soir\u00e9e-Kiwanis-1-WEB.jpg\"><img decoding=\"async\" aria-describedby=\"caption-attachment-67964\" class=\"size-large wp-image-67964\" src=\"\/2015\/11\/soir\u00e9e-Kiwanis-1-WEB-1024x768.jpg\" alt=\"Pr\u00e8s de 230 convives avaient r\u00e9pondu pr\u00e9sent \u00e0 cette soir\u00e9e dont les b\u00e9n\u00e9fices \u00e9taient revers\u00e9s aux oeuvre sociales du club\" width=\"545\" height=\"409\" \/><\/a><p id=\"caption-attachment-67964\" class=\"wp-caption-text\">Pr\u00e8s de 230 convives avaient r\u00e9pondu pr\u00e9sent \u00e0 cette soir\u00e9e dont les b\u00e9n\u00e9fices \u00e9taient revers\u00e9s aux oeuvre sociales du club.<\/p><\/div>\n<p>Samedi soir, avait lieu la traditionnelle soir\u00e9e de l&rsquo;amiti\u00e9 organis\u00e9e par le Kiwanis Club de G\u00e9rardmer \u00e0 l&rsquo;Espace LAC et anim\u00e9e par l&rsquo;orchestre Studio 5. Un bal dansant qui a r\u00e9uni pr\u00e8s de 230 convives venus partager un moment de convivialit\u00e9 tout en mettant leur pierre \u00e0 l&rsquo;\u00e9difice des \u0153uvres sociales du club.<\/p>\n<div id=\"attachment_67965\" style=\"width: 310px\" class=\"wp-caption alignright\"><a href=\"\/2015\/11\/soir\u00e9e-Kiwanis-2-WEB.jpg\"><img decoding=\"async\" aria-describedby=\"caption-attachment-67965\" class=\"size-medium wp-image-67965\" src=\"\/2015\/11\/soir\u00e9e-Kiwanis-2-WEB-300x225.jpg\" alt=\"Le pr\u00e9sident Bernard Krafft a \u00e9voqu\u00e9 les \u00e9v\u00e9nements tragiques du 13 novembre pour rappeler que plus que jamais, la solidarit\u00e9 et l'maiti\u00e9 devaient primer dans ces moments difficiles\" width=\"300\" height=\"225\" \/><\/a><p id=\"caption-attachment-67965\" class=\"wp-caption-text\">Le pr\u00e9sident Bernard Krafft a \u00e9voqu\u00e9 les \u00e9v\u00e9nements tragiques du 13 novembre pour rappeler que plus que jamais, la solidarit\u00e9 et l\u2019amiti\u00e9 devaient primer dans ces moments difficiles<\/p><\/div>\n<p>Et il faut pr\u00e9ciser que cette soir\u00e9e devenue une v\u00e9ritable institution avait une saveur un peu particuli\u00e8re puisqu&rsquo;elle venait \u00e9galement c\u00e9l\u00e9brer les 35 ans du club service g\u00e9r\u00f4mois chart\u00e9 officiellement en 1980. Et comme le faisait \u00e0 juste titre remarquer l&rsquo;actuel pr\u00e9sident Bernard Krafft, le Kiwanis de la Perle des Vosges compte encore dans ses rangs quatre de ses membres de la premi\u00e8re heure\u00a0: Didier Couturier, Jean-Marie Didier, G\u00e9rard Pierrat et Pierre Sachot.<\/p>\n<p>Apr\u00e8s une minute de silence de circonstance en m\u00e9moire des victimes du vendredi 13 novembre et un bref r\u00e9capitulatif des actions men\u00e9es par le club, les r\u00e9jouissances ont donc \u00e9t\u00e9 lanc\u00e9es par Bernard Krafft ainsi que le Lieutenant-Gouverneur de la division Vosges-Lorraine Hubert Bogard qui avait eu la gentillesse de r\u00e9pondre \u00e0 l&rsquo;invitation des G\u00e9r\u00f4mois, tout comme de nombreux repr\u00e9sentants des clubs du d\u00e9partement.<\/p>\n","protected":false},"excerpt":{"rendered":"<p>Samedi soir, avait lieu la traditionnelle soir\u00e9e de l&rsquo;amiti\u00e9 organis\u00e9e par le Kiwanis Club de G\u00e9rardmer \u00e0 l&rsquo;Espace LAC et [&hellip;]<\/p>\n","protected":false},"author":42,"featured_media":15425,"comment_status":"open","ping_status":"open","sticky":false,"template":"","format":"standard","meta":{"footnotes":""},"categories":[17],"tags":[],"class_list":["post-15424","post","type-post","status-publish","format-standard","has-post-thumbnail","hentry","category-vie-associative"],"acf":[],"yoast_head":"<!-- This site is optimized with the Yoast SEO plugin v22.5 - https:\/\/yoast.com\/wordpress\/plugins\/seo\/ -->\n<title>La soir\u00e9e de l&#039;amiti\u00e9 : une v\u00e9ritable institution - Gerardmer Info<\/title>\n<meta name=\"robots\" content=\"index, follow, max-snippet:-1, max-image-preview:large, max-video-preview:-1\" \/>\n<link rel=\"canonical\" href=\"https:\/\/vosgesinfo.fr\/gerardmerinfo\/2015\/11\/soiree-de-lamitie-veritable-institution\/\" \/>\n<meta name=\"twitter:card\" content=\"summary_large_image\" \/>\n<meta name=\"twitter:title\" content=\"La soir\u00e9e de l&#039;amiti\u00e9 : une v\u00e9ritable institution - Gerardmer Info\" \/>\n<meta name=\"twitter:description\" content=\"Samedi soir, avait lieu la traditionnelle soir\u00e9e de l&rsquo;amiti\u00e9 organis\u00e9e par le Kiwanis Club de G\u00e9rardmer \u00e0 l&rsquo;Espace LAC et [&hellip;]\" \/>\n<meta name=\"twitter:image\" content=\"https:\/\/vosgesinfo.fr\/app\/uploads\/sites\/6\/2024\/07\/201511soiree-kiwanis-1-web.jpg\" \/>\n<meta name=\"twitter:creator\" content=\"@VosgesInfo88\" \/>\n<meta name=\"twitter:site\" content=\"@VosgesInfo88\" \/>\n<meta name=\"twitter:label1\" content=\"\u00c9crit par\" \/>\n\t<meta name=\"twitter:data1\" content=\"QG\" \/>\n\t<meta name=\"twitter:label2\" content=\"Dur\u00e9e de lecture estim\u00e9e\" \/>\n\t<meta name=\"twitter:data2\" content=\"1 minute\" \/>\n<script type=\"application\/ld+json\" class=\"yoast-schema-graph\">{\"@context\":\"https:\/\/schema.org\",\"@graph\":[{\"@type\":\"Article\",\"@id\":\"https:\/\/vosgesinfo.fr\/gerardmerinfo\/2015\/11\/soiree-de-lamitie-veritable-institution\/#article\",\"isPartOf\":{\"@id\":\"https:\/\/vosgesinfo.fr\/gerardmerinfo\/2015\/11\/soiree-de-lamitie-veritable-institution\/\"},\"author\":{\"name\":\"QG\",\"@id\":\"https:\/\/vosgesinfo.fr\/gerardmerinfo\/#\/schema\/person\/db5605779a843dad16b5368f3e7613a5\"},\"headline\":\"La soir\u00e9e de l&rsquo;amiti\u00e9 : une v\u00e9ritable institution\",\"datePublished\":\"2015-11-22T16:49:18+00:00\",\"dateModified\":\"2015-11-22T16:49:18+00:00\",\"mainEntityOfPage\":{\"@id\":\"https:\/\/vosgesinfo.fr\/gerardmerinfo\/2015\/11\/soiree-de-lamitie-veritable-institution\/\"},\"wordCount\":295,\"commentCount\":0,\"publisher\":{\"@id\":\"https:\/\/vosgesinfo.fr\/gerardmerinfo\/#organization\"},\"image\":{\"@id\":\"https:\/\/vosgesinfo.fr\/gerardmerinfo\/2015\/11\/soiree-de-lamitie-veritable-institution\/#primaryimage\"},\"thumbnailUrl\":\"https:\/\/vosgesinfo.fr\/app\/uploads\/sites\/6\/2024\/07\/201511soiree-kiwanis-1-web.jpg\",\"articleSection\":[\"Vie Associative\"],\"inLanguage\":\"fr-FR\",\"potentialAction\":[{\"@type\":\"CommentAction\",\"name\":\"Comment\",\"target\":[\"https:\/\/vosgesinfo.fr\/gerardmerinfo\/2015\/11\/soiree-de-lamitie-veritable-institution\/#respond\"]}]},{\"@type\":\"WebPage\",\"@id\":\"https:\/\/vosgesinfo.fr\/gerardmerinfo\/2015\/11\/soiree-de-lamitie-veritable-institution\/\",\"url\":\"https:\/\/vosgesinfo.fr\/gerardmerinfo\/2015\/11\/soiree-de-lamitie-veritable-institution\/\",\"name\":\"La soir\u00e9e de l'amiti\u00e9 : une v\u00e9ritable institution - Gerardmer Info\",\"isPartOf\":{\"@id\":\"https:\/\/vosgesinfo.fr\/gerardmerinfo\/#website\"},\"primaryImageOfPage\":{\"@id\":\"https:\/\/vosgesinfo.fr\/gerardmerinfo\/2015\/11\/soiree-de-lamitie-veritable-institution\/#primaryimage\"},\"image\":{\"@id\":\"https:\/\/vosgesinfo.fr\/gerardmerinfo\/2015\/11\/soiree-de-lamitie-veritable-institution\/#primaryimage\"},\"thumbnailUrl\":\"https:\/\/vosgesinfo.fr\/app\/uploads\/sites\/6\/2024\/07\/201511soiree-kiwanis-1-web.jpg\",\"datePublished\":\"2015-11-22T16:49:18+00:00\",\"dateModified\":\"2015-11-22T16:49:18+00:00\",\"breadcrumb\":{\"@id\":\"https:\/\/vosgesinfo.fr\/gerardmerinfo\/2015\/11\/soiree-de-lamitie-veritable-institution\/#breadcrumb\"},\"inLanguage\":\"fr-FR\",\"potentialAction\":[{\"@type\":\"ReadAction\",\"target\":[\"https:\/\/vosgesinfo.fr\/gerardmerinfo\/2015\/11\/soiree-de-lamitie-veritable-institution\/\"]}]},{\"@type\":\"ImageObject\",\"inLanguage\":\"fr-FR\",\"@id\":\"https:\/\/vosgesinfo.fr\/gerardmerinfo\/2015\/11\/soiree-de-lamitie-veritable-institution\/#primaryimage\",\"url\":\"https:\/\/vosgesinfo.fr\/app\/uploads\/sites\/6\/2024\/07\/201511soiree-kiwanis-1-web.jpg\",\"contentUrl\":\"https:\/\/vosgesinfo.fr\/app\/uploads\/sites\/6\/2024\/07\/201511soiree-kiwanis-1-web.jpg\",\"width\":1024,\"height\":768},{\"@type\":\"BreadcrumbList\",\"@id\":\"https:\/\/vosgesinfo.fr\/gerardmerinfo\/2015\/11\/soiree-de-lamitie-veritable-institution\/#breadcrumb\",\"itemListElement\":[{\"@type\":\"ListItem\",\"position\":1,\"name\":\"Home\",\"item\":\"https:\/\/vosgesinfo.fr\/gerardmerinfo\/\"},{\"@type\":\"ListItem\",\"position\":2,\"name\":\"La soir\u00e9e de l&rsquo;amiti\u00e9 : une v\u00e9ritable institution\"}]},{\"@type\":\"WebSite\",\"@id\":\"https:\/\/vosgesinfo.fr\/gerardmerinfo\/#website\",\"url\":\"https:\/\/vosgesinfo.fr\/gerardmerinfo\/\",\"name\":\"Gerardmer Info\",\"description\":\"Toute l&#039;actualit\u00e9 de G\u00e9rardmer\",\"publisher\":{\"@id\":\"https:\/\/vosgesinfo.fr\/gerardmerinfo\/#organization\"},\"alternateName\":\"Toute l'actualit\u00e9 de G\u00e9rardmer\",\"potentialAction\":[{\"@type\":\"SearchAction\",\"target\":{\"@type\":\"EntryPoint\",\"urlTemplate\":\"https:\/\/vosgesinfo.fr\/gerardmerinfo\/?s={search_term_string}\"},\"query-input\":\"required name=search_term_string\"}],\"inLanguage\":\"fr-FR\"},{\"@type\":\"Organization\",\"@id\":\"https:\/\/vosgesinfo.fr\/gerardmerinfo\/#organization\",\"name\":\"Gerardmer Info\",\"url\":\"https:\/\/vosgesinfo.fr\/gerardmerinfo\/\",\"logo\":{\"@type\":\"ImageObject\",\"inLanguage\":\"fr-FR\",\"@id\":\"https:\/\/vosgesinfo.fr\/gerardmerinfo\/#\/schema\/logo\/image\/\",\"url\":\"https:\/\/vosgesinfo.fr\/app\/uploads\/sites\/6\/2023\/08\/favicon-gerardmerinfo.png\",\"contentUrl\":\"https:\/\/vosgesinfo.fr\/app\/uploads\/sites\/6\/2023\/08\/favicon-gerardmerinfo.png\",\"width\":512,\"height\":512,\"caption\":\"Gerardmer Info\"},\"image\":{\"@id\":\"https:\/\/vosgesinfo.fr\/gerardmerinfo\/#\/schema\/logo\/image\/\"},\"sameAs\":[\"https:\/\/www.facebook.com\/profile.php?id=100049475262660\",\"https:\/\/x.com\/VosgesInfo88\",\"https:\/\/www.youtube.com\/@vosgesinfo\"]},{\"@type\":\"Person\",\"@id\":\"https:\/\/vosgesinfo.fr\/gerardmerinfo\/#\/schema\/person\/db5605779a843dad16b5368f3e7613a5\",\"name\":\"QG\",\"image\":{\"@type\":\"ImageObject\",\"inLanguage\":\"fr-FR\",\"@id\":\"https:\/\/vosgesinfo.fr\/gerardmerinfo\/#\/schema\/person\/image\/\",\"url\":\"https:\/\/secure.gravatar.com\/avatar\/ea80c42c204b534408512832fde52504ecabb9706bcb6151cf6175e5b64e6793?s=96&d=mm&r=g\",\"contentUrl\":\"https:\/\/secure.gravatar.com\/avatar\/ea80c42c204b534408512832fde52504ecabb9706bcb6151cf6175e5b64e6793?s=96&d=mm&r=g\",\"caption\":\"QG\"},\"url\":\"https:\/\/vosgesinfo.fr\/gerardmerinfo\/author\/quentin88\/\"}]}<\/script>\n<!-- \/ Yoast SEO plugin. -->","yoast_head_json":{"title":"La soir\u00e9e de l'amiti\u00e9 : une v\u00e9ritable institution - Gerardmer Info","robots":{"index":"index","follow":"follow","max-snippet":"max-snippet:-1","max-image-preview":"max-image-preview:large","max-video-preview":"max-video-preview:-1"},"canonical":"https:\/\/vosgesinfo.fr\/gerardmerinfo\/2015\/11\/soiree-de-lamitie-veritable-institution\/","twitter_card":"summary_large_image","twitter_title":"La soir\u00e9e de l'amiti\u00e9 : une v\u00e9ritable institution - Gerardmer Info","twitter_description":"Samedi soir, avait lieu la traditionnelle soir\u00e9e de l&rsquo;amiti\u00e9 organis\u00e9e par le Kiwanis Club de G\u00e9rardmer \u00e0 l&rsquo;Espace LAC et [&hellip;]","twitter_image":"https:\/\/vosgesinfo.fr\/app\/uploads\/sites\/6\/2024\/07\/201511soiree-kiwanis-1-web.jpg","twitter_creator":"@VosgesInfo88","twitter_site":"@VosgesInfo88","twitter_misc":{"\u00c9crit par":"QG","Dur\u00e9e de lecture estim\u00e9e":"1 minute"},"schema":{"@context":"https:\/\/schema.org","@graph":[{"@type":"Article","@id":"https:\/\/vosgesinfo.fr\/gerardmerinfo\/2015\/11\/soiree-de-lamitie-veritable-institution\/#article","isPartOf":{"@id":"https:\/\/vosgesinfo.fr\/gerardmerinfo\/2015\/11\/soiree-de-lamitie-veritable-institution\/"},"author":{"name":"QG","@id":"https:\/\/vosgesinfo.fr\/gerardmerinfo\/#\/schema\/person\/db5605779a843dad16b5368f3e7613a5"},"headline":"La soir\u00e9e de l&rsquo;amiti\u00e9 : une v\u00e9ritable institution","datePublished":"2015-11-22T16:49:18+00:00","dateModified":"2015-11-22T16:49:18+00:00","mainEntityOfPage":{"@id":"https:\/\/vosgesinfo.fr\/gerardmerinfo\/2015\/11\/soiree-de-lamitie-veritable-institution\/"},"wordCount":295,"commentCount":0,"publisher":{"@id":"https:\/\/vosgesinfo.fr\/gerardmerinfo\/#organization"},"image":{"@id":"https:\/\/vosgesinfo.fr\/gerardmerinfo\/2015\/11\/soiree-de-lamitie-veritable-institution\/#primaryimage"},"thumbnailUrl":"https:\/\/vosgesinfo.fr\/app\/uploads\/sites\/6\/2024\/07\/201511soiree-kiwanis-1-web.jpg","articleSection":["Vie Associative"],"inLanguage":"fr-FR","potentialAction":[{"@type":"CommentAction","name":"Comment","target":["https:\/\/vosgesinfo.fr\/gerardmerinfo\/2015\/11\/soiree-de-lamitie-veritable-institution\/#respond"]}]},{"@type":"WebPage","@id":"https:\/\/vosgesinfo.fr\/gerardmerinfo\/2015\/11\/soiree-de-lamitie-veritable-institution\/","url":"https:\/\/vosgesinfo.fr\/gerardmerinfo\/2015\/11\/soiree-de-lamitie-veritable-institution\/","name":"La soir\u00e9e de l'amiti\u00e9 : une v\u00e9ritable institution - Gerardmer Info","isPartOf":{"@id":"https:\/\/vosgesinfo.fr\/gerardmerinfo\/#website"},"primaryImageOfPage":{"@id":"https:\/\/vosgesinfo.fr\/gerardmerinfo\/2015\/11\/soiree-de-lamitie-veritable-institution\/#primaryimage"},"image":{"@id":"https:\/\/vosgesinfo.fr\/gerardmerinfo\/2015\/11\/soiree-de-lamitie-veritable-institution\/#primaryimage"},"thumbnailUrl":"https:\/\/vosgesinfo.fr\/app\/uploads\/sites\/6\/2024\/07\/201511soiree-kiwanis-1-web.jpg","datePublished":"2015-11-22T16:49:18+00:00","dateModified":"2015-11-22T16:49:18+00:00","breadcrumb":{"@id":"https:\/\/vosgesinfo.fr\/gerardmerinfo\/2015\/11\/soiree-de-lamitie-veritable-institution\/#breadcrumb"},"inLanguage":"fr-FR","potentialAction":[{"@type":"ReadAction","target":["https:\/\/vosgesinfo.fr\/gerardmerinfo\/2015\/11\/soiree-de-lamitie-veritable-institution\/"]}]},{"@type":"ImageObject","inLanguage":"fr-FR","@id":"https:\/\/vosgesinfo.fr\/gerardmerinfo\/2015\/11\/soiree-de-lamitie-veritable-institution\/#primaryimage","url":"https:\/\/vosgesinfo.fr\/app\/uploads\/sites\/6\/2024\/07\/201511soiree-kiwanis-1-web.jpg","contentUrl":"https:\/\/vosgesinfo.fr\/app\/uploads\/sites\/6\/2024\/07\/201511soiree-kiwanis-1-web.jpg","width":1024,"height":768},{"@type":"BreadcrumbList","@id":"https:\/\/vosgesinfo.fr\/gerardmerinfo\/2015\/11\/soiree-de-lamitie-veritable-institution\/#breadcrumb","itemListElement":[{"@type":"ListItem","position":1,"name":"Home","item":"https:\/\/vosgesinfo.fr\/gerardmerinfo\/"},{"@type":"ListItem","position":2,"name":"La soir\u00e9e de l&rsquo;amiti\u00e9 : une v\u00e9ritable institution"}]},{"@type":"WebSite","@id":"https:\/\/vosgesinfo.fr\/gerardmerinfo\/#website","url":"https:\/\/vosgesinfo.fr\/gerardmerinfo\/","name":"Gerardmer Info","description":"Toute l&#039;actualit\u00e9 de G\u00e9rardmer","publisher":{"@id":"https:\/\/vosgesinfo.fr\/gerardmerinfo\/#organization"},"alternateName":"Toute l'actualit\u00e9 de G\u00e9rardmer","potentialAction":[{"@type":"SearchAction","target":{"@type":"EntryPoint","urlTemplate":"https:\/\/vosgesinfo.fr\/gerardmerinfo\/?s={search_term_string}"},"query-input":"required name=search_term_string"}],"inLanguage":"fr-FR"},{"@type":"Organization","@id":"https:\/\/vosgesinfo.fr\/gerardmerinfo\/#organization","name":"Gerardmer Info","url":"https:\/\/vosgesinfo.fr\/gerardmerinfo\/","logo":{"@type":"ImageObject","inLanguage":"fr-FR","@id":"https:\/\/vosgesinfo.fr\/gerardmerinfo\/#\/schema\/logo\/image\/","url":"https:\/\/vosgesinfo.fr\/app\/uploads\/sites\/6\/2023\/08\/favicon-gerardmerinfo.png","contentUrl":"https:\/\/vosgesinfo.fr\/app\/uploads\/sites\/6\/2023\/08\/favicon-gerardmerinfo.png","width":512,"height":512,"caption":"Gerardmer Info"},"image":{"@id":"https:\/\/vosgesinfo.fr\/gerardmerinfo\/#\/schema\/logo\/image\/"},"sameAs":["https:\/\/www.facebook.com\/profile.php?id=100049475262660","https:\/\/x.com\/VosgesInfo88","https:\/\/www.youtube.com\/@vosgesinfo"]},{"@type":"Person","@id":"https:\/\/vosgesinfo.fr\/gerardmerinfo\/#\/schema\/person\/db5605779a843dad16b5368f3e7613a5","name":"QG","image":{"@type":"ImageObject","inLanguage":"fr-FR","@id":"https:\/\/vosgesinfo.fr\/gerardmerinfo\/#\/schema\/person\/image\/","url":"https:\/\/secure.gravatar.com\/avatar\/ea80c42c204b534408512832fde52504ecabb9706bcb6151cf6175e5b64e6793?s=96&d=mm&r=g","contentUrl":"https:\/\/secure.gravatar.com\/avatar\/ea80c42c204b534408512832fde52504ecabb9706bcb6151cf6175e5b64e6793?s=96&d=mm&r=g","caption":"QG"},"url":"https:\/\/vosgesinfo.fr\/gerardmerinfo\/author\/quentin88\/"}]}},"_links":{"self":[{"href":"https:\/\/vosgesinfo.fr\/gerardmerinfo\/wp-json\/wp\/v2\/posts\/15424","targetHints":{"allow":["GET"]}}],"collection":[{"href":"https:\/\/vosgesinfo.fr\/gerardmerinfo\/wp-json\/wp\/v2\/posts"}],"about":[{"href":"https:\/\/vosgesinfo.fr\/gerardmerinfo\/wp-json\/wp\/v2\/types\/post"}],"author":[{"embeddable":true,"href":"https:\/\/vosgesinfo.fr\/gerardmerinfo\/wp-json\/wp\/v2\/users\/42"}],"replies":[{"embeddable":true,"href":"https:\/\/vosgesinfo.fr\/gerardmerinfo\/wp-json\/wp\/v2\/comments?post=15424"}],"version-history":[{"count":0,"href":"https:\/\/vosgesinfo.fr\/gerardmerinfo\/wp-json\/wp\/v2\/posts\/15424\/revisions"}],"wp:featuredmedia":[{"embeddable":true,"href":"https:\/\/vosgesinfo.fr\/gerardmerinfo\/wp-json\/wp\/v2\/media\/15425"}],"wp:attachment":[{"href":"https:\/\/vosgesinfo.fr\/gerardmerinfo\/wp-json\/wp\/v2\/media?parent=15424"}],"wp:term":[{"taxonomy":"category","embeddable":true,"href":"https:\/\/vosgesinfo.fr\/gerardmerinfo\/wp-json\/wp\/v2\/categories?post=15424"},{"taxonomy":"post_tag","embeddable":true,"href":"https:\/\/vosgesinfo.fr\/gerardmerinfo\/wp-json\/wp\/v2\/tags?post=15424"}],"curies":[{"name":"wp","href":"https:\/\/api.w.org\/{rel}","templated":true}]}}