{"id":15684,"date":"2015-12-01T10:17:04","date_gmt":"2015-12-01T09:17:04","guid":{"rendered":"https:\/\/vosgesinfo.fr\/gerardmerinfo\/2015\/12\/premiere-epicerie-vosges-terroir-a-epinal\/"},"modified":"2015-12-01T10:17:04","modified_gmt":"2015-12-01T09:17:04","slug":"premiere-epicerie-vosges-terroir-a-epinal","status":"publish","type":"post","link":"https:\/\/vosgesinfo.fr\/gerardmerinfo\/2015\/12\/premiere-epicerie-vosges-terroir-a-epinal\/","title":{"rendered":"La premi\u00e8re \u00e9picerie Vosges Terroir est \u00e0 Epinal"},"content":{"rendered":"<p><a href=\"\/2015\/12\/P1020680.jpg\"><img decoding=\"async\" class=\"aligncenter size-large wp-image-68522\" src=\"\/2015\/12\/P1020680-1024x768.jpg\" alt=\"P1020680\" width=\"545\" height=\"409\" \/><\/a><\/p>\n<p><strong>Ce matin, J\u00e9r\u00f4me Mathieu, pr\u00e9sident de la chambre d\u2019agriculture des Vosges a inaugur\u00e9 la toute premi\u00e8re \u00e9picerie Vosges Terroir.<\/strong><\/p>\n<p>Situ\u00e9e au sein de la boutique Papilles Insolites avenue Dutac \u00e0 Epinal, on y retrouve toute la gastronomie, le patrimoine et le savoir-faire vosgien.<\/p>\n<p><a href=\"http:\/\/epinalinfos.fr\/wp-content\/uploads\/2015\/12\/P1020687.jpg\" data-slb-active=\"1\" data-slb-asset=\"2049721611\" data-slb-internal=\"0\" data-slb-group=\"70288\"><img decoding=\"async\" class=\"alignright  wp-image-70290\" src=\"http:\/\/epinalinfos.fr\/wp-content\/uploads\/2015\/12\/P1020687.jpg\" alt=\"P1020687\" width=\"290\" height=\"218\" \/><\/a>Passionn\u00e9s par les produits du terroir, les deux \u00e9poux Fran\u00e7oise et Jean-Paul Vetter ont d\u00e9cid\u00e9 d\u2019ouvrir une boutique en 2013 pour y proposer de grands crus, des mill\u00e9simes, des vins, de l\u2019eau-de-vie et un rayon \u00e9picerie fine. Tout deux sont issus de la restauration. <em>\u00ab\u00a0On est heureux de mettre \u00e0 l\u2019honneur le travail des producteurs locaux.\u00a0\u00bb<\/em> expliquent-ils. Pr\u00e8s de 51% des produits de l\u2019\u00e9picerie sont des produits agr\u00e9\u00e9s Vosges Terroir.<\/p>\n<p><a href=\"http:\/\/epinalinfos.fr\/wp-content\/uploads\/2015\/12\/P1020708.jpg\" data-slb-active=\"1\" data-slb-asset=\"928461653\" data-slb-internal=\"0\" data-slb-group=\"70288\"><img decoding=\"async\" class=\"alignleft  wp-image-70291\" src=\"http:\/\/epinalinfos.fr\/wp-content\/uploads\/2015\/12\/P1020708.jpg\" alt=\"P1020708\" width=\"350\" height=\"263\" \/><\/a>Jean-Paul Vetter fait partie du jury des commissions d\u2019agr\u00e9ment Vosges Terroir. <em>\u00ab\u00a0Depuis 1987, la Chambre d\u2019agriculture des Vosges promeut son label Vosges Terroir qui met \u00e0 l\u2019honneur le savoir-faire de ses producteurs vosgiens\u00a0\u00bb<\/em>assure J\u00e9r\u00f4me Mathieu. A travers ce label, la chambre d\u2019agriculture encourage les producteurs du d\u00e9partement \u00e0 valoriser les produits et leurs savoir-faire. Les produits pr\u00e9sent\u00e9s ont une couleur et une saveur sp\u00e9cifique \u00e0 la contr\u00e9e (fromages typiques, miels de sapin, viandes fum\u00e9es\u2026) ou ont une connotation innovante \u00e0 l\u2019image du travail d\u00e9licat du safranier ou du trufficulteur.<\/p>\n<p>C.K.N.<\/p>\n<div class=\"tiled-gallery type-rectangular\" data-original-width=\"545\" data-carousel-extra=\"null\">\n<div class=\"gallery-row\" data-original-width=\"545\" data-original-height=\"274\">\n<div class=\"gallery-group images-1\" data-original-width=\"364\" data-original-height=\"274\">\n<div class=\"tiled-gallery-item tiled-gallery-item-large\"><a href=\"http:\/\/epinalinfos.fr\/2015\/12\/premiere-epicerie-vosges-terroir-a-epinal\/p1020690\/\" data-slb-active=\"1\" data-slb-asset=\"30713628\" data-slb-internal=\"70292\" data-slb-group=\"70288\"><img decoding=\"async\" title=\"P1020690\" src=\"http:\/\/i1.wp.com\/epinalinfos.fr\/wp-content\/uploads\/2015\/12\/P1020690.jpg?resize=360%2C270\" alt=\"P1020690\" data-attachment-id=\"70292\" data-orig-file=\"http:\/\/epinalinfos.fr\/wp-content\/uploads\/2015\/12\/P1020690.jpg\" data-orig-size=\"1024,768\" data-comments-opened=\"1\" data-image-meta=\"{&quot;aperture&quot;:&quot;0&quot;,&quot;credit&quot;:&quot;&quot;,&quot;camera&quot;:&quot;&quot;,&quot;caption&quot;:&quot;&quot;,&quot;created_timestamp&quot;:&quot;0&quot;,&quot;copyright&quot;:&quot;&quot;,&quot;focal_length&quot;:&quot;0&quot;,&quot;iso&quot;:&quot;0&quot;,&quot;shutter_speed&quot;:&quot;0&quot;,&quot;title&quot;:&quot;&quot;,&quot;orientation&quot;:&quot;0&quot;}\" data-image-title=\"P1020690\" data-image-description=\"\" data-medium-file=\"http:\/\/epinalinfos.fr\/wp-content\/uploads\/2015\/12\/P1020690-300x225.jpg\" data-large-file=\"http:\/\/epinalinfos.fr\/wp-content\/uploads\/2015\/12\/P1020690-1024x768.jpg\" data-original-width=\"360\" data-original-height=\"270\" data-recalc-dims=\"1\" \/><\/a><\/div>\n<\/div>\n<div class=\"gallery-group images-2\" data-original-width=\"181\" data-original-height=\"274\">\n<div class=\"tiled-gallery-item tiled-gallery-item-small\"><a href=\"http:\/\/epinalinfos.fr\/2015\/12\/premiere-epicerie-vosges-terroir-a-epinal\/p1020691\/\" data-slb-active=\"1\" data-slb-asset=\"1610308747\" data-slb-internal=\"70293\" data-slb-group=\"70288\"><img decoding=\"async\" title=\"P1020691\" src=\"http:\/\/i2.wp.com\/epinalinfos.fr\/wp-content\/uploads\/2015\/12\/P1020691.jpg?resize=177%2C133\" alt=\"P1020691\" data-attachment-id=\"70293\" data-orig-file=\"http:\/\/epinalinfos.fr\/wp-content\/uploads\/2015\/12\/P1020691.jpg\" data-orig-size=\"1024,768\" data-comments-opened=\"1\" data-image-meta=\"{&quot;aperture&quot;:&quot;0&quot;,&quot;credit&quot;:&quot;&quot;,&quot;camera&quot;:&quot;&quot;,&quot;caption&quot;:&quot;&quot;,&quot;created_timestamp&quot;:&quot;0&quot;,&quot;copyright&quot;:&quot;&quot;,&quot;focal_length&quot;:&quot;0&quot;,&quot;iso&quot;:&quot;0&quot;,&quot;shutter_speed&quot;:&quot;0&quot;,&quot;title&quot;:&quot;&quot;,&quot;orientation&quot;:&quot;0&quot;}\" data-image-title=\"P1020691\" data-image-description=\"\" data-medium-file=\"http:\/\/epinalinfos.fr\/wp-content\/uploads\/2015\/12\/P1020691-300x225.jpg\" data-large-file=\"http:\/\/epinalinfos.fr\/wp-content\/uploads\/2015\/12\/P1020691-1024x768.jpg\" data-original-width=\"177\" data-original-height=\"133\" data-recalc-dims=\"1\" \/><\/a><\/div>\n<div class=\"tiled-gallery-item tiled-gallery-item-small\"><a href=\"http:\/\/epinalinfos.fr\/2015\/12\/premiere-epicerie-vosges-terroir-a-epinal\/p1020693\/\" data-slb-active=\"1\" data-slb-asset=\"1894040526\" data-slb-internal=\"70294\" data-slb-group=\"70288\"><img decoding=\"async\" title=\"P1020693\" src=\"http:\/\/i1.wp.com\/epinalinfos.fr\/wp-content\/uploads\/2015\/12\/P1020693.jpg?resize=177%2C133\" alt=\"P1020693\" data-attachment-id=\"70294\" data-orig-file=\"http:\/\/epinalinfos.fr\/wp-content\/uploads\/2015\/12\/P1020693.jpg\" data-orig-size=\"1024,768\" data-comments-opened=\"1\" data-image-meta=\"{&quot;aperture&quot;:&quot;0&quot;,&quot;credit&quot;:&quot;&quot;,&quot;camera&quot;:&quot;&quot;,&quot;caption&quot;:&quot;&quot;,&quot;created_timestamp&quot;:&quot;0&quot;,&quot;copyright&quot;:&quot;&quot;,&quot;focal_length&quot;:&quot;0&quot;,&quot;iso&quot;:&quot;0&quot;,&quot;shutter_speed&quot;:&quot;0&quot;,&quot;title&quot;:&quot;&quot;,&quot;orientation&quot;:&quot;0&quot;}\" data-image-title=\"P1020693\" data-image-description=\"\" data-medium-file=\"http:\/\/epinalinfos.fr\/wp-content\/uploads\/2015\/12\/P1020693-300x225.jpg\" data-large-file=\"http:\/\/epinalinfos.fr\/wp-content\/uploads\/2015\/12\/P1020693-1024x768.jpg\" data-original-width=\"177\" data-original-height=\"133\" data-recalc-dims=\"1\" \/><\/a><\/div>\n<\/div>\n<\/div>\n<div class=\"gallery-row\" data-original-width=\"545\" data-original-height=\"137\">\n<div class=\"gallery-group images-1\" data-original-width=\"181\" data-original-height=\"137\">\n<div class=\"tiled-gallery-item tiled-gallery-item-small\"><a href=\"http:\/\/epinalinfos.fr\/2015\/12\/premiere-epicerie-vosges-terroir-a-epinal\/p1020694\/\" data-slb-active=\"1\" data-slb-asset=\"723264899\" data-slb-internal=\"70295\" data-slb-group=\"70288\"><img decoding=\"async\" title=\"P1020694\" src=\"http:\/\/i2.wp.com\/epinalinfos.fr\/wp-content\/uploads\/2015\/12\/P1020694.jpg?resize=177%2C133\" alt=\"P1020694\" data-attachment-id=\"70295\" data-orig-file=\"http:\/\/epinalinfos.fr\/wp-content\/uploads\/2015\/12\/P1020694.jpg\" data-orig-size=\"1024,768\" data-comments-opened=\"1\" data-image-meta=\"{&quot;aperture&quot;:&quot;0&quot;,&quot;credit&quot;:&quot;&quot;,&quot;camera&quot;:&quot;&quot;,&quot;caption&quot;:&quot;&quot;,&quot;created_timestamp&quot;:&quot;0&quot;,&quot;copyright&quot;:&quot;&quot;,&quot;focal_length&quot;:&quot;0&quot;,&quot;iso&quot;:&quot;0&quot;,&quot;shutter_speed&quot;:&quot;0&quot;,&quot;title&quot;:&quot;&quot;,&quot;orientation&quot;:&quot;0&quot;}\" data-image-title=\"P1020694\" data-image-description=\"\" data-medium-file=\"http:\/\/epinalinfos.fr\/wp-content\/uploads\/2015\/12\/P1020694-300x225.jpg\" data-large-file=\"http:\/\/epinalinfos.fr\/wp-content\/uploads\/2015\/12\/P1020694-1024x768.jpg\" data-original-width=\"177\" data-original-height=\"133\" data-recalc-dims=\"1\" \/><\/a><\/div>\n<\/div>\n<div class=\"gallery-group images-1\" data-original-width=\"182\" data-original-height=\"137\">\n<div class=\"tiled-gallery-item tiled-gallery-item-small\"><a href=\"http:\/\/epinalinfos.fr\/2015\/12\/premiere-epicerie-vosges-terroir-a-epinal\/p1020696\/\" data-slb-active=\"1\" data-slb-asset=\"189982737\" data-slb-internal=\"70296\" data-slb-group=\"70288\"><img decoding=\"async\" title=\"P1020696\" src=\"http:\/\/i2.wp.com\/epinalinfos.fr\/wp-content\/uploads\/2015\/12\/P1020696.jpg?resize=178%2C133\" alt=\"P1020696\" data-attachment-id=\"70296\" data-orig-file=\"http:\/\/epinalinfos.fr\/wp-content\/uploads\/2015\/12\/P1020696.jpg\" data-orig-size=\"1024,768\" data-comments-opened=\"1\" data-image-meta=\"{&quot;aperture&quot;:&quot;0&quot;,&quot;credit&quot;:&quot;&quot;,&quot;camera&quot;:&quot;&quot;,&quot;caption&quot;:&quot;&quot;,&quot;created_timestamp&quot;:&quot;0&quot;,&quot;copyright&quot;:&quot;&quot;,&quot;focal_length&quot;:&quot;0&quot;,&quot;iso&quot;:&quot;0&quot;,&quot;shutter_speed&quot;:&quot;0&quot;,&quot;title&quot;:&quot;&quot;,&quot;orientation&quot;:&quot;0&quot;}\" data-image-title=\"P1020696\" data-image-description=\"\" data-medium-file=\"http:\/\/epinalinfos.fr\/wp-content\/uploads\/2015\/12\/P1020696-300x225.jpg\" data-large-file=\"http:\/\/epinalinfos.fr\/wp-content\/uploads\/2015\/12\/P1020696-1024x768.jpg\" data-original-width=\"178\" data-original-height=\"133\" data-recalc-dims=\"1\" \/><\/a><\/div>\n<\/div>\n<div class=\"gallery-group images-1\" data-original-width=\"182\" data-original-height=\"137\">\n<div class=\"tiled-gallery-item tiled-gallery-item-small\"><a href=\"http:\/\/epinalinfos.fr\/2015\/12\/premiere-epicerie-vosges-terroir-a-epinal\/p1020697\/\" data-slb-active=\"1\" data-slb-asset=\"945959120\" data-slb-internal=\"70297\" data-slb-group=\"70288\"><img decoding=\"async\" title=\"P1020697\" src=\"http:\/\/i1.wp.com\/epinalinfos.fr\/wp-content\/uploads\/2015\/12\/P1020697.jpg?resize=178%2C133\" alt=\"P1020697\" data-attachment-id=\"70297\" data-orig-file=\"http:\/\/epinalinfos.fr\/wp-content\/uploads\/2015\/12\/P1020697.jpg\" data-orig-size=\"1024,768\" data-comments-opened=\"1\" data-image-meta=\"{&quot;aperture&quot;:&quot;0&quot;,&quot;credit&quot;:&quot;&quot;,&quot;camera&quot;:&quot;&quot;,&quot;caption&quot;:&quot;&quot;,&quot;created_timestamp&quot;:&quot;0&quot;,&quot;copyright&quot;:&quot;&quot;,&quot;focal_length&quot;:&quot;0&quot;,&quot;iso&quot;:&quot;0&quot;,&quot;shutter_speed&quot;:&quot;0&quot;,&quot;title&quot;:&quot;&quot;,&quot;orientation&quot;:&quot;0&quot;}\" data-image-title=\"P1020697\" data-image-description=\"\" data-medium-file=\"http:\/\/epinalinfos.fr\/wp-content\/uploads\/2015\/12\/P1020697-300x225.jpg\" data-large-file=\"http:\/\/epinalinfos.fr\/wp-content\/uploads\/2015\/12\/P1020697-1024x768.jpg\" data-original-width=\"178\" data-original-height=\"133\" data-recalc-dims=\"1\" \/><\/a><\/div>\n<\/div>\n<\/div>\n<div class=\"gallery-row\" data-original-width=\"545\" data-original-height=\"262\">\n<div class=\"gallery-group images-1\" data-original-width=\"348\" data-original-height=\"262\">\n<div class=\"tiled-gallery-item tiled-gallery-item-large\"><a href=\"http:\/\/epinalinfos.fr\/2015\/12\/premiere-epicerie-vosges-terroir-a-epinal\/p1020698\/\" data-slb-active=\"1\" data-slb-asset=\"31659222\" data-slb-internal=\"70298\" data-slb-group=\"70288\"><img decoding=\"async\" title=\"P1020698\" src=\"http:\/\/i0.wp.com\/epinalinfos.fr\/wp-content\/uploads\/2015\/12\/P1020698.jpg?resize=344%2C258\" alt=\"P1020698\" data-attachment-id=\"70298\" data-orig-file=\"http:\/\/epinalinfos.fr\/wp-content\/uploads\/2015\/12\/P1020698.jpg\" data-orig-size=\"1024,768\" data-comments-opened=\"1\" data-image-meta=\"{&quot;aperture&quot;:&quot;0&quot;,&quot;credit&quot;:&quot;&quot;,&quot;camera&quot;:&quot;&quot;,&quot;caption&quot;:&quot;&quot;,&quot;created_timestamp&quot;:&quot;0&quot;,&quot;copyright&quot;:&quot;&quot;,&quot;focal_length&quot;:&quot;0&quot;,&quot;iso&quot;:&quot;0&quot;,&quot;shutter_speed&quot;:&quot;0&quot;,&quot;title&quot;:&quot;&quot;,&quot;orientation&quot;:&quot;0&quot;}\" data-image-title=\"P1020698\" data-image-description=\"\" data-medium-file=\"http:\/\/epinalinfos.fr\/wp-content\/uploads\/2015\/12\/P1020698-300x225.jpg\" data-large-file=\"http:\/\/epinalinfos.fr\/wp-content\/uploads\/2015\/12\/P1020698-1024x768.jpg\" data-original-width=\"344\" data-original-height=\"258\" data-recalc-dims=\"1\" \/><\/a><\/div>\n<\/div>\n<div class=\"gallery-group images-1\" data-original-width=\"197\" data-original-height=\"262\">\n<div class=\"tiled-gallery-item tiled-gallery-item-small\"><a href=\"http:\/\/epinalinfos.fr\/2015\/12\/premiere-epicerie-vosges-terroir-a-epinal\/p1020701\/\" data-slb-active=\"1\" data-slb-asset=\"890102768\" data-slb-internal=\"70299\" data-slb-group=\"70288\"><img decoding=\"async\" title=\"P1020701\" src=\"http:\/\/i2.wp.com\/epinalinfos.fr\/wp-content\/uploads\/2015\/12\/P1020701.jpg?resize=193%2C258\" alt=\"P1020701\" data-attachment-id=\"70299\" data-orig-file=\"http:\/\/epinalinfos.fr\/wp-content\/uploads\/2015\/12\/P1020701.jpg\" data-orig-size=\"576,768\" data-comments-opened=\"1\" data-image-meta=\"{&quot;aperture&quot;:&quot;0&quot;,&quot;credit&quot;:&quot;&quot;,&quot;camera&quot;:&quot;&quot;,&quot;caption&quot;:&quot;&quot;,&quot;created_timestamp&quot;:&quot;0&quot;,&quot;copyright&quot;:&quot;&quot;,&quot;focal_length&quot;:&quot;0&quot;,&quot;iso&quot;:&quot;0&quot;,&quot;shutter_speed&quot;:&quot;0&quot;,&quot;title&quot;:&quot;&quot;,&quot;orientation&quot;:&quot;0&quot;}\" data-image-title=\"P1020701\" data-image-description=\"\" data-medium-file=\"http:\/\/epinalinfos.fr\/wp-content\/uploads\/2015\/12\/P1020701-225x300.jpg\" data-large-file=\"http:\/\/epinalinfos.fr\/wp-content\/uploads\/2015\/12\/P1020701.jpg\" data-original-width=\"193\" data-original-height=\"258\" data-recalc-dims=\"1\" \/><\/a><\/div>\n<\/div>\n<\/div>\n<\/div>\n","protected":false},"excerpt":{"rendered":"<p>Ce matin, J\u00e9r\u00f4me Mathieu, pr\u00e9sident de la chambre d\u2019agriculture des Vosges a inaugur\u00e9 la toute premi\u00e8re \u00e9picerie Vosges Terroir. Situ\u00e9e [&hellip;]<\/p>\n","protected":false},"author":1,"featured_media":15685,"comment_status":"open","ping_status":"open","sticky":false,"template":"","format":"standard","meta":{"footnotes":""},"categories":[5,8,31],"tags":[],"class_list":["post-15684","post","type-post","status-publish","format-standard","has-post-thumbnail","hentry","category-economie","category-faits-divers","category-vosges-faits-divers"],"acf":[],"yoast_head":"<!-- This site is optimized with the Yoast SEO plugin v22.5 - https:\/\/yoast.com\/wordpress\/plugins\/seo\/ -->\n<title>La premi\u00e8re \u00e9picerie Vosges Terroir est \u00e0 Epinal - Gerardmer Info<\/title>\n<meta name=\"robots\" content=\"index, follow, max-snippet:-1, max-image-preview:large, max-video-preview:-1\" \/>\n<link rel=\"canonical\" href=\"https:\/\/vosgesinfo.fr\/gerardmerinfo\/2015\/12\/premiere-epicerie-vosges-terroir-a-epinal\/\" \/>\n<meta name=\"twitter:card\" content=\"summary_large_image\" \/>\n<meta name=\"twitter:title\" content=\"La premi\u00e8re \u00e9picerie Vosges Terroir est \u00e0 Epinal - Gerardmer Info\" \/>\n<meta name=\"twitter:description\" content=\"Ce matin, J\u00e9r\u00f4me Mathieu, pr\u00e9sident de la chambre d\u2019agriculture des Vosges a inaugur\u00e9 la toute premi\u00e8re \u00e9picerie Vosges Terroir. Situ\u00e9e [&hellip;]\" \/>\n<meta name=\"twitter:image\" content=\"https:\/\/vosgesinfo.fr\/app\/uploads\/sites\/6\/2024\/07\/201512p1020680.jpg\" \/>\n<meta name=\"twitter:creator\" content=\"@VosgesInfo88\" \/>\n<meta name=\"twitter:site\" content=\"@VosgesInfo88\" \/>\n<meta name=\"twitter:label1\" content=\"\u00c9crit par\" \/>\n\t<meta name=\"twitter:data1\" content=\"qs_admin\" \/>\n\t<meta name=\"twitter:label2\" content=\"Dur\u00e9e de lecture estim\u00e9e\" \/>\n\t<meta name=\"twitter:data2\" content=\"1 minute\" \/>\n<script type=\"application\/ld+json\" class=\"yoast-schema-graph\">{\"@context\":\"https:\/\/schema.org\",\"@graph\":[{\"@type\":\"Article\",\"@id\":\"https:\/\/vosgesinfo.fr\/gerardmerinfo\/2015\/12\/premiere-epicerie-vosges-terroir-a-epinal\/#article\",\"isPartOf\":{\"@id\":\"https:\/\/vosgesinfo.fr\/gerardmerinfo\/2015\/12\/premiere-epicerie-vosges-terroir-a-epinal\/\"},\"author\":{\"name\":\"qs_admin\",\"@id\":\"https:\/\/vosgesinfo.fr\/gerardmerinfo\/#\/schema\/person\/bc5d02d71e6932e81b6dadb7386667b1\"},\"headline\":\"La premi\u00e8re \u00e9picerie Vosges Terroir est \u00e0 Epinal\",\"datePublished\":\"2015-12-01T09:17:04+00:00\",\"dateModified\":\"2015-12-01T09:17:04+00:00\",\"mainEntityOfPage\":{\"@id\":\"https:\/\/vosgesinfo.fr\/gerardmerinfo\/2015\/12\/premiere-epicerie-vosges-terroir-a-epinal\/\"},\"wordCount\":236,\"commentCount\":0,\"publisher\":{\"@id\":\"https:\/\/vosgesinfo.fr\/gerardmerinfo\/#organization\"},\"image\":{\"@id\":\"https:\/\/vosgesinfo.fr\/gerardmerinfo\/2015\/12\/premiere-epicerie-vosges-terroir-a-epinal\/#primaryimage\"},\"thumbnailUrl\":\"https:\/\/vosgesinfo.fr\/app\/uploads\/sites\/6\/2024\/07\/201512p1020680.jpg\",\"articleSection\":[\"\u00c9conomie\",\"Faits-divers\",\"Vosges\"],\"inLanguage\":\"fr-FR\",\"potentialAction\":[{\"@type\":\"CommentAction\",\"name\":\"Comment\",\"target\":[\"https:\/\/vosgesinfo.fr\/gerardmerinfo\/2015\/12\/premiere-epicerie-vosges-terroir-a-epinal\/#respond\"]}]},{\"@type\":\"WebPage\",\"@id\":\"https:\/\/vosgesinfo.fr\/gerardmerinfo\/2015\/12\/premiere-epicerie-vosges-terroir-a-epinal\/\",\"url\":\"https:\/\/vosgesinfo.fr\/gerardmerinfo\/2015\/12\/premiere-epicerie-vosges-terroir-a-epinal\/\",\"name\":\"La premi\u00e8re \u00e9picerie Vosges Terroir est \u00e0 Epinal - Gerardmer Info\",\"isPartOf\":{\"@id\":\"https:\/\/vosgesinfo.fr\/gerardmerinfo\/#website\"},\"primaryImageOfPage\":{\"@id\":\"https:\/\/vosgesinfo.fr\/gerardmerinfo\/2015\/12\/premiere-epicerie-vosges-terroir-a-epinal\/#primaryimage\"},\"image\":{\"@id\":\"https:\/\/vosgesinfo.fr\/gerardmerinfo\/2015\/12\/premiere-epicerie-vosges-terroir-a-epinal\/#primaryimage\"},\"thumbnailUrl\":\"https:\/\/vosgesinfo.fr\/app\/uploads\/sites\/6\/2024\/07\/201512p1020680.jpg\",\"datePublished\":\"2015-12-01T09:17:04+00:00\",\"dateModified\":\"2015-12-01T09:17:04+00:00\",\"breadcrumb\":{\"@id\":\"https:\/\/vosgesinfo.fr\/gerardmerinfo\/2015\/12\/premiere-epicerie-vosges-terroir-a-epinal\/#breadcrumb\"},\"inLanguage\":\"fr-FR\",\"potentialAction\":[{\"@type\":\"ReadAction\",\"target\":[\"https:\/\/vosgesinfo.fr\/gerardmerinfo\/2015\/12\/premiere-epicerie-vosges-terroir-a-epinal\/\"]}]},{\"@type\":\"ImageObject\",\"inLanguage\":\"fr-FR\",\"@id\":\"https:\/\/vosgesinfo.fr\/gerardmerinfo\/2015\/12\/premiere-epicerie-vosges-terroir-a-epinal\/#primaryimage\",\"url\":\"https:\/\/vosgesinfo.fr\/app\/uploads\/sites\/6\/2024\/07\/201512p1020680.jpg\",\"contentUrl\":\"https:\/\/vosgesinfo.fr\/app\/uploads\/sites\/6\/2024\/07\/201512p1020680.jpg\",\"width\":1024,\"height\":768},{\"@type\":\"BreadcrumbList\",\"@id\":\"https:\/\/vosgesinfo.fr\/gerardmerinfo\/2015\/12\/premiere-epicerie-vosges-terroir-a-epinal\/#breadcrumb\",\"itemListElement\":[{\"@type\":\"ListItem\",\"position\":1,\"name\":\"Home\",\"item\":\"https:\/\/vosgesinfo.fr\/gerardmerinfo\/\"},{\"@type\":\"ListItem\",\"position\":2,\"name\":\"La premi\u00e8re \u00e9picerie Vosges Terroir est \u00e0 Epinal\"}]},{\"@type\":\"WebSite\",\"@id\":\"https:\/\/vosgesinfo.fr\/gerardmerinfo\/#website\",\"url\":\"https:\/\/vosgesinfo.fr\/gerardmerinfo\/\",\"name\":\"Gerardmer Info\",\"description\":\"Toute l&#039;actualit\u00e9 de G\u00e9rardmer\",\"publisher\":{\"@id\":\"https:\/\/vosgesinfo.fr\/gerardmerinfo\/#organization\"},\"alternateName\":\"Toute l'actualit\u00e9 de G\u00e9rardmer\",\"potentialAction\":[{\"@type\":\"SearchAction\",\"target\":{\"@type\":\"EntryPoint\",\"urlTemplate\":\"https:\/\/vosgesinfo.fr\/gerardmerinfo\/?s={search_term_string}\"},\"query-input\":\"required name=search_term_string\"}],\"inLanguage\":\"fr-FR\"},{\"@type\":\"Organization\",\"@id\":\"https:\/\/vosgesinfo.fr\/gerardmerinfo\/#organization\",\"name\":\"Gerardmer Info\",\"url\":\"https:\/\/vosgesinfo.fr\/gerardmerinfo\/\",\"logo\":{\"@type\":\"ImageObject\",\"inLanguage\":\"fr-FR\",\"@id\":\"https:\/\/vosgesinfo.fr\/gerardmerinfo\/#\/schema\/logo\/image\/\",\"url\":\"https:\/\/vosgesinfo.fr\/app\/uploads\/sites\/6\/2023\/08\/favicon-gerardmerinfo.png\",\"contentUrl\":\"https:\/\/vosgesinfo.fr\/app\/uploads\/sites\/6\/2023\/08\/favicon-gerardmerinfo.png\",\"width\":512,\"height\":512,\"caption\":\"Gerardmer Info\"},\"image\":{\"@id\":\"https:\/\/vosgesinfo.fr\/gerardmerinfo\/#\/schema\/logo\/image\/\"},\"sameAs\":[\"https:\/\/www.facebook.com\/profile.php?id=100049475262660\",\"https:\/\/x.com\/VosgesInfo88\",\"https:\/\/www.youtube.com\/@vosgesinfo\"]},{\"@type\":\"Person\",\"@id\":\"https:\/\/vosgesinfo.fr\/gerardmerinfo\/#\/schema\/person\/bc5d02d71e6932e81b6dadb7386667b1\",\"name\":\"qs_admin\",\"image\":{\"@type\":\"ImageObject\",\"inLanguage\":\"fr-FR\",\"@id\":\"https:\/\/vosgesinfo.fr\/gerardmerinfo\/#\/schema\/person\/image\/\",\"url\":\"https:\/\/secure.gravatar.com\/avatar\/94b18ee0ed79e4a42ea2f2931277b6841a8999fc6fde214600c78057cf1fe1de?s=96&d=mm&r=g\",\"contentUrl\":\"https:\/\/secure.gravatar.com\/avatar\/94b18ee0ed79e4a42ea2f2931277b6841a8999fc6fde214600c78057cf1fe1de?s=96&d=mm&r=g\",\"caption\":\"qs_admin\"},\"sameAs\":[\"https:\/\/vosgesinfo.fr\/wp\"],\"url\":\"https:\/\/vosgesinfo.fr\/gerardmerinfo\/author\/qs_admin\/\"}]}<\/script>\n<!-- \/ Yoast SEO plugin. -->","yoast_head_json":{"title":"La premi\u00e8re \u00e9picerie Vosges Terroir est \u00e0 Epinal - Gerardmer Info","robots":{"index":"index","follow":"follow","max-snippet":"max-snippet:-1","max-image-preview":"max-image-preview:large","max-video-preview":"max-video-preview:-1"},"canonical":"https:\/\/vosgesinfo.fr\/gerardmerinfo\/2015\/12\/premiere-epicerie-vosges-terroir-a-epinal\/","twitter_card":"summary_large_image","twitter_title":"La premi\u00e8re \u00e9picerie Vosges Terroir est \u00e0 Epinal - Gerardmer Info","twitter_description":"Ce matin, J\u00e9r\u00f4me Mathieu, pr\u00e9sident de la chambre d\u2019agriculture des Vosges a inaugur\u00e9 la toute premi\u00e8re \u00e9picerie Vosges Terroir. Situ\u00e9e [&hellip;]","twitter_image":"https:\/\/vosgesinfo.fr\/app\/uploads\/sites\/6\/2024\/07\/201512p1020680.jpg","twitter_creator":"@VosgesInfo88","twitter_site":"@VosgesInfo88","twitter_misc":{"\u00c9crit par":"qs_admin","Dur\u00e9e de lecture estim\u00e9e":"1 minute"},"schema":{"@context":"https:\/\/schema.org","@graph":[{"@type":"Article","@id":"https:\/\/vosgesinfo.fr\/gerardmerinfo\/2015\/12\/premiere-epicerie-vosges-terroir-a-epinal\/#article","isPartOf":{"@id":"https:\/\/vosgesinfo.fr\/gerardmerinfo\/2015\/12\/premiere-epicerie-vosges-terroir-a-epinal\/"},"author":{"name":"qs_admin","@id":"https:\/\/vosgesinfo.fr\/gerardmerinfo\/#\/schema\/person\/bc5d02d71e6932e81b6dadb7386667b1"},"headline":"La premi\u00e8re \u00e9picerie Vosges Terroir est \u00e0 Epinal","datePublished":"2015-12-01T09:17:04+00:00","dateModified":"2015-12-01T09:17:04+00:00","mainEntityOfPage":{"@id":"https:\/\/vosgesinfo.fr\/gerardmerinfo\/2015\/12\/premiere-epicerie-vosges-terroir-a-epinal\/"},"wordCount":236,"commentCount":0,"publisher":{"@id":"https:\/\/vosgesinfo.fr\/gerardmerinfo\/#organization"},"image":{"@id":"https:\/\/vosgesinfo.fr\/gerardmerinfo\/2015\/12\/premiere-epicerie-vosges-terroir-a-epinal\/#primaryimage"},"thumbnailUrl":"https:\/\/vosgesinfo.fr\/app\/uploads\/sites\/6\/2024\/07\/201512p1020680.jpg","articleSection":["\u00c9conomie","Faits-divers","Vosges"],"inLanguage":"fr-FR","potentialAction":[{"@type":"CommentAction","name":"Comment","target":["https:\/\/vosgesinfo.fr\/gerardmerinfo\/2015\/12\/premiere-epicerie-vosges-terroir-a-epinal\/#respond"]}]},{"@type":"WebPage","@id":"https:\/\/vosgesinfo.fr\/gerardmerinfo\/2015\/12\/premiere-epicerie-vosges-terroir-a-epinal\/","url":"https:\/\/vosgesinfo.fr\/gerardmerinfo\/2015\/12\/premiere-epicerie-vosges-terroir-a-epinal\/","name":"La premi\u00e8re \u00e9picerie Vosges Terroir est \u00e0 Epinal - Gerardmer Info","isPartOf":{"@id":"https:\/\/vosgesinfo.fr\/gerardmerinfo\/#website"},"primaryImageOfPage":{"@id":"https:\/\/vosgesinfo.fr\/gerardmerinfo\/2015\/12\/premiere-epicerie-vosges-terroir-a-epinal\/#primaryimage"},"image":{"@id":"https:\/\/vosgesinfo.fr\/gerardmerinfo\/2015\/12\/premiere-epicerie-vosges-terroir-a-epinal\/#primaryimage"},"thumbnailUrl":"https:\/\/vosgesinfo.fr\/app\/uploads\/sites\/6\/2024\/07\/201512p1020680.jpg","datePublished":"2015-12-01T09:17:04+00:00","dateModified":"2015-12-01T09:17:04+00:00","breadcrumb":{"@id":"https:\/\/vosgesinfo.fr\/gerardmerinfo\/2015\/12\/premiere-epicerie-vosges-terroir-a-epinal\/#breadcrumb"},"inLanguage":"fr-FR","potentialAction":[{"@type":"ReadAction","target":["https:\/\/vosgesinfo.fr\/gerardmerinfo\/2015\/12\/premiere-epicerie-vosges-terroir-a-epinal\/"]}]},{"@type":"ImageObject","inLanguage":"fr-FR","@id":"https:\/\/vosgesinfo.fr\/gerardmerinfo\/2015\/12\/premiere-epicerie-vosges-terroir-a-epinal\/#primaryimage","url":"https:\/\/vosgesinfo.fr\/app\/uploads\/sites\/6\/2024\/07\/201512p1020680.jpg","contentUrl":"https:\/\/vosgesinfo.fr\/app\/uploads\/sites\/6\/2024\/07\/201512p1020680.jpg","width":1024,"height":768},{"@type":"BreadcrumbList","@id":"https:\/\/vosgesinfo.fr\/gerardmerinfo\/2015\/12\/premiere-epicerie-vosges-terroir-a-epinal\/#breadcrumb","itemListElement":[{"@type":"ListItem","position":1,"name":"Home","item":"https:\/\/vosgesinfo.fr\/gerardmerinfo\/"},{"@type":"ListItem","position":2,"name":"La premi\u00e8re \u00e9picerie Vosges Terroir est \u00e0 Epinal"}]},{"@type":"WebSite","@id":"https:\/\/vosgesinfo.fr\/gerardmerinfo\/#website","url":"https:\/\/vosgesinfo.fr\/gerardmerinfo\/","name":"Gerardmer Info","description":"Toute l&#039;actualit\u00e9 de G\u00e9rardmer","publisher":{"@id":"https:\/\/vosgesinfo.fr\/gerardmerinfo\/#organization"},"alternateName":"Toute l'actualit\u00e9 de G\u00e9rardmer","potentialAction":[{"@type":"SearchAction","target":{"@type":"EntryPoint","urlTemplate":"https:\/\/vosgesinfo.fr\/gerardmerinfo\/?s={search_term_string}"},"query-input":"required name=search_term_string"}],"inLanguage":"fr-FR"},{"@type":"Organization","@id":"https:\/\/vosgesinfo.fr\/gerardmerinfo\/#organization","name":"Gerardmer Info","url":"https:\/\/vosgesinfo.fr\/gerardmerinfo\/","logo":{"@type":"ImageObject","inLanguage":"fr-FR","@id":"https:\/\/vosgesinfo.fr\/gerardmerinfo\/#\/schema\/logo\/image\/","url":"https:\/\/vosgesinfo.fr\/app\/uploads\/sites\/6\/2023\/08\/favicon-gerardmerinfo.png","contentUrl":"https:\/\/vosgesinfo.fr\/app\/uploads\/sites\/6\/2023\/08\/favicon-gerardmerinfo.png","width":512,"height":512,"caption":"Gerardmer Info"},"image":{"@id":"https:\/\/vosgesinfo.fr\/gerardmerinfo\/#\/schema\/logo\/image\/"},"sameAs":["https:\/\/www.facebook.com\/profile.php?id=100049475262660","https:\/\/x.com\/VosgesInfo88","https:\/\/www.youtube.com\/@vosgesinfo"]},{"@type":"Person","@id":"https:\/\/vosgesinfo.fr\/gerardmerinfo\/#\/schema\/person\/bc5d02d71e6932e81b6dadb7386667b1","name":"qs_admin","image":{"@type":"ImageObject","inLanguage":"fr-FR","@id":"https:\/\/vosgesinfo.fr\/gerardmerinfo\/#\/schema\/person\/image\/","url":"https:\/\/secure.gravatar.com\/avatar\/94b18ee0ed79e4a42ea2f2931277b6841a8999fc6fde214600c78057cf1fe1de?s=96&d=mm&r=g","contentUrl":"https:\/\/secure.gravatar.com\/avatar\/94b18ee0ed79e4a42ea2f2931277b6841a8999fc6fde214600c78057cf1fe1de?s=96&d=mm&r=g","caption":"qs_admin"},"sameAs":["https:\/\/vosgesinfo.fr\/wp"],"url":"https:\/\/vosgesinfo.fr\/gerardmerinfo\/author\/qs_admin\/"}]}},"_links":{"self":[{"href":"https:\/\/vosgesinfo.fr\/gerardmerinfo\/wp-json\/wp\/v2\/posts\/15684","targetHints":{"allow":["GET"]}}],"collection":[{"href":"https:\/\/vosgesinfo.fr\/gerardmerinfo\/wp-json\/wp\/v2\/posts"}],"about":[{"href":"https:\/\/vosgesinfo.fr\/gerardmerinfo\/wp-json\/wp\/v2\/types\/post"}],"author":[{"embeddable":true,"href":"https:\/\/vosgesinfo.fr\/gerardmerinfo\/wp-json\/wp\/v2\/users\/1"}],"replies":[{"embeddable":true,"href":"https:\/\/vosgesinfo.fr\/gerardmerinfo\/wp-json\/wp\/v2\/comments?post=15684"}],"version-history":[{"count":0,"href":"https:\/\/vosgesinfo.fr\/gerardmerinfo\/wp-json\/wp\/v2\/posts\/15684\/revisions"}],"wp:featuredmedia":[{"embeddable":true,"href":"https:\/\/vosgesinfo.fr\/gerardmerinfo\/wp-json\/wp\/v2\/media\/15685"}],"wp:attachment":[{"href":"https:\/\/vosgesinfo.fr\/gerardmerinfo\/wp-json\/wp\/v2\/media?parent=15684"}],"wp:term":[{"taxonomy":"category","embeddable":true,"href":"https:\/\/vosgesinfo.fr\/gerardmerinfo\/wp-json\/wp\/v2\/categories?post=15684"},{"taxonomy":"post_tag","embeddable":true,"href":"https:\/\/vosgesinfo.fr\/gerardmerinfo\/wp-json\/wp\/v2\/tags?post=15684"}],"curies":[{"name":"wp","href":"https:\/\/api.w.org\/{rel}","templated":true}]}}