{"id":15686,"date":"2015-12-01T12:59:10","date_gmt":"2015-12-01T11:59:10","guid":{"rendered":"https:\/\/vosgesinfo.fr\/gerardmerinfo\/2015\/12\/quil-faut-savoir-prochaines-elections-regionales\/"},"modified":"2015-12-01T12:59:10","modified_gmt":"2015-12-01T11:59:10","slug":"quil-faut-savoir-prochaines-elections-regionales","status":"publish","type":"post","link":"https:\/\/vosgesinfo.fr\/gerardmerinfo\/2015\/12\/quil-faut-savoir-prochaines-elections-regionales\/","title":{"rendered":"Ce qu\u2019il faut savoir sur les prochaines \u00e9lections r\u00e9gionales"},"content":{"rendered":"<div class=\"entry-content cf\">\n<p>Derni\u00e8res \u00e9lections fran\u00e7aises avant les futures pr\u00e9sidentielles de 2017, les \u00e9lections des conseils r\u00e9gionaux auront respectivement lieu les dimanches 6 et 13 d\u00e9cembre 2015, en vertu des dispositions du d\u00e9cret du 30 juillet 2015 et afin de s\u2019adapter \u00e0 la r\u00e9forme territoriale s\u2019inscrivant dans le cadre de la loi 2015-29 du 16 janvier 2015. Car \u00e0 partir du 1er janvier 2016, les 22 r\u00e9gions fran\u00e7aises actuelles laisseront la place \u00e0 13 r\u00e9gions m\u00e9tropolitaines. L\u2019objectif de cette r\u00e9forme est de rendre l\u2019Etat plus efficace, en renfor\u00e7ant les capacit\u00e9s de pilotage strat\u00e9gique au niveau des grandes r\u00e9gions. Elus pour une dur\u00e9e de 6 ans sur des listes de candidats comportant des sections d\u00e9partementales, le nombre de conseillers r\u00e9gionaux et leur r\u00e9partition entre les r\u00e9gions reconfigur\u00e9es reste cependant inchang\u00e9. Ils seront ainsi 14 conseillers r\u00e9gionaux pour le d\u00e9partement des Vosges, sur les 169 que comptera la nouvelle r\u00e9gion Alsace, Champagne-Ardenne et Lorraine. Pas de changement concernant le mode de scrutin, et la liste qui recueillera la majorit\u00e9 absolue des suffrages exprim\u00e9s au premier tour recevra un quart des si\u00e8ges \u00e0 pourvoir, arrondi \u00e0 l\u2019entier sup\u00e9rieur. Les autres si\u00e8ges seront quant \u00e0 eux r\u00e9partis selon la r\u00e8gle de la plus forte moyenne entre toutes les listes ayant obtenu au moins 5% des votes. Dans l\u2019\u00e9ventualit\u00e9 o\u00f9 aucune liste ne parvient \u00e0 obtenir la majorit\u00e9, un second tour sera organis\u00e9, pour lequel seules les listes ayant obtenu un minimum de 10% des suffrages exprim\u00e9s lors du premier tour seront autoris\u00e9es \u00e0 se pr\u00e9senter. La r\u00e9partition des si\u00e8ges se fera selon les m\u00eames r\u00e8gle que pour le premier tour, \u00e0 la diff\u00e9rence que la majorit\u00e9 absolue ne sera d\u00e9sormais plus requise. A savoir enfin que dimanche prochain, les bureaux de vote seront ouverts de 8h \u00e0 18h.<\/p>\n<p>J.J.<\/p>\n<\/div>\n","protected":false},"excerpt":{"rendered":"<p>Derni\u00e8res \u00e9lections fran\u00e7aises avant les futures pr\u00e9sidentielles de 2017, les \u00e9lections des conseils r\u00e9gionaux auront respectivement lieu les dimanches 6 [&hellip;]<\/p>\n","protected":false},"author":1,"featured_media":15687,"comment_status":"open","ping_status":"open","sticky":false,"template":"","format":"standard","meta":{"footnotes":""},"categories":[8,10,31],"tags":[],"class_list":["post-15686","post","type-post","status-publish","format-standard","has-post-thumbnail","hentry","category-faits-divers","category-politique","category-vosges-faits-divers"],"acf":[],"yoast_head":"<!-- This site is optimized with the Yoast SEO plugin v22.5 - https:\/\/yoast.com\/wordpress\/plugins\/seo\/ -->\n<title>Ce qu\u2019il faut savoir sur les prochaines \u00e9lections r\u00e9gionales - Gerardmer Info<\/title>\n<meta name=\"robots\" content=\"index, follow, max-snippet:-1, max-image-preview:large, max-video-preview:-1\" \/>\n<link rel=\"canonical\" href=\"https:\/\/vosgesinfo.fr\/gerardmerinfo\/2015\/12\/quil-faut-savoir-prochaines-elections-regionales\/\" \/>\n<meta name=\"twitter:card\" content=\"summary_large_image\" \/>\n<meta name=\"twitter:title\" content=\"Ce qu\u2019il faut savoir sur les prochaines \u00e9lections r\u00e9gionales - Gerardmer Info\" \/>\n<meta name=\"twitter:description\" content=\"Derni\u00e8res \u00e9lections fran\u00e7aises avant les futures pr\u00e9sidentielles de 2017, les \u00e9lections des conseils r\u00e9gionaux auront respectivement lieu les dimanches 6 [&hellip;]\" \/>\n<meta name=\"twitter:image\" content=\"https:\/\/vosgesinfo.fr\/app\/uploads\/sites\/6\/2024\/07\/201512logo-regionales.jpg\" \/>\n<meta name=\"twitter:creator\" content=\"@VosgesInfo88\" \/>\n<meta name=\"twitter:site\" content=\"@VosgesInfo88\" \/>\n<meta name=\"twitter:label1\" content=\"\u00c9crit par\" \/>\n\t<meta name=\"twitter:data1\" content=\"qs_admin\" \/>\n\t<meta name=\"twitter:label2\" content=\"Dur\u00e9e de lecture estim\u00e9e\" \/>\n\t<meta name=\"twitter:data2\" content=\"2 minutes\" \/>\n<script type=\"application\/ld+json\" class=\"yoast-schema-graph\">{\"@context\":\"https:\/\/schema.org\",\"@graph\":[{\"@type\":\"Article\",\"@id\":\"https:\/\/vosgesinfo.fr\/gerardmerinfo\/2015\/12\/quil-faut-savoir-prochaines-elections-regionales\/#article\",\"isPartOf\":{\"@id\":\"https:\/\/vosgesinfo.fr\/gerardmerinfo\/2015\/12\/quil-faut-savoir-prochaines-elections-regionales\/\"},\"author\":{\"name\":\"qs_admin\",\"@id\":\"https:\/\/vosgesinfo.fr\/gerardmerinfo\/#\/schema\/person\/bc5d02d71e6932e81b6dadb7386667b1\"},\"headline\":\"Ce qu\u2019il faut savoir sur les prochaines \u00e9lections r\u00e9gionales\",\"datePublished\":\"2015-12-01T11:59:10+00:00\",\"dateModified\":\"2015-12-01T11:59:10+00:00\",\"mainEntityOfPage\":{\"@id\":\"https:\/\/vosgesinfo.fr\/gerardmerinfo\/2015\/12\/quil-faut-savoir-prochaines-elections-regionales\/\"},\"wordCount\":324,\"commentCount\":0,\"publisher\":{\"@id\":\"https:\/\/vosgesinfo.fr\/gerardmerinfo\/#organization\"},\"image\":{\"@id\":\"https:\/\/vosgesinfo.fr\/gerardmerinfo\/2015\/12\/quil-faut-savoir-prochaines-elections-regionales\/#primaryimage\"},\"thumbnailUrl\":\"https:\/\/vosgesinfo.fr\/app\/uploads\/sites\/6\/2024\/07\/201512logo-regionales.jpg\",\"articleSection\":[\"Faits-divers\",\"Politique\",\"Vosges\"],\"inLanguage\":\"fr-FR\",\"potentialAction\":[{\"@type\":\"CommentAction\",\"name\":\"Comment\",\"target\":[\"https:\/\/vosgesinfo.fr\/gerardmerinfo\/2015\/12\/quil-faut-savoir-prochaines-elections-regionales\/#respond\"]}]},{\"@type\":\"WebPage\",\"@id\":\"https:\/\/vosgesinfo.fr\/gerardmerinfo\/2015\/12\/quil-faut-savoir-prochaines-elections-regionales\/\",\"url\":\"https:\/\/vosgesinfo.fr\/gerardmerinfo\/2015\/12\/quil-faut-savoir-prochaines-elections-regionales\/\",\"name\":\"Ce qu\u2019il faut savoir sur les prochaines \u00e9lections r\u00e9gionales - Gerardmer Info\",\"isPartOf\":{\"@id\":\"https:\/\/vosgesinfo.fr\/gerardmerinfo\/#website\"},\"primaryImageOfPage\":{\"@id\":\"https:\/\/vosgesinfo.fr\/gerardmerinfo\/2015\/12\/quil-faut-savoir-prochaines-elections-regionales\/#primaryimage\"},\"image\":{\"@id\":\"https:\/\/vosgesinfo.fr\/gerardmerinfo\/2015\/12\/quil-faut-savoir-prochaines-elections-regionales\/#primaryimage\"},\"thumbnailUrl\":\"https:\/\/vosgesinfo.fr\/app\/uploads\/sites\/6\/2024\/07\/201512logo-regionales.jpg\",\"datePublished\":\"2015-12-01T11:59:10+00:00\",\"dateModified\":\"2015-12-01T11:59:10+00:00\",\"breadcrumb\":{\"@id\":\"https:\/\/vosgesinfo.fr\/gerardmerinfo\/2015\/12\/quil-faut-savoir-prochaines-elections-regionales\/#breadcrumb\"},\"inLanguage\":\"fr-FR\",\"potentialAction\":[{\"@type\":\"ReadAction\",\"target\":[\"https:\/\/vosgesinfo.fr\/gerardmerinfo\/2015\/12\/quil-faut-savoir-prochaines-elections-regionales\/\"]}]},{\"@type\":\"ImageObject\",\"inLanguage\":\"fr-FR\",\"@id\":\"https:\/\/vosgesinfo.fr\/gerardmerinfo\/2015\/12\/quil-faut-savoir-prochaines-elections-regionales\/#primaryimage\",\"url\":\"https:\/\/vosgesinfo.fr\/app\/uploads\/sites\/6\/2024\/07\/201512logo-regionales.jpg\",\"contentUrl\":\"https:\/\/vosgesinfo.fr\/app\/uploads\/sites\/6\/2024\/07\/201512logo-regionales.jpg\",\"width\":300,\"height\":192},{\"@type\":\"BreadcrumbList\",\"@id\":\"https:\/\/vosgesinfo.fr\/gerardmerinfo\/2015\/12\/quil-faut-savoir-prochaines-elections-regionales\/#breadcrumb\",\"itemListElement\":[{\"@type\":\"ListItem\",\"position\":1,\"name\":\"Home\",\"item\":\"https:\/\/vosgesinfo.fr\/gerardmerinfo\/\"},{\"@type\":\"ListItem\",\"position\":2,\"name\":\"Ce qu\u2019il faut savoir sur les prochaines \u00e9lections r\u00e9gionales\"}]},{\"@type\":\"WebSite\",\"@id\":\"https:\/\/vosgesinfo.fr\/gerardmerinfo\/#website\",\"url\":\"https:\/\/vosgesinfo.fr\/gerardmerinfo\/\",\"name\":\"Gerardmer Info\",\"description\":\"Toute l&#039;actualit\u00e9 de G\u00e9rardmer\",\"publisher\":{\"@id\":\"https:\/\/vosgesinfo.fr\/gerardmerinfo\/#organization\"},\"alternateName\":\"Toute l'actualit\u00e9 de G\u00e9rardmer\",\"potentialAction\":[{\"@type\":\"SearchAction\",\"target\":{\"@type\":\"EntryPoint\",\"urlTemplate\":\"https:\/\/vosgesinfo.fr\/gerardmerinfo\/?s={search_term_string}\"},\"query-input\":\"required name=search_term_string\"}],\"inLanguage\":\"fr-FR\"},{\"@type\":\"Organization\",\"@id\":\"https:\/\/vosgesinfo.fr\/gerardmerinfo\/#organization\",\"name\":\"Gerardmer Info\",\"url\":\"https:\/\/vosgesinfo.fr\/gerardmerinfo\/\",\"logo\":{\"@type\":\"ImageObject\",\"inLanguage\":\"fr-FR\",\"@id\":\"https:\/\/vosgesinfo.fr\/gerardmerinfo\/#\/schema\/logo\/image\/\",\"url\":\"https:\/\/vosgesinfo.fr\/app\/uploads\/sites\/6\/2023\/08\/favicon-gerardmerinfo.png\",\"contentUrl\":\"https:\/\/vosgesinfo.fr\/app\/uploads\/sites\/6\/2023\/08\/favicon-gerardmerinfo.png\",\"width\":512,\"height\":512,\"caption\":\"Gerardmer Info\"},\"image\":{\"@id\":\"https:\/\/vosgesinfo.fr\/gerardmerinfo\/#\/schema\/logo\/image\/\"},\"sameAs\":[\"https:\/\/www.facebook.com\/profile.php?id=100049475262660\",\"https:\/\/x.com\/VosgesInfo88\",\"https:\/\/www.youtube.com\/@vosgesinfo\"]},{\"@type\":\"Person\",\"@id\":\"https:\/\/vosgesinfo.fr\/gerardmerinfo\/#\/schema\/person\/bc5d02d71e6932e81b6dadb7386667b1\",\"name\":\"qs_admin\",\"image\":{\"@type\":\"ImageObject\",\"inLanguage\":\"fr-FR\",\"@id\":\"https:\/\/vosgesinfo.fr\/gerardmerinfo\/#\/schema\/person\/image\/\",\"url\":\"https:\/\/secure.gravatar.com\/avatar\/94b18ee0ed79e4a42ea2f2931277b6841a8999fc6fde214600c78057cf1fe1de?s=96&d=mm&r=g\",\"contentUrl\":\"https:\/\/secure.gravatar.com\/avatar\/94b18ee0ed79e4a42ea2f2931277b6841a8999fc6fde214600c78057cf1fe1de?s=96&d=mm&r=g\",\"caption\":\"qs_admin\"},\"sameAs\":[\"https:\/\/vosgesinfo.fr\/wp\"],\"url\":\"https:\/\/vosgesinfo.fr\/gerardmerinfo\/author\/qs_admin\/\"}]}<\/script>\n<!-- \/ Yoast SEO plugin. -->","yoast_head_json":{"title":"Ce qu\u2019il faut savoir sur les prochaines \u00e9lections r\u00e9gionales - Gerardmer Info","robots":{"index":"index","follow":"follow","max-snippet":"max-snippet:-1","max-image-preview":"max-image-preview:large","max-video-preview":"max-video-preview:-1"},"canonical":"https:\/\/vosgesinfo.fr\/gerardmerinfo\/2015\/12\/quil-faut-savoir-prochaines-elections-regionales\/","twitter_card":"summary_large_image","twitter_title":"Ce qu\u2019il faut savoir sur les prochaines \u00e9lections r\u00e9gionales - Gerardmer Info","twitter_description":"Derni\u00e8res \u00e9lections fran\u00e7aises avant les futures pr\u00e9sidentielles de 2017, les \u00e9lections des conseils r\u00e9gionaux auront respectivement lieu les dimanches 6 [&hellip;]","twitter_image":"https:\/\/vosgesinfo.fr\/app\/uploads\/sites\/6\/2024\/07\/201512logo-regionales.jpg","twitter_creator":"@VosgesInfo88","twitter_site":"@VosgesInfo88","twitter_misc":{"\u00c9crit par":"qs_admin","Dur\u00e9e de lecture estim\u00e9e":"2 minutes"},"schema":{"@context":"https:\/\/schema.org","@graph":[{"@type":"Article","@id":"https:\/\/vosgesinfo.fr\/gerardmerinfo\/2015\/12\/quil-faut-savoir-prochaines-elections-regionales\/#article","isPartOf":{"@id":"https:\/\/vosgesinfo.fr\/gerardmerinfo\/2015\/12\/quil-faut-savoir-prochaines-elections-regionales\/"},"author":{"name":"qs_admin","@id":"https:\/\/vosgesinfo.fr\/gerardmerinfo\/#\/schema\/person\/bc5d02d71e6932e81b6dadb7386667b1"},"headline":"Ce qu\u2019il faut savoir sur les prochaines \u00e9lections r\u00e9gionales","datePublished":"2015-12-01T11:59:10+00:00","dateModified":"2015-12-01T11:59:10+00:00","mainEntityOfPage":{"@id":"https:\/\/vosgesinfo.fr\/gerardmerinfo\/2015\/12\/quil-faut-savoir-prochaines-elections-regionales\/"},"wordCount":324,"commentCount":0,"publisher":{"@id":"https:\/\/vosgesinfo.fr\/gerardmerinfo\/#organization"},"image":{"@id":"https:\/\/vosgesinfo.fr\/gerardmerinfo\/2015\/12\/quil-faut-savoir-prochaines-elections-regionales\/#primaryimage"},"thumbnailUrl":"https:\/\/vosgesinfo.fr\/app\/uploads\/sites\/6\/2024\/07\/201512logo-regionales.jpg","articleSection":["Faits-divers","Politique","Vosges"],"inLanguage":"fr-FR","potentialAction":[{"@type":"CommentAction","name":"Comment","target":["https:\/\/vosgesinfo.fr\/gerardmerinfo\/2015\/12\/quil-faut-savoir-prochaines-elections-regionales\/#respond"]}]},{"@type":"WebPage","@id":"https:\/\/vosgesinfo.fr\/gerardmerinfo\/2015\/12\/quil-faut-savoir-prochaines-elections-regionales\/","url":"https:\/\/vosgesinfo.fr\/gerardmerinfo\/2015\/12\/quil-faut-savoir-prochaines-elections-regionales\/","name":"Ce qu\u2019il faut savoir sur les prochaines \u00e9lections r\u00e9gionales - Gerardmer Info","isPartOf":{"@id":"https:\/\/vosgesinfo.fr\/gerardmerinfo\/#website"},"primaryImageOfPage":{"@id":"https:\/\/vosgesinfo.fr\/gerardmerinfo\/2015\/12\/quil-faut-savoir-prochaines-elections-regionales\/#primaryimage"},"image":{"@id":"https:\/\/vosgesinfo.fr\/gerardmerinfo\/2015\/12\/quil-faut-savoir-prochaines-elections-regionales\/#primaryimage"},"thumbnailUrl":"https:\/\/vosgesinfo.fr\/app\/uploads\/sites\/6\/2024\/07\/201512logo-regionales.jpg","datePublished":"2015-12-01T11:59:10+00:00","dateModified":"2015-12-01T11:59:10+00:00","breadcrumb":{"@id":"https:\/\/vosgesinfo.fr\/gerardmerinfo\/2015\/12\/quil-faut-savoir-prochaines-elections-regionales\/#breadcrumb"},"inLanguage":"fr-FR","potentialAction":[{"@type":"ReadAction","target":["https:\/\/vosgesinfo.fr\/gerardmerinfo\/2015\/12\/quil-faut-savoir-prochaines-elections-regionales\/"]}]},{"@type":"ImageObject","inLanguage":"fr-FR","@id":"https:\/\/vosgesinfo.fr\/gerardmerinfo\/2015\/12\/quil-faut-savoir-prochaines-elections-regionales\/#primaryimage","url":"https:\/\/vosgesinfo.fr\/app\/uploads\/sites\/6\/2024\/07\/201512logo-regionales.jpg","contentUrl":"https:\/\/vosgesinfo.fr\/app\/uploads\/sites\/6\/2024\/07\/201512logo-regionales.jpg","width":300,"height":192},{"@type":"BreadcrumbList","@id":"https:\/\/vosgesinfo.fr\/gerardmerinfo\/2015\/12\/quil-faut-savoir-prochaines-elections-regionales\/#breadcrumb","itemListElement":[{"@type":"ListItem","position":1,"name":"Home","item":"https:\/\/vosgesinfo.fr\/gerardmerinfo\/"},{"@type":"ListItem","position":2,"name":"Ce qu\u2019il faut savoir sur les prochaines \u00e9lections r\u00e9gionales"}]},{"@type":"WebSite","@id":"https:\/\/vosgesinfo.fr\/gerardmerinfo\/#website","url":"https:\/\/vosgesinfo.fr\/gerardmerinfo\/","name":"Gerardmer Info","description":"Toute l&#039;actualit\u00e9 de G\u00e9rardmer","publisher":{"@id":"https:\/\/vosgesinfo.fr\/gerardmerinfo\/#organization"},"alternateName":"Toute l'actualit\u00e9 de G\u00e9rardmer","potentialAction":[{"@type":"SearchAction","target":{"@type":"EntryPoint","urlTemplate":"https:\/\/vosgesinfo.fr\/gerardmerinfo\/?s={search_term_string}"},"query-input":"required name=search_term_string"}],"inLanguage":"fr-FR"},{"@type":"Organization","@id":"https:\/\/vosgesinfo.fr\/gerardmerinfo\/#organization","name":"Gerardmer Info","url":"https:\/\/vosgesinfo.fr\/gerardmerinfo\/","logo":{"@type":"ImageObject","inLanguage":"fr-FR","@id":"https:\/\/vosgesinfo.fr\/gerardmerinfo\/#\/schema\/logo\/image\/","url":"https:\/\/vosgesinfo.fr\/app\/uploads\/sites\/6\/2023\/08\/favicon-gerardmerinfo.png","contentUrl":"https:\/\/vosgesinfo.fr\/app\/uploads\/sites\/6\/2023\/08\/favicon-gerardmerinfo.png","width":512,"height":512,"caption":"Gerardmer Info"},"image":{"@id":"https:\/\/vosgesinfo.fr\/gerardmerinfo\/#\/schema\/logo\/image\/"},"sameAs":["https:\/\/www.facebook.com\/profile.php?id=100049475262660","https:\/\/x.com\/VosgesInfo88","https:\/\/www.youtube.com\/@vosgesinfo"]},{"@type":"Person","@id":"https:\/\/vosgesinfo.fr\/gerardmerinfo\/#\/schema\/person\/bc5d02d71e6932e81b6dadb7386667b1","name":"qs_admin","image":{"@type":"ImageObject","inLanguage":"fr-FR","@id":"https:\/\/vosgesinfo.fr\/gerardmerinfo\/#\/schema\/person\/image\/","url":"https:\/\/secure.gravatar.com\/avatar\/94b18ee0ed79e4a42ea2f2931277b6841a8999fc6fde214600c78057cf1fe1de?s=96&d=mm&r=g","contentUrl":"https:\/\/secure.gravatar.com\/avatar\/94b18ee0ed79e4a42ea2f2931277b6841a8999fc6fde214600c78057cf1fe1de?s=96&d=mm&r=g","caption":"qs_admin"},"sameAs":["https:\/\/vosgesinfo.fr\/wp"],"url":"https:\/\/vosgesinfo.fr\/gerardmerinfo\/author\/qs_admin\/"}]}},"_links":{"self":[{"href":"https:\/\/vosgesinfo.fr\/gerardmerinfo\/wp-json\/wp\/v2\/posts\/15686","targetHints":{"allow":["GET"]}}],"collection":[{"href":"https:\/\/vosgesinfo.fr\/gerardmerinfo\/wp-json\/wp\/v2\/posts"}],"about":[{"href":"https:\/\/vosgesinfo.fr\/gerardmerinfo\/wp-json\/wp\/v2\/types\/post"}],"author":[{"embeddable":true,"href":"https:\/\/vosgesinfo.fr\/gerardmerinfo\/wp-json\/wp\/v2\/users\/1"}],"replies":[{"embeddable":true,"href":"https:\/\/vosgesinfo.fr\/gerardmerinfo\/wp-json\/wp\/v2\/comments?post=15686"}],"version-history":[{"count":0,"href":"https:\/\/vosgesinfo.fr\/gerardmerinfo\/wp-json\/wp\/v2\/posts\/15686\/revisions"}],"wp:featuredmedia":[{"embeddable":true,"href":"https:\/\/vosgesinfo.fr\/gerardmerinfo\/wp-json\/wp\/v2\/media\/15687"}],"wp:attachment":[{"href":"https:\/\/vosgesinfo.fr\/gerardmerinfo\/wp-json\/wp\/v2\/media?parent=15686"}],"wp:term":[{"taxonomy":"category","embeddable":true,"href":"https:\/\/vosgesinfo.fr\/gerardmerinfo\/wp-json\/wp\/v2\/categories?post=15686"},{"taxonomy":"post_tag","embeddable":true,"href":"https:\/\/vosgesinfo.fr\/gerardmerinfo\/wp-json\/wp\/v2\/tags?post=15686"}],"curies":[{"name":"wp","href":"https:\/\/api.w.org\/{rel}","templated":true}]}}