{"id":16368,"date":"2024-07-25T12:03:52","date_gmt":"2024-07-25T10:03:52","guid":{"rendered":"https:\/\/vosgesinfo.fr\/gerardmerinfo\/?p=16368"},"modified":"2024-07-25T12:06:26","modified_gmt":"2024-07-25T10:06:26","slug":"la-brasserie-la-geromoise-recrute-2","status":"publish","type":"post","link":"https:\/\/vosgesinfo.fr\/gerardmerinfo\/2024\/07\/la-brasserie-la-geromoise-recrute-2\/","title":{"rendered":"La brasserie la G\u00e9r\u00f4moise recrute !"},"content":{"rendered":"<p><span style=\"color: #333300;\">La G\u00e9r\u00f4moise recrute !<\/span><br \/>\n<span style=\"color: #333300;\"><strong>Un serveur H\/F, poste de saisonnier, et\/ou poste en CDI<\/strong> . <\/span><\/p>\n<p><span style=\"color: #333300;\">En renfort du responsable de salle et de la manager du restaurant, vous accueillez les clients, prenez les commandes, envoyez et d\u00e9barrassez les plats.<\/span><br \/>\n<span style=\"color: #333300;\">Vous assurez \u00e9galement le dressage des tables et les encaissements.<\/span><br \/>\n<span style=\"color: #333300;\">Horaires coup\u00e9s \/ 35h par semaine \/ travail samedi et dimanche \/ 2 jours de cong\u00e9s hebdomadaire \u00e0 d\u00e9finir. Poste \u00e0 pourvoir de suite en CDD pour la saison et\/ \u00a0ensuite en \u00a0CDI si convient.<\/span><br \/>\n<span style=\"color: #333300;\">Vous d\u00e9montrez un esprit d&rsquo;\u00e9quipe indispensable, de v\u00e9ritables qualit\u00e9s d&rsquo;accueil et l&rsquo;envie de satisfaire<\/span><br \/>\n<span style=\"color: #333300;\">quotidiennement vos clients ?<\/span><br \/>\n<span style=\"color: #333300;\">Rejoignez l&rsquo;\u00e9quipe de la G\u00e9r\u00f4moise et proposez un service de qualit\u00e9 dans un environnement convivial !<\/span><\/p>\n<p><strong><span style=\"color: #333300;\">Envoyez votre CV et votre lettre de motivation par e-mail ou par courrier postal :<\/span><\/strong><\/p>\n<p><strong><span style=\"color: #333300;\"><a style=\"color: #333300;\" href=\"mailto:contact@lageromoise.fr\">contact@lageromoise.fr<\/a><\/span><\/strong><br \/>\n<strong><span style=\"color: #333300;\">2, avenue Morand<\/span><\/strong><br \/>\n<strong><span style=\"color: #333300;\">88400 GERARDMER<\/span><\/strong><br \/>\n<strong><span style=\"color: #333300;\">03.29.60.91.45<\/span><\/strong><\/p>\n","protected":false},"excerpt":{"rendered":"<p>La G\u00e9r\u00f4moise recrute ! Un serveur H\/F, poste de saisonnier, et\/ou poste en CDI . En renfort du responsable de [&hellip;]<\/p>\n","protected":false},"author":39,"featured_media":16695,"comment_status":"open","ping_status":"open","sticky":false,"template":"","format":"standard","meta":{"footnotes":""},"categories":[20,18],"tags":[],"class_list":["post-16368","post","type-post","status-publish","format-standard","has-post-thumbnail","hentry","category-a-la-une","category-vosges"],"acf":[],"yoast_head":"<!-- This site is optimized with the Yoast SEO plugin v22.5 - https:\/\/yoast.com\/wordpress\/plugins\/seo\/ -->\n<title>La brasserie la G\u00e9r\u00f4moise recrute ! - Gerardmer Info<\/title>\n<meta name=\"robots\" content=\"index, follow, max-snippet:-1, max-image-preview:large, max-video-preview:-1\" \/>\n<link rel=\"canonical\" href=\"https:\/\/vosgesinfo.fr\/gerardmerinfo\/2024\/07\/la-brasserie-la-geromoise-recrute-2\/\" \/>\n<meta name=\"twitter:card\" content=\"summary_large_image\" \/>\n<meta name=\"twitter:title\" content=\"La brasserie la G\u00e9r\u00f4moise recrute ! - Gerardmer Info\" \/>\n<meta name=\"twitter:description\" content=\"La G\u00e9r\u00f4moise recrute ! Un serveur H\/F, poste de saisonnier, et\/ou poste en CDI . En renfort du responsable de [&hellip;]\" \/>\n<meta name=\"twitter:image\" content=\"https:\/\/vosgesinfo.fr\/app\/uploads\/sites\/6\/2024\/07\/cafe.png\" \/>\n<meta name=\"twitter:creator\" content=\"@VosgesInfo88\" \/>\n<meta name=\"twitter:site\" content=\"@VosgesInfo88\" \/>\n<meta name=\"twitter:label1\" content=\"\u00c9crit par\" \/>\n\t<meta name=\"twitter:data1\" content=\"Phj\" \/>\n\t<meta name=\"twitter:label2\" content=\"Dur\u00e9e de lecture estim\u00e9e\" \/>\n\t<meta name=\"twitter:data2\" content=\"1 minute\" \/>\n<script type=\"application\/ld+json\" class=\"yoast-schema-graph\">{\"@context\":\"https:\/\/schema.org\",\"@graph\":[{\"@type\":\"Article\",\"@id\":\"https:\/\/vosgesinfo.fr\/gerardmerinfo\/2024\/07\/la-brasserie-la-geromoise-recrute-2\/#article\",\"isPartOf\":{\"@id\":\"https:\/\/vosgesinfo.fr\/gerardmerinfo\/2024\/07\/la-brasserie-la-geromoise-recrute-2\/\"},\"author\":{\"name\":\"Phj\",\"@id\":\"https:\/\/vosgesinfo.fr\/gerardmerinfo\/#\/schema\/person\/4f57dc393faf2ac8b9f1cab30ad79250\"},\"headline\":\"La brasserie la G\u00e9r\u00f4moise recrute !\",\"datePublished\":\"2024-07-25T10:03:52+00:00\",\"dateModified\":\"2024-07-25T10:06:26+00:00\",\"mainEntityOfPage\":{\"@id\":\"https:\/\/vosgesinfo.fr\/gerardmerinfo\/2024\/07\/la-brasserie-la-geromoise-recrute-2\/\"},\"wordCount\":152,\"commentCount\":0,\"publisher\":{\"@id\":\"https:\/\/vosgesinfo.fr\/gerardmerinfo\/#organization\"},\"image\":{\"@id\":\"https:\/\/vosgesinfo.fr\/gerardmerinfo\/2024\/07\/la-brasserie-la-geromoise-recrute-2\/#primaryimage\"},\"thumbnailUrl\":\"https:\/\/vosgesinfo.fr\/app\/uploads\/sites\/6\/2024\/07\/cafe.png\",\"articleSection\":[\"A la une\",\"Vosges\"],\"inLanguage\":\"fr-FR\",\"potentialAction\":[{\"@type\":\"CommentAction\",\"name\":\"Comment\",\"target\":[\"https:\/\/vosgesinfo.fr\/gerardmerinfo\/2024\/07\/la-brasserie-la-geromoise-recrute-2\/#respond\"]}]},{\"@type\":\"WebPage\",\"@id\":\"https:\/\/vosgesinfo.fr\/gerardmerinfo\/2024\/07\/la-brasserie-la-geromoise-recrute-2\/\",\"url\":\"https:\/\/vosgesinfo.fr\/gerardmerinfo\/2024\/07\/la-brasserie-la-geromoise-recrute-2\/\",\"name\":\"La brasserie la G\u00e9r\u00f4moise recrute ! - Gerardmer Info\",\"isPartOf\":{\"@id\":\"https:\/\/vosgesinfo.fr\/gerardmerinfo\/#website\"},\"primaryImageOfPage\":{\"@id\":\"https:\/\/vosgesinfo.fr\/gerardmerinfo\/2024\/07\/la-brasserie-la-geromoise-recrute-2\/#primaryimage\"},\"image\":{\"@id\":\"https:\/\/vosgesinfo.fr\/gerardmerinfo\/2024\/07\/la-brasserie-la-geromoise-recrute-2\/#primaryimage\"},\"thumbnailUrl\":\"https:\/\/vosgesinfo.fr\/app\/uploads\/sites\/6\/2024\/07\/cafe.png\",\"datePublished\":\"2024-07-25T10:03:52+00:00\",\"dateModified\":\"2024-07-25T10:06:26+00:00\",\"breadcrumb\":{\"@id\":\"https:\/\/vosgesinfo.fr\/gerardmerinfo\/2024\/07\/la-brasserie-la-geromoise-recrute-2\/#breadcrumb\"},\"inLanguage\":\"fr-FR\",\"potentialAction\":[{\"@type\":\"ReadAction\",\"target\":[\"https:\/\/vosgesinfo.fr\/gerardmerinfo\/2024\/07\/la-brasserie-la-geromoise-recrute-2\/\"]}]},{\"@type\":\"ImageObject\",\"inLanguage\":\"fr-FR\",\"@id\":\"https:\/\/vosgesinfo.fr\/gerardmerinfo\/2024\/07\/la-brasserie-la-geromoise-recrute-2\/#primaryimage\",\"url\":\"https:\/\/vosgesinfo.fr\/app\/uploads\/sites\/6\/2024\/07\/cafe.png\",\"contentUrl\":\"https:\/\/vosgesinfo.fr\/app\/uploads\/sites\/6\/2024\/07\/cafe.png\",\"width\":261,\"height\":284},{\"@type\":\"BreadcrumbList\",\"@id\":\"https:\/\/vosgesinfo.fr\/gerardmerinfo\/2024\/07\/la-brasserie-la-geromoise-recrute-2\/#breadcrumb\",\"itemListElement\":[{\"@type\":\"ListItem\",\"position\":1,\"name\":\"Home\",\"item\":\"https:\/\/vosgesinfo.fr\/gerardmerinfo\/\"},{\"@type\":\"ListItem\",\"position\":2,\"name\":\"La brasserie la G\u00e9r\u00f4moise recrute !\"}]},{\"@type\":\"WebSite\",\"@id\":\"https:\/\/vosgesinfo.fr\/gerardmerinfo\/#website\",\"url\":\"https:\/\/vosgesinfo.fr\/gerardmerinfo\/\",\"name\":\"Gerardmer Info\",\"description\":\"Toute l&#039;actualit\u00e9 de G\u00e9rardmer\",\"publisher\":{\"@id\":\"https:\/\/vosgesinfo.fr\/gerardmerinfo\/#organization\"},\"alternateName\":\"Toute l'actualit\u00e9 de G\u00e9rardmer\",\"potentialAction\":[{\"@type\":\"SearchAction\",\"target\":{\"@type\":\"EntryPoint\",\"urlTemplate\":\"https:\/\/vosgesinfo.fr\/gerardmerinfo\/?s={search_term_string}\"},\"query-input\":\"required name=search_term_string\"}],\"inLanguage\":\"fr-FR\"},{\"@type\":\"Organization\",\"@id\":\"https:\/\/vosgesinfo.fr\/gerardmerinfo\/#organization\",\"name\":\"Gerardmer Info\",\"url\":\"https:\/\/vosgesinfo.fr\/gerardmerinfo\/\",\"logo\":{\"@type\":\"ImageObject\",\"inLanguage\":\"fr-FR\",\"@id\":\"https:\/\/vosgesinfo.fr\/gerardmerinfo\/#\/schema\/logo\/image\/\",\"url\":\"https:\/\/vosgesinfo.fr\/app\/uploads\/sites\/6\/2023\/08\/favicon-gerardmerinfo.png\",\"contentUrl\":\"https:\/\/vosgesinfo.fr\/app\/uploads\/sites\/6\/2023\/08\/favicon-gerardmerinfo.png\",\"width\":512,\"height\":512,\"caption\":\"Gerardmer Info\"},\"image\":{\"@id\":\"https:\/\/vosgesinfo.fr\/gerardmerinfo\/#\/schema\/logo\/image\/\"},\"sameAs\":[\"https:\/\/www.facebook.com\/profile.php?id=100049475262660\",\"https:\/\/x.com\/VosgesInfo88\",\"https:\/\/www.youtube.com\/@vosgesinfo\"]},{\"@type\":\"Person\",\"@id\":\"https:\/\/vosgesinfo.fr\/gerardmerinfo\/#\/schema\/person\/4f57dc393faf2ac8b9f1cab30ad79250\",\"name\":\"Phj\",\"image\":{\"@type\":\"ImageObject\",\"inLanguage\":\"fr-FR\",\"@id\":\"https:\/\/vosgesinfo.fr\/gerardmerinfo\/#\/schema\/person\/image\/\",\"url\":\"https:\/\/secure.gravatar.com\/avatar\/ada60265080fb9a89c9809bf0abb1f448a128cb85db1c08905baa5038fbe3cfe?s=96&d=mm&r=g\",\"contentUrl\":\"https:\/\/secure.gravatar.com\/avatar\/ada60265080fb9a89c9809bf0abb1f448a128cb85db1c08905baa5038fbe3cfe?s=96&d=mm&r=g\",\"caption\":\"Phj\"},\"url\":\"https:\/\/vosgesinfo.fr\/gerardmerinfo\/author\/phj\/\"}]}<\/script>\n<!-- \/ Yoast SEO plugin. -->","yoast_head_json":{"title":"La brasserie la G\u00e9r\u00f4moise recrute ! - Gerardmer Info","robots":{"index":"index","follow":"follow","max-snippet":"max-snippet:-1","max-image-preview":"max-image-preview:large","max-video-preview":"max-video-preview:-1"},"canonical":"https:\/\/vosgesinfo.fr\/gerardmerinfo\/2024\/07\/la-brasserie-la-geromoise-recrute-2\/","twitter_card":"summary_large_image","twitter_title":"La brasserie la G\u00e9r\u00f4moise recrute ! - Gerardmer Info","twitter_description":"La G\u00e9r\u00f4moise recrute ! Un serveur H\/F, poste de saisonnier, et\/ou poste en CDI . En renfort du responsable de [&hellip;]","twitter_image":"https:\/\/vosgesinfo.fr\/app\/uploads\/sites\/6\/2024\/07\/cafe.png","twitter_creator":"@VosgesInfo88","twitter_site":"@VosgesInfo88","twitter_misc":{"\u00c9crit par":"Phj","Dur\u00e9e de lecture estim\u00e9e":"1 minute"},"schema":{"@context":"https:\/\/schema.org","@graph":[{"@type":"Article","@id":"https:\/\/vosgesinfo.fr\/gerardmerinfo\/2024\/07\/la-brasserie-la-geromoise-recrute-2\/#article","isPartOf":{"@id":"https:\/\/vosgesinfo.fr\/gerardmerinfo\/2024\/07\/la-brasserie-la-geromoise-recrute-2\/"},"author":{"name":"Phj","@id":"https:\/\/vosgesinfo.fr\/gerardmerinfo\/#\/schema\/person\/4f57dc393faf2ac8b9f1cab30ad79250"},"headline":"La brasserie la G\u00e9r\u00f4moise recrute !","datePublished":"2024-07-25T10:03:52+00:00","dateModified":"2024-07-25T10:06:26+00:00","mainEntityOfPage":{"@id":"https:\/\/vosgesinfo.fr\/gerardmerinfo\/2024\/07\/la-brasserie-la-geromoise-recrute-2\/"},"wordCount":152,"commentCount":0,"publisher":{"@id":"https:\/\/vosgesinfo.fr\/gerardmerinfo\/#organization"},"image":{"@id":"https:\/\/vosgesinfo.fr\/gerardmerinfo\/2024\/07\/la-brasserie-la-geromoise-recrute-2\/#primaryimage"},"thumbnailUrl":"https:\/\/vosgesinfo.fr\/app\/uploads\/sites\/6\/2024\/07\/cafe.png","articleSection":["A la une","Vosges"],"inLanguage":"fr-FR","potentialAction":[{"@type":"CommentAction","name":"Comment","target":["https:\/\/vosgesinfo.fr\/gerardmerinfo\/2024\/07\/la-brasserie-la-geromoise-recrute-2\/#respond"]}]},{"@type":"WebPage","@id":"https:\/\/vosgesinfo.fr\/gerardmerinfo\/2024\/07\/la-brasserie-la-geromoise-recrute-2\/","url":"https:\/\/vosgesinfo.fr\/gerardmerinfo\/2024\/07\/la-brasserie-la-geromoise-recrute-2\/","name":"La brasserie la G\u00e9r\u00f4moise recrute ! - Gerardmer Info","isPartOf":{"@id":"https:\/\/vosgesinfo.fr\/gerardmerinfo\/#website"},"primaryImageOfPage":{"@id":"https:\/\/vosgesinfo.fr\/gerardmerinfo\/2024\/07\/la-brasserie-la-geromoise-recrute-2\/#primaryimage"},"image":{"@id":"https:\/\/vosgesinfo.fr\/gerardmerinfo\/2024\/07\/la-brasserie-la-geromoise-recrute-2\/#primaryimage"},"thumbnailUrl":"https:\/\/vosgesinfo.fr\/app\/uploads\/sites\/6\/2024\/07\/cafe.png","datePublished":"2024-07-25T10:03:52+00:00","dateModified":"2024-07-25T10:06:26+00:00","breadcrumb":{"@id":"https:\/\/vosgesinfo.fr\/gerardmerinfo\/2024\/07\/la-brasserie-la-geromoise-recrute-2\/#breadcrumb"},"inLanguage":"fr-FR","potentialAction":[{"@type":"ReadAction","target":["https:\/\/vosgesinfo.fr\/gerardmerinfo\/2024\/07\/la-brasserie-la-geromoise-recrute-2\/"]}]},{"@type":"ImageObject","inLanguage":"fr-FR","@id":"https:\/\/vosgesinfo.fr\/gerardmerinfo\/2024\/07\/la-brasserie-la-geromoise-recrute-2\/#primaryimage","url":"https:\/\/vosgesinfo.fr\/app\/uploads\/sites\/6\/2024\/07\/cafe.png","contentUrl":"https:\/\/vosgesinfo.fr\/app\/uploads\/sites\/6\/2024\/07\/cafe.png","width":261,"height":284},{"@type":"BreadcrumbList","@id":"https:\/\/vosgesinfo.fr\/gerardmerinfo\/2024\/07\/la-brasserie-la-geromoise-recrute-2\/#breadcrumb","itemListElement":[{"@type":"ListItem","position":1,"name":"Home","item":"https:\/\/vosgesinfo.fr\/gerardmerinfo\/"},{"@type":"ListItem","position":2,"name":"La brasserie la G\u00e9r\u00f4moise recrute !"}]},{"@type":"WebSite","@id":"https:\/\/vosgesinfo.fr\/gerardmerinfo\/#website","url":"https:\/\/vosgesinfo.fr\/gerardmerinfo\/","name":"Gerardmer Info","description":"Toute l&#039;actualit\u00e9 de G\u00e9rardmer","publisher":{"@id":"https:\/\/vosgesinfo.fr\/gerardmerinfo\/#organization"},"alternateName":"Toute l'actualit\u00e9 de G\u00e9rardmer","potentialAction":[{"@type":"SearchAction","target":{"@type":"EntryPoint","urlTemplate":"https:\/\/vosgesinfo.fr\/gerardmerinfo\/?s={search_term_string}"},"query-input":"required name=search_term_string"}],"inLanguage":"fr-FR"},{"@type":"Organization","@id":"https:\/\/vosgesinfo.fr\/gerardmerinfo\/#organization","name":"Gerardmer Info","url":"https:\/\/vosgesinfo.fr\/gerardmerinfo\/","logo":{"@type":"ImageObject","inLanguage":"fr-FR","@id":"https:\/\/vosgesinfo.fr\/gerardmerinfo\/#\/schema\/logo\/image\/","url":"https:\/\/vosgesinfo.fr\/app\/uploads\/sites\/6\/2023\/08\/favicon-gerardmerinfo.png","contentUrl":"https:\/\/vosgesinfo.fr\/app\/uploads\/sites\/6\/2023\/08\/favicon-gerardmerinfo.png","width":512,"height":512,"caption":"Gerardmer Info"},"image":{"@id":"https:\/\/vosgesinfo.fr\/gerardmerinfo\/#\/schema\/logo\/image\/"},"sameAs":["https:\/\/www.facebook.com\/profile.php?id=100049475262660","https:\/\/x.com\/VosgesInfo88","https:\/\/www.youtube.com\/@vosgesinfo"]},{"@type":"Person","@id":"https:\/\/vosgesinfo.fr\/gerardmerinfo\/#\/schema\/person\/4f57dc393faf2ac8b9f1cab30ad79250","name":"Phj","image":{"@type":"ImageObject","inLanguage":"fr-FR","@id":"https:\/\/vosgesinfo.fr\/gerardmerinfo\/#\/schema\/person\/image\/","url":"https:\/\/secure.gravatar.com\/avatar\/ada60265080fb9a89c9809bf0abb1f448a128cb85db1c08905baa5038fbe3cfe?s=96&d=mm&r=g","contentUrl":"https:\/\/secure.gravatar.com\/avatar\/ada60265080fb9a89c9809bf0abb1f448a128cb85db1c08905baa5038fbe3cfe?s=96&d=mm&r=g","caption":"Phj"},"url":"https:\/\/vosgesinfo.fr\/gerardmerinfo\/author\/phj\/"}]}},"_links":{"self":[{"href":"https:\/\/vosgesinfo.fr\/gerardmerinfo\/wp-json\/wp\/v2\/posts\/16368","targetHints":{"allow":["GET"]}}],"collection":[{"href":"https:\/\/vosgesinfo.fr\/gerardmerinfo\/wp-json\/wp\/v2\/posts"}],"about":[{"href":"https:\/\/vosgesinfo.fr\/gerardmerinfo\/wp-json\/wp\/v2\/types\/post"}],"author":[{"embeddable":true,"href":"https:\/\/vosgesinfo.fr\/gerardmerinfo\/wp-json\/wp\/v2\/users\/39"}],"replies":[{"embeddable":true,"href":"https:\/\/vosgesinfo.fr\/gerardmerinfo\/wp-json\/wp\/v2\/comments?post=16368"}],"version-history":[{"count":3,"href":"https:\/\/vosgesinfo.fr\/gerardmerinfo\/wp-json\/wp\/v2\/posts\/16368\/revisions"}],"predecessor-version":[{"id":16707,"href":"https:\/\/vosgesinfo.fr\/gerardmerinfo\/wp-json\/wp\/v2\/posts\/16368\/revisions\/16707"}],"wp:featuredmedia":[{"embeddable":true,"href":"https:\/\/vosgesinfo.fr\/gerardmerinfo\/wp-json\/wp\/v2\/media\/16695"}],"wp:attachment":[{"href":"https:\/\/vosgesinfo.fr\/gerardmerinfo\/wp-json\/wp\/v2\/media?parent=16368"}],"wp:term":[{"taxonomy":"category","embeddable":true,"href":"https:\/\/vosgesinfo.fr\/gerardmerinfo\/wp-json\/wp\/v2\/categories?post=16368"},{"taxonomy":"post_tag","embeddable":true,"href":"https:\/\/vosgesinfo.fr\/gerardmerinfo\/wp-json\/wp\/v2\/tags?post=16368"}],"curies":[{"name":"wp","href":"https:\/\/api.w.org\/{rel}","templated":true}]}}