{"id":18080,"date":"2016-03-23T17:27:50","date_gmt":"2016-03-23T16:27:50","guid":{"rendered":"https:\/\/vosgesinfo.fr\/gerardmerinfo\/2016\/03\/lacademie-de-musique-fete-25eme-anniversaire\/"},"modified":"2016-03-23T17:27:50","modified_gmt":"2016-03-23T16:27:50","slug":"lacademie-de-musique-fete-25eme-anniversaire","status":"publish","type":"post","link":"https:\/\/vosgesinfo.fr\/gerardmerinfo\/2016\/03\/lacademie-de-musique-fete-25eme-anniversaire\/","title":{"rendered":"L&rsquo;Acad\u00e9mie de Musique f\u00eate son 25\u00e8me anniversaire"},"content":{"rendered":"<div id=\"attachment_80298\" style=\"width: 970px\" class=\"wp-caption aligncenter\"><a href=\"\/2016\/03\/Acad\u00e9mie-de-Musique-G\u00e9rardmer-2016.jpg\"><img decoding=\"async\" aria-describedby=\"caption-attachment-80298\" class=\"size-large wp-image-80298\" src=\"\/2016\/03\/Acad\u00e9mie-de-Musique-G\u00e9rardmer-2016-1024x768.jpg\" alt=\"Jacques Odasso (au centre) en compagnie de Ludovic B\u00e9rard, Marie-Rose Briot &amp; Anne Chwaliszewski\" width=\"960\" height=\"720\" \/><\/a><p id=\"caption-attachment-80298\" class=\"wp-caption-text\"><span style=\"color: #800000;\">Jacques Odasso (au centre) en compagnie de Ludovic B\u00e9rard, Marie-Rose Briot &amp; Anne Chwaliszewski<\/span><\/p><\/div>\n<p><strong>L&rsquo;Acad\u00e9mie Internationale de Musique de G\u00e9rardmer f\u00eatera donc son 25\u00e8me anniversaire du 14 au 23 ao\u00fbt prochain avec une 20\u00e8me \u00e9dition en Perle des Vosges qui s&rsquo;annonce palpitante.<\/strong><\/p>\n<p>En effet, comme l&rsquo;a annonc\u00e9 Jacques Odasso lors de la conf\u00e9rence de presse qui s&rsquo;est d\u00e9roul\u00e9e en mairie ce mercredi, le festival qui accompagne traditionnellement ce stage de grande envergure proposera un concert ou une animation par jour minimum du 15 au 23 ao\u00fbt 2016. Outre les habituels concerts des stagiaires ainsi que les d\u00e9ambulations de la fanfare du \u00ab\u00a0Blue Dixie Band\u00a0\u00bb (les 16 et 20 ao\u00fbt <span style=\"color: #000080;\"><strong>dans l&rsquo;apr\u00e8s-midi<\/strong><\/span>) , quatre concerts phares vous seront propos\u00e9s. Les m\u00e9lomanes vont se r\u00e9galer, et ce d&rsquo;autant plus que l\u2019\u00e9clectisme sera de mise.<\/p>\n<p><a href=\"\/2016\/03\/Acad\u00e9mie-de-musique-2016-G\u00e9rardmer.jpg\"><img decoding=\"async\" class=\"alignright size-medium wp-image-80324\" src=\"\/2016\/03\/Acad\u00e9mie-de-musique-2016-G\u00e9rardmer-180x255.jpg\" alt=\"Acad\u00e9mie de musique 2016 G\u00e9rardmer\" width=\"180\" height=\"255\" \/><\/a>Cela d\u00e9butera d\u00e8s le lundi 15 ao\u00fbt avec un concert de musique des Balkans au bord du lac puisque le Ziveli Orkestar sera de retour ! Le mercredi 17 ao\u00fbt, tous \u00e0 l&rsquo;Espace LAC pour un concert \u00e9v\u00e9nement dans le Nord-Est de la France. Vous aurez rendez-vous avec \u00ab\u00a0The Amazing Keystone Big Band\u00a0\u00bb venu de Paris pour vous interpr\u00e9ter le Carnaval des Animaux version jazz. \u00ab\u00a0<em>Une adaptation jazz tout sp\u00e9cialement compos\u00e9e et interpr\u00e9t\u00e9e par The Amazing Keystone Big Band, d\u2019apr\u00e8s la c\u00e9l\u00e8bre musique de Camille Saint-Sa\u00ebns. \u00c7a caquette c\u00f4t\u00e9 trompettes, \u00e7a rugit c\u00f4t\u00e9 trombones, \u00e7a piaffe c\u00f4t\u00e9 saxophones\u2026 Lion, poule, tortue, \u00e9l\u00e9phant\u2026 Chaque animal a son instrument et tous forment ensemble un orchestre qui swingue !\u00a0\u00bb <\/em>Une soir\u00e9e pour les petits et les tr\u00e8s grands.<\/p>\n<p>Jeudi 18 ao\u00fbt, toujours \u00e0 l&rsquo;Espace LAC, place \u00e0 un conte musical de Patrick Odasso pour r\u00e9citant, ch\u0153ur et orchestre symphonique : \u00ab\u00a0Pepi &amp; Nemanou au royaume de R\u00e9\u00a0\u00bb . Une sorte de Rom\u00e9o &amp; Juliette revisit\u00e9 au temps des Pharaons et avec une happy end. Voil\u00e0 qui devrait \u00e9veiller au moins votre curiosit\u00e9, mais nous vous en reparlerons en temps voulu. Enfin, le vendredi 19 ao\u00fbt, c&rsquo;est le septet de la violoniste Aurore Voilqu\u00e9 qui se produira sur la sc\u00e8ne de l&rsquo;Espace LAC pour un concert jazz-swing Django Reinhardt. Une soir\u00e9e qui s&rsquo;annonce festive\u00a0 avec ses nuances de musique manouche. Les r\u00e9jouissances se finiront ensuite avec les concerts ch\u0153ur et orchestre \u00e0 l&rsquo;Eglise Saint Barth\u00e9l\u00e9my le 21 ao\u00fbt et au Val d&rsquo;Ajol le 22 ao\u00fbt, puis le concert de cl\u00f4ture mettra la note final \u00e0 l&rsquo;Acad\u00e9mie et au Festival le mardi 23 ao\u00fbt \u00e0 l&rsquo;Espace LAC.<\/p>\n<p>Mais revenons-en \u00e0 l&rsquo;Acad\u00e9mie. Une fois de plus, la classe de chant\/ch\u0153ur dirig\u00e9e par G\u00e9rard Colombo est reconduite cette ann\u00e9e. Rappelons au passage que ce professeur et invit\u00e9 prestigieux est une r\u00e9f\u00e9rence en la mati\u00e8re puisque il est l\u2019un des Artistes du Ch\u0153ur de la Scala de Milan et Maestro del coro Christo R\u00e9. Concernant les autres classes, rappelons pour les novices de l\u2019Acad\u00e9mie que ce stage s\u2019adresse \u00e0 toutes celles et tous ceux qui pratiquent un instrument \u00e0 cordes, \u00e0 vent ou \u00e0 percussion depuis au moins 2 ans, pour les adultes et les enfants \u00e2g\u00e9s de 10 ans au minimum, qu\u2019ils \u00e9tudient la musique en amateurs ou \u00e0 des fins professionnelles. Le stage comprend des cours individuels journaliers de musique de chambre ou d\u2019ateliers d\u2019improvisation et d\u2019orchestre, mais aussi des activit\u00e9s de loisirs et les entr\u00e9es aux concerts.<\/p>\n<p>\u00ab\u00a0A travers les ann\u00e9es, nous avons souvent eu des stagiaires passionn\u00e9s, dont certains ont m\u00eame embrass\u00e9 des carri\u00e8res de musiciens. Je pense notamment \u00e0 ce stagiaire trompettiste d\u00e9butant qui avait du mal avec l&rsquo;apprentissage de la trompette. Mon fr\u00e8re Jean-Pierre lui en discut\u00e9 avec lui et lui a dit que c&rsquo;\u00e9tait peut-\u00eatre tout simplement li\u00e9 \u00e0 l&rsquo;instrument lui-m\u00eame. Il lui a sugg\u00e9r\u00e9 d&rsquo;en essayer un autre et du coup le stagiaire a frapp\u00e9 \u00e0 la porte d&rsquo;\u00e0 c\u00f4t\u00e9 o\u00f9 \u00e9tait la classe de cor&#8230; Il a poursuivi son apprentissage et il est \u00e9galement revenu pendant 3 ou 4 ann\u00e9es \u00e0 l&rsquo;Acad\u00e9mie. D\u00e9sormais, il a 27 ans, est cor solo \u00e0 l&rsquo;Op\u00e9ra de Berlin et il joue au London Symphony Orchestra. Je me plais \u00e0 penser que nous avons contribu\u00e9 \u00e0 notre niveau, \u00e0 cette belle r\u00e9ussite\u00a0\u00bb , explique Jacques Odasso au sujet de cette magnifique trajectoire qui n&rsquo;est pas isol\u00e9e dans l&rsquo;histoire de l&rsquo;Acad\u00e9mie.<\/p>\n<p>Pour conclure, sachez que l\u2019h\u00e9bergement est une fois de plus pr\u00e9vu au centre de l\u2019ODCVL situ\u00e9 \u00e0 la Mauselaine de G\u00e9rardmer. Les stagiaires mineurs seront donc pris en charge par une \u00e9quipe d\u2019animateurs qualifi\u00e9s. La Ville de G\u00e9rardmer soutenant l\u2019\u00e9v\u00e9nement, les stagiaires g\u00e9r\u00f4mois b\u00e9n\u00e9ficient eux de tarifs d\u2019inscription r\u00e9duits.<\/p>\n<p>Les bulletins d\u2019inscriptions sont disponibles d\u00e8s aujourd\u2019hui \u00e0 la Maison de la Musique de G\u00e9rardmer, en mairie ainsi qu\u2019\u00e0 la maison de la Culture et des Loisirs. Vous pouvez \u00e9galement le trouver sur le site de l\u2019Acad\u00e9mie : <a href=\"http:\/\/www.musicaquatre.net\/\">http:\/\/www.musicaquatre.net\/<\/a><\/p>\n","protected":false},"excerpt":{"rendered":"<p>L&rsquo;Acad\u00e9mie Internationale de Musique de G\u00e9rardmer f\u00eatera donc son 25\u00e8me anniversaire du 14 au 23 ao\u00fbt prochain avec une 20\u00e8me [&hellip;]<\/p>\n","protected":false},"author":42,"featured_media":18081,"comment_status":"open","ping_status":"open","sticky":false,"template":"","format":"standard","meta":{"footnotes":""},"categories":[20,34,4],"tags":[1820,1821,1509,1822,1470],"class_list":["post-18080","post","type-post","status-publish","format-standard","has-post-thumbnail","hentry","category-a-la-une","category-concert","category-culture","tag-academie","tag-choeur","tag-festival","tag-internationale","tag-musique"],"acf":[],"yoast_head":"<!-- This site is optimized with the Yoast SEO plugin v22.5 - https:\/\/yoast.com\/wordpress\/plugins\/seo\/ -->\n<title>L&#039;Acad\u00e9mie de Musique f\u00eate son 25\u00e8me anniversaire - Gerardmer Info<\/title>\n<meta name=\"robots\" content=\"index, follow, max-snippet:-1, max-image-preview:large, max-video-preview:-1\" \/>\n<link rel=\"canonical\" href=\"https:\/\/vosgesinfo.fr\/gerardmerinfo\/2016\/03\/lacademie-de-musique-fete-25eme-anniversaire\/\" \/>\n<meta name=\"twitter:card\" content=\"summary_large_image\" \/>\n<meta name=\"twitter:title\" content=\"L&#039;Acad\u00e9mie de Musique f\u00eate son 25\u00e8me anniversaire - Gerardmer Info\" \/>\n<meta name=\"twitter:description\" content=\"L&rsquo;Acad\u00e9mie Internationale de Musique de G\u00e9rardmer f\u00eatera donc son 25\u00e8me anniversaire du 14 au 23 ao\u00fbt prochain avec une 20\u00e8me [&hellip;]\" \/>\n<meta name=\"twitter:image\" content=\"https:\/\/vosgesinfo.fr\/app\/uploads\/sites\/6\/2024\/07\/201603academie-de-musique-gerardmer-2016.jpg\" \/>\n<meta name=\"twitter:creator\" content=\"@VosgesInfo88\" \/>\n<meta name=\"twitter:site\" content=\"@VosgesInfo88\" \/>\n<meta name=\"twitter:label1\" content=\"\u00c9crit par\" \/>\n\t<meta name=\"twitter:data1\" content=\"QG\" \/>\n\t<meta name=\"twitter:label2\" content=\"Dur\u00e9e de lecture estim\u00e9e\" \/>\n\t<meta name=\"twitter:data2\" content=\"4 minutes\" \/>\n<script type=\"application\/ld+json\" class=\"yoast-schema-graph\">{\"@context\":\"https:\/\/schema.org\",\"@graph\":[{\"@type\":\"Article\",\"@id\":\"https:\/\/vosgesinfo.fr\/gerardmerinfo\/2016\/03\/lacademie-de-musique-fete-25eme-anniversaire\/#article\",\"isPartOf\":{\"@id\":\"https:\/\/vosgesinfo.fr\/gerardmerinfo\/2016\/03\/lacademie-de-musique-fete-25eme-anniversaire\/\"},\"author\":{\"name\":\"QG\",\"@id\":\"https:\/\/vosgesinfo.fr\/gerardmerinfo\/#\/schema\/person\/db5605779a843dad16b5368f3e7613a5\"},\"headline\":\"L&rsquo;Acad\u00e9mie de Musique f\u00eate son 25\u00e8me anniversaire\",\"datePublished\":\"2016-03-23T16:27:50+00:00\",\"dateModified\":\"2016-03-23T16:27:50+00:00\",\"mainEntityOfPage\":{\"@id\":\"https:\/\/vosgesinfo.fr\/gerardmerinfo\/2016\/03\/lacademie-de-musique-fete-25eme-anniversaire\/\"},\"wordCount\":896,\"commentCount\":0,\"publisher\":{\"@id\":\"https:\/\/vosgesinfo.fr\/gerardmerinfo\/#organization\"},\"image\":{\"@id\":\"https:\/\/vosgesinfo.fr\/gerardmerinfo\/2016\/03\/lacademie-de-musique-fete-25eme-anniversaire\/#primaryimage\"},\"thumbnailUrl\":\"https:\/\/vosgesinfo.fr\/app\/uploads\/sites\/6\/2024\/07\/201603academie-de-musique-gerardmer-2016.jpg\",\"keywords\":[\"acad\u00e9mie\",\"choeur\",\"Festival\",\"internationale\",\"Musique\"],\"articleSection\":[\"A la une\",\"Concert\",\"Culture\"],\"inLanguage\":\"fr-FR\",\"potentialAction\":[{\"@type\":\"CommentAction\",\"name\":\"Comment\",\"target\":[\"https:\/\/vosgesinfo.fr\/gerardmerinfo\/2016\/03\/lacademie-de-musique-fete-25eme-anniversaire\/#respond\"]}]},{\"@type\":\"WebPage\",\"@id\":\"https:\/\/vosgesinfo.fr\/gerardmerinfo\/2016\/03\/lacademie-de-musique-fete-25eme-anniversaire\/\",\"url\":\"https:\/\/vosgesinfo.fr\/gerardmerinfo\/2016\/03\/lacademie-de-musique-fete-25eme-anniversaire\/\",\"name\":\"L'Acad\u00e9mie de Musique f\u00eate son 25\u00e8me anniversaire - Gerardmer Info\",\"isPartOf\":{\"@id\":\"https:\/\/vosgesinfo.fr\/gerardmerinfo\/#website\"},\"primaryImageOfPage\":{\"@id\":\"https:\/\/vosgesinfo.fr\/gerardmerinfo\/2016\/03\/lacademie-de-musique-fete-25eme-anniversaire\/#primaryimage\"},\"image\":{\"@id\":\"https:\/\/vosgesinfo.fr\/gerardmerinfo\/2016\/03\/lacademie-de-musique-fete-25eme-anniversaire\/#primaryimage\"},\"thumbnailUrl\":\"https:\/\/vosgesinfo.fr\/app\/uploads\/sites\/6\/2024\/07\/201603academie-de-musique-gerardmer-2016.jpg\",\"datePublished\":\"2016-03-23T16:27:50+00:00\",\"dateModified\":\"2016-03-23T16:27:50+00:00\",\"breadcrumb\":{\"@id\":\"https:\/\/vosgesinfo.fr\/gerardmerinfo\/2016\/03\/lacademie-de-musique-fete-25eme-anniversaire\/#breadcrumb\"},\"inLanguage\":\"fr-FR\",\"potentialAction\":[{\"@type\":\"ReadAction\",\"target\":[\"https:\/\/vosgesinfo.fr\/gerardmerinfo\/2016\/03\/lacademie-de-musique-fete-25eme-anniversaire\/\"]}]},{\"@type\":\"ImageObject\",\"inLanguage\":\"fr-FR\",\"@id\":\"https:\/\/vosgesinfo.fr\/gerardmerinfo\/2016\/03\/lacademie-de-musique-fete-25eme-anniversaire\/#primaryimage\",\"url\":\"https:\/\/vosgesinfo.fr\/app\/uploads\/sites\/6\/2024\/07\/201603academie-de-musique-gerardmer-2016.jpg\",\"contentUrl\":\"https:\/\/vosgesinfo.fr\/app\/uploads\/sites\/6\/2024\/07\/201603academie-de-musique-gerardmer-2016.jpg\",\"width\":1024,\"height\":768},{\"@type\":\"BreadcrumbList\",\"@id\":\"https:\/\/vosgesinfo.fr\/gerardmerinfo\/2016\/03\/lacademie-de-musique-fete-25eme-anniversaire\/#breadcrumb\",\"itemListElement\":[{\"@type\":\"ListItem\",\"position\":1,\"name\":\"Home\",\"item\":\"https:\/\/vosgesinfo.fr\/gerardmerinfo\/\"},{\"@type\":\"ListItem\",\"position\":2,\"name\":\"L&rsquo;Acad\u00e9mie de Musique f\u00eate son 25\u00e8me anniversaire\"}]},{\"@type\":\"WebSite\",\"@id\":\"https:\/\/vosgesinfo.fr\/gerardmerinfo\/#website\",\"url\":\"https:\/\/vosgesinfo.fr\/gerardmerinfo\/\",\"name\":\"Gerardmer Info\",\"description\":\"Toute l&#039;actualit\u00e9 de G\u00e9rardmer\",\"publisher\":{\"@id\":\"https:\/\/vosgesinfo.fr\/gerardmerinfo\/#organization\"},\"alternateName\":\"Toute l'actualit\u00e9 de G\u00e9rardmer\",\"potentialAction\":[{\"@type\":\"SearchAction\",\"target\":{\"@type\":\"EntryPoint\",\"urlTemplate\":\"https:\/\/vosgesinfo.fr\/gerardmerinfo\/?s={search_term_string}\"},\"query-input\":\"required name=search_term_string\"}],\"inLanguage\":\"fr-FR\"},{\"@type\":\"Organization\",\"@id\":\"https:\/\/vosgesinfo.fr\/gerardmerinfo\/#organization\",\"name\":\"Gerardmer Info\",\"url\":\"https:\/\/vosgesinfo.fr\/gerardmerinfo\/\",\"logo\":{\"@type\":\"ImageObject\",\"inLanguage\":\"fr-FR\",\"@id\":\"https:\/\/vosgesinfo.fr\/gerardmerinfo\/#\/schema\/logo\/image\/\",\"url\":\"https:\/\/vosgesinfo.fr\/app\/uploads\/sites\/6\/2023\/08\/favicon-gerardmerinfo.png\",\"contentUrl\":\"https:\/\/vosgesinfo.fr\/app\/uploads\/sites\/6\/2023\/08\/favicon-gerardmerinfo.png\",\"width\":512,\"height\":512,\"caption\":\"Gerardmer Info\"},\"image\":{\"@id\":\"https:\/\/vosgesinfo.fr\/gerardmerinfo\/#\/schema\/logo\/image\/\"},\"sameAs\":[\"https:\/\/www.facebook.com\/profile.php?id=100049475262660\",\"https:\/\/x.com\/VosgesInfo88\",\"https:\/\/www.youtube.com\/@vosgesinfo\"]},{\"@type\":\"Person\",\"@id\":\"https:\/\/vosgesinfo.fr\/gerardmerinfo\/#\/schema\/person\/db5605779a843dad16b5368f3e7613a5\",\"name\":\"QG\",\"image\":{\"@type\":\"ImageObject\",\"inLanguage\":\"fr-FR\",\"@id\":\"https:\/\/vosgesinfo.fr\/gerardmerinfo\/#\/schema\/person\/image\/\",\"url\":\"https:\/\/secure.gravatar.com\/avatar\/ea80c42c204b534408512832fde52504ecabb9706bcb6151cf6175e5b64e6793?s=96&d=mm&r=g\",\"contentUrl\":\"https:\/\/secure.gravatar.com\/avatar\/ea80c42c204b534408512832fde52504ecabb9706bcb6151cf6175e5b64e6793?s=96&d=mm&r=g\",\"caption\":\"QG\"},\"url\":\"https:\/\/vosgesinfo.fr\/gerardmerinfo\/author\/quentin88\/\"}]}<\/script>\n<!-- \/ Yoast SEO plugin. -->","yoast_head_json":{"title":"L'Acad\u00e9mie de Musique f\u00eate son 25\u00e8me anniversaire - Gerardmer Info","robots":{"index":"index","follow":"follow","max-snippet":"max-snippet:-1","max-image-preview":"max-image-preview:large","max-video-preview":"max-video-preview:-1"},"canonical":"https:\/\/vosgesinfo.fr\/gerardmerinfo\/2016\/03\/lacademie-de-musique-fete-25eme-anniversaire\/","twitter_card":"summary_large_image","twitter_title":"L'Acad\u00e9mie de Musique f\u00eate son 25\u00e8me anniversaire - Gerardmer Info","twitter_description":"L&rsquo;Acad\u00e9mie Internationale de Musique de G\u00e9rardmer f\u00eatera donc son 25\u00e8me anniversaire du 14 au 23 ao\u00fbt prochain avec une 20\u00e8me [&hellip;]","twitter_image":"https:\/\/vosgesinfo.fr\/app\/uploads\/sites\/6\/2024\/07\/201603academie-de-musique-gerardmer-2016.jpg","twitter_creator":"@VosgesInfo88","twitter_site":"@VosgesInfo88","twitter_misc":{"\u00c9crit par":"QG","Dur\u00e9e de lecture estim\u00e9e":"4 minutes"},"schema":{"@context":"https:\/\/schema.org","@graph":[{"@type":"Article","@id":"https:\/\/vosgesinfo.fr\/gerardmerinfo\/2016\/03\/lacademie-de-musique-fete-25eme-anniversaire\/#article","isPartOf":{"@id":"https:\/\/vosgesinfo.fr\/gerardmerinfo\/2016\/03\/lacademie-de-musique-fete-25eme-anniversaire\/"},"author":{"name":"QG","@id":"https:\/\/vosgesinfo.fr\/gerardmerinfo\/#\/schema\/person\/db5605779a843dad16b5368f3e7613a5"},"headline":"L&rsquo;Acad\u00e9mie de Musique f\u00eate son 25\u00e8me anniversaire","datePublished":"2016-03-23T16:27:50+00:00","dateModified":"2016-03-23T16:27:50+00:00","mainEntityOfPage":{"@id":"https:\/\/vosgesinfo.fr\/gerardmerinfo\/2016\/03\/lacademie-de-musique-fete-25eme-anniversaire\/"},"wordCount":896,"commentCount":0,"publisher":{"@id":"https:\/\/vosgesinfo.fr\/gerardmerinfo\/#organization"},"image":{"@id":"https:\/\/vosgesinfo.fr\/gerardmerinfo\/2016\/03\/lacademie-de-musique-fete-25eme-anniversaire\/#primaryimage"},"thumbnailUrl":"https:\/\/vosgesinfo.fr\/app\/uploads\/sites\/6\/2024\/07\/201603academie-de-musique-gerardmer-2016.jpg","keywords":["acad\u00e9mie","choeur","Festival","internationale","Musique"],"articleSection":["A la une","Concert","Culture"],"inLanguage":"fr-FR","potentialAction":[{"@type":"CommentAction","name":"Comment","target":["https:\/\/vosgesinfo.fr\/gerardmerinfo\/2016\/03\/lacademie-de-musique-fete-25eme-anniversaire\/#respond"]}]},{"@type":"WebPage","@id":"https:\/\/vosgesinfo.fr\/gerardmerinfo\/2016\/03\/lacademie-de-musique-fete-25eme-anniversaire\/","url":"https:\/\/vosgesinfo.fr\/gerardmerinfo\/2016\/03\/lacademie-de-musique-fete-25eme-anniversaire\/","name":"L'Acad\u00e9mie de Musique f\u00eate son 25\u00e8me anniversaire - Gerardmer Info","isPartOf":{"@id":"https:\/\/vosgesinfo.fr\/gerardmerinfo\/#website"},"primaryImageOfPage":{"@id":"https:\/\/vosgesinfo.fr\/gerardmerinfo\/2016\/03\/lacademie-de-musique-fete-25eme-anniversaire\/#primaryimage"},"image":{"@id":"https:\/\/vosgesinfo.fr\/gerardmerinfo\/2016\/03\/lacademie-de-musique-fete-25eme-anniversaire\/#primaryimage"},"thumbnailUrl":"https:\/\/vosgesinfo.fr\/app\/uploads\/sites\/6\/2024\/07\/201603academie-de-musique-gerardmer-2016.jpg","datePublished":"2016-03-23T16:27:50+00:00","dateModified":"2016-03-23T16:27:50+00:00","breadcrumb":{"@id":"https:\/\/vosgesinfo.fr\/gerardmerinfo\/2016\/03\/lacademie-de-musique-fete-25eme-anniversaire\/#breadcrumb"},"inLanguage":"fr-FR","potentialAction":[{"@type":"ReadAction","target":["https:\/\/vosgesinfo.fr\/gerardmerinfo\/2016\/03\/lacademie-de-musique-fete-25eme-anniversaire\/"]}]},{"@type":"ImageObject","inLanguage":"fr-FR","@id":"https:\/\/vosgesinfo.fr\/gerardmerinfo\/2016\/03\/lacademie-de-musique-fete-25eme-anniversaire\/#primaryimage","url":"https:\/\/vosgesinfo.fr\/app\/uploads\/sites\/6\/2024\/07\/201603academie-de-musique-gerardmer-2016.jpg","contentUrl":"https:\/\/vosgesinfo.fr\/app\/uploads\/sites\/6\/2024\/07\/201603academie-de-musique-gerardmer-2016.jpg","width":1024,"height":768},{"@type":"BreadcrumbList","@id":"https:\/\/vosgesinfo.fr\/gerardmerinfo\/2016\/03\/lacademie-de-musique-fete-25eme-anniversaire\/#breadcrumb","itemListElement":[{"@type":"ListItem","position":1,"name":"Home","item":"https:\/\/vosgesinfo.fr\/gerardmerinfo\/"},{"@type":"ListItem","position":2,"name":"L&rsquo;Acad\u00e9mie de Musique f\u00eate son 25\u00e8me anniversaire"}]},{"@type":"WebSite","@id":"https:\/\/vosgesinfo.fr\/gerardmerinfo\/#website","url":"https:\/\/vosgesinfo.fr\/gerardmerinfo\/","name":"Gerardmer Info","description":"Toute l&#039;actualit\u00e9 de G\u00e9rardmer","publisher":{"@id":"https:\/\/vosgesinfo.fr\/gerardmerinfo\/#organization"},"alternateName":"Toute l'actualit\u00e9 de G\u00e9rardmer","potentialAction":[{"@type":"SearchAction","target":{"@type":"EntryPoint","urlTemplate":"https:\/\/vosgesinfo.fr\/gerardmerinfo\/?s={search_term_string}"},"query-input":"required name=search_term_string"}],"inLanguage":"fr-FR"},{"@type":"Organization","@id":"https:\/\/vosgesinfo.fr\/gerardmerinfo\/#organization","name":"Gerardmer Info","url":"https:\/\/vosgesinfo.fr\/gerardmerinfo\/","logo":{"@type":"ImageObject","inLanguage":"fr-FR","@id":"https:\/\/vosgesinfo.fr\/gerardmerinfo\/#\/schema\/logo\/image\/","url":"https:\/\/vosgesinfo.fr\/app\/uploads\/sites\/6\/2023\/08\/favicon-gerardmerinfo.png","contentUrl":"https:\/\/vosgesinfo.fr\/app\/uploads\/sites\/6\/2023\/08\/favicon-gerardmerinfo.png","width":512,"height":512,"caption":"Gerardmer Info"},"image":{"@id":"https:\/\/vosgesinfo.fr\/gerardmerinfo\/#\/schema\/logo\/image\/"},"sameAs":["https:\/\/www.facebook.com\/profile.php?id=100049475262660","https:\/\/x.com\/VosgesInfo88","https:\/\/www.youtube.com\/@vosgesinfo"]},{"@type":"Person","@id":"https:\/\/vosgesinfo.fr\/gerardmerinfo\/#\/schema\/person\/db5605779a843dad16b5368f3e7613a5","name":"QG","image":{"@type":"ImageObject","inLanguage":"fr-FR","@id":"https:\/\/vosgesinfo.fr\/gerardmerinfo\/#\/schema\/person\/image\/","url":"https:\/\/secure.gravatar.com\/avatar\/ea80c42c204b534408512832fde52504ecabb9706bcb6151cf6175e5b64e6793?s=96&d=mm&r=g","contentUrl":"https:\/\/secure.gravatar.com\/avatar\/ea80c42c204b534408512832fde52504ecabb9706bcb6151cf6175e5b64e6793?s=96&d=mm&r=g","caption":"QG"},"url":"https:\/\/vosgesinfo.fr\/gerardmerinfo\/author\/quentin88\/"}]}},"_links":{"self":[{"href":"https:\/\/vosgesinfo.fr\/gerardmerinfo\/wp-json\/wp\/v2\/posts\/18080","targetHints":{"allow":["GET"]}}],"collection":[{"href":"https:\/\/vosgesinfo.fr\/gerardmerinfo\/wp-json\/wp\/v2\/posts"}],"about":[{"href":"https:\/\/vosgesinfo.fr\/gerardmerinfo\/wp-json\/wp\/v2\/types\/post"}],"author":[{"embeddable":true,"href":"https:\/\/vosgesinfo.fr\/gerardmerinfo\/wp-json\/wp\/v2\/users\/42"}],"replies":[{"embeddable":true,"href":"https:\/\/vosgesinfo.fr\/gerardmerinfo\/wp-json\/wp\/v2\/comments?post=18080"}],"version-history":[{"count":0,"href":"https:\/\/vosgesinfo.fr\/gerardmerinfo\/wp-json\/wp\/v2\/posts\/18080\/revisions"}],"wp:featuredmedia":[{"embeddable":true,"href":"https:\/\/vosgesinfo.fr\/gerardmerinfo\/wp-json\/wp\/v2\/media\/18081"}],"wp:attachment":[{"href":"https:\/\/vosgesinfo.fr\/gerardmerinfo\/wp-json\/wp\/v2\/media?parent=18080"}],"wp:term":[{"taxonomy":"category","embeddable":true,"href":"https:\/\/vosgesinfo.fr\/gerardmerinfo\/wp-json\/wp\/v2\/categories?post=18080"},{"taxonomy":"post_tag","embeddable":true,"href":"https:\/\/vosgesinfo.fr\/gerardmerinfo\/wp-json\/wp\/v2\/tags?post=18080"}],"curies":[{"name":"wp","href":"https:\/\/api.w.org\/{rel}","templated":true}]}}