{"id":18465,"date":"2016-04-11T16:29:24","date_gmt":"2016-04-11T14:29:24","guid":{"rendered":"https:\/\/vosgesinfo.fr\/gerardmerinfo\/2016\/04\/roule-poule-oui-velo\/"},"modified":"2016-04-11T16:29:24","modified_gmt":"2016-04-11T14:29:24","slug":"roule-poule-oui-velo","status":"publish","type":"post","link":"https:\/\/vosgesinfo.fr\/gerardmerinfo\/2016\/04\/roule-poule-oui-velo\/","title":{"rendered":"Roule ma poule ! (oui mais en v\u00e9lo&#8230;)"},"content":{"rendered":"<p>&nbsp;<\/p>\n<p><strong>Avec le beau temps qui a r\u00e9gn\u00e9 sur ce week-end et en d\u00e9pit de la fra\u00eecheur qui persiste, les amateurs de v\u00e9los \u00e9taient au rendez-vous de la traditionnelle bourse aux v\u00e9los organis\u00e9e depuis plus de 25 ans par le club G\u00e9rardmer Cyclotourisme et Loisirs.<\/strong><br \/>\n<a href=\"\/2016\/04\/bourse-aux-v\u00e9los-2016-2.jpg\"><img decoding=\"async\" class=\"alignright size-medium wp-image-81544\" src=\"\/2016\/04\/bourse-aux-v\u00e9los-2016-2-340x255.jpg\" alt=\"bourse aux v\u00e9los 2016 (2)\" width=\"340\" height=\"255\" \/><\/a>En effet, 146 v\u00e9los et articles cycles ont \u00e9t\u00e9 d\u00e9pos\u00e9s ce samedi matin sous le pr\u00e9au de l&rsquo;\u00e9cole Jean Mac\u00e9 qui accueille cet \u00e9v\u00e9nement chaque ann\u00e9e au printemps. On retrouvait ainsi majoritairement des v\u00e9los enfants et des VTT, mais aussi pour la premi\u00e8re fois un v\u00e9lo \u00e0 assistance \u00e9lectrique. Les prix de vente s&rsquo;\u00e9talaient donc de 5, 50 \u20ac \u00e0 2750 \u20ac. Dans l&rsquo;apr\u00e8s-midi, 69 articles, soit 47,26%, ont pu changer de mains afin de retrouver une nouvelle vie.<\/p>\n<p>Parmi les visiteurs, certains d\u00e9couvraient cette bourse embl\u00e9matique de la Perle des Vosges alors qu d&rsquo;autres sont des habitu\u00e9s. C&rsquo;est le cas de Stephen qui n&rsquo;a pas manqu\u00e9 une \u00e9dition depuis qu&rsquo;il est revenu s&rsquo;installer \u00e0 G\u00e9rardmer. C&rsquo;est simple, il a achet\u00e9 deux bicyclettes \u00e0 chaque fois ou presque. Ce dernier poss\u00e8de avec ses fr\u00e8res un logement qu&rsquo;il loue aux vacanciers et a souhait\u00e9 mettre \u00e0 disposition de sa client\u00e8le des v\u00e9los pour les petites promenades et les petits d\u00e9placements. Une initiative appr\u00e9ci\u00e9e des locataires et qui contribue \u00e0 sa petite \u00e9chelle au d\u00e9veloppement d&rsquo;un tourisme vert.<\/p>\n\n\t\t<style type=\"text\/css\">\n\t\t\t#gallery-1 {\n\t\t\t\tmargin: auto;\n\t\t\t}\n\t\t\t#gallery-1 .gallery-item {\n\t\t\t\tfloat: left;\n\t\t\t\tmargin-top: 10px;\n\t\t\t\ttext-align: center;\n\t\t\t\twidth: 50%;\n\t\t\t}\n\t\t\t#gallery-1 img {\n\t\t\t\tborder: 2px solid #cfcfcf;\n\t\t\t}\n\t\t\t#gallery-1 .gallery-caption {\n\t\t\t\tmargin-left: 0;\n\t\t\t}\n\t\t\t\/* see gallery_shortcode() in wp-includes\/media.php *\/\n\t\t<\/style>\n\t\t<div id='gallery-1' class='gallery galleryid-18465 gallery-columns-2 gallery-size-medium'><dl class='gallery-item'>\n\t\t\t<dt class='gallery-icon landscape'>\n\t\t\t\t<a href='https:\/\/vosgesinfo.fr\/app\/uploads\/sites\/6\/2025\/08\/remise-label-et-visite-prefet-cdhv-confiserie-hutes-vosges-3.jpg'><img decoding=\"async\" width=\"300\" height=\"225\" src=\"https:\/\/vosgesinfo.fr\/app\/uploads\/sites\/6\/2025\/08\/remise-label-et-visite-prefet-cdhv-confiserie-hutes-vosges-3-300x225.jpg\" class=\"attachment-medium size-medium\" alt=\"\" srcset=\"https:\/\/vosgesinfo.fr\/app\/uploads\/sites\/6\/2025\/08\/remise-label-et-visite-prefet-cdhv-confiserie-hutes-vosges-3-300x225.jpg 300w, https:\/\/vosgesinfo.fr\/app\/uploads\/sites\/6\/2025\/08\/remise-label-et-visite-prefet-cdhv-confiserie-hutes-vosges-3-1024x768.jpg 1024w, https:\/\/vosgesinfo.fr\/app\/uploads\/sites\/6\/2025\/08\/remise-label-et-visite-prefet-cdhv-confiserie-hutes-vosges-3-768x576.jpg 768w, https:\/\/vosgesinfo.fr\/app\/uploads\/sites\/6\/2025\/08\/remise-label-et-visite-prefet-cdhv-confiserie-hutes-vosges-3-1536x1152.jpg 1536w, https:\/\/vosgesinfo.fr\/app\/uploads\/sites\/6\/2025\/08\/remise-label-et-visite-prefet-cdhv-confiserie-hutes-vosges-3.jpg 2048w\" sizes=\"(max-width: 300px) 100vw, 300px\" \/><\/a>\n\t\t\t<\/dt><\/dl><dl class='gallery-item'>\n\t\t\t<dt class='gallery-icon landscape'>\n\t\t\t\t<a href='https:\/\/vosgesinfo.fr\/app\/uploads\/sites\/6\/2025\/08\/remise-label-et-visite-prefet-cdhv-confiserie-hutes-vosges-4.jpg'><img decoding=\"async\" width=\"300\" height=\"225\" src=\"https:\/\/vosgesinfo.fr\/app\/uploads\/sites\/6\/2025\/08\/remise-label-et-visite-prefet-cdhv-confiserie-hutes-vosges-4-300x225.jpg\" class=\"attachment-medium size-medium\" alt=\"\" srcset=\"https:\/\/vosgesinfo.fr\/app\/uploads\/sites\/6\/2025\/08\/remise-label-et-visite-prefet-cdhv-confiserie-hutes-vosges-4-300x225.jpg 300w, https:\/\/vosgesinfo.fr\/app\/uploads\/sites\/6\/2025\/08\/remise-label-et-visite-prefet-cdhv-confiserie-hutes-vosges-4-1024x768.jpg 1024w, https:\/\/vosgesinfo.fr\/app\/uploads\/sites\/6\/2025\/08\/remise-label-et-visite-prefet-cdhv-confiserie-hutes-vosges-4-768x576.jpg 768w, https:\/\/vosgesinfo.fr\/app\/uploads\/sites\/6\/2025\/08\/remise-label-et-visite-prefet-cdhv-confiserie-hutes-vosges-4-1536x1152.jpg 1536w, https:\/\/vosgesinfo.fr\/app\/uploads\/sites\/6\/2025\/08\/remise-label-et-visite-prefet-cdhv-confiserie-hutes-vosges-4.jpg 2048w\" sizes=\"(max-width: 300px) 100vw, 300px\" \/><\/a>\n\t\t\t<\/dt><\/dl><br style=\"clear: both\" \/><dl class='gallery-item'>\n\t\t\t<dt class='gallery-icon landscape'>\n\t\t\t\t<a href='https:\/\/vosgesinfo.fr\/app\/uploads\/sites\/6\/2025\/08\/remise-label-et-visite-prefet-cdhv-confiserie-hutes-vosges-2.jpg'><img decoding=\"async\" width=\"300\" height=\"225\" src=\"https:\/\/vosgesinfo.fr\/app\/uploads\/sites\/6\/2025\/08\/remise-label-et-visite-prefet-cdhv-confiserie-hutes-vosges-2-300x225.jpg\" class=\"attachment-medium size-medium\" alt=\"\" srcset=\"https:\/\/vosgesinfo.fr\/app\/uploads\/sites\/6\/2025\/08\/remise-label-et-visite-prefet-cdhv-confiserie-hutes-vosges-2-300x225.jpg 300w, https:\/\/vosgesinfo.fr\/app\/uploads\/sites\/6\/2025\/08\/remise-label-et-visite-prefet-cdhv-confiserie-hutes-vosges-2-1024x768.jpg 1024w, https:\/\/vosgesinfo.fr\/app\/uploads\/sites\/6\/2025\/08\/remise-label-et-visite-prefet-cdhv-confiserie-hutes-vosges-2-768x576.jpg 768w, https:\/\/vosgesinfo.fr\/app\/uploads\/sites\/6\/2025\/08\/remise-label-et-visite-prefet-cdhv-confiserie-hutes-vosges-2-1536x1152.jpg 1536w, https:\/\/vosgesinfo.fr\/app\/uploads\/sites\/6\/2025\/08\/remise-label-et-visite-prefet-cdhv-confiserie-hutes-vosges-2.jpg 2048w\" sizes=\"(max-width: 300px) 100vw, 300px\" \/><\/a>\n\t\t\t<\/dt><\/dl><dl class='gallery-item'>\n\t\t\t<dt class='gallery-icon landscape'>\n\t\t\t\t<a href='https:\/\/vosgesinfo.fr\/app\/uploads\/sites\/6\/2025\/08\/remise-label-et-visite-prefet-cdhv-confiserie-hutes-vosges-1.jpg'><img decoding=\"async\" width=\"300\" height=\"225\" src=\"https:\/\/vosgesinfo.fr\/app\/uploads\/sites\/6\/2025\/08\/remise-label-et-visite-prefet-cdhv-confiserie-hutes-vosges-1-300x225.jpg\" class=\"attachment-medium size-medium\" alt=\"\" srcset=\"https:\/\/vosgesinfo.fr\/app\/uploads\/sites\/6\/2025\/08\/remise-label-et-visite-prefet-cdhv-confiserie-hutes-vosges-1-300x225.jpg 300w, https:\/\/vosgesinfo.fr\/app\/uploads\/sites\/6\/2025\/08\/remise-label-et-visite-prefet-cdhv-confiserie-hutes-vosges-1-1024x768.jpg 1024w, https:\/\/vosgesinfo.fr\/app\/uploads\/sites\/6\/2025\/08\/remise-label-et-visite-prefet-cdhv-confiserie-hutes-vosges-1-768x576.jpg 768w, https:\/\/vosgesinfo.fr\/app\/uploads\/sites\/6\/2025\/08\/remise-label-et-visite-prefet-cdhv-confiserie-hutes-vosges-1-1536x1152.jpg 1536w, https:\/\/vosgesinfo.fr\/app\/uploads\/sites\/6\/2025\/08\/remise-label-et-visite-prefet-cdhv-confiserie-hutes-vosges-1.jpg 2048w\" sizes=\"(max-width: 300px) 100vw, 300px\" \/><\/a>\n\t\t\t<\/dt><\/dl><br style=\"clear: both\" \/>\n\t\t<\/div>\n\n","protected":false},"excerpt":{"rendered":"<p>&nbsp; Avec le beau temps qui a r\u00e9gn\u00e9 sur ce week-end et en d\u00e9pit de la fra\u00eecheur qui persiste, les [&hellip;]<\/p>\n","protected":false},"author":42,"featured_media":18466,"comment_status":"open","ping_status":"open","sticky":false,"template":"","format":"standard","meta":{"footnotes":""},"categories":[14,17],"tags":[969,1910,1039],"class_list":["post-18465","post","type-post","status-publish","format-standard","has-post-thumbnail","hentry","category-sport","category-vie-associative","tag-bourse-aux-velos","tag-cyclotourisme","tag-gerardmer"],"acf":[],"yoast_head":"<!-- This site is optimized with the Yoast SEO plugin v22.5 - https:\/\/yoast.com\/wordpress\/plugins\/seo\/ -->\n<title>Roule ma poule ! (oui mais en v\u00e9lo...) - Gerardmer Info<\/title>\n<meta name=\"robots\" content=\"index, follow, max-snippet:-1, max-image-preview:large, max-video-preview:-1\" \/>\n<link rel=\"canonical\" href=\"https:\/\/vosgesinfo.fr\/gerardmerinfo\/2016\/04\/roule-poule-oui-velo\/\" \/>\n<meta name=\"twitter:card\" content=\"summary_large_image\" \/>\n<meta name=\"twitter:title\" content=\"Roule ma poule ! (oui mais en v\u00e9lo...) - Gerardmer Info\" \/>\n<meta name=\"twitter:description\" content=\"&nbsp; Avec le beau temps qui a r\u00e9gn\u00e9 sur ce week-end et en d\u00e9pit de la fra\u00eecheur qui persiste, les [&hellip;]\" \/>\n<meta name=\"twitter:image\" content=\"https:\/\/vosgesinfo.fr\/app\/uploads\/sites\/6\/2024\/07\/201604bourse-aux-velos-2016-2.jpg\" \/>\n<meta name=\"twitter:creator\" content=\"@VosgesInfo88\" \/>\n<meta name=\"twitter:site\" content=\"@VosgesInfo88\" \/>\n<meta name=\"twitter:label1\" content=\"\u00c9crit par\" \/>\n\t<meta name=\"twitter:data1\" content=\"QG\" \/>\n\t<meta name=\"twitter:label2\" content=\"Dur\u00e9e de lecture estim\u00e9e\" \/>\n\t<meta name=\"twitter:data2\" content=\"1 minute\" \/>\n<script type=\"application\/ld+json\" class=\"yoast-schema-graph\">{\"@context\":\"https:\/\/schema.org\",\"@graph\":[{\"@type\":\"Article\",\"@id\":\"https:\/\/vosgesinfo.fr\/gerardmerinfo\/2016\/04\/roule-poule-oui-velo\/#article\",\"isPartOf\":{\"@id\":\"https:\/\/vosgesinfo.fr\/gerardmerinfo\/2016\/04\/roule-poule-oui-velo\/\"},\"author\":{\"name\":\"QG\",\"@id\":\"https:\/\/vosgesinfo.fr\/gerardmerinfo\/#\/schema\/person\/db5605779a843dad16b5368f3e7613a5\"},\"headline\":\"Roule ma poule ! (oui mais en v\u00e9lo&#8230;)\",\"datePublished\":\"2016-04-11T14:29:24+00:00\",\"dateModified\":\"2016-04-11T14:29:24+00:00\",\"mainEntityOfPage\":{\"@id\":\"https:\/\/vosgesinfo.fr\/gerardmerinfo\/2016\/04\/roule-poule-oui-velo\/\"},\"wordCount\":265,\"commentCount\":0,\"publisher\":{\"@id\":\"https:\/\/vosgesinfo.fr\/gerardmerinfo\/#organization\"},\"image\":{\"@id\":\"https:\/\/vosgesinfo.fr\/gerardmerinfo\/2016\/04\/roule-poule-oui-velo\/#primaryimage\"},\"thumbnailUrl\":\"https:\/\/vosgesinfo.fr\/app\/uploads\/sites\/6\/2024\/07\/201604bourse-aux-velos-2016-2.jpg\",\"keywords\":[\"bourse aux v\u00e9los\",\"cyclotourisme\",\"G\u00e9rardmer\"],\"articleSection\":[\"Sport\",\"Vie Associative\"],\"inLanguage\":\"fr-FR\",\"potentialAction\":[{\"@type\":\"CommentAction\",\"name\":\"Comment\",\"target\":[\"https:\/\/vosgesinfo.fr\/gerardmerinfo\/2016\/04\/roule-poule-oui-velo\/#respond\"]}]},{\"@type\":\"WebPage\",\"@id\":\"https:\/\/vosgesinfo.fr\/gerardmerinfo\/2016\/04\/roule-poule-oui-velo\/\",\"url\":\"https:\/\/vosgesinfo.fr\/gerardmerinfo\/2016\/04\/roule-poule-oui-velo\/\",\"name\":\"Roule ma poule ! (oui mais en v\u00e9lo...) - Gerardmer Info\",\"isPartOf\":{\"@id\":\"https:\/\/vosgesinfo.fr\/gerardmerinfo\/#website\"},\"primaryImageOfPage\":{\"@id\":\"https:\/\/vosgesinfo.fr\/gerardmerinfo\/2016\/04\/roule-poule-oui-velo\/#primaryimage\"},\"image\":{\"@id\":\"https:\/\/vosgesinfo.fr\/gerardmerinfo\/2016\/04\/roule-poule-oui-velo\/#primaryimage\"},\"thumbnailUrl\":\"https:\/\/vosgesinfo.fr\/app\/uploads\/sites\/6\/2024\/07\/201604bourse-aux-velos-2016-2.jpg\",\"datePublished\":\"2016-04-11T14:29:24+00:00\",\"dateModified\":\"2016-04-11T14:29:24+00:00\",\"breadcrumb\":{\"@id\":\"https:\/\/vosgesinfo.fr\/gerardmerinfo\/2016\/04\/roule-poule-oui-velo\/#breadcrumb\"},\"inLanguage\":\"fr-FR\",\"potentialAction\":[{\"@type\":\"ReadAction\",\"target\":[\"https:\/\/vosgesinfo.fr\/gerardmerinfo\/2016\/04\/roule-poule-oui-velo\/\"]}]},{\"@type\":\"ImageObject\",\"inLanguage\":\"fr-FR\",\"@id\":\"https:\/\/vosgesinfo.fr\/gerardmerinfo\/2016\/04\/roule-poule-oui-velo\/#primaryimage\",\"url\":\"https:\/\/vosgesinfo.fr\/app\/uploads\/sites\/6\/2024\/07\/201604bourse-aux-velos-2016-2.jpg\",\"contentUrl\":\"https:\/\/vosgesinfo.fr\/app\/uploads\/sites\/6\/2024\/07\/201604bourse-aux-velos-2016-2.jpg\",\"width\":1024,\"height\":768},{\"@type\":\"BreadcrumbList\",\"@id\":\"https:\/\/vosgesinfo.fr\/gerardmerinfo\/2016\/04\/roule-poule-oui-velo\/#breadcrumb\",\"itemListElement\":[{\"@type\":\"ListItem\",\"position\":1,\"name\":\"Home\",\"item\":\"https:\/\/vosgesinfo.fr\/gerardmerinfo\/\"},{\"@type\":\"ListItem\",\"position\":2,\"name\":\"Roule ma poule ! (oui mais en v\u00e9lo&#8230;)\"}]},{\"@type\":\"WebSite\",\"@id\":\"https:\/\/vosgesinfo.fr\/gerardmerinfo\/#website\",\"url\":\"https:\/\/vosgesinfo.fr\/gerardmerinfo\/\",\"name\":\"Gerardmer Info\",\"description\":\"Toute l&#039;actualit\u00e9 de G\u00e9rardmer\",\"publisher\":{\"@id\":\"https:\/\/vosgesinfo.fr\/gerardmerinfo\/#organization\"},\"alternateName\":\"Toute l'actualit\u00e9 de G\u00e9rardmer\",\"potentialAction\":[{\"@type\":\"SearchAction\",\"target\":{\"@type\":\"EntryPoint\",\"urlTemplate\":\"https:\/\/vosgesinfo.fr\/gerardmerinfo\/?s={search_term_string}\"},\"query-input\":\"required name=search_term_string\"}],\"inLanguage\":\"fr-FR\"},{\"@type\":\"Organization\",\"@id\":\"https:\/\/vosgesinfo.fr\/gerardmerinfo\/#organization\",\"name\":\"Gerardmer Info\",\"url\":\"https:\/\/vosgesinfo.fr\/gerardmerinfo\/\",\"logo\":{\"@type\":\"ImageObject\",\"inLanguage\":\"fr-FR\",\"@id\":\"https:\/\/vosgesinfo.fr\/gerardmerinfo\/#\/schema\/logo\/image\/\",\"url\":\"https:\/\/vosgesinfo.fr\/app\/uploads\/sites\/6\/2023\/08\/favicon-gerardmerinfo.png\",\"contentUrl\":\"https:\/\/vosgesinfo.fr\/app\/uploads\/sites\/6\/2023\/08\/favicon-gerardmerinfo.png\",\"width\":512,\"height\":512,\"caption\":\"Gerardmer Info\"},\"image\":{\"@id\":\"https:\/\/vosgesinfo.fr\/gerardmerinfo\/#\/schema\/logo\/image\/\"},\"sameAs\":[\"https:\/\/www.facebook.com\/profile.php?id=100049475262660\",\"https:\/\/x.com\/VosgesInfo88\",\"https:\/\/www.youtube.com\/@vosgesinfo\"]},{\"@type\":\"Person\",\"@id\":\"https:\/\/vosgesinfo.fr\/gerardmerinfo\/#\/schema\/person\/db5605779a843dad16b5368f3e7613a5\",\"name\":\"QG\",\"image\":{\"@type\":\"ImageObject\",\"inLanguage\":\"fr-FR\",\"@id\":\"https:\/\/vosgesinfo.fr\/gerardmerinfo\/#\/schema\/person\/image\/\",\"url\":\"https:\/\/secure.gravatar.com\/avatar\/ea80c42c204b534408512832fde52504ecabb9706bcb6151cf6175e5b64e6793?s=96&d=mm&r=g\",\"contentUrl\":\"https:\/\/secure.gravatar.com\/avatar\/ea80c42c204b534408512832fde52504ecabb9706bcb6151cf6175e5b64e6793?s=96&d=mm&r=g\",\"caption\":\"QG\"},\"url\":\"https:\/\/vosgesinfo.fr\/gerardmerinfo\/author\/quentin88\/\"}]}<\/script>\n<!-- \/ Yoast SEO plugin. -->","yoast_head_json":{"title":"Roule ma poule ! (oui mais en v\u00e9lo...) - Gerardmer Info","robots":{"index":"index","follow":"follow","max-snippet":"max-snippet:-1","max-image-preview":"max-image-preview:large","max-video-preview":"max-video-preview:-1"},"canonical":"https:\/\/vosgesinfo.fr\/gerardmerinfo\/2016\/04\/roule-poule-oui-velo\/","twitter_card":"summary_large_image","twitter_title":"Roule ma poule ! (oui mais en v\u00e9lo...) - Gerardmer Info","twitter_description":"&nbsp; Avec le beau temps qui a r\u00e9gn\u00e9 sur ce week-end et en d\u00e9pit de la fra\u00eecheur qui persiste, les [&hellip;]","twitter_image":"https:\/\/vosgesinfo.fr\/app\/uploads\/sites\/6\/2024\/07\/201604bourse-aux-velos-2016-2.jpg","twitter_creator":"@VosgesInfo88","twitter_site":"@VosgesInfo88","twitter_misc":{"\u00c9crit par":"QG","Dur\u00e9e de lecture estim\u00e9e":"1 minute"},"schema":{"@context":"https:\/\/schema.org","@graph":[{"@type":"Article","@id":"https:\/\/vosgesinfo.fr\/gerardmerinfo\/2016\/04\/roule-poule-oui-velo\/#article","isPartOf":{"@id":"https:\/\/vosgesinfo.fr\/gerardmerinfo\/2016\/04\/roule-poule-oui-velo\/"},"author":{"name":"QG","@id":"https:\/\/vosgesinfo.fr\/gerardmerinfo\/#\/schema\/person\/db5605779a843dad16b5368f3e7613a5"},"headline":"Roule ma poule ! (oui mais en v\u00e9lo&#8230;)","datePublished":"2016-04-11T14:29:24+00:00","dateModified":"2016-04-11T14:29:24+00:00","mainEntityOfPage":{"@id":"https:\/\/vosgesinfo.fr\/gerardmerinfo\/2016\/04\/roule-poule-oui-velo\/"},"wordCount":265,"commentCount":0,"publisher":{"@id":"https:\/\/vosgesinfo.fr\/gerardmerinfo\/#organization"},"image":{"@id":"https:\/\/vosgesinfo.fr\/gerardmerinfo\/2016\/04\/roule-poule-oui-velo\/#primaryimage"},"thumbnailUrl":"https:\/\/vosgesinfo.fr\/app\/uploads\/sites\/6\/2024\/07\/201604bourse-aux-velos-2016-2.jpg","keywords":["bourse aux v\u00e9los","cyclotourisme","G\u00e9rardmer"],"articleSection":["Sport","Vie Associative"],"inLanguage":"fr-FR","potentialAction":[{"@type":"CommentAction","name":"Comment","target":["https:\/\/vosgesinfo.fr\/gerardmerinfo\/2016\/04\/roule-poule-oui-velo\/#respond"]}]},{"@type":"WebPage","@id":"https:\/\/vosgesinfo.fr\/gerardmerinfo\/2016\/04\/roule-poule-oui-velo\/","url":"https:\/\/vosgesinfo.fr\/gerardmerinfo\/2016\/04\/roule-poule-oui-velo\/","name":"Roule ma poule ! (oui mais en v\u00e9lo...) - Gerardmer Info","isPartOf":{"@id":"https:\/\/vosgesinfo.fr\/gerardmerinfo\/#website"},"primaryImageOfPage":{"@id":"https:\/\/vosgesinfo.fr\/gerardmerinfo\/2016\/04\/roule-poule-oui-velo\/#primaryimage"},"image":{"@id":"https:\/\/vosgesinfo.fr\/gerardmerinfo\/2016\/04\/roule-poule-oui-velo\/#primaryimage"},"thumbnailUrl":"https:\/\/vosgesinfo.fr\/app\/uploads\/sites\/6\/2024\/07\/201604bourse-aux-velos-2016-2.jpg","datePublished":"2016-04-11T14:29:24+00:00","dateModified":"2016-04-11T14:29:24+00:00","breadcrumb":{"@id":"https:\/\/vosgesinfo.fr\/gerardmerinfo\/2016\/04\/roule-poule-oui-velo\/#breadcrumb"},"inLanguage":"fr-FR","potentialAction":[{"@type":"ReadAction","target":["https:\/\/vosgesinfo.fr\/gerardmerinfo\/2016\/04\/roule-poule-oui-velo\/"]}]},{"@type":"ImageObject","inLanguage":"fr-FR","@id":"https:\/\/vosgesinfo.fr\/gerardmerinfo\/2016\/04\/roule-poule-oui-velo\/#primaryimage","url":"https:\/\/vosgesinfo.fr\/app\/uploads\/sites\/6\/2024\/07\/201604bourse-aux-velos-2016-2.jpg","contentUrl":"https:\/\/vosgesinfo.fr\/app\/uploads\/sites\/6\/2024\/07\/201604bourse-aux-velos-2016-2.jpg","width":1024,"height":768},{"@type":"BreadcrumbList","@id":"https:\/\/vosgesinfo.fr\/gerardmerinfo\/2016\/04\/roule-poule-oui-velo\/#breadcrumb","itemListElement":[{"@type":"ListItem","position":1,"name":"Home","item":"https:\/\/vosgesinfo.fr\/gerardmerinfo\/"},{"@type":"ListItem","position":2,"name":"Roule ma poule ! (oui mais en v\u00e9lo&#8230;)"}]},{"@type":"WebSite","@id":"https:\/\/vosgesinfo.fr\/gerardmerinfo\/#website","url":"https:\/\/vosgesinfo.fr\/gerardmerinfo\/","name":"Gerardmer Info","description":"Toute l&#039;actualit\u00e9 de G\u00e9rardmer","publisher":{"@id":"https:\/\/vosgesinfo.fr\/gerardmerinfo\/#organization"},"alternateName":"Toute l'actualit\u00e9 de G\u00e9rardmer","potentialAction":[{"@type":"SearchAction","target":{"@type":"EntryPoint","urlTemplate":"https:\/\/vosgesinfo.fr\/gerardmerinfo\/?s={search_term_string}"},"query-input":"required name=search_term_string"}],"inLanguage":"fr-FR"},{"@type":"Organization","@id":"https:\/\/vosgesinfo.fr\/gerardmerinfo\/#organization","name":"Gerardmer Info","url":"https:\/\/vosgesinfo.fr\/gerardmerinfo\/","logo":{"@type":"ImageObject","inLanguage":"fr-FR","@id":"https:\/\/vosgesinfo.fr\/gerardmerinfo\/#\/schema\/logo\/image\/","url":"https:\/\/vosgesinfo.fr\/app\/uploads\/sites\/6\/2023\/08\/favicon-gerardmerinfo.png","contentUrl":"https:\/\/vosgesinfo.fr\/app\/uploads\/sites\/6\/2023\/08\/favicon-gerardmerinfo.png","width":512,"height":512,"caption":"Gerardmer Info"},"image":{"@id":"https:\/\/vosgesinfo.fr\/gerardmerinfo\/#\/schema\/logo\/image\/"},"sameAs":["https:\/\/www.facebook.com\/profile.php?id=100049475262660","https:\/\/x.com\/VosgesInfo88","https:\/\/www.youtube.com\/@vosgesinfo"]},{"@type":"Person","@id":"https:\/\/vosgesinfo.fr\/gerardmerinfo\/#\/schema\/person\/db5605779a843dad16b5368f3e7613a5","name":"QG","image":{"@type":"ImageObject","inLanguage":"fr-FR","@id":"https:\/\/vosgesinfo.fr\/gerardmerinfo\/#\/schema\/person\/image\/","url":"https:\/\/secure.gravatar.com\/avatar\/ea80c42c204b534408512832fde52504ecabb9706bcb6151cf6175e5b64e6793?s=96&d=mm&r=g","contentUrl":"https:\/\/secure.gravatar.com\/avatar\/ea80c42c204b534408512832fde52504ecabb9706bcb6151cf6175e5b64e6793?s=96&d=mm&r=g","caption":"QG"},"url":"https:\/\/vosgesinfo.fr\/gerardmerinfo\/author\/quentin88\/"}]}},"_links":{"self":[{"href":"https:\/\/vosgesinfo.fr\/gerardmerinfo\/wp-json\/wp\/v2\/posts\/18465","targetHints":{"allow":["GET"]}}],"collection":[{"href":"https:\/\/vosgesinfo.fr\/gerardmerinfo\/wp-json\/wp\/v2\/posts"}],"about":[{"href":"https:\/\/vosgesinfo.fr\/gerardmerinfo\/wp-json\/wp\/v2\/types\/post"}],"author":[{"embeddable":true,"href":"https:\/\/vosgesinfo.fr\/gerardmerinfo\/wp-json\/wp\/v2\/users\/42"}],"replies":[{"embeddable":true,"href":"https:\/\/vosgesinfo.fr\/gerardmerinfo\/wp-json\/wp\/v2\/comments?post=18465"}],"version-history":[{"count":0,"href":"https:\/\/vosgesinfo.fr\/gerardmerinfo\/wp-json\/wp\/v2\/posts\/18465\/revisions"}],"wp:featuredmedia":[{"embeddable":true,"href":"https:\/\/vosgesinfo.fr\/gerardmerinfo\/wp-json\/wp\/v2\/media\/18466"}],"wp:attachment":[{"href":"https:\/\/vosgesinfo.fr\/gerardmerinfo\/wp-json\/wp\/v2\/media?parent=18465"}],"wp:term":[{"taxonomy":"category","embeddable":true,"href":"https:\/\/vosgesinfo.fr\/gerardmerinfo\/wp-json\/wp\/v2\/categories?post=18465"},{"taxonomy":"post_tag","embeddable":true,"href":"https:\/\/vosgesinfo.fr\/gerardmerinfo\/wp-json\/wp\/v2\/tags?post=18465"}],"curies":[{"name":"wp","href":"https:\/\/api.w.org\/{rel}","templated":true}]}}