{"id":18503,"date":"2016-04-11T16:29:29","date_gmt":"2016-04-11T14:29:29","guid":{"rendered":"https:\/\/vosgesinfo.fr\/gerardmerinfo\/2016\/04\/arac-combat-plus-jamais-dactualite\/"},"modified":"2016-04-11T16:29:29","modified_gmt":"2016-04-11T14:29:29","slug":"arac-combat-plus-jamais-dactualite","status":"publish","type":"post","link":"https:\/\/vosgesinfo.fr\/gerardmerinfo\/2016\/04\/arac-combat-plus-jamais-dactualite\/","title":{"rendered":"ARAC : un combat plus que jamais d&rsquo;actualit\u00e9"},"content":{"rendered":"<div id=\"attachment_81625\" style=\"width: 570px\" class=\"wp-caption aligncenter\"><a href=\"\/2016\/04\/AG-ARAC88-2016.jpg\"><img decoding=\"async\" aria-describedby=\"caption-attachment-81625\" class=\"wp-image-81625\" src=\"\/2016\/04\/AG-ARAC88-2016-1024x768.jpg\" alt=\"Le pr\u00e9sident Michel Gr\u00fcner entour\u00e9 du secr\u00e9taire Francis Bretenoux et du 1er adjoint Jean-Luc Perrot (\u00e0 gauche)\" width=\"560\" height=\"420\" \/><\/a><p id=\"caption-attachment-81625\" class=\"wp-caption-text\"><span style=\"color: #800000;\">Le pr\u00e9sident Michel Gr\u00fcner entour\u00e9 du secr\u00e9taire Francis Bretenoux et du 1er adjoint Jean-Luc Perrot (\u00e0 gauche)<\/span><\/p><\/div>\n<p><strong>Les assises annuelles de l&rsquo;ARAC 88 se sont d\u00e9roul\u00e9es ce dimanche \u00e0 la salle des Armes de la mairie. Une r\u00e9union pr\u00e9sid\u00e9e par Michel Gr\u00fcner dont le constat est sans appel : jamais les valeurs que d\u00e9fend l&rsquo;association n&rsquo;ont autant \u00e9t\u00e9 remises en cause.<\/strong><\/p>\n<p>Mais c&rsquo;est avant tout par une minute de silence en m\u00e9moire des compagnons disparus l&rsquo;an dernier que l&rsquo;assembl\u00e9e g\u00e9n\u00e9rale de l&rsquo;ARAC88 a d\u00e9but\u00e9. Les membres pr\u00e9sents ont donc eu une pens\u00e9e \u00e9mue pour Mich\u00e8le Gr\u00fcner et Claude Degoisne, pr\u00e9sident d&rsquo;honneur de l&rsquo;association qui compte aujourd&rsquo;hui quelques 40 adh\u00e9rents. \u00ab\u00a0Nous avons n\u00e9anmoins recueilli 3 nouvelles adh\u00e9sions cette ann\u00e9e, des personnes qui nous ont rejoints et partagent ces valeurs que sont la paix, l&rsquo;\u00e9galit\u00e9, la solidarit\u00e9, le souvenir et l&rsquo;antifascisme. Et je tiens \u00e0 pr\u00e9ciser que si l&rsquo;ARAC est la premi\u00e8re association r\u00e9publicaine d&rsquo;anciens combattants, elle compte dans ses rangs des non-combattants, c&rsquo;est en partie ce qui fait sa sp\u00e9cificit\u00e9\u00a0\u00bb , pr\u00e9cise Michel Gr\u00fcner.<\/p>\n<p>Autre \u00e9l\u00e9ment qui en fait une association un peu sp\u00e9ciale : son \u00e2ge. L&rsquo;ARAC c\u00e9l\u00e9brera un si\u00e8cle d&rsquo;existence l&rsquo;an prochain en 2017, et cette ann\u00e9e 2016 marque par ailleurs les 100 ans du prix Goncourt de son cofondateur Henri Barbusse pour son roman \u00ab\u00a0Le Feu\u00a0\u00bb . Un r\u00e9cit de la Grande Guerre criant de r\u00e9alisme\u00a0 inspir\u00e9 par la participation aux combats de Barbusse lui-m\u00eame, en 1\u00e8re ligne jusqu&rsquo;en 1916&#8230; L&rsquo;occasion pour le pr\u00e9sident de la section locale de rappeler lors de son intervention que \u00ab\u00a0jamais le risque de conflits mondiaux n&rsquo;a \u00e9t\u00e9 aussi pr\u00e9sent\u00a0\u00bb .<\/p>\n<p>Et d&rsquo;ajouter : \u00ab\u00a0<em>Depuis une d\u00e9cennie, jamais les in\u00e9galit\u00e9s n&rsquo;ont \u00e9t\u00e9 aussi grandes. La mis\u00e8re, les difficult\u00e9s, les vexations touchent des pans entiers de la population, de la ville \u00e0 la campagne. Chaque jour, les valeurs de la R\u00e9publique sont bafou\u00e9es. la Libert\u00e9, l\u2019\u00c9galit\u00e9, la Fraternit\u00e9 deviennent des mots vides de sens. Dans notre pays, au nom du modernisme, on bafoue les principes m\u00eame de la La\u00efcit<\/em>\u00e9\u00a0\u00bb . Libert\u00e9s bafou\u00e9es, explosion des in\u00e9galit\u00e9s, ch\u00f4mage qui grandit \u00ab\u00a0<em>remise en cause du code du travail qui nous ram\u00e8ne au 19\u00e8me si\u00e8cle<\/em>\u00a0\u00bb , droits du travail en p\u00e9ril, l&rsquo;ARAC est plus que jamais sur la br\u00e8che, son combat est plus que jamais d&rsquo;actualit\u00e9.<\/p>\n<p>\u00ab\u00a0<em>L&rsquo;ARAC a une responsabilit\u00e9 particuli\u00e8re, elle est engag\u00e9e depuis sa naissance dans la lutte contre la guerre, \u00e0 d\u00e9noncer les causes imp\u00e9rialistes des guerres. Elle qui a fait, en son temps, du combat de la reconnaissance des droits des ACVG, son combat pour l&rsquo;\u00e9galit\u00e9 sociale, la justice \u00e0 l&rsquo;\u00e9gard des combattants et de leurs familles. Ses conditions \u00e9voluent, si l&rsquo;\u00e9quation du combat est modifi\u00e9e, le r\u00e9sultat pour moins d&rsquo;in\u00e9galit\u00e9s, moins d&rsquo;injustices, plus de respect, plus de r\u00e9partition des richesses, est un combat d&rsquo;actualit\u00e9. Dans la r\u00e9organisation du capitalisme aujourd&rsquo;hui, \u00e0 l&rsquo;\u00e9chelle de la plan\u00e8te, ce que l&rsquo;on appelle la mondialisation est une v\u00e9ritable op\u00e9ration de lavage de cerveau, une v\u00e9ritable bataille id\u00e9ologique est organis\u00e9e<\/em>\u00a0\u00bb , insiste Michel Gr\u00fcner.<\/p>\n<p>Le message est clair. Pour conclure, \u00e9voquons enfin la demande de l&rsquo;ARAC88 de baptiser une place de la ville du \u00ab\u00a019 mars 1962\u00a0\u00bb , date du cessez le feu en Alg\u00e9rie qui repr\u00e9sente aussi pour certains la fin de la colonisation. Une demande qui a essuy\u00e9 un refus de la part de la Municipalit\u00e9. Une d\u00e9cision qui, selon les \u00e9lus pr\u00e9sents et le maire de\u00a0 G\u00e9rardmer \u00e0 travers son courrier, n&rsquo;a rien de politique. Il s&rsquo;agirait plut\u00f4t de \u00ab\u00a0<em>ne pas multiplier et disperser les lieux de comm\u00e9moration<\/em>\u00a0\u00bb , la mairie ayant traditionnellement reconnu cette date du 19 mars 1962, m\u00eame s&rsquo;il y a encore eu des victimes du conflit par la suite. La d\u00e9ception \u00e9tait grande cependant dans les rangs de l&rsquo;ARAC qui a d\u00e9plor\u00e9 que la Municipalit\u00e9 ne consulte pas des anciens combattants d&rsquo;Alg\u00e9rie avant de proc\u00e9der au vote&#8230;<\/p>\n","protected":false},"excerpt":{"rendered":"<p>Les assises annuelles de l&rsquo;ARAC 88 se sont d\u00e9roul\u00e9es ce dimanche \u00e0 la salle des Armes de la mairie. Une [&hellip;]<\/p>\n","protected":false},"author":42,"featured_media":18504,"comment_status":"open","ping_status":"open","sticky":false,"template":"","format":"standard","meta":{"footnotes":""},"categories":[13,17],"tags":[1965,197],"class_list":["post-18503","post","type-post","status-publish","format-standard","has-post-thumbnail","hentry","category-societe","category-vie-associative","tag-arac88","tag-assemblee-generale"],"acf":[],"yoast_head":"<!-- This site is optimized with the Yoast SEO plugin v22.5 - https:\/\/yoast.com\/wordpress\/plugins\/seo\/ -->\n<title>ARAC : un combat plus que jamais d&#039;actualit\u00e9 - Gerardmer Info<\/title>\n<meta name=\"robots\" content=\"index, follow, max-snippet:-1, max-image-preview:large, max-video-preview:-1\" \/>\n<link rel=\"canonical\" href=\"https:\/\/vosgesinfo.fr\/gerardmerinfo\/2016\/04\/arac-combat-plus-jamais-dactualite\/\" \/>\n<meta name=\"twitter:card\" content=\"summary_large_image\" \/>\n<meta name=\"twitter:title\" content=\"ARAC : un combat plus que jamais d&#039;actualit\u00e9 - Gerardmer Info\" \/>\n<meta name=\"twitter:description\" content=\"Les assises annuelles de l&rsquo;ARAC 88 se sont d\u00e9roul\u00e9es ce dimanche \u00e0 la salle des Armes de la mairie. Une [&hellip;]\" \/>\n<meta name=\"twitter:image\" content=\"https:\/\/vosgesinfo.fr\/app\/uploads\/sites\/6\/2024\/07\/201604ag-arac88-2016.jpg\" \/>\n<meta name=\"twitter:creator\" content=\"@VosgesInfo88\" \/>\n<meta name=\"twitter:site\" content=\"@VosgesInfo88\" \/>\n<meta name=\"twitter:label1\" content=\"\u00c9crit par\" \/>\n\t<meta name=\"twitter:data1\" content=\"QG\" \/>\n\t<meta name=\"twitter:label2\" content=\"Dur\u00e9e de lecture estim\u00e9e\" \/>\n\t<meta name=\"twitter:data2\" content=\"4 minutes\" \/>\n<script type=\"application\/ld+json\" class=\"yoast-schema-graph\">{\"@context\":\"https:\/\/schema.org\",\"@graph\":[{\"@type\":\"Article\",\"@id\":\"https:\/\/vosgesinfo.fr\/gerardmerinfo\/2016\/04\/arac-combat-plus-jamais-dactualite\/#article\",\"isPartOf\":{\"@id\":\"https:\/\/vosgesinfo.fr\/gerardmerinfo\/2016\/04\/arac-combat-plus-jamais-dactualite\/\"},\"author\":{\"name\":\"QG\",\"@id\":\"https:\/\/vosgesinfo.fr\/gerardmerinfo\/#\/schema\/person\/db5605779a843dad16b5368f3e7613a5\"},\"headline\":\"ARAC : un combat plus que jamais d&rsquo;actualit\u00e9\",\"datePublished\":\"2016-04-11T14:29:29+00:00\",\"dateModified\":\"2016-04-11T14:29:29+00:00\",\"mainEntityOfPage\":{\"@id\":\"https:\/\/vosgesinfo.fr\/gerardmerinfo\/2016\/04\/arac-combat-plus-jamais-dactualite\/\"},\"wordCount\":751,\"commentCount\":0,\"publisher\":{\"@id\":\"https:\/\/vosgesinfo.fr\/gerardmerinfo\/#organization\"},\"image\":{\"@id\":\"https:\/\/vosgesinfo.fr\/gerardmerinfo\/2016\/04\/arac-combat-plus-jamais-dactualite\/#primaryimage\"},\"thumbnailUrl\":\"https:\/\/vosgesinfo.fr\/app\/uploads\/sites\/6\/2024\/07\/201604ag-arac88-2016.jpg\",\"keywords\":[\"ARAC88\",\"Assembl\u00e9e G\u00e9n\u00e9rale\"],\"articleSection\":[\"Soci\u00e9t\u00e9\",\"Vie Associative\"],\"inLanguage\":\"fr-FR\",\"potentialAction\":[{\"@type\":\"CommentAction\",\"name\":\"Comment\",\"target\":[\"https:\/\/vosgesinfo.fr\/gerardmerinfo\/2016\/04\/arac-combat-plus-jamais-dactualite\/#respond\"]}]},{\"@type\":\"WebPage\",\"@id\":\"https:\/\/vosgesinfo.fr\/gerardmerinfo\/2016\/04\/arac-combat-plus-jamais-dactualite\/\",\"url\":\"https:\/\/vosgesinfo.fr\/gerardmerinfo\/2016\/04\/arac-combat-plus-jamais-dactualite\/\",\"name\":\"ARAC : un combat plus que jamais d'actualit\u00e9 - Gerardmer Info\",\"isPartOf\":{\"@id\":\"https:\/\/vosgesinfo.fr\/gerardmerinfo\/#website\"},\"primaryImageOfPage\":{\"@id\":\"https:\/\/vosgesinfo.fr\/gerardmerinfo\/2016\/04\/arac-combat-plus-jamais-dactualite\/#primaryimage\"},\"image\":{\"@id\":\"https:\/\/vosgesinfo.fr\/gerardmerinfo\/2016\/04\/arac-combat-plus-jamais-dactualite\/#primaryimage\"},\"thumbnailUrl\":\"https:\/\/vosgesinfo.fr\/app\/uploads\/sites\/6\/2024\/07\/201604ag-arac88-2016.jpg\",\"datePublished\":\"2016-04-11T14:29:29+00:00\",\"dateModified\":\"2016-04-11T14:29:29+00:00\",\"breadcrumb\":{\"@id\":\"https:\/\/vosgesinfo.fr\/gerardmerinfo\/2016\/04\/arac-combat-plus-jamais-dactualite\/#breadcrumb\"},\"inLanguage\":\"fr-FR\",\"potentialAction\":[{\"@type\":\"ReadAction\",\"target\":[\"https:\/\/vosgesinfo.fr\/gerardmerinfo\/2016\/04\/arac-combat-plus-jamais-dactualite\/\"]}]},{\"@type\":\"ImageObject\",\"inLanguage\":\"fr-FR\",\"@id\":\"https:\/\/vosgesinfo.fr\/gerardmerinfo\/2016\/04\/arac-combat-plus-jamais-dactualite\/#primaryimage\",\"url\":\"https:\/\/vosgesinfo.fr\/app\/uploads\/sites\/6\/2024\/07\/201604ag-arac88-2016.jpg\",\"contentUrl\":\"https:\/\/vosgesinfo.fr\/app\/uploads\/sites\/6\/2024\/07\/201604ag-arac88-2016.jpg\",\"width\":1024,\"height\":768},{\"@type\":\"BreadcrumbList\",\"@id\":\"https:\/\/vosgesinfo.fr\/gerardmerinfo\/2016\/04\/arac-combat-plus-jamais-dactualite\/#breadcrumb\",\"itemListElement\":[{\"@type\":\"ListItem\",\"position\":1,\"name\":\"Home\",\"item\":\"https:\/\/vosgesinfo.fr\/gerardmerinfo\/\"},{\"@type\":\"ListItem\",\"position\":2,\"name\":\"ARAC : un combat plus que jamais d&rsquo;actualit\u00e9\"}]},{\"@type\":\"WebSite\",\"@id\":\"https:\/\/vosgesinfo.fr\/gerardmerinfo\/#website\",\"url\":\"https:\/\/vosgesinfo.fr\/gerardmerinfo\/\",\"name\":\"Gerardmer Info\",\"description\":\"Toute l&#039;actualit\u00e9 de G\u00e9rardmer\",\"publisher\":{\"@id\":\"https:\/\/vosgesinfo.fr\/gerardmerinfo\/#organization\"},\"alternateName\":\"Toute l'actualit\u00e9 de G\u00e9rardmer\",\"potentialAction\":[{\"@type\":\"SearchAction\",\"target\":{\"@type\":\"EntryPoint\",\"urlTemplate\":\"https:\/\/vosgesinfo.fr\/gerardmerinfo\/?s={search_term_string}\"},\"query-input\":\"required name=search_term_string\"}],\"inLanguage\":\"fr-FR\"},{\"@type\":\"Organization\",\"@id\":\"https:\/\/vosgesinfo.fr\/gerardmerinfo\/#organization\",\"name\":\"Gerardmer Info\",\"url\":\"https:\/\/vosgesinfo.fr\/gerardmerinfo\/\",\"logo\":{\"@type\":\"ImageObject\",\"inLanguage\":\"fr-FR\",\"@id\":\"https:\/\/vosgesinfo.fr\/gerardmerinfo\/#\/schema\/logo\/image\/\",\"url\":\"https:\/\/vosgesinfo.fr\/app\/uploads\/sites\/6\/2023\/08\/favicon-gerardmerinfo.png\",\"contentUrl\":\"https:\/\/vosgesinfo.fr\/app\/uploads\/sites\/6\/2023\/08\/favicon-gerardmerinfo.png\",\"width\":512,\"height\":512,\"caption\":\"Gerardmer Info\"},\"image\":{\"@id\":\"https:\/\/vosgesinfo.fr\/gerardmerinfo\/#\/schema\/logo\/image\/\"},\"sameAs\":[\"https:\/\/www.facebook.com\/profile.php?id=100049475262660\",\"https:\/\/x.com\/VosgesInfo88\",\"https:\/\/www.youtube.com\/@vosgesinfo\"]},{\"@type\":\"Person\",\"@id\":\"https:\/\/vosgesinfo.fr\/gerardmerinfo\/#\/schema\/person\/db5605779a843dad16b5368f3e7613a5\",\"name\":\"QG\",\"image\":{\"@type\":\"ImageObject\",\"inLanguage\":\"fr-FR\",\"@id\":\"https:\/\/vosgesinfo.fr\/gerardmerinfo\/#\/schema\/person\/image\/\",\"url\":\"https:\/\/secure.gravatar.com\/avatar\/ea80c42c204b534408512832fde52504ecabb9706bcb6151cf6175e5b64e6793?s=96&d=mm&r=g\",\"contentUrl\":\"https:\/\/secure.gravatar.com\/avatar\/ea80c42c204b534408512832fde52504ecabb9706bcb6151cf6175e5b64e6793?s=96&d=mm&r=g\",\"caption\":\"QG\"},\"url\":\"https:\/\/vosgesinfo.fr\/gerardmerinfo\/author\/quentin88\/\"}]}<\/script>\n<!-- \/ Yoast SEO plugin. -->","yoast_head_json":{"title":"ARAC : un combat plus que jamais d'actualit\u00e9 - Gerardmer Info","robots":{"index":"index","follow":"follow","max-snippet":"max-snippet:-1","max-image-preview":"max-image-preview:large","max-video-preview":"max-video-preview:-1"},"canonical":"https:\/\/vosgesinfo.fr\/gerardmerinfo\/2016\/04\/arac-combat-plus-jamais-dactualite\/","twitter_card":"summary_large_image","twitter_title":"ARAC : un combat plus que jamais d'actualit\u00e9 - Gerardmer Info","twitter_description":"Les assises annuelles de l&rsquo;ARAC 88 se sont d\u00e9roul\u00e9es ce dimanche \u00e0 la salle des Armes de la mairie. Une [&hellip;]","twitter_image":"https:\/\/vosgesinfo.fr\/app\/uploads\/sites\/6\/2024\/07\/201604ag-arac88-2016.jpg","twitter_creator":"@VosgesInfo88","twitter_site":"@VosgesInfo88","twitter_misc":{"\u00c9crit par":"QG","Dur\u00e9e de lecture estim\u00e9e":"4 minutes"},"schema":{"@context":"https:\/\/schema.org","@graph":[{"@type":"Article","@id":"https:\/\/vosgesinfo.fr\/gerardmerinfo\/2016\/04\/arac-combat-plus-jamais-dactualite\/#article","isPartOf":{"@id":"https:\/\/vosgesinfo.fr\/gerardmerinfo\/2016\/04\/arac-combat-plus-jamais-dactualite\/"},"author":{"name":"QG","@id":"https:\/\/vosgesinfo.fr\/gerardmerinfo\/#\/schema\/person\/db5605779a843dad16b5368f3e7613a5"},"headline":"ARAC : un combat plus que jamais d&rsquo;actualit\u00e9","datePublished":"2016-04-11T14:29:29+00:00","dateModified":"2016-04-11T14:29:29+00:00","mainEntityOfPage":{"@id":"https:\/\/vosgesinfo.fr\/gerardmerinfo\/2016\/04\/arac-combat-plus-jamais-dactualite\/"},"wordCount":751,"commentCount":0,"publisher":{"@id":"https:\/\/vosgesinfo.fr\/gerardmerinfo\/#organization"},"image":{"@id":"https:\/\/vosgesinfo.fr\/gerardmerinfo\/2016\/04\/arac-combat-plus-jamais-dactualite\/#primaryimage"},"thumbnailUrl":"https:\/\/vosgesinfo.fr\/app\/uploads\/sites\/6\/2024\/07\/201604ag-arac88-2016.jpg","keywords":["ARAC88","Assembl\u00e9e G\u00e9n\u00e9rale"],"articleSection":["Soci\u00e9t\u00e9","Vie Associative"],"inLanguage":"fr-FR","potentialAction":[{"@type":"CommentAction","name":"Comment","target":["https:\/\/vosgesinfo.fr\/gerardmerinfo\/2016\/04\/arac-combat-plus-jamais-dactualite\/#respond"]}]},{"@type":"WebPage","@id":"https:\/\/vosgesinfo.fr\/gerardmerinfo\/2016\/04\/arac-combat-plus-jamais-dactualite\/","url":"https:\/\/vosgesinfo.fr\/gerardmerinfo\/2016\/04\/arac-combat-plus-jamais-dactualite\/","name":"ARAC : un combat plus que jamais d'actualit\u00e9 - Gerardmer Info","isPartOf":{"@id":"https:\/\/vosgesinfo.fr\/gerardmerinfo\/#website"},"primaryImageOfPage":{"@id":"https:\/\/vosgesinfo.fr\/gerardmerinfo\/2016\/04\/arac-combat-plus-jamais-dactualite\/#primaryimage"},"image":{"@id":"https:\/\/vosgesinfo.fr\/gerardmerinfo\/2016\/04\/arac-combat-plus-jamais-dactualite\/#primaryimage"},"thumbnailUrl":"https:\/\/vosgesinfo.fr\/app\/uploads\/sites\/6\/2024\/07\/201604ag-arac88-2016.jpg","datePublished":"2016-04-11T14:29:29+00:00","dateModified":"2016-04-11T14:29:29+00:00","breadcrumb":{"@id":"https:\/\/vosgesinfo.fr\/gerardmerinfo\/2016\/04\/arac-combat-plus-jamais-dactualite\/#breadcrumb"},"inLanguage":"fr-FR","potentialAction":[{"@type":"ReadAction","target":["https:\/\/vosgesinfo.fr\/gerardmerinfo\/2016\/04\/arac-combat-plus-jamais-dactualite\/"]}]},{"@type":"ImageObject","inLanguage":"fr-FR","@id":"https:\/\/vosgesinfo.fr\/gerardmerinfo\/2016\/04\/arac-combat-plus-jamais-dactualite\/#primaryimage","url":"https:\/\/vosgesinfo.fr\/app\/uploads\/sites\/6\/2024\/07\/201604ag-arac88-2016.jpg","contentUrl":"https:\/\/vosgesinfo.fr\/app\/uploads\/sites\/6\/2024\/07\/201604ag-arac88-2016.jpg","width":1024,"height":768},{"@type":"BreadcrumbList","@id":"https:\/\/vosgesinfo.fr\/gerardmerinfo\/2016\/04\/arac-combat-plus-jamais-dactualite\/#breadcrumb","itemListElement":[{"@type":"ListItem","position":1,"name":"Home","item":"https:\/\/vosgesinfo.fr\/gerardmerinfo\/"},{"@type":"ListItem","position":2,"name":"ARAC : un combat plus que jamais d&rsquo;actualit\u00e9"}]},{"@type":"WebSite","@id":"https:\/\/vosgesinfo.fr\/gerardmerinfo\/#website","url":"https:\/\/vosgesinfo.fr\/gerardmerinfo\/","name":"Gerardmer Info","description":"Toute l&#039;actualit\u00e9 de G\u00e9rardmer","publisher":{"@id":"https:\/\/vosgesinfo.fr\/gerardmerinfo\/#organization"},"alternateName":"Toute l'actualit\u00e9 de G\u00e9rardmer","potentialAction":[{"@type":"SearchAction","target":{"@type":"EntryPoint","urlTemplate":"https:\/\/vosgesinfo.fr\/gerardmerinfo\/?s={search_term_string}"},"query-input":"required name=search_term_string"}],"inLanguage":"fr-FR"},{"@type":"Organization","@id":"https:\/\/vosgesinfo.fr\/gerardmerinfo\/#organization","name":"Gerardmer Info","url":"https:\/\/vosgesinfo.fr\/gerardmerinfo\/","logo":{"@type":"ImageObject","inLanguage":"fr-FR","@id":"https:\/\/vosgesinfo.fr\/gerardmerinfo\/#\/schema\/logo\/image\/","url":"https:\/\/vosgesinfo.fr\/app\/uploads\/sites\/6\/2023\/08\/favicon-gerardmerinfo.png","contentUrl":"https:\/\/vosgesinfo.fr\/app\/uploads\/sites\/6\/2023\/08\/favicon-gerardmerinfo.png","width":512,"height":512,"caption":"Gerardmer Info"},"image":{"@id":"https:\/\/vosgesinfo.fr\/gerardmerinfo\/#\/schema\/logo\/image\/"},"sameAs":["https:\/\/www.facebook.com\/profile.php?id=100049475262660","https:\/\/x.com\/VosgesInfo88","https:\/\/www.youtube.com\/@vosgesinfo"]},{"@type":"Person","@id":"https:\/\/vosgesinfo.fr\/gerardmerinfo\/#\/schema\/person\/db5605779a843dad16b5368f3e7613a5","name":"QG","image":{"@type":"ImageObject","inLanguage":"fr-FR","@id":"https:\/\/vosgesinfo.fr\/gerardmerinfo\/#\/schema\/person\/image\/","url":"https:\/\/secure.gravatar.com\/avatar\/ea80c42c204b534408512832fde52504ecabb9706bcb6151cf6175e5b64e6793?s=96&d=mm&r=g","contentUrl":"https:\/\/secure.gravatar.com\/avatar\/ea80c42c204b534408512832fde52504ecabb9706bcb6151cf6175e5b64e6793?s=96&d=mm&r=g","caption":"QG"},"url":"https:\/\/vosgesinfo.fr\/gerardmerinfo\/author\/quentin88\/"}]}},"_links":{"self":[{"href":"https:\/\/vosgesinfo.fr\/gerardmerinfo\/wp-json\/wp\/v2\/posts\/18503","targetHints":{"allow":["GET"]}}],"collection":[{"href":"https:\/\/vosgesinfo.fr\/gerardmerinfo\/wp-json\/wp\/v2\/posts"}],"about":[{"href":"https:\/\/vosgesinfo.fr\/gerardmerinfo\/wp-json\/wp\/v2\/types\/post"}],"author":[{"embeddable":true,"href":"https:\/\/vosgesinfo.fr\/gerardmerinfo\/wp-json\/wp\/v2\/users\/42"}],"replies":[{"embeddable":true,"href":"https:\/\/vosgesinfo.fr\/gerardmerinfo\/wp-json\/wp\/v2\/comments?post=18503"}],"version-history":[{"count":0,"href":"https:\/\/vosgesinfo.fr\/gerardmerinfo\/wp-json\/wp\/v2\/posts\/18503\/revisions"}],"wp:featuredmedia":[{"embeddable":true,"href":"https:\/\/vosgesinfo.fr\/gerardmerinfo\/wp-json\/wp\/v2\/media\/18504"}],"wp:attachment":[{"href":"https:\/\/vosgesinfo.fr\/gerardmerinfo\/wp-json\/wp\/v2\/media?parent=18503"}],"wp:term":[{"taxonomy":"category","embeddable":true,"href":"https:\/\/vosgesinfo.fr\/gerardmerinfo\/wp-json\/wp\/v2\/categories?post=18503"},{"taxonomy":"post_tag","embeddable":true,"href":"https:\/\/vosgesinfo.fr\/gerardmerinfo\/wp-json\/wp\/v2\/tags?post=18503"}],"curies":[{"name":"wp","href":"https:\/\/api.w.org\/{rel}","templated":true}]}}