{"id":20906,"date":"2016-08-05T16:11:20","date_gmt":"2016-08-05T14:11:20","guid":{"rendered":"https:\/\/vosgesinfo.fr\/gerardmerinfo\/2016\/08\/lile-tresor-comedie-fol-espoir\/"},"modified":"2016-08-05T16:11:20","modified_gmt":"2016-08-05T14:11:20","slug":"lile-tresor-comedie-fol-espoir","status":"publish","type":"post","link":"https:\/\/vosgesinfo.fr\/gerardmerinfo\/2016\/08\/lile-tresor-comedie-fol-espoir\/","title":{"rendered":"\u00ab\u00a0L\u00eele au tr\u00e9sor\u00a0\u00bb avec \u00ab\u00a0La Com\u00e9die du Fol Espoir\u00a0\u00bb"},"content":{"rendered":"<h2 class=\"tribe-events-single-event-title\">Rendez-vous au quai du Locle samedi pour un nouveau spectacle de \u00ab\u00a0Un \u00e9t\u00e9 au bord du lac !\u00a0\u00bb<\/h2>\n<div class=\"tribe-events-single-event-description tribe-events-content\">\n<p><strong>Com\u00e9die du Fol Espoir : <br class=\"none\" \/><br class=\"none\" \/><\/strong><em><a href=\"\/2016\/08\/fol-espoir.jpg\"><img decoding=\"async\" class=\"alignright size-medium wp-image-92602\" src=\"\/2016\/08\/fol-espoir-383x255.jpg\" alt=\"fol espoir\" width=\"383\" height=\"255\" \/><\/a>\u00ab\u00a0Mesdames et messieurs, bonsoir !\u00a0Nous sommes heureux de vous accueillir\u00a0pour vous conter la fabuleuse histoire de\u00a0L\u2019\u00eele au tr\u00e9sor. Une histoire pleine de pirates\u00a0au grand coeur, d\u2019amiti\u00e9, de trahison, de rhum\u00a0et d\u2019aventures ! Venez \u00e9couter l\u2019\u00e9pop\u00e9e\u00a0du jeune Jim Hawkins, gar\u00e7on r\u00eaveur \u00e0 la\u00a0vie monotone qu\u2019un vieux loup de mer vint\u00a0bouleverser en le poussant \u00e0 s\u2019\u00e9lancer \u00e0 la\u00a0recherche d\u2019un tr\u00e9sor perdu.\u00a0Un spectacle explosif, o\u00f9 les deux com\u00e9diens\u00a0interpr\u00e8tent 15 personnages en changeant\u00a0de costume \u00e0 une vitesse vertigineuse.\u00a0Un spectacle populaire, r\u00e9solument tout public,\u00a0o\u00f9 le rire est au rendez-vous.\u00a0Masques, escrime, mime, acrobaties, chants,\u00a0sont au service de l\u2019oeuvre pour permettre\u00a0au public de se laisser embarquer dans cette<strong>\u00a0<\/strong>histoire rocambolesque.\u00a0\u00bb<\/em><br class=\"none\" \/><br class=\"none\" \/>Repli en cas d\u2019intemp\u00e9ries : MCL,\u00a01, bld de Saint-Di\u00e9<\/p>\n<\/div>\n<h3 class=\"tribe-events-single-event-title\">L\u2019 \u00ceLE AU TRESOR<\/h3>\n<div class=\"tribe-events-schedule tribe-clearfix\">\n<p><span class=\"tribe-event-date-start\">6 ao\u00fbt \u00e0 17 h 30 min<\/span> &#8211; <span class=\"tribe-event-time\">18 h 30 min<\/span><\/p>\n<p><span style=\"color: #800000;\"><strong><span class=\"tribe-events-divider\">|<\/span> <span class=\"tribe-events-cost\">Gratuit<\/span><\/strong><\/span><\/p>\n<\/div>\n","protected":false},"excerpt":{"rendered":"<p>Rendez-vous au quai du Locle samedi pour un nouveau spectacle de \u00ab\u00a0Un \u00e9t\u00e9 au bord du lac !\u00a0\u00bb Com\u00e9die du [&hellip;]<\/p>\n","protected":false},"author":42,"featured_media":20907,"comment_status":"open","ping_status":"open","sticky":false,"template":"","format":"standard","meta":{"footnotes":""},"categories":[20,4],"tags":[2426,2417,367],"class_list":["post-20906","post","type-post","status-publish","format-standard","has-post-thumbnail","hentry","category-a-la-une","category-culture","tag-comedie-du-fol-espoir","tag-quai-du-locle","tag-un-ete-au-bord-du-lac"],"acf":[],"yoast_head":"<!-- This site is optimized with the Yoast SEO plugin v22.5 - https:\/\/yoast.com\/wordpress\/plugins\/seo\/ -->\n<title>&quot;L\u00eele au tr\u00e9sor&quot; avec &quot;La Com\u00e9die du Fol Espoir&quot; - Gerardmer Info<\/title>\n<meta name=\"robots\" content=\"index, follow, max-snippet:-1, max-image-preview:large, max-video-preview:-1\" \/>\n<link rel=\"canonical\" href=\"https:\/\/vosgesinfo.fr\/gerardmerinfo\/2016\/08\/lile-tresor-comedie-fol-espoir\/\" \/>\n<meta name=\"twitter:card\" content=\"summary_large_image\" \/>\n<meta name=\"twitter:title\" content=\"&quot;L\u00eele au tr\u00e9sor&quot; avec &quot;La Com\u00e9die du Fol Espoir&quot; - Gerardmer Info\" \/>\n<meta name=\"twitter:description\" content=\"Rendez-vous au quai du Locle samedi pour un nouveau spectacle de \u00ab\u00a0Un \u00e9t\u00e9 au bord du lac !\u00a0\u00bb Com\u00e9die du [&hellip;]\" \/>\n<meta name=\"twitter:image\" content=\"https:\/\/vosgesinfo.fr\/app\/uploads\/sites\/6\/2024\/07\/201608fol-espoir.jpg\" \/>\n<meta name=\"twitter:creator\" content=\"@VosgesInfo88\" \/>\n<meta name=\"twitter:site\" content=\"@VosgesInfo88\" \/>\n<meta name=\"twitter:label1\" content=\"\u00c9crit par\" \/>\n\t<meta name=\"twitter:data1\" content=\"QG\" \/>\n\t<meta name=\"twitter:label2\" content=\"Dur\u00e9e de lecture estim\u00e9e\" \/>\n\t<meta name=\"twitter:data2\" content=\"1 minute\" \/>\n<script type=\"application\/ld+json\" class=\"yoast-schema-graph\">{\"@context\":\"https:\/\/schema.org\",\"@graph\":[{\"@type\":\"Article\",\"@id\":\"https:\/\/vosgesinfo.fr\/gerardmerinfo\/2016\/08\/lile-tresor-comedie-fol-espoir\/#article\",\"isPartOf\":{\"@id\":\"https:\/\/vosgesinfo.fr\/gerardmerinfo\/2016\/08\/lile-tresor-comedie-fol-espoir\/\"},\"author\":{\"name\":\"QG\",\"@id\":\"https:\/\/vosgesinfo.fr\/gerardmerinfo\/#\/schema\/person\/db5605779a843dad16b5368f3e7613a5\"},\"headline\":\"\u00ab\u00a0L\u00eele au tr\u00e9sor\u00a0\u00bb avec \u00ab\u00a0La Com\u00e9die du Fol Espoir\u00a0\u00bb\",\"datePublished\":\"2016-08-05T14:11:20+00:00\",\"dateModified\":\"2016-08-05T14:11:20+00:00\",\"mainEntityOfPage\":{\"@id\":\"https:\/\/vosgesinfo.fr\/gerardmerinfo\/2016\/08\/lile-tresor-comedie-fol-espoir\/\"},\"wordCount\":185,\"commentCount\":0,\"publisher\":{\"@id\":\"https:\/\/vosgesinfo.fr\/gerardmerinfo\/#organization\"},\"image\":{\"@id\":\"https:\/\/vosgesinfo.fr\/gerardmerinfo\/2016\/08\/lile-tresor-comedie-fol-espoir\/#primaryimage\"},\"thumbnailUrl\":\"https:\/\/vosgesinfo.fr\/app\/uploads\/sites\/6\/2024\/07\/201608fol-espoir.jpg\",\"keywords\":[\"com\u00e9die du fol espoir\",\"quai du Locle\",\"Un Ete au bord du lac\"],\"articleSection\":[\"A la une\",\"Culture\"],\"inLanguage\":\"fr-FR\",\"potentialAction\":[{\"@type\":\"CommentAction\",\"name\":\"Comment\",\"target\":[\"https:\/\/vosgesinfo.fr\/gerardmerinfo\/2016\/08\/lile-tresor-comedie-fol-espoir\/#respond\"]}]},{\"@type\":\"WebPage\",\"@id\":\"https:\/\/vosgesinfo.fr\/gerardmerinfo\/2016\/08\/lile-tresor-comedie-fol-espoir\/\",\"url\":\"https:\/\/vosgesinfo.fr\/gerardmerinfo\/2016\/08\/lile-tresor-comedie-fol-espoir\/\",\"name\":\"\\\"L\u00eele au tr\u00e9sor\\\" avec \\\"La Com\u00e9die du Fol Espoir\\\" - Gerardmer Info\",\"isPartOf\":{\"@id\":\"https:\/\/vosgesinfo.fr\/gerardmerinfo\/#website\"},\"primaryImageOfPage\":{\"@id\":\"https:\/\/vosgesinfo.fr\/gerardmerinfo\/2016\/08\/lile-tresor-comedie-fol-espoir\/#primaryimage\"},\"image\":{\"@id\":\"https:\/\/vosgesinfo.fr\/gerardmerinfo\/2016\/08\/lile-tresor-comedie-fol-espoir\/#primaryimage\"},\"thumbnailUrl\":\"https:\/\/vosgesinfo.fr\/app\/uploads\/sites\/6\/2024\/07\/201608fol-espoir.jpg\",\"datePublished\":\"2016-08-05T14:11:20+00:00\",\"dateModified\":\"2016-08-05T14:11:20+00:00\",\"breadcrumb\":{\"@id\":\"https:\/\/vosgesinfo.fr\/gerardmerinfo\/2016\/08\/lile-tresor-comedie-fol-espoir\/#breadcrumb\"},\"inLanguage\":\"fr-FR\",\"potentialAction\":[{\"@type\":\"ReadAction\",\"target\":[\"https:\/\/vosgesinfo.fr\/gerardmerinfo\/2016\/08\/lile-tresor-comedie-fol-espoir\/\"]}]},{\"@type\":\"ImageObject\",\"inLanguage\":\"fr-FR\",\"@id\":\"https:\/\/vosgesinfo.fr\/gerardmerinfo\/2016\/08\/lile-tresor-comedie-fol-espoir\/#primaryimage\",\"url\":\"https:\/\/vosgesinfo.fr\/app\/uploads\/sites\/6\/2024\/07\/201608fol-espoir.jpg\",\"contentUrl\":\"https:\/\/vosgesinfo.fr\/app\/uploads\/sites\/6\/2024\/07\/201608fol-espoir.jpg\",\"width\":800,\"height\":533},{\"@type\":\"BreadcrumbList\",\"@id\":\"https:\/\/vosgesinfo.fr\/gerardmerinfo\/2016\/08\/lile-tresor-comedie-fol-espoir\/#breadcrumb\",\"itemListElement\":[{\"@type\":\"ListItem\",\"position\":1,\"name\":\"Home\",\"item\":\"https:\/\/vosgesinfo.fr\/gerardmerinfo\/\"},{\"@type\":\"ListItem\",\"position\":2,\"name\":\"\u00ab\u00a0L\u00eele au tr\u00e9sor\u00a0\u00bb avec \u00ab\u00a0La Com\u00e9die du Fol Espoir\u00a0\u00bb\"}]},{\"@type\":\"WebSite\",\"@id\":\"https:\/\/vosgesinfo.fr\/gerardmerinfo\/#website\",\"url\":\"https:\/\/vosgesinfo.fr\/gerardmerinfo\/\",\"name\":\"Gerardmer Info\",\"description\":\"Toute l&#039;actualit\u00e9 de G\u00e9rardmer\",\"publisher\":{\"@id\":\"https:\/\/vosgesinfo.fr\/gerardmerinfo\/#organization\"},\"alternateName\":\"Toute l'actualit\u00e9 de G\u00e9rardmer\",\"potentialAction\":[{\"@type\":\"SearchAction\",\"target\":{\"@type\":\"EntryPoint\",\"urlTemplate\":\"https:\/\/vosgesinfo.fr\/gerardmerinfo\/?s={search_term_string}\"},\"query-input\":\"required name=search_term_string\"}],\"inLanguage\":\"fr-FR\"},{\"@type\":\"Organization\",\"@id\":\"https:\/\/vosgesinfo.fr\/gerardmerinfo\/#organization\",\"name\":\"Gerardmer Info\",\"url\":\"https:\/\/vosgesinfo.fr\/gerardmerinfo\/\",\"logo\":{\"@type\":\"ImageObject\",\"inLanguage\":\"fr-FR\",\"@id\":\"https:\/\/vosgesinfo.fr\/gerardmerinfo\/#\/schema\/logo\/image\/\",\"url\":\"https:\/\/vosgesinfo.fr\/app\/uploads\/sites\/6\/2023\/08\/favicon-gerardmerinfo.png\",\"contentUrl\":\"https:\/\/vosgesinfo.fr\/app\/uploads\/sites\/6\/2023\/08\/favicon-gerardmerinfo.png\",\"width\":512,\"height\":512,\"caption\":\"Gerardmer Info\"},\"image\":{\"@id\":\"https:\/\/vosgesinfo.fr\/gerardmerinfo\/#\/schema\/logo\/image\/\"},\"sameAs\":[\"https:\/\/www.facebook.com\/profile.php?id=100049475262660\",\"https:\/\/x.com\/VosgesInfo88\",\"https:\/\/www.youtube.com\/@vosgesinfo\"]},{\"@type\":\"Person\",\"@id\":\"https:\/\/vosgesinfo.fr\/gerardmerinfo\/#\/schema\/person\/db5605779a843dad16b5368f3e7613a5\",\"name\":\"QG\",\"image\":{\"@type\":\"ImageObject\",\"inLanguage\":\"fr-FR\",\"@id\":\"https:\/\/vosgesinfo.fr\/gerardmerinfo\/#\/schema\/person\/image\/\",\"url\":\"https:\/\/secure.gravatar.com\/avatar\/ea80c42c204b534408512832fde52504ecabb9706bcb6151cf6175e5b64e6793?s=96&d=mm&r=g\",\"contentUrl\":\"https:\/\/secure.gravatar.com\/avatar\/ea80c42c204b534408512832fde52504ecabb9706bcb6151cf6175e5b64e6793?s=96&d=mm&r=g\",\"caption\":\"QG\"},\"url\":\"https:\/\/vosgesinfo.fr\/gerardmerinfo\/author\/quentin88\/\"}]}<\/script>\n<!-- \/ Yoast SEO plugin. -->","yoast_head_json":{"title":"\"L\u00eele au tr\u00e9sor\" avec \"La Com\u00e9die du Fol Espoir\" - Gerardmer Info","robots":{"index":"index","follow":"follow","max-snippet":"max-snippet:-1","max-image-preview":"max-image-preview:large","max-video-preview":"max-video-preview:-1"},"canonical":"https:\/\/vosgesinfo.fr\/gerardmerinfo\/2016\/08\/lile-tresor-comedie-fol-espoir\/","twitter_card":"summary_large_image","twitter_title":"\"L\u00eele au tr\u00e9sor\" avec \"La Com\u00e9die du Fol Espoir\" - Gerardmer Info","twitter_description":"Rendez-vous au quai du Locle samedi pour un nouveau spectacle de \u00ab\u00a0Un \u00e9t\u00e9 au bord du lac !\u00a0\u00bb Com\u00e9die du [&hellip;]","twitter_image":"https:\/\/vosgesinfo.fr\/app\/uploads\/sites\/6\/2024\/07\/201608fol-espoir.jpg","twitter_creator":"@VosgesInfo88","twitter_site":"@VosgesInfo88","twitter_misc":{"\u00c9crit par":"QG","Dur\u00e9e de lecture estim\u00e9e":"1 minute"},"schema":{"@context":"https:\/\/schema.org","@graph":[{"@type":"Article","@id":"https:\/\/vosgesinfo.fr\/gerardmerinfo\/2016\/08\/lile-tresor-comedie-fol-espoir\/#article","isPartOf":{"@id":"https:\/\/vosgesinfo.fr\/gerardmerinfo\/2016\/08\/lile-tresor-comedie-fol-espoir\/"},"author":{"name":"QG","@id":"https:\/\/vosgesinfo.fr\/gerardmerinfo\/#\/schema\/person\/db5605779a843dad16b5368f3e7613a5"},"headline":"\u00ab\u00a0L\u00eele au tr\u00e9sor\u00a0\u00bb avec \u00ab\u00a0La Com\u00e9die du Fol Espoir\u00a0\u00bb","datePublished":"2016-08-05T14:11:20+00:00","dateModified":"2016-08-05T14:11:20+00:00","mainEntityOfPage":{"@id":"https:\/\/vosgesinfo.fr\/gerardmerinfo\/2016\/08\/lile-tresor-comedie-fol-espoir\/"},"wordCount":185,"commentCount":0,"publisher":{"@id":"https:\/\/vosgesinfo.fr\/gerardmerinfo\/#organization"},"image":{"@id":"https:\/\/vosgesinfo.fr\/gerardmerinfo\/2016\/08\/lile-tresor-comedie-fol-espoir\/#primaryimage"},"thumbnailUrl":"https:\/\/vosgesinfo.fr\/app\/uploads\/sites\/6\/2024\/07\/201608fol-espoir.jpg","keywords":["com\u00e9die du fol espoir","quai du Locle","Un Ete au bord du lac"],"articleSection":["A la une","Culture"],"inLanguage":"fr-FR","potentialAction":[{"@type":"CommentAction","name":"Comment","target":["https:\/\/vosgesinfo.fr\/gerardmerinfo\/2016\/08\/lile-tresor-comedie-fol-espoir\/#respond"]}]},{"@type":"WebPage","@id":"https:\/\/vosgesinfo.fr\/gerardmerinfo\/2016\/08\/lile-tresor-comedie-fol-espoir\/","url":"https:\/\/vosgesinfo.fr\/gerardmerinfo\/2016\/08\/lile-tresor-comedie-fol-espoir\/","name":"\"L\u00eele au tr\u00e9sor\" avec \"La Com\u00e9die du Fol Espoir\" - Gerardmer Info","isPartOf":{"@id":"https:\/\/vosgesinfo.fr\/gerardmerinfo\/#website"},"primaryImageOfPage":{"@id":"https:\/\/vosgesinfo.fr\/gerardmerinfo\/2016\/08\/lile-tresor-comedie-fol-espoir\/#primaryimage"},"image":{"@id":"https:\/\/vosgesinfo.fr\/gerardmerinfo\/2016\/08\/lile-tresor-comedie-fol-espoir\/#primaryimage"},"thumbnailUrl":"https:\/\/vosgesinfo.fr\/app\/uploads\/sites\/6\/2024\/07\/201608fol-espoir.jpg","datePublished":"2016-08-05T14:11:20+00:00","dateModified":"2016-08-05T14:11:20+00:00","breadcrumb":{"@id":"https:\/\/vosgesinfo.fr\/gerardmerinfo\/2016\/08\/lile-tresor-comedie-fol-espoir\/#breadcrumb"},"inLanguage":"fr-FR","potentialAction":[{"@type":"ReadAction","target":["https:\/\/vosgesinfo.fr\/gerardmerinfo\/2016\/08\/lile-tresor-comedie-fol-espoir\/"]}]},{"@type":"ImageObject","inLanguage":"fr-FR","@id":"https:\/\/vosgesinfo.fr\/gerardmerinfo\/2016\/08\/lile-tresor-comedie-fol-espoir\/#primaryimage","url":"https:\/\/vosgesinfo.fr\/app\/uploads\/sites\/6\/2024\/07\/201608fol-espoir.jpg","contentUrl":"https:\/\/vosgesinfo.fr\/app\/uploads\/sites\/6\/2024\/07\/201608fol-espoir.jpg","width":800,"height":533},{"@type":"BreadcrumbList","@id":"https:\/\/vosgesinfo.fr\/gerardmerinfo\/2016\/08\/lile-tresor-comedie-fol-espoir\/#breadcrumb","itemListElement":[{"@type":"ListItem","position":1,"name":"Home","item":"https:\/\/vosgesinfo.fr\/gerardmerinfo\/"},{"@type":"ListItem","position":2,"name":"\u00ab\u00a0L\u00eele au tr\u00e9sor\u00a0\u00bb avec \u00ab\u00a0La Com\u00e9die du Fol Espoir\u00a0\u00bb"}]},{"@type":"WebSite","@id":"https:\/\/vosgesinfo.fr\/gerardmerinfo\/#website","url":"https:\/\/vosgesinfo.fr\/gerardmerinfo\/","name":"Gerardmer Info","description":"Toute l&#039;actualit\u00e9 de G\u00e9rardmer","publisher":{"@id":"https:\/\/vosgesinfo.fr\/gerardmerinfo\/#organization"},"alternateName":"Toute l'actualit\u00e9 de G\u00e9rardmer","potentialAction":[{"@type":"SearchAction","target":{"@type":"EntryPoint","urlTemplate":"https:\/\/vosgesinfo.fr\/gerardmerinfo\/?s={search_term_string}"},"query-input":"required name=search_term_string"}],"inLanguage":"fr-FR"},{"@type":"Organization","@id":"https:\/\/vosgesinfo.fr\/gerardmerinfo\/#organization","name":"Gerardmer Info","url":"https:\/\/vosgesinfo.fr\/gerardmerinfo\/","logo":{"@type":"ImageObject","inLanguage":"fr-FR","@id":"https:\/\/vosgesinfo.fr\/gerardmerinfo\/#\/schema\/logo\/image\/","url":"https:\/\/vosgesinfo.fr\/app\/uploads\/sites\/6\/2023\/08\/favicon-gerardmerinfo.png","contentUrl":"https:\/\/vosgesinfo.fr\/app\/uploads\/sites\/6\/2023\/08\/favicon-gerardmerinfo.png","width":512,"height":512,"caption":"Gerardmer Info"},"image":{"@id":"https:\/\/vosgesinfo.fr\/gerardmerinfo\/#\/schema\/logo\/image\/"},"sameAs":["https:\/\/www.facebook.com\/profile.php?id=100049475262660","https:\/\/x.com\/VosgesInfo88","https:\/\/www.youtube.com\/@vosgesinfo"]},{"@type":"Person","@id":"https:\/\/vosgesinfo.fr\/gerardmerinfo\/#\/schema\/person\/db5605779a843dad16b5368f3e7613a5","name":"QG","image":{"@type":"ImageObject","inLanguage":"fr-FR","@id":"https:\/\/vosgesinfo.fr\/gerardmerinfo\/#\/schema\/person\/image\/","url":"https:\/\/secure.gravatar.com\/avatar\/ea80c42c204b534408512832fde52504ecabb9706bcb6151cf6175e5b64e6793?s=96&d=mm&r=g","contentUrl":"https:\/\/secure.gravatar.com\/avatar\/ea80c42c204b534408512832fde52504ecabb9706bcb6151cf6175e5b64e6793?s=96&d=mm&r=g","caption":"QG"},"url":"https:\/\/vosgesinfo.fr\/gerardmerinfo\/author\/quentin88\/"}]}},"_links":{"self":[{"href":"https:\/\/vosgesinfo.fr\/gerardmerinfo\/wp-json\/wp\/v2\/posts\/20906","targetHints":{"allow":["GET"]}}],"collection":[{"href":"https:\/\/vosgesinfo.fr\/gerardmerinfo\/wp-json\/wp\/v2\/posts"}],"about":[{"href":"https:\/\/vosgesinfo.fr\/gerardmerinfo\/wp-json\/wp\/v2\/types\/post"}],"author":[{"embeddable":true,"href":"https:\/\/vosgesinfo.fr\/gerardmerinfo\/wp-json\/wp\/v2\/users\/42"}],"replies":[{"embeddable":true,"href":"https:\/\/vosgesinfo.fr\/gerardmerinfo\/wp-json\/wp\/v2\/comments?post=20906"}],"version-history":[{"count":0,"href":"https:\/\/vosgesinfo.fr\/gerardmerinfo\/wp-json\/wp\/v2\/posts\/20906\/revisions"}],"wp:featuredmedia":[{"embeddable":true,"href":"https:\/\/vosgesinfo.fr\/gerardmerinfo\/wp-json\/wp\/v2\/media\/20907"}],"wp:attachment":[{"href":"https:\/\/vosgesinfo.fr\/gerardmerinfo\/wp-json\/wp\/v2\/media?parent=20906"}],"wp:term":[{"taxonomy":"category","embeddable":true,"href":"https:\/\/vosgesinfo.fr\/gerardmerinfo\/wp-json\/wp\/v2\/categories?post=20906"},{"taxonomy":"post_tag","embeddable":true,"href":"https:\/\/vosgesinfo.fr\/gerardmerinfo\/wp-json\/wp\/v2\/tags?post=20906"}],"curies":[{"name":"wp","href":"https:\/\/api.w.org\/{rel}","templated":true}]}}