{"id":21063,"date":"2016-08-16T16:38:31","date_gmt":"2016-08-16T14:38:31","guid":{"rendered":"https:\/\/vosgesinfo.fr\/gerardmerinfo\/2016\/08\/entrelacs-edition-sacheve-beaute\/"},"modified":"2016-08-16T16:38:31","modified_gmt":"2016-08-16T14:38:31","slug":"entrelacs-edition-sacheve-beaute","status":"publish","type":"post","link":"https:\/\/vosgesinfo.fr\/gerardmerinfo\/2016\/08\/entrelacs-edition-sacheve-beaute\/","title":{"rendered":"Entrelacs : une \u00e9dition qui s&rsquo;ach\u00e8ve en beaut\u00e9"},"content":{"rendered":"<h2 class=\"x_MsoNormal\"><a href=\"\/2016\/08\/Tirage-du-13-aout.jpg\"><img decoding=\"async\" class=\"aligncenter size-medium wp-image-93009\" src=\"\/2016\/08\/Tirage-du-13-aout-400x225.jpg\" alt=\"Tirage du 13 aout\" width=\"400\" height=\"225\" \/><\/a>Samedi 13 ao\u00fbt, 4 gagnants ont cl\u00f4tur\u00e9 la tr\u00e8s belle exposition ENTRELACS \u00e9t\u00e9 2016 de la galerie du Tilleul :<\/h2>\n<p class=\"x_MsoNormal\"><u>Tirage 1\u00a0:<\/u> Un apr\u00e8s-midi dans l\u2019atelier d\u2019un artiste\u00a0: gagnante <b>Nathalie VICHERAT<\/b>, artiste choisi\u00a0: <b>Jean Pierre LECUYER.<\/b><\/p>\n<p class=\"x_MsoNormal\"><u>Tirage 2\u00a0:<\/u> une s\u00e9rigraphie num\u00e9rique &#8211; dame nature num\u00e9rot\u00e9e et sign\u00e9e\u00a0 De la plasticienne <b>Annie TREMSAL<\/b> (image ci jointe)\u00a0: gagnante <b>Yvette ARNOULD<\/b>.<b><\/b><\/p>\n<p class=\"x_MsoNormal\"><u>Tirage 3\u00a0:<\/u> une petite estampe sur bois du graveur <b>Jean-Pierre LECUYER <\/b>estampe original num\u00e9rot\u00e9 10\/12 tirage sur papier Lana 32\/50cm (image ci jointe)\u00a0: gagnante <b>Catherine LAURENT<\/b>.<\/p>\n<p class=\"x_MsoNormal\"><u>Tirage 4\u00a0:<\/u> 10 \u20ac offert par la<b> CAISSE D\u2019\u00c9PARGNE de G\u00e9rardmer<\/b>\u00a0: gagnante <b>Evelyne MASSON<\/b><\/p>\n<h3 class=\"x_MsoNormal\"><b>Vous aurez le plaisir de retrouver ENTRELACS lors de la 4<sup>i\u00e8me<\/sup> \u00e9dition du forum des associations qui aura lieu au tennis couvert \u00e0 G\u00e9rardmer ce 10 septembre 2016 de 14h \u00e0 19h<\/b><\/h3>\n\n","protected":false},"excerpt":{"rendered":"<p>Samedi 13 ao\u00fbt, 4 gagnants ont cl\u00f4tur\u00e9 la tr\u00e8s belle exposition ENTRELACS \u00e9t\u00e9 2016 de la galerie du Tilleul : [&hellip;]<\/p>\n","protected":false},"author":1,"featured_media":21064,"comment_status":"open","ping_status":"open","sticky":false,"template":"","format":"standard","meta":{"footnotes":""},"categories":[20,4,17],"tags":[693],"class_list":["post-21063","post","type-post","status-publish","format-standard","has-post-thumbnail","hentry","category-a-la-une","category-culture","category-vie-associative","tag-entrelacs"],"acf":[],"yoast_head":"<!-- This site is optimized with the Yoast SEO plugin v22.5 - https:\/\/yoast.com\/wordpress\/plugins\/seo\/ -->\n<title>Entrelacs : une \u00e9dition qui s&#039;ach\u00e8ve en beaut\u00e9 - Gerardmer Info<\/title>\n<meta name=\"robots\" content=\"index, follow, max-snippet:-1, max-image-preview:large, max-video-preview:-1\" \/>\n<link rel=\"canonical\" href=\"https:\/\/vosgesinfo.fr\/gerardmerinfo\/2016\/08\/entrelacs-edition-sacheve-beaute\/\" \/>\n<meta name=\"twitter:card\" content=\"summary_large_image\" \/>\n<meta name=\"twitter:title\" content=\"Entrelacs : une \u00e9dition qui s&#039;ach\u00e8ve en beaut\u00e9 - Gerardmer Info\" \/>\n<meta name=\"twitter:description\" content=\"Samedi 13 ao\u00fbt, 4 gagnants ont cl\u00f4tur\u00e9 la tr\u00e8s belle exposition ENTRELACS \u00e9t\u00e9 2016 de la galerie du Tilleul : [&hellip;]\" \/>\n<meta name=\"twitter:image\" content=\"https:\/\/vosgesinfo.fr\/app\/uploads\/sites\/6\/2024\/07\/201608tirage-du-13-aout.jpg\" \/>\n<meta name=\"twitter:creator\" content=\"@VosgesInfo88\" \/>\n<meta name=\"twitter:site\" content=\"@VosgesInfo88\" \/>\n<meta name=\"twitter:label1\" content=\"\u00c9crit par\" \/>\n\t<meta name=\"twitter:data1\" content=\"qs_admin\" \/>\n\t<meta name=\"twitter:label2\" content=\"Dur\u00e9e de lecture estim\u00e9e\" \/>\n\t<meta name=\"twitter:data2\" content=\"1 minute\" \/>\n<script type=\"application\/ld+json\" class=\"yoast-schema-graph\">{\"@context\":\"https:\/\/schema.org\",\"@graph\":[{\"@type\":\"Article\",\"@id\":\"https:\/\/vosgesinfo.fr\/gerardmerinfo\/2016\/08\/entrelacs-edition-sacheve-beaute\/#article\",\"isPartOf\":{\"@id\":\"https:\/\/vosgesinfo.fr\/gerardmerinfo\/2016\/08\/entrelacs-edition-sacheve-beaute\/\"},\"author\":{\"name\":\"qs_admin\",\"@id\":\"https:\/\/vosgesinfo.fr\/gerardmerinfo\/#\/schema\/person\/bc5d02d71e6932e81b6dadb7386667b1\"},\"headline\":\"Entrelacs : une \u00e9dition qui s&rsquo;ach\u00e8ve en beaut\u00e9\",\"datePublished\":\"2016-08-16T14:38:31+00:00\",\"dateModified\":\"2016-08-16T14:38:31+00:00\",\"mainEntityOfPage\":{\"@id\":\"https:\/\/vosgesinfo.fr\/gerardmerinfo\/2016\/08\/entrelacs-edition-sacheve-beaute\/\"},\"wordCount\":150,\"commentCount\":0,\"publisher\":{\"@id\":\"https:\/\/vosgesinfo.fr\/gerardmerinfo\/#organization\"},\"image\":{\"@id\":\"https:\/\/vosgesinfo.fr\/gerardmerinfo\/2016\/08\/entrelacs-edition-sacheve-beaute\/#primaryimage\"},\"thumbnailUrl\":\"https:\/\/vosgesinfo.fr\/app\/uploads\/sites\/6\/2024\/07\/201608tirage-du-13-aout.jpg\",\"keywords\":[\"entrelacs\"],\"articleSection\":[\"A la une\",\"Culture\",\"Vie Associative\"],\"inLanguage\":\"fr-FR\",\"potentialAction\":[{\"@type\":\"CommentAction\",\"name\":\"Comment\",\"target\":[\"https:\/\/vosgesinfo.fr\/gerardmerinfo\/2016\/08\/entrelacs-edition-sacheve-beaute\/#respond\"]}]},{\"@type\":\"WebPage\",\"@id\":\"https:\/\/vosgesinfo.fr\/gerardmerinfo\/2016\/08\/entrelacs-edition-sacheve-beaute\/\",\"url\":\"https:\/\/vosgesinfo.fr\/gerardmerinfo\/2016\/08\/entrelacs-edition-sacheve-beaute\/\",\"name\":\"Entrelacs : une \u00e9dition qui s'ach\u00e8ve en beaut\u00e9 - Gerardmer Info\",\"isPartOf\":{\"@id\":\"https:\/\/vosgesinfo.fr\/gerardmerinfo\/#website\"},\"primaryImageOfPage\":{\"@id\":\"https:\/\/vosgesinfo.fr\/gerardmerinfo\/2016\/08\/entrelacs-edition-sacheve-beaute\/#primaryimage\"},\"image\":{\"@id\":\"https:\/\/vosgesinfo.fr\/gerardmerinfo\/2016\/08\/entrelacs-edition-sacheve-beaute\/#primaryimage\"},\"thumbnailUrl\":\"https:\/\/vosgesinfo.fr\/app\/uploads\/sites\/6\/2024\/07\/201608tirage-du-13-aout.jpg\",\"datePublished\":\"2016-08-16T14:38:31+00:00\",\"dateModified\":\"2016-08-16T14:38:31+00:00\",\"breadcrumb\":{\"@id\":\"https:\/\/vosgesinfo.fr\/gerardmerinfo\/2016\/08\/entrelacs-edition-sacheve-beaute\/#breadcrumb\"},\"inLanguage\":\"fr-FR\",\"potentialAction\":[{\"@type\":\"ReadAction\",\"target\":[\"https:\/\/vosgesinfo.fr\/gerardmerinfo\/2016\/08\/entrelacs-edition-sacheve-beaute\/\"]}]},{\"@type\":\"ImageObject\",\"inLanguage\":\"fr-FR\",\"@id\":\"https:\/\/vosgesinfo.fr\/gerardmerinfo\/2016\/08\/entrelacs-edition-sacheve-beaute\/#primaryimage\",\"url\":\"https:\/\/vosgesinfo.fr\/app\/uploads\/sites\/6\/2024\/07\/201608tirage-du-13-aout.jpg\",\"contentUrl\":\"https:\/\/vosgesinfo.fr\/app\/uploads\/sites\/6\/2024\/07\/201608tirage-du-13-aout.jpg\",\"width\":800,\"height\":450},{\"@type\":\"BreadcrumbList\",\"@id\":\"https:\/\/vosgesinfo.fr\/gerardmerinfo\/2016\/08\/entrelacs-edition-sacheve-beaute\/#breadcrumb\",\"itemListElement\":[{\"@type\":\"ListItem\",\"position\":1,\"name\":\"Home\",\"item\":\"https:\/\/vosgesinfo.fr\/gerardmerinfo\/\"},{\"@type\":\"ListItem\",\"position\":2,\"name\":\"Entrelacs : une \u00e9dition qui s&rsquo;ach\u00e8ve en beaut\u00e9\"}]},{\"@type\":\"WebSite\",\"@id\":\"https:\/\/vosgesinfo.fr\/gerardmerinfo\/#website\",\"url\":\"https:\/\/vosgesinfo.fr\/gerardmerinfo\/\",\"name\":\"Gerardmer Info\",\"description\":\"Toute l&#039;actualit\u00e9 de G\u00e9rardmer\",\"publisher\":{\"@id\":\"https:\/\/vosgesinfo.fr\/gerardmerinfo\/#organization\"},\"alternateName\":\"Toute l'actualit\u00e9 de G\u00e9rardmer\",\"potentialAction\":[{\"@type\":\"SearchAction\",\"target\":{\"@type\":\"EntryPoint\",\"urlTemplate\":\"https:\/\/vosgesinfo.fr\/gerardmerinfo\/?s={search_term_string}\"},\"query-input\":\"required name=search_term_string\"}],\"inLanguage\":\"fr-FR\"},{\"@type\":\"Organization\",\"@id\":\"https:\/\/vosgesinfo.fr\/gerardmerinfo\/#organization\",\"name\":\"Gerardmer Info\",\"url\":\"https:\/\/vosgesinfo.fr\/gerardmerinfo\/\",\"logo\":{\"@type\":\"ImageObject\",\"inLanguage\":\"fr-FR\",\"@id\":\"https:\/\/vosgesinfo.fr\/gerardmerinfo\/#\/schema\/logo\/image\/\",\"url\":\"https:\/\/vosgesinfo.fr\/app\/uploads\/sites\/6\/2023\/08\/favicon-gerardmerinfo.png\",\"contentUrl\":\"https:\/\/vosgesinfo.fr\/app\/uploads\/sites\/6\/2023\/08\/favicon-gerardmerinfo.png\",\"width\":512,\"height\":512,\"caption\":\"Gerardmer Info\"},\"image\":{\"@id\":\"https:\/\/vosgesinfo.fr\/gerardmerinfo\/#\/schema\/logo\/image\/\"},\"sameAs\":[\"https:\/\/www.facebook.com\/profile.php?id=100049475262660\",\"https:\/\/x.com\/VosgesInfo88\",\"https:\/\/www.youtube.com\/@vosgesinfo\"]},{\"@type\":\"Person\",\"@id\":\"https:\/\/vosgesinfo.fr\/gerardmerinfo\/#\/schema\/person\/bc5d02d71e6932e81b6dadb7386667b1\",\"name\":\"qs_admin\",\"image\":{\"@type\":\"ImageObject\",\"inLanguage\":\"fr-FR\",\"@id\":\"https:\/\/vosgesinfo.fr\/gerardmerinfo\/#\/schema\/person\/image\/\",\"url\":\"https:\/\/secure.gravatar.com\/avatar\/94b18ee0ed79e4a42ea2f2931277b6841a8999fc6fde214600c78057cf1fe1de?s=96&d=mm&r=g\",\"contentUrl\":\"https:\/\/secure.gravatar.com\/avatar\/94b18ee0ed79e4a42ea2f2931277b6841a8999fc6fde214600c78057cf1fe1de?s=96&d=mm&r=g\",\"caption\":\"qs_admin\"},\"sameAs\":[\"https:\/\/vosgesinfo.fr\/wp\"],\"url\":\"https:\/\/vosgesinfo.fr\/gerardmerinfo\/author\/qs_admin\/\"}]}<\/script>\n<!-- \/ Yoast SEO plugin. -->","yoast_head_json":{"title":"Entrelacs : une \u00e9dition qui s'ach\u00e8ve en beaut\u00e9 - Gerardmer Info","robots":{"index":"index","follow":"follow","max-snippet":"max-snippet:-1","max-image-preview":"max-image-preview:large","max-video-preview":"max-video-preview:-1"},"canonical":"https:\/\/vosgesinfo.fr\/gerardmerinfo\/2016\/08\/entrelacs-edition-sacheve-beaute\/","twitter_card":"summary_large_image","twitter_title":"Entrelacs : une \u00e9dition qui s'ach\u00e8ve en beaut\u00e9 - Gerardmer Info","twitter_description":"Samedi 13 ao\u00fbt, 4 gagnants ont cl\u00f4tur\u00e9 la tr\u00e8s belle exposition ENTRELACS \u00e9t\u00e9 2016 de la galerie du Tilleul : [&hellip;]","twitter_image":"https:\/\/vosgesinfo.fr\/app\/uploads\/sites\/6\/2024\/07\/201608tirage-du-13-aout.jpg","twitter_creator":"@VosgesInfo88","twitter_site":"@VosgesInfo88","twitter_misc":{"\u00c9crit par":"qs_admin","Dur\u00e9e de lecture estim\u00e9e":"1 minute"},"schema":{"@context":"https:\/\/schema.org","@graph":[{"@type":"Article","@id":"https:\/\/vosgesinfo.fr\/gerardmerinfo\/2016\/08\/entrelacs-edition-sacheve-beaute\/#article","isPartOf":{"@id":"https:\/\/vosgesinfo.fr\/gerardmerinfo\/2016\/08\/entrelacs-edition-sacheve-beaute\/"},"author":{"name":"qs_admin","@id":"https:\/\/vosgesinfo.fr\/gerardmerinfo\/#\/schema\/person\/bc5d02d71e6932e81b6dadb7386667b1"},"headline":"Entrelacs : une \u00e9dition qui s&rsquo;ach\u00e8ve en beaut\u00e9","datePublished":"2016-08-16T14:38:31+00:00","dateModified":"2016-08-16T14:38:31+00:00","mainEntityOfPage":{"@id":"https:\/\/vosgesinfo.fr\/gerardmerinfo\/2016\/08\/entrelacs-edition-sacheve-beaute\/"},"wordCount":150,"commentCount":0,"publisher":{"@id":"https:\/\/vosgesinfo.fr\/gerardmerinfo\/#organization"},"image":{"@id":"https:\/\/vosgesinfo.fr\/gerardmerinfo\/2016\/08\/entrelacs-edition-sacheve-beaute\/#primaryimage"},"thumbnailUrl":"https:\/\/vosgesinfo.fr\/app\/uploads\/sites\/6\/2024\/07\/201608tirage-du-13-aout.jpg","keywords":["entrelacs"],"articleSection":["A la une","Culture","Vie Associative"],"inLanguage":"fr-FR","potentialAction":[{"@type":"CommentAction","name":"Comment","target":["https:\/\/vosgesinfo.fr\/gerardmerinfo\/2016\/08\/entrelacs-edition-sacheve-beaute\/#respond"]}]},{"@type":"WebPage","@id":"https:\/\/vosgesinfo.fr\/gerardmerinfo\/2016\/08\/entrelacs-edition-sacheve-beaute\/","url":"https:\/\/vosgesinfo.fr\/gerardmerinfo\/2016\/08\/entrelacs-edition-sacheve-beaute\/","name":"Entrelacs : une \u00e9dition qui s'ach\u00e8ve en beaut\u00e9 - Gerardmer Info","isPartOf":{"@id":"https:\/\/vosgesinfo.fr\/gerardmerinfo\/#website"},"primaryImageOfPage":{"@id":"https:\/\/vosgesinfo.fr\/gerardmerinfo\/2016\/08\/entrelacs-edition-sacheve-beaute\/#primaryimage"},"image":{"@id":"https:\/\/vosgesinfo.fr\/gerardmerinfo\/2016\/08\/entrelacs-edition-sacheve-beaute\/#primaryimage"},"thumbnailUrl":"https:\/\/vosgesinfo.fr\/app\/uploads\/sites\/6\/2024\/07\/201608tirage-du-13-aout.jpg","datePublished":"2016-08-16T14:38:31+00:00","dateModified":"2016-08-16T14:38:31+00:00","breadcrumb":{"@id":"https:\/\/vosgesinfo.fr\/gerardmerinfo\/2016\/08\/entrelacs-edition-sacheve-beaute\/#breadcrumb"},"inLanguage":"fr-FR","potentialAction":[{"@type":"ReadAction","target":["https:\/\/vosgesinfo.fr\/gerardmerinfo\/2016\/08\/entrelacs-edition-sacheve-beaute\/"]}]},{"@type":"ImageObject","inLanguage":"fr-FR","@id":"https:\/\/vosgesinfo.fr\/gerardmerinfo\/2016\/08\/entrelacs-edition-sacheve-beaute\/#primaryimage","url":"https:\/\/vosgesinfo.fr\/app\/uploads\/sites\/6\/2024\/07\/201608tirage-du-13-aout.jpg","contentUrl":"https:\/\/vosgesinfo.fr\/app\/uploads\/sites\/6\/2024\/07\/201608tirage-du-13-aout.jpg","width":800,"height":450},{"@type":"BreadcrumbList","@id":"https:\/\/vosgesinfo.fr\/gerardmerinfo\/2016\/08\/entrelacs-edition-sacheve-beaute\/#breadcrumb","itemListElement":[{"@type":"ListItem","position":1,"name":"Home","item":"https:\/\/vosgesinfo.fr\/gerardmerinfo\/"},{"@type":"ListItem","position":2,"name":"Entrelacs : une \u00e9dition qui s&rsquo;ach\u00e8ve en beaut\u00e9"}]},{"@type":"WebSite","@id":"https:\/\/vosgesinfo.fr\/gerardmerinfo\/#website","url":"https:\/\/vosgesinfo.fr\/gerardmerinfo\/","name":"Gerardmer Info","description":"Toute l&#039;actualit\u00e9 de G\u00e9rardmer","publisher":{"@id":"https:\/\/vosgesinfo.fr\/gerardmerinfo\/#organization"},"alternateName":"Toute l'actualit\u00e9 de G\u00e9rardmer","potentialAction":[{"@type":"SearchAction","target":{"@type":"EntryPoint","urlTemplate":"https:\/\/vosgesinfo.fr\/gerardmerinfo\/?s={search_term_string}"},"query-input":"required name=search_term_string"}],"inLanguage":"fr-FR"},{"@type":"Organization","@id":"https:\/\/vosgesinfo.fr\/gerardmerinfo\/#organization","name":"Gerardmer Info","url":"https:\/\/vosgesinfo.fr\/gerardmerinfo\/","logo":{"@type":"ImageObject","inLanguage":"fr-FR","@id":"https:\/\/vosgesinfo.fr\/gerardmerinfo\/#\/schema\/logo\/image\/","url":"https:\/\/vosgesinfo.fr\/app\/uploads\/sites\/6\/2023\/08\/favicon-gerardmerinfo.png","contentUrl":"https:\/\/vosgesinfo.fr\/app\/uploads\/sites\/6\/2023\/08\/favicon-gerardmerinfo.png","width":512,"height":512,"caption":"Gerardmer Info"},"image":{"@id":"https:\/\/vosgesinfo.fr\/gerardmerinfo\/#\/schema\/logo\/image\/"},"sameAs":["https:\/\/www.facebook.com\/profile.php?id=100049475262660","https:\/\/x.com\/VosgesInfo88","https:\/\/www.youtube.com\/@vosgesinfo"]},{"@type":"Person","@id":"https:\/\/vosgesinfo.fr\/gerardmerinfo\/#\/schema\/person\/bc5d02d71e6932e81b6dadb7386667b1","name":"qs_admin","image":{"@type":"ImageObject","inLanguage":"fr-FR","@id":"https:\/\/vosgesinfo.fr\/gerardmerinfo\/#\/schema\/person\/image\/","url":"https:\/\/secure.gravatar.com\/avatar\/94b18ee0ed79e4a42ea2f2931277b6841a8999fc6fde214600c78057cf1fe1de?s=96&d=mm&r=g","contentUrl":"https:\/\/secure.gravatar.com\/avatar\/94b18ee0ed79e4a42ea2f2931277b6841a8999fc6fde214600c78057cf1fe1de?s=96&d=mm&r=g","caption":"qs_admin"},"sameAs":["https:\/\/vosgesinfo.fr\/wp"],"url":"https:\/\/vosgesinfo.fr\/gerardmerinfo\/author\/qs_admin\/"}]}},"_links":{"self":[{"href":"https:\/\/vosgesinfo.fr\/gerardmerinfo\/wp-json\/wp\/v2\/posts\/21063","targetHints":{"allow":["GET"]}}],"collection":[{"href":"https:\/\/vosgesinfo.fr\/gerardmerinfo\/wp-json\/wp\/v2\/posts"}],"about":[{"href":"https:\/\/vosgesinfo.fr\/gerardmerinfo\/wp-json\/wp\/v2\/types\/post"}],"author":[{"embeddable":true,"href":"https:\/\/vosgesinfo.fr\/gerardmerinfo\/wp-json\/wp\/v2\/users\/1"}],"replies":[{"embeddable":true,"href":"https:\/\/vosgesinfo.fr\/gerardmerinfo\/wp-json\/wp\/v2\/comments?post=21063"}],"version-history":[{"count":0,"href":"https:\/\/vosgesinfo.fr\/gerardmerinfo\/wp-json\/wp\/v2\/posts\/21063\/revisions"}],"wp:featuredmedia":[{"embeddable":true,"href":"https:\/\/vosgesinfo.fr\/gerardmerinfo\/wp-json\/wp\/v2\/media\/21064"}],"wp:attachment":[{"href":"https:\/\/vosgesinfo.fr\/gerardmerinfo\/wp-json\/wp\/v2\/media?parent=21063"}],"wp:term":[{"taxonomy":"category","embeddable":true,"href":"https:\/\/vosgesinfo.fr\/gerardmerinfo\/wp-json\/wp\/v2\/categories?post=21063"},{"taxonomy":"post_tag","embeddable":true,"href":"https:\/\/vosgesinfo.fr\/gerardmerinfo\/wp-json\/wp\/v2\/tags?post=21063"}],"curies":[{"name":"wp","href":"https:\/\/api.w.org\/{rel}","templated":true}]}}