{"id":21087,"date":"2016-08-16T16:38:28","date_gmt":"2016-08-16T14:38:28","guid":{"rendered":"https:\/\/vosgesinfo.fr\/gerardmerinfo\/2016\/08\/dernier-break-vacances-mcl\/"},"modified":"2016-08-16T16:38:28","modified_gmt":"2016-08-16T14:38:28","slug":"dernier-break-vacances-mcl","status":"publish","type":"post","link":"https:\/\/vosgesinfo.fr\/gerardmerinfo\/2016\/08\/dernier-break-vacances-mcl\/","title":{"rendered":"Un dernier \u00ab\u00a0break\u00a0\u00bb avant les vacances pour la MCL"},"content":{"rendered":"<h2><a href=\"\/2016\/08\/accueil-loisirs-MCL-\u00e9t\u00e9-2016-2.jpg\"><img decoding=\"async\" class=\"aligncenter wp-image-93092\" src=\"\/2016\/08\/accueil-loisirs-MCL-\u00e9t\u00e9-2016-2.jpg\" alt=\"accueil loisirs MCL \u00e9t\u00e9 2016 (2)\" width=\"500\" height=\"375\" \/><\/a>C&rsquo;est par une semaine \u00ab\u00a0cultures urbaines\u00a0\u00bb que la saison estivale 2016 de l&rsquo;accueil de loisirs s&rsquo;est achev\u00e9e du c\u00f4t\u00e9 de la MCL.<\/h2>\n<p>&nbsp;<\/p>\n<p><a href=\"\/2016\/08\/accueil-loisirs-MCL-\u00e9t\u00e9-2016-3.jpg\"><img decoding=\"async\" class=\"alignright size-medium wp-image-93093\" src=\"\/2016\/08\/accueil-loisirs-MCL-\u00e9t\u00e9-2016-3-340x255.jpg\" alt=\"accueil loisirs MCL \u00e9t\u00e9 2016 (3)\" width=\"340\" height=\"255\" \/><\/a>Et c&rsquo;est surtout par un petit spectacle de fin de session que les enfants ont boucl\u00e9 cette derni\u00e8re semaine afin de pr\u00e9senter le fruit de leur travail \u00e0 leurs parents, grands-parents, fr\u00e8res et s\u0153urs qui avaient fait le d\u00e9placement au foyer-bar. Pendant 5 jours, les jeunes encadr\u00e9s par une \u00e9quipe dynamique ont consacr\u00e9 leurs matin\u00e9es \u00e0 pr\u00e9parer cette ultime repr\u00e9sentation : danse hip-hop d&rsquo;un c\u00f4t\u00e9 avec l&rsquo;expert en la mati\u00e8re Pierre Jacquot, et de l&rsquo;autre cr\u00e9ation de pochoirs avec les animatrices H\u00e9l\u00e8ne &amp; T\u00e9alie. Quant aux apr\u00e8s-midi, ils ont \u00e9t\u00e9 rythm\u00e9s par des activit\u00e9s telles que les balades en pleine nature, un rallye-photo dans la ville de G\u00e9rardmer ou encore du light painting, comme l&rsquo;expliquait Pauline Luezas, responsable de la semaine avec Pierre Jacquot.<\/p>\n<h3>La MCL ferm\u00e9e jusqu&rsquo;au 28 ao\u00fbt inclus<\/h3>\n<p><a href=\"\/2016\/08\/accueil-loisirs-MCL-\u00e9t\u00e9-2016-1.jpg\"><img decoding=\"async\" class=\"alignleft size-medium wp-image-93091\" src=\"\/2016\/08\/accueil-loisirs-MCL-\u00e9t\u00e9-2016-1-340x255.jpg\" alt=\"accueil loisirs MCL \u00e9t\u00e9 2016 (1)\" width=\"340\" height=\"255\" \/><\/a>Le spectacle \u00e9tait donc haut en couleur et forc\u00e9ment tr\u00e8s rythm\u00e9, pour le plus grand plaisir du public qui s&rsquo;est r\u00e9gal\u00e9.\u00a0 Enfants et parents se sont enfin retrouv\u00e9s pour partager quelques bonbons en guise d&rsquo;au-revoir. La MCL a ensuite ferm\u00e9 ses portes pour des cong\u00e9s bien m\u00e9rit\u00e9s et profitera de cette quinzaine pour faire entre autre r\u00e9nover le si\u00e8ges de sa salle de cin\u00e9. La rentr\u00e9e, ce sera le lundi 29 ao\u00fbt avec la pr\u00e9sentation des activit\u00e9s et animations et les inscriptions qui suivront. Mais nous vous reparlerons de tout cela tr\u00e8s prochainement !<\/p>\n","protected":false},"excerpt":{"rendered":"<p>C&rsquo;est par une semaine \u00ab\u00a0cultures urbaines\u00a0\u00bb que la saison estivale 2016 de l&rsquo;accueil de loisirs s&rsquo;est achev\u00e9e du c\u00f4t\u00e9 de [&hellip;]<\/p>\n","protected":false},"author":42,"featured_media":21088,"comment_status":"open","ping_status":"open","sticky":false,"template":"","format":"standard","meta":{"footnotes":""},"categories":[20,4],"tags":[1899,236],"class_list":["post-21087","post","type-post","status-publish","format-standard","has-post-thumbnail","hentry","category-a-la-une","category-culture","tag-accueil-de-loisirs","tag-mcl"],"acf":[],"yoast_head":"<!-- This site is optimized with the Yoast SEO plugin v22.5 - https:\/\/yoast.com\/wordpress\/plugins\/seo\/ -->\n<title>Un dernier &quot;break&quot; avant les vacances pour la MCL - Gerardmer Info<\/title>\n<meta name=\"robots\" content=\"index, follow, max-snippet:-1, max-image-preview:large, max-video-preview:-1\" \/>\n<link rel=\"canonical\" href=\"https:\/\/vosgesinfo.fr\/gerardmerinfo\/2016\/08\/dernier-break-vacances-mcl\/\" \/>\n<meta name=\"twitter:card\" content=\"summary_large_image\" \/>\n<meta name=\"twitter:title\" content=\"Un dernier &quot;break&quot; avant les vacances pour la MCL - Gerardmer Info\" \/>\n<meta name=\"twitter:description\" content=\"C&rsquo;est par une semaine \u00ab\u00a0cultures urbaines\u00a0\u00bb que la saison estivale 2016 de l&rsquo;accueil de loisirs s&rsquo;est achev\u00e9e du c\u00f4t\u00e9 de [&hellip;]\" \/>\n<meta name=\"twitter:image\" content=\"https:\/\/vosgesinfo.fr\/app\/uploads\/sites\/6\/2024\/07\/201608accueil-loisirs-mcl-ete-2016-2.jpg\" \/>\n<meta name=\"twitter:creator\" content=\"@VosgesInfo88\" \/>\n<meta name=\"twitter:site\" content=\"@VosgesInfo88\" \/>\n<meta name=\"twitter:label1\" content=\"\u00c9crit par\" \/>\n\t<meta name=\"twitter:data1\" content=\"QG\" \/>\n\t<meta name=\"twitter:label2\" content=\"Dur\u00e9e de lecture estim\u00e9e\" \/>\n\t<meta name=\"twitter:data2\" content=\"1 minute\" \/>\n<script type=\"application\/ld+json\" class=\"yoast-schema-graph\">{\"@context\":\"https:\/\/schema.org\",\"@graph\":[{\"@type\":\"Article\",\"@id\":\"https:\/\/vosgesinfo.fr\/gerardmerinfo\/2016\/08\/dernier-break-vacances-mcl\/#article\",\"isPartOf\":{\"@id\":\"https:\/\/vosgesinfo.fr\/gerardmerinfo\/2016\/08\/dernier-break-vacances-mcl\/\"},\"author\":{\"name\":\"QG\",\"@id\":\"https:\/\/vosgesinfo.fr\/gerardmerinfo\/#\/schema\/person\/db5605779a843dad16b5368f3e7613a5\"},\"headline\":\"Un dernier \u00ab\u00a0break\u00a0\u00bb avant les vacances pour la MCL\",\"datePublished\":\"2016-08-16T14:38:28+00:00\",\"dateModified\":\"2016-08-16T14:38:28+00:00\",\"mainEntityOfPage\":{\"@id\":\"https:\/\/vosgesinfo.fr\/gerardmerinfo\/2016\/08\/dernier-break-vacances-mcl\/\"},\"wordCount\":297,\"commentCount\":0,\"publisher\":{\"@id\":\"https:\/\/vosgesinfo.fr\/gerardmerinfo\/#organization\"},\"image\":{\"@id\":\"https:\/\/vosgesinfo.fr\/gerardmerinfo\/2016\/08\/dernier-break-vacances-mcl\/#primaryimage\"},\"thumbnailUrl\":\"https:\/\/vosgesinfo.fr\/app\/uploads\/sites\/6\/2024\/07\/201608accueil-loisirs-mcl-ete-2016-2.jpg\",\"keywords\":[\"accueil de loisirs\",\"MCL\"],\"articleSection\":[\"A la une\",\"Culture\"],\"inLanguage\":\"fr-FR\",\"potentialAction\":[{\"@type\":\"CommentAction\",\"name\":\"Comment\",\"target\":[\"https:\/\/vosgesinfo.fr\/gerardmerinfo\/2016\/08\/dernier-break-vacances-mcl\/#respond\"]}]},{\"@type\":\"WebPage\",\"@id\":\"https:\/\/vosgesinfo.fr\/gerardmerinfo\/2016\/08\/dernier-break-vacances-mcl\/\",\"url\":\"https:\/\/vosgesinfo.fr\/gerardmerinfo\/2016\/08\/dernier-break-vacances-mcl\/\",\"name\":\"Un dernier \\\"break\\\" avant les vacances pour la MCL - Gerardmer Info\",\"isPartOf\":{\"@id\":\"https:\/\/vosgesinfo.fr\/gerardmerinfo\/#website\"},\"primaryImageOfPage\":{\"@id\":\"https:\/\/vosgesinfo.fr\/gerardmerinfo\/2016\/08\/dernier-break-vacances-mcl\/#primaryimage\"},\"image\":{\"@id\":\"https:\/\/vosgesinfo.fr\/gerardmerinfo\/2016\/08\/dernier-break-vacances-mcl\/#primaryimage\"},\"thumbnailUrl\":\"https:\/\/vosgesinfo.fr\/app\/uploads\/sites\/6\/2024\/07\/201608accueil-loisirs-mcl-ete-2016-2.jpg\",\"datePublished\":\"2016-08-16T14:38:28+00:00\",\"dateModified\":\"2016-08-16T14:38:28+00:00\",\"breadcrumb\":{\"@id\":\"https:\/\/vosgesinfo.fr\/gerardmerinfo\/2016\/08\/dernier-break-vacances-mcl\/#breadcrumb\"},\"inLanguage\":\"fr-FR\",\"potentialAction\":[{\"@type\":\"ReadAction\",\"target\":[\"https:\/\/vosgesinfo.fr\/gerardmerinfo\/2016\/08\/dernier-break-vacances-mcl\/\"]}]},{\"@type\":\"ImageObject\",\"inLanguage\":\"fr-FR\",\"@id\":\"https:\/\/vosgesinfo.fr\/gerardmerinfo\/2016\/08\/dernier-break-vacances-mcl\/#primaryimage\",\"url\":\"https:\/\/vosgesinfo.fr\/app\/uploads\/sites\/6\/2024\/07\/201608accueil-loisirs-mcl-ete-2016-2.jpg\",\"contentUrl\":\"https:\/\/vosgesinfo.fr\/app\/uploads\/sites\/6\/2024\/07\/201608accueil-loisirs-mcl-ete-2016-2.jpg\",\"width\":800,\"height\":600},{\"@type\":\"BreadcrumbList\",\"@id\":\"https:\/\/vosgesinfo.fr\/gerardmerinfo\/2016\/08\/dernier-break-vacances-mcl\/#breadcrumb\",\"itemListElement\":[{\"@type\":\"ListItem\",\"position\":1,\"name\":\"Home\",\"item\":\"https:\/\/vosgesinfo.fr\/gerardmerinfo\/\"},{\"@type\":\"ListItem\",\"position\":2,\"name\":\"Un dernier \u00ab\u00a0break\u00a0\u00bb avant les vacances pour la MCL\"}]},{\"@type\":\"WebSite\",\"@id\":\"https:\/\/vosgesinfo.fr\/gerardmerinfo\/#website\",\"url\":\"https:\/\/vosgesinfo.fr\/gerardmerinfo\/\",\"name\":\"Gerardmer Info\",\"description\":\"Toute l&#039;actualit\u00e9 de G\u00e9rardmer\",\"publisher\":{\"@id\":\"https:\/\/vosgesinfo.fr\/gerardmerinfo\/#organization\"},\"alternateName\":\"Toute l'actualit\u00e9 de G\u00e9rardmer\",\"potentialAction\":[{\"@type\":\"SearchAction\",\"target\":{\"@type\":\"EntryPoint\",\"urlTemplate\":\"https:\/\/vosgesinfo.fr\/gerardmerinfo\/?s={search_term_string}\"},\"query-input\":\"required name=search_term_string\"}],\"inLanguage\":\"fr-FR\"},{\"@type\":\"Organization\",\"@id\":\"https:\/\/vosgesinfo.fr\/gerardmerinfo\/#organization\",\"name\":\"Gerardmer Info\",\"url\":\"https:\/\/vosgesinfo.fr\/gerardmerinfo\/\",\"logo\":{\"@type\":\"ImageObject\",\"inLanguage\":\"fr-FR\",\"@id\":\"https:\/\/vosgesinfo.fr\/gerardmerinfo\/#\/schema\/logo\/image\/\",\"url\":\"https:\/\/vosgesinfo.fr\/app\/uploads\/sites\/6\/2023\/08\/favicon-gerardmerinfo.png\",\"contentUrl\":\"https:\/\/vosgesinfo.fr\/app\/uploads\/sites\/6\/2023\/08\/favicon-gerardmerinfo.png\",\"width\":512,\"height\":512,\"caption\":\"Gerardmer Info\"},\"image\":{\"@id\":\"https:\/\/vosgesinfo.fr\/gerardmerinfo\/#\/schema\/logo\/image\/\"},\"sameAs\":[\"https:\/\/www.facebook.com\/profile.php?id=100049475262660\",\"https:\/\/x.com\/VosgesInfo88\",\"https:\/\/www.youtube.com\/@vosgesinfo\"]},{\"@type\":\"Person\",\"@id\":\"https:\/\/vosgesinfo.fr\/gerardmerinfo\/#\/schema\/person\/db5605779a843dad16b5368f3e7613a5\",\"name\":\"QG\",\"image\":{\"@type\":\"ImageObject\",\"inLanguage\":\"fr-FR\",\"@id\":\"https:\/\/vosgesinfo.fr\/gerardmerinfo\/#\/schema\/person\/image\/\",\"url\":\"https:\/\/secure.gravatar.com\/avatar\/ea80c42c204b534408512832fde52504ecabb9706bcb6151cf6175e5b64e6793?s=96&d=mm&r=g\",\"contentUrl\":\"https:\/\/secure.gravatar.com\/avatar\/ea80c42c204b534408512832fde52504ecabb9706bcb6151cf6175e5b64e6793?s=96&d=mm&r=g\",\"caption\":\"QG\"},\"url\":\"https:\/\/vosgesinfo.fr\/gerardmerinfo\/author\/quentin88\/\"}]}<\/script>\n<!-- \/ Yoast SEO plugin. -->","yoast_head_json":{"title":"Un dernier \"break\" avant les vacances pour la MCL - Gerardmer Info","robots":{"index":"index","follow":"follow","max-snippet":"max-snippet:-1","max-image-preview":"max-image-preview:large","max-video-preview":"max-video-preview:-1"},"canonical":"https:\/\/vosgesinfo.fr\/gerardmerinfo\/2016\/08\/dernier-break-vacances-mcl\/","twitter_card":"summary_large_image","twitter_title":"Un dernier \"break\" avant les vacances pour la MCL - Gerardmer Info","twitter_description":"C&rsquo;est par une semaine \u00ab\u00a0cultures urbaines\u00a0\u00bb que la saison estivale 2016 de l&rsquo;accueil de loisirs s&rsquo;est achev\u00e9e du c\u00f4t\u00e9 de [&hellip;]","twitter_image":"https:\/\/vosgesinfo.fr\/app\/uploads\/sites\/6\/2024\/07\/201608accueil-loisirs-mcl-ete-2016-2.jpg","twitter_creator":"@VosgesInfo88","twitter_site":"@VosgesInfo88","twitter_misc":{"\u00c9crit par":"QG","Dur\u00e9e de lecture estim\u00e9e":"1 minute"},"schema":{"@context":"https:\/\/schema.org","@graph":[{"@type":"Article","@id":"https:\/\/vosgesinfo.fr\/gerardmerinfo\/2016\/08\/dernier-break-vacances-mcl\/#article","isPartOf":{"@id":"https:\/\/vosgesinfo.fr\/gerardmerinfo\/2016\/08\/dernier-break-vacances-mcl\/"},"author":{"name":"QG","@id":"https:\/\/vosgesinfo.fr\/gerardmerinfo\/#\/schema\/person\/db5605779a843dad16b5368f3e7613a5"},"headline":"Un dernier \u00ab\u00a0break\u00a0\u00bb avant les vacances pour la MCL","datePublished":"2016-08-16T14:38:28+00:00","dateModified":"2016-08-16T14:38:28+00:00","mainEntityOfPage":{"@id":"https:\/\/vosgesinfo.fr\/gerardmerinfo\/2016\/08\/dernier-break-vacances-mcl\/"},"wordCount":297,"commentCount":0,"publisher":{"@id":"https:\/\/vosgesinfo.fr\/gerardmerinfo\/#organization"},"image":{"@id":"https:\/\/vosgesinfo.fr\/gerardmerinfo\/2016\/08\/dernier-break-vacances-mcl\/#primaryimage"},"thumbnailUrl":"https:\/\/vosgesinfo.fr\/app\/uploads\/sites\/6\/2024\/07\/201608accueil-loisirs-mcl-ete-2016-2.jpg","keywords":["accueil de loisirs","MCL"],"articleSection":["A la une","Culture"],"inLanguage":"fr-FR","potentialAction":[{"@type":"CommentAction","name":"Comment","target":["https:\/\/vosgesinfo.fr\/gerardmerinfo\/2016\/08\/dernier-break-vacances-mcl\/#respond"]}]},{"@type":"WebPage","@id":"https:\/\/vosgesinfo.fr\/gerardmerinfo\/2016\/08\/dernier-break-vacances-mcl\/","url":"https:\/\/vosgesinfo.fr\/gerardmerinfo\/2016\/08\/dernier-break-vacances-mcl\/","name":"Un dernier \"break\" avant les vacances pour la MCL - Gerardmer Info","isPartOf":{"@id":"https:\/\/vosgesinfo.fr\/gerardmerinfo\/#website"},"primaryImageOfPage":{"@id":"https:\/\/vosgesinfo.fr\/gerardmerinfo\/2016\/08\/dernier-break-vacances-mcl\/#primaryimage"},"image":{"@id":"https:\/\/vosgesinfo.fr\/gerardmerinfo\/2016\/08\/dernier-break-vacances-mcl\/#primaryimage"},"thumbnailUrl":"https:\/\/vosgesinfo.fr\/app\/uploads\/sites\/6\/2024\/07\/201608accueil-loisirs-mcl-ete-2016-2.jpg","datePublished":"2016-08-16T14:38:28+00:00","dateModified":"2016-08-16T14:38:28+00:00","breadcrumb":{"@id":"https:\/\/vosgesinfo.fr\/gerardmerinfo\/2016\/08\/dernier-break-vacances-mcl\/#breadcrumb"},"inLanguage":"fr-FR","potentialAction":[{"@type":"ReadAction","target":["https:\/\/vosgesinfo.fr\/gerardmerinfo\/2016\/08\/dernier-break-vacances-mcl\/"]}]},{"@type":"ImageObject","inLanguage":"fr-FR","@id":"https:\/\/vosgesinfo.fr\/gerardmerinfo\/2016\/08\/dernier-break-vacances-mcl\/#primaryimage","url":"https:\/\/vosgesinfo.fr\/app\/uploads\/sites\/6\/2024\/07\/201608accueil-loisirs-mcl-ete-2016-2.jpg","contentUrl":"https:\/\/vosgesinfo.fr\/app\/uploads\/sites\/6\/2024\/07\/201608accueil-loisirs-mcl-ete-2016-2.jpg","width":800,"height":600},{"@type":"BreadcrumbList","@id":"https:\/\/vosgesinfo.fr\/gerardmerinfo\/2016\/08\/dernier-break-vacances-mcl\/#breadcrumb","itemListElement":[{"@type":"ListItem","position":1,"name":"Home","item":"https:\/\/vosgesinfo.fr\/gerardmerinfo\/"},{"@type":"ListItem","position":2,"name":"Un dernier \u00ab\u00a0break\u00a0\u00bb avant les vacances pour la MCL"}]},{"@type":"WebSite","@id":"https:\/\/vosgesinfo.fr\/gerardmerinfo\/#website","url":"https:\/\/vosgesinfo.fr\/gerardmerinfo\/","name":"Gerardmer Info","description":"Toute l&#039;actualit\u00e9 de G\u00e9rardmer","publisher":{"@id":"https:\/\/vosgesinfo.fr\/gerardmerinfo\/#organization"},"alternateName":"Toute l'actualit\u00e9 de G\u00e9rardmer","potentialAction":[{"@type":"SearchAction","target":{"@type":"EntryPoint","urlTemplate":"https:\/\/vosgesinfo.fr\/gerardmerinfo\/?s={search_term_string}"},"query-input":"required name=search_term_string"}],"inLanguage":"fr-FR"},{"@type":"Organization","@id":"https:\/\/vosgesinfo.fr\/gerardmerinfo\/#organization","name":"Gerardmer Info","url":"https:\/\/vosgesinfo.fr\/gerardmerinfo\/","logo":{"@type":"ImageObject","inLanguage":"fr-FR","@id":"https:\/\/vosgesinfo.fr\/gerardmerinfo\/#\/schema\/logo\/image\/","url":"https:\/\/vosgesinfo.fr\/app\/uploads\/sites\/6\/2023\/08\/favicon-gerardmerinfo.png","contentUrl":"https:\/\/vosgesinfo.fr\/app\/uploads\/sites\/6\/2023\/08\/favicon-gerardmerinfo.png","width":512,"height":512,"caption":"Gerardmer Info"},"image":{"@id":"https:\/\/vosgesinfo.fr\/gerardmerinfo\/#\/schema\/logo\/image\/"},"sameAs":["https:\/\/www.facebook.com\/profile.php?id=100049475262660","https:\/\/x.com\/VosgesInfo88","https:\/\/www.youtube.com\/@vosgesinfo"]},{"@type":"Person","@id":"https:\/\/vosgesinfo.fr\/gerardmerinfo\/#\/schema\/person\/db5605779a843dad16b5368f3e7613a5","name":"QG","image":{"@type":"ImageObject","inLanguage":"fr-FR","@id":"https:\/\/vosgesinfo.fr\/gerardmerinfo\/#\/schema\/person\/image\/","url":"https:\/\/secure.gravatar.com\/avatar\/ea80c42c204b534408512832fde52504ecabb9706bcb6151cf6175e5b64e6793?s=96&d=mm&r=g","contentUrl":"https:\/\/secure.gravatar.com\/avatar\/ea80c42c204b534408512832fde52504ecabb9706bcb6151cf6175e5b64e6793?s=96&d=mm&r=g","caption":"QG"},"url":"https:\/\/vosgesinfo.fr\/gerardmerinfo\/author\/quentin88\/"}]}},"_links":{"self":[{"href":"https:\/\/vosgesinfo.fr\/gerardmerinfo\/wp-json\/wp\/v2\/posts\/21087","targetHints":{"allow":["GET"]}}],"collection":[{"href":"https:\/\/vosgesinfo.fr\/gerardmerinfo\/wp-json\/wp\/v2\/posts"}],"about":[{"href":"https:\/\/vosgesinfo.fr\/gerardmerinfo\/wp-json\/wp\/v2\/types\/post"}],"author":[{"embeddable":true,"href":"https:\/\/vosgesinfo.fr\/gerardmerinfo\/wp-json\/wp\/v2\/users\/42"}],"replies":[{"embeddable":true,"href":"https:\/\/vosgesinfo.fr\/gerardmerinfo\/wp-json\/wp\/v2\/comments?post=21087"}],"version-history":[{"count":0,"href":"https:\/\/vosgesinfo.fr\/gerardmerinfo\/wp-json\/wp\/v2\/posts\/21087\/revisions"}],"wp:featuredmedia":[{"embeddable":true,"href":"https:\/\/vosgesinfo.fr\/gerardmerinfo\/wp-json\/wp\/v2\/media\/21088"}],"wp:attachment":[{"href":"https:\/\/vosgesinfo.fr\/gerardmerinfo\/wp-json\/wp\/v2\/media?parent=21087"}],"wp:term":[{"taxonomy":"category","embeddable":true,"href":"https:\/\/vosgesinfo.fr\/gerardmerinfo\/wp-json\/wp\/v2\/categories?post=21087"},{"taxonomy":"post_tag","embeddable":true,"href":"https:\/\/vosgesinfo.fr\/gerardmerinfo\/wp-json\/wp\/v2\/tags?post=21087"}],"curies":[{"name":"wp","href":"https:\/\/api.w.org\/{rel}","templated":true}]}}