{"id":22717,"date":"2016-11-19T16:45:28","date_gmt":"2016-11-19T15:45:28","guid":{"rendered":"https:\/\/vosgesinfo.fr\/gerardmerinfo\/2016\/11\/pluie-de-recompenses-sport-geromois\/"},"modified":"2016-11-19T16:45:28","modified_gmt":"2016-11-19T15:45:28","slug":"pluie-de-recompenses-sport-geromois","status":"publish","type":"post","link":"https:\/\/vosgesinfo.fr\/gerardmerinfo\/2016\/11\/pluie-de-recompenses-sport-geromois\/","title":{"rendered":"Pluie de r\u00e9compenses pour le sport g\u00e9r\u00f4mois"},"content":{"rendered":"<p><span style=\"color: #000000;\"><span style=\"font-family: Times New Roman,serif;\"><span style=\"font-size: large;\"><b><a href=\"\/2016\/11\/Soir\u00e9e-sports-g\u00e9r\u00f4mois.jpg\"><img decoding=\"async\" class=\"aligncenter size-full wp-image-98008\" src=\"\/2016\/11\/Soir\u00e9e-sports-g\u00e9r\u00f4mois.jpg\" alt=\"Soir\u00e9e sports g\u00e9r\u00f4mois\" width=\"800\" height=\"450\" \/><\/a>Honneur aux dames vendredi \u00e0 l&rsquo;Espace LAC o\u00f9 s&rsquo;est d\u00e9roul\u00e9e la 2\u00e8me \u00e9dition de la Soir\u00e9e du Sport G\u00e9r\u00f4mois. Soir\u00e9e qui s&rsquo;est conclue par la remise du premier troph\u00e9e attribu\u00e9 par vote du public \u00e0 l&rsquo;\u00e9quipe f\u00e9minine U18 de l&rsquo;ASG Football.<\/b><\/span><\/span><\/span><\/p>\n<p><span style=\"color: #000000;\"><span style=\"font-family: Times New Roman,serif;\"><span style=\"font-size: large;\">Suite au succ\u00e8s retentissant du 1er opus de la Soir\u00e9e du Sport G\u00e9r\u00f4mois, la municipalit\u00e9 locale avait logiquement d\u00e9cid\u00e9 de remettre le couvert cette ann\u00e9e, mais avec une petite nouveaut\u00e9\u00a0: un vote du public pour \u00e9lire son sportif ou son \u00e9quipe pr\u00e9f\u00e9r\u00e9(e) parmi les 19 repr\u00e9sentants retenus dans chacune des cat\u00e9gories (Espoir, \u00c9quipe, Senior, Espoir et Master). Le vote s&rsquo;est organis\u00e9 via Facebook avec un peu plus de 1 800 votants au total qui ont coch\u00e9 le fameux petit ic\u00f4ne \u00ab\u00a0j&rsquo;aime\u00a0\u00bb sur la photo de son poulain. Une belle initiative qui a permis aux amateurs de sport de s&rsquo;exprimer et de remettre leur prix\u00a0: le prix du public qui vient compl\u00e9ter la ribambelle de prix attribu\u00e9s par le jury compos\u00e9 d\u2019\u00e9lus et de personnalit\u00e9s g\u00e9r\u00f4moises, amateurs de sport.<\/span><\/span><\/span><\/p>\n<div id=\"attachment_98007\" style=\"width: 350px\" class=\"wp-caption alignleft\"><a href=\"\/2016\/11\/soir\u00e9e-sport-U18-filles.jpg\"><img decoding=\"async\" aria-describedby=\"caption-attachment-98007\" class=\"size-medium wp-image-98007\" src=\"\/2016\/11\/soir\u00e9e-sport-U18-filles-340x255.jpg\" alt=\"Les U18 f\u00e9minin de l'ASG footes\" width=\"340\" height=\"255\" \/><\/a><p id=\"caption-attachment-98007\" class=\"wp-caption-text\">L<strong><span style=\"color: #000080;\">es U18 f\u00e9minin de l&rsquo;ASG foot<\/span><\/strong><\/p><\/div>\n<p><span style=\"color: #000000;\"><span style=\"font-family: Times New Roman,serif;\"><span style=\"font-size: large;\">La comp\u00e9tition aura \u00e9t\u00e9 serr\u00e9e et la d\u00e9cision s&rsquo;est finalement inscrite dans les tous derniers jours. Mais c&rsquo;est bien l&rsquo;\u00e9quipe f\u00e9minine des moins de 18 ans de l&rsquo;ASG Football qui a fini en t\u00eate des suffrages avec un peu plus de 300 scrutins en sa faveur. Championne des Vosges et de Lorraine en salle, 4\u00e8mes du championnat plein air en cat\u00e9gorie \u00e9lite, elles ont r\u00e9alis\u00e9 une formidable saison (voir nos pr\u00e9c\u00e9dents articles) emmen\u00e9es par leur locomotive et capitaine Gr\u00e2ce B\u00e9dez. Elles incarnent un certain renouveau dans leur discipline qui se f\u00e9minise avec de nouvelles \u00e9quipes de club qui voient le jour et une formation nationale qui obtient d&rsquo;excellents r\u00e9sultats. Leur coach, leur pr\u00e9sident et leur ville peuvent \u00eatre fiers d&rsquo;elles\u00a0!<\/span><\/span><\/span><\/p>\n<p><span style=\"color: #000000;\"><span style=\"font-family: Times New Roman,serif;\"><span style=\"font-size: large;\">Les demoiselles devancent donc Paul Tixier de l&rsquo;ASG Aviron ainsi que le kayakiste Louis Lapointe qui n&rsquo;aura pas tout perdu, loin s&rsquo;en faut. Champion du Monde cano\u00eb biplace classique et 3\u00e8me en sprint, Champion du monde par \u00e9quipe en cano\u00eb biplace sprint et 2\u00e8me en classique, 2\u00e8me en sprint et 3\u00e8me en \u00e9quipe cano\u00eb monoplace aux championnats du monde, la liste est encore longue et elle fait sans conteste de Louis le laur\u00e9at du troph\u00e9e 2016 dans la cat\u00e9gorie Senior. Quelle saison pour le jeune homme qui \u00e9volue au p\u00f4le espoir de Toulouse mais reste licenci\u00e9 \u00e0 l&rsquo;ASG. Ce dernier succ\u00e8de donc \u00e0 une autre kayakiste en la personne de Clair Haab qui a connu une saison un peu plus discr\u00e8te mais dont on attendra beaucoup en septembre 2017, date \u00e0 laquelle le Championnat du Monde de cano\u00eb-kayak aura lieu, et ce sera en France, \u00e0 Pau\u00a0! <\/span><\/span><\/span><\/p>\n<p><span style=\"color: #000000;\"><span style=\"font-family: Times New Roman,serif;\"><span style=\"font-size: large;\">Les autres nomin\u00e9s dans cette cat\u00e9gorie n&rsquo;\u00e9taient autre que Maxime Laheurte de l&rsquo;ASG Ski Nordique ainsi que son partenaire de club Adrien Backscheider et Clair Haab. On continue avec la cat\u00e9gorie Master et avec le cano\u00eb-Kayak puisque le laur\u00e9at n&rsquo;est autre que le coach du club local\u00a0: Gwendal Duchet\u00a0! \u00ab\u00a02\u00e8me papa de Louis Lapointe\u00a0\u00bb, pour reprendre les mots du p\u00e8re biologique du jeune champion, Gwendal Duchet avait pris une petite ann\u00e9e sabbatique pour rel\u00e2cher un peu la pression et revenir en pleine forme dans son costume d&rsquo;entra\u00eeneur. Cheville ouvri\u00e8re de son club, maillon indispensable, il est rest\u00e9 un comp\u00e9titeur dans l&rsquo;\u00e2me qui continue \u00e0 courir et obtenir des r\u00e9sultats. <\/span><\/span><\/span><\/p>\n<div id=\"attachment_98010\" style=\"width: 350px\" class=\"wp-caption alignleft\"><a href=\"\/2016\/11\/volley-minime.jpg\"><img decoding=\"async\" aria-describedby=\"caption-attachment-98010\" class=\"wp-image-98010 size-medium\" src=\"\/2016\/11\/volley-minime-340x255.jpg\" alt=\"volley minime\" width=\"340\" height=\"255\" \/><\/a><p id=\"caption-attachment-98010\" class=\"wp-caption-text\"><strong><span style=\"color: #003300;\">Des jeunes volleyeurs prometteurs<\/span><\/strong><\/p><\/div>\n<p><span style=\"color: #000000;\"><span style=\"font-family: Times New Roman,serif;\"><span style=\"font-size: large;\">Il ne monte d\u00e9finitivement pas dans son cano\u00eb pour beurrer des chouquettes\u00a0: 3\u00e8me des championnats de France de C1 sprint, 1er de la course master au championnat du monde de Banja Luka, 3\u00e8me au s\u00e9lectif national de St Pierre de Boeuf, il a fait le m\u00e9tier comme on dit\u00a0! Gwendal Duchet est donc le roi des masters avec pour dauphins son partenaire de club Jan Pischek et les skieurs de l&rsquo;ASG ski alpin Carole Petitjean et Nicolas Antoine. Chez les espoirs, les sports d&rsquo;eau tiennent encore et toujours le haut de l&rsquo;affiche avec deux jeunes juniors prometteurs\u00a0: Paul Tixier de l&rsquo;ASG Aviron et Mathilde Valdenaire de l&rsquo;ASG Cano\u00eb-kayak qui ont obtenu de beaux r\u00e9sultats au niveau national et m\u00eame plus encore. Les autres nomin\u00e9s \u00e9taient le volleyeur Th\u00e9o Durand, meilleur cadet de France \u00e0 son poste de lib\u00e9ro, la kayakiste minime Coline Husson ainsi que le combinard de l&rsquo;ASG Ski Nordique et minime Tanguy Laheurte. <\/span><\/span><\/span><\/p>\n<p><span style=\"color: #000000;\"> <span style=\"font-family: Times New Roman,serif;\"><span style=\"font-size: large;\"><span style=\"color: #000000;\">Du c\u00f4t\u00e9 des \u00e9quipes, c&rsquo;est sur les parquets que la bataille a eu lieu avec de jeunes laur\u00e9ats qui promettent eux aussi\u00a0: les minimes de l&rsquo;ASG Volley qui ont fini 3\u00e8me aux Championnats d&rsquo;excellence r\u00e9gional (le plus haut niveau chez les minimes) et qui poss\u00e8dent dans leur rang 3 s\u00e9lectionn\u00e9s en \u00e9quipe r\u00e9gionale pour le Championnat de France. Ils devancent ainsi les filles de l&rsquo;\u00e9quipe seniors de l&rsquo;ASG basket, les U18 f\u00e9minines de l&rsquo;ASG Football et les gar\u00e7ons de l&rsquo;ASG Ski Nordique.<\/span> <\/span><\/span><\/span><\/p>\n<div id=\"attachment_98009\" style=\"width: 350px\" class=\"wp-caption alignright\"><a href=\"\/2016\/11\/G\u00e9rard-Durand.jpg\"><img decoding=\"async\" aria-describedby=\"caption-attachment-98009\" class=\"size-medium wp-image-98009\" src=\"\/2016\/11\/G\u00e9rard-Durand-340x255.jpg\" alt=\"G\u00e9rard Durand\" width=\"340\" height=\"255\" \/><\/a><p id=\"caption-attachment-98009\" class=\"wp-caption-text\">G\u00e9rard Durand<\/p><\/div>\n<p><span style=\"color: #000000;\"><span style=\"font-family: Times New Roman,serif;\"><span style=\"font-size: large;\">Pour conclure, le jury aime mettre en valeur la fid\u00e9lit\u00e9 et l&rsquo;engagement d&rsquo;un b\u00e9n\u00e9vole. On a souvent l&#8217;embarras du choix en la mati\u00e8re \u00e0 G\u00e9rardmer m\u00eame si, r\u00e9p\u00e9tons-le, on a jamais trop de b\u00e9n\u00e9voles dans un club ou une association\u00a0!! Cette ann\u00e9e, c&rsquo;est le discret G\u00e9rard Durand de l&rsquo;ASG Volley qui \u00e9tait \u00e0 l&rsquo;honneur. Plus de 30 ans de bons et loyaux services pour son club et m\u00eame pour certains autres, arbitre, en charge de la gestion des tournois et de l&rsquo;occupation du gymnase, il est partout ou presque. Dans les ann\u00e9es 90, certains jeunes du club pensaient m\u00eame qu&rsquo;il habitait sous les gradins du gymnase Pierre &amp; Paul Didier\u00a0! Long\u00e9vit\u00e9, humilit\u00e9,G\u00e9rard sera bient\u00f4t en retraite et l&rsquo;a annonc\u00e9 sans sourciller\u00a0: il pourra donner encore plus\u00a0! C&rsquo;est possible \u00e7a\u00a0?! Merci G\u00e9rard et bonne route dans le sport g\u00e9r\u00f4mois. <\/span><\/span><\/span><\/p>\n<p><span style=\"color: #000000;\"><span style=\"font-family: Times New Roman,serif;\"><span style=\"font-size: large;\">Avant de refermer cette page sport qui se prolongera dans un second article consacr\u00e9 \u00e0 cette soir\u00e9e tr\u00e8s riche, on notera que les diff\u00e9rentes remises de troph\u00e9es assur\u00e9es par les membres du conseil municipal des jeunes ont \u00e9t\u00e9 altern\u00e9es par des remises de bons d&rsquo;achats \u00e0 certains clubs ou athl\u00e8tes qui ont brill\u00e9 eux aussi cette ann\u00e9e. Une r\u00e9compense et surtout des encouragements pour tous ces sportifs qui ont fait briller la Perle des Vosges \u00e0 travers leurs exploits.<\/span><\/span><\/span><\/p>\n","protected":false},"excerpt":{"rendered":"<p>Honneur aux dames vendredi \u00e0 l&rsquo;Espace LAC o\u00f9 s&rsquo;est d\u00e9roul\u00e9e la 2\u00e8me \u00e9dition de la Soir\u00e9e du Sport G\u00e9r\u00f4mois. Soir\u00e9e [&hellip;]<\/p>\n","protected":false},"author":42,"featured_media":22718,"comment_status":"open","ping_status":"open","sticky":false,"template":"","format":"standard","meta":{"footnotes":""},"categories":[20,14],"tags":[1578,1626,2723,2724],"class_list":["post-22717","post","type-post","status-publish","format-standard","has-post-thumbnail","hentry","category-a-la-une","category-sport","tag-aviron","tag-kayak","tag-meilleur-sportif-gerardmer","tag-remise-de-recompenses"],"acf":[],"yoast_head":"<!-- This site is optimized with the Yoast SEO plugin v22.5 - https:\/\/yoast.com\/wordpress\/plugins\/seo\/ -->\n<title>Pluie de r\u00e9compenses pour le sport g\u00e9r\u00f4mois - Gerardmer Info<\/title>\n<meta name=\"robots\" content=\"index, follow, max-snippet:-1, max-image-preview:large, max-video-preview:-1\" \/>\n<link rel=\"canonical\" href=\"https:\/\/vosgesinfo.fr\/gerardmerinfo\/2016\/11\/pluie-de-recompenses-sport-geromois\/\" \/>\n<meta name=\"twitter:card\" content=\"summary_large_image\" \/>\n<meta name=\"twitter:title\" content=\"Pluie de r\u00e9compenses pour le sport g\u00e9r\u00f4mois - Gerardmer Info\" \/>\n<meta name=\"twitter:description\" content=\"Honneur aux dames vendredi \u00e0 l&rsquo;Espace LAC o\u00f9 s&rsquo;est d\u00e9roul\u00e9e la 2\u00e8me \u00e9dition de la Soir\u00e9e du Sport G\u00e9r\u00f4mois. Soir\u00e9e [&hellip;]\" \/>\n<meta name=\"twitter:image\" content=\"https:\/\/vosgesinfo.fr\/app\/uploads\/sites\/6\/2024\/07\/201611soiree-sports-geromois.jpg\" \/>\n<meta name=\"twitter:creator\" content=\"@VosgesInfo88\" \/>\n<meta name=\"twitter:site\" content=\"@VosgesInfo88\" \/>\n<meta name=\"twitter:label1\" content=\"\u00c9crit par\" \/>\n\t<meta name=\"twitter:data1\" content=\"QG\" \/>\n\t<meta name=\"twitter:label2\" content=\"Dur\u00e9e de lecture estim\u00e9e\" \/>\n\t<meta name=\"twitter:data2\" content=\"6 minutes\" \/>\n<script type=\"application\/ld+json\" class=\"yoast-schema-graph\">{\"@context\":\"https:\/\/schema.org\",\"@graph\":[{\"@type\":\"Article\",\"@id\":\"https:\/\/vosgesinfo.fr\/gerardmerinfo\/2016\/11\/pluie-de-recompenses-sport-geromois\/#article\",\"isPartOf\":{\"@id\":\"https:\/\/vosgesinfo.fr\/gerardmerinfo\/2016\/11\/pluie-de-recompenses-sport-geromois\/\"},\"author\":{\"name\":\"QG\",\"@id\":\"https:\/\/vosgesinfo.fr\/gerardmerinfo\/#\/schema\/person\/db5605779a843dad16b5368f3e7613a5\"},\"headline\":\"Pluie de r\u00e9compenses pour le sport g\u00e9r\u00f4mois\",\"datePublished\":\"2016-11-19T15:45:28+00:00\",\"dateModified\":\"2016-11-19T15:45:28+00:00\",\"mainEntityOfPage\":{\"@id\":\"https:\/\/vosgesinfo.fr\/gerardmerinfo\/2016\/11\/pluie-de-recompenses-sport-geromois\/\"},\"wordCount\":1179,\"commentCount\":0,\"publisher\":{\"@id\":\"https:\/\/vosgesinfo.fr\/gerardmerinfo\/#organization\"},\"image\":{\"@id\":\"https:\/\/vosgesinfo.fr\/gerardmerinfo\/2016\/11\/pluie-de-recompenses-sport-geromois\/#primaryimage\"},\"thumbnailUrl\":\"https:\/\/vosgesinfo.fr\/app\/uploads\/sites\/6\/2024\/07\/201611soiree-sports-geromois.jpg\",\"keywords\":[\"aviron\",\"kayak\",\"meilleur sportif G\u00e9rardmer\",\"remise de r\u00e9compenses\"],\"articleSection\":[\"A la une\",\"Sport\"],\"inLanguage\":\"fr-FR\",\"potentialAction\":[{\"@type\":\"CommentAction\",\"name\":\"Comment\",\"target\":[\"https:\/\/vosgesinfo.fr\/gerardmerinfo\/2016\/11\/pluie-de-recompenses-sport-geromois\/#respond\"]}]},{\"@type\":\"WebPage\",\"@id\":\"https:\/\/vosgesinfo.fr\/gerardmerinfo\/2016\/11\/pluie-de-recompenses-sport-geromois\/\",\"url\":\"https:\/\/vosgesinfo.fr\/gerardmerinfo\/2016\/11\/pluie-de-recompenses-sport-geromois\/\",\"name\":\"Pluie de r\u00e9compenses pour le sport g\u00e9r\u00f4mois - Gerardmer Info\",\"isPartOf\":{\"@id\":\"https:\/\/vosgesinfo.fr\/gerardmerinfo\/#website\"},\"primaryImageOfPage\":{\"@id\":\"https:\/\/vosgesinfo.fr\/gerardmerinfo\/2016\/11\/pluie-de-recompenses-sport-geromois\/#primaryimage\"},\"image\":{\"@id\":\"https:\/\/vosgesinfo.fr\/gerardmerinfo\/2016\/11\/pluie-de-recompenses-sport-geromois\/#primaryimage\"},\"thumbnailUrl\":\"https:\/\/vosgesinfo.fr\/app\/uploads\/sites\/6\/2024\/07\/201611soiree-sports-geromois.jpg\",\"datePublished\":\"2016-11-19T15:45:28+00:00\",\"dateModified\":\"2016-11-19T15:45:28+00:00\",\"breadcrumb\":{\"@id\":\"https:\/\/vosgesinfo.fr\/gerardmerinfo\/2016\/11\/pluie-de-recompenses-sport-geromois\/#breadcrumb\"},\"inLanguage\":\"fr-FR\",\"potentialAction\":[{\"@type\":\"ReadAction\",\"target\":[\"https:\/\/vosgesinfo.fr\/gerardmerinfo\/2016\/11\/pluie-de-recompenses-sport-geromois\/\"]}]},{\"@type\":\"ImageObject\",\"inLanguage\":\"fr-FR\",\"@id\":\"https:\/\/vosgesinfo.fr\/gerardmerinfo\/2016\/11\/pluie-de-recompenses-sport-geromois\/#primaryimage\",\"url\":\"https:\/\/vosgesinfo.fr\/app\/uploads\/sites\/6\/2024\/07\/201611soiree-sports-geromois.jpg\",\"contentUrl\":\"https:\/\/vosgesinfo.fr\/app\/uploads\/sites\/6\/2024\/07\/201611soiree-sports-geromois.jpg\",\"width\":800,\"height\":450},{\"@type\":\"BreadcrumbList\",\"@id\":\"https:\/\/vosgesinfo.fr\/gerardmerinfo\/2016\/11\/pluie-de-recompenses-sport-geromois\/#breadcrumb\",\"itemListElement\":[{\"@type\":\"ListItem\",\"position\":1,\"name\":\"Home\",\"item\":\"https:\/\/vosgesinfo.fr\/gerardmerinfo\/\"},{\"@type\":\"ListItem\",\"position\":2,\"name\":\"Pluie de r\u00e9compenses pour le sport g\u00e9r\u00f4mois\"}]},{\"@type\":\"WebSite\",\"@id\":\"https:\/\/vosgesinfo.fr\/gerardmerinfo\/#website\",\"url\":\"https:\/\/vosgesinfo.fr\/gerardmerinfo\/\",\"name\":\"Gerardmer Info\",\"description\":\"Toute l&#039;actualit\u00e9 de G\u00e9rardmer\",\"publisher\":{\"@id\":\"https:\/\/vosgesinfo.fr\/gerardmerinfo\/#organization\"},\"alternateName\":\"Toute l'actualit\u00e9 de G\u00e9rardmer\",\"potentialAction\":[{\"@type\":\"SearchAction\",\"target\":{\"@type\":\"EntryPoint\",\"urlTemplate\":\"https:\/\/vosgesinfo.fr\/gerardmerinfo\/?s={search_term_string}\"},\"query-input\":\"required name=search_term_string\"}],\"inLanguage\":\"fr-FR\"},{\"@type\":\"Organization\",\"@id\":\"https:\/\/vosgesinfo.fr\/gerardmerinfo\/#organization\",\"name\":\"Gerardmer Info\",\"url\":\"https:\/\/vosgesinfo.fr\/gerardmerinfo\/\",\"logo\":{\"@type\":\"ImageObject\",\"inLanguage\":\"fr-FR\",\"@id\":\"https:\/\/vosgesinfo.fr\/gerardmerinfo\/#\/schema\/logo\/image\/\",\"url\":\"https:\/\/vosgesinfo.fr\/app\/uploads\/sites\/6\/2023\/08\/favicon-gerardmerinfo.png\",\"contentUrl\":\"https:\/\/vosgesinfo.fr\/app\/uploads\/sites\/6\/2023\/08\/favicon-gerardmerinfo.png\",\"width\":512,\"height\":512,\"caption\":\"Gerardmer Info\"},\"image\":{\"@id\":\"https:\/\/vosgesinfo.fr\/gerardmerinfo\/#\/schema\/logo\/image\/\"},\"sameAs\":[\"https:\/\/www.facebook.com\/profile.php?id=100049475262660\",\"https:\/\/x.com\/VosgesInfo88\",\"https:\/\/www.youtube.com\/@vosgesinfo\"]},{\"@type\":\"Person\",\"@id\":\"https:\/\/vosgesinfo.fr\/gerardmerinfo\/#\/schema\/person\/db5605779a843dad16b5368f3e7613a5\",\"name\":\"QG\",\"image\":{\"@type\":\"ImageObject\",\"inLanguage\":\"fr-FR\",\"@id\":\"https:\/\/vosgesinfo.fr\/gerardmerinfo\/#\/schema\/person\/image\/\",\"url\":\"https:\/\/secure.gravatar.com\/avatar\/ea80c42c204b534408512832fde52504ecabb9706bcb6151cf6175e5b64e6793?s=96&d=mm&r=g\",\"contentUrl\":\"https:\/\/secure.gravatar.com\/avatar\/ea80c42c204b534408512832fde52504ecabb9706bcb6151cf6175e5b64e6793?s=96&d=mm&r=g\",\"caption\":\"QG\"},\"url\":\"https:\/\/vosgesinfo.fr\/gerardmerinfo\/author\/quentin88\/\"}]}<\/script>\n<!-- \/ Yoast SEO plugin. -->","yoast_head_json":{"title":"Pluie de r\u00e9compenses pour le sport g\u00e9r\u00f4mois - Gerardmer Info","robots":{"index":"index","follow":"follow","max-snippet":"max-snippet:-1","max-image-preview":"max-image-preview:large","max-video-preview":"max-video-preview:-1"},"canonical":"https:\/\/vosgesinfo.fr\/gerardmerinfo\/2016\/11\/pluie-de-recompenses-sport-geromois\/","twitter_card":"summary_large_image","twitter_title":"Pluie de r\u00e9compenses pour le sport g\u00e9r\u00f4mois - Gerardmer Info","twitter_description":"Honneur aux dames vendredi \u00e0 l&rsquo;Espace LAC o\u00f9 s&rsquo;est d\u00e9roul\u00e9e la 2\u00e8me \u00e9dition de la Soir\u00e9e du Sport G\u00e9r\u00f4mois. Soir\u00e9e [&hellip;]","twitter_image":"https:\/\/vosgesinfo.fr\/app\/uploads\/sites\/6\/2024\/07\/201611soiree-sports-geromois.jpg","twitter_creator":"@VosgesInfo88","twitter_site":"@VosgesInfo88","twitter_misc":{"\u00c9crit par":"QG","Dur\u00e9e de lecture estim\u00e9e":"6 minutes"},"schema":{"@context":"https:\/\/schema.org","@graph":[{"@type":"Article","@id":"https:\/\/vosgesinfo.fr\/gerardmerinfo\/2016\/11\/pluie-de-recompenses-sport-geromois\/#article","isPartOf":{"@id":"https:\/\/vosgesinfo.fr\/gerardmerinfo\/2016\/11\/pluie-de-recompenses-sport-geromois\/"},"author":{"name":"QG","@id":"https:\/\/vosgesinfo.fr\/gerardmerinfo\/#\/schema\/person\/db5605779a843dad16b5368f3e7613a5"},"headline":"Pluie de r\u00e9compenses pour le sport g\u00e9r\u00f4mois","datePublished":"2016-11-19T15:45:28+00:00","dateModified":"2016-11-19T15:45:28+00:00","mainEntityOfPage":{"@id":"https:\/\/vosgesinfo.fr\/gerardmerinfo\/2016\/11\/pluie-de-recompenses-sport-geromois\/"},"wordCount":1179,"commentCount":0,"publisher":{"@id":"https:\/\/vosgesinfo.fr\/gerardmerinfo\/#organization"},"image":{"@id":"https:\/\/vosgesinfo.fr\/gerardmerinfo\/2016\/11\/pluie-de-recompenses-sport-geromois\/#primaryimage"},"thumbnailUrl":"https:\/\/vosgesinfo.fr\/app\/uploads\/sites\/6\/2024\/07\/201611soiree-sports-geromois.jpg","keywords":["aviron","kayak","meilleur sportif G\u00e9rardmer","remise de r\u00e9compenses"],"articleSection":["A la une","Sport"],"inLanguage":"fr-FR","potentialAction":[{"@type":"CommentAction","name":"Comment","target":["https:\/\/vosgesinfo.fr\/gerardmerinfo\/2016\/11\/pluie-de-recompenses-sport-geromois\/#respond"]}]},{"@type":"WebPage","@id":"https:\/\/vosgesinfo.fr\/gerardmerinfo\/2016\/11\/pluie-de-recompenses-sport-geromois\/","url":"https:\/\/vosgesinfo.fr\/gerardmerinfo\/2016\/11\/pluie-de-recompenses-sport-geromois\/","name":"Pluie de r\u00e9compenses pour le sport g\u00e9r\u00f4mois - Gerardmer Info","isPartOf":{"@id":"https:\/\/vosgesinfo.fr\/gerardmerinfo\/#website"},"primaryImageOfPage":{"@id":"https:\/\/vosgesinfo.fr\/gerardmerinfo\/2016\/11\/pluie-de-recompenses-sport-geromois\/#primaryimage"},"image":{"@id":"https:\/\/vosgesinfo.fr\/gerardmerinfo\/2016\/11\/pluie-de-recompenses-sport-geromois\/#primaryimage"},"thumbnailUrl":"https:\/\/vosgesinfo.fr\/app\/uploads\/sites\/6\/2024\/07\/201611soiree-sports-geromois.jpg","datePublished":"2016-11-19T15:45:28+00:00","dateModified":"2016-11-19T15:45:28+00:00","breadcrumb":{"@id":"https:\/\/vosgesinfo.fr\/gerardmerinfo\/2016\/11\/pluie-de-recompenses-sport-geromois\/#breadcrumb"},"inLanguage":"fr-FR","potentialAction":[{"@type":"ReadAction","target":["https:\/\/vosgesinfo.fr\/gerardmerinfo\/2016\/11\/pluie-de-recompenses-sport-geromois\/"]}]},{"@type":"ImageObject","inLanguage":"fr-FR","@id":"https:\/\/vosgesinfo.fr\/gerardmerinfo\/2016\/11\/pluie-de-recompenses-sport-geromois\/#primaryimage","url":"https:\/\/vosgesinfo.fr\/app\/uploads\/sites\/6\/2024\/07\/201611soiree-sports-geromois.jpg","contentUrl":"https:\/\/vosgesinfo.fr\/app\/uploads\/sites\/6\/2024\/07\/201611soiree-sports-geromois.jpg","width":800,"height":450},{"@type":"BreadcrumbList","@id":"https:\/\/vosgesinfo.fr\/gerardmerinfo\/2016\/11\/pluie-de-recompenses-sport-geromois\/#breadcrumb","itemListElement":[{"@type":"ListItem","position":1,"name":"Home","item":"https:\/\/vosgesinfo.fr\/gerardmerinfo\/"},{"@type":"ListItem","position":2,"name":"Pluie de r\u00e9compenses pour le sport g\u00e9r\u00f4mois"}]},{"@type":"WebSite","@id":"https:\/\/vosgesinfo.fr\/gerardmerinfo\/#website","url":"https:\/\/vosgesinfo.fr\/gerardmerinfo\/","name":"Gerardmer Info","description":"Toute l&#039;actualit\u00e9 de G\u00e9rardmer","publisher":{"@id":"https:\/\/vosgesinfo.fr\/gerardmerinfo\/#organization"},"alternateName":"Toute l'actualit\u00e9 de G\u00e9rardmer","potentialAction":[{"@type":"SearchAction","target":{"@type":"EntryPoint","urlTemplate":"https:\/\/vosgesinfo.fr\/gerardmerinfo\/?s={search_term_string}"},"query-input":"required name=search_term_string"}],"inLanguage":"fr-FR"},{"@type":"Organization","@id":"https:\/\/vosgesinfo.fr\/gerardmerinfo\/#organization","name":"Gerardmer Info","url":"https:\/\/vosgesinfo.fr\/gerardmerinfo\/","logo":{"@type":"ImageObject","inLanguage":"fr-FR","@id":"https:\/\/vosgesinfo.fr\/gerardmerinfo\/#\/schema\/logo\/image\/","url":"https:\/\/vosgesinfo.fr\/app\/uploads\/sites\/6\/2023\/08\/favicon-gerardmerinfo.png","contentUrl":"https:\/\/vosgesinfo.fr\/app\/uploads\/sites\/6\/2023\/08\/favicon-gerardmerinfo.png","width":512,"height":512,"caption":"Gerardmer Info"},"image":{"@id":"https:\/\/vosgesinfo.fr\/gerardmerinfo\/#\/schema\/logo\/image\/"},"sameAs":["https:\/\/www.facebook.com\/profile.php?id=100049475262660","https:\/\/x.com\/VosgesInfo88","https:\/\/www.youtube.com\/@vosgesinfo"]},{"@type":"Person","@id":"https:\/\/vosgesinfo.fr\/gerardmerinfo\/#\/schema\/person\/db5605779a843dad16b5368f3e7613a5","name":"QG","image":{"@type":"ImageObject","inLanguage":"fr-FR","@id":"https:\/\/vosgesinfo.fr\/gerardmerinfo\/#\/schema\/person\/image\/","url":"https:\/\/secure.gravatar.com\/avatar\/ea80c42c204b534408512832fde52504ecabb9706bcb6151cf6175e5b64e6793?s=96&d=mm&r=g","contentUrl":"https:\/\/secure.gravatar.com\/avatar\/ea80c42c204b534408512832fde52504ecabb9706bcb6151cf6175e5b64e6793?s=96&d=mm&r=g","caption":"QG"},"url":"https:\/\/vosgesinfo.fr\/gerardmerinfo\/author\/quentin88\/"}]}},"_links":{"self":[{"href":"https:\/\/vosgesinfo.fr\/gerardmerinfo\/wp-json\/wp\/v2\/posts\/22717","targetHints":{"allow":["GET"]}}],"collection":[{"href":"https:\/\/vosgesinfo.fr\/gerardmerinfo\/wp-json\/wp\/v2\/posts"}],"about":[{"href":"https:\/\/vosgesinfo.fr\/gerardmerinfo\/wp-json\/wp\/v2\/types\/post"}],"author":[{"embeddable":true,"href":"https:\/\/vosgesinfo.fr\/gerardmerinfo\/wp-json\/wp\/v2\/users\/42"}],"replies":[{"embeddable":true,"href":"https:\/\/vosgesinfo.fr\/gerardmerinfo\/wp-json\/wp\/v2\/comments?post=22717"}],"version-history":[{"count":0,"href":"https:\/\/vosgesinfo.fr\/gerardmerinfo\/wp-json\/wp\/v2\/posts\/22717\/revisions"}],"wp:featuredmedia":[{"embeddable":true,"href":"https:\/\/vosgesinfo.fr\/gerardmerinfo\/wp-json\/wp\/v2\/media\/22718"}],"wp:attachment":[{"href":"https:\/\/vosgesinfo.fr\/gerardmerinfo\/wp-json\/wp\/v2\/media?parent=22717"}],"wp:term":[{"taxonomy":"category","embeddable":true,"href":"https:\/\/vosgesinfo.fr\/gerardmerinfo\/wp-json\/wp\/v2\/categories?post=22717"},{"taxonomy":"post_tag","embeddable":true,"href":"https:\/\/vosgesinfo.fr\/gerardmerinfo\/wp-json\/wp\/v2\/tags?post=22717"}],"curies":[{"name":"wp","href":"https:\/\/api.w.org\/{rel}","templated":true}]}}