{"id":23265,"date":"2016-12-16T16:27:12","date_gmt":"2016-12-16T15:27:12","guid":{"rendered":"https:\/\/vosgesinfo.fr\/gerardmerinfo\/2016\/12\/ouverture-partielle-domaine-skiable-alpin-gerardmer-samedi-17-decembre\/"},"modified":"2016-12-16T16:27:12","modified_gmt":"2016-12-16T15:27:12","slug":"ouverture-partielle-domaine-skiable-alpin-gerardmer-samedi-17-decembre","status":"publish","type":"post","link":"https:\/\/vosgesinfo.fr\/gerardmerinfo\/2016\/12\/ouverture-partielle-domaine-skiable-alpin-gerardmer-samedi-17-decembre\/","title":{"rendered":"OUVERTURE PARTIELLE DOMAINE SKIABLE ALPIN GERARDMER SAMEDI 17 DECEMBRE"},"content":{"rendered":"<p class=\"x_MsoNormal\"><b>La station de ski alpin ouvrira partiellement avec la neige de culture \u00e0 partir de samedi 17 d\u00e9cembre 2016 \u00e0 9\u00a0h.\u00a0<\/b><\/p>\n<p class=\"x_MsoNormal\">\n<p class=\"x_MsoNormal\">Il est pr\u00e9vu d&rsquo;ouvrir la piste verte \u00ab\u00a0La Souris\u00a0\u00bb, la piste rouge \u00ab\u00a0Le T\u00e9tras\u00a0\u00bb, le jardin d&rsquo;enfant et la Petite Mauselaine (front de neige).\u00a0Par souci de transparence, nous pr\u00e9cisons qu&rsquo;en raison des variations de production de neige de culture selon les endroits, la largeur skiable de certaines portions de pistes est relativement \u00e9troite.<\/p>\n<p class=\"x_MsoNormal\">Le tarif pour les forfaits remont\u00e9es m\u00e9caniques sera un tarif interm\u00e9diaire entre le tarif vert\u00a0et le tarif rouge.<\/p>\n<p class=\"x_MsoNormal\">Pour raison de s\u00e9curit\u00e9, toutes les nocturnes sont actuellement annul\u00e9es.<\/p>\n<p class=\"x_MsoNormal\">La navette des neiges principale circulera tous les jours \u00e0 partir du samedi 17 d\u00e9cembre 2016 jusqu\u2019au dimanche 8 janvier 2017 inclus.<\/p>\n<p class=\"x_MsoNormal\">La navette des neiges p\u00e9riph\u00e9rique circulera tous les jours \u00e0 partir du samedi 17 d\u00e9cembre 2016 jusqu\u2019au dimanche 1er janvier \u00a02017 inclus.<\/p>\n<p class=\"x_MsoNormal\">\n<p class=\"x_MsoNormal\">Mercredi 21 d\u00e9cembre 2016 \u00e0 partir de 18h30 \u00e0 La Mauselaine\u00a0: Descente aux flambeaux et feu d\u2019artifice\u00a0 (boisson chaude offerte par les h\u00f4teliers de G\u00e9rardmer)<\/p>\n<p class=\"x_MsoNormal\">\n<p class=\"x_MsoNormal\">Mercredi 28 d\u00e9cembre 2016 \u00e0 partir de 18h30 \u00e0 La Mauselaine\u00a0: Show laser \u2013 Descente aux flambeaux et feu d\u2019artifice (boisson chaude offerte par les h\u00f4teliers de G\u00e9rardmer)<\/p>\n<p class=\"x_MsoNormal\">\n<p class=\"x_MsoNormal\">Les soirs des descentes aux flambeaux, la piste de la petite Mauselaine sera ouverte gratuitement de 17h \u00e0 18h.<\/p>\n<p class=\"x_MsoNormal\">\n<p class=\"x_MsoNormal\">Nous restons \u00e0 votre disposition pour tout renseignement compl\u00e9mentaire<\/p>\n","protected":false},"excerpt":{"rendered":"<p>La station de ski alpin ouvrira partiellement avec la neige de culture \u00e0 partir de samedi 17 d\u00e9cembre 2016 \u00e0 [&hellip;]<\/p>\n","protected":false},"author":42,"featured_media":23266,"comment_status":"open","ping_status":"open","sticky":false,"template":"","format":"standard","meta":{"footnotes":""},"categories":[20,25,14],"tags":[],"class_list":["post-23265","post","type-post","status-publish","format-standard","has-post-thumbnail","hentry","category-a-la-une","category-gerardmer","category-sport"],"acf":[],"yoast_head":"<!-- This site is optimized with the Yoast SEO plugin v22.5 - https:\/\/yoast.com\/wordpress\/plugins\/seo\/ -->\n<title>OUVERTURE PARTIELLE DOMAINE SKIABLE ALPIN GERARDMER SAMEDI 17 DECEMBRE - Gerardmer Info<\/title>\n<meta name=\"robots\" content=\"index, follow, max-snippet:-1, max-image-preview:large, max-video-preview:-1\" \/>\n<link rel=\"canonical\" href=\"https:\/\/vosgesinfo.fr\/gerardmerinfo\/2016\/12\/ouverture-partielle-domaine-skiable-alpin-gerardmer-samedi-17-decembre\/\" \/>\n<meta name=\"twitter:card\" content=\"summary_large_image\" \/>\n<meta name=\"twitter:title\" content=\"OUVERTURE PARTIELLE DOMAINE SKIABLE ALPIN GERARDMER SAMEDI 17 DECEMBRE - Gerardmer Info\" \/>\n<meta name=\"twitter:description\" content=\"La station de ski alpin ouvrira partiellement avec la neige de culture \u00e0 partir de samedi 17 d\u00e9cembre 2016 \u00e0 [&hellip;]\" \/>\n<meta name=\"twitter:image\" content=\"https:\/\/vosgesinfo.fr\/app\/uploads\/sites\/6\/2024\/07\/201602mauselaine1-1.jpg\" \/>\n<meta name=\"twitter:creator\" content=\"@VosgesInfo88\" \/>\n<meta name=\"twitter:site\" content=\"@VosgesInfo88\" \/>\n<meta name=\"twitter:label1\" content=\"\u00c9crit par\" \/>\n\t<meta name=\"twitter:data1\" content=\"QG\" \/>\n\t<meta name=\"twitter:label2\" content=\"Dur\u00e9e de lecture estim\u00e9e\" \/>\n\t<meta name=\"twitter:data2\" content=\"1 minute\" \/>\n<script type=\"application\/ld+json\" class=\"yoast-schema-graph\">{\"@context\":\"https:\/\/schema.org\",\"@graph\":[{\"@type\":\"Article\",\"@id\":\"https:\/\/vosgesinfo.fr\/gerardmerinfo\/2016\/12\/ouverture-partielle-domaine-skiable-alpin-gerardmer-samedi-17-decembre\/#article\",\"isPartOf\":{\"@id\":\"https:\/\/vosgesinfo.fr\/gerardmerinfo\/2016\/12\/ouverture-partielle-domaine-skiable-alpin-gerardmer-samedi-17-decembre\/\"},\"author\":{\"name\":\"QG\",\"@id\":\"https:\/\/vosgesinfo.fr\/gerardmerinfo\/#\/schema\/person\/db5605779a843dad16b5368f3e7613a5\"},\"headline\":\"OUVERTURE PARTIELLE DOMAINE SKIABLE ALPIN GERARDMER SAMEDI 17 DECEMBRE\",\"datePublished\":\"2016-12-16T15:27:12+00:00\",\"dateModified\":\"2016-12-16T15:27:12+00:00\",\"mainEntityOfPage\":{\"@id\":\"https:\/\/vosgesinfo.fr\/gerardmerinfo\/2016\/12\/ouverture-partielle-domaine-skiable-alpin-gerardmer-samedi-17-decembre\/\"},\"wordCount\":240,\"commentCount\":0,\"publisher\":{\"@id\":\"https:\/\/vosgesinfo.fr\/gerardmerinfo\/#organization\"},\"image\":{\"@id\":\"https:\/\/vosgesinfo.fr\/gerardmerinfo\/2016\/12\/ouverture-partielle-domaine-skiable-alpin-gerardmer-samedi-17-decembre\/#primaryimage\"},\"thumbnailUrl\":\"https:\/\/vosgesinfo.fr\/app\/uploads\/sites\/6\/2024\/07\/201602mauselaine1-1.jpg\",\"articleSection\":[\"A la une\",\"G\u00e9rardmer\",\"Sport\"],\"inLanguage\":\"fr-FR\",\"potentialAction\":[{\"@type\":\"CommentAction\",\"name\":\"Comment\",\"target\":[\"https:\/\/vosgesinfo.fr\/gerardmerinfo\/2016\/12\/ouverture-partielle-domaine-skiable-alpin-gerardmer-samedi-17-decembre\/#respond\"]}]},{\"@type\":\"WebPage\",\"@id\":\"https:\/\/vosgesinfo.fr\/gerardmerinfo\/2016\/12\/ouverture-partielle-domaine-skiable-alpin-gerardmer-samedi-17-decembre\/\",\"url\":\"https:\/\/vosgesinfo.fr\/gerardmerinfo\/2016\/12\/ouverture-partielle-domaine-skiable-alpin-gerardmer-samedi-17-decembre\/\",\"name\":\"OUVERTURE PARTIELLE DOMAINE SKIABLE ALPIN GERARDMER SAMEDI 17 DECEMBRE - Gerardmer Info\",\"isPartOf\":{\"@id\":\"https:\/\/vosgesinfo.fr\/gerardmerinfo\/#website\"},\"primaryImageOfPage\":{\"@id\":\"https:\/\/vosgesinfo.fr\/gerardmerinfo\/2016\/12\/ouverture-partielle-domaine-skiable-alpin-gerardmer-samedi-17-decembre\/#primaryimage\"},\"image\":{\"@id\":\"https:\/\/vosgesinfo.fr\/gerardmerinfo\/2016\/12\/ouverture-partielle-domaine-skiable-alpin-gerardmer-samedi-17-decembre\/#primaryimage\"},\"thumbnailUrl\":\"https:\/\/vosgesinfo.fr\/app\/uploads\/sites\/6\/2024\/07\/201602mauselaine1-1.jpg\",\"datePublished\":\"2016-12-16T15:27:12+00:00\",\"dateModified\":\"2016-12-16T15:27:12+00:00\",\"breadcrumb\":{\"@id\":\"https:\/\/vosgesinfo.fr\/gerardmerinfo\/2016\/12\/ouverture-partielle-domaine-skiable-alpin-gerardmer-samedi-17-decembre\/#breadcrumb\"},\"inLanguage\":\"fr-FR\",\"potentialAction\":[{\"@type\":\"ReadAction\",\"target\":[\"https:\/\/vosgesinfo.fr\/gerardmerinfo\/2016\/12\/ouverture-partielle-domaine-skiable-alpin-gerardmer-samedi-17-decembre\/\"]}]},{\"@type\":\"ImageObject\",\"inLanguage\":\"fr-FR\",\"@id\":\"https:\/\/vosgesinfo.fr\/gerardmerinfo\/2016\/12\/ouverture-partielle-domaine-skiable-alpin-gerardmer-samedi-17-decembre\/#primaryimage\",\"url\":\"https:\/\/vosgesinfo.fr\/app\/uploads\/sites\/6\/2024\/07\/201602mauselaine1-1.jpg\",\"contentUrl\":\"https:\/\/vosgesinfo.fr\/app\/uploads\/sites\/6\/2024\/07\/201602mauselaine1-1.jpg\",\"width\":800,\"height\":535},{\"@type\":\"BreadcrumbList\",\"@id\":\"https:\/\/vosgesinfo.fr\/gerardmerinfo\/2016\/12\/ouverture-partielle-domaine-skiable-alpin-gerardmer-samedi-17-decembre\/#breadcrumb\",\"itemListElement\":[{\"@type\":\"ListItem\",\"position\":1,\"name\":\"Home\",\"item\":\"https:\/\/vosgesinfo.fr\/gerardmerinfo\/\"},{\"@type\":\"ListItem\",\"position\":2,\"name\":\"OUVERTURE PARTIELLE DOMAINE SKIABLE ALPIN GERARDMER SAMEDI 17 DECEMBRE\"}]},{\"@type\":\"WebSite\",\"@id\":\"https:\/\/vosgesinfo.fr\/gerardmerinfo\/#website\",\"url\":\"https:\/\/vosgesinfo.fr\/gerardmerinfo\/\",\"name\":\"Gerardmer Info\",\"description\":\"Toute l&#039;actualit\u00e9 de G\u00e9rardmer\",\"publisher\":{\"@id\":\"https:\/\/vosgesinfo.fr\/gerardmerinfo\/#organization\"},\"alternateName\":\"Toute l'actualit\u00e9 de G\u00e9rardmer\",\"potentialAction\":[{\"@type\":\"SearchAction\",\"target\":{\"@type\":\"EntryPoint\",\"urlTemplate\":\"https:\/\/vosgesinfo.fr\/gerardmerinfo\/?s={search_term_string}\"},\"query-input\":\"required name=search_term_string\"}],\"inLanguage\":\"fr-FR\"},{\"@type\":\"Organization\",\"@id\":\"https:\/\/vosgesinfo.fr\/gerardmerinfo\/#organization\",\"name\":\"Gerardmer Info\",\"url\":\"https:\/\/vosgesinfo.fr\/gerardmerinfo\/\",\"logo\":{\"@type\":\"ImageObject\",\"inLanguage\":\"fr-FR\",\"@id\":\"https:\/\/vosgesinfo.fr\/gerardmerinfo\/#\/schema\/logo\/image\/\",\"url\":\"https:\/\/vosgesinfo.fr\/app\/uploads\/sites\/6\/2023\/08\/favicon-gerardmerinfo.png\",\"contentUrl\":\"https:\/\/vosgesinfo.fr\/app\/uploads\/sites\/6\/2023\/08\/favicon-gerardmerinfo.png\",\"width\":512,\"height\":512,\"caption\":\"Gerardmer Info\"},\"image\":{\"@id\":\"https:\/\/vosgesinfo.fr\/gerardmerinfo\/#\/schema\/logo\/image\/\"},\"sameAs\":[\"https:\/\/www.facebook.com\/profile.php?id=100049475262660\",\"https:\/\/x.com\/VosgesInfo88\",\"https:\/\/www.youtube.com\/@vosgesinfo\"]},{\"@type\":\"Person\",\"@id\":\"https:\/\/vosgesinfo.fr\/gerardmerinfo\/#\/schema\/person\/db5605779a843dad16b5368f3e7613a5\",\"name\":\"QG\",\"image\":{\"@type\":\"ImageObject\",\"inLanguage\":\"fr-FR\",\"@id\":\"https:\/\/vosgesinfo.fr\/gerardmerinfo\/#\/schema\/person\/image\/\",\"url\":\"https:\/\/secure.gravatar.com\/avatar\/ea80c42c204b534408512832fde52504ecabb9706bcb6151cf6175e5b64e6793?s=96&d=mm&r=g\",\"contentUrl\":\"https:\/\/secure.gravatar.com\/avatar\/ea80c42c204b534408512832fde52504ecabb9706bcb6151cf6175e5b64e6793?s=96&d=mm&r=g\",\"caption\":\"QG\"},\"url\":\"https:\/\/vosgesinfo.fr\/gerardmerinfo\/author\/quentin88\/\"}]}<\/script>\n<!-- \/ Yoast SEO plugin. -->","yoast_head_json":{"title":"OUVERTURE PARTIELLE DOMAINE SKIABLE ALPIN GERARDMER SAMEDI 17 DECEMBRE - Gerardmer Info","robots":{"index":"index","follow":"follow","max-snippet":"max-snippet:-1","max-image-preview":"max-image-preview:large","max-video-preview":"max-video-preview:-1"},"canonical":"https:\/\/vosgesinfo.fr\/gerardmerinfo\/2016\/12\/ouverture-partielle-domaine-skiable-alpin-gerardmer-samedi-17-decembre\/","twitter_card":"summary_large_image","twitter_title":"OUVERTURE PARTIELLE DOMAINE SKIABLE ALPIN GERARDMER SAMEDI 17 DECEMBRE - Gerardmer Info","twitter_description":"La station de ski alpin ouvrira partiellement avec la neige de culture \u00e0 partir de samedi 17 d\u00e9cembre 2016 \u00e0 [&hellip;]","twitter_image":"https:\/\/vosgesinfo.fr\/app\/uploads\/sites\/6\/2024\/07\/201602mauselaine1-1.jpg","twitter_creator":"@VosgesInfo88","twitter_site":"@VosgesInfo88","twitter_misc":{"\u00c9crit par":"QG","Dur\u00e9e de lecture estim\u00e9e":"1 minute"},"schema":{"@context":"https:\/\/schema.org","@graph":[{"@type":"Article","@id":"https:\/\/vosgesinfo.fr\/gerardmerinfo\/2016\/12\/ouverture-partielle-domaine-skiable-alpin-gerardmer-samedi-17-decembre\/#article","isPartOf":{"@id":"https:\/\/vosgesinfo.fr\/gerardmerinfo\/2016\/12\/ouverture-partielle-domaine-skiable-alpin-gerardmer-samedi-17-decembre\/"},"author":{"name":"QG","@id":"https:\/\/vosgesinfo.fr\/gerardmerinfo\/#\/schema\/person\/db5605779a843dad16b5368f3e7613a5"},"headline":"OUVERTURE PARTIELLE DOMAINE SKIABLE ALPIN GERARDMER SAMEDI 17 DECEMBRE","datePublished":"2016-12-16T15:27:12+00:00","dateModified":"2016-12-16T15:27:12+00:00","mainEntityOfPage":{"@id":"https:\/\/vosgesinfo.fr\/gerardmerinfo\/2016\/12\/ouverture-partielle-domaine-skiable-alpin-gerardmer-samedi-17-decembre\/"},"wordCount":240,"commentCount":0,"publisher":{"@id":"https:\/\/vosgesinfo.fr\/gerardmerinfo\/#organization"},"image":{"@id":"https:\/\/vosgesinfo.fr\/gerardmerinfo\/2016\/12\/ouverture-partielle-domaine-skiable-alpin-gerardmer-samedi-17-decembre\/#primaryimage"},"thumbnailUrl":"https:\/\/vosgesinfo.fr\/app\/uploads\/sites\/6\/2024\/07\/201602mauselaine1-1.jpg","articleSection":["A la une","G\u00e9rardmer","Sport"],"inLanguage":"fr-FR","potentialAction":[{"@type":"CommentAction","name":"Comment","target":["https:\/\/vosgesinfo.fr\/gerardmerinfo\/2016\/12\/ouverture-partielle-domaine-skiable-alpin-gerardmer-samedi-17-decembre\/#respond"]}]},{"@type":"WebPage","@id":"https:\/\/vosgesinfo.fr\/gerardmerinfo\/2016\/12\/ouverture-partielle-domaine-skiable-alpin-gerardmer-samedi-17-decembre\/","url":"https:\/\/vosgesinfo.fr\/gerardmerinfo\/2016\/12\/ouverture-partielle-domaine-skiable-alpin-gerardmer-samedi-17-decembre\/","name":"OUVERTURE PARTIELLE DOMAINE SKIABLE ALPIN GERARDMER SAMEDI 17 DECEMBRE - Gerardmer Info","isPartOf":{"@id":"https:\/\/vosgesinfo.fr\/gerardmerinfo\/#website"},"primaryImageOfPage":{"@id":"https:\/\/vosgesinfo.fr\/gerardmerinfo\/2016\/12\/ouverture-partielle-domaine-skiable-alpin-gerardmer-samedi-17-decembre\/#primaryimage"},"image":{"@id":"https:\/\/vosgesinfo.fr\/gerardmerinfo\/2016\/12\/ouverture-partielle-domaine-skiable-alpin-gerardmer-samedi-17-decembre\/#primaryimage"},"thumbnailUrl":"https:\/\/vosgesinfo.fr\/app\/uploads\/sites\/6\/2024\/07\/201602mauselaine1-1.jpg","datePublished":"2016-12-16T15:27:12+00:00","dateModified":"2016-12-16T15:27:12+00:00","breadcrumb":{"@id":"https:\/\/vosgesinfo.fr\/gerardmerinfo\/2016\/12\/ouverture-partielle-domaine-skiable-alpin-gerardmer-samedi-17-decembre\/#breadcrumb"},"inLanguage":"fr-FR","potentialAction":[{"@type":"ReadAction","target":["https:\/\/vosgesinfo.fr\/gerardmerinfo\/2016\/12\/ouverture-partielle-domaine-skiable-alpin-gerardmer-samedi-17-decembre\/"]}]},{"@type":"ImageObject","inLanguage":"fr-FR","@id":"https:\/\/vosgesinfo.fr\/gerardmerinfo\/2016\/12\/ouverture-partielle-domaine-skiable-alpin-gerardmer-samedi-17-decembre\/#primaryimage","url":"https:\/\/vosgesinfo.fr\/app\/uploads\/sites\/6\/2024\/07\/201602mauselaine1-1.jpg","contentUrl":"https:\/\/vosgesinfo.fr\/app\/uploads\/sites\/6\/2024\/07\/201602mauselaine1-1.jpg","width":800,"height":535},{"@type":"BreadcrumbList","@id":"https:\/\/vosgesinfo.fr\/gerardmerinfo\/2016\/12\/ouverture-partielle-domaine-skiable-alpin-gerardmer-samedi-17-decembre\/#breadcrumb","itemListElement":[{"@type":"ListItem","position":1,"name":"Home","item":"https:\/\/vosgesinfo.fr\/gerardmerinfo\/"},{"@type":"ListItem","position":2,"name":"OUVERTURE PARTIELLE DOMAINE SKIABLE ALPIN GERARDMER SAMEDI 17 DECEMBRE"}]},{"@type":"WebSite","@id":"https:\/\/vosgesinfo.fr\/gerardmerinfo\/#website","url":"https:\/\/vosgesinfo.fr\/gerardmerinfo\/","name":"Gerardmer Info","description":"Toute l&#039;actualit\u00e9 de G\u00e9rardmer","publisher":{"@id":"https:\/\/vosgesinfo.fr\/gerardmerinfo\/#organization"},"alternateName":"Toute l'actualit\u00e9 de G\u00e9rardmer","potentialAction":[{"@type":"SearchAction","target":{"@type":"EntryPoint","urlTemplate":"https:\/\/vosgesinfo.fr\/gerardmerinfo\/?s={search_term_string}"},"query-input":"required name=search_term_string"}],"inLanguage":"fr-FR"},{"@type":"Organization","@id":"https:\/\/vosgesinfo.fr\/gerardmerinfo\/#organization","name":"Gerardmer Info","url":"https:\/\/vosgesinfo.fr\/gerardmerinfo\/","logo":{"@type":"ImageObject","inLanguage":"fr-FR","@id":"https:\/\/vosgesinfo.fr\/gerardmerinfo\/#\/schema\/logo\/image\/","url":"https:\/\/vosgesinfo.fr\/app\/uploads\/sites\/6\/2023\/08\/favicon-gerardmerinfo.png","contentUrl":"https:\/\/vosgesinfo.fr\/app\/uploads\/sites\/6\/2023\/08\/favicon-gerardmerinfo.png","width":512,"height":512,"caption":"Gerardmer Info"},"image":{"@id":"https:\/\/vosgesinfo.fr\/gerardmerinfo\/#\/schema\/logo\/image\/"},"sameAs":["https:\/\/www.facebook.com\/profile.php?id=100049475262660","https:\/\/x.com\/VosgesInfo88","https:\/\/www.youtube.com\/@vosgesinfo"]},{"@type":"Person","@id":"https:\/\/vosgesinfo.fr\/gerardmerinfo\/#\/schema\/person\/db5605779a843dad16b5368f3e7613a5","name":"QG","image":{"@type":"ImageObject","inLanguage":"fr-FR","@id":"https:\/\/vosgesinfo.fr\/gerardmerinfo\/#\/schema\/person\/image\/","url":"https:\/\/secure.gravatar.com\/avatar\/ea80c42c204b534408512832fde52504ecabb9706bcb6151cf6175e5b64e6793?s=96&d=mm&r=g","contentUrl":"https:\/\/secure.gravatar.com\/avatar\/ea80c42c204b534408512832fde52504ecabb9706bcb6151cf6175e5b64e6793?s=96&d=mm&r=g","caption":"QG"},"url":"https:\/\/vosgesinfo.fr\/gerardmerinfo\/author\/quentin88\/"}]}},"_links":{"self":[{"href":"https:\/\/vosgesinfo.fr\/gerardmerinfo\/wp-json\/wp\/v2\/posts\/23265","targetHints":{"allow":["GET"]}}],"collection":[{"href":"https:\/\/vosgesinfo.fr\/gerardmerinfo\/wp-json\/wp\/v2\/posts"}],"about":[{"href":"https:\/\/vosgesinfo.fr\/gerardmerinfo\/wp-json\/wp\/v2\/types\/post"}],"author":[{"embeddable":true,"href":"https:\/\/vosgesinfo.fr\/gerardmerinfo\/wp-json\/wp\/v2\/users\/42"}],"replies":[{"embeddable":true,"href":"https:\/\/vosgesinfo.fr\/gerardmerinfo\/wp-json\/wp\/v2\/comments?post=23265"}],"version-history":[{"count":0,"href":"https:\/\/vosgesinfo.fr\/gerardmerinfo\/wp-json\/wp\/v2\/posts\/23265\/revisions"}],"wp:featuredmedia":[{"embeddable":true,"href":"https:\/\/vosgesinfo.fr\/gerardmerinfo\/wp-json\/wp\/v2\/media\/23266"}],"wp:attachment":[{"href":"https:\/\/vosgesinfo.fr\/gerardmerinfo\/wp-json\/wp\/v2\/media?parent=23265"}],"wp:term":[{"taxonomy":"category","embeddable":true,"href":"https:\/\/vosgesinfo.fr\/gerardmerinfo\/wp-json\/wp\/v2\/categories?post=23265"},{"taxonomy":"post_tag","embeddable":true,"href":"https:\/\/vosgesinfo.fr\/gerardmerinfo\/wp-json\/wp\/v2\/tags?post=23265"}],"curies":[{"name":"wp","href":"https:\/\/api.w.org\/{rel}","templated":true}]}}