{"id":23352,"date":"2016-12-21T12:26:01","date_gmt":"2016-12-21T11:26:01","guid":{"rendered":"https:\/\/vosgesinfo.fr\/gerardmerinfo\/2016\/12\/dedicace-jean-marie-chipot-hautes-vosges-pays-chamois\/"},"modified":"2016-12-21T12:26:01","modified_gmt":"2016-12-21T11:26:01","slug":"dedicace-jean-marie-chipot-hautes-vosges-pays-chamois","status":"publish","type":"post","link":"https:\/\/vosgesinfo.fr\/gerardmerinfo\/2016\/12\/dedicace-jean-marie-chipot-hautes-vosges-pays-chamois\/","title":{"rendered":"D\u00e9dicace avec Jean-Marie Chipot &#8211; \u00ab\u00a0Hautes Vosges, le pays des Chamois\u00a0\u00bb"},"content":{"rendered":"<h2><span style=\"font-size: 12pt;\">Jeudi 22 d\u00e9cembre, Jean-Marie Chipot sera pr\u00e9sent \u00e0 la librairie-papeterie des Lacs pour y d\u00e9dicacer son nouvel ouvrage\u00a0 \u00ab\u00a0Hautes Vosges, le pays des Chamois\u00a0\u00bb .<\/span><\/h2>\n<p>Rendez-vous de 10 h \u00e0 12 h &#8211; Entr\u00e9e libre<\/p>\n<p>&nbsp;<\/p>\n<div id=\"attachment_99656\" style=\"width: 403px\" class=\"wp-caption alignright\"><a href=\"\/2016\/12\/Jean-Marie-Chipot-livre-Chamois-2016.jpg\"><img decoding=\"async\" aria-describedby=\"caption-attachment-99656\" class=\"size-full wp-image-99656\" src=\"\/2016\/12\/Jean-Marie-Chipot-livre-Chamois-2016.jpg\" alt=\"front view of blank book on white background\" width=\"393\" height=\"532\" \/><\/a><p id=\"caption-attachment-99656\" class=\"wp-caption-text\">front view of blank book on white background<\/p><\/div>\n<p><span style=\"color: #003300;\"><strong>Pr\u00e9sentation :<\/strong> <\/span><\/p>\n<h3 class=\"p1\"><em><span style=\"font-size: 12pt;\">Le chamois, la star des Hautes-Chaumes<\/span><\/em><\/h3>\n<p><em>\u00ab\u00a0C\u2019est une bien belle histoire que nous propose Jean-Marie Chipot dans son troisi\u00e8me livre de photographies animali\u00e8res. Depuis plus d\u2019une trentaine d\u2019ann\u00e9es, parmi tous les animaux qu\u2019il suit et photographie, le chamois Vosgien tient une place particuli\u00e8re. Qu\u2019importe la saison et les conditions m\u00e9t\u00e9orologiques, sa technique pour photographier cette antilope des montagnes commence toujours alors que la nuit enveloppe encore les Hautes-Chaumes. Patiemment, il attend le d\u00e9but du jour pour mettre \u00e0 profit les belles lumi\u00e8res matinales pour aller \u00e0 la rencontre de celui qui au fil des ann\u00e9es est devenu une star.\u00a0\u00bb<\/em><\/p>\n","protected":false},"excerpt":{"rendered":"<p>Jeudi 22 d\u00e9cembre, Jean-Marie Chipot sera pr\u00e9sent \u00e0 la librairie-papeterie des Lacs pour y d\u00e9dicacer son nouvel ouvrage\u00a0 \u00ab\u00a0Hautes Vosges, [&hellip;]<\/p>\n","protected":false},"author":42,"featured_media":23353,"comment_status":"open","ping_status":"open","sticky":false,"template":"","format":"standard","meta":{"footnotes":""},"categories":[20,4],"tags":[],"class_list":["post-23352","post","type-post","status-publish","format-standard","has-post-thumbnail","hentry","category-a-la-une","category-culture"],"acf":[],"yoast_head":"<!-- This site is optimized with the Yoast SEO plugin v22.5 - https:\/\/yoast.com\/wordpress\/plugins\/seo\/ -->\n<title>D\u00e9dicace avec Jean-Marie Chipot - &quot;Hautes Vosges, le pays des Chamois&quot; - Gerardmer Info<\/title>\n<meta name=\"robots\" content=\"index, follow, max-snippet:-1, max-image-preview:large, max-video-preview:-1\" \/>\n<link rel=\"canonical\" href=\"https:\/\/vosgesinfo.fr\/gerardmerinfo\/2016\/12\/dedicace-jean-marie-chipot-hautes-vosges-pays-chamois\/\" \/>\n<meta name=\"twitter:card\" content=\"summary_large_image\" \/>\n<meta name=\"twitter:title\" content=\"D\u00e9dicace avec Jean-Marie Chipot - &quot;Hautes Vosges, le pays des Chamois&quot; - Gerardmer Info\" \/>\n<meta name=\"twitter:description\" content=\"Jeudi 22 d\u00e9cembre, Jean-Marie Chipot sera pr\u00e9sent \u00e0 la librairie-papeterie des Lacs pour y d\u00e9dicacer son nouvel ouvrage\u00a0 \u00ab\u00a0Hautes Vosges, [&hellip;]\" \/>\n<meta name=\"twitter:image\" content=\"https:\/\/vosgesinfo.fr\/app\/uploads\/sites\/6\/2024\/07\/201612jean-marie-chipot-livre-chamois-2016.jpg\" \/>\n<meta name=\"twitter:creator\" content=\"@VosgesInfo88\" \/>\n<meta name=\"twitter:site\" content=\"@VosgesInfo88\" \/>\n<meta name=\"twitter:label1\" content=\"\u00c9crit par\" \/>\n\t<meta name=\"twitter:data1\" content=\"QG\" \/>\n\t<meta name=\"twitter:label2\" content=\"Dur\u00e9e de lecture estim\u00e9e\" \/>\n\t<meta name=\"twitter:data2\" content=\"1 minute\" \/>\n<script type=\"application\/ld+json\" class=\"yoast-schema-graph\">{\"@context\":\"https:\/\/schema.org\",\"@graph\":[{\"@type\":\"Article\",\"@id\":\"https:\/\/vosgesinfo.fr\/gerardmerinfo\/2016\/12\/dedicace-jean-marie-chipot-hautes-vosges-pays-chamois\/#article\",\"isPartOf\":{\"@id\":\"https:\/\/vosgesinfo.fr\/gerardmerinfo\/2016\/12\/dedicace-jean-marie-chipot-hautes-vosges-pays-chamois\/\"},\"author\":{\"name\":\"QG\",\"@id\":\"https:\/\/vosgesinfo.fr\/gerardmerinfo\/#\/schema\/person\/db5605779a843dad16b5368f3e7613a5\"},\"headline\":\"D\u00e9dicace avec Jean-Marie Chipot &#8211; \u00ab\u00a0Hautes Vosges, le pays des Chamois\u00a0\u00bb\",\"datePublished\":\"2016-12-21T11:26:01+00:00\",\"dateModified\":\"2016-12-21T11:26:01+00:00\",\"mainEntityOfPage\":{\"@id\":\"https:\/\/vosgesinfo.fr\/gerardmerinfo\/2016\/12\/dedicace-jean-marie-chipot-hautes-vosges-pays-chamois\/\"},\"wordCount\":174,\"commentCount\":0,\"publisher\":{\"@id\":\"https:\/\/vosgesinfo.fr\/gerardmerinfo\/#organization\"},\"image\":{\"@id\":\"https:\/\/vosgesinfo.fr\/gerardmerinfo\/2016\/12\/dedicace-jean-marie-chipot-hautes-vosges-pays-chamois\/#primaryimage\"},\"thumbnailUrl\":\"https:\/\/vosgesinfo.fr\/app\/uploads\/sites\/6\/2024\/07\/201612jean-marie-chipot-livre-chamois-2016.jpg\",\"articleSection\":[\"A la une\",\"Culture\"],\"inLanguage\":\"fr-FR\",\"potentialAction\":[{\"@type\":\"CommentAction\",\"name\":\"Comment\",\"target\":[\"https:\/\/vosgesinfo.fr\/gerardmerinfo\/2016\/12\/dedicace-jean-marie-chipot-hautes-vosges-pays-chamois\/#respond\"]}]},{\"@type\":\"WebPage\",\"@id\":\"https:\/\/vosgesinfo.fr\/gerardmerinfo\/2016\/12\/dedicace-jean-marie-chipot-hautes-vosges-pays-chamois\/\",\"url\":\"https:\/\/vosgesinfo.fr\/gerardmerinfo\/2016\/12\/dedicace-jean-marie-chipot-hautes-vosges-pays-chamois\/\",\"name\":\"D\u00e9dicace avec Jean-Marie Chipot - \\\"Hautes Vosges, le pays des Chamois\\\" - Gerardmer Info\",\"isPartOf\":{\"@id\":\"https:\/\/vosgesinfo.fr\/gerardmerinfo\/#website\"},\"primaryImageOfPage\":{\"@id\":\"https:\/\/vosgesinfo.fr\/gerardmerinfo\/2016\/12\/dedicace-jean-marie-chipot-hautes-vosges-pays-chamois\/#primaryimage\"},\"image\":{\"@id\":\"https:\/\/vosgesinfo.fr\/gerardmerinfo\/2016\/12\/dedicace-jean-marie-chipot-hautes-vosges-pays-chamois\/#primaryimage\"},\"thumbnailUrl\":\"https:\/\/vosgesinfo.fr\/app\/uploads\/sites\/6\/2024\/07\/201612jean-marie-chipot-livre-chamois-2016.jpg\",\"datePublished\":\"2016-12-21T11:26:01+00:00\",\"dateModified\":\"2016-12-21T11:26:01+00:00\",\"breadcrumb\":{\"@id\":\"https:\/\/vosgesinfo.fr\/gerardmerinfo\/2016\/12\/dedicace-jean-marie-chipot-hautes-vosges-pays-chamois\/#breadcrumb\"},\"inLanguage\":\"fr-FR\",\"potentialAction\":[{\"@type\":\"ReadAction\",\"target\":[\"https:\/\/vosgesinfo.fr\/gerardmerinfo\/2016\/12\/dedicace-jean-marie-chipot-hautes-vosges-pays-chamois\/\"]}]},{\"@type\":\"ImageObject\",\"inLanguage\":\"fr-FR\",\"@id\":\"https:\/\/vosgesinfo.fr\/gerardmerinfo\/2016\/12\/dedicace-jean-marie-chipot-hautes-vosges-pays-chamois\/#primaryimage\",\"url\":\"https:\/\/vosgesinfo.fr\/app\/uploads\/sites\/6\/2024\/07\/201612jean-marie-chipot-livre-chamois-2016.jpg\",\"contentUrl\":\"https:\/\/vosgesinfo.fr\/app\/uploads\/sites\/6\/2024\/07\/201612jean-marie-chipot-livre-chamois-2016.jpg\",\"width\":393,\"height\":532},{\"@type\":\"BreadcrumbList\",\"@id\":\"https:\/\/vosgesinfo.fr\/gerardmerinfo\/2016\/12\/dedicace-jean-marie-chipot-hautes-vosges-pays-chamois\/#breadcrumb\",\"itemListElement\":[{\"@type\":\"ListItem\",\"position\":1,\"name\":\"Home\",\"item\":\"https:\/\/vosgesinfo.fr\/gerardmerinfo\/\"},{\"@type\":\"ListItem\",\"position\":2,\"name\":\"D\u00e9dicace avec Jean-Marie Chipot &#8211; \u00ab\u00a0Hautes Vosges, le pays des Chamois\u00a0\u00bb\"}]},{\"@type\":\"WebSite\",\"@id\":\"https:\/\/vosgesinfo.fr\/gerardmerinfo\/#website\",\"url\":\"https:\/\/vosgesinfo.fr\/gerardmerinfo\/\",\"name\":\"Gerardmer Info\",\"description\":\"Toute l&#039;actualit\u00e9 de G\u00e9rardmer\",\"publisher\":{\"@id\":\"https:\/\/vosgesinfo.fr\/gerardmerinfo\/#organization\"},\"alternateName\":\"Toute l'actualit\u00e9 de G\u00e9rardmer\",\"potentialAction\":[{\"@type\":\"SearchAction\",\"target\":{\"@type\":\"EntryPoint\",\"urlTemplate\":\"https:\/\/vosgesinfo.fr\/gerardmerinfo\/?s={search_term_string}\"},\"query-input\":\"required name=search_term_string\"}],\"inLanguage\":\"fr-FR\"},{\"@type\":\"Organization\",\"@id\":\"https:\/\/vosgesinfo.fr\/gerardmerinfo\/#organization\",\"name\":\"Gerardmer Info\",\"url\":\"https:\/\/vosgesinfo.fr\/gerardmerinfo\/\",\"logo\":{\"@type\":\"ImageObject\",\"inLanguage\":\"fr-FR\",\"@id\":\"https:\/\/vosgesinfo.fr\/gerardmerinfo\/#\/schema\/logo\/image\/\",\"url\":\"https:\/\/vosgesinfo.fr\/app\/uploads\/sites\/6\/2023\/08\/favicon-gerardmerinfo.png\",\"contentUrl\":\"https:\/\/vosgesinfo.fr\/app\/uploads\/sites\/6\/2023\/08\/favicon-gerardmerinfo.png\",\"width\":512,\"height\":512,\"caption\":\"Gerardmer Info\"},\"image\":{\"@id\":\"https:\/\/vosgesinfo.fr\/gerardmerinfo\/#\/schema\/logo\/image\/\"},\"sameAs\":[\"https:\/\/www.facebook.com\/profile.php?id=100049475262660\",\"https:\/\/x.com\/VosgesInfo88\",\"https:\/\/www.youtube.com\/@vosgesinfo\"]},{\"@type\":\"Person\",\"@id\":\"https:\/\/vosgesinfo.fr\/gerardmerinfo\/#\/schema\/person\/db5605779a843dad16b5368f3e7613a5\",\"name\":\"QG\",\"image\":{\"@type\":\"ImageObject\",\"inLanguage\":\"fr-FR\",\"@id\":\"https:\/\/vosgesinfo.fr\/gerardmerinfo\/#\/schema\/person\/image\/\",\"url\":\"https:\/\/secure.gravatar.com\/avatar\/ea80c42c204b534408512832fde52504ecabb9706bcb6151cf6175e5b64e6793?s=96&d=mm&r=g\",\"contentUrl\":\"https:\/\/secure.gravatar.com\/avatar\/ea80c42c204b534408512832fde52504ecabb9706bcb6151cf6175e5b64e6793?s=96&d=mm&r=g\",\"caption\":\"QG\"},\"url\":\"https:\/\/vosgesinfo.fr\/gerardmerinfo\/author\/quentin88\/\"}]}<\/script>\n<!-- \/ Yoast SEO plugin. -->","yoast_head_json":{"title":"D\u00e9dicace avec Jean-Marie Chipot - \"Hautes Vosges, le pays des Chamois\" - Gerardmer Info","robots":{"index":"index","follow":"follow","max-snippet":"max-snippet:-1","max-image-preview":"max-image-preview:large","max-video-preview":"max-video-preview:-1"},"canonical":"https:\/\/vosgesinfo.fr\/gerardmerinfo\/2016\/12\/dedicace-jean-marie-chipot-hautes-vosges-pays-chamois\/","twitter_card":"summary_large_image","twitter_title":"D\u00e9dicace avec Jean-Marie Chipot - \"Hautes Vosges, le pays des Chamois\" - Gerardmer Info","twitter_description":"Jeudi 22 d\u00e9cembre, Jean-Marie Chipot sera pr\u00e9sent \u00e0 la librairie-papeterie des Lacs pour y d\u00e9dicacer son nouvel ouvrage\u00a0 \u00ab\u00a0Hautes Vosges, [&hellip;]","twitter_image":"https:\/\/vosgesinfo.fr\/app\/uploads\/sites\/6\/2024\/07\/201612jean-marie-chipot-livre-chamois-2016.jpg","twitter_creator":"@VosgesInfo88","twitter_site":"@VosgesInfo88","twitter_misc":{"\u00c9crit par":"QG","Dur\u00e9e de lecture estim\u00e9e":"1 minute"},"schema":{"@context":"https:\/\/schema.org","@graph":[{"@type":"Article","@id":"https:\/\/vosgesinfo.fr\/gerardmerinfo\/2016\/12\/dedicace-jean-marie-chipot-hautes-vosges-pays-chamois\/#article","isPartOf":{"@id":"https:\/\/vosgesinfo.fr\/gerardmerinfo\/2016\/12\/dedicace-jean-marie-chipot-hautes-vosges-pays-chamois\/"},"author":{"name":"QG","@id":"https:\/\/vosgesinfo.fr\/gerardmerinfo\/#\/schema\/person\/db5605779a843dad16b5368f3e7613a5"},"headline":"D\u00e9dicace avec Jean-Marie Chipot &#8211; \u00ab\u00a0Hautes Vosges, le pays des Chamois\u00a0\u00bb","datePublished":"2016-12-21T11:26:01+00:00","dateModified":"2016-12-21T11:26:01+00:00","mainEntityOfPage":{"@id":"https:\/\/vosgesinfo.fr\/gerardmerinfo\/2016\/12\/dedicace-jean-marie-chipot-hautes-vosges-pays-chamois\/"},"wordCount":174,"commentCount":0,"publisher":{"@id":"https:\/\/vosgesinfo.fr\/gerardmerinfo\/#organization"},"image":{"@id":"https:\/\/vosgesinfo.fr\/gerardmerinfo\/2016\/12\/dedicace-jean-marie-chipot-hautes-vosges-pays-chamois\/#primaryimage"},"thumbnailUrl":"https:\/\/vosgesinfo.fr\/app\/uploads\/sites\/6\/2024\/07\/201612jean-marie-chipot-livre-chamois-2016.jpg","articleSection":["A la une","Culture"],"inLanguage":"fr-FR","potentialAction":[{"@type":"CommentAction","name":"Comment","target":["https:\/\/vosgesinfo.fr\/gerardmerinfo\/2016\/12\/dedicace-jean-marie-chipot-hautes-vosges-pays-chamois\/#respond"]}]},{"@type":"WebPage","@id":"https:\/\/vosgesinfo.fr\/gerardmerinfo\/2016\/12\/dedicace-jean-marie-chipot-hautes-vosges-pays-chamois\/","url":"https:\/\/vosgesinfo.fr\/gerardmerinfo\/2016\/12\/dedicace-jean-marie-chipot-hautes-vosges-pays-chamois\/","name":"D\u00e9dicace avec Jean-Marie Chipot - \"Hautes Vosges, le pays des Chamois\" - Gerardmer Info","isPartOf":{"@id":"https:\/\/vosgesinfo.fr\/gerardmerinfo\/#website"},"primaryImageOfPage":{"@id":"https:\/\/vosgesinfo.fr\/gerardmerinfo\/2016\/12\/dedicace-jean-marie-chipot-hautes-vosges-pays-chamois\/#primaryimage"},"image":{"@id":"https:\/\/vosgesinfo.fr\/gerardmerinfo\/2016\/12\/dedicace-jean-marie-chipot-hautes-vosges-pays-chamois\/#primaryimage"},"thumbnailUrl":"https:\/\/vosgesinfo.fr\/app\/uploads\/sites\/6\/2024\/07\/201612jean-marie-chipot-livre-chamois-2016.jpg","datePublished":"2016-12-21T11:26:01+00:00","dateModified":"2016-12-21T11:26:01+00:00","breadcrumb":{"@id":"https:\/\/vosgesinfo.fr\/gerardmerinfo\/2016\/12\/dedicace-jean-marie-chipot-hautes-vosges-pays-chamois\/#breadcrumb"},"inLanguage":"fr-FR","potentialAction":[{"@type":"ReadAction","target":["https:\/\/vosgesinfo.fr\/gerardmerinfo\/2016\/12\/dedicace-jean-marie-chipot-hautes-vosges-pays-chamois\/"]}]},{"@type":"ImageObject","inLanguage":"fr-FR","@id":"https:\/\/vosgesinfo.fr\/gerardmerinfo\/2016\/12\/dedicace-jean-marie-chipot-hautes-vosges-pays-chamois\/#primaryimage","url":"https:\/\/vosgesinfo.fr\/app\/uploads\/sites\/6\/2024\/07\/201612jean-marie-chipot-livre-chamois-2016.jpg","contentUrl":"https:\/\/vosgesinfo.fr\/app\/uploads\/sites\/6\/2024\/07\/201612jean-marie-chipot-livre-chamois-2016.jpg","width":393,"height":532},{"@type":"BreadcrumbList","@id":"https:\/\/vosgesinfo.fr\/gerardmerinfo\/2016\/12\/dedicace-jean-marie-chipot-hautes-vosges-pays-chamois\/#breadcrumb","itemListElement":[{"@type":"ListItem","position":1,"name":"Home","item":"https:\/\/vosgesinfo.fr\/gerardmerinfo\/"},{"@type":"ListItem","position":2,"name":"D\u00e9dicace avec Jean-Marie Chipot &#8211; \u00ab\u00a0Hautes Vosges, le pays des Chamois\u00a0\u00bb"}]},{"@type":"WebSite","@id":"https:\/\/vosgesinfo.fr\/gerardmerinfo\/#website","url":"https:\/\/vosgesinfo.fr\/gerardmerinfo\/","name":"Gerardmer Info","description":"Toute l&#039;actualit\u00e9 de G\u00e9rardmer","publisher":{"@id":"https:\/\/vosgesinfo.fr\/gerardmerinfo\/#organization"},"alternateName":"Toute l'actualit\u00e9 de G\u00e9rardmer","potentialAction":[{"@type":"SearchAction","target":{"@type":"EntryPoint","urlTemplate":"https:\/\/vosgesinfo.fr\/gerardmerinfo\/?s={search_term_string}"},"query-input":"required name=search_term_string"}],"inLanguage":"fr-FR"},{"@type":"Organization","@id":"https:\/\/vosgesinfo.fr\/gerardmerinfo\/#organization","name":"Gerardmer Info","url":"https:\/\/vosgesinfo.fr\/gerardmerinfo\/","logo":{"@type":"ImageObject","inLanguage":"fr-FR","@id":"https:\/\/vosgesinfo.fr\/gerardmerinfo\/#\/schema\/logo\/image\/","url":"https:\/\/vosgesinfo.fr\/app\/uploads\/sites\/6\/2023\/08\/favicon-gerardmerinfo.png","contentUrl":"https:\/\/vosgesinfo.fr\/app\/uploads\/sites\/6\/2023\/08\/favicon-gerardmerinfo.png","width":512,"height":512,"caption":"Gerardmer Info"},"image":{"@id":"https:\/\/vosgesinfo.fr\/gerardmerinfo\/#\/schema\/logo\/image\/"},"sameAs":["https:\/\/www.facebook.com\/profile.php?id=100049475262660","https:\/\/x.com\/VosgesInfo88","https:\/\/www.youtube.com\/@vosgesinfo"]},{"@type":"Person","@id":"https:\/\/vosgesinfo.fr\/gerardmerinfo\/#\/schema\/person\/db5605779a843dad16b5368f3e7613a5","name":"QG","image":{"@type":"ImageObject","inLanguage":"fr-FR","@id":"https:\/\/vosgesinfo.fr\/gerardmerinfo\/#\/schema\/person\/image\/","url":"https:\/\/secure.gravatar.com\/avatar\/ea80c42c204b534408512832fde52504ecabb9706bcb6151cf6175e5b64e6793?s=96&d=mm&r=g","contentUrl":"https:\/\/secure.gravatar.com\/avatar\/ea80c42c204b534408512832fde52504ecabb9706bcb6151cf6175e5b64e6793?s=96&d=mm&r=g","caption":"QG"},"url":"https:\/\/vosgesinfo.fr\/gerardmerinfo\/author\/quentin88\/"}]}},"_links":{"self":[{"href":"https:\/\/vosgesinfo.fr\/gerardmerinfo\/wp-json\/wp\/v2\/posts\/23352","targetHints":{"allow":["GET"]}}],"collection":[{"href":"https:\/\/vosgesinfo.fr\/gerardmerinfo\/wp-json\/wp\/v2\/posts"}],"about":[{"href":"https:\/\/vosgesinfo.fr\/gerardmerinfo\/wp-json\/wp\/v2\/types\/post"}],"author":[{"embeddable":true,"href":"https:\/\/vosgesinfo.fr\/gerardmerinfo\/wp-json\/wp\/v2\/users\/42"}],"replies":[{"embeddable":true,"href":"https:\/\/vosgesinfo.fr\/gerardmerinfo\/wp-json\/wp\/v2\/comments?post=23352"}],"version-history":[{"count":0,"href":"https:\/\/vosgesinfo.fr\/gerardmerinfo\/wp-json\/wp\/v2\/posts\/23352\/revisions"}],"wp:featuredmedia":[{"embeddable":true,"href":"https:\/\/vosgesinfo.fr\/gerardmerinfo\/wp-json\/wp\/v2\/media\/23353"}],"wp:attachment":[{"href":"https:\/\/vosgesinfo.fr\/gerardmerinfo\/wp-json\/wp\/v2\/media?parent=23352"}],"wp:term":[{"taxonomy":"category","embeddable":true,"href":"https:\/\/vosgesinfo.fr\/gerardmerinfo\/wp-json\/wp\/v2\/categories?post=23352"},{"taxonomy":"post_tag","embeddable":true,"href":"https:\/\/vosgesinfo.fr\/gerardmerinfo\/wp-json\/wp\/v2\/tags?post=23352"}],"curies":[{"name":"wp","href":"https:\/\/api.w.org\/{rel}","templated":true}]}}