{"id":23538,"date":"2017-01-06T17:19:29","date_gmt":"2017-01-06T16:19:29","guid":{"rendered":"https:\/\/vosgesinfo.fr\/gerardmerinfo\/2017\/01\/karotte-expo-aux-tonalites-frida-kalo-commencer-lannee\/"},"modified":"2017-01-06T17:19:29","modified_gmt":"2017-01-06T16:19:29","slug":"karotte-expo-aux-tonalites-frida-kalo-commencer-lannee","status":"publish","type":"post","link":"https:\/\/vosgesinfo.fr\/gerardmerinfo\/2017\/01\/karotte-expo-aux-tonalites-frida-kalo-commencer-lannee\/","title":{"rendered":"Karotte : expo aux tonalit\u00e9s Frida Kalo pour commencer l&rsquo;ann\u00e9e"},"content":{"rendered":"<p>La Saison 2016&rsquo;2017 de la galerie de la MCL commence l&rsquo;ann\u00e9e avec l\u2019exposition de <b>Karotte, du 13 au 23 janvier\u00a0<\/b>prochain, venez d\u00e9couvrir ses peintures aux tonalit\u00e9s de Frida Kahlo.<\/p>\n<p><a href=\"\/2017\/01\/Karotte2.jpg\"><img decoding=\"async\" class=\"alignright size-medium wp-image-100084\" src=\"\/2017\/01\/Karotte2-206x255.jpg\" alt=\"Karotte2\" width=\"206\" height=\"255\" \/><\/a>Vous \u00eates les bienvenus au\u00a0vernissage qui aura lieu le <b>vendredi 13 janvier \u00e0 18h30<\/b>\u00a0en pr\u00e9sence de l&rsquo;artiste.<br \/>\nUn moment id\u00e9al pour partager, \u00e9changer, questionner autour d\u2019un verre et d\u2019un buffet convivial (en entr\u00e9e libre, ouvert \u00e0 tous).<\/p>\n<p><strong>Expo visible du 13 au 23 janvier 2017 aux horaires d&rsquo;ouverture de la maison :<br \/>\n<\/strong><\/p>\n<p>lundi &amp; jeudi 14h \u00e0 19h<br \/>\nmardi, mercredi &amp; vendredi 9h \u00e0 12h et 14h \u00e0 19h<br \/>\nsamedi &amp; dimanche 18h \u00e0 21h<\/p>\n<p><strong>Karotte par Karotte :<\/strong><\/p>\n<p><em><a href=\"\/2017\/01\/Karotte1.jpg\"><img decoding=\"async\" class=\"alignleft size-medium wp-image-100083\" src=\"\/2017\/01\/Karotte1-169x255.jpg\" alt=\"Karotte1\" width=\"169\" height=\"255\" \/><\/a>\u00ab\u00a0Comme un saumon arc en ciel, je peins \u00e0 contre-courant et en couleurs, ma fa\u00e7on de lutter contre le sens de la noirceur du monde.<\/em><br \/>\n<em> Je peins des hommes morts oubli\u00e9s, souvent assassin\u00e9s, pour remplacer les ic\u00f4nes roses et creuses qui se vendent, je peins des guerriers vaincus pour qu\u2019ils se battent \u00e0 nouveau \u00e0 mes c\u00f4t\u00e9s.<\/em><br \/>\n<em> Je cherche \u00e0 r\u00e9tablir l\u2019\u00e9quilibre, avec des pinceaux \u00e0 trois poils et des couleurs qui claquent.<\/em><br \/>\n<em> Je le fais tous les jours de la semaine, bien oblig\u00e9e, pour me rappeler sans-cesse ma libert\u00e9 de choix, (\u00eatre artiste, \u00eatre m\u00e8re, \u00eatre v\u00e9g\u00e9tarienne), ce que cela implique quand on est n\u00e9e bien blanche et fran\u00e7aise\u2026<\/em><br \/>\n<em> Mon rapport au monde, mon rapport au vivant\u2026 ma col\u00e8re devant la d\u00e9solation, ce qui reste une fois tu\u00e9e \u201cla sensiblerie\u201d, je dois bien en faire quelque chose, si possible quelque chose d\u2019utile, quelque chose de beau pour l\u2019oiseau\u2026<\/em><br \/>\n<em> Chacune de mes toiles est une figure d\u00e9terr\u00e9e de notre cimeti\u00e8re des hommes libres, aux quels je rends hommage afin de raviver l\u2019\u00e9tincelle commune qui allumera le brasier des grands changements.\u00a0\u00bb<\/em><\/p>\n<p>Vous pouvez retrouver l\u2019int\u00e9gralit\u00e9 de notre programmation sur le site de la MCL \u00e0 la rubrique exposition \u00e0 cette adresse :<br \/>\nhttp:\/\/mclgerardmer.fr\/agenda\/categorie\/expos\/<br \/>\nou sur le programme papier disponible \u00e0 l\u2019accueil de la MCL de G\u00e9rardmer.<\/p>\n<p><a href=\"\/2017\/01\/Karotte3.jpg\"><img decoding=\"async\" class=\"aligncenter wp-image-100085 size-medium\" src=\"\/2017\/01\/Karotte3-383x255.jpg\" alt=\"Karotte3\" width=\"383\" height=\"255\" \/><\/a><\/p>\n","protected":false},"excerpt":{"rendered":"<p>La Saison 2016&rsquo;2017 de la galerie de la MCL commence l&rsquo;ann\u00e9e avec l\u2019exposition de Karotte, du 13 au 23 janvier\u00a0prochain, [&hellip;]<\/p>\n","protected":false},"author":42,"featured_media":23539,"comment_status":"open","ping_status":"open","sticky":false,"template":"","format":"standard","meta":{"footnotes":""},"categories":[20,4],"tags":[50,233,2774],"class_list":["post-23538","post","type-post","status-publish","format-standard","has-post-thumbnail","hentry","category-a-la-une","category-culture","tag-exposition","tag-galerie-de-la-mcl","tag-karotte"],"acf":[],"yoast_head":"<!-- This site is optimized with the Yoast SEO plugin v22.5 - https:\/\/yoast.com\/wordpress\/plugins\/seo\/ -->\n<title>Karotte : expo aux tonalit\u00e9s Frida Kalo pour commencer l&#039;ann\u00e9e - Gerardmer Info<\/title>\n<meta name=\"robots\" content=\"index, follow, max-snippet:-1, max-image-preview:large, max-video-preview:-1\" \/>\n<link rel=\"canonical\" href=\"https:\/\/vosgesinfo.fr\/gerardmerinfo\/2017\/01\/karotte-expo-aux-tonalites-frida-kalo-commencer-lannee\/\" \/>\n<meta name=\"twitter:card\" content=\"summary_large_image\" \/>\n<meta name=\"twitter:title\" content=\"Karotte : expo aux tonalit\u00e9s Frida Kalo pour commencer l&#039;ann\u00e9e - Gerardmer Info\" \/>\n<meta name=\"twitter:description\" content=\"La Saison 2016&rsquo;2017 de la galerie de la MCL commence l&rsquo;ann\u00e9e avec l\u2019exposition de Karotte, du 13 au 23 janvier\u00a0prochain, [&hellip;]\" \/>\n<meta name=\"twitter:image\" content=\"https:\/\/vosgesinfo.fr\/app\/uploads\/sites\/6\/2024\/07\/201701karotte1.jpg\" \/>\n<meta name=\"twitter:creator\" content=\"@VosgesInfo88\" \/>\n<meta name=\"twitter:site\" content=\"@VosgesInfo88\" \/>\n<meta name=\"twitter:label1\" content=\"\u00c9crit par\" \/>\n\t<meta name=\"twitter:data1\" content=\"QG\" \/>\n\t<meta name=\"twitter:label2\" content=\"Dur\u00e9e de lecture estim\u00e9e\" \/>\n\t<meta name=\"twitter:data2\" content=\"2 minutes\" \/>\n<script type=\"application\/ld+json\" class=\"yoast-schema-graph\">{\"@context\":\"https:\/\/schema.org\",\"@graph\":[{\"@type\":\"Article\",\"@id\":\"https:\/\/vosgesinfo.fr\/gerardmerinfo\/2017\/01\/karotte-expo-aux-tonalites-frida-kalo-commencer-lannee\/#article\",\"isPartOf\":{\"@id\":\"https:\/\/vosgesinfo.fr\/gerardmerinfo\/2017\/01\/karotte-expo-aux-tonalites-frida-kalo-commencer-lannee\/\"},\"author\":{\"name\":\"QG\",\"@id\":\"https:\/\/vosgesinfo.fr\/gerardmerinfo\/#\/schema\/person\/db5605779a843dad16b5368f3e7613a5\"},\"headline\":\"Karotte : expo aux tonalit\u00e9s Frida Kalo pour commencer l&rsquo;ann\u00e9e\",\"datePublished\":\"2017-01-06T16:19:29+00:00\",\"dateModified\":\"2017-01-06T16:19:29+00:00\",\"mainEntityOfPage\":{\"@id\":\"https:\/\/vosgesinfo.fr\/gerardmerinfo\/2017\/01\/karotte-expo-aux-tonalites-frida-kalo-commencer-lannee\/\"},\"wordCount\":359,\"commentCount\":0,\"publisher\":{\"@id\":\"https:\/\/vosgesinfo.fr\/gerardmerinfo\/#organization\"},\"image\":{\"@id\":\"https:\/\/vosgesinfo.fr\/gerardmerinfo\/2017\/01\/karotte-expo-aux-tonalites-frida-kalo-commencer-lannee\/#primaryimage\"},\"thumbnailUrl\":\"https:\/\/vosgesinfo.fr\/app\/uploads\/sites\/6\/2024\/07\/201701karotte1.jpg\",\"keywords\":[\"exposition\",\"galerie de la MCL\",\"Karotte\"],\"articleSection\":[\"A la une\",\"Culture\"],\"inLanguage\":\"fr-FR\",\"potentialAction\":[{\"@type\":\"CommentAction\",\"name\":\"Comment\",\"target\":[\"https:\/\/vosgesinfo.fr\/gerardmerinfo\/2017\/01\/karotte-expo-aux-tonalites-frida-kalo-commencer-lannee\/#respond\"]}]},{\"@type\":\"WebPage\",\"@id\":\"https:\/\/vosgesinfo.fr\/gerardmerinfo\/2017\/01\/karotte-expo-aux-tonalites-frida-kalo-commencer-lannee\/\",\"url\":\"https:\/\/vosgesinfo.fr\/gerardmerinfo\/2017\/01\/karotte-expo-aux-tonalites-frida-kalo-commencer-lannee\/\",\"name\":\"Karotte : expo aux tonalit\u00e9s Frida Kalo pour commencer l'ann\u00e9e - Gerardmer Info\",\"isPartOf\":{\"@id\":\"https:\/\/vosgesinfo.fr\/gerardmerinfo\/#website\"},\"primaryImageOfPage\":{\"@id\":\"https:\/\/vosgesinfo.fr\/gerardmerinfo\/2017\/01\/karotte-expo-aux-tonalites-frida-kalo-commencer-lannee\/#primaryimage\"},\"image\":{\"@id\":\"https:\/\/vosgesinfo.fr\/gerardmerinfo\/2017\/01\/karotte-expo-aux-tonalites-frida-kalo-commencer-lannee\/#primaryimage\"},\"thumbnailUrl\":\"https:\/\/vosgesinfo.fr\/app\/uploads\/sites\/6\/2024\/07\/201701karotte1.jpg\",\"datePublished\":\"2017-01-06T16:19:29+00:00\",\"dateModified\":\"2017-01-06T16:19:29+00:00\",\"breadcrumb\":{\"@id\":\"https:\/\/vosgesinfo.fr\/gerardmerinfo\/2017\/01\/karotte-expo-aux-tonalites-frida-kalo-commencer-lannee\/#breadcrumb\"},\"inLanguage\":\"fr-FR\",\"potentialAction\":[{\"@type\":\"ReadAction\",\"target\":[\"https:\/\/vosgesinfo.fr\/gerardmerinfo\/2017\/01\/karotte-expo-aux-tonalites-frida-kalo-commencer-lannee\/\"]}]},{\"@type\":\"ImageObject\",\"inLanguage\":\"fr-FR\",\"@id\":\"https:\/\/vosgesinfo.fr\/gerardmerinfo\/2017\/01\/karotte-expo-aux-tonalites-frida-kalo-commencer-lannee\/#primaryimage\",\"url\":\"https:\/\/vosgesinfo.fr\/app\/uploads\/sites\/6\/2024\/07\/201701karotte1.jpg\",\"contentUrl\":\"https:\/\/vosgesinfo.fr\/app\/uploads\/sites\/6\/2024\/07\/201701karotte1.jpg\",\"width\":530,\"height\":800},{\"@type\":\"BreadcrumbList\",\"@id\":\"https:\/\/vosgesinfo.fr\/gerardmerinfo\/2017\/01\/karotte-expo-aux-tonalites-frida-kalo-commencer-lannee\/#breadcrumb\",\"itemListElement\":[{\"@type\":\"ListItem\",\"position\":1,\"name\":\"Home\",\"item\":\"https:\/\/vosgesinfo.fr\/gerardmerinfo\/\"},{\"@type\":\"ListItem\",\"position\":2,\"name\":\"Karotte : expo aux tonalit\u00e9s Frida Kalo pour commencer l&rsquo;ann\u00e9e\"}]},{\"@type\":\"WebSite\",\"@id\":\"https:\/\/vosgesinfo.fr\/gerardmerinfo\/#website\",\"url\":\"https:\/\/vosgesinfo.fr\/gerardmerinfo\/\",\"name\":\"Gerardmer Info\",\"description\":\"Toute l&#039;actualit\u00e9 de G\u00e9rardmer\",\"publisher\":{\"@id\":\"https:\/\/vosgesinfo.fr\/gerardmerinfo\/#organization\"},\"alternateName\":\"Toute l'actualit\u00e9 de G\u00e9rardmer\",\"potentialAction\":[{\"@type\":\"SearchAction\",\"target\":{\"@type\":\"EntryPoint\",\"urlTemplate\":\"https:\/\/vosgesinfo.fr\/gerardmerinfo\/?s={search_term_string}\"},\"query-input\":\"required name=search_term_string\"}],\"inLanguage\":\"fr-FR\"},{\"@type\":\"Organization\",\"@id\":\"https:\/\/vosgesinfo.fr\/gerardmerinfo\/#organization\",\"name\":\"Gerardmer Info\",\"url\":\"https:\/\/vosgesinfo.fr\/gerardmerinfo\/\",\"logo\":{\"@type\":\"ImageObject\",\"inLanguage\":\"fr-FR\",\"@id\":\"https:\/\/vosgesinfo.fr\/gerardmerinfo\/#\/schema\/logo\/image\/\",\"url\":\"https:\/\/vosgesinfo.fr\/app\/uploads\/sites\/6\/2023\/08\/favicon-gerardmerinfo.png\",\"contentUrl\":\"https:\/\/vosgesinfo.fr\/app\/uploads\/sites\/6\/2023\/08\/favicon-gerardmerinfo.png\",\"width\":512,\"height\":512,\"caption\":\"Gerardmer Info\"},\"image\":{\"@id\":\"https:\/\/vosgesinfo.fr\/gerardmerinfo\/#\/schema\/logo\/image\/\"},\"sameAs\":[\"https:\/\/www.facebook.com\/profile.php?id=100049475262660\",\"https:\/\/x.com\/VosgesInfo88\",\"https:\/\/www.youtube.com\/@vosgesinfo\"]},{\"@type\":\"Person\",\"@id\":\"https:\/\/vosgesinfo.fr\/gerardmerinfo\/#\/schema\/person\/db5605779a843dad16b5368f3e7613a5\",\"name\":\"QG\",\"image\":{\"@type\":\"ImageObject\",\"inLanguage\":\"fr-FR\",\"@id\":\"https:\/\/vosgesinfo.fr\/gerardmerinfo\/#\/schema\/person\/image\/\",\"url\":\"https:\/\/secure.gravatar.com\/avatar\/ea80c42c204b534408512832fde52504ecabb9706bcb6151cf6175e5b64e6793?s=96&d=mm&r=g\",\"contentUrl\":\"https:\/\/secure.gravatar.com\/avatar\/ea80c42c204b534408512832fde52504ecabb9706bcb6151cf6175e5b64e6793?s=96&d=mm&r=g\",\"caption\":\"QG\"},\"url\":\"https:\/\/vosgesinfo.fr\/gerardmerinfo\/author\/quentin88\/\"}]}<\/script>\n<!-- \/ Yoast SEO plugin. -->","yoast_head_json":{"title":"Karotte : expo aux tonalit\u00e9s Frida Kalo pour commencer l'ann\u00e9e - Gerardmer Info","robots":{"index":"index","follow":"follow","max-snippet":"max-snippet:-1","max-image-preview":"max-image-preview:large","max-video-preview":"max-video-preview:-1"},"canonical":"https:\/\/vosgesinfo.fr\/gerardmerinfo\/2017\/01\/karotte-expo-aux-tonalites-frida-kalo-commencer-lannee\/","twitter_card":"summary_large_image","twitter_title":"Karotte : expo aux tonalit\u00e9s Frida Kalo pour commencer l'ann\u00e9e - Gerardmer Info","twitter_description":"La Saison 2016&rsquo;2017 de la galerie de la MCL commence l&rsquo;ann\u00e9e avec l\u2019exposition de Karotte, du 13 au 23 janvier\u00a0prochain, [&hellip;]","twitter_image":"https:\/\/vosgesinfo.fr\/app\/uploads\/sites\/6\/2024\/07\/201701karotte1.jpg","twitter_creator":"@VosgesInfo88","twitter_site":"@VosgesInfo88","twitter_misc":{"\u00c9crit par":"QG","Dur\u00e9e de lecture estim\u00e9e":"2 minutes"},"schema":{"@context":"https:\/\/schema.org","@graph":[{"@type":"Article","@id":"https:\/\/vosgesinfo.fr\/gerardmerinfo\/2017\/01\/karotte-expo-aux-tonalites-frida-kalo-commencer-lannee\/#article","isPartOf":{"@id":"https:\/\/vosgesinfo.fr\/gerardmerinfo\/2017\/01\/karotte-expo-aux-tonalites-frida-kalo-commencer-lannee\/"},"author":{"name":"QG","@id":"https:\/\/vosgesinfo.fr\/gerardmerinfo\/#\/schema\/person\/db5605779a843dad16b5368f3e7613a5"},"headline":"Karotte : expo aux tonalit\u00e9s Frida Kalo pour commencer l&rsquo;ann\u00e9e","datePublished":"2017-01-06T16:19:29+00:00","dateModified":"2017-01-06T16:19:29+00:00","mainEntityOfPage":{"@id":"https:\/\/vosgesinfo.fr\/gerardmerinfo\/2017\/01\/karotte-expo-aux-tonalites-frida-kalo-commencer-lannee\/"},"wordCount":359,"commentCount":0,"publisher":{"@id":"https:\/\/vosgesinfo.fr\/gerardmerinfo\/#organization"},"image":{"@id":"https:\/\/vosgesinfo.fr\/gerardmerinfo\/2017\/01\/karotte-expo-aux-tonalites-frida-kalo-commencer-lannee\/#primaryimage"},"thumbnailUrl":"https:\/\/vosgesinfo.fr\/app\/uploads\/sites\/6\/2024\/07\/201701karotte1.jpg","keywords":["exposition","galerie de la MCL","Karotte"],"articleSection":["A la une","Culture"],"inLanguage":"fr-FR","potentialAction":[{"@type":"CommentAction","name":"Comment","target":["https:\/\/vosgesinfo.fr\/gerardmerinfo\/2017\/01\/karotte-expo-aux-tonalites-frida-kalo-commencer-lannee\/#respond"]}]},{"@type":"WebPage","@id":"https:\/\/vosgesinfo.fr\/gerardmerinfo\/2017\/01\/karotte-expo-aux-tonalites-frida-kalo-commencer-lannee\/","url":"https:\/\/vosgesinfo.fr\/gerardmerinfo\/2017\/01\/karotte-expo-aux-tonalites-frida-kalo-commencer-lannee\/","name":"Karotte : expo aux tonalit\u00e9s Frida Kalo pour commencer l'ann\u00e9e - Gerardmer Info","isPartOf":{"@id":"https:\/\/vosgesinfo.fr\/gerardmerinfo\/#website"},"primaryImageOfPage":{"@id":"https:\/\/vosgesinfo.fr\/gerardmerinfo\/2017\/01\/karotte-expo-aux-tonalites-frida-kalo-commencer-lannee\/#primaryimage"},"image":{"@id":"https:\/\/vosgesinfo.fr\/gerardmerinfo\/2017\/01\/karotte-expo-aux-tonalites-frida-kalo-commencer-lannee\/#primaryimage"},"thumbnailUrl":"https:\/\/vosgesinfo.fr\/app\/uploads\/sites\/6\/2024\/07\/201701karotte1.jpg","datePublished":"2017-01-06T16:19:29+00:00","dateModified":"2017-01-06T16:19:29+00:00","breadcrumb":{"@id":"https:\/\/vosgesinfo.fr\/gerardmerinfo\/2017\/01\/karotte-expo-aux-tonalites-frida-kalo-commencer-lannee\/#breadcrumb"},"inLanguage":"fr-FR","potentialAction":[{"@type":"ReadAction","target":["https:\/\/vosgesinfo.fr\/gerardmerinfo\/2017\/01\/karotte-expo-aux-tonalites-frida-kalo-commencer-lannee\/"]}]},{"@type":"ImageObject","inLanguage":"fr-FR","@id":"https:\/\/vosgesinfo.fr\/gerardmerinfo\/2017\/01\/karotte-expo-aux-tonalites-frida-kalo-commencer-lannee\/#primaryimage","url":"https:\/\/vosgesinfo.fr\/app\/uploads\/sites\/6\/2024\/07\/201701karotte1.jpg","contentUrl":"https:\/\/vosgesinfo.fr\/app\/uploads\/sites\/6\/2024\/07\/201701karotte1.jpg","width":530,"height":800},{"@type":"BreadcrumbList","@id":"https:\/\/vosgesinfo.fr\/gerardmerinfo\/2017\/01\/karotte-expo-aux-tonalites-frida-kalo-commencer-lannee\/#breadcrumb","itemListElement":[{"@type":"ListItem","position":1,"name":"Home","item":"https:\/\/vosgesinfo.fr\/gerardmerinfo\/"},{"@type":"ListItem","position":2,"name":"Karotte : expo aux tonalit\u00e9s Frida Kalo pour commencer l&rsquo;ann\u00e9e"}]},{"@type":"WebSite","@id":"https:\/\/vosgesinfo.fr\/gerardmerinfo\/#website","url":"https:\/\/vosgesinfo.fr\/gerardmerinfo\/","name":"Gerardmer Info","description":"Toute l&#039;actualit\u00e9 de G\u00e9rardmer","publisher":{"@id":"https:\/\/vosgesinfo.fr\/gerardmerinfo\/#organization"},"alternateName":"Toute l'actualit\u00e9 de G\u00e9rardmer","potentialAction":[{"@type":"SearchAction","target":{"@type":"EntryPoint","urlTemplate":"https:\/\/vosgesinfo.fr\/gerardmerinfo\/?s={search_term_string}"},"query-input":"required name=search_term_string"}],"inLanguage":"fr-FR"},{"@type":"Organization","@id":"https:\/\/vosgesinfo.fr\/gerardmerinfo\/#organization","name":"Gerardmer Info","url":"https:\/\/vosgesinfo.fr\/gerardmerinfo\/","logo":{"@type":"ImageObject","inLanguage":"fr-FR","@id":"https:\/\/vosgesinfo.fr\/gerardmerinfo\/#\/schema\/logo\/image\/","url":"https:\/\/vosgesinfo.fr\/app\/uploads\/sites\/6\/2023\/08\/favicon-gerardmerinfo.png","contentUrl":"https:\/\/vosgesinfo.fr\/app\/uploads\/sites\/6\/2023\/08\/favicon-gerardmerinfo.png","width":512,"height":512,"caption":"Gerardmer Info"},"image":{"@id":"https:\/\/vosgesinfo.fr\/gerardmerinfo\/#\/schema\/logo\/image\/"},"sameAs":["https:\/\/www.facebook.com\/profile.php?id=100049475262660","https:\/\/x.com\/VosgesInfo88","https:\/\/www.youtube.com\/@vosgesinfo"]},{"@type":"Person","@id":"https:\/\/vosgesinfo.fr\/gerardmerinfo\/#\/schema\/person\/db5605779a843dad16b5368f3e7613a5","name":"QG","image":{"@type":"ImageObject","inLanguage":"fr-FR","@id":"https:\/\/vosgesinfo.fr\/gerardmerinfo\/#\/schema\/person\/image\/","url":"https:\/\/secure.gravatar.com\/avatar\/ea80c42c204b534408512832fde52504ecabb9706bcb6151cf6175e5b64e6793?s=96&d=mm&r=g","contentUrl":"https:\/\/secure.gravatar.com\/avatar\/ea80c42c204b534408512832fde52504ecabb9706bcb6151cf6175e5b64e6793?s=96&d=mm&r=g","caption":"QG"},"url":"https:\/\/vosgesinfo.fr\/gerardmerinfo\/author\/quentin88\/"}]}},"_links":{"self":[{"href":"https:\/\/vosgesinfo.fr\/gerardmerinfo\/wp-json\/wp\/v2\/posts\/23538","targetHints":{"allow":["GET"]}}],"collection":[{"href":"https:\/\/vosgesinfo.fr\/gerardmerinfo\/wp-json\/wp\/v2\/posts"}],"about":[{"href":"https:\/\/vosgesinfo.fr\/gerardmerinfo\/wp-json\/wp\/v2\/types\/post"}],"author":[{"embeddable":true,"href":"https:\/\/vosgesinfo.fr\/gerardmerinfo\/wp-json\/wp\/v2\/users\/42"}],"replies":[{"embeddable":true,"href":"https:\/\/vosgesinfo.fr\/gerardmerinfo\/wp-json\/wp\/v2\/comments?post=23538"}],"version-history":[{"count":0,"href":"https:\/\/vosgesinfo.fr\/gerardmerinfo\/wp-json\/wp\/v2\/posts\/23538\/revisions"}],"wp:featuredmedia":[{"embeddable":true,"href":"https:\/\/vosgesinfo.fr\/gerardmerinfo\/wp-json\/wp\/v2\/media\/23539"}],"wp:attachment":[{"href":"https:\/\/vosgesinfo.fr\/gerardmerinfo\/wp-json\/wp\/v2\/media?parent=23538"}],"wp:term":[{"taxonomy":"category","embeddable":true,"href":"https:\/\/vosgesinfo.fr\/gerardmerinfo\/wp-json\/wp\/v2\/categories?post=23538"},{"taxonomy":"post_tag","embeddable":true,"href":"https:\/\/vosgesinfo.fr\/gerardmerinfo\/wp-json\/wp\/v2\/tags?post=23538"}],"curies":[{"name":"wp","href":"https:\/\/api.w.org\/{rel}","templated":true}]}}