{"id":23571,"date":"2017-01-06T17:20:06","date_gmt":"2017-01-06T16:20:06","guid":{"rendered":"https:\/\/vosgesinfo.fr\/gerardmerinfo\/2017\/01\/promenades-caleche-vraie-reussite\/"},"modified":"2017-01-06T17:20:06","modified_gmt":"2017-01-06T16:20:06","slug":"promenades-caleche-vraie-reussite","status":"publish","type":"post","link":"https:\/\/vosgesinfo.fr\/gerardmerinfo\/2017\/01\/promenades-caleche-vraie-reussite\/","title":{"rendered":"Les promenades en cal\u00e8che, une vraie r\u00e9ussite !"},"content":{"rendered":"<p><a name=\"__DdeLink__952_1776709670\"><\/a> <strong><span style=\"font-family: Palatino;\">Les promenades en cal\u00e8che, une id\u00e9e propos\u00e9e et financ\u00e9e par les commer\u00e7ants de G\u00e9rardmer, font un vrai tabac ! En plus de s\u00e9duire petits et grands, elles permettent de relier, d\u2019une fa\u00e7on assez originale, les trois p\u00f4les du march\u00e9 de no\u00ebl.<\/span><\/strong><\/p>\n<div id=\"attachment_100225\" style=\"width: 295px\" class=\"wp-caption alignright\"><a href=\"\/2017\/01\/IMG_7593.jpg\"><img decoding=\"async\" aria-describedby=\"caption-attachment-100225\" class=\"size-medium wp-image-100225\" src=\"\/2017\/01\/IMG_7593-285x255.jpg\" alt=\"Petite balade dans le grand froid \" width=\"285\" height=\"255\" \/><\/a><p id=\"caption-attachment-100225\" class=\"wp-caption-text\"><span style=\"color: #800000;\"><strong>Petite\u00a0promenade au centre ville<\/strong><\/span><\/p><\/div>\n<p><span style=\"font-family: Palatino;\">Vous n\u2019avez pas pu passer \u00e0 c\u00f4t\u00e9, la cal\u00e8che a \u00e9t\u00e9 l\u2019une des animations phares du march\u00e9 de no\u00ebl. Mise en place depuis le deux d\u00e9cembre, elle transporte gratuitement et chaque jour des dizaines de personnes. G\u00e9r\u00f4mois et touristes, install\u00e9s bien confortablement, traversent la ville le sourire aux l\u00e8vres. Pour certains, c\u2019est un r\u00eave d\u2019enfant qui se r\u00e9alise, pour d\u2019autres, c\u2019est tout simplement la magie des f\u00eates qui op\u00e8re, encore plus depuis que la neige a recouvert la ville d\u2019un l\u00e9ger manteau blanc.<\/span><\/p>\n<p><strong><span style=\"font-family: Palatino;\">Un franc succ\u00e8s<\/span><\/strong><\/p>\n<p><span style=\"font-family: Palatino;\">Les cal\u00e8ches et les chevaux appartiennent \u00e0 Fran\u00e7ois Perrin, propri\u00e9taire du centre \u00e9questre Equi\u2019val, situ\u00e9 au Tholy. Il se dit ravi du succ\u00e8s de cette animation qui s\u2019\u00e9tend \u00e9galement\u00a0sur l<\/span><span style=\"font-family: Palatino;\">es secteurs de Remiremont et \u00c9pinal. Il affirme que \u00ab\u00a0pendant les vacances et les week-ends, ce sont pr\u00e8s de cent vingt personnes par jour qui montent \u00e0 bord\u00a0\u00bb, les cal\u00e8ches ayant une capacit\u00e9 d\u2019accueil de dix personnes. Ces balades repr\u00e9sentent donc une vraie aubaine pour cet accompagnateur \u00e9questre qui peut d\u00e9sormais continuer son activit\u00e9 m\u00eame pendant la p\u00e9riode hivernale, une p\u00e9riode g\u00e9n\u00e9ralement plus creuse. Et g<\/span><span style=\"font-family: Palatino;\">r\u00e2ce aux bons retours qu\u2019ont re\u00e7u les commer\u00e7ants de la part des vacanciers, l\u2019op\u00e9ration sera reconduite l\u2019ann\u00e9e prochaine. Une vraie r\u00e9ussite donc.<\/span><\/p>\n<p>&nbsp;<\/p>\n<div id=\"attachment_69887\" style=\"width: 294px\" class=\"wp-caption alignleft\"><a href=\"\/2015\/12\/P1050324.jpg\"><img decoding=\"async\" aria-describedby=\"caption-attachment-69887\" class=\"wp-image-69887 size-medium\" src=\"\/2015\/12\/P1050324-284x255.jpg\" alt=\"P1050324\" width=\"284\" height=\"255\" \/><\/a><p id=\"caption-attachment-69887\" class=\"wp-caption-text\"><span style=\"color: #800000;\"><strong>Victoire et Unique, les deux chevaux qui ont assur\u00e9 les balades pendant toute la p\u00e9riode du march\u00e9 de no\u00ebl<\/strong><\/span><\/p><\/div>\n<p><strong><span style=\"font-family: Palatino;\">Un dernier petit tour<\/span><\/strong><\/p>\n<p><span style=\"font-family: Palatino;\">La ville \u00e9tant moins fr\u00e9quent\u00e9e, les balades en cal\u00e8che ont d\u00e9sormais lieu de 15h30 \u00e0 18h30 afin de ne pas trop fatiguer Victoire et Unique, les deux chevaux qui assurent les promenades. Mais d\u00e9p\u00eachez-vous, car il ne vous reste que jusque samedi pour un dernier petit tour. Auquel cas, il vous faudra attendre les vacances de P\u00e2ques pour de nouvelles balades, mais cette fois-ci du c\u00f4t\u00e9 des cascades de Tendon. <\/span><\/p>\n<p>&nbsp;<\/p>\n<p><em><span style=\"font-family: Palatino;\">Pour plus d\u2019information sur le centre \u00e9questre Equi\u2019val, cliquer <a href=\"http:\/\/www.gerardmer.fr\/centre-equestre-vosges\/115-ferme-equestre-equi-val.html\">ici<\/a><\/span><\/em><\/p>\n<p>&nbsp;<\/p>\n","protected":false},"excerpt":{"rendered":"<p>Les promenades en cal\u00e8che, une id\u00e9e propos\u00e9e et financ\u00e9e par les commer\u00e7ants de G\u00e9rardmer, font un vrai tabac ! En [&hellip;]<\/p>\n","protected":false},"author":213,"featured_media":23572,"comment_status":"open","ping_status":"open","sticky":false,"template":"","format":"standard","meta":{"footnotes":""},"categories":[20,24,1],"tags":[2782,779],"class_list":["post-23571","post","type-post","status-publish","format-standard","has-post-thumbnail","hentry","category-a-la-une","category-evenements","category-non-classe","tag-caleche","tag-marche-de-noel"],"acf":[],"yoast_head":"<!-- This site is optimized with the Yoast SEO plugin v22.5 - https:\/\/yoast.com\/wordpress\/plugins\/seo\/ -->\n<title>Les promenades en cal\u00e8che, une vraie r\u00e9ussite ! - Gerardmer Info<\/title>\n<meta name=\"robots\" content=\"index, follow, max-snippet:-1, max-image-preview:large, max-video-preview:-1\" \/>\n<link rel=\"canonical\" href=\"https:\/\/vosgesinfo.fr\/gerardmerinfo\/2017\/01\/promenades-caleche-vraie-reussite\/\" \/>\n<meta name=\"twitter:card\" content=\"summary_large_image\" \/>\n<meta name=\"twitter:title\" content=\"Les promenades en cal\u00e8che, une vraie r\u00e9ussite ! - Gerardmer Info\" \/>\n<meta name=\"twitter:description\" content=\"Les promenades en cal\u00e8che, une id\u00e9e propos\u00e9e et financ\u00e9e par les commer\u00e7ants de G\u00e9rardmer, font un vrai tabac ! En [&hellip;]\" \/>\n<meta name=\"twitter:image\" content=\"https:\/\/vosgesinfo.fr\/app\/uploads\/sites\/6\/2024\/07\/201512p1050321-1.jpg\" \/>\n<meta name=\"twitter:creator\" content=\"@VosgesInfo88\" \/>\n<meta name=\"twitter:site\" content=\"@VosgesInfo88\" \/>\n<meta name=\"twitter:label1\" content=\"\u00c9crit par\" \/>\n\t<meta name=\"twitter:data1\" content=\"Lio Viry\" \/>\n\t<meta name=\"twitter:label2\" content=\"Dur\u00e9e de lecture estim\u00e9e\" \/>\n\t<meta name=\"twitter:data2\" content=\"2 minutes\" \/>\n<script type=\"application\/ld+json\" class=\"yoast-schema-graph\">{\"@context\":\"https:\/\/schema.org\",\"@graph\":[{\"@type\":\"Article\",\"@id\":\"https:\/\/vosgesinfo.fr\/gerardmerinfo\/2017\/01\/promenades-caleche-vraie-reussite\/#article\",\"isPartOf\":{\"@id\":\"https:\/\/vosgesinfo.fr\/gerardmerinfo\/2017\/01\/promenades-caleche-vraie-reussite\/\"},\"author\":{\"name\":\"Lio Viry\",\"@id\":\"https:\/\/vosgesinfo.fr\/gerardmerinfo\/#\/schema\/person\/3ddad90057bb8d904f874fe52c34a1ee\"},\"headline\":\"Les promenades en cal\u00e8che, une vraie r\u00e9ussite !\",\"datePublished\":\"2017-01-06T16:20:06+00:00\",\"dateModified\":\"2017-01-06T16:20:06+00:00\",\"mainEntityOfPage\":{\"@id\":\"https:\/\/vosgesinfo.fr\/gerardmerinfo\/2017\/01\/promenades-caleche-vraie-reussite\/\"},\"wordCount\":444,\"commentCount\":0,\"publisher\":{\"@id\":\"https:\/\/vosgesinfo.fr\/gerardmerinfo\/#organization\"},\"image\":{\"@id\":\"https:\/\/vosgesinfo.fr\/gerardmerinfo\/2017\/01\/promenades-caleche-vraie-reussite\/#primaryimage\"},\"thumbnailUrl\":\"https:\/\/vosgesinfo.fr\/app\/uploads\/sites\/6\/2024\/07\/201512p1050321-1.jpg\",\"keywords\":[\"cal\u00e8che\",\"March\u00e9 de No\u00ebl\"],\"articleSection\":[\"A la une\",\"Ev\u00e8nements\"],\"inLanguage\":\"fr-FR\",\"potentialAction\":[{\"@type\":\"CommentAction\",\"name\":\"Comment\",\"target\":[\"https:\/\/vosgesinfo.fr\/gerardmerinfo\/2017\/01\/promenades-caleche-vraie-reussite\/#respond\"]}]},{\"@type\":\"WebPage\",\"@id\":\"https:\/\/vosgesinfo.fr\/gerardmerinfo\/2017\/01\/promenades-caleche-vraie-reussite\/\",\"url\":\"https:\/\/vosgesinfo.fr\/gerardmerinfo\/2017\/01\/promenades-caleche-vraie-reussite\/\",\"name\":\"Les promenades en cal\u00e8che, une vraie r\u00e9ussite ! - Gerardmer Info\",\"isPartOf\":{\"@id\":\"https:\/\/vosgesinfo.fr\/gerardmerinfo\/#website\"},\"primaryImageOfPage\":{\"@id\":\"https:\/\/vosgesinfo.fr\/gerardmerinfo\/2017\/01\/promenades-caleche-vraie-reussite\/#primaryimage\"},\"image\":{\"@id\":\"https:\/\/vosgesinfo.fr\/gerardmerinfo\/2017\/01\/promenades-caleche-vraie-reussite\/#primaryimage\"},\"thumbnailUrl\":\"https:\/\/vosgesinfo.fr\/app\/uploads\/sites\/6\/2024\/07\/201512p1050321-1.jpg\",\"datePublished\":\"2017-01-06T16:20:06+00:00\",\"dateModified\":\"2017-01-06T16:20:06+00:00\",\"breadcrumb\":{\"@id\":\"https:\/\/vosgesinfo.fr\/gerardmerinfo\/2017\/01\/promenades-caleche-vraie-reussite\/#breadcrumb\"},\"inLanguage\":\"fr-FR\",\"potentialAction\":[{\"@type\":\"ReadAction\",\"target\":[\"https:\/\/vosgesinfo.fr\/gerardmerinfo\/2017\/01\/promenades-caleche-vraie-reussite\/\"]}]},{\"@type\":\"ImageObject\",\"inLanguage\":\"fr-FR\",\"@id\":\"https:\/\/vosgesinfo.fr\/gerardmerinfo\/2017\/01\/promenades-caleche-vraie-reussite\/#primaryimage\",\"url\":\"https:\/\/vosgesinfo.fr\/app\/uploads\/sites\/6\/2024\/07\/201512p1050321-1.jpg\",\"contentUrl\":\"https:\/\/vosgesinfo.fr\/app\/uploads\/sites\/6\/2024\/07\/201512p1050321-1.jpg\",\"width\":640,\"height\":480},{\"@type\":\"BreadcrumbList\",\"@id\":\"https:\/\/vosgesinfo.fr\/gerardmerinfo\/2017\/01\/promenades-caleche-vraie-reussite\/#breadcrumb\",\"itemListElement\":[{\"@type\":\"ListItem\",\"position\":1,\"name\":\"Home\",\"item\":\"https:\/\/vosgesinfo.fr\/gerardmerinfo\/\"},{\"@type\":\"ListItem\",\"position\":2,\"name\":\"Les promenades en cal\u00e8che, une vraie r\u00e9ussite !\"}]},{\"@type\":\"WebSite\",\"@id\":\"https:\/\/vosgesinfo.fr\/gerardmerinfo\/#website\",\"url\":\"https:\/\/vosgesinfo.fr\/gerardmerinfo\/\",\"name\":\"Gerardmer Info\",\"description\":\"Toute l&#039;actualit\u00e9 de G\u00e9rardmer\",\"publisher\":{\"@id\":\"https:\/\/vosgesinfo.fr\/gerardmerinfo\/#organization\"},\"alternateName\":\"Toute l'actualit\u00e9 de G\u00e9rardmer\",\"potentialAction\":[{\"@type\":\"SearchAction\",\"target\":{\"@type\":\"EntryPoint\",\"urlTemplate\":\"https:\/\/vosgesinfo.fr\/gerardmerinfo\/?s={search_term_string}\"},\"query-input\":\"required name=search_term_string\"}],\"inLanguage\":\"fr-FR\"},{\"@type\":\"Organization\",\"@id\":\"https:\/\/vosgesinfo.fr\/gerardmerinfo\/#organization\",\"name\":\"Gerardmer Info\",\"url\":\"https:\/\/vosgesinfo.fr\/gerardmerinfo\/\",\"logo\":{\"@type\":\"ImageObject\",\"inLanguage\":\"fr-FR\",\"@id\":\"https:\/\/vosgesinfo.fr\/gerardmerinfo\/#\/schema\/logo\/image\/\",\"url\":\"https:\/\/vosgesinfo.fr\/app\/uploads\/sites\/6\/2023\/08\/favicon-gerardmerinfo.png\",\"contentUrl\":\"https:\/\/vosgesinfo.fr\/app\/uploads\/sites\/6\/2023\/08\/favicon-gerardmerinfo.png\",\"width\":512,\"height\":512,\"caption\":\"Gerardmer Info\"},\"image\":{\"@id\":\"https:\/\/vosgesinfo.fr\/gerardmerinfo\/#\/schema\/logo\/image\/\"},\"sameAs\":[\"https:\/\/www.facebook.com\/profile.php?id=100049475262660\",\"https:\/\/x.com\/VosgesInfo88\",\"https:\/\/www.youtube.com\/@vosgesinfo\"]},{\"@type\":\"Person\",\"@id\":\"https:\/\/vosgesinfo.fr\/gerardmerinfo\/#\/schema\/person\/3ddad90057bb8d904f874fe52c34a1ee\",\"name\":\"Lio Viry\",\"image\":{\"@type\":\"ImageObject\",\"inLanguage\":\"fr-FR\",\"@id\":\"https:\/\/vosgesinfo.fr\/gerardmerinfo\/#\/schema\/person\/image\/\",\"url\":\"https:\/\/secure.gravatar.com\/avatar\/45e22c324ff74b06de73be3069ca7a6f94592e9c17716fa6633c28858c1f44f3?s=96&d=mm&r=g\",\"contentUrl\":\"https:\/\/secure.gravatar.com\/avatar\/45e22c324ff74b06de73be3069ca7a6f94592e9c17716fa6633c28858c1f44f3?s=96&d=mm&r=g\",\"caption\":\"Lio Viry\"},\"url\":\"https:\/\/vosgesinfo.fr\/gerardmerinfo\/author\/liov\/\"}]}<\/script>\n<!-- \/ Yoast SEO plugin. -->","yoast_head_json":{"title":"Les promenades en cal\u00e8che, une vraie r\u00e9ussite ! - Gerardmer Info","robots":{"index":"index","follow":"follow","max-snippet":"max-snippet:-1","max-image-preview":"max-image-preview:large","max-video-preview":"max-video-preview:-1"},"canonical":"https:\/\/vosgesinfo.fr\/gerardmerinfo\/2017\/01\/promenades-caleche-vraie-reussite\/","twitter_card":"summary_large_image","twitter_title":"Les promenades en cal\u00e8che, une vraie r\u00e9ussite ! - Gerardmer Info","twitter_description":"Les promenades en cal\u00e8che, une id\u00e9e propos\u00e9e et financ\u00e9e par les commer\u00e7ants de G\u00e9rardmer, font un vrai tabac ! En [&hellip;]","twitter_image":"https:\/\/vosgesinfo.fr\/app\/uploads\/sites\/6\/2024\/07\/201512p1050321-1.jpg","twitter_creator":"@VosgesInfo88","twitter_site":"@VosgesInfo88","twitter_misc":{"\u00c9crit par":"Lio Viry","Dur\u00e9e de lecture estim\u00e9e":"2 minutes"},"schema":{"@context":"https:\/\/schema.org","@graph":[{"@type":"Article","@id":"https:\/\/vosgesinfo.fr\/gerardmerinfo\/2017\/01\/promenades-caleche-vraie-reussite\/#article","isPartOf":{"@id":"https:\/\/vosgesinfo.fr\/gerardmerinfo\/2017\/01\/promenades-caleche-vraie-reussite\/"},"author":{"name":"Lio Viry","@id":"https:\/\/vosgesinfo.fr\/gerardmerinfo\/#\/schema\/person\/3ddad90057bb8d904f874fe52c34a1ee"},"headline":"Les promenades en cal\u00e8che, une vraie r\u00e9ussite !","datePublished":"2017-01-06T16:20:06+00:00","dateModified":"2017-01-06T16:20:06+00:00","mainEntityOfPage":{"@id":"https:\/\/vosgesinfo.fr\/gerardmerinfo\/2017\/01\/promenades-caleche-vraie-reussite\/"},"wordCount":444,"commentCount":0,"publisher":{"@id":"https:\/\/vosgesinfo.fr\/gerardmerinfo\/#organization"},"image":{"@id":"https:\/\/vosgesinfo.fr\/gerardmerinfo\/2017\/01\/promenades-caleche-vraie-reussite\/#primaryimage"},"thumbnailUrl":"https:\/\/vosgesinfo.fr\/app\/uploads\/sites\/6\/2024\/07\/201512p1050321-1.jpg","keywords":["cal\u00e8che","March\u00e9 de No\u00ebl"],"articleSection":["A la une","Ev\u00e8nements"],"inLanguage":"fr-FR","potentialAction":[{"@type":"CommentAction","name":"Comment","target":["https:\/\/vosgesinfo.fr\/gerardmerinfo\/2017\/01\/promenades-caleche-vraie-reussite\/#respond"]}]},{"@type":"WebPage","@id":"https:\/\/vosgesinfo.fr\/gerardmerinfo\/2017\/01\/promenades-caleche-vraie-reussite\/","url":"https:\/\/vosgesinfo.fr\/gerardmerinfo\/2017\/01\/promenades-caleche-vraie-reussite\/","name":"Les promenades en cal\u00e8che, une vraie r\u00e9ussite ! - Gerardmer Info","isPartOf":{"@id":"https:\/\/vosgesinfo.fr\/gerardmerinfo\/#website"},"primaryImageOfPage":{"@id":"https:\/\/vosgesinfo.fr\/gerardmerinfo\/2017\/01\/promenades-caleche-vraie-reussite\/#primaryimage"},"image":{"@id":"https:\/\/vosgesinfo.fr\/gerardmerinfo\/2017\/01\/promenades-caleche-vraie-reussite\/#primaryimage"},"thumbnailUrl":"https:\/\/vosgesinfo.fr\/app\/uploads\/sites\/6\/2024\/07\/201512p1050321-1.jpg","datePublished":"2017-01-06T16:20:06+00:00","dateModified":"2017-01-06T16:20:06+00:00","breadcrumb":{"@id":"https:\/\/vosgesinfo.fr\/gerardmerinfo\/2017\/01\/promenades-caleche-vraie-reussite\/#breadcrumb"},"inLanguage":"fr-FR","potentialAction":[{"@type":"ReadAction","target":["https:\/\/vosgesinfo.fr\/gerardmerinfo\/2017\/01\/promenades-caleche-vraie-reussite\/"]}]},{"@type":"ImageObject","inLanguage":"fr-FR","@id":"https:\/\/vosgesinfo.fr\/gerardmerinfo\/2017\/01\/promenades-caleche-vraie-reussite\/#primaryimage","url":"https:\/\/vosgesinfo.fr\/app\/uploads\/sites\/6\/2024\/07\/201512p1050321-1.jpg","contentUrl":"https:\/\/vosgesinfo.fr\/app\/uploads\/sites\/6\/2024\/07\/201512p1050321-1.jpg","width":640,"height":480},{"@type":"BreadcrumbList","@id":"https:\/\/vosgesinfo.fr\/gerardmerinfo\/2017\/01\/promenades-caleche-vraie-reussite\/#breadcrumb","itemListElement":[{"@type":"ListItem","position":1,"name":"Home","item":"https:\/\/vosgesinfo.fr\/gerardmerinfo\/"},{"@type":"ListItem","position":2,"name":"Les promenades en cal\u00e8che, une vraie r\u00e9ussite !"}]},{"@type":"WebSite","@id":"https:\/\/vosgesinfo.fr\/gerardmerinfo\/#website","url":"https:\/\/vosgesinfo.fr\/gerardmerinfo\/","name":"Gerardmer Info","description":"Toute l&#039;actualit\u00e9 de G\u00e9rardmer","publisher":{"@id":"https:\/\/vosgesinfo.fr\/gerardmerinfo\/#organization"},"alternateName":"Toute l'actualit\u00e9 de G\u00e9rardmer","potentialAction":[{"@type":"SearchAction","target":{"@type":"EntryPoint","urlTemplate":"https:\/\/vosgesinfo.fr\/gerardmerinfo\/?s={search_term_string}"},"query-input":"required name=search_term_string"}],"inLanguage":"fr-FR"},{"@type":"Organization","@id":"https:\/\/vosgesinfo.fr\/gerardmerinfo\/#organization","name":"Gerardmer Info","url":"https:\/\/vosgesinfo.fr\/gerardmerinfo\/","logo":{"@type":"ImageObject","inLanguage":"fr-FR","@id":"https:\/\/vosgesinfo.fr\/gerardmerinfo\/#\/schema\/logo\/image\/","url":"https:\/\/vosgesinfo.fr\/app\/uploads\/sites\/6\/2023\/08\/favicon-gerardmerinfo.png","contentUrl":"https:\/\/vosgesinfo.fr\/app\/uploads\/sites\/6\/2023\/08\/favicon-gerardmerinfo.png","width":512,"height":512,"caption":"Gerardmer Info"},"image":{"@id":"https:\/\/vosgesinfo.fr\/gerardmerinfo\/#\/schema\/logo\/image\/"},"sameAs":["https:\/\/www.facebook.com\/profile.php?id=100049475262660","https:\/\/x.com\/VosgesInfo88","https:\/\/www.youtube.com\/@vosgesinfo"]},{"@type":"Person","@id":"https:\/\/vosgesinfo.fr\/gerardmerinfo\/#\/schema\/person\/3ddad90057bb8d904f874fe52c34a1ee","name":"Lio Viry","image":{"@type":"ImageObject","inLanguage":"fr-FR","@id":"https:\/\/vosgesinfo.fr\/gerardmerinfo\/#\/schema\/person\/image\/","url":"https:\/\/secure.gravatar.com\/avatar\/45e22c324ff74b06de73be3069ca7a6f94592e9c17716fa6633c28858c1f44f3?s=96&d=mm&r=g","contentUrl":"https:\/\/secure.gravatar.com\/avatar\/45e22c324ff74b06de73be3069ca7a6f94592e9c17716fa6633c28858c1f44f3?s=96&d=mm&r=g","caption":"Lio Viry"},"url":"https:\/\/vosgesinfo.fr\/gerardmerinfo\/author\/liov\/"}]}},"_links":{"self":[{"href":"https:\/\/vosgesinfo.fr\/gerardmerinfo\/wp-json\/wp\/v2\/posts\/23571","targetHints":{"allow":["GET"]}}],"collection":[{"href":"https:\/\/vosgesinfo.fr\/gerardmerinfo\/wp-json\/wp\/v2\/posts"}],"about":[{"href":"https:\/\/vosgesinfo.fr\/gerardmerinfo\/wp-json\/wp\/v2\/types\/post"}],"author":[{"embeddable":true,"href":"https:\/\/vosgesinfo.fr\/gerardmerinfo\/wp-json\/wp\/v2\/users\/213"}],"replies":[{"embeddable":true,"href":"https:\/\/vosgesinfo.fr\/gerardmerinfo\/wp-json\/wp\/v2\/comments?post=23571"}],"version-history":[{"count":0,"href":"https:\/\/vosgesinfo.fr\/gerardmerinfo\/wp-json\/wp\/v2\/posts\/23571\/revisions"}],"wp:featuredmedia":[{"embeddable":true,"href":"https:\/\/vosgesinfo.fr\/gerardmerinfo\/wp-json\/wp\/v2\/media\/23572"}],"wp:attachment":[{"href":"https:\/\/vosgesinfo.fr\/gerardmerinfo\/wp-json\/wp\/v2\/media?parent=23571"}],"wp:term":[{"taxonomy":"category","embeddable":true,"href":"https:\/\/vosgesinfo.fr\/gerardmerinfo\/wp-json\/wp\/v2\/categories?post=23571"},{"taxonomy":"post_tag","embeddable":true,"href":"https:\/\/vosgesinfo.fr\/gerardmerinfo\/wp-json\/wp\/v2\/tags?post=23571"}],"curies":[{"name":"wp","href":"https:\/\/api.w.org\/{rel}","templated":true}]}}