{"id":23771,"date":"2017-01-22T17:31:52","date_gmt":"2017-01-22T16:31:52","guid":{"rendered":"https:\/\/vosgesinfo.fr\/gerardmerinfo\/2017\/01\/exposition-bd-a-mcl-26-29-janvier\/"},"modified":"2017-01-22T17:31:52","modified_gmt":"2017-01-22T16:31:52","slug":"exposition-bd-a-mcl-26-29-janvier","status":"publish","type":"post","link":"https:\/\/vosgesinfo.fr\/gerardmerinfo\/2017\/01\/exposition-bd-a-mcl-26-29-janvier\/","title":{"rendered":"Une exposition BD \u00e0 la MCL du 26 au 29 janvier"},"content":{"rendered":"<p><span style=\"font-family: Palatino;\"><span style=\"font-size: medium;\"><b><a href=\"\/2017\/01\/Couv_245971.jpg\"><img decoding=\"async\" class=\"alignleft wp-image-100757\" src=\"\/2017\/01\/Couv_245971-167x255.jpg\" alt=\"Couv_245971\" width=\"163\" height=\"249\" \/><\/a><\/b><strong>Dans le cadre du festival du film fantastique, le jeune artiste Aur\u00e9lien Rosset va exposera<\/strong><\/span><\/span><span style=\"font-family: Palatino;\"><span style=\"font-size: medium;\"><strong> \u00e0 la MCL de G\u00e9rardmer <\/strong><\/span><\/span><span style=\"font-family: Palatino;\"><span style=\"font-size: medium;\"><strong>du 26 au 29 janvier. L&rsquo;occasion de d\u00e9couvrir sa toute premi\u00e8re BD :<\/strong><\/span><\/span><span style=\"font-family: Palatino;\"><span style=\"font-size: medium;\"><strong> \u00ab\u00a0Emprise\u00a0\u00bb <\/strong><\/span><\/span><span style=\"font-family: Palatino;\"><span style=\"font-size: medium;\"><strong>. <\/strong><\/span><\/span><\/p>\n<p><span style=\"font-family: Palatino;\"><span style=\"font-size: medium;\">D\u2019origine parisienne, ce jeune auteur s\u2019est vite d\u00e9couvert une passion pour <\/span><span style=\"font-size: medium;\">les arts graphiques et les m\u00e9tiers du livre, c&rsquo;est donc tout naturellement qu&rsquo;il s&rsquo;est dirig\u00e9 vers la bande dessin\u00e9e.\u00a0<\/span><span style=\"font-size: medium;\">Avant <\/span><span style=\"font-size: medium;\">de publier <em>Emprise<\/em>, il a notamment travaill\u00e9 au c\u00f4t\u00e9 de Jean-Louis Marcos en r\u00e9alisant la mise en couleur de la bande dessin\u00e9e <em>M\u00e9moire d&rsquo;un guerrier<\/em>. Aujourd\u2019hui, Aur\u00e9lien Rosset travaille en collaboration avec Ankama, un groupe <\/span><span style=\"font-size: medium;\">ind\u00e9pendant<\/span><span style=\"font-size: medium;\"> de cr\u00e9ation num\u00e9rique. Il planche <\/span><span style=\"font-size: medium;\">d\u2019ores et d\u00e9j\u00e0 sur de nouveaux projets de bandes dessin\u00e9es.<\/span><\/span><\/p>\n<p><strong><span style=\"font-family: Palatino;\"><span style=\"font-size: medium;\"><em>Emprise<\/em>, une premi\u00e8re \u0153uvre pour Aur\u00e9lien Rosset<\/span><\/span><\/strong><\/p>\n<p><span style=\"font-family: Palatino;\"><span style=\"font-size: medium;\">\u00c0 la fois auteur et dessinateur, Aurelien Rosset s\u2019est enti\u00e8rement impliqu\u00e9 dans cette premi\u00e8re \u0153uvre <\/span><span style=\"font-size: medium;\">qu\u2019il consid\u00e8re comme \u00ab un polar fantastique <\/span><span style=\"font-size: medium;\">et<\/span><span style=\"font-size: medium;\"> un thriller psychologique\u00a0\u00bb. Temp\u00eate orageuse, disparition, investigation et v\u00e9rit\u00e9 macabre, voil\u00e0 ce qui vous attend dans cette BD \u00e0 l\u2019atmosph\u00e8re sombre et glauque. S&rsquo;il s&rsquo;agit bel et bien d&rsquo;une \u0153uvre de fiction, l&rsquo;auteur admet que des personnages et certaines situations pr\u00e9sentes dans le livre sont directement inspir\u00e9s de son v\u00e9cu. De quoi vous donner les frissons ! S<\/span><\/span><span style=\"font-family: Palatino;\"><span style=\"font-size: medium;\">i vous appr\u00e9ciez le genre <\/span><span style=\"font-size: medium;\">graphique<\/span><span style=\"font-size: medium;\"> horrifique,<\/span> <span style=\"font-size: medium;\">cette BD qui contient pr\u00e8s de cent soixante-dix planches saura vous s\u00e9duire.\u00a0<\/span><\/span><\/p>\n<p>Le vernissage aura lieu vendredi 27 janvier \u00e0 16h30 \u00e0 la Maison de la Culture et des Loisirs.<\/p>\n<p><span style=\"text-decoration: underline;\"><em><span style=\"font-family: Palatino;\"><span style=\"font-size: medium;\">Synopsis\u00a0:<a href=\"\/2017\/01\/PlancheA_245971.jpg\"><img decoding=\"async\" class=\"alignright size-medium wp-image-100758\" src=\"\/2017\/01\/PlancheA_245971-167x255.jpg\" alt=\"PlancheA_245971\" width=\"167\" height=\"255\" \/><\/a> <\/span><\/span><\/em><\/span><\/p>\n<p><span style=\"font-family: Palatino;\"><span style=\"font-size: medium;\">\u00ab\u00a0<\/span><span style=\"font-size: medium;\"><i>1996, Shelter\u2019s Lot, Maine, 3200 habitants. Alors que le Dr Mark Walewond, doyen de la communaut\u00e9 s\u2019appr\u00eate \u00e0 rendre l\u2019\u00e2me, une violente temp\u00eate s\u2019abat sur les environs, occasionnant de consid\u00e9rables d\u00e9g\u00e2ts. Peu de temps apr\u00e8s sa mort, d\u2019inqui\u00e9tantes disparitions, ainsi que des actes de violence extr\u00eame commis par des personnes jusqu\u2019ici sans histoire, font basculer peu \u00e0 peu la petite ville dans l\u2019horreur. Les investigations du lieutenant Obson et de ses deux jeunes co\u00e9quipiers vont alors faire resurgir le sombre pass\u00e9 de Shelter\u2019s Lot et mener les enqu\u00eateurs aux fronti\u00e8res de la d\u00e9raison, au plus proche d\u2019une v\u00e9rit\u00e9 macabre dont personne ne ressortira indemne.\u00a0<\/i><\/span><span style=\"font-size: medium;\">\u00bb<\/span><\/span><\/p>\n","protected":false},"excerpt":{"rendered":"<p>Dans le cadre du festival du film fantastique, le jeune artiste Aur\u00e9lien Rosset va exposera \u00e0 la MCL de G\u00e9rardmer [&hellip;]<\/p>\n","protected":false},"author":213,"featured_media":23772,"comment_status":"open","ping_status":"open","sticky":false,"template":"","format":"standard","meta":{"footnotes":""},"categories":[20,4,24,64],"tags":[2812,2813,50,233],"class_list":["post-23771","post","type-post","status-publish","format-standard","has-post-thumbnail","hentry","category-a-la-une","category-culture","category-evenements","category-litterature","tag-aurelien-rosset","tag-bd","tag-exposition","tag-galerie-de-la-mcl"],"acf":[],"yoast_head":"<!-- This site is optimized with the Yoast SEO plugin v22.5 - https:\/\/yoast.com\/wordpress\/plugins\/seo\/ -->\n<title>Une exposition BD \u00e0 la MCL du 26 au 29 janvier - Gerardmer Info<\/title>\n<meta name=\"robots\" content=\"index, follow, max-snippet:-1, max-image-preview:large, max-video-preview:-1\" \/>\n<link rel=\"canonical\" href=\"https:\/\/vosgesinfo.fr\/gerardmerinfo\/2017\/01\/exposition-bd-a-mcl-26-29-janvier\/\" \/>\n<meta name=\"twitter:card\" content=\"summary_large_image\" \/>\n<meta name=\"twitter:title\" content=\"Une exposition BD \u00e0 la MCL du 26 au 29 janvier - Gerardmer Info\" \/>\n<meta name=\"twitter:description\" content=\"Dans le cadre du festival du film fantastique, le jeune artiste Aur\u00e9lien Rosset va exposera \u00e0 la MCL de G\u00e9rardmer [&hellip;]\" \/>\n<meta name=\"twitter:image\" content=\"https:\/\/vosgesinfo.fr\/app\/uploads\/sites\/6\/2024\/07\/201701couv-245971.jpg\" \/>\n<meta name=\"twitter:creator\" content=\"@VosgesInfo88\" \/>\n<meta name=\"twitter:site\" content=\"@VosgesInfo88\" \/>\n<meta name=\"twitter:label1\" content=\"\u00c9crit par\" \/>\n\t<meta name=\"twitter:data1\" content=\"Lio Viry\" \/>\n\t<meta name=\"twitter:label2\" content=\"Dur\u00e9e de lecture estim\u00e9e\" \/>\n\t<meta name=\"twitter:data2\" content=\"2 minutes\" \/>\n<script type=\"application\/ld+json\" class=\"yoast-schema-graph\">{\"@context\":\"https:\/\/schema.org\",\"@graph\":[{\"@type\":\"Article\",\"@id\":\"https:\/\/vosgesinfo.fr\/gerardmerinfo\/2017\/01\/exposition-bd-a-mcl-26-29-janvier\/#article\",\"isPartOf\":{\"@id\":\"https:\/\/vosgesinfo.fr\/gerardmerinfo\/2017\/01\/exposition-bd-a-mcl-26-29-janvier\/\"},\"author\":{\"name\":\"Lio Viry\",\"@id\":\"https:\/\/vosgesinfo.fr\/gerardmerinfo\/#\/schema\/person\/3ddad90057bb8d904f874fe52c34a1ee\"},\"headline\":\"Une exposition BD \u00e0 la MCL du 26 au 29 janvier\",\"datePublished\":\"2017-01-22T16:31:52+00:00\",\"dateModified\":\"2017-01-22T16:31:52+00:00\",\"mainEntityOfPage\":{\"@id\":\"https:\/\/vosgesinfo.fr\/gerardmerinfo\/2017\/01\/exposition-bd-a-mcl-26-29-janvier\/\"},\"wordCount\":408,\"commentCount\":0,\"publisher\":{\"@id\":\"https:\/\/vosgesinfo.fr\/gerardmerinfo\/#organization\"},\"image\":{\"@id\":\"https:\/\/vosgesinfo.fr\/gerardmerinfo\/2017\/01\/exposition-bd-a-mcl-26-29-janvier\/#primaryimage\"},\"thumbnailUrl\":\"https:\/\/vosgesinfo.fr\/app\/uploads\/sites\/6\/2024\/07\/201701couv-245971.jpg\",\"keywords\":[\"Aur\u00e9lien Rosset\",\"BD\",\"exposition\",\"galerie de la MCL\"],\"articleSection\":[\"A la une\",\"Culture\",\"Ev\u00e8nements\",\"Litt\u00e9rature\"],\"inLanguage\":\"fr-FR\",\"potentialAction\":[{\"@type\":\"CommentAction\",\"name\":\"Comment\",\"target\":[\"https:\/\/vosgesinfo.fr\/gerardmerinfo\/2017\/01\/exposition-bd-a-mcl-26-29-janvier\/#respond\"]}]},{\"@type\":\"WebPage\",\"@id\":\"https:\/\/vosgesinfo.fr\/gerardmerinfo\/2017\/01\/exposition-bd-a-mcl-26-29-janvier\/\",\"url\":\"https:\/\/vosgesinfo.fr\/gerardmerinfo\/2017\/01\/exposition-bd-a-mcl-26-29-janvier\/\",\"name\":\"Une exposition BD \u00e0 la MCL du 26 au 29 janvier - Gerardmer Info\",\"isPartOf\":{\"@id\":\"https:\/\/vosgesinfo.fr\/gerardmerinfo\/#website\"},\"primaryImageOfPage\":{\"@id\":\"https:\/\/vosgesinfo.fr\/gerardmerinfo\/2017\/01\/exposition-bd-a-mcl-26-29-janvier\/#primaryimage\"},\"image\":{\"@id\":\"https:\/\/vosgesinfo.fr\/gerardmerinfo\/2017\/01\/exposition-bd-a-mcl-26-29-janvier\/#primaryimage\"},\"thumbnailUrl\":\"https:\/\/vosgesinfo.fr\/app\/uploads\/sites\/6\/2024\/07\/201701couv-245971.jpg\",\"datePublished\":\"2017-01-22T16:31:52+00:00\",\"dateModified\":\"2017-01-22T16:31:52+00:00\",\"breadcrumb\":{\"@id\":\"https:\/\/vosgesinfo.fr\/gerardmerinfo\/2017\/01\/exposition-bd-a-mcl-26-29-janvier\/#breadcrumb\"},\"inLanguage\":\"fr-FR\",\"potentialAction\":[{\"@type\":\"ReadAction\",\"target\":[\"https:\/\/vosgesinfo.fr\/gerardmerinfo\/2017\/01\/exposition-bd-a-mcl-26-29-janvier\/\"]}]},{\"@type\":\"ImageObject\",\"inLanguage\":\"fr-FR\",\"@id\":\"https:\/\/vosgesinfo.fr\/gerardmerinfo\/2017\/01\/exposition-bd-a-mcl-26-29-janvier\/#primaryimage\",\"url\":\"https:\/\/vosgesinfo.fr\/app\/uploads\/sites\/6\/2024\/07\/201701couv-245971.jpg\",\"contentUrl\":\"https:\/\/vosgesinfo.fr\/app\/uploads\/sites\/6\/2024\/07\/201701couv-245971.jpg\",\"width\":523,\"height\":800},{\"@type\":\"BreadcrumbList\",\"@id\":\"https:\/\/vosgesinfo.fr\/gerardmerinfo\/2017\/01\/exposition-bd-a-mcl-26-29-janvier\/#breadcrumb\",\"itemListElement\":[{\"@type\":\"ListItem\",\"position\":1,\"name\":\"Home\",\"item\":\"https:\/\/vosgesinfo.fr\/gerardmerinfo\/\"},{\"@type\":\"ListItem\",\"position\":2,\"name\":\"Une exposition BD \u00e0 la MCL du 26 au 29 janvier\"}]},{\"@type\":\"WebSite\",\"@id\":\"https:\/\/vosgesinfo.fr\/gerardmerinfo\/#website\",\"url\":\"https:\/\/vosgesinfo.fr\/gerardmerinfo\/\",\"name\":\"Gerardmer Info\",\"description\":\"Toute l&#039;actualit\u00e9 de G\u00e9rardmer\",\"publisher\":{\"@id\":\"https:\/\/vosgesinfo.fr\/gerardmerinfo\/#organization\"},\"alternateName\":\"Toute l'actualit\u00e9 de G\u00e9rardmer\",\"potentialAction\":[{\"@type\":\"SearchAction\",\"target\":{\"@type\":\"EntryPoint\",\"urlTemplate\":\"https:\/\/vosgesinfo.fr\/gerardmerinfo\/?s={search_term_string}\"},\"query-input\":\"required name=search_term_string\"}],\"inLanguage\":\"fr-FR\"},{\"@type\":\"Organization\",\"@id\":\"https:\/\/vosgesinfo.fr\/gerardmerinfo\/#organization\",\"name\":\"Gerardmer Info\",\"url\":\"https:\/\/vosgesinfo.fr\/gerardmerinfo\/\",\"logo\":{\"@type\":\"ImageObject\",\"inLanguage\":\"fr-FR\",\"@id\":\"https:\/\/vosgesinfo.fr\/gerardmerinfo\/#\/schema\/logo\/image\/\",\"url\":\"https:\/\/vosgesinfo.fr\/app\/uploads\/sites\/6\/2023\/08\/favicon-gerardmerinfo.png\",\"contentUrl\":\"https:\/\/vosgesinfo.fr\/app\/uploads\/sites\/6\/2023\/08\/favicon-gerardmerinfo.png\",\"width\":512,\"height\":512,\"caption\":\"Gerardmer Info\"},\"image\":{\"@id\":\"https:\/\/vosgesinfo.fr\/gerardmerinfo\/#\/schema\/logo\/image\/\"},\"sameAs\":[\"https:\/\/www.facebook.com\/profile.php?id=100049475262660\",\"https:\/\/x.com\/VosgesInfo88\",\"https:\/\/www.youtube.com\/@vosgesinfo\"]},{\"@type\":\"Person\",\"@id\":\"https:\/\/vosgesinfo.fr\/gerardmerinfo\/#\/schema\/person\/3ddad90057bb8d904f874fe52c34a1ee\",\"name\":\"Lio Viry\",\"image\":{\"@type\":\"ImageObject\",\"inLanguage\":\"fr-FR\",\"@id\":\"https:\/\/vosgesinfo.fr\/gerardmerinfo\/#\/schema\/person\/image\/\",\"url\":\"https:\/\/secure.gravatar.com\/avatar\/45e22c324ff74b06de73be3069ca7a6f94592e9c17716fa6633c28858c1f44f3?s=96&d=mm&r=g\",\"contentUrl\":\"https:\/\/secure.gravatar.com\/avatar\/45e22c324ff74b06de73be3069ca7a6f94592e9c17716fa6633c28858c1f44f3?s=96&d=mm&r=g\",\"caption\":\"Lio Viry\"},\"url\":\"https:\/\/vosgesinfo.fr\/gerardmerinfo\/author\/liov\/\"}]}<\/script>\n<!-- \/ Yoast SEO plugin. -->","yoast_head_json":{"title":"Une exposition BD \u00e0 la MCL du 26 au 29 janvier - Gerardmer Info","robots":{"index":"index","follow":"follow","max-snippet":"max-snippet:-1","max-image-preview":"max-image-preview:large","max-video-preview":"max-video-preview:-1"},"canonical":"https:\/\/vosgesinfo.fr\/gerardmerinfo\/2017\/01\/exposition-bd-a-mcl-26-29-janvier\/","twitter_card":"summary_large_image","twitter_title":"Une exposition BD \u00e0 la MCL du 26 au 29 janvier - Gerardmer Info","twitter_description":"Dans le cadre du festival du film fantastique, le jeune artiste Aur\u00e9lien Rosset va exposera \u00e0 la MCL de G\u00e9rardmer [&hellip;]","twitter_image":"https:\/\/vosgesinfo.fr\/app\/uploads\/sites\/6\/2024\/07\/201701couv-245971.jpg","twitter_creator":"@VosgesInfo88","twitter_site":"@VosgesInfo88","twitter_misc":{"\u00c9crit par":"Lio Viry","Dur\u00e9e de lecture estim\u00e9e":"2 minutes"},"schema":{"@context":"https:\/\/schema.org","@graph":[{"@type":"Article","@id":"https:\/\/vosgesinfo.fr\/gerardmerinfo\/2017\/01\/exposition-bd-a-mcl-26-29-janvier\/#article","isPartOf":{"@id":"https:\/\/vosgesinfo.fr\/gerardmerinfo\/2017\/01\/exposition-bd-a-mcl-26-29-janvier\/"},"author":{"name":"Lio Viry","@id":"https:\/\/vosgesinfo.fr\/gerardmerinfo\/#\/schema\/person\/3ddad90057bb8d904f874fe52c34a1ee"},"headline":"Une exposition BD \u00e0 la MCL du 26 au 29 janvier","datePublished":"2017-01-22T16:31:52+00:00","dateModified":"2017-01-22T16:31:52+00:00","mainEntityOfPage":{"@id":"https:\/\/vosgesinfo.fr\/gerardmerinfo\/2017\/01\/exposition-bd-a-mcl-26-29-janvier\/"},"wordCount":408,"commentCount":0,"publisher":{"@id":"https:\/\/vosgesinfo.fr\/gerardmerinfo\/#organization"},"image":{"@id":"https:\/\/vosgesinfo.fr\/gerardmerinfo\/2017\/01\/exposition-bd-a-mcl-26-29-janvier\/#primaryimage"},"thumbnailUrl":"https:\/\/vosgesinfo.fr\/app\/uploads\/sites\/6\/2024\/07\/201701couv-245971.jpg","keywords":["Aur\u00e9lien Rosset","BD","exposition","galerie de la MCL"],"articleSection":["A la une","Culture","Ev\u00e8nements","Litt\u00e9rature"],"inLanguage":"fr-FR","potentialAction":[{"@type":"CommentAction","name":"Comment","target":["https:\/\/vosgesinfo.fr\/gerardmerinfo\/2017\/01\/exposition-bd-a-mcl-26-29-janvier\/#respond"]}]},{"@type":"WebPage","@id":"https:\/\/vosgesinfo.fr\/gerardmerinfo\/2017\/01\/exposition-bd-a-mcl-26-29-janvier\/","url":"https:\/\/vosgesinfo.fr\/gerardmerinfo\/2017\/01\/exposition-bd-a-mcl-26-29-janvier\/","name":"Une exposition BD \u00e0 la MCL du 26 au 29 janvier - Gerardmer Info","isPartOf":{"@id":"https:\/\/vosgesinfo.fr\/gerardmerinfo\/#website"},"primaryImageOfPage":{"@id":"https:\/\/vosgesinfo.fr\/gerardmerinfo\/2017\/01\/exposition-bd-a-mcl-26-29-janvier\/#primaryimage"},"image":{"@id":"https:\/\/vosgesinfo.fr\/gerardmerinfo\/2017\/01\/exposition-bd-a-mcl-26-29-janvier\/#primaryimage"},"thumbnailUrl":"https:\/\/vosgesinfo.fr\/app\/uploads\/sites\/6\/2024\/07\/201701couv-245971.jpg","datePublished":"2017-01-22T16:31:52+00:00","dateModified":"2017-01-22T16:31:52+00:00","breadcrumb":{"@id":"https:\/\/vosgesinfo.fr\/gerardmerinfo\/2017\/01\/exposition-bd-a-mcl-26-29-janvier\/#breadcrumb"},"inLanguage":"fr-FR","potentialAction":[{"@type":"ReadAction","target":["https:\/\/vosgesinfo.fr\/gerardmerinfo\/2017\/01\/exposition-bd-a-mcl-26-29-janvier\/"]}]},{"@type":"ImageObject","inLanguage":"fr-FR","@id":"https:\/\/vosgesinfo.fr\/gerardmerinfo\/2017\/01\/exposition-bd-a-mcl-26-29-janvier\/#primaryimage","url":"https:\/\/vosgesinfo.fr\/app\/uploads\/sites\/6\/2024\/07\/201701couv-245971.jpg","contentUrl":"https:\/\/vosgesinfo.fr\/app\/uploads\/sites\/6\/2024\/07\/201701couv-245971.jpg","width":523,"height":800},{"@type":"BreadcrumbList","@id":"https:\/\/vosgesinfo.fr\/gerardmerinfo\/2017\/01\/exposition-bd-a-mcl-26-29-janvier\/#breadcrumb","itemListElement":[{"@type":"ListItem","position":1,"name":"Home","item":"https:\/\/vosgesinfo.fr\/gerardmerinfo\/"},{"@type":"ListItem","position":2,"name":"Une exposition BD \u00e0 la MCL du 26 au 29 janvier"}]},{"@type":"WebSite","@id":"https:\/\/vosgesinfo.fr\/gerardmerinfo\/#website","url":"https:\/\/vosgesinfo.fr\/gerardmerinfo\/","name":"Gerardmer Info","description":"Toute l&#039;actualit\u00e9 de G\u00e9rardmer","publisher":{"@id":"https:\/\/vosgesinfo.fr\/gerardmerinfo\/#organization"},"alternateName":"Toute l'actualit\u00e9 de G\u00e9rardmer","potentialAction":[{"@type":"SearchAction","target":{"@type":"EntryPoint","urlTemplate":"https:\/\/vosgesinfo.fr\/gerardmerinfo\/?s={search_term_string}"},"query-input":"required name=search_term_string"}],"inLanguage":"fr-FR"},{"@type":"Organization","@id":"https:\/\/vosgesinfo.fr\/gerardmerinfo\/#organization","name":"Gerardmer Info","url":"https:\/\/vosgesinfo.fr\/gerardmerinfo\/","logo":{"@type":"ImageObject","inLanguage":"fr-FR","@id":"https:\/\/vosgesinfo.fr\/gerardmerinfo\/#\/schema\/logo\/image\/","url":"https:\/\/vosgesinfo.fr\/app\/uploads\/sites\/6\/2023\/08\/favicon-gerardmerinfo.png","contentUrl":"https:\/\/vosgesinfo.fr\/app\/uploads\/sites\/6\/2023\/08\/favicon-gerardmerinfo.png","width":512,"height":512,"caption":"Gerardmer Info"},"image":{"@id":"https:\/\/vosgesinfo.fr\/gerardmerinfo\/#\/schema\/logo\/image\/"},"sameAs":["https:\/\/www.facebook.com\/profile.php?id=100049475262660","https:\/\/x.com\/VosgesInfo88","https:\/\/www.youtube.com\/@vosgesinfo"]},{"@type":"Person","@id":"https:\/\/vosgesinfo.fr\/gerardmerinfo\/#\/schema\/person\/3ddad90057bb8d904f874fe52c34a1ee","name":"Lio Viry","image":{"@type":"ImageObject","inLanguage":"fr-FR","@id":"https:\/\/vosgesinfo.fr\/gerardmerinfo\/#\/schema\/person\/image\/","url":"https:\/\/secure.gravatar.com\/avatar\/45e22c324ff74b06de73be3069ca7a6f94592e9c17716fa6633c28858c1f44f3?s=96&d=mm&r=g","contentUrl":"https:\/\/secure.gravatar.com\/avatar\/45e22c324ff74b06de73be3069ca7a6f94592e9c17716fa6633c28858c1f44f3?s=96&d=mm&r=g","caption":"Lio Viry"},"url":"https:\/\/vosgesinfo.fr\/gerardmerinfo\/author\/liov\/"}]}},"_links":{"self":[{"href":"https:\/\/vosgesinfo.fr\/gerardmerinfo\/wp-json\/wp\/v2\/posts\/23771","targetHints":{"allow":["GET"]}}],"collection":[{"href":"https:\/\/vosgesinfo.fr\/gerardmerinfo\/wp-json\/wp\/v2\/posts"}],"about":[{"href":"https:\/\/vosgesinfo.fr\/gerardmerinfo\/wp-json\/wp\/v2\/types\/post"}],"author":[{"embeddable":true,"href":"https:\/\/vosgesinfo.fr\/gerardmerinfo\/wp-json\/wp\/v2\/users\/213"}],"replies":[{"embeddable":true,"href":"https:\/\/vosgesinfo.fr\/gerardmerinfo\/wp-json\/wp\/v2\/comments?post=23771"}],"version-history":[{"count":0,"href":"https:\/\/vosgesinfo.fr\/gerardmerinfo\/wp-json\/wp\/v2\/posts\/23771\/revisions"}],"wp:featuredmedia":[{"embeddable":true,"href":"https:\/\/vosgesinfo.fr\/gerardmerinfo\/wp-json\/wp\/v2\/media\/23772"}],"wp:attachment":[{"href":"https:\/\/vosgesinfo.fr\/gerardmerinfo\/wp-json\/wp\/v2\/media?parent=23771"}],"wp:term":[{"taxonomy":"category","embeddable":true,"href":"https:\/\/vosgesinfo.fr\/gerardmerinfo\/wp-json\/wp\/v2\/categories?post=23771"},{"taxonomy":"post_tag","embeddable":true,"href":"https:\/\/vosgesinfo.fr\/gerardmerinfo\/wp-json\/wp\/v2\/tags?post=23771"}],"curies":[{"name":"wp","href":"https:\/\/api.w.org\/{rel}","templated":true}]}}