{"id":23940,"date":"2017-01-22T16:20:44","date_gmt":"2017-01-22T15:20:44","guid":{"rendered":"https:\/\/vosgesinfo.fr\/gerardmerinfo\/2017\/01\/vitesse-abaissee-de-20-kmh-routes-vosgiennes\/"},"modified":"2017-01-22T16:20:44","modified_gmt":"2017-01-22T15:20:44","slug":"vitesse-abaissee-de-20-kmh-routes-vosgiennes","status":"publish","type":"post","link":"https:\/\/vosgesinfo.fr\/gerardmerinfo\/2017\/01\/vitesse-abaissee-de-20-kmh-routes-vosgiennes\/","title":{"rendered":"La vitesse abaiss\u00e9e de 20 km\/h sur les routes vosgiennes"},"content":{"rendered":"<div id=\"attachment_101225\" style=\"width: 810px\" class=\"wp-caption aligncenter\"><a href=\"\/2017\/01\/routes-brouillard.jpg\"><img decoding=\"async\" aria-describedby=\"caption-attachment-101225\" class=\"size-full wp-image-101225\" src=\"\/2017\/01\/routes-brouillard.jpg\" alt=\"Illustration\" width=\"800\" height=\"533\" \/><\/a><p id=\"caption-attachment-101225\" class=\"wp-caption-text\">Illustration<\/p><\/div>\n<p>A compter du lundi 23 janvier 2017 \u00e0 6 h en raison de la persistance de l\u2019accumulation des polluants dans l\u2019air et la sur\u00e9mission des poussi\u00e8res en suspension provenant principalement de la combustion du bois et des particules \u00e9mises par les v\u00e9hicules, la proc\u00e9dure d\u2019alerte est activ\u00e9e et par arr\u00eat\u00e9, Jean-Pierre Cazenave-Lacrouts, Pr\u00e9fet des Vosges, prescrit les mesures suivantes :<\/p>\n<p>\u2013 le br\u00fblage des d\u00e9che<span class=\"text_exposed_show\">ts verts \u00e0 l\u2019air libre est interdit et les \u00e9ventuelles d\u00e9rogations pour raisons phytosanitaires ou agronomiques sont suspendues ;<\/span><\/p>\n<div class=\"text_exposed_show\">\n<p>\u2013 l\u2019\u00e9cobuage, le br\u00fblage des r\u00e9sidus agricoles et des d\u00e9chets forestiers sont interdits, sauf raison de s\u00e9curit\u00e9 ;<\/p>\n<p>\u2013 les exploitants des installations class\u00e9es soumises \u00e0 autorisation doivent s\u2019assurer du bon fonctionnement des dispositifs de filtration et mettent en \u0153uvre le cas \u00e9ch\u00e9ant les mesures pr\u00e9vues dans leur arr\u00eat\u00e9 d\u2019exploitation ;<\/p>\n<p>\u2013 les travaux g\u00e9n\u00e9rateurs de poussi\u00e8res comme les chantiers de d\u00e9molition ou autres du m\u00eame type ne peuvent \u00eatre r\u00e9alis\u00e9s que si un arrosage ou autre proc\u00e9d\u00e9 permettant l\u2019abattage des poussi\u00e8res est mis simultan\u00e9ment en \u0153uvre ;<\/p>\n<p>\u2013 les feux d\u2019artifice sont interdits ;<\/p>\n<p>\u2013 l\u2019utilisation du bois et ses d\u00e9riv\u00e9s comme chauffage d\u2019appoint ou d\u2019agr\u00e9ment dans tous les logements, d\u00e8s lors qu\u2019il n\u2019est pas une source indispensable ou exclusive de chauffage est interdite ;<\/p>\n<p>\u2013 la vitesse maximale autoris\u00e9e sur l\u2019ensemble du r\u00e9seau routier des Vosges est abaiss\u00e9e de 20 km\/h pour toutes les cat\u00e9gories d\u2019usagers, sans descendre en \u2013 dessous de 70 km\/h.<\/p>\n<p>Cat\u00e9gories de v\u00e9hicules non soumises aux dispositions relatives \u00e0 la vitesse<\/p>\n<p>Les cat\u00e9gories de v\u00e9hicules suivantes ne sont pas soumises \u00e0 la r\u00e9duction de vitesse du pr\u00e9sent arr\u00eat\u00e9 :<\/p>\n<ul>\n<li>les v\u00e9hicules des forces de l\u2019ordre et de s\u00e9curit\u00e9 civile ;<\/li>\n<li>les v\u00e9hicules des services d\u2019incendie et de secours ;<\/li>\n<li>les v\u00e9hicules d\u2019urgence m\u00e9dicale (SMUR-ATSU).<\/li>\n<\/ul>\n<\/div>\n","protected":false},"excerpt":{"rendered":"<p>A compter du lundi 23 janvier 2017 \u00e0 6 h en raison de la persistance de l\u2019accumulation des polluants dans [&hellip;]<\/p>\n","protected":false},"author":1,"featured_media":23941,"comment_status":"open","ping_status":"open","sticky":false,"template":"","format":"standard","meta":{"footnotes":""},"categories":[20,13,18],"tags":[],"class_list":["post-23940","post","type-post","status-publish","format-standard","has-post-thumbnail","hentry","category-a-la-une","category-societe","category-vosges"],"acf":[],"yoast_head":"<!-- This site is optimized with the Yoast SEO plugin v22.5 - https:\/\/yoast.com\/wordpress\/plugins\/seo\/ -->\n<title>La vitesse abaiss\u00e9e de 20 km\/h sur les routes vosgiennes - Gerardmer Info<\/title>\n<meta name=\"robots\" content=\"index, follow, max-snippet:-1, max-image-preview:large, max-video-preview:-1\" \/>\n<link rel=\"canonical\" href=\"https:\/\/vosgesinfo.fr\/gerardmerinfo\/2017\/01\/vitesse-abaissee-de-20-kmh-routes-vosgiennes\/\" \/>\n<meta name=\"twitter:card\" content=\"summary_large_image\" \/>\n<meta name=\"twitter:title\" content=\"La vitesse abaiss\u00e9e de 20 km\/h sur les routes vosgiennes - Gerardmer Info\" \/>\n<meta name=\"twitter:description\" content=\"A compter du lundi 23 janvier 2017 \u00e0 6 h en raison de la persistance de l\u2019accumulation des polluants dans [&hellip;]\" \/>\n<meta name=\"twitter:image\" content=\"https:\/\/vosgesinfo.fr\/app\/uploads\/sites\/6\/2024\/07\/201701routes-brouillard.jpg\" \/>\n<meta name=\"twitter:creator\" content=\"@VosgesInfo88\" \/>\n<meta name=\"twitter:site\" content=\"@VosgesInfo88\" \/>\n<meta name=\"twitter:label1\" content=\"\u00c9crit par\" \/>\n\t<meta name=\"twitter:data1\" content=\"qs_admin\" \/>\n\t<meta name=\"twitter:label2\" content=\"Dur\u00e9e de lecture estim\u00e9e\" \/>\n\t<meta name=\"twitter:data2\" content=\"2 minutes\" \/>\n<script type=\"application\/ld+json\" class=\"yoast-schema-graph\">{\"@context\":\"https:\/\/schema.org\",\"@graph\":[{\"@type\":\"Article\",\"@id\":\"https:\/\/vosgesinfo.fr\/gerardmerinfo\/2017\/01\/vitesse-abaissee-de-20-kmh-routes-vosgiennes\/#article\",\"isPartOf\":{\"@id\":\"https:\/\/vosgesinfo.fr\/gerardmerinfo\/2017\/01\/vitesse-abaissee-de-20-kmh-routes-vosgiennes\/\"},\"author\":{\"name\":\"qs_admin\",\"@id\":\"https:\/\/vosgesinfo.fr\/gerardmerinfo\/#\/schema\/person\/bc5d02d71e6932e81b6dadb7386667b1\"},\"headline\":\"La vitesse abaiss\u00e9e de 20 km\/h sur les routes vosgiennes\",\"datePublished\":\"2017-01-22T15:20:44+00:00\",\"dateModified\":\"2017-01-22T15:20:44+00:00\",\"mainEntityOfPage\":{\"@id\":\"https:\/\/vosgesinfo.fr\/gerardmerinfo\/2017\/01\/vitesse-abaissee-de-20-kmh-routes-vosgiennes\/\"},\"wordCount\":353,\"commentCount\":0,\"publisher\":{\"@id\":\"https:\/\/vosgesinfo.fr\/gerardmerinfo\/#organization\"},\"image\":{\"@id\":\"https:\/\/vosgesinfo.fr\/gerardmerinfo\/2017\/01\/vitesse-abaissee-de-20-kmh-routes-vosgiennes\/#primaryimage\"},\"thumbnailUrl\":\"https:\/\/vosgesinfo.fr\/app\/uploads\/sites\/6\/2024\/07\/201701routes-brouillard.jpg\",\"articleSection\":[\"A la une\",\"Soci\u00e9t\u00e9\",\"Vosges\"],\"inLanguage\":\"fr-FR\",\"potentialAction\":[{\"@type\":\"CommentAction\",\"name\":\"Comment\",\"target\":[\"https:\/\/vosgesinfo.fr\/gerardmerinfo\/2017\/01\/vitesse-abaissee-de-20-kmh-routes-vosgiennes\/#respond\"]}]},{\"@type\":\"WebPage\",\"@id\":\"https:\/\/vosgesinfo.fr\/gerardmerinfo\/2017\/01\/vitesse-abaissee-de-20-kmh-routes-vosgiennes\/\",\"url\":\"https:\/\/vosgesinfo.fr\/gerardmerinfo\/2017\/01\/vitesse-abaissee-de-20-kmh-routes-vosgiennes\/\",\"name\":\"La vitesse abaiss\u00e9e de 20 km\/h sur les routes vosgiennes - Gerardmer Info\",\"isPartOf\":{\"@id\":\"https:\/\/vosgesinfo.fr\/gerardmerinfo\/#website\"},\"primaryImageOfPage\":{\"@id\":\"https:\/\/vosgesinfo.fr\/gerardmerinfo\/2017\/01\/vitesse-abaissee-de-20-kmh-routes-vosgiennes\/#primaryimage\"},\"image\":{\"@id\":\"https:\/\/vosgesinfo.fr\/gerardmerinfo\/2017\/01\/vitesse-abaissee-de-20-kmh-routes-vosgiennes\/#primaryimage\"},\"thumbnailUrl\":\"https:\/\/vosgesinfo.fr\/app\/uploads\/sites\/6\/2024\/07\/201701routes-brouillard.jpg\",\"datePublished\":\"2017-01-22T15:20:44+00:00\",\"dateModified\":\"2017-01-22T15:20:44+00:00\",\"breadcrumb\":{\"@id\":\"https:\/\/vosgesinfo.fr\/gerardmerinfo\/2017\/01\/vitesse-abaissee-de-20-kmh-routes-vosgiennes\/#breadcrumb\"},\"inLanguage\":\"fr-FR\",\"potentialAction\":[{\"@type\":\"ReadAction\",\"target\":[\"https:\/\/vosgesinfo.fr\/gerardmerinfo\/2017\/01\/vitesse-abaissee-de-20-kmh-routes-vosgiennes\/\"]}]},{\"@type\":\"ImageObject\",\"inLanguage\":\"fr-FR\",\"@id\":\"https:\/\/vosgesinfo.fr\/gerardmerinfo\/2017\/01\/vitesse-abaissee-de-20-kmh-routes-vosgiennes\/#primaryimage\",\"url\":\"https:\/\/vosgesinfo.fr\/app\/uploads\/sites\/6\/2024\/07\/201701routes-brouillard.jpg\",\"contentUrl\":\"https:\/\/vosgesinfo.fr\/app\/uploads\/sites\/6\/2024\/07\/201701routes-brouillard.jpg\",\"width\":800,\"height\":533},{\"@type\":\"BreadcrumbList\",\"@id\":\"https:\/\/vosgesinfo.fr\/gerardmerinfo\/2017\/01\/vitesse-abaissee-de-20-kmh-routes-vosgiennes\/#breadcrumb\",\"itemListElement\":[{\"@type\":\"ListItem\",\"position\":1,\"name\":\"Home\",\"item\":\"https:\/\/vosgesinfo.fr\/gerardmerinfo\/\"},{\"@type\":\"ListItem\",\"position\":2,\"name\":\"La vitesse abaiss\u00e9e de 20 km\/h sur les routes vosgiennes\"}]},{\"@type\":\"WebSite\",\"@id\":\"https:\/\/vosgesinfo.fr\/gerardmerinfo\/#website\",\"url\":\"https:\/\/vosgesinfo.fr\/gerardmerinfo\/\",\"name\":\"Gerardmer Info\",\"description\":\"Toute l&#039;actualit\u00e9 de G\u00e9rardmer\",\"publisher\":{\"@id\":\"https:\/\/vosgesinfo.fr\/gerardmerinfo\/#organization\"},\"alternateName\":\"Toute l'actualit\u00e9 de G\u00e9rardmer\",\"potentialAction\":[{\"@type\":\"SearchAction\",\"target\":{\"@type\":\"EntryPoint\",\"urlTemplate\":\"https:\/\/vosgesinfo.fr\/gerardmerinfo\/?s={search_term_string}\"},\"query-input\":\"required name=search_term_string\"}],\"inLanguage\":\"fr-FR\"},{\"@type\":\"Organization\",\"@id\":\"https:\/\/vosgesinfo.fr\/gerardmerinfo\/#organization\",\"name\":\"Gerardmer Info\",\"url\":\"https:\/\/vosgesinfo.fr\/gerardmerinfo\/\",\"logo\":{\"@type\":\"ImageObject\",\"inLanguage\":\"fr-FR\",\"@id\":\"https:\/\/vosgesinfo.fr\/gerardmerinfo\/#\/schema\/logo\/image\/\",\"url\":\"https:\/\/vosgesinfo.fr\/app\/uploads\/sites\/6\/2023\/08\/favicon-gerardmerinfo.png\",\"contentUrl\":\"https:\/\/vosgesinfo.fr\/app\/uploads\/sites\/6\/2023\/08\/favicon-gerardmerinfo.png\",\"width\":512,\"height\":512,\"caption\":\"Gerardmer Info\"},\"image\":{\"@id\":\"https:\/\/vosgesinfo.fr\/gerardmerinfo\/#\/schema\/logo\/image\/\"},\"sameAs\":[\"https:\/\/www.facebook.com\/profile.php?id=100049475262660\",\"https:\/\/x.com\/VosgesInfo88\",\"https:\/\/www.youtube.com\/@vosgesinfo\"]},{\"@type\":\"Person\",\"@id\":\"https:\/\/vosgesinfo.fr\/gerardmerinfo\/#\/schema\/person\/bc5d02d71e6932e81b6dadb7386667b1\",\"name\":\"qs_admin\",\"image\":{\"@type\":\"ImageObject\",\"inLanguage\":\"fr-FR\",\"@id\":\"https:\/\/vosgesinfo.fr\/gerardmerinfo\/#\/schema\/person\/image\/\",\"url\":\"https:\/\/secure.gravatar.com\/avatar\/94b18ee0ed79e4a42ea2f2931277b6841a8999fc6fde214600c78057cf1fe1de?s=96&d=mm&r=g\",\"contentUrl\":\"https:\/\/secure.gravatar.com\/avatar\/94b18ee0ed79e4a42ea2f2931277b6841a8999fc6fde214600c78057cf1fe1de?s=96&d=mm&r=g\",\"caption\":\"qs_admin\"},\"sameAs\":[\"https:\/\/vosgesinfo.fr\/wp\"],\"url\":\"https:\/\/vosgesinfo.fr\/gerardmerinfo\/author\/qs_admin\/\"}]}<\/script>\n<!-- \/ Yoast SEO plugin. -->","yoast_head_json":{"title":"La vitesse abaiss\u00e9e de 20 km\/h sur les routes vosgiennes - Gerardmer Info","robots":{"index":"index","follow":"follow","max-snippet":"max-snippet:-1","max-image-preview":"max-image-preview:large","max-video-preview":"max-video-preview:-1"},"canonical":"https:\/\/vosgesinfo.fr\/gerardmerinfo\/2017\/01\/vitesse-abaissee-de-20-kmh-routes-vosgiennes\/","twitter_card":"summary_large_image","twitter_title":"La vitesse abaiss\u00e9e de 20 km\/h sur les routes vosgiennes - Gerardmer Info","twitter_description":"A compter du lundi 23 janvier 2017 \u00e0 6 h en raison de la persistance de l\u2019accumulation des polluants dans [&hellip;]","twitter_image":"https:\/\/vosgesinfo.fr\/app\/uploads\/sites\/6\/2024\/07\/201701routes-brouillard.jpg","twitter_creator":"@VosgesInfo88","twitter_site":"@VosgesInfo88","twitter_misc":{"\u00c9crit par":"qs_admin","Dur\u00e9e de lecture estim\u00e9e":"2 minutes"},"schema":{"@context":"https:\/\/schema.org","@graph":[{"@type":"Article","@id":"https:\/\/vosgesinfo.fr\/gerardmerinfo\/2017\/01\/vitesse-abaissee-de-20-kmh-routes-vosgiennes\/#article","isPartOf":{"@id":"https:\/\/vosgesinfo.fr\/gerardmerinfo\/2017\/01\/vitesse-abaissee-de-20-kmh-routes-vosgiennes\/"},"author":{"name":"qs_admin","@id":"https:\/\/vosgesinfo.fr\/gerardmerinfo\/#\/schema\/person\/bc5d02d71e6932e81b6dadb7386667b1"},"headline":"La vitesse abaiss\u00e9e de 20 km\/h sur les routes vosgiennes","datePublished":"2017-01-22T15:20:44+00:00","dateModified":"2017-01-22T15:20:44+00:00","mainEntityOfPage":{"@id":"https:\/\/vosgesinfo.fr\/gerardmerinfo\/2017\/01\/vitesse-abaissee-de-20-kmh-routes-vosgiennes\/"},"wordCount":353,"commentCount":0,"publisher":{"@id":"https:\/\/vosgesinfo.fr\/gerardmerinfo\/#organization"},"image":{"@id":"https:\/\/vosgesinfo.fr\/gerardmerinfo\/2017\/01\/vitesse-abaissee-de-20-kmh-routes-vosgiennes\/#primaryimage"},"thumbnailUrl":"https:\/\/vosgesinfo.fr\/app\/uploads\/sites\/6\/2024\/07\/201701routes-brouillard.jpg","articleSection":["A la une","Soci\u00e9t\u00e9","Vosges"],"inLanguage":"fr-FR","potentialAction":[{"@type":"CommentAction","name":"Comment","target":["https:\/\/vosgesinfo.fr\/gerardmerinfo\/2017\/01\/vitesse-abaissee-de-20-kmh-routes-vosgiennes\/#respond"]}]},{"@type":"WebPage","@id":"https:\/\/vosgesinfo.fr\/gerardmerinfo\/2017\/01\/vitesse-abaissee-de-20-kmh-routes-vosgiennes\/","url":"https:\/\/vosgesinfo.fr\/gerardmerinfo\/2017\/01\/vitesse-abaissee-de-20-kmh-routes-vosgiennes\/","name":"La vitesse abaiss\u00e9e de 20 km\/h sur les routes vosgiennes - Gerardmer Info","isPartOf":{"@id":"https:\/\/vosgesinfo.fr\/gerardmerinfo\/#website"},"primaryImageOfPage":{"@id":"https:\/\/vosgesinfo.fr\/gerardmerinfo\/2017\/01\/vitesse-abaissee-de-20-kmh-routes-vosgiennes\/#primaryimage"},"image":{"@id":"https:\/\/vosgesinfo.fr\/gerardmerinfo\/2017\/01\/vitesse-abaissee-de-20-kmh-routes-vosgiennes\/#primaryimage"},"thumbnailUrl":"https:\/\/vosgesinfo.fr\/app\/uploads\/sites\/6\/2024\/07\/201701routes-brouillard.jpg","datePublished":"2017-01-22T15:20:44+00:00","dateModified":"2017-01-22T15:20:44+00:00","breadcrumb":{"@id":"https:\/\/vosgesinfo.fr\/gerardmerinfo\/2017\/01\/vitesse-abaissee-de-20-kmh-routes-vosgiennes\/#breadcrumb"},"inLanguage":"fr-FR","potentialAction":[{"@type":"ReadAction","target":["https:\/\/vosgesinfo.fr\/gerardmerinfo\/2017\/01\/vitesse-abaissee-de-20-kmh-routes-vosgiennes\/"]}]},{"@type":"ImageObject","inLanguage":"fr-FR","@id":"https:\/\/vosgesinfo.fr\/gerardmerinfo\/2017\/01\/vitesse-abaissee-de-20-kmh-routes-vosgiennes\/#primaryimage","url":"https:\/\/vosgesinfo.fr\/app\/uploads\/sites\/6\/2024\/07\/201701routes-brouillard.jpg","contentUrl":"https:\/\/vosgesinfo.fr\/app\/uploads\/sites\/6\/2024\/07\/201701routes-brouillard.jpg","width":800,"height":533},{"@type":"BreadcrumbList","@id":"https:\/\/vosgesinfo.fr\/gerardmerinfo\/2017\/01\/vitesse-abaissee-de-20-kmh-routes-vosgiennes\/#breadcrumb","itemListElement":[{"@type":"ListItem","position":1,"name":"Home","item":"https:\/\/vosgesinfo.fr\/gerardmerinfo\/"},{"@type":"ListItem","position":2,"name":"La vitesse abaiss\u00e9e de 20 km\/h sur les routes vosgiennes"}]},{"@type":"WebSite","@id":"https:\/\/vosgesinfo.fr\/gerardmerinfo\/#website","url":"https:\/\/vosgesinfo.fr\/gerardmerinfo\/","name":"Gerardmer Info","description":"Toute l&#039;actualit\u00e9 de G\u00e9rardmer","publisher":{"@id":"https:\/\/vosgesinfo.fr\/gerardmerinfo\/#organization"},"alternateName":"Toute l'actualit\u00e9 de G\u00e9rardmer","potentialAction":[{"@type":"SearchAction","target":{"@type":"EntryPoint","urlTemplate":"https:\/\/vosgesinfo.fr\/gerardmerinfo\/?s={search_term_string}"},"query-input":"required name=search_term_string"}],"inLanguage":"fr-FR"},{"@type":"Organization","@id":"https:\/\/vosgesinfo.fr\/gerardmerinfo\/#organization","name":"Gerardmer Info","url":"https:\/\/vosgesinfo.fr\/gerardmerinfo\/","logo":{"@type":"ImageObject","inLanguage":"fr-FR","@id":"https:\/\/vosgesinfo.fr\/gerardmerinfo\/#\/schema\/logo\/image\/","url":"https:\/\/vosgesinfo.fr\/app\/uploads\/sites\/6\/2023\/08\/favicon-gerardmerinfo.png","contentUrl":"https:\/\/vosgesinfo.fr\/app\/uploads\/sites\/6\/2023\/08\/favicon-gerardmerinfo.png","width":512,"height":512,"caption":"Gerardmer Info"},"image":{"@id":"https:\/\/vosgesinfo.fr\/gerardmerinfo\/#\/schema\/logo\/image\/"},"sameAs":["https:\/\/www.facebook.com\/profile.php?id=100049475262660","https:\/\/x.com\/VosgesInfo88","https:\/\/www.youtube.com\/@vosgesinfo"]},{"@type":"Person","@id":"https:\/\/vosgesinfo.fr\/gerardmerinfo\/#\/schema\/person\/bc5d02d71e6932e81b6dadb7386667b1","name":"qs_admin","image":{"@type":"ImageObject","inLanguage":"fr-FR","@id":"https:\/\/vosgesinfo.fr\/gerardmerinfo\/#\/schema\/person\/image\/","url":"https:\/\/secure.gravatar.com\/avatar\/94b18ee0ed79e4a42ea2f2931277b6841a8999fc6fde214600c78057cf1fe1de?s=96&d=mm&r=g","contentUrl":"https:\/\/secure.gravatar.com\/avatar\/94b18ee0ed79e4a42ea2f2931277b6841a8999fc6fde214600c78057cf1fe1de?s=96&d=mm&r=g","caption":"qs_admin"},"sameAs":["https:\/\/vosgesinfo.fr\/wp"],"url":"https:\/\/vosgesinfo.fr\/gerardmerinfo\/author\/qs_admin\/"}]}},"_links":{"self":[{"href":"https:\/\/vosgesinfo.fr\/gerardmerinfo\/wp-json\/wp\/v2\/posts\/23940","targetHints":{"allow":["GET"]}}],"collection":[{"href":"https:\/\/vosgesinfo.fr\/gerardmerinfo\/wp-json\/wp\/v2\/posts"}],"about":[{"href":"https:\/\/vosgesinfo.fr\/gerardmerinfo\/wp-json\/wp\/v2\/types\/post"}],"author":[{"embeddable":true,"href":"https:\/\/vosgesinfo.fr\/gerardmerinfo\/wp-json\/wp\/v2\/users\/1"}],"replies":[{"embeddable":true,"href":"https:\/\/vosgesinfo.fr\/gerardmerinfo\/wp-json\/wp\/v2\/comments?post=23940"}],"version-history":[{"count":0,"href":"https:\/\/vosgesinfo.fr\/gerardmerinfo\/wp-json\/wp\/v2\/posts\/23940\/revisions"}],"wp:featuredmedia":[{"embeddable":true,"href":"https:\/\/vosgesinfo.fr\/gerardmerinfo\/wp-json\/wp\/v2\/media\/23941"}],"wp:attachment":[{"href":"https:\/\/vosgesinfo.fr\/gerardmerinfo\/wp-json\/wp\/v2\/media?parent=23940"}],"wp:term":[{"taxonomy":"category","embeddable":true,"href":"https:\/\/vosgesinfo.fr\/gerardmerinfo\/wp-json\/wp\/v2\/categories?post=23940"},{"taxonomy":"post_tag","embeddable":true,"href":"https:\/\/vosgesinfo.fr\/gerardmerinfo\/wp-json\/wp\/v2\/tags?post=23940"}],"curies":[{"name":"wp","href":"https:\/\/api.w.org\/{rel}","templated":true}]}}