{"id":24001,"date":"2017-01-25T17:16:01","date_gmt":"2017-01-25T16:16:01","guid":{"rendered":"https:\/\/vosgesinfo.fr\/gerardmerinfo\/2017\/01\/stars-festival-de-gerardmer-arrivees-a-gare-depinal\/"},"modified":"2017-01-25T17:16:01","modified_gmt":"2017-01-25T16:16:01","slug":"stars-festival-de-gerardmer-arrivees-a-gare-depinal","status":"publish","type":"post","link":"https:\/\/vosgesinfo.fr\/gerardmerinfo\/2017\/01\/stars-festival-de-gerardmer-arrivees-a-gare-depinal\/","title":{"rendered":"Les stars du Festival de G\u00e9rardmer sont arriv\u00e9es \u00e0 la gare D\u2019\u00c9pinal !"},"content":{"rendered":"<p><a href=\"\/2017\/01\/rouvre2.jpg\"><img decoding=\"async\" class=\"aligncenter size-full wp-image-102007\" src=\"\/2017\/01\/rouvre2.jpg\" alt=\"rouvre2\" width=\"800\" height=\"752\" \/><\/a>Les stars du jury et les invit\u00e9s du Festival international du film fantastique de G\u00e9rardmer sont arriv\u00e9s cet apr\u00e8s-midi \u00e0 la gare d\u2019Epinal. A la descente du TGV en provenance de Paris on a pu croiser Jean-Paul Rouve, Herv\u00e9 Hadmar et Audrey Fleurot. Les stars ont ensuite pris une navette direction G\u00e9rardmer. C\u2019est parti pour l\u2019univers fantastique dans les Vosges jusqu\u2019au 29 janvier !<\/p>\n<p>C.K.N.<\/p>\n<div class=\"tiled-gallery type-rectangular\" data-original-width=\"960\" data-carousel-extra=\"null\">\n<div class=\"gallery-row\" data-original-width=\"960\" data-original-height=\"481\">\n<div class=\"gallery-group images-1\" data-original-width=\"640\" data-original-height=\"481\">\n<div class=\"tiled-gallery-item tiled-gallery-item-large\"><a href=\"http:\/\/epinalinfos.fr\/wp-content\/uploads\/2017\/01\/P1250708.jpg\" data-featherlight=\"image\"> <img decoding=\"async\" title=\"P1250708\" src=\"http:\/\/i0.wp.com\/epinalinfos.fr\/wp-content\/uploads\/2017\/01\/P1250708.jpg?resize=636%2C477\" alt=\"P1250708\" data-attachment-id=\"107976\" data-orig-file=\"http:\/\/epinalinfos.fr\/wp-content\/uploads\/2017\/01\/P1250708.jpg\" data-orig-size=\"800,600\" data-comments-opened=\"1\" data-image-meta=\"{&quot;aperture&quot;:&quot;3.3&quot;,&quot;credit&quot;:&quot;&quot;,&quot;camera&quot;:&quot;DMC-TZ40&quot;,&quot;caption&quot;:&quot;&quot;,&quot;created_timestamp&quot;:&quot;1485360438&quot;,&quot;copyright&quot;:&quot;&quot;,&quot;focal_length&quot;:&quot;4.3&quot;,&quot;iso&quot;:&quot;100&quot;,&quot;shutter_speed&quot;:&quot;0.008&quot;,&quot;title&quot;:&quot;&quot;,&quot;orientation&quot;:&quot;1&quot;}\" data-image-title=\"P1250708\" data-image-description=\"\" data-medium-file=\"http:\/\/epinalinfos.fr\/wp-content\/uploads\/2017\/01\/P1250708-340x255.jpg\" data-large-file=\"http:\/\/epinalinfos.fr\/wp-content\/uploads\/2017\/01\/P1250708-800x600.jpg\" data-original-width=\"636\" data-original-height=\"477\" data-recalc-dims=\"1\" \/> <\/a><\/div>\n<\/div>\n<div class=\"gallery-group images-2\" data-original-width=\"320\" data-original-height=\"481\">\n<div class=\"tiled-gallery-item tiled-gallery-item-large\"><a href=\"http:\/\/epinalinfos.fr\/wp-content\/uploads\/2017\/01\/P1250701.jpg\" data-featherlight=\"image\"> <img decoding=\"async\" title=\"P1250701\" src=\"http:\/\/i2.wp.com\/epinalinfos.fr\/wp-content\/uploads\/2017\/01\/P1250701.jpg?resize=316%2C237\" alt=\"P1250701\" data-attachment-id=\"107972\" data-orig-file=\"http:\/\/epinalinfos.fr\/wp-content\/uploads\/2017\/01\/P1250701.jpg\" data-orig-size=\"800,600\" data-comments-opened=\"1\" data-image-meta=\"{&quot;aperture&quot;:&quot;3.3&quot;,&quot;credit&quot;:&quot;&quot;,&quot;camera&quot;:&quot;DMC-TZ40&quot;,&quot;caption&quot;:&quot;&quot;,&quot;created_timestamp&quot;:&quot;1485360408&quot;,&quot;copyright&quot;:&quot;&quot;,&quot;focal_length&quot;:&quot;4.3&quot;,&quot;iso&quot;:&quot;100&quot;,&quot;shutter_speed&quot;:&quot;0.016666666666667&quot;,&quot;title&quot;:&quot;&quot;,&quot;orientation&quot;:&quot;1&quot;}\" data-image-title=\"P1250701\" data-image-description=\"\" data-medium-file=\"http:\/\/epinalinfos.fr\/wp-content\/uploads\/2017\/01\/P1250701-340x255.jpg\" data-large-file=\"http:\/\/epinalinfos.fr\/wp-content\/uploads\/2017\/01\/P1250701-800x600.jpg\" data-original-width=\"316\" data-original-height=\"237\" data-recalc-dims=\"1\" \/> <\/a><\/div>\n<div class=\"tiled-gallery-item tiled-gallery-item-large\"><a href=\"http:\/\/epinalinfos.fr\/wp-content\/uploads\/2017\/01\/P1250710.jpg\" data-featherlight=\"image\"> <img decoding=\"async\" title=\"P1250710\" src=\"http:\/\/i2.wp.com\/epinalinfos.fr\/wp-content\/uploads\/2017\/01\/P1250710.jpg?resize=316%2C236\" alt=\"P1250710\" data-attachment-id=\"107977\" data-orig-file=\"http:\/\/epinalinfos.fr\/wp-content\/uploads\/2017\/01\/P1250710.jpg\" data-orig-size=\"800,600\" data-comments-opened=\"1\" data-image-meta=\"{&quot;aperture&quot;:&quot;3.3&quot;,&quot;credit&quot;:&quot;&quot;,&quot;camera&quot;:&quot;DMC-TZ40&quot;,&quot;caption&quot;:&quot;&quot;,&quot;created_timestamp&quot;:&quot;1485360491&quot;,&quot;copyright&quot;:&quot;&quot;,&quot;focal_length&quot;:&quot;4.3&quot;,&quot;iso&quot;:&quot;100&quot;,&quot;shutter_speed&quot;:&quot;0.005&quot;,&quot;title&quot;:&quot;&quot;,&quot;orientation&quot;:&quot;1&quot;}\" data-image-title=\"P1250710\" data-image-description=\"\" data-medium-file=\"http:\/\/epinalinfos.fr\/wp-content\/uploads\/2017\/01\/P1250710-340x255.jpg\" data-large-file=\"http:\/\/epinalinfos.fr\/wp-content\/uploads\/2017\/01\/P1250710-800x600.jpg\" data-original-width=\"316\" data-original-height=\"236\" data-recalc-dims=\"1\" \/> <\/a><\/div>\n<\/div>\n<\/div>\n<div class=\"gallery-row\" data-original-width=\"960\" data-original-height=\"241\">\n<div class=\"gallery-group images-1\" data-original-width=\"320\" data-original-height=\"241\">\n<div class=\"tiled-gallery-item tiled-gallery-item-large\"><a href=\"http:\/\/epinalinfos.fr\/wp-content\/uploads\/2017\/01\/P1250676.jpg\" data-featherlight=\"image\"> <img decoding=\"async\" title=\"P1250676\" src=\"http:\/\/i0.wp.com\/epinalinfos.fr\/wp-content\/uploads\/2017\/01\/P1250676.jpg?resize=316%2C237\" alt=\"P1250676\" data-attachment-id=\"107963\" data-orig-file=\"http:\/\/epinalinfos.fr\/wp-content\/uploads\/2017\/01\/P1250676.jpg\" data-orig-size=\"800,600\" data-comments-opened=\"1\" data-image-meta=\"{&quot;aperture&quot;:&quot;3.6&quot;,&quot;credit&quot;:&quot;&quot;,&quot;camera&quot;:&quot;DMC-TZ40&quot;,&quot;caption&quot;:&quot;&quot;,&quot;created_timestamp&quot;:&quot;1485360115&quot;,&quot;copyright&quot;:&quot;&quot;,&quot;focal_length&quot;:&quot;5.4&quot;,&quot;iso&quot;:&quot;400&quot;,&quot;shutter_speed&quot;:&quot;0.02&quot;,&quot;title&quot;:&quot;&quot;,&quot;orientation&quot;:&quot;1&quot;}\" data-image-title=\"P1250676\" data-image-description=\"\" data-medium-file=\"http:\/\/epinalinfos.fr\/wp-content\/uploads\/2017\/01\/P1250676-340x255.jpg\" data-large-file=\"http:\/\/epinalinfos.fr\/wp-content\/uploads\/2017\/01\/P1250676-800x600.jpg\" data-original-width=\"316\" data-original-height=\"237\" data-recalc-dims=\"1\" \/> <\/a><\/div>\n<\/div>\n<div class=\"gallery-group images-1\" data-original-width=\"320\" data-original-height=\"241\">\n<div class=\"tiled-gallery-item tiled-gallery-item-large\"><a href=\"http:\/\/epinalinfos.fr\/wp-content\/uploads\/2017\/01\/P1250684.jpg\" data-featherlight=\"image\"> <img decoding=\"async\" title=\"P1250684\" src=\"http:\/\/i1.wp.com\/epinalinfos.fr\/wp-content\/uploads\/2017\/01\/P1250684.jpg?resize=316%2C237\" alt=\"P1250684\" data-attachment-id=\"107966\" data-orig-file=\"http:\/\/epinalinfos.fr\/wp-content\/uploads\/2017\/01\/P1250684.jpg\" data-orig-size=\"800,600\" data-comments-opened=\"1\" data-image-meta=\"{&quot;aperture&quot;:&quot;4.7&quot;,&quot;credit&quot;:&quot;&quot;,&quot;camera&quot;:&quot;DMC-TZ40&quot;,&quot;caption&quot;:&quot;&quot;,&quot;created_timestamp&quot;:&quot;1485360195&quot;,&quot;copyright&quot;:&quot;&quot;,&quot;focal_length&quot;:&quot;10.3&quot;,&quot;iso&quot;:&quot;400&quot;,&quot;shutter_speed&quot;:&quot;0.04&quot;,&quot;title&quot;:&quot;&quot;,&quot;orientation&quot;:&quot;1&quot;}\" data-image-title=\"P1250684\" data-image-description=\"\" data-medium-file=\"http:\/\/epinalinfos.fr\/wp-content\/uploads\/2017\/01\/P1250684-340x255.jpg\" data-large-file=\"http:\/\/epinalinfos.fr\/wp-content\/uploads\/2017\/01\/P1250684-800x600.jpg\" data-original-width=\"316\" data-original-height=\"237\" data-recalc-dims=\"1\" \/> <\/a><\/div>\n<\/div>\n<div class=\"gallery-group images-1\" data-original-width=\"320\" data-original-height=\"241\">\n<div class=\"tiled-gallery-item tiled-gallery-item-large\"><a href=\"http:\/\/epinalinfos.fr\/wp-content\/uploads\/2017\/01\/P1250679.jpg\" data-featherlight=\"image\"> <img decoding=\"async\" title=\"P1250679\" src=\"http:\/\/i1.wp.com\/epinalinfos.fr\/wp-content\/uploads\/2017\/01\/P1250679.jpg?resize=316%2C237\" alt=\"P1250679\" data-attachment-id=\"107964\" data-orig-file=\"http:\/\/epinalinfos.fr\/wp-content\/uploads\/2017\/01\/P1250679.jpg\" data-orig-size=\"800,600\" data-comments-opened=\"1\" data-image-meta=\"{&quot;aperture&quot;:&quot;3.3&quot;,&quot;credit&quot;:&quot;&quot;,&quot;camera&quot;:&quot;DMC-TZ40&quot;,&quot;caption&quot;:&quot;&quot;,&quot;created_timestamp&quot;:&quot;1485360161&quot;,&quot;copyright&quot;:&quot;&quot;,&quot;focal_length&quot;:&quot;4.3&quot;,&quot;iso&quot;:&quot;320&quot;,&quot;shutter_speed&quot;:&quot;0.016666666666667&quot;,&quot;title&quot;:&quot;&quot;,&quot;orientation&quot;:&quot;1&quot;}\" data-image-title=\"P1250679\" data-image-description=\"\" data-medium-file=\"http:\/\/epinalinfos.fr\/wp-content\/uploads\/2017\/01\/P1250679-340x255.jpg\" data-large-file=\"http:\/\/epinalinfos.fr\/wp-content\/uploads\/2017\/01\/P1250679-800x600.jpg\" data-original-width=\"316\" data-original-height=\"237\" data-recalc-dims=\"1\" \/> <\/a><\/div>\n<\/div>\n<\/div>\n<div class=\"gallery-row\" data-original-width=\"960\" data-original-height=\"481\">\n<div class=\"gallery-group images-2\" data-original-width=\"320\" data-original-height=\"481\">\n<div class=\"tiled-gallery-item tiled-gallery-item-large\"><a href=\"http:\/\/epinalinfos.fr\/wp-content\/uploads\/2017\/01\/P1250697.jpg\" data-featherlight=\"image\"> <img decoding=\"async\" title=\"P1250697\" src=\"http:\/\/i0.wp.com\/epinalinfos.fr\/wp-content\/uploads\/2017\/01\/P1250697.jpg?resize=316%2C237\" alt=\"P1250697\" data-attachment-id=\"107971\" data-orig-file=\"http:\/\/epinalinfos.fr\/wp-content\/uploads\/2017\/01\/P1250697.jpg\" data-orig-size=\"800,600\" data-comments-opened=\"1\" data-image-meta=\"{&quot;aperture&quot;:&quot;3.3&quot;,&quot;credit&quot;:&quot;&quot;,&quot;camera&quot;:&quot;DMC-TZ40&quot;,&quot;caption&quot;:&quot;&quot;,&quot;created_timestamp&quot;:&quot;1485360395&quot;,&quot;copyright&quot;:&quot;&quot;,&quot;focal_length&quot;:&quot;4.3&quot;,&quot;iso&quot;:&quot;100&quot;,&quot;shutter_speed&quot;:&quot;0.016666666666667&quot;,&quot;title&quot;:&quot;&quot;,&quot;orientation&quot;:&quot;1&quot;}\" data-image-title=\"P1250697\" data-image-description=\"\" data-medium-file=\"http:\/\/epinalinfos.fr\/wp-content\/uploads\/2017\/01\/P1250697-340x255.jpg\" data-large-file=\"http:\/\/epinalinfos.fr\/wp-content\/uploads\/2017\/01\/P1250697-800x600.jpg\" data-original-width=\"316\" data-original-height=\"237\" data-recalc-dims=\"1\" \/> <\/a><\/div>\n<div class=\"tiled-gallery-item tiled-gallery-item-large\"><a href=\"http:\/\/epinalinfos.fr\/wp-content\/uploads\/2017\/01\/P1250706.jpg\" data-featherlight=\"image\"> <img decoding=\"async\" title=\"P1250706\" src=\"http:\/\/i0.wp.com\/epinalinfos.fr\/wp-content\/uploads\/2017\/01\/P1250706.jpg?resize=316%2C236\" alt=\"P1250706\" data-attachment-id=\"107975\" data-orig-file=\"http:\/\/epinalinfos.fr\/wp-content\/uploads\/2017\/01\/P1250706.jpg\" data-orig-size=\"800,600\" data-comments-opened=\"1\" data-image-meta=\"{&quot;aperture&quot;:&quot;3.3&quot;,&quot;credit&quot;:&quot;&quot;,&quot;camera&quot;:&quot;DMC-TZ40&quot;,&quot;caption&quot;:&quot;&quot;,&quot;created_timestamp&quot;:&quot;1485360436&quot;,&quot;copyright&quot;:&quot;&quot;,&quot;focal_length&quot;:&quot;4.3&quot;,&quot;iso&quot;:&quot;100&quot;,&quot;shutter_speed&quot;:&quot;0.01&quot;,&quot;title&quot;:&quot;&quot;,&quot;orientation&quot;:&quot;1&quot;}\" data-image-title=\"P1250706\" data-image-description=\"\" data-medium-file=\"http:\/\/epinalinfos.fr\/wp-content\/uploads\/2017\/01\/P1250706-340x255.jpg\" data-large-file=\"http:\/\/epinalinfos.fr\/wp-content\/uploads\/2017\/01\/P1250706-800x600.jpg\" data-original-width=\"316\" data-original-height=\"236\" data-recalc-dims=\"1\" \/> <\/a><\/div>\n<\/div>\n<div class=\"gallery-group images-1\" data-original-width=\"640\" data-original-height=\"481\">\n<div class=\"tiled-gallery-item tiled-gallery-item-large\"><a href=\"http:\/\/epinalinfos.fr\/wp-content\/uploads\/2017\/01\/P1250694.jpg\" data-featherlight=\"image\"> <img decoding=\"async\" title=\"P1250694\" src=\"http:\/\/i1.wp.com\/epinalinfos.fr\/wp-content\/uploads\/2017\/01\/P1250694.jpg?resize=636%2C477\" alt=\"P1250694\" data-attachment-id=\"107970\" data-orig-file=\"http:\/\/epinalinfos.fr\/wp-content\/uploads\/2017\/01\/P1250694.jpg\" data-orig-size=\"800,600\" data-comments-opened=\"1\" data-image-meta=\"{&quot;aperture&quot;:&quot;3.3&quot;,&quot;credit&quot;:&quot;&quot;,&quot;camera&quot;:&quot;DMC-TZ40&quot;,&quot;caption&quot;:&quot;&quot;,&quot;created_timestamp&quot;:&quot;1485360337&quot;,&quot;copyright&quot;:&quot;&quot;,&quot;focal_length&quot;:&quot;4.3&quot;,&quot;iso&quot;:&quot;100&quot;,&quot;shutter_speed&quot;:&quot;0.016666666666667&quot;,&quot;title&quot;:&quot;&quot;,&quot;orientation&quot;:&quot;1&quot;}\" data-image-title=\"P1250694\" data-image-description=\"\" data-medium-file=\"http:\/\/epinalinfos.fr\/wp-content\/uploads\/2017\/01\/P1250694-340x255.jpg\" data-large-file=\"http:\/\/epinalinfos.fr\/wp-content\/uploads\/2017\/01\/P1250694-800x600.jpg\" data-original-width=\"636\" data-original-height=\"477\" data-recalc-dims=\"1\" \/> <\/a><\/div>\n<\/div>\n<\/div>\n<div class=\"gallery-row\" data-original-width=\"960\" data-original-height=\"361\">\n<div class=\"gallery-group images-1\" data-original-width=\"480\" data-original-height=\"361\">\n<div class=\"tiled-gallery-item tiled-gallery-item-large\"><a href=\"http:\/\/epinalinfos.fr\/wp-content\/uploads\/2017\/01\/P1250689.jpg\" data-featherlight=\"image\"> <img decoding=\"async\" title=\"P1250689\" src=\"http:\/\/i1.wp.com\/epinalinfos.fr\/wp-content\/uploads\/2017\/01\/P1250689.jpg?resize=476%2C357\" alt=\"P1250689\" data-attachment-id=\"107968\" data-orig-file=\"http:\/\/epinalinfos.fr\/wp-content\/uploads\/2017\/01\/P1250689.jpg\" data-orig-size=\"800,600\" data-comments-opened=\"1\" data-image-meta=\"{&quot;aperture&quot;:&quot;3.4&quot;,&quot;credit&quot;:&quot;&quot;,&quot;camera&quot;:&quot;DMC-TZ40&quot;,&quot;caption&quot;:&quot;&quot;,&quot;created_timestamp&quot;:&quot;1485360239&quot;,&quot;copyright&quot;:&quot;&quot;,&quot;focal_length&quot;:&quot;4.8&quot;,&quot;iso&quot;:&quot;400&quot;,&quot;shutter_speed&quot;:&quot;0.02&quot;,&quot;title&quot;:&quot;&quot;,&quot;orientation&quot;:&quot;1&quot;}\" data-image-title=\"P1250689\" data-image-description=\"\" data-medium-file=\"http:\/\/epinalinfos.fr\/wp-content\/uploads\/2017\/01\/P1250689-340x255.jpg\" data-large-file=\"http:\/\/epinalinfos.fr\/wp-content\/uploads\/2017\/01\/P1250689-800x600.jpg\" data-original-width=\"476\" data-original-height=\"357\" data-recalc-dims=\"1\" \/> <\/a><\/div>\n<\/div>\n<div class=\"gallery-group images-1\" data-original-width=\"480\" data-original-height=\"361\">\n<div class=\"tiled-gallery-item tiled-gallery-item-large\"><a href=\"http:\/\/epinalinfos.fr\/wp-content\/uploads\/2017\/01\/P1250688.jpg\" data-featherlight=\"image\"> <img decoding=\"async\" title=\"P1250688\" src=\"http:\/\/i2.wp.com\/epinalinfos.fr\/wp-content\/uploads\/2017\/01\/P1250688.jpg?resize=476%2C357\" alt=\"P1250688\" data-attachment-id=\"107967\" data-orig-file=\"http:\/\/epinalinfos.fr\/wp-content\/uploads\/2017\/01\/P1250688.jpg\" data-orig-size=\"800,600\" data-comments-opened=\"1\" data-image-meta=\"{&quot;aperture&quot;:&quot;3.7&quot;,&quot;credit&quot;:&quot;&quot;,&quot;camera&quot;:&quot;DMC-TZ40&quot;,&quot;caption&quot;:&quot;&quot;,&quot;created_timestamp&quot;:&quot;1485360236&quot;,&quot;copyright&quot;:&quot;&quot;,&quot;focal_length&quot;:&quot;6.1&quot;,&quot;iso&quot;:&quot;400&quot;,&quot;shutter_speed&quot;:&quot;0.05&quot;,&quot;title&quot;:&quot;&quot;,&quot;orientation&quot;:&quot;1&quot;}\" data-image-title=\"P1250688\" data-image-description=\"\" data-medium-file=\"http:\/\/epinalinfos.fr\/wp-content\/uploads\/2017\/01\/P1250688-340x255.jpg\" data-large-file=\"http:\/\/epinalinfos.fr\/wp-content\/uploads\/2017\/01\/P1250688-800x600.jpg\" data-original-width=\"476\" data-original-height=\"357\" data-recalc-dims=\"1\" \/> <\/a><\/div>\n<\/div>\n<\/div>\n<div class=\"gallery-row\" data-original-width=\"960\" data-original-height=\"721\">\n<div class=\"gallery-group images-1\" data-original-width=\"960\" data-original-height=\"721\">\n<div class=\"tiled-gallery-item tiled-gallery-item-large\"><a href=\"http:\/\/epinalinfos.fr\/wp-content\/uploads\/2017\/01\/P1250693.jpg\" data-featherlight=\"image\"> <img decoding=\"async\" title=\"P1250693\" src=\"http:\/\/i1.wp.com\/epinalinfos.fr\/wp-content\/uploads\/2017\/01\/P1250693.jpg?resize=956%2C717\" alt=\"P1250693\" data-attachment-id=\"107969\" data-orig-file=\"http:\/\/epinalinfos.fr\/wp-content\/uploads\/2017\/01\/P1250693.jpg\" data-orig-size=\"800,600\" data-comments-opened=\"1\" data-image-meta=\"{&quot;aperture&quot;:&quot;3.3&quot;,&quot;credit&quot;:&quot;&quot;,&quot;camera&quot;:&quot;DMC-TZ40&quot;,&quot;caption&quot;:&quot;&quot;,&quot;created_timestamp&quot;:&quot;1485360331&quot;,&quot;copyright&quot;:&quot;&quot;,&quot;focal_length&quot;:&quot;4.3&quot;,&quot;iso&quot;:&quot;100&quot;,&quot;shutter_speed&quot;:&quot;0.016666666666667&quot;,&quot;title&quot;:&quot;&quot;,&quot;orientation&quot;:&quot;1&quot;}\" data-image-title=\"P1250693\" data-image-description=\"\" data-medium-file=\"http:\/\/epinalinfos.fr\/wp-content\/uploads\/2017\/01\/P1250693-340x255.jpg\" data-large-file=\"http:\/\/epinalinfos.fr\/wp-content\/uploads\/2017\/01\/P1250693-800x600.jpg\" data-original-width=\"956\" data-original-height=\"717\" data-recalc-dims=\"1\" \/> <\/a><\/div>\n<\/div>\n<\/div>\n<\/div>\n","protected":false},"excerpt":{"rendered":"<p>Les stars du jury et les invit\u00e9s du Festival international du film fantastique de G\u00e9rardmer sont arriv\u00e9s cet apr\u00e8s-midi \u00e0 [&hellip;]<\/p>\n","protected":false},"author":1,"featured_media":24002,"comment_status":"open","ping_status":"open","sticky":false,"template":"","format":"standard","meta":{"footnotes":""},"categories":[20,24],"tags":[],"class_list":["post-24001","post","type-post","status-publish","format-standard","has-post-thumbnail","hentry","category-a-la-une","category-evenements"],"acf":[],"yoast_head":"<!-- This site is optimized with the Yoast SEO plugin v22.5 - https:\/\/yoast.com\/wordpress\/plugins\/seo\/ -->\n<title>Les stars du Festival de G\u00e9rardmer sont arriv\u00e9es \u00e0 la gare D\u2019\u00c9pinal ! - Gerardmer Info<\/title>\n<meta name=\"robots\" content=\"index, follow, max-snippet:-1, max-image-preview:large, max-video-preview:-1\" \/>\n<link rel=\"canonical\" href=\"https:\/\/vosgesinfo.fr\/gerardmerinfo\/2017\/01\/stars-festival-de-gerardmer-arrivees-a-gare-depinal\/\" \/>\n<meta name=\"twitter:card\" content=\"summary_large_image\" \/>\n<meta name=\"twitter:title\" content=\"Les stars du Festival de G\u00e9rardmer sont arriv\u00e9es \u00e0 la gare D\u2019\u00c9pinal ! - Gerardmer Info\" \/>\n<meta name=\"twitter:description\" content=\"Les stars du jury et les invit\u00e9s du Festival international du film fantastique de G\u00e9rardmer sont arriv\u00e9s cet apr\u00e8s-midi \u00e0 [&hellip;]\" \/>\n<meta name=\"twitter:image\" content=\"https:\/\/vosgesinfo.fr\/app\/uploads\/sites\/6\/2024\/07\/201701rouvre2.jpg\" \/>\n<meta name=\"twitter:creator\" content=\"@VosgesInfo88\" \/>\n<meta name=\"twitter:site\" content=\"@VosgesInfo88\" \/>\n<meta name=\"twitter:label1\" content=\"\u00c9crit par\" \/>\n\t<meta name=\"twitter:data1\" content=\"qs_admin\" \/>\n<script type=\"application\/ld+json\" class=\"yoast-schema-graph\">{\"@context\":\"https:\/\/schema.org\",\"@graph\":[{\"@type\":\"Article\",\"@id\":\"https:\/\/vosgesinfo.fr\/gerardmerinfo\/2017\/01\/stars-festival-de-gerardmer-arrivees-a-gare-depinal\/#article\",\"isPartOf\":{\"@id\":\"https:\/\/vosgesinfo.fr\/gerardmerinfo\/2017\/01\/stars-festival-de-gerardmer-arrivees-a-gare-depinal\/\"},\"author\":{\"name\":\"qs_admin\",\"@id\":\"https:\/\/vosgesinfo.fr\/gerardmerinfo\/#\/schema\/person\/bc5d02d71e6932e81b6dadb7386667b1\"},\"headline\":\"Les stars du Festival de G\u00e9rardmer sont arriv\u00e9es \u00e0 la gare D\u2019\u00c9pinal !\",\"datePublished\":\"2017-01-25T16:16:01+00:00\",\"dateModified\":\"2017-01-25T16:16:01+00:00\",\"mainEntityOfPage\":{\"@id\":\"https:\/\/vosgesinfo.fr\/gerardmerinfo\/2017\/01\/stars-festival-de-gerardmer-arrivees-a-gare-depinal\/\"},\"wordCount\":87,\"commentCount\":0,\"publisher\":{\"@id\":\"https:\/\/vosgesinfo.fr\/gerardmerinfo\/#organization\"},\"image\":{\"@id\":\"https:\/\/vosgesinfo.fr\/gerardmerinfo\/2017\/01\/stars-festival-de-gerardmer-arrivees-a-gare-depinal\/#primaryimage\"},\"thumbnailUrl\":\"https:\/\/vosgesinfo.fr\/app\/uploads\/sites\/6\/2024\/07\/201701rouvre2.jpg\",\"articleSection\":[\"A la une\",\"Ev\u00e8nements\"],\"inLanguage\":\"fr-FR\",\"potentialAction\":[{\"@type\":\"CommentAction\",\"name\":\"Comment\",\"target\":[\"https:\/\/vosgesinfo.fr\/gerardmerinfo\/2017\/01\/stars-festival-de-gerardmer-arrivees-a-gare-depinal\/#respond\"]}]},{\"@type\":\"WebPage\",\"@id\":\"https:\/\/vosgesinfo.fr\/gerardmerinfo\/2017\/01\/stars-festival-de-gerardmer-arrivees-a-gare-depinal\/\",\"url\":\"https:\/\/vosgesinfo.fr\/gerardmerinfo\/2017\/01\/stars-festival-de-gerardmer-arrivees-a-gare-depinal\/\",\"name\":\"Les stars du Festival de G\u00e9rardmer sont arriv\u00e9es \u00e0 la gare D\u2019\u00c9pinal ! - Gerardmer Info\",\"isPartOf\":{\"@id\":\"https:\/\/vosgesinfo.fr\/gerardmerinfo\/#website\"},\"primaryImageOfPage\":{\"@id\":\"https:\/\/vosgesinfo.fr\/gerardmerinfo\/2017\/01\/stars-festival-de-gerardmer-arrivees-a-gare-depinal\/#primaryimage\"},\"image\":{\"@id\":\"https:\/\/vosgesinfo.fr\/gerardmerinfo\/2017\/01\/stars-festival-de-gerardmer-arrivees-a-gare-depinal\/#primaryimage\"},\"thumbnailUrl\":\"https:\/\/vosgesinfo.fr\/app\/uploads\/sites\/6\/2024\/07\/201701rouvre2.jpg\",\"datePublished\":\"2017-01-25T16:16:01+00:00\",\"dateModified\":\"2017-01-25T16:16:01+00:00\",\"breadcrumb\":{\"@id\":\"https:\/\/vosgesinfo.fr\/gerardmerinfo\/2017\/01\/stars-festival-de-gerardmer-arrivees-a-gare-depinal\/#breadcrumb\"},\"inLanguage\":\"fr-FR\",\"potentialAction\":[{\"@type\":\"ReadAction\",\"target\":[\"https:\/\/vosgesinfo.fr\/gerardmerinfo\/2017\/01\/stars-festival-de-gerardmer-arrivees-a-gare-depinal\/\"]}]},{\"@type\":\"ImageObject\",\"inLanguage\":\"fr-FR\",\"@id\":\"https:\/\/vosgesinfo.fr\/gerardmerinfo\/2017\/01\/stars-festival-de-gerardmer-arrivees-a-gare-depinal\/#primaryimage\",\"url\":\"https:\/\/vosgesinfo.fr\/app\/uploads\/sites\/6\/2024\/07\/201701rouvre2.jpg\",\"contentUrl\":\"https:\/\/vosgesinfo.fr\/app\/uploads\/sites\/6\/2024\/07\/201701rouvre2.jpg\",\"width\":800,\"height\":752},{\"@type\":\"BreadcrumbList\",\"@id\":\"https:\/\/vosgesinfo.fr\/gerardmerinfo\/2017\/01\/stars-festival-de-gerardmer-arrivees-a-gare-depinal\/#breadcrumb\",\"itemListElement\":[{\"@type\":\"ListItem\",\"position\":1,\"name\":\"Home\",\"item\":\"https:\/\/vosgesinfo.fr\/gerardmerinfo\/\"},{\"@type\":\"ListItem\",\"position\":2,\"name\":\"Les stars du Festival de G\u00e9rardmer sont arriv\u00e9es \u00e0 la gare D\u2019\u00c9pinal !\"}]},{\"@type\":\"WebSite\",\"@id\":\"https:\/\/vosgesinfo.fr\/gerardmerinfo\/#website\",\"url\":\"https:\/\/vosgesinfo.fr\/gerardmerinfo\/\",\"name\":\"Gerardmer Info\",\"description\":\"Toute l&#039;actualit\u00e9 de G\u00e9rardmer\",\"publisher\":{\"@id\":\"https:\/\/vosgesinfo.fr\/gerardmerinfo\/#organization\"},\"alternateName\":\"Toute l'actualit\u00e9 de G\u00e9rardmer\",\"potentialAction\":[{\"@type\":\"SearchAction\",\"target\":{\"@type\":\"EntryPoint\",\"urlTemplate\":\"https:\/\/vosgesinfo.fr\/gerardmerinfo\/?s={search_term_string}\"},\"query-input\":\"required name=search_term_string\"}],\"inLanguage\":\"fr-FR\"},{\"@type\":\"Organization\",\"@id\":\"https:\/\/vosgesinfo.fr\/gerardmerinfo\/#organization\",\"name\":\"Gerardmer Info\",\"url\":\"https:\/\/vosgesinfo.fr\/gerardmerinfo\/\",\"logo\":{\"@type\":\"ImageObject\",\"inLanguage\":\"fr-FR\",\"@id\":\"https:\/\/vosgesinfo.fr\/gerardmerinfo\/#\/schema\/logo\/image\/\",\"url\":\"https:\/\/vosgesinfo.fr\/app\/uploads\/sites\/6\/2023\/08\/favicon-gerardmerinfo.png\",\"contentUrl\":\"https:\/\/vosgesinfo.fr\/app\/uploads\/sites\/6\/2023\/08\/favicon-gerardmerinfo.png\",\"width\":512,\"height\":512,\"caption\":\"Gerardmer Info\"},\"image\":{\"@id\":\"https:\/\/vosgesinfo.fr\/gerardmerinfo\/#\/schema\/logo\/image\/\"},\"sameAs\":[\"https:\/\/www.facebook.com\/profile.php?id=100049475262660\",\"https:\/\/x.com\/VosgesInfo88\",\"https:\/\/www.youtube.com\/@vosgesinfo\"]},{\"@type\":\"Person\",\"@id\":\"https:\/\/vosgesinfo.fr\/gerardmerinfo\/#\/schema\/person\/bc5d02d71e6932e81b6dadb7386667b1\",\"name\":\"qs_admin\",\"image\":{\"@type\":\"ImageObject\",\"inLanguage\":\"fr-FR\",\"@id\":\"https:\/\/vosgesinfo.fr\/gerardmerinfo\/#\/schema\/person\/image\/\",\"url\":\"https:\/\/secure.gravatar.com\/avatar\/94b18ee0ed79e4a42ea2f2931277b6841a8999fc6fde214600c78057cf1fe1de?s=96&d=mm&r=g\",\"contentUrl\":\"https:\/\/secure.gravatar.com\/avatar\/94b18ee0ed79e4a42ea2f2931277b6841a8999fc6fde214600c78057cf1fe1de?s=96&d=mm&r=g\",\"caption\":\"qs_admin\"},\"sameAs\":[\"https:\/\/vosgesinfo.fr\/wp\"],\"url\":\"https:\/\/vosgesinfo.fr\/gerardmerinfo\/author\/qs_admin\/\"}]}<\/script>\n<!-- \/ Yoast SEO plugin. -->","yoast_head_json":{"title":"Les stars du Festival de G\u00e9rardmer sont arriv\u00e9es \u00e0 la gare D\u2019\u00c9pinal ! - Gerardmer Info","robots":{"index":"index","follow":"follow","max-snippet":"max-snippet:-1","max-image-preview":"max-image-preview:large","max-video-preview":"max-video-preview:-1"},"canonical":"https:\/\/vosgesinfo.fr\/gerardmerinfo\/2017\/01\/stars-festival-de-gerardmer-arrivees-a-gare-depinal\/","twitter_card":"summary_large_image","twitter_title":"Les stars du Festival de G\u00e9rardmer sont arriv\u00e9es \u00e0 la gare D\u2019\u00c9pinal ! - Gerardmer Info","twitter_description":"Les stars du jury et les invit\u00e9s du Festival international du film fantastique de G\u00e9rardmer sont arriv\u00e9s cet apr\u00e8s-midi \u00e0 [&hellip;]","twitter_image":"https:\/\/vosgesinfo.fr\/app\/uploads\/sites\/6\/2024\/07\/201701rouvre2.jpg","twitter_creator":"@VosgesInfo88","twitter_site":"@VosgesInfo88","twitter_misc":{"\u00c9crit par":"qs_admin"},"schema":{"@context":"https:\/\/schema.org","@graph":[{"@type":"Article","@id":"https:\/\/vosgesinfo.fr\/gerardmerinfo\/2017\/01\/stars-festival-de-gerardmer-arrivees-a-gare-depinal\/#article","isPartOf":{"@id":"https:\/\/vosgesinfo.fr\/gerardmerinfo\/2017\/01\/stars-festival-de-gerardmer-arrivees-a-gare-depinal\/"},"author":{"name":"qs_admin","@id":"https:\/\/vosgesinfo.fr\/gerardmerinfo\/#\/schema\/person\/bc5d02d71e6932e81b6dadb7386667b1"},"headline":"Les stars du Festival de G\u00e9rardmer sont arriv\u00e9es \u00e0 la gare D\u2019\u00c9pinal !","datePublished":"2017-01-25T16:16:01+00:00","dateModified":"2017-01-25T16:16:01+00:00","mainEntityOfPage":{"@id":"https:\/\/vosgesinfo.fr\/gerardmerinfo\/2017\/01\/stars-festival-de-gerardmer-arrivees-a-gare-depinal\/"},"wordCount":87,"commentCount":0,"publisher":{"@id":"https:\/\/vosgesinfo.fr\/gerardmerinfo\/#organization"},"image":{"@id":"https:\/\/vosgesinfo.fr\/gerardmerinfo\/2017\/01\/stars-festival-de-gerardmer-arrivees-a-gare-depinal\/#primaryimage"},"thumbnailUrl":"https:\/\/vosgesinfo.fr\/app\/uploads\/sites\/6\/2024\/07\/201701rouvre2.jpg","articleSection":["A la une","Ev\u00e8nements"],"inLanguage":"fr-FR","potentialAction":[{"@type":"CommentAction","name":"Comment","target":["https:\/\/vosgesinfo.fr\/gerardmerinfo\/2017\/01\/stars-festival-de-gerardmer-arrivees-a-gare-depinal\/#respond"]}]},{"@type":"WebPage","@id":"https:\/\/vosgesinfo.fr\/gerardmerinfo\/2017\/01\/stars-festival-de-gerardmer-arrivees-a-gare-depinal\/","url":"https:\/\/vosgesinfo.fr\/gerardmerinfo\/2017\/01\/stars-festival-de-gerardmer-arrivees-a-gare-depinal\/","name":"Les stars du Festival de G\u00e9rardmer sont arriv\u00e9es \u00e0 la gare D\u2019\u00c9pinal ! - Gerardmer Info","isPartOf":{"@id":"https:\/\/vosgesinfo.fr\/gerardmerinfo\/#website"},"primaryImageOfPage":{"@id":"https:\/\/vosgesinfo.fr\/gerardmerinfo\/2017\/01\/stars-festival-de-gerardmer-arrivees-a-gare-depinal\/#primaryimage"},"image":{"@id":"https:\/\/vosgesinfo.fr\/gerardmerinfo\/2017\/01\/stars-festival-de-gerardmer-arrivees-a-gare-depinal\/#primaryimage"},"thumbnailUrl":"https:\/\/vosgesinfo.fr\/app\/uploads\/sites\/6\/2024\/07\/201701rouvre2.jpg","datePublished":"2017-01-25T16:16:01+00:00","dateModified":"2017-01-25T16:16:01+00:00","breadcrumb":{"@id":"https:\/\/vosgesinfo.fr\/gerardmerinfo\/2017\/01\/stars-festival-de-gerardmer-arrivees-a-gare-depinal\/#breadcrumb"},"inLanguage":"fr-FR","potentialAction":[{"@type":"ReadAction","target":["https:\/\/vosgesinfo.fr\/gerardmerinfo\/2017\/01\/stars-festival-de-gerardmer-arrivees-a-gare-depinal\/"]}]},{"@type":"ImageObject","inLanguage":"fr-FR","@id":"https:\/\/vosgesinfo.fr\/gerardmerinfo\/2017\/01\/stars-festival-de-gerardmer-arrivees-a-gare-depinal\/#primaryimage","url":"https:\/\/vosgesinfo.fr\/app\/uploads\/sites\/6\/2024\/07\/201701rouvre2.jpg","contentUrl":"https:\/\/vosgesinfo.fr\/app\/uploads\/sites\/6\/2024\/07\/201701rouvre2.jpg","width":800,"height":752},{"@type":"BreadcrumbList","@id":"https:\/\/vosgesinfo.fr\/gerardmerinfo\/2017\/01\/stars-festival-de-gerardmer-arrivees-a-gare-depinal\/#breadcrumb","itemListElement":[{"@type":"ListItem","position":1,"name":"Home","item":"https:\/\/vosgesinfo.fr\/gerardmerinfo\/"},{"@type":"ListItem","position":2,"name":"Les stars du Festival de G\u00e9rardmer sont arriv\u00e9es \u00e0 la gare D\u2019\u00c9pinal !"}]},{"@type":"WebSite","@id":"https:\/\/vosgesinfo.fr\/gerardmerinfo\/#website","url":"https:\/\/vosgesinfo.fr\/gerardmerinfo\/","name":"Gerardmer Info","description":"Toute l&#039;actualit\u00e9 de G\u00e9rardmer","publisher":{"@id":"https:\/\/vosgesinfo.fr\/gerardmerinfo\/#organization"},"alternateName":"Toute l'actualit\u00e9 de G\u00e9rardmer","potentialAction":[{"@type":"SearchAction","target":{"@type":"EntryPoint","urlTemplate":"https:\/\/vosgesinfo.fr\/gerardmerinfo\/?s={search_term_string}"},"query-input":"required name=search_term_string"}],"inLanguage":"fr-FR"},{"@type":"Organization","@id":"https:\/\/vosgesinfo.fr\/gerardmerinfo\/#organization","name":"Gerardmer Info","url":"https:\/\/vosgesinfo.fr\/gerardmerinfo\/","logo":{"@type":"ImageObject","inLanguage":"fr-FR","@id":"https:\/\/vosgesinfo.fr\/gerardmerinfo\/#\/schema\/logo\/image\/","url":"https:\/\/vosgesinfo.fr\/app\/uploads\/sites\/6\/2023\/08\/favicon-gerardmerinfo.png","contentUrl":"https:\/\/vosgesinfo.fr\/app\/uploads\/sites\/6\/2023\/08\/favicon-gerardmerinfo.png","width":512,"height":512,"caption":"Gerardmer Info"},"image":{"@id":"https:\/\/vosgesinfo.fr\/gerardmerinfo\/#\/schema\/logo\/image\/"},"sameAs":["https:\/\/www.facebook.com\/profile.php?id=100049475262660","https:\/\/x.com\/VosgesInfo88","https:\/\/www.youtube.com\/@vosgesinfo"]},{"@type":"Person","@id":"https:\/\/vosgesinfo.fr\/gerardmerinfo\/#\/schema\/person\/bc5d02d71e6932e81b6dadb7386667b1","name":"qs_admin","image":{"@type":"ImageObject","inLanguage":"fr-FR","@id":"https:\/\/vosgesinfo.fr\/gerardmerinfo\/#\/schema\/person\/image\/","url":"https:\/\/secure.gravatar.com\/avatar\/94b18ee0ed79e4a42ea2f2931277b6841a8999fc6fde214600c78057cf1fe1de?s=96&d=mm&r=g","contentUrl":"https:\/\/secure.gravatar.com\/avatar\/94b18ee0ed79e4a42ea2f2931277b6841a8999fc6fde214600c78057cf1fe1de?s=96&d=mm&r=g","caption":"qs_admin"},"sameAs":["https:\/\/vosgesinfo.fr\/wp"],"url":"https:\/\/vosgesinfo.fr\/gerardmerinfo\/author\/qs_admin\/"}]}},"_links":{"self":[{"href":"https:\/\/vosgesinfo.fr\/gerardmerinfo\/wp-json\/wp\/v2\/posts\/24001","targetHints":{"allow":["GET"]}}],"collection":[{"href":"https:\/\/vosgesinfo.fr\/gerardmerinfo\/wp-json\/wp\/v2\/posts"}],"about":[{"href":"https:\/\/vosgesinfo.fr\/gerardmerinfo\/wp-json\/wp\/v2\/types\/post"}],"author":[{"embeddable":true,"href":"https:\/\/vosgesinfo.fr\/gerardmerinfo\/wp-json\/wp\/v2\/users\/1"}],"replies":[{"embeddable":true,"href":"https:\/\/vosgesinfo.fr\/gerardmerinfo\/wp-json\/wp\/v2\/comments?post=24001"}],"version-history":[{"count":0,"href":"https:\/\/vosgesinfo.fr\/gerardmerinfo\/wp-json\/wp\/v2\/posts\/24001\/revisions"}],"wp:featuredmedia":[{"embeddable":true,"href":"https:\/\/vosgesinfo.fr\/gerardmerinfo\/wp-json\/wp\/v2\/media\/24002"}],"wp:attachment":[{"href":"https:\/\/vosgesinfo.fr\/gerardmerinfo\/wp-json\/wp\/v2\/media?parent=24001"}],"wp:term":[{"taxonomy":"category","embeddable":true,"href":"https:\/\/vosgesinfo.fr\/gerardmerinfo\/wp-json\/wp\/v2\/categories?post=24001"},{"taxonomy":"post_tag","embeddable":true,"href":"https:\/\/vosgesinfo.fr\/gerardmerinfo\/wp-json\/wp\/v2\/tags?post=24001"}],"curies":[{"name":"wp","href":"https:\/\/api.w.org\/{rel}","templated":true}]}}