{"id":24003,"date":"2017-01-25T22:53:40","date_gmt":"2017-01-25T21:53:40","guid":{"rendered":"https:\/\/vosgesinfo.fr\/gerardmerinfo\/2017\/01\/festival-international-de-gerardmer-entree-matiere-pleine-dhumour-de-dedales\/"},"modified":"2017-01-25T22:53:40","modified_gmt":"2017-01-25T21:53:40","slug":"festival-international-de-gerardmer-entree-matiere-pleine-dhumour-de-dedales","status":"publish","type":"post","link":"https:\/\/vosgesinfo.fr\/gerardmerinfo\/2017\/01\/festival-international-de-gerardmer-entree-matiere-pleine-dhumour-de-dedales\/","title":{"rendered":"Festival International de G\u00e9rardmer : une entr\u00e9e en mati\u00e8re pleine d&rsquo;humour et de d\u00e9dales"},"content":{"rendered":"<div id=\"attachment_102017\" style=\"width: 810px\" class=\"wp-caption aligncenter\"><a href=\"\/2017\/01\/jury-festival-du-film-fantastique.jpg\"><img decoding=\"async\" aria-describedby=\"caption-attachment-102017\" class=\"wp-image-102017 size-full\" src=\"\/2017\/01\/jury-festival-du-film-fantastique.jpg\" alt=\"jury festival du film fantastique\" width=\"800\" height=\"429\" \/><\/a><p id=\"caption-attachment-102017\" class=\"wp-caption-text\"><span style=\"color: #000080;\">Le jury longs-m\u00e9trages au grand complet &#8211; photo B.P<br \/><\/span><\/p><\/div>\n<p><strong>Le 24\u00e8me Festival international du Film Fantastique a pris son envol mercredi soir du c\u00f4t\u00e9 de l&rsquo;Espace LAC o\u00f9 le pr\u00e9sident du jury longs-m\u00e9trages s&rsquo;est fendue d&rsquo;une entr\u00e9e en mati\u00e8re pleine d&rsquo;humour.<\/strong><\/p>\n<div id=\"attachment_102014\" style=\"width: 350px\" class=\"wp-caption alignright\"><a href=\"\/2017\/01\/J-F-Duval.jpg\"><img decoding=\"async\" aria-describedby=\"caption-attachment-102014\" class=\"size-medium wp-image-102014\" src=\"\/2017\/01\/J-F-Duval-340x255.jpg\" alt=\"Comme certains breuvages, les discours de Jean-Fran\u00e7ois Duval se bonifient avec le temps\" width=\"340\" height=\"255\" \/><\/a><p id=\"caption-attachment-102014\" class=\"wp-caption-text\"><span style=\"color: #000080;\">Comme certains breuvages, les discours de Jean-Fran\u00e7ois Duval se bonifient avec le temps<\/span><\/p><\/div>\n<p>L&rsquo;adjoint au maire de la Perle des Vosges, Jean-Fran\u00e7ois Duval, est pour sa part rest\u00e9 fid\u00e8le \u00e0 lui-m\u00eame dans son intervention tout en m\u00e9taphore, pleine de po\u00e9sie, d&rsquo;histoire, le tout avec un brin de d\u00e9rision. Comme chaque ann\u00e9e, le public pr\u00e9sent attendait avec impatience l&rsquo;allocution de cet ancien professeur d&rsquo;histoire-g\u00e9ographie qui a le privil\u00e8ge de lancer les r\u00e9jouissances. Un privil\u00e8ge qu&rsquo;il ne galvaude jamais, \u00f4 grand jamais. 2017 ne fera pas exception \u00e0 la r\u00e8gle, loin s&rsquo;en faut. Il faut dire que l&rsquo;affiche du 24\u00e8me festival \u00e9tait pour lui une v\u00e9ritable aubaine, du pain b\u00e9nit, du billard. La m\u00e9taphore fil\u00e9e faisant \u00e9cho au mythe de Th\u00e9s\u00e9e et du Minotaure s&rsquo;est impos\u00e9e tout naturellement, encore fallait-il savoir en jouer sans tomber dans le trivial et ne pas sombrer dans le cours magistral.<\/p>\n<div id=\"attachment_102019\" style=\"width: 335px\" class=\"wp-caption alignleft\"><a href=\"\/2017\/01\/Pierre-Sachot.jpg\"><img decoding=\"async\" aria-describedby=\"caption-attachment-102019\" class=\"size-medium wp-image-102019\" src=\"\/2017\/01\/Pierre-Sachot-325x255.jpg\" alt=\"Pierre Sachot, pr\u00e9sident de l'association du festival - photo B.P\" width=\"325\" height=\"255\" \/><\/a><p id=\"caption-attachment-102019\" class=\"wp-caption-text\"><span style=\"color: #000080;\">Pierre Sachot, pr\u00e9sident de l&rsquo;association du festival &#8211; photo B.P<\/span><\/p><\/div>\n<p>Aucun risque avec Jean-Fran\u00e7ois Duval qui a tout de suite annonc\u00e9 la couleur en faisant par exemple allusion \u00e0 un autre divan et \u00e0 un autre monstre sacr\u00e9 en la personne de G\u00e9rard Depardieu qui incarnera bient\u00f4t sur grand \u00e9cran \u00ab\u00a0tonton Joseph\u00a0\u00bb dans \u00ab\u00a0Le divan de Staline\u00a0\u00bb . L&rsquo;\u00e9lu g\u00e9r\u00f4mois s&rsquo;est \u00e9galement amus\u00e9 \u00e0 rappeler la carri\u00e8re litt\u00e9raire de Lionel Chouchan, cr\u00e9ateur et d\u00e9l\u00e9gu\u00e9 g\u00e9n\u00e9ral du festival, compar\u00e9 au passage au dieu Chronos. Le pr\u00e9sident Pierre Sachot ne sera pas laiss\u00e9 dans le froid, et c&rsquo;est \u00e0 travers le personnage de Th\u00e9s\u00e9e \u00ab\u00a0le s\u00e9ducteur\u00a0\u00bb qu&rsquo;il sera \u00e9voqu\u00e9 lors de ce brillant discours d&rsquo;ouverture. \u00ab\u00a0S\u00e9ducteur\u00a0\u00bb , sans doute pour rallier \u00e0 sa cause les nombreux partenaires du festival.<\/p>\n<p>Jean-Fran\u00e7ois Duval ne manquera pas non plus de saluer la venue du pr\u00e9sident du jury Jean-Paul Rouve en citant ce dernier : \u00ab\u00a0Un Tuche ne c\u00e8de pas aux sir\u00e8nes des \u00c9tats Unis , il va \u00e0 G\u00e9rardmer\u00a0\u00bb , m&rsquo;a-t-il confi\u00e9 tout \u00e0 l&rsquo;heure !\u00a0\u00bb . On ne saurait en douter&#8230; Un discours qui reste donc \u00e0 nouveau le grand moment de cette soir\u00e9e d&rsquo;ouverture sur laquelle planait l&rsquo;ombre d&rsquo;un film : il s&rsquo;agit de \u00ab\u00a0D\u00e9dales\u00a0\u00bb , qui a sans doute inspir\u00e9 le cr\u00e9ateur de l&rsquo;affiche du festival, mais aussi Jean-Fran\u00e7ois Duval lui-m\u00eame qui n&rsquo;a cependant perdu personne, ainsi que le premier film projet\u00e9 dans la foul\u00e9e de la c\u00e9r\u00e9monie : \u00ab\u00a0Split\u00a0\u00bb de M. Night Shyamalan avec James Mc Avoy.<\/p>\n<div id=\"attachment_102016\" style=\"width: 205px\" class=\"wp-caption alignright\"><a href=\"\/2017\/01\/Jean-Paul-Rouve.jpg\"><img decoding=\"async\" aria-describedby=\"caption-attachment-102016\" class=\"size-medium wp-image-102016\" src=\"\/2017\/01\/Jean-Paul-Rouve-195x255.jpg\" alt=\"Le pr\u00e9sident du jury Jean-Paul Rouve - Photo B.P\" width=\"195\" height=\"255\" \/><\/a><p id=\"caption-attachment-102016\" class=\"wp-caption-text\"><span style=\"color: #000080;\">Le pr\u00e9sident du jury Jean-Paul Rouve &#8211; Photo B.P<\/span><\/p><\/div>\n<p>Excellent long-m\u00e9trage dont l&rsquo;ambiance tranchait fatalement avec le tr\u00e8s bref la\u00efus de Jean-Paul Rouve qui s&rsquo;est inscrit dans la veine comique plus que fantastique, comme on pouvait l&rsquo;attendre de cet ancien \u00ab\u00a0Robin des Bois\u00a0\u00bb , troupe l\u00e9gendaire de com\u00e9diens fran\u00e7ais. Honn\u00eate, ce dernier a d\u00e9clar\u00e9 avec humour et second degr\u00e9 : \u00ab\u00a0Je n&rsquo;y connais rien (au cin\u00e9 fantastique NDLR). En plus j&rsquo;ai peur, donc il y a certains films que je ne verrai m\u00eame pas, pour \u00e7a, je me reposerai sur mes amis du jury. (&#8230;) S\u00e9rieusement, je suis incomp\u00e9tent, ce qui est plut\u00f4t normal en France pour un pr\u00e9sident !\u00a0\u00bb Fourire garanti dans le public avant la traditionnelle photo de famille sur la sc\u00e8ne de l&rsquo;Espace LAC. Le ton est donn\u00e9 !<\/p>\n\n<p>&nbsp;<\/p>\n","protected":false},"excerpt":{"rendered":"<p>Le 24\u00e8me Festival international du Film Fantastique a pris son envol mercredi soir du c\u00f4t\u00e9 de l&rsquo;Espace LAC o\u00f9 le [&hellip;]<\/p>\n","protected":false},"author":42,"featured_media":24004,"comment_status":"open","ping_status":"open","sticky":false,"template":"","format":"standard","meta":{"footnotes":""},"categories":[20,4],"tags":[91],"class_list":["post-24003","post","type-post","status-publish","format-standard","has-post-thumbnail","hentry","category-a-la-une","category-culture","tag-festival-du-film-fantastique-gerardmer"],"acf":[],"yoast_head":"<!-- This site is optimized with the Yoast SEO plugin v22.5 - https:\/\/yoast.com\/wordpress\/plugins\/seo\/ -->\n<title>Festival International de G\u00e9rardmer : une entr\u00e9e en mati\u00e8re pleine d&#039;humour et de d\u00e9dales - Gerardmer Info<\/title>\n<meta name=\"robots\" content=\"index, follow, max-snippet:-1, max-image-preview:large, max-video-preview:-1\" \/>\n<link rel=\"canonical\" href=\"https:\/\/vosgesinfo.fr\/gerardmerinfo\/2017\/01\/festival-international-de-gerardmer-entree-matiere-pleine-dhumour-de-dedales\/\" \/>\n<meta name=\"twitter:card\" content=\"summary_large_image\" \/>\n<meta name=\"twitter:title\" content=\"Festival International de G\u00e9rardmer : une entr\u00e9e en mati\u00e8re pleine d&#039;humour et de d\u00e9dales - Gerardmer Info\" \/>\n<meta name=\"twitter:description\" content=\"Le 24\u00e8me Festival international du Film Fantastique a pris son envol mercredi soir du c\u00f4t\u00e9 de l&rsquo;Espace LAC o\u00f9 le [&hellip;]\" \/>\n<meta name=\"twitter:image\" content=\"https:\/\/vosgesinfo.fr\/app\/uploads\/sites\/6\/2024\/07\/201701jean-paul-rouve.jpg\" \/>\n<meta name=\"twitter:creator\" content=\"@VosgesInfo88\" \/>\n<meta name=\"twitter:site\" content=\"@VosgesInfo88\" \/>\n<meta name=\"twitter:label1\" content=\"\u00c9crit par\" \/>\n\t<meta name=\"twitter:data1\" content=\"QG\" \/>\n\t<meta name=\"twitter:label2\" content=\"Dur\u00e9e de lecture estim\u00e9e\" \/>\n\t<meta name=\"twitter:data2\" content=\"3 minutes\" \/>\n<script type=\"application\/ld+json\" class=\"yoast-schema-graph\">{\"@context\":\"https:\/\/schema.org\",\"@graph\":[{\"@type\":\"Article\",\"@id\":\"https:\/\/vosgesinfo.fr\/gerardmerinfo\/2017\/01\/festival-international-de-gerardmer-entree-matiere-pleine-dhumour-de-dedales\/#article\",\"isPartOf\":{\"@id\":\"https:\/\/vosgesinfo.fr\/gerardmerinfo\/2017\/01\/festival-international-de-gerardmer-entree-matiere-pleine-dhumour-de-dedales\/\"},\"author\":{\"name\":\"QG\",\"@id\":\"https:\/\/vosgesinfo.fr\/gerardmerinfo\/#\/schema\/person\/db5605779a843dad16b5368f3e7613a5\"},\"headline\":\"Festival International de G\u00e9rardmer : une entr\u00e9e en mati\u00e8re pleine d&rsquo;humour et de d\u00e9dales\",\"datePublished\":\"2017-01-25T21:53:40+00:00\",\"dateModified\":\"2017-01-25T21:53:40+00:00\",\"mainEntityOfPage\":{\"@id\":\"https:\/\/vosgesinfo.fr\/gerardmerinfo\/2017\/01\/festival-international-de-gerardmer-entree-matiere-pleine-dhumour-de-dedales\/\"},\"wordCount\":699,\"commentCount\":0,\"publisher\":{\"@id\":\"https:\/\/vosgesinfo.fr\/gerardmerinfo\/#organization\"},\"image\":{\"@id\":\"https:\/\/vosgesinfo.fr\/gerardmerinfo\/2017\/01\/festival-international-de-gerardmer-entree-matiere-pleine-dhumour-de-dedales\/#primaryimage\"},\"thumbnailUrl\":\"https:\/\/vosgesinfo.fr\/app\/uploads\/sites\/6\/2024\/07\/201701jean-paul-rouve.jpg\",\"keywords\":[\"festival du film fantastique G\u00e9rardmer\"],\"articleSection\":[\"A la une\",\"Culture\"],\"inLanguage\":\"fr-FR\",\"potentialAction\":[{\"@type\":\"CommentAction\",\"name\":\"Comment\",\"target\":[\"https:\/\/vosgesinfo.fr\/gerardmerinfo\/2017\/01\/festival-international-de-gerardmer-entree-matiere-pleine-dhumour-de-dedales\/#respond\"]}]},{\"@type\":\"WebPage\",\"@id\":\"https:\/\/vosgesinfo.fr\/gerardmerinfo\/2017\/01\/festival-international-de-gerardmer-entree-matiere-pleine-dhumour-de-dedales\/\",\"url\":\"https:\/\/vosgesinfo.fr\/gerardmerinfo\/2017\/01\/festival-international-de-gerardmer-entree-matiere-pleine-dhumour-de-dedales\/\",\"name\":\"Festival International de G\u00e9rardmer : une entr\u00e9e en mati\u00e8re pleine d'humour et de d\u00e9dales - Gerardmer Info\",\"isPartOf\":{\"@id\":\"https:\/\/vosgesinfo.fr\/gerardmerinfo\/#website\"},\"primaryImageOfPage\":{\"@id\":\"https:\/\/vosgesinfo.fr\/gerardmerinfo\/2017\/01\/festival-international-de-gerardmer-entree-matiere-pleine-dhumour-de-dedales\/#primaryimage\"},\"image\":{\"@id\":\"https:\/\/vosgesinfo.fr\/gerardmerinfo\/2017\/01\/festival-international-de-gerardmer-entree-matiere-pleine-dhumour-de-dedales\/#primaryimage\"},\"thumbnailUrl\":\"https:\/\/vosgesinfo.fr\/app\/uploads\/sites\/6\/2024\/07\/201701jean-paul-rouve.jpg\",\"datePublished\":\"2017-01-25T21:53:40+00:00\",\"dateModified\":\"2017-01-25T21:53:40+00:00\",\"breadcrumb\":{\"@id\":\"https:\/\/vosgesinfo.fr\/gerardmerinfo\/2017\/01\/festival-international-de-gerardmer-entree-matiere-pleine-dhumour-de-dedales\/#breadcrumb\"},\"inLanguage\":\"fr-FR\",\"potentialAction\":[{\"@type\":\"ReadAction\",\"target\":[\"https:\/\/vosgesinfo.fr\/gerardmerinfo\/2017\/01\/festival-international-de-gerardmer-entree-matiere-pleine-dhumour-de-dedales\/\"]}]},{\"@type\":\"ImageObject\",\"inLanguage\":\"fr-FR\",\"@id\":\"https:\/\/vosgesinfo.fr\/gerardmerinfo\/2017\/01\/festival-international-de-gerardmer-entree-matiere-pleine-dhumour-de-dedales\/#primaryimage\",\"url\":\"https:\/\/vosgesinfo.fr\/app\/uploads\/sites\/6\/2024\/07\/201701jean-paul-rouve.jpg\",\"contentUrl\":\"https:\/\/vosgesinfo.fr\/app\/uploads\/sites\/6\/2024\/07\/201701jean-paul-rouve.jpg\",\"width\":612,\"height\":800},{\"@type\":\"BreadcrumbList\",\"@id\":\"https:\/\/vosgesinfo.fr\/gerardmerinfo\/2017\/01\/festival-international-de-gerardmer-entree-matiere-pleine-dhumour-de-dedales\/#breadcrumb\",\"itemListElement\":[{\"@type\":\"ListItem\",\"position\":1,\"name\":\"Home\",\"item\":\"https:\/\/vosgesinfo.fr\/gerardmerinfo\/\"},{\"@type\":\"ListItem\",\"position\":2,\"name\":\"Festival International de G\u00e9rardmer : une entr\u00e9e en mati\u00e8re pleine d&rsquo;humour et de d\u00e9dales\"}]},{\"@type\":\"WebSite\",\"@id\":\"https:\/\/vosgesinfo.fr\/gerardmerinfo\/#website\",\"url\":\"https:\/\/vosgesinfo.fr\/gerardmerinfo\/\",\"name\":\"Gerardmer Info\",\"description\":\"Toute l&#039;actualit\u00e9 de G\u00e9rardmer\",\"publisher\":{\"@id\":\"https:\/\/vosgesinfo.fr\/gerardmerinfo\/#organization\"},\"alternateName\":\"Toute l'actualit\u00e9 de G\u00e9rardmer\",\"potentialAction\":[{\"@type\":\"SearchAction\",\"target\":{\"@type\":\"EntryPoint\",\"urlTemplate\":\"https:\/\/vosgesinfo.fr\/gerardmerinfo\/?s={search_term_string}\"},\"query-input\":\"required name=search_term_string\"}],\"inLanguage\":\"fr-FR\"},{\"@type\":\"Organization\",\"@id\":\"https:\/\/vosgesinfo.fr\/gerardmerinfo\/#organization\",\"name\":\"Gerardmer Info\",\"url\":\"https:\/\/vosgesinfo.fr\/gerardmerinfo\/\",\"logo\":{\"@type\":\"ImageObject\",\"inLanguage\":\"fr-FR\",\"@id\":\"https:\/\/vosgesinfo.fr\/gerardmerinfo\/#\/schema\/logo\/image\/\",\"url\":\"https:\/\/vosgesinfo.fr\/app\/uploads\/sites\/6\/2023\/08\/favicon-gerardmerinfo.png\",\"contentUrl\":\"https:\/\/vosgesinfo.fr\/app\/uploads\/sites\/6\/2023\/08\/favicon-gerardmerinfo.png\",\"width\":512,\"height\":512,\"caption\":\"Gerardmer Info\"},\"image\":{\"@id\":\"https:\/\/vosgesinfo.fr\/gerardmerinfo\/#\/schema\/logo\/image\/\"},\"sameAs\":[\"https:\/\/www.facebook.com\/profile.php?id=100049475262660\",\"https:\/\/x.com\/VosgesInfo88\",\"https:\/\/www.youtube.com\/@vosgesinfo\"]},{\"@type\":\"Person\",\"@id\":\"https:\/\/vosgesinfo.fr\/gerardmerinfo\/#\/schema\/person\/db5605779a843dad16b5368f3e7613a5\",\"name\":\"QG\",\"image\":{\"@type\":\"ImageObject\",\"inLanguage\":\"fr-FR\",\"@id\":\"https:\/\/vosgesinfo.fr\/gerardmerinfo\/#\/schema\/person\/image\/\",\"url\":\"https:\/\/secure.gravatar.com\/avatar\/ea80c42c204b534408512832fde52504ecabb9706bcb6151cf6175e5b64e6793?s=96&d=mm&r=g\",\"contentUrl\":\"https:\/\/secure.gravatar.com\/avatar\/ea80c42c204b534408512832fde52504ecabb9706bcb6151cf6175e5b64e6793?s=96&d=mm&r=g\",\"caption\":\"QG\"},\"url\":\"https:\/\/vosgesinfo.fr\/gerardmerinfo\/author\/quentin88\/\"}]}<\/script>\n<!-- \/ Yoast SEO plugin. -->","yoast_head_json":{"title":"Festival International de G\u00e9rardmer : une entr\u00e9e en mati\u00e8re pleine d'humour et de d\u00e9dales - Gerardmer Info","robots":{"index":"index","follow":"follow","max-snippet":"max-snippet:-1","max-image-preview":"max-image-preview:large","max-video-preview":"max-video-preview:-1"},"canonical":"https:\/\/vosgesinfo.fr\/gerardmerinfo\/2017\/01\/festival-international-de-gerardmer-entree-matiere-pleine-dhumour-de-dedales\/","twitter_card":"summary_large_image","twitter_title":"Festival International de G\u00e9rardmer : une entr\u00e9e en mati\u00e8re pleine d'humour et de d\u00e9dales - Gerardmer Info","twitter_description":"Le 24\u00e8me Festival international du Film Fantastique a pris son envol mercredi soir du c\u00f4t\u00e9 de l&rsquo;Espace LAC o\u00f9 le [&hellip;]","twitter_image":"https:\/\/vosgesinfo.fr\/app\/uploads\/sites\/6\/2024\/07\/201701jean-paul-rouve.jpg","twitter_creator":"@VosgesInfo88","twitter_site":"@VosgesInfo88","twitter_misc":{"\u00c9crit par":"QG","Dur\u00e9e de lecture estim\u00e9e":"3 minutes"},"schema":{"@context":"https:\/\/schema.org","@graph":[{"@type":"Article","@id":"https:\/\/vosgesinfo.fr\/gerardmerinfo\/2017\/01\/festival-international-de-gerardmer-entree-matiere-pleine-dhumour-de-dedales\/#article","isPartOf":{"@id":"https:\/\/vosgesinfo.fr\/gerardmerinfo\/2017\/01\/festival-international-de-gerardmer-entree-matiere-pleine-dhumour-de-dedales\/"},"author":{"name":"QG","@id":"https:\/\/vosgesinfo.fr\/gerardmerinfo\/#\/schema\/person\/db5605779a843dad16b5368f3e7613a5"},"headline":"Festival International de G\u00e9rardmer : une entr\u00e9e en mati\u00e8re pleine d&rsquo;humour et de d\u00e9dales","datePublished":"2017-01-25T21:53:40+00:00","dateModified":"2017-01-25T21:53:40+00:00","mainEntityOfPage":{"@id":"https:\/\/vosgesinfo.fr\/gerardmerinfo\/2017\/01\/festival-international-de-gerardmer-entree-matiere-pleine-dhumour-de-dedales\/"},"wordCount":699,"commentCount":0,"publisher":{"@id":"https:\/\/vosgesinfo.fr\/gerardmerinfo\/#organization"},"image":{"@id":"https:\/\/vosgesinfo.fr\/gerardmerinfo\/2017\/01\/festival-international-de-gerardmer-entree-matiere-pleine-dhumour-de-dedales\/#primaryimage"},"thumbnailUrl":"https:\/\/vosgesinfo.fr\/app\/uploads\/sites\/6\/2024\/07\/201701jean-paul-rouve.jpg","keywords":["festival du film fantastique G\u00e9rardmer"],"articleSection":["A la une","Culture"],"inLanguage":"fr-FR","potentialAction":[{"@type":"CommentAction","name":"Comment","target":["https:\/\/vosgesinfo.fr\/gerardmerinfo\/2017\/01\/festival-international-de-gerardmer-entree-matiere-pleine-dhumour-de-dedales\/#respond"]}]},{"@type":"WebPage","@id":"https:\/\/vosgesinfo.fr\/gerardmerinfo\/2017\/01\/festival-international-de-gerardmer-entree-matiere-pleine-dhumour-de-dedales\/","url":"https:\/\/vosgesinfo.fr\/gerardmerinfo\/2017\/01\/festival-international-de-gerardmer-entree-matiere-pleine-dhumour-de-dedales\/","name":"Festival International de G\u00e9rardmer : une entr\u00e9e en mati\u00e8re pleine d'humour et de d\u00e9dales - Gerardmer Info","isPartOf":{"@id":"https:\/\/vosgesinfo.fr\/gerardmerinfo\/#website"},"primaryImageOfPage":{"@id":"https:\/\/vosgesinfo.fr\/gerardmerinfo\/2017\/01\/festival-international-de-gerardmer-entree-matiere-pleine-dhumour-de-dedales\/#primaryimage"},"image":{"@id":"https:\/\/vosgesinfo.fr\/gerardmerinfo\/2017\/01\/festival-international-de-gerardmer-entree-matiere-pleine-dhumour-de-dedales\/#primaryimage"},"thumbnailUrl":"https:\/\/vosgesinfo.fr\/app\/uploads\/sites\/6\/2024\/07\/201701jean-paul-rouve.jpg","datePublished":"2017-01-25T21:53:40+00:00","dateModified":"2017-01-25T21:53:40+00:00","breadcrumb":{"@id":"https:\/\/vosgesinfo.fr\/gerardmerinfo\/2017\/01\/festival-international-de-gerardmer-entree-matiere-pleine-dhumour-de-dedales\/#breadcrumb"},"inLanguage":"fr-FR","potentialAction":[{"@type":"ReadAction","target":["https:\/\/vosgesinfo.fr\/gerardmerinfo\/2017\/01\/festival-international-de-gerardmer-entree-matiere-pleine-dhumour-de-dedales\/"]}]},{"@type":"ImageObject","inLanguage":"fr-FR","@id":"https:\/\/vosgesinfo.fr\/gerardmerinfo\/2017\/01\/festival-international-de-gerardmer-entree-matiere-pleine-dhumour-de-dedales\/#primaryimage","url":"https:\/\/vosgesinfo.fr\/app\/uploads\/sites\/6\/2024\/07\/201701jean-paul-rouve.jpg","contentUrl":"https:\/\/vosgesinfo.fr\/app\/uploads\/sites\/6\/2024\/07\/201701jean-paul-rouve.jpg","width":612,"height":800},{"@type":"BreadcrumbList","@id":"https:\/\/vosgesinfo.fr\/gerardmerinfo\/2017\/01\/festival-international-de-gerardmer-entree-matiere-pleine-dhumour-de-dedales\/#breadcrumb","itemListElement":[{"@type":"ListItem","position":1,"name":"Home","item":"https:\/\/vosgesinfo.fr\/gerardmerinfo\/"},{"@type":"ListItem","position":2,"name":"Festival International de G\u00e9rardmer : une entr\u00e9e en mati\u00e8re pleine d&rsquo;humour et de d\u00e9dales"}]},{"@type":"WebSite","@id":"https:\/\/vosgesinfo.fr\/gerardmerinfo\/#website","url":"https:\/\/vosgesinfo.fr\/gerardmerinfo\/","name":"Gerardmer Info","description":"Toute l&#039;actualit\u00e9 de G\u00e9rardmer","publisher":{"@id":"https:\/\/vosgesinfo.fr\/gerardmerinfo\/#organization"},"alternateName":"Toute l'actualit\u00e9 de G\u00e9rardmer","potentialAction":[{"@type":"SearchAction","target":{"@type":"EntryPoint","urlTemplate":"https:\/\/vosgesinfo.fr\/gerardmerinfo\/?s={search_term_string}"},"query-input":"required name=search_term_string"}],"inLanguage":"fr-FR"},{"@type":"Organization","@id":"https:\/\/vosgesinfo.fr\/gerardmerinfo\/#organization","name":"Gerardmer Info","url":"https:\/\/vosgesinfo.fr\/gerardmerinfo\/","logo":{"@type":"ImageObject","inLanguage":"fr-FR","@id":"https:\/\/vosgesinfo.fr\/gerardmerinfo\/#\/schema\/logo\/image\/","url":"https:\/\/vosgesinfo.fr\/app\/uploads\/sites\/6\/2023\/08\/favicon-gerardmerinfo.png","contentUrl":"https:\/\/vosgesinfo.fr\/app\/uploads\/sites\/6\/2023\/08\/favicon-gerardmerinfo.png","width":512,"height":512,"caption":"Gerardmer Info"},"image":{"@id":"https:\/\/vosgesinfo.fr\/gerardmerinfo\/#\/schema\/logo\/image\/"},"sameAs":["https:\/\/www.facebook.com\/profile.php?id=100049475262660","https:\/\/x.com\/VosgesInfo88","https:\/\/www.youtube.com\/@vosgesinfo"]},{"@type":"Person","@id":"https:\/\/vosgesinfo.fr\/gerardmerinfo\/#\/schema\/person\/db5605779a843dad16b5368f3e7613a5","name":"QG","image":{"@type":"ImageObject","inLanguage":"fr-FR","@id":"https:\/\/vosgesinfo.fr\/gerardmerinfo\/#\/schema\/person\/image\/","url":"https:\/\/secure.gravatar.com\/avatar\/ea80c42c204b534408512832fde52504ecabb9706bcb6151cf6175e5b64e6793?s=96&d=mm&r=g","contentUrl":"https:\/\/secure.gravatar.com\/avatar\/ea80c42c204b534408512832fde52504ecabb9706bcb6151cf6175e5b64e6793?s=96&d=mm&r=g","caption":"QG"},"url":"https:\/\/vosgesinfo.fr\/gerardmerinfo\/author\/quentin88\/"}]}},"_links":{"self":[{"href":"https:\/\/vosgesinfo.fr\/gerardmerinfo\/wp-json\/wp\/v2\/posts\/24003","targetHints":{"allow":["GET"]}}],"collection":[{"href":"https:\/\/vosgesinfo.fr\/gerardmerinfo\/wp-json\/wp\/v2\/posts"}],"about":[{"href":"https:\/\/vosgesinfo.fr\/gerardmerinfo\/wp-json\/wp\/v2\/types\/post"}],"author":[{"embeddable":true,"href":"https:\/\/vosgesinfo.fr\/gerardmerinfo\/wp-json\/wp\/v2\/users\/42"}],"replies":[{"embeddable":true,"href":"https:\/\/vosgesinfo.fr\/gerardmerinfo\/wp-json\/wp\/v2\/comments?post=24003"}],"version-history":[{"count":0,"href":"https:\/\/vosgesinfo.fr\/gerardmerinfo\/wp-json\/wp\/v2\/posts\/24003\/revisions"}],"wp:featuredmedia":[{"embeddable":true,"href":"https:\/\/vosgesinfo.fr\/gerardmerinfo\/wp-json\/wp\/v2\/media\/24004"}],"wp:attachment":[{"href":"https:\/\/vosgesinfo.fr\/gerardmerinfo\/wp-json\/wp\/v2\/media?parent=24003"}],"wp:term":[{"taxonomy":"category","embeddable":true,"href":"https:\/\/vosgesinfo.fr\/gerardmerinfo\/wp-json\/wp\/v2\/categories?post=24003"},{"taxonomy":"post_tag","embeddable":true,"href":"https:\/\/vosgesinfo.fr\/gerardmerinfo\/wp-json\/wp\/v2\/tags?post=24003"}],"curies":[{"name":"wp","href":"https:\/\/api.w.org\/{rel}","templated":true}]}}