{"id":24073,"date":"2017-01-27T18:11:30","date_gmt":"2017-01-27T17:11:30","guid":{"rendered":"https:\/\/vosgesinfo.fr\/gerardmerinfo\/2017\/01\/emprise-daurelien-rosset-bd-multiples-influences\/"},"modified":"2017-01-27T18:11:30","modified_gmt":"2017-01-27T17:11:30","slug":"emprise-daurelien-rosset-bd-multiples-influences","status":"publish","type":"post","link":"https:\/\/vosgesinfo.fr\/gerardmerinfo\/2017\/01\/emprise-daurelien-rosset-bd-multiples-influences\/","title":{"rendered":"\u00ab\u00a0Emprise\u00a0\u00bb d&rsquo;Aur\u00e9lien Rosset : une BD aux multiples influences"},"content":{"rendered":"<p><strong><a href=\"\/2017\/01\/Aur\u00e9lien-Rosset-G\u00e9rardmer-3.jpg\"><img decoding=\"async\" class=\"aligncenter size-medium wp-image-102200\" src=\"\/2017\/01\/Aur\u00e9lien-Rosset-G\u00e9rardmer-3-340x255.jpg\" alt=\"Aur\u00e9lien Rosset - G\u00e9rardmer (3)\" width=\"340\" height=\"255\" \/><\/a>L&rsquo;exposition BD du festival International du Film Fantastique est consacr\u00e9e cette ann\u00e9e au jeune auteur Aur\u00e9lien Rosset venue notamment pr\u00e9senter et d\u00e9dicacer \u00ab\u00a0Emprise\u00a0\u00bb .<\/strong><\/p>\n<p><a href=\"\/2017\/01\/Aur\u00e9lien-Rosset-G\u00e9rardmer-2.jpg\"><img decoding=\"async\" class=\"alignleft size-medium wp-image-102199\" src=\"\/2017\/01\/Aur\u00e9lien-Rosset-G\u00e9rardmer-2-340x255.jpg\" alt=\"Aur\u00e9lien Rosset - G\u00e9rardmer (2)\" width=\"340\" height=\"255\" \/><\/a>Amateur de cin\u00e9ma, s\u00e9ries TV, et litt\u00e9rature, ce dernier appr\u00e9cie entre autre Stephen King et confie volontiers s&rsquo;\u00eatre int\u00e9ress\u00e9 \u00e0 Lovecraft sur le tard. Mais l&rsquo;une de ses influences les plus notables provient sans doute\u00a0 de l&rsquo;univers des jeux vid\u00e9o, \u00e0 l&rsquo;image de l&rsquo;\u00e9diteur Konami et surtout de \u00ab\u00a0Silent Hill\u00a0\u00bb , un titre qui a d&rsquo;ailleurs \u00e9t\u00e9 adapt\u00e9 sur grand \u00e9cran par la suite. Nourri en abondance par de nombreuses \u0153uvres en tous genres, Aur\u00e9lien Rosset a tout simplement eu envie de franchir un cap et de passer de l&rsquo;autre c\u00f4t\u00e9 du miroir pour raconter \u00ab\u00a0son histoire\u00a0\u00bb .<\/p>\n<p>Cette histoire, c&rsquo;est \u00ab\u00a0Emprise\u00a0\u00bb , roman graphique horrifique, thriller fantastique install\u00e9 \u00ab\u00a0<em>dans un univers contemporain mais pas trop<\/em>\u00a0\u00bb , comme l&rsquo;explique l&rsquo;auteur : \u00ab\u00a0<em>Je voulais quelque chose qui se passe plut\u00f4t dans les ann\u00e9es 80-90 o\u00f9 il y a moins de pr\u00e9sence technologique. Tout le monde n&rsquo;a pas forc\u00e9ment de t\u00e9l\u00e9phone portable, on a moins acc\u00e8s \u00e0 l&rsquo;actu en direct et donc on ne sait pas forc\u00e9ment tout de suite ce qu&rsquo;il se passe. Cela rajoute donc une pression psychologique en plus<\/em>\u00a0\u00bb . Et cela permet aussi d&rsquo;accorder une place de choix au suspense.<\/p>\n<p><a href=\"\/2017\/01\/Aur\u00e9lien-Rosset-G\u00e9rardmer-1.jpg\"><img decoding=\"async\" class=\"alignright size-medium wp-image-102198\" src=\"\/2017\/01\/Aur\u00e9lien-Rosset-G\u00e9rardmer-1-340x255.jpg\" alt=\"Aur\u00e9lien Rosset - G\u00e9rardmer (1)\" width=\"340\" height=\"255\" \/><\/a>Chaque d\u00e9tail semble avoir son importance pour Aur\u00e9lien Rosset qui cherche notamment \u00e0 faire passer des \u00e9motions, \u00ab\u00a0<em>c&rsquo;est ce qu&rsquo;il y a de plus universel apr\u00e8s tout !<\/em>\u00a0\u00bb Pour cela, rien n&rsquo;est laiss\u00e9 au hasard. La mise en page est travaill\u00e9e et les couleurs sont marqu\u00e9es, franches, pas forc\u00e9ment r\u00e9alistes pour rester dans une ambiance qui s&rsquo;installe rapidement \u00e0 la lecture d&rsquo; \u00ab\u00a0Emprise\u00a0\u00bb . Beaucoup de recherche est effectu\u00e9e du c\u00f4t\u00e9 des personnages \u00e9galement : \u00ab\u00a0<em>Je veux avoir chacune de leur personnalit\u00e9 bien en t\u00eate, c&rsquo;est important et \u00e7a ne vient pas toujours tout de suite. Je me laisse le temps pour affiner \u00e7a ainsi que la fa\u00e7on dont je les dessine. (&#8230;) Ce sont des personnages un petit peu caricaturaux dans le style, avec un dessin un peu l\u00e2ch\u00e9<\/em>\u00a0\u00bb . Dessin que l&rsquo;on retrouve dans son approche de la nature, un \u00e9l\u00e9ment \u00e9galement important dans \u00ab\u00a0Emprise\u00a0\u00bb , dans son atmosph\u00e8re.<\/p>\n<p>Techniquement, Aur\u00e9lien Rosset dessine d\u00e9sormais directement sur tablette graphique, support qui offre encore plus de possibilit\u00e9s en mati\u00e8re d&rsquo;effets, mais supprime de fait les originaux qui restent une source de revenu pour les auteurs\/dessinateurs de BD. \u00ab\u00a0<em>Je rechange parfois de support et de technique, sans oublier malgr\u00e9 tout de rester homog\u00e8ne dans ce que je fais<\/em>\u00a0\u00bb , confie le jeune homme qui ne fait pas encore de la couleur directe n\u00e9anmoins (un travail de titan !). S&rsquo;il a pour projet de faire une BD en noir &amp; blanc, l&rsquo;invit\u00e9 de l&rsquo;expo BD du 24\u00e9me festival se concentre pour l&rsquo;heure sur une prochaine sortie pr\u00e9vue pour 2018 : un nouveau roman graphique horrifique se d\u00e9roulant dans l\u2019univers d\u2019<em>Emprise<\/em> et dont la sortie est pr\u00e9vue en 2018 aux \u00e9ditions Akileos ! A suivre&#8230;<\/p>\n<p>Exposition visible \u00e0 la MCL de G\u00e9rardmer jusqu&rsquo;\u00e0 dimanche 29 janvier.<\/p>\n<p>Entr\u00e9e libre<\/p>\n","protected":false},"excerpt":{"rendered":"<p>L&rsquo;exposition BD du festival International du Film Fantastique est consacr\u00e9e cette ann\u00e9e au jeune auteur Aur\u00e9lien Rosset venue notamment pr\u00e9senter [&hellip;]<\/p>\n","protected":false},"author":42,"featured_media":24074,"comment_status":"open","ping_status":"open","sticky":false,"template":"","format":"standard","meta":{"footnotes":""},"categories":[20,4],"tags":[2812],"class_list":["post-24073","post","type-post","status-publish","format-standard","has-post-thumbnail","hentry","category-a-la-une","category-culture","tag-aurelien-rosset"],"acf":[],"yoast_head":"<!-- This site is optimized with the Yoast SEO plugin v22.5 - https:\/\/yoast.com\/wordpress\/plugins\/seo\/ -->\n<title>&quot;Emprise&quot; d&#039;Aur\u00e9lien Rosset : une BD aux multiples influences - Gerardmer Info<\/title>\n<meta name=\"robots\" content=\"index, follow, max-snippet:-1, max-image-preview:large, max-video-preview:-1\" \/>\n<link rel=\"canonical\" href=\"https:\/\/vosgesinfo.fr\/gerardmerinfo\/2017\/01\/emprise-daurelien-rosset-bd-multiples-influences\/\" \/>\n<meta name=\"twitter:card\" content=\"summary_large_image\" \/>\n<meta name=\"twitter:title\" content=\"&quot;Emprise&quot; d&#039;Aur\u00e9lien Rosset : une BD aux multiples influences - Gerardmer Info\" \/>\n<meta name=\"twitter:description\" content=\"L&rsquo;exposition BD du festival International du Film Fantastique est consacr\u00e9e cette ann\u00e9e au jeune auteur Aur\u00e9lien Rosset venue notamment pr\u00e9senter [&hellip;]\" \/>\n<meta name=\"twitter:image\" content=\"https:\/\/vosgesinfo.fr\/app\/uploads\/sites\/6\/2024\/07\/201701aurelien-rosset-gerardmer-3.jpg\" \/>\n<meta name=\"twitter:creator\" content=\"@VosgesInfo88\" \/>\n<meta name=\"twitter:site\" content=\"@VosgesInfo88\" \/>\n<meta name=\"twitter:label1\" content=\"\u00c9crit par\" \/>\n\t<meta name=\"twitter:data1\" content=\"QG\" \/>\n\t<meta name=\"twitter:label2\" content=\"Dur\u00e9e de lecture estim\u00e9e\" \/>\n\t<meta name=\"twitter:data2\" content=\"3 minutes\" \/>\n<script type=\"application\/ld+json\" class=\"yoast-schema-graph\">{\"@context\":\"https:\/\/schema.org\",\"@graph\":[{\"@type\":\"Article\",\"@id\":\"https:\/\/vosgesinfo.fr\/gerardmerinfo\/2017\/01\/emprise-daurelien-rosset-bd-multiples-influences\/#article\",\"isPartOf\":{\"@id\":\"https:\/\/vosgesinfo.fr\/gerardmerinfo\/2017\/01\/emprise-daurelien-rosset-bd-multiples-influences\/\"},\"author\":{\"name\":\"QG\",\"@id\":\"https:\/\/vosgesinfo.fr\/gerardmerinfo\/#\/schema\/person\/db5605779a843dad16b5368f3e7613a5\"},\"headline\":\"\u00ab\u00a0Emprise\u00a0\u00bb d&rsquo;Aur\u00e9lien Rosset : une BD aux multiples influences\",\"datePublished\":\"2017-01-27T17:11:30+00:00\",\"dateModified\":\"2017-01-27T17:11:30+00:00\",\"mainEntityOfPage\":{\"@id\":\"https:\/\/vosgesinfo.fr\/gerardmerinfo\/2017\/01\/emprise-daurelien-rosset-bd-multiples-influences\/\"},\"wordCount\":570,\"commentCount\":0,\"publisher\":{\"@id\":\"https:\/\/vosgesinfo.fr\/gerardmerinfo\/#organization\"},\"image\":{\"@id\":\"https:\/\/vosgesinfo.fr\/gerardmerinfo\/2017\/01\/emprise-daurelien-rosset-bd-multiples-influences\/#primaryimage\"},\"thumbnailUrl\":\"https:\/\/vosgesinfo.fr\/app\/uploads\/sites\/6\/2024\/07\/201701aurelien-rosset-gerardmer-3.jpg\",\"keywords\":[\"Aur\u00e9lien Rosset\"],\"articleSection\":[\"A la une\",\"Culture\"],\"inLanguage\":\"fr-FR\",\"potentialAction\":[{\"@type\":\"CommentAction\",\"name\":\"Comment\",\"target\":[\"https:\/\/vosgesinfo.fr\/gerardmerinfo\/2017\/01\/emprise-daurelien-rosset-bd-multiples-influences\/#respond\"]}]},{\"@type\":\"WebPage\",\"@id\":\"https:\/\/vosgesinfo.fr\/gerardmerinfo\/2017\/01\/emprise-daurelien-rosset-bd-multiples-influences\/\",\"url\":\"https:\/\/vosgesinfo.fr\/gerardmerinfo\/2017\/01\/emprise-daurelien-rosset-bd-multiples-influences\/\",\"name\":\"\\\"Emprise\\\" d'Aur\u00e9lien Rosset : une BD aux multiples influences - Gerardmer Info\",\"isPartOf\":{\"@id\":\"https:\/\/vosgesinfo.fr\/gerardmerinfo\/#website\"},\"primaryImageOfPage\":{\"@id\":\"https:\/\/vosgesinfo.fr\/gerardmerinfo\/2017\/01\/emprise-daurelien-rosset-bd-multiples-influences\/#primaryimage\"},\"image\":{\"@id\":\"https:\/\/vosgesinfo.fr\/gerardmerinfo\/2017\/01\/emprise-daurelien-rosset-bd-multiples-influences\/#primaryimage\"},\"thumbnailUrl\":\"https:\/\/vosgesinfo.fr\/app\/uploads\/sites\/6\/2024\/07\/201701aurelien-rosset-gerardmer-3.jpg\",\"datePublished\":\"2017-01-27T17:11:30+00:00\",\"dateModified\":\"2017-01-27T17:11:30+00:00\",\"breadcrumb\":{\"@id\":\"https:\/\/vosgesinfo.fr\/gerardmerinfo\/2017\/01\/emprise-daurelien-rosset-bd-multiples-influences\/#breadcrumb\"},\"inLanguage\":\"fr-FR\",\"potentialAction\":[{\"@type\":\"ReadAction\",\"target\":[\"https:\/\/vosgesinfo.fr\/gerardmerinfo\/2017\/01\/emprise-daurelien-rosset-bd-multiples-influences\/\"]}]},{\"@type\":\"ImageObject\",\"inLanguage\":\"fr-FR\",\"@id\":\"https:\/\/vosgesinfo.fr\/gerardmerinfo\/2017\/01\/emprise-daurelien-rosset-bd-multiples-influences\/#primaryimage\",\"url\":\"https:\/\/vosgesinfo.fr\/app\/uploads\/sites\/6\/2024\/07\/201701aurelien-rosset-gerardmer-3.jpg\",\"contentUrl\":\"https:\/\/vosgesinfo.fr\/app\/uploads\/sites\/6\/2024\/07\/201701aurelien-rosset-gerardmer-3.jpg\",\"width\":800,\"height\":600},{\"@type\":\"BreadcrumbList\",\"@id\":\"https:\/\/vosgesinfo.fr\/gerardmerinfo\/2017\/01\/emprise-daurelien-rosset-bd-multiples-influences\/#breadcrumb\",\"itemListElement\":[{\"@type\":\"ListItem\",\"position\":1,\"name\":\"Home\",\"item\":\"https:\/\/vosgesinfo.fr\/gerardmerinfo\/\"},{\"@type\":\"ListItem\",\"position\":2,\"name\":\"\u00ab\u00a0Emprise\u00a0\u00bb d&rsquo;Aur\u00e9lien Rosset : une BD aux multiples influences\"}]},{\"@type\":\"WebSite\",\"@id\":\"https:\/\/vosgesinfo.fr\/gerardmerinfo\/#website\",\"url\":\"https:\/\/vosgesinfo.fr\/gerardmerinfo\/\",\"name\":\"Gerardmer Info\",\"description\":\"Toute l&#039;actualit\u00e9 de G\u00e9rardmer\",\"publisher\":{\"@id\":\"https:\/\/vosgesinfo.fr\/gerardmerinfo\/#organization\"},\"alternateName\":\"Toute l'actualit\u00e9 de G\u00e9rardmer\",\"potentialAction\":[{\"@type\":\"SearchAction\",\"target\":{\"@type\":\"EntryPoint\",\"urlTemplate\":\"https:\/\/vosgesinfo.fr\/gerardmerinfo\/?s={search_term_string}\"},\"query-input\":\"required name=search_term_string\"}],\"inLanguage\":\"fr-FR\"},{\"@type\":\"Organization\",\"@id\":\"https:\/\/vosgesinfo.fr\/gerardmerinfo\/#organization\",\"name\":\"Gerardmer Info\",\"url\":\"https:\/\/vosgesinfo.fr\/gerardmerinfo\/\",\"logo\":{\"@type\":\"ImageObject\",\"inLanguage\":\"fr-FR\",\"@id\":\"https:\/\/vosgesinfo.fr\/gerardmerinfo\/#\/schema\/logo\/image\/\",\"url\":\"https:\/\/vosgesinfo.fr\/app\/uploads\/sites\/6\/2023\/08\/favicon-gerardmerinfo.png\",\"contentUrl\":\"https:\/\/vosgesinfo.fr\/app\/uploads\/sites\/6\/2023\/08\/favicon-gerardmerinfo.png\",\"width\":512,\"height\":512,\"caption\":\"Gerardmer Info\"},\"image\":{\"@id\":\"https:\/\/vosgesinfo.fr\/gerardmerinfo\/#\/schema\/logo\/image\/\"},\"sameAs\":[\"https:\/\/www.facebook.com\/profile.php?id=100049475262660\",\"https:\/\/x.com\/VosgesInfo88\",\"https:\/\/www.youtube.com\/@vosgesinfo\"]},{\"@type\":\"Person\",\"@id\":\"https:\/\/vosgesinfo.fr\/gerardmerinfo\/#\/schema\/person\/db5605779a843dad16b5368f3e7613a5\",\"name\":\"QG\",\"image\":{\"@type\":\"ImageObject\",\"inLanguage\":\"fr-FR\",\"@id\":\"https:\/\/vosgesinfo.fr\/gerardmerinfo\/#\/schema\/person\/image\/\",\"url\":\"https:\/\/secure.gravatar.com\/avatar\/ea80c42c204b534408512832fde52504ecabb9706bcb6151cf6175e5b64e6793?s=96&d=mm&r=g\",\"contentUrl\":\"https:\/\/secure.gravatar.com\/avatar\/ea80c42c204b534408512832fde52504ecabb9706bcb6151cf6175e5b64e6793?s=96&d=mm&r=g\",\"caption\":\"QG\"},\"url\":\"https:\/\/vosgesinfo.fr\/gerardmerinfo\/author\/quentin88\/\"}]}<\/script>\n<!-- \/ Yoast SEO plugin. -->","yoast_head_json":{"title":"\"Emprise\" d'Aur\u00e9lien Rosset : une BD aux multiples influences - Gerardmer Info","robots":{"index":"index","follow":"follow","max-snippet":"max-snippet:-1","max-image-preview":"max-image-preview:large","max-video-preview":"max-video-preview:-1"},"canonical":"https:\/\/vosgesinfo.fr\/gerardmerinfo\/2017\/01\/emprise-daurelien-rosset-bd-multiples-influences\/","twitter_card":"summary_large_image","twitter_title":"\"Emprise\" d'Aur\u00e9lien Rosset : une BD aux multiples influences - Gerardmer Info","twitter_description":"L&rsquo;exposition BD du festival International du Film Fantastique est consacr\u00e9e cette ann\u00e9e au jeune auteur Aur\u00e9lien Rosset venue notamment pr\u00e9senter [&hellip;]","twitter_image":"https:\/\/vosgesinfo.fr\/app\/uploads\/sites\/6\/2024\/07\/201701aurelien-rosset-gerardmer-3.jpg","twitter_creator":"@VosgesInfo88","twitter_site":"@VosgesInfo88","twitter_misc":{"\u00c9crit par":"QG","Dur\u00e9e de lecture estim\u00e9e":"3 minutes"},"schema":{"@context":"https:\/\/schema.org","@graph":[{"@type":"Article","@id":"https:\/\/vosgesinfo.fr\/gerardmerinfo\/2017\/01\/emprise-daurelien-rosset-bd-multiples-influences\/#article","isPartOf":{"@id":"https:\/\/vosgesinfo.fr\/gerardmerinfo\/2017\/01\/emprise-daurelien-rosset-bd-multiples-influences\/"},"author":{"name":"QG","@id":"https:\/\/vosgesinfo.fr\/gerardmerinfo\/#\/schema\/person\/db5605779a843dad16b5368f3e7613a5"},"headline":"\u00ab\u00a0Emprise\u00a0\u00bb d&rsquo;Aur\u00e9lien Rosset : une BD aux multiples influences","datePublished":"2017-01-27T17:11:30+00:00","dateModified":"2017-01-27T17:11:30+00:00","mainEntityOfPage":{"@id":"https:\/\/vosgesinfo.fr\/gerardmerinfo\/2017\/01\/emprise-daurelien-rosset-bd-multiples-influences\/"},"wordCount":570,"commentCount":0,"publisher":{"@id":"https:\/\/vosgesinfo.fr\/gerardmerinfo\/#organization"},"image":{"@id":"https:\/\/vosgesinfo.fr\/gerardmerinfo\/2017\/01\/emprise-daurelien-rosset-bd-multiples-influences\/#primaryimage"},"thumbnailUrl":"https:\/\/vosgesinfo.fr\/app\/uploads\/sites\/6\/2024\/07\/201701aurelien-rosset-gerardmer-3.jpg","keywords":["Aur\u00e9lien Rosset"],"articleSection":["A la une","Culture"],"inLanguage":"fr-FR","potentialAction":[{"@type":"CommentAction","name":"Comment","target":["https:\/\/vosgesinfo.fr\/gerardmerinfo\/2017\/01\/emprise-daurelien-rosset-bd-multiples-influences\/#respond"]}]},{"@type":"WebPage","@id":"https:\/\/vosgesinfo.fr\/gerardmerinfo\/2017\/01\/emprise-daurelien-rosset-bd-multiples-influences\/","url":"https:\/\/vosgesinfo.fr\/gerardmerinfo\/2017\/01\/emprise-daurelien-rosset-bd-multiples-influences\/","name":"\"Emprise\" d'Aur\u00e9lien Rosset : une BD aux multiples influences - Gerardmer Info","isPartOf":{"@id":"https:\/\/vosgesinfo.fr\/gerardmerinfo\/#website"},"primaryImageOfPage":{"@id":"https:\/\/vosgesinfo.fr\/gerardmerinfo\/2017\/01\/emprise-daurelien-rosset-bd-multiples-influences\/#primaryimage"},"image":{"@id":"https:\/\/vosgesinfo.fr\/gerardmerinfo\/2017\/01\/emprise-daurelien-rosset-bd-multiples-influences\/#primaryimage"},"thumbnailUrl":"https:\/\/vosgesinfo.fr\/app\/uploads\/sites\/6\/2024\/07\/201701aurelien-rosset-gerardmer-3.jpg","datePublished":"2017-01-27T17:11:30+00:00","dateModified":"2017-01-27T17:11:30+00:00","breadcrumb":{"@id":"https:\/\/vosgesinfo.fr\/gerardmerinfo\/2017\/01\/emprise-daurelien-rosset-bd-multiples-influences\/#breadcrumb"},"inLanguage":"fr-FR","potentialAction":[{"@type":"ReadAction","target":["https:\/\/vosgesinfo.fr\/gerardmerinfo\/2017\/01\/emprise-daurelien-rosset-bd-multiples-influences\/"]}]},{"@type":"ImageObject","inLanguage":"fr-FR","@id":"https:\/\/vosgesinfo.fr\/gerardmerinfo\/2017\/01\/emprise-daurelien-rosset-bd-multiples-influences\/#primaryimage","url":"https:\/\/vosgesinfo.fr\/app\/uploads\/sites\/6\/2024\/07\/201701aurelien-rosset-gerardmer-3.jpg","contentUrl":"https:\/\/vosgesinfo.fr\/app\/uploads\/sites\/6\/2024\/07\/201701aurelien-rosset-gerardmer-3.jpg","width":800,"height":600},{"@type":"BreadcrumbList","@id":"https:\/\/vosgesinfo.fr\/gerardmerinfo\/2017\/01\/emprise-daurelien-rosset-bd-multiples-influences\/#breadcrumb","itemListElement":[{"@type":"ListItem","position":1,"name":"Home","item":"https:\/\/vosgesinfo.fr\/gerardmerinfo\/"},{"@type":"ListItem","position":2,"name":"\u00ab\u00a0Emprise\u00a0\u00bb d&rsquo;Aur\u00e9lien Rosset : une BD aux multiples influences"}]},{"@type":"WebSite","@id":"https:\/\/vosgesinfo.fr\/gerardmerinfo\/#website","url":"https:\/\/vosgesinfo.fr\/gerardmerinfo\/","name":"Gerardmer Info","description":"Toute l&#039;actualit\u00e9 de G\u00e9rardmer","publisher":{"@id":"https:\/\/vosgesinfo.fr\/gerardmerinfo\/#organization"},"alternateName":"Toute l'actualit\u00e9 de G\u00e9rardmer","potentialAction":[{"@type":"SearchAction","target":{"@type":"EntryPoint","urlTemplate":"https:\/\/vosgesinfo.fr\/gerardmerinfo\/?s={search_term_string}"},"query-input":"required name=search_term_string"}],"inLanguage":"fr-FR"},{"@type":"Organization","@id":"https:\/\/vosgesinfo.fr\/gerardmerinfo\/#organization","name":"Gerardmer Info","url":"https:\/\/vosgesinfo.fr\/gerardmerinfo\/","logo":{"@type":"ImageObject","inLanguage":"fr-FR","@id":"https:\/\/vosgesinfo.fr\/gerardmerinfo\/#\/schema\/logo\/image\/","url":"https:\/\/vosgesinfo.fr\/app\/uploads\/sites\/6\/2023\/08\/favicon-gerardmerinfo.png","contentUrl":"https:\/\/vosgesinfo.fr\/app\/uploads\/sites\/6\/2023\/08\/favicon-gerardmerinfo.png","width":512,"height":512,"caption":"Gerardmer Info"},"image":{"@id":"https:\/\/vosgesinfo.fr\/gerardmerinfo\/#\/schema\/logo\/image\/"},"sameAs":["https:\/\/www.facebook.com\/profile.php?id=100049475262660","https:\/\/x.com\/VosgesInfo88","https:\/\/www.youtube.com\/@vosgesinfo"]},{"@type":"Person","@id":"https:\/\/vosgesinfo.fr\/gerardmerinfo\/#\/schema\/person\/db5605779a843dad16b5368f3e7613a5","name":"QG","image":{"@type":"ImageObject","inLanguage":"fr-FR","@id":"https:\/\/vosgesinfo.fr\/gerardmerinfo\/#\/schema\/person\/image\/","url":"https:\/\/secure.gravatar.com\/avatar\/ea80c42c204b534408512832fde52504ecabb9706bcb6151cf6175e5b64e6793?s=96&d=mm&r=g","contentUrl":"https:\/\/secure.gravatar.com\/avatar\/ea80c42c204b534408512832fde52504ecabb9706bcb6151cf6175e5b64e6793?s=96&d=mm&r=g","caption":"QG"},"url":"https:\/\/vosgesinfo.fr\/gerardmerinfo\/author\/quentin88\/"}]}},"_links":{"self":[{"href":"https:\/\/vosgesinfo.fr\/gerardmerinfo\/wp-json\/wp\/v2\/posts\/24073","targetHints":{"allow":["GET"]}}],"collection":[{"href":"https:\/\/vosgesinfo.fr\/gerardmerinfo\/wp-json\/wp\/v2\/posts"}],"about":[{"href":"https:\/\/vosgesinfo.fr\/gerardmerinfo\/wp-json\/wp\/v2\/types\/post"}],"author":[{"embeddable":true,"href":"https:\/\/vosgesinfo.fr\/gerardmerinfo\/wp-json\/wp\/v2\/users\/42"}],"replies":[{"embeddable":true,"href":"https:\/\/vosgesinfo.fr\/gerardmerinfo\/wp-json\/wp\/v2\/comments?post=24073"}],"version-history":[{"count":0,"href":"https:\/\/vosgesinfo.fr\/gerardmerinfo\/wp-json\/wp\/v2\/posts\/24073\/revisions"}],"wp:featuredmedia":[{"embeddable":true,"href":"https:\/\/vosgesinfo.fr\/gerardmerinfo\/wp-json\/wp\/v2\/media\/24074"}],"wp:attachment":[{"href":"https:\/\/vosgesinfo.fr\/gerardmerinfo\/wp-json\/wp\/v2\/media?parent=24073"}],"wp:term":[{"taxonomy":"category","embeddable":true,"href":"https:\/\/vosgesinfo.fr\/gerardmerinfo\/wp-json\/wp\/v2\/categories?post=24073"},{"taxonomy":"post_tag","embeddable":true,"href":"https:\/\/vosgesinfo.fr\/gerardmerinfo\/wp-json\/wp\/v2\/tags?post=24073"}],"curies":[{"name":"wp","href":"https:\/\/api.w.org\/{rel}","templated":true}]}}