{"id":24107,"date":"2017-01-28T21:48:09","date_gmt":"2017-01-28T20:48:09","guid":{"rendered":"https:\/\/vosgesinfo.fr\/gerardmerinfo\/2017\/01\/images-fantastiques-zombies-plein-lecole\/"},"modified":"2017-01-28T21:48:09","modified_gmt":"2017-01-28T20:48:09","slug":"images-fantastiques-zombies-plein-lecole","status":"publish","type":"post","link":"https:\/\/vosgesinfo.fr\/gerardmerinfo\/2017\/01\/images-fantastiques-zombies-plein-lecole\/","title":{"rendered":"Des images fantastiques et des zombies plein l&rsquo;\u00e9cole !"},"content":{"rendered":"<p><strong>Pour la 4\u00e8me ann\u00e9e cons\u00e9cutive, le concours d&rsquo;images fantastiques organis\u00e9 par l&rsquo;atelier Canop\u00e9 Vosges (op\u00e9rateur public de l\u2019\u00c9ducation Nationale pour le d\u00e9partement) proposait aux \u00e9l\u00e8ves de la r\u00e9gion de travailler sur un th\u00e8me sp\u00e9cifique dans le cadre du festival de G\u00e9rardmer.<\/strong><\/p>\n<div id=\"attachment_102320\" style=\"width: 350px\" class=\"wp-caption alignright\"><a href=\"\/2017\/01\/canop\u00e9-vosges-concours-3.jpg\"><img decoding=\"async\" aria-describedby=\"caption-attachment-102320\" class=\"size-medium wp-image-102320\" src=\"\/2017\/01\/canop\u00e9-vosges-concours-3-340x255.jpg\" alt=\"Annabelle Soudi\u00e8re en compagnie de Pierre Sachot et de l'adjoint au maire Jean-Fran\u00e7ois Duval, sans oublier le repr\u00e9sentant du cr\u00e9dit Mutuel (\u00e0 gauche)\" width=\"340\" height=\"255\" \/><\/a><p id=\"caption-attachment-102320\" class=\"wp-caption-text\"><span style=\"color: #800000;\">Annabelle Soudi\u00e8re en compagnie de Pierre Sachot et de l&rsquo;adjoint au maire Jean-Fran\u00e7ois Duval, sans oublier le repr\u00e9sentant du cr\u00e9dit Mutuel (\u00e0 gauche)<\/span><\/p><\/div>\n<p>Pour cette nouvelle \u00e9dition, \u00e9coliers de primaire, coll\u00e9giens et lyc\u00e9ens participants devaient plancher sur \u00ab\u00a0Mon \u00e9cole, mon coll\u00e8ge, mon lyc\u00e9e\u00a0\u00bb . Ils ont \u00e9t\u00e9 pr\u00e8s de 200 \u00e0 r\u00e9pondre \u00e0 l&rsquo;appel de Canop\u00e9 Vosges et ce sont quelques 75 images dont plusieurs \u0153uvres collectives qui ont vu le jour gr\u00e2ce \u00e0 ce concours. On notera que les enseignants qui ont particip\u00e9 avec leur(s) classes ont eu la chance de se voir proposer une formation num\u00e9rique afin d&rsquo;accompagner aux mieux leurs \u00e9l\u00e8ves dans leur d\u00e9marche.<\/p>\n<p>Vendredi apr\u00e8s-midi, l&rsquo;heure \u00e9tait venue de proclamer les r\u00e9sultats de ce concours apr\u00e8s que le jury pr\u00e9sid\u00e9 par le photographe Christophe Voegel\u00e9 ne se soit r\u00e9uni quelques jours plus t\u00f4t. Satisfaite de la participation encore importante cette ann\u00e9e et de la qualit\u00e9 des images en comp\u00e9tition, c&rsquo;est la directrice de Canop\u00e9 Annabelle Soudi\u00e8re qui a offici\u00e9 en tant que ma\u00eetresse de c\u00e9r\u00e9monie \u00e0 la MCL de G\u00e9rardmer. La maison du boulevard de St Di\u00e9 qui accueillera d&rsquo;ailleurs jusqu&rsquo;au milieu de semaine l&rsquo;exposition de l&rsquo;ensemble des cr\u00e9ations des \u00e9l\u00e8ves. c&rsquo;est au foyer-bar et en entr\u00e9e libre bien s\u00fbr !<\/p>\n<div id=\"attachment_102319\" style=\"width: 350px\" class=\"wp-caption alignleft\"><a href=\"\/2017\/01\/canop\u00e9-vosges-concours-2.jpg\"><img decoding=\"async\" aria-describedby=\"caption-attachment-102319\" class=\"size-medium wp-image-102319\" src=\"\/2017\/01\/canop\u00e9-vosges-concours-2-340x255.jpg\" alt=\"Les \u00e9coliers de jean mac\u00e9\" width=\"340\" height=\"255\" \/><\/a><p id=\"caption-attachment-102319\" class=\"wp-caption-text\"><span style=\"color: #800000;\">A travers leurs images, les \u00e9l\u00e8ves de Jean Mac\u00e9 se sont mis en sc\u00e8ne en zombies dans leur \u00e9cole.<br \/><\/span><\/p><\/div>\n<p>Chez les lyc\u00e9ens, le prix revient \u00e0 deux \u00e9l\u00e8ves du lyc\u00e9e J-A Margueritte de Verdun : E. Wilt et J. Nicolas. Chez les coll\u00e9giens, bravo \u00e0 Tom Grandcolas, \u00e9l\u00e8ve de 4\u00e9me \u00e0 Corcieux. Enfin, dans la cat\u00e9gorie \u00e9cole primaire, ce sont les locaux qui l&#8217;emportent avec l\u2019\u0153uvre collective des \u00e9coliers de Jean Mac\u00e9. Ces derniers ont eu le plaisir de travailler sur ce projet dans le cadre des Nouvelles Activit\u00e9s P\u00e9riscolaires. Environ 5 s\u00e9ances ont \u00e9t\u00e9 n\u00e9cessaires en compagnie de l&rsquo;animatrice Marie Baatard. \u00ab\u00a0Nous avons pris des photos dans diff\u00e9rents endroits de l&rsquo;\u00e9cole et effectu\u00e9 ensuite toute la partie retouches\/montage sur tablette\u00a0\u00bb , pr\u00e9cise-t-elle.<\/p>\n<p>En parlant de tablette graphique, c&rsquo;est pr\u00e9cis\u00e9ment ce qu&rsquo;ont remport\u00e9 chacun des trois laur\u00e9ats. Un fort joli cadeau pour leur \u00e9tablissement scolaire dont pourront ainsi b\u00e9n\u00e9ficier leurs petits camarades, pourquoi pas dans le cadre de la prochaine \u00e9dition du concours organis\u00e9 par Canop\u00e9 Vosges ? Pour conclure et comme l&rsquo;a rappel\u00e9 Annabelle Soudi\u00e8re, il faut remercier la Ville de G\u00e9rardmer et le Cr\u00e9dit Mutuel enseignant, partenaires de l&rsquo;\u00e9v\u00e9nement qui permettent notamment que celui-ci soit aussi bien dot\u00e9. On peut \u00e9galement vous donner une petite indication concernant le prochain concours. Il est possible que le th\u00e8me soit en lien avec le selfie nous glissait la directrice de Canop\u00e9. Un th\u00e8me d&rsquo;actu, surtout pour la jeunesse !<\/p>\n\n","protected":false},"excerpt":{"rendered":"<p>Pour la 4\u00e8me ann\u00e9e cons\u00e9cutive, le concours d&rsquo;images fantastiques organis\u00e9 par l&rsquo;atelier Canop\u00e9 Vosges (op\u00e9rateur public de l\u2019\u00c9ducation Nationale pour [&hellip;]<\/p>\n","protected":false},"author":42,"featured_media":24108,"comment_status":"open","ping_status":"open","sticky":false,"template":"","format":"standard","meta":{"footnotes":""},"categories":[20,4],"tags":[],"class_list":["post-24107","post","type-post","status-publish","format-standard","has-post-thumbnail","hentry","category-a-la-une","category-culture"],"acf":[],"yoast_head":"<!-- This site is optimized with the Yoast SEO plugin v22.5 - https:\/\/yoast.com\/wordpress\/plugins\/seo\/ -->\n<title>Des images fantastiques et des zombies plein l&#039;\u00e9cole ! - Gerardmer Info<\/title>\n<meta name=\"robots\" content=\"index, follow, max-snippet:-1, max-image-preview:large, max-video-preview:-1\" \/>\n<link rel=\"canonical\" href=\"https:\/\/vosgesinfo.fr\/gerardmerinfo\/2017\/01\/images-fantastiques-zombies-plein-lecole\/\" \/>\n<meta name=\"twitter:card\" content=\"summary_large_image\" \/>\n<meta name=\"twitter:title\" content=\"Des images fantastiques et des zombies plein l&#039;\u00e9cole ! - Gerardmer Info\" \/>\n<meta name=\"twitter:description\" content=\"Pour la 4\u00e8me ann\u00e9e cons\u00e9cutive, le concours d&rsquo;images fantastiques organis\u00e9 par l&rsquo;atelier Canop\u00e9 Vosges (op\u00e9rateur public de l\u2019\u00c9ducation Nationale pour [&hellip;]\" \/>\n<meta name=\"twitter:image\" content=\"https:\/\/vosgesinfo.fr\/app\/uploads\/sites\/6\/2024\/07\/201701canope-vosges-concours-2.jpg\" \/>\n<meta name=\"twitter:creator\" content=\"@VosgesInfo88\" \/>\n<meta name=\"twitter:site\" content=\"@VosgesInfo88\" \/>\n<meta name=\"twitter:label1\" content=\"\u00c9crit par\" \/>\n\t<meta name=\"twitter:data1\" content=\"QG\" \/>\n\t<meta name=\"twitter:label2\" content=\"Dur\u00e9e de lecture estim\u00e9e\" \/>\n\t<meta name=\"twitter:data2\" content=\"3 minutes\" \/>\n<script type=\"application\/ld+json\" class=\"yoast-schema-graph\">{\"@context\":\"https:\/\/schema.org\",\"@graph\":[{\"@type\":\"Article\",\"@id\":\"https:\/\/vosgesinfo.fr\/gerardmerinfo\/2017\/01\/images-fantastiques-zombies-plein-lecole\/#article\",\"isPartOf\":{\"@id\":\"https:\/\/vosgesinfo.fr\/gerardmerinfo\/2017\/01\/images-fantastiques-zombies-plein-lecole\/\"},\"author\":{\"name\":\"QG\",\"@id\":\"https:\/\/vosgesinfo.fr\/gerardmerinfo\/#\/schema\/person\/db5605779a843dad16b5368f3e7613a5\"},\"headline\":\"Des images fantastiques et des zombies plein l&rsquo;\u00e9cole !\",\"datePublished\":\"2017-01-28T20:48:09+00:00\",\"dateModified\":\"2017-01-28T20:48:09+00:00\",\"mainEntityOfPage\":{\"@id\":\"https:\/\/vosgesinfo.fr\/gerardmerinfo\/2017\/01\/images-fantastiques-zombies-plein-lecole\/\"},\"wordCount\":587,\"commentCount\":0,\"publisher\":{\"@id\":\"https:\/\/vosgesinfo.fr\/gerardmerinfo\/#organization\"},\"image\":{\"@id\":\"https:\/\/vosgesinfo.fr\/gerardmerinfo\/2017\/01\/images-fantastiques-zombies-plein-lecole\/#primaryimage\"},\"thumbnailUrl\":\"https:\/\/vosgesinfo.fr\/app\/uploads\/sites\/6\/2024\/07\/201701canope-vosges-concours-2.jpg\",\"articleSection\":[\"A la une\",\"Culture\"],\"inLanguage\":\"fr-FR\",\"potentialAction\":[{\"@type\":\"CommentAction\",\"name\":\"Comment\",\"target\":[\"https:\/\/vosgesinfo.fr\/gerardmerinfo\/2017\/01\/images-fantastiques-zombies-plein-lecole\/#respond\"]}]},{\"@type\":\"WebPage\",\"@id\":\"https:\/\/vosgesinfo.fr\/gerardmerinfo\/2017\/01\/images-fantastiques-zombies-plein-lecole\/\",\"url\":\"https:\/\/vosgesinfo.fr\/gerardmerinfo\/2017\/01\/images-fantastiques-zombies-plein-lecole\/\",\"name\":\"Des images fantastiques et des zombies plein l'\u00e9cole ! - Gerardmer Info\",\"isPartOf\":{\"@id\":\"https:\/\/vosgesinfo.fr\/gerardmerinfo\/#website\"},\"primaryImageOfPage\":{\"@id\":\"https:\/\/vosgesinfo.fr\/gerardmerinfo\/2017\/01\/images-fantastiques-zombies-plein-lecole\/#primaryimage\"},\"image\":{\"@id\":\"https:\/\/vosgesinfo.fr\/gerardmerinfo\/2017\/01\/images-fantastiques-zombies-plein-lecole\/#primaryimage\"},\"thumbnailUrl\":\"https:\/\/vosgesinfo.fr\/app\/uploads\/sites\/6\/2024\/07\/201701canope-vosges-concours-2.jpg\",\"datePublished\":\"2017-01-28T20:48:09+00:00\",\"dateModified\":\"2017-01-28T20:48:09+00:00\",\"breadcrumb\":{\"@id\":\"https:\/\/vosgesinfo.fr\/gerardmerinfo\/2017\/01\/images-fantastiques-zombies-plein-lecole\/#breadcrumb\"},\"inLanguage\":\"fr-FR\",\"potentialAction\":[{\"@type\":\"ReadAction\",\"target\":[\"https:\/\/vosgesinfo.fr\/gerardmerinfo\/2017\/01\/images-fantastiques-zombies-plein-lecole\/\"]}]},{\"@type\":\"ImageObject\",\"inLanguage\":\"fr-FR\",\"@id\":\"https:\/\/vosgesinfo.fr\/gerardmerinfo\/2017\/01\/images-fantastiques-zombies-plein-lecole\/#primaryimage\",\"url\":\"https:\/\/vosgesinfo.fr\/app\/uploads\/sites\/6\/2024\/07\/201701canope-vosges-concours-2.jpg\",\"contentUrl\":\"https:\/\/vosgesinfo.fr\/app\/uploads\/sites\/6\/2024\/07\/201701canope-vosges-concours-2.jpg\",\"width\":800,\"height\":600},{\"@type\":\"BreadcrumbList\",\"@id\":\"https:\/\/vosgesinfo.fr\/gerardmerinfo\/2017\/01\/images-fantastiques-zombies-plein-lecole\/#breadcrumb\",\"itemListElement\":[{\"@type\":\"ListItem\",\"position\":1,\"name\":\"Home\",\"item\":\"https:\/\/vosgesinfo.fr\/gerardmerinfo\/\"},{\"@type\":\"ListItem\",\"position\":2,\"name\":\"Des images fantastiques et des zombies plein l&rsquo;\u00e9cole !\"}]},{\"@type\":\"WebSite\",\"@id\":\"https:\/\/vosgesinfo.fr\/gerardmerinfo\/#website\",\"url\":\"https:\/\/vosgesinfo.fr\/gerardmerinfo\/\",\"name\":\"Gerardmer Info\",\"description\":\"Toute l&#039;actualit\u00e9 de G\u00e9rardmer\",\"publisher\":{\"@id\":\"https:\/\/vosgesinfo.fr\/gerardmerinfo\/#organization\"},\"alternateName\":\"Toute l'actualit\u00e9 de G\u00e9rardmer\",\"potentialAction\":[{\"@type\":\"SearchAction\",\"target\":{\"@type\":\"EntryPoint\",\"urlTemplate\":\"https:\/\/vosgesinfo.fr\/gerardmerinfo\/?s={search_term_string}\"},\"query-input\":\"required name=search_term_string\"}],\"inLanguage\":\"fr-FR\"},{\"@type\":\"Organization\",\"@id\":\"https:\/\/vosgesinfo.fr\/gerardmerinfo\/#organization\",\"name\":\"Gerardmer Info\",\"url\":\"https:\/\/vosgesinfo.fr\/gerardmerinfo\/\",\"logo\":{\"@type\":\"ImageObject\",\"inLanguage\":\"fr-FR\",\"@id\":\"https:\/\/vosgesinfo.fr\/gerardmerinfo\/#\/schema\/logo\/image\/\",\"url\":\"https:\/\/vosgesinfo.fr\/app\/uploads\/sites\/6\/2023\/08\/favicon-gerardmerinfo.png\",\"contentUrl\":\"https:\/\/vosgesinfo.fr\/app\/uploads\/sites\/6\/2023\/08\/favicon-gerardmerinfo.png\",\"width\":512,\"height\":512,\"caption\":\"Gerardmer Info\"},\"image\":{\"@id\":\"https:\/\/vosgesinfo.fr\/gerardmerinfo\/#\/schema\/logo\/image\/\"},\"sameAs\":[\"https:\/\/www.facebook.com\/profile.php?id=100049475262660\",\"https:\/\/x.com\/VosgesInfo88\",\"https:\/\/www.youtube.com\/@vosgesinfo\"]},{\"@type\":\"Person\",\"@id\":\"https:\/\/vosgesinfo.fr\/gerardmerinfo\/#\/schema\/person\/db5605779a843dad16b5368f3e7613a5\",\"name\":\"QG\",\"image\":{\"@type\":\"ImageObject\",\"inLanguage\":\"fr-FR\",\"@id\":\"https:\/\/vosgesinfo.fr\/gerardmerinfo\/#\/schema\/person\/image\/\",\"url\":\"https:\/\/secure.gravatar.com\/avatar\/ea80c42c204b534408512832fde52504ecabb9706bcb6151cf6175e5b64e6793?s=96&d=mm&r=g\",\"contentUrl\":\"https:\/\/secure.gravatar.com\/avatar\/ea80c42c204b534408512832fde52504ecabb9706bcb6151cf6175e5b64e6793?s=96&d=mm&r=g\",\"caption\":\"QG\"},\"url\":\"https:\/\/vosgesinfo.fr\/gerardmerinfo\/author\/quentin88\/\"}]}<\/script>\n<!-- \/ Yoast SEO plugin. -->","yoast_head_json":{"title":"Des images fantastiques et des zombies plein l'\u00e9cole ! - Gerardmer Info","robots":{"index":"index","follow":"follow","max-snippet":"max-snippet:-1","max-image-preview":"max-image-preview:large","max-video-preview":"max-video-preview:-1"},"canonical":"https:\/\/vosgesinfo.fr\/gerardmerinfo\/2017\/01\/images-fantastiques-zombies-plein-lecole\/","twitter_card":"summary_large_image","twitter_title":"Des images fantastiques et des zombies plein l'\u00e9cole ! - Gerardmer Info","twitter_description":"Pour la 4\u00e8me ann\u00e9e cons\u00e9cutive, le concours d&rsquo;images fantastiques organis\u00e9 par l&rsquo;atelier Canop\u00e9 Vosges (op\u00e9rateur public de l\u2019\u00c9ducation Nationale pour [&hellip;]","twitter_image":"https:\/\/vosgesinfo.fr\/app\/uploads\/sites\/6\/2024\/07\/201701canope-vosges-concours-2.jpg","twitter_creator":"@VosgesInfo88","twitter_site":"@VosgesInfo88","twitter_misc":{"\u00c9crit par":"QG","Dur\u00e9e de lecture estim\u00e9e":"3 minutes"},"schema":{"@context":"https:\/\/schema.org","@graph":[{"@type":"Article","@id":"https:\/\/vosgesinfo.fr\/gerardmerinfo\/2017\/01\/images-fantastiques-zombies-plein-lecole\/#article","isPartOf":{"@id":"https:\/\/vosgesinfo.fr\/gerardmerinfo\/2017\/01\/images-fantastiques-zombies-plein-lecole\/"},"author":{"name":"QG","@id":"https:\/\/vosgesinfo.fr\/gerardmerinfo\/#\/schema\/person\/db5605779a843dad16b5368f3e7613a5"},"headline":"Des images fantastiques et des zombies plein l&rsquo;\u00e9cole !","datePublished":"2017-01-28T20:48:09+00:00","dateModified":"2017-01-28T20:48:09+00:00","mainEntityOfPage":{"@id":"https:\/\/vosgesinfo.fr\/gerardmerinfo\/2017\/01\/images-fantastiques-zombies-plein-lecole\/"},"wordCount":587,"commentCount":0,"publisher":{"@id":"https:\/\/vosgesinfo.fr\/gerardmerinfo\/#organization"},"image":{"@id":"https:\/\/vosgesinfo.fr\/gerardmerinfo\/2017\/01\/images-fantastiques-zombies-plein-lecole\/#primaryimage"},"thumbnailUrl":"https:\/\/vosgesinfo.fr\/app\/uploads\/sites\/6\/2024\/07\/201701canope-vosges-concours-2.jpg","articleSection":["A la une","Culture"],"inLanguage":"fr-FR","potentialAction":[{"@type":"CommentAction","name":"Comment","target":["https:\/\/vosgesinfo.fr\/gerardmerinfo\/2017\/01\/images-fantastiques-zombies-plein-lecole\/#respond"]}]},{"@type":"WebPage","@id":"https:\/\/vosgesinfo.fr\/gerardmerinfo\/2017\/01\/images-fantastiques-zombies-plein-lecole\/","url":"https:\/\/vosgesinfo.fr\/gerardmerinfo\/2017\/01\/images-fantastiques-zombies-plein-lecole\/","name":"Des images fantastiques et des zombies plein l'\u00e9cole ! - Gerardmer Info","isPartOf":{"@id":"https:\/\/vosgesinfo.fr\/gerardmerinfo\/#website"},"primaryImageOfPage":{"@id":"https:\/\/vosgesinfo.fr\/gerardmerinfo\/2017\/01\/images-fantastiques-zombies-plein-lecole\/#primaryimage"},"image":{"@id":"https:\/\/vosgesinfo.fr\/gerardmerinfo\/2017\/01\/images-fantastiques-zombies-plein-lecole\/#primaryimage"},"thumbnailUrl":"https:\/\/vosgesinfo.fr\/app\/uploads\/sites\/6\/2024\/07\/201701canope-vosges-concours-2.jpg","datePublished":"2017-01-28T20:48:09+00:00","dateModified":"2017-01-28T20:48:09+00:00","breadcrumb":{"@id":"https:\/\/vosgesinfo.fr\/gerardmerinfo\/2017\/01\/images-fantastiques-zombies-plein-lecole\/#breadcrumb"},"inLanguage":"fr-FR","potentialAction":[{"@type":"ReadAction","target":["https:\/\/vosgesinfo.fr\/gerardmerinfo\/2017\/01\/images-fantastiques-zombies-plein-lecole\/"]}]},{"@type":"ImageObject","inLanguage":"fr-FR","@id":"https:\/\/vosgesinfo.fr\/gerardmerinfo\/2017\/01\/images-fantastiques-zombies-plein-lecole\/#primaryimage","url":"https:\/\/vosgesinfo.fr\/app\/uploads\/sites\/6\/2024\/07\/201701canope-vosges-concours-2.jpg","contentUrl":"https:\/\/vosgesinfo.fr\/app\/uploads\/sites\/6\/2024\/07\/201701canope-vosges-concours-2.jpg","width":800,"height":600},{"@type":"BreadcrumbList","@id":"https:\/\/vosgesinfo.fr\/gerardmerinfo\/2017\/01\/images-fantastiques-zombies-plein-lecole\/#breadcrumb","itemListElement":[{"@type":"ListItem","position":1,"name":"Home","item":"https:\/\/vosgesinfo.fr\/gerardmerinfo\/"},{"@type":"ListItem","position":2,"name":"Des images fantastiques et des zombies plein l&rsquo;\u00e9cole !"}]},{"@type":"WebSite","@id":"https:\/\/vosgesinfo.fr\/gerardmerinfo\/#website","url":"https:\/\/vosgesinfo.fr\/gerardmerinfo\/","name":"Gerardmer Info","description":"Toute l&#039;actualit\u00e9 de G\u00e9rardmer","publisher":{"@id":"https:\/\/vosgesinfo.fr\/gerardmerinfo\/#organization"},"alternateName":"Toute l'actualit\u00e9 de G\u00e9rardmer","potentialAction":[{"@type":"SearchAction","target":{"@type":"EntryPoint","urlTemplate":"https:\/\/vosgesinfo.fr\/gerardmerinfo\/?s={search_term_string}"},"query-input":"required name=search_term_string"}],"inLanguage":"fr-FR"},{"@type":"Organization","@id":"https:\/\/vosgesinfo.fr\/gerardmerinfo\/#organization","name":"Gerardmer Info","url":"https:\/\/vosgesinfo.fr\/gerardmerinfo\/","logo":{"@type":"ImageObject","inLanguage":"fr-FR","@id":"https:\/\/vosgesinfo.fr\/gerardmerinfo\/#\/schema\/logo\/image\/","url":"https:\/\/vosgesinfo.fr\/app\/uploads\/sites\/6\/2023\/08\/favicon-gerardmerinfo.png","contentUrl":"https:\/\/vosgesinfo.fr\/app\/uploads\/sites\/6\/2023\/08\/favicon-gerardmerinfo.png","width":512,"height":512,"caption":"Gerardmer Info"},"image":{"@id":"https:\/\/vosgesinfo.fr\/gerardmerinfo\/#\/schema\/logo\/image\/"},"sameAs":["https:\/\/www.facebook.com\/profile.php?id=100049475262660","https:\/\/x.com\/VosgesInfo88","https:\/\/www.youtube.com\/@vosgesinfo"]},{"@type":"Person","@id":"https:\/\/vosgesinfo.fr\/gerardmerinfo\/#\/schema\/person\/db5605779a843dad16b5368f3e7613a5","name":"QG","image":{"@type":"ImageObject","inLanguage":"fr-FR","@id":"https:\/\/vosgesinfo.fr\/gerardmerinfo\/#\/schema\/person\/image\/","url":"https:\/\/secure.gravatar.com\/avatar\/ea80c42c204b534408512832fde52504ecabb9706bcb6151cf6175e5b64e6793?s=96&d=mm&r=g","contentUrl":"https:\/\/secure.gravatar.com\/avatar\/ea80c42c204b534408512832fde52504ecabb9706bcb6151cf6175e5b64e6793?s=96&d=mm&r=g","caption":"QG"},"url":"https:\/\/vosgesinfo.fr\/gerardmerinfo\/author\/quentin88\/"}]}},"_links":{"self":[{"href":"https:\/\/vosgesinfo.fr\/gerardmerinfo\/wp-json\/wp\/v2\/posts\/24107","targetHints":{"allow":["GET"]}}],"collection":[{"href":"https:\/\/vosgesinfo.fr\/gerardmerinfo\/wp-json\/wp\/v2\/posts"}],"about":[{"href":"https:\/\/vosgesinfo.fr\/gerardmerinfo\/wp-json\/wp\/v2\/types\/post"}],"author":[{"embeddable":true,"href":"https:\/\/vosgesinfo.fr\/gerardmerinfo\/wp-json\/wp\/v2\/users\/42"}],"replies":[{"embeddable":true,"href":"https:\/\/vosgesinfo.fr\/gerardmerinfo\/wp-json\/wp\/v2\/comments?post=24107"}],"version-history":[{"count":0,"href":"https:\/\/vosgesinfo.fr\/gerardmerinfo\/wp-json\/wp\/v2\/posts\/24107\/revisions"}],"wp:featuredmedia":[{"embeddable":true,"href":"https:\/\/vosgesinfo.fr\/gerardmerinfo\/wp-json\/wp\/v2\/media\/24108"}],"wp:attachment":[{"href":"https:\/\/vosgesinfo.fr\/gerardmerinfo\/wp-json\/wp\/v2\/media?parent=24107"}],"wp:term":[{"taxonomy":"category","embeddable":true,"href":"https:\/\/vosgesinfo.fr\/gerardmerinfo\/wp-json\/wp\/v2\/categories?post=24107"},{"taxonomy":"post_tag","embeddable":true,"href":"https:\/\/vosgesinfo.fr\/gerardmerinfo\/wp-json\/wp\/v2\/tags?post=24107"}],"curies":[{"name":"wp","href":"https:\/\/api.w.org\/{rel}","templated":true}]}}