{"id":24333,"date":"2017-02-11T17:08:19","date_gmt":"2017-02-11T16:08:19","guid":{"rendered":"https:\/\/vosgesinfo.fr\/gerardmerinfo\/2017\/02\/petit-moment-de-flottement-florence-grivot\/"},"modified":"2017-02-11T17:08:19","modified_gmt":"2017-02-11T16:08:19","slug":"petit-moment-de-flottement-florence-grivot","status":"publish","type":"post","link":"https:\/\/vosgesinfo.fr\/gerardmerinfo\/2017\/02\/petit-moment-de-flottement-florence-grivot\/","title":{"rendered":"Petit moment de \u00ab\u00a0Flottement\u00a0\u00bb avec Florence Grivot"},"content":{"rendered":"<h2><span style=\"font-size: 14pt;\"><strong><a href=\"\/2017\/02\/expo-flotttement.jpg\"><img decoding=\"async\" class=\"aligncenter size-full wp-image-102958\" src=\"\/2017\/02\/expo-flotttement.jpg\" alt=\"expo flotttement\" width=\"800\" height=\"450\" \/><\/a>La Saison 2016-2017 de la galerie de la MCL se poursuit avec l\u2019exposition\u00a0<span style=\"color: #a96800;\"><i>\u00ab Flottement \u00bb<\/i><\/span>\u00a0de Florence Grivot qui sera visible du 17 au 28 f\u00e9vrier prochain.<\/strong><\/span><\/h2>\n<p>Une installation que l\u2019artiste mettra en place durant plusieurs jours \u00e0 la MCL, n\u2019h\u00e9sitez pas \u00e0 venir en suivre l\u2019\u00e9volution, la construction, le jeudi 16 ou le vendredi 17 f\u00e9vrier&#8230; Par ailleurs Vous \u00eates les bienvenus au\u00a0<b><span style=\"color: #a96800;\">vernissage musical<\/span><\/b>, guitare &amp; chant, propos\u00e9 par les \u00e9l\u00e8ves de l\u2019atelier Guitare de la MCL anim\u00e9 par Daniel Colnat, qui aura lieu le\u00a0<b><span style=\"color: #7a4a00;\">vendredi 17 f\u00e9vrier \u00e0 18h30<\/span><\/b>\u00a0en pr\u00e9sence de l\u2019artiste.<\/p>\n<div>Au programme de ce vernissage, vous retrouverez notamment le groupe <span style=\"font-size: 12pt; color: #333333;\"><b><i>Eph\u00e9m\u00e8re<\/i><\/b><\/span>,\u00a0<b>Maurine<\/b>, 15 ans et <b>Marie<\/b>, 15 ans \u00e9galement. Deux filles, deux voix, une passion : la Guitare&#8230;<\/div>\n<div><a href=\"https:\/\/www.facebook.com\/Eph%C3%A9m%C3%A8re-865669986837805\/?fref=ts\" target=\"_blank\" rel=\"noopener\">https:\/\/www.facebook.com\/Eph\u00e9m\u00e8re-865669986837805\/?fref=ts<\/a><\/div>\n<div>Un moment id\u00e9al pour partager, \u00e9changer, questionner autour d\u2019un verre et d\u2019un buffet convivial (en entr\u00e9e libre, ouvert \u00e0 tous). N\u2019h\u00e9sitez pas \u00e0 venir savourer cette exposition po\u00e9tique sur l&rsquo;\u00e9ph\u00e9m\u00e8re, en l\u00e9vitation dans la galerie !!<\/div>\n<div><\/div>\n<div><strong>Florence Grivot :<\/strong><\/div>\n<div>\n<p>\u00ab\u00a0Je privil\u00e9gie les mat\u00e9riaux mall\u00e9ables que sont l\u2019 argile ou le pl\u00e2tre, pour que le corps y soit. Mon exp\u00e9rience\u00a0sensorielle v\u00e9cue avec la mati\u00e8re, initie la mise en formes de ma pens\u00e9e. Je chemine \u00e0 t\u00e2tons entre ombre\u00a0et lumi\u00e8re. Je cherche \u00e0 cr\u00e9er un dialogue entre l\u2019anim\u00e9 et l\u2019inanim\u00e9.\u00a0J\u2019aime construire de l\u2019\u00e9ph\u00e9m\u00e8re, cela densifie l\u2019action. J\u2019estampe des contenants les plus fragiles possibles.\u00a0C\u2019est avec un soin et une d\u00e9licatesse toute particuli\u00e8re que je d\u00e9moule. La concentration et la pr\u00e9sence \u00ab\u00a0du maintenant tout de suite \u00bb sont obligatoires.\u00a0Le geste \u00e9volue \u00e0 chaque tirage. Bien que je sois dans la r\u00e9p\u00e9tition du geste, pas un seul contenant n\u2019est\u00a0identique.\u00a0Lors d\u2019 une exposition, j\u2019aime cr\u00e9er des sculptures \u00e9volutives.\u00a0J\u2019arr\u00eate l\u2019illusion de la p\u00e9rennit\u00e9, je ne vise plus la conservation de l\u2019objet.\u00a0De sa naissance \u00e0 sa mort, je choisis le temps d\u2019existence de l\u2019oeuvre.\u00a0\u00bb<\/p>\n<p>Pour plus d\u2019information, rendez-vous sur le site de l\u2019artiste : <a href=\"https:\/\/florencegrivot.jimdo.com\" target=\"_blank\" rel=\"noopener\">https:\/\/florencegrivot.jimdo.com<\/a><\/p>\n<p>Vous pouvez retrouver l\u2019int\u00e9gralit\u00e9 de la programmation sur le site de la MCL \u00e0 la rubrique exposition \u00e0 cette adresse :<br \/>\nhttp:\/\/mclgerardmer.fr\/agenda\/categorie\/expos\/<br \/>\nou sur le programme papier disponible \u00e0 l\u2019accueil de la MCL de G\u00e9rardmer.<\/p>\n<\/div>\n","protected":false},"excerpt":{"rendered":"<p>La Saison 2016-2017 de la galerie de la MCL se poursuit avec l\u2019exposition\u00a0\u00ab Flottement \u00bb\u00a0de Florence Grivot qui sera visible [&hellip;]<\/p>\n","protected":false},"author":42,"featured_media":24334,"comment_status":"open","ping_status":"open","sticky":false,"template":"","format":"standard","meta":{"footnotes":""},"categories":[20,4],"tags":[50,2889,103],"class_list":["post-24333","post","type-post","status-publish","format-standard","has-post-thumbnail","hentry","category-a-la-une","category-culture","tag-exposition","tag-florence-grivot","tag-mcl-gerardmer"],"acf":[],"yoast_head":"<!-- This site is optimized with the Yoast SEO plugin v22.5 - https:\/\/yoast.com\/wordpress\/plugins\/seo\/ -->\n<title>Petit moment de &quot;Flottement&quot; avec Florence Grivot - Gerardmer Info<\/title>\n<meta name=\"robots\" content=\"index, follow, max-snippet:-1, max-image-preview:large, max-video-preview:-1\" \/>\n<link rel=\"canonical\" href=\"https:\/\/vosgesinfo.fr\/gerardmerinfo\/2017\/02\/petit-moment-de-flottement-florence-grivot\/\" \/>\n<meta name=\"twitter:card\" content=\"summary_large_image\" \/>\n<meta name=\"twitter:title\" content=\"Petit moment de &quot;Flottement&quot; avec Florence Grivot - Gerardmer Info\" \/>\n<meta name=\"twitter:description\" content=\"La Saison 2016-2017 de la galerie de la MCL se poursuit avec l\u2019exposition\u00a0\u00ab Flottement \u00bb\u00a0de Florence Grivot qui sera visible [&hellip;]\" \/>\n<meta name=\"twitter:image\" content=\"https:\/\/vosgesinfo.fr\/app\/uploads\/sites\/6\/2024\/07\/201702expo-flotttement.jpg\" \/>\n<meta name=\"twitter:creator\" content=\"@VosgesInfo88\" \/>\n<meta name=\"twitter:site\" content=\"@VosgesInfo88\" \/>\n<meta name=\"twitter:label1\" content=\"\u00c9crit par\" \/>\n\t<meta name=\"twitter:data1\" content=\"QG\" \/>\n\t<meta name=\"twitter:label2\" content=\"Dur\u00e9e de lecture estim\u00e9e\" \/>\n\t<meta name=\"twitter:data2\" content=\"2 minutes\" \/>\n<script type=\"application\/ld+json\" class=\"yoast-schema-graph\">{\"@context\":\"https:\/\/schema.org\",\"@graph\":[{\"@type\":\"Article\",\"@id\":\"https:\/\/vosgesinfo.fr\/gerardmerinfo\/2017\/02\/petit-moment-de-flottement-florence-grivot\/#article\",\"isPartOf\":{\"@id\":\"https:\/\/vosgesinfo.fr\/gerardmerinfo\/2017\/02\/petit-moment-de-flottement-florence-grivot\/\"},\"author\":{\"name\":\"QG\",\"@id\":\"https:\/\/vosgesinfo.fr\/gerardmerinfo\/#\/schema\/person\/db5605779a843dad16b5368f3e7613a5\"},\"headline\":\"Petit moment de \u00ab\u00a0Flottement\u00a0\u00bb avec Florence Grivot\",\"datePublished\":\"2017-02-11T16:08:19+00:00\",\"dateModified\":\"2017-02-11T16:08:19+00:00\",\"mainEntityOfPage\":{\"@id\":\"https:\/\/vosgesinfo.fr\/gerardmerinfo\/2017\/02\/petit-moment-de-flottement-florence-grivot\/\"},\"wordCount\":420,\"commentCount\":0,\"publisher\":{\"@id\":\"https:\/\/vosgesinfo.fr\/gerardmerinfo\/#organization\"},\"image\":{\"@id\":\"https:\/\/vosgesinfo.fr\/gerardmerinfo\/2017\/02\/petit-moment-de-flottement-florence-grivot\/#primaryimage\"},\"thumbnailUrl\":\"https:\/\/vosgesinfo.fr\/app\/uploads\/sites\/6\/2024\/07\/201702expo-flotttement.jpg\",\"keywords\":[\"exposition\",\"florence grivot\",\"MCL G\u00e9rardmer\"],\"articleSection\":[\"A la une\",\"Culture\"],\"inLanguage\":\"fr-FR\",\"potentialAction\":[{\"@type\":\"CommentAction\",\"name\":\"Comment\",\"target\":[\"https:\/\/vosgesinfo.fr\/gerardmerinfo\/2017\/02\/petit-moment-de-flottement-florence-grivot\/#respond\"]}]},{\"@type\":\"WebPage\",\"@id\":\"https:\/\/vosgesinfo.fr\/gerardmerinfo\/2017\/02\/petit-moment-de-flottement-florence-grivot\/\",\"url\":\"https:\/\/vosgesinfo.fr\/gerardmerinfo\/2017\/02\/petit-moment-de-flottement-florence-grivot\/\",\"name\":\"Petit moment de \\\"Flottement\\\" avec Florence Grivot - Gerardmer Info\",\"isPartOf\":{\"@id\":\"https:\/\/vosgesinfo.fr\/gerardmerinfo\/#website\"},\"primaryImageOfPage\":{\"@id\":\"https:\/\/vosgesinfo.fr\/gerardmerinfo\/2017\/02\/petit-moment-de-flottement-florence-grivot\/#primaryimage\"},\"image\":{\"@id\":\"https:\/\/vosgesinfo.fr\/gerardmerinfo\/2017\/02\/petit-moment-de-flottement-florence-grivot\/#primaryimage\"},\"thumbnailUrl\":\"https:\/\/vosgesinfo.fr\/app\/uploads\/sites\/6\/2024\/07\/201702expo-flotttement.jpg\",\"datePublished\":\"2017-02-11T16:08:19+00:00\",\"dateModified\":\"2017-02-11T16:08:19+00:00\",\"breadcrumb\":{\"@id\":\"https:\/\/vosgesinfo.fr\/gerardmerinfo\/2017\/02\/petit-moment-de-flottement-florence-grivot\/#breadcrumb\"},\"inLanguage\":\"fr-FR\",\"potentialAction\":[{\"@type\":\"ReadAction\",\"target\":[\"https:\/\/vosgesinfo.fr\/gerardmerinfo\/2017\/02\/petit-moment-de-flottement-florence-grivot\/\"]}]},{\"@type\":\"ImageObject\",\"inLanguage\":\"fr-FR\",\"@id\":\"https:\/\/vosgesinfo.fr\/gerardmerinfo\/2017\/02\/petit-moment-de-flottement-florence-grivot\/#primaryimage\",\"url\":\"https:\/\/vosgesinfo.fr\/app\/uploads\/sites\/6\/2024\/07\/201702expo-flotttement.jpg\",\"contentUrl\":\"https:\/\/vosgesinfo.fr\/app\/uploads\/sites\/6\/2024\/07\/201702expo-flotttement.jpg\",\"width\":800,\"height\":450},{\"@type\":\"BreadcrumbList\",\"@id\":\"https:\/\/vosgesinfo.fr\/gerardmerinfo\/2017\/02\/petit-moment-de-flottement-florence-grivot\/#breadcrumb\",\"itemListElement\":[{\"@type\":\"ListItem\",\"position\":1,\"name\":\"Home\",\"item\":\"https:\/\/vosgesinfo.fr\/gerardmerinfo\/\"},{\"@type\":\"ListItem\",\"position\":2,\"name\":\"Petit moment de \u00ab\u00a0Flottement\u00a0\u00bb avec Florence Grivot\"}]},{\"@type\":\"WebSite\",\"@id\":\"https:\/\/vosgesinfo.fr\/gerardmerinfo\/#website\",\"url\":\"https:\/\/vosgesinfo.fr\/gerardmerinfo\/\",\"name\":\"Gerardmer Info\",\"description\":\"Toute l&#039;actualit\u00e9 de G\u00e9rardmer\",\"publisher\":{\"@id\":\"https:\/\/vosgesinfo.fr\/gerardmerinfo\/#organization\"},\"alternateName\":\"Toute l'actualit\u00e9 de G\u00e9rardmer\",\"potentialAction\":[{\"@type\":\"SearchAction\",\"target\":{\"@type\":\"EntryPoint\",\"urlTemplate\":\"https:\/\/vosgesinfo.fr\/gerardmerinfo\/?s={search_term_string}\"},\"query-input\":\"required name=search_term_string\"}],\"inLanguage\":\"fr-FR\"},{\"@type\":\"Organization\",\"@id\":\"https:\/\/vosgesinfo.fr\/gerardmerinfo\/#organization\",\"name\":\"Gerardmer Info\",\"url\":\"https:\/\/vosgesinfo.fr\/gerardmerinfo\/\",\"logo\":{\"@type\":\"ImageObject\",\"inLanguage\":\"fr-FR\",\"@id\":\"https:\/\/vosgesinfo.fr\/gerardmerinfo\/#\/schema\/logo\/image\/\",\"url\":\"https:\/\/vosgesinfo.fr\/app\/uploads\/sites\/6\/2023\/08\/favicon-gerardmerinfo.png\",\"contentUrl\":\"https:\/\/vosgesinfo.fr\/app\/uploads\/sites\/6\/2023\/08\/favicon-gerardmerinfo.png\",\"width\":512,\"height\":512,\"caption\":\"Gerardmer Info\"},\"image\":{\"@id\":\"https:\/\/vosgesinfo.fr\/gerardmerinfo\/#\/schema\/logo\/image\/\"},\"sameAs\":[\"https:\/\/www.facebook.com\/profile.php?id=100049475262660\",\"https:\/\/x.com\/VosgesInfo88\",\"https:\/\/www.youtube.com\/@vosgesinfo\"]},{\"@type\":\"Person\",\"@id\":\"https:\/\/vosgesinfo.fr\/gerardmerinfo\/#\/schema\/person\/db5605779a843dad16b5368f3e7613a5\",\"name\":\"QG\",\"image\":{\"@type\":\"ImageObject\",\"inLanguage\":\"fr-FR\",\"@id\":\"https:\/\/vosgesinfo.fr\/gerardmerinfo\/#\/schema\/person\/image\/\",\"url\":\"https:\/\/secure.gravatar.com\/avatar\/ea80c42c204b534408512832fde52504ecabb9706bcb6151cf6175e5b64e6793?s=96&d=mm&r=g\",\"contentUrl\":\"https:\/\/secure.gravatar.com\/avatar\/ea80c42c204b534408512832fde52504ecabb9706bcb6151cf6175e5b64e6793?s=96&d=mm&r=g\",\"caption\":\"QG\"},\"url\":\"https:\/\/vosgesinfo.fr\/gerardmerinfo\/author\/quentin88\/\"}]}<\/script>\n<!-- \/ Yoast SEO plugin. -->","yoast_head_json":{"title":"Petit moment de \"Flottement\" avec Florence Grivot - Gerardmer Info","robots":{"index":"index","follow":"follow","max-snippet":"max-snippet:-1","max-image-preview":"max-image-preview:large","max-video-preview":"max-video-preview:-1"},"canonical":"https:\/\/vosgesinfo.fr\/gerardmerinfo\/2017\/02\/petit-moment-de-flottement-florence-grivot\/","twitter_card":"summary_large_image","twitter_title":"Petit moment de \"Flottement\" avec Florence Grivot - Gerardmer Info","twitter_description":"La Saison 2016-2017 de la galerie de la MCL se poursuit avec l\u2019exposition\u00a0\u00ab Flottement \u00bb\u00a0de Florence Grivot qui sera visible [&hellip;]","twitter_image":"https:\/\/vosgesinfo.fr\/app\/uploads\/sites\/6\/2024\/07\/201702expo-flotttement.jpg","twitter_creator":"@VosgesInfo88","twitter_site":"@VosgesInfo88","twitter_misc":{"\u00c9crit par":"QG","Dur\u00e9e de lecture estim\u00e9e":"2 minutes"},"schema":{"@context":"https:\/\/schema.org","@graph":[{"@type":"Article","@id":"https:\/\/vosgesinfo.fr\/gerardmerinfo\/2017\/02\/petit-moment-de-flottement-florence-grivot\/#article","isPartOf":{"@id":"https:\/\/vosgesinfo.fr\/gerardmerinfo\/2017\/02\/petit-moment-de-flottement-florence-grivot\/"},"author":{"name":"QG","@id":"https:\/\/vosgesinfo.fr\/gerardmerinfo\/#\/schema\/person\/db5605779a843dad16b5368f3e7613a5"},"headline":"Petit moment de \u00ab\u00a0Flottement\u00a0\u00bb avec Florence Grivot","datePublished":"2017-02-11T16:08:19+00:00","dateModified":"2017-02-11T16:08:19+00:00","mainEntityOfPage":{"@id":"https:\/\/vosgesinfo.fr\/gerardmerinfo\/2017\/02\/petit-moment-de-flottement-florence-grivot\/"},"wordCount":420,"commentCount":0,"publisher":{"@id":"https:\/\/vosgesinfo.fr\/gerardmerinfo\/#organization"},"image":{"@id":"https:\/\/vosgesinfo.fr\/gerardmerinfo\/2017\/02\/petit-moment-de-flottement-florence-grivot\/#primaryimage"},"thumbnailUrl":"https:\/\/vosgesinfo.fr\/app\/uploads\/sites\/6\/2024\/07\/201702expo-flotttement.jpg","keywords":["exposition","florence grivot","MCL G\u00e9rardmer"],"articleSection":["A la une","Culture"],"inLanguage":"fr-FR","potentialAction":[{"@type":"CommentAction","name":"Comment","target":["https:\/\/vosgesinfo.fr\/gerardmerinfo\/2017\/02\/petit-moment-de-flottement-florence-grivot\/#respond"]}]},{"@type":"WebPage","@id":"https:\/\/vosgesinfo.fr\/gerardmerinfo\/2017\/02\/petit-moment-de-flottement-florence-grivot\/","url":"https:\/\/vosgesinfo.fr\/gerardmerinfo\/2017\/02\/petit-moment-de-flottement-florence-grivot\/","name":"Petit moment de \"Flottement\" avec Florence Grivot - Gerardmer Info","isPartOf":{"@id":"https:\/\/vosgesinfo.fr\/gerardmerinfo\/#website"},"primaryImageOfPage":{"@id":"https:\/\/vosgesinfo.fr\/gerardmerinfo\/2017\/02\/petit-moment-de-flottement-florence-grivot\/#primaryimage"},"image":{"@id":"https:\/\/vosgesinfo.fr\/gerardmerinfo\/2017\/02\/petit-moment-de-flottement-florence-grivot\/#primaryimage"},"thumbnailUrl":"https:\/\/vosgesinfo.fr\/app\/uploads\/sites\/6\/2024\/07\/201702expo-flotttement.jpg","datePublished":"2017-02-11T16:08:19+00:00","dateModified":"2017-02-11T16:08:19+00:00","breadcrumb":{"@id":"https:\/\/vosgesinfo.fr\/gerardmerinfo\/2017\/02\/petit-moment-de-flottement-florence-grivot\/#breadcrumb"},"inLanguage":"fr-FR","potentialAction":[{"@type":"ReadAction","target":["https:\/\/vosgesinfo.fr\/gerardmerinfo\/2017\/02\/petit-moment-de-flottement-florence-grivot\/"]}]},{"@type":"ImageObject","inLanguage":"fr-FR","@id":"https:\/\/vosgesinfo.fr\/gerardmerinfo\/2017\/02\/petit-moment-de-flottement-florence-grivot\/#primaryimage","url":"https:\/\/vosgesinfo.fr\/app\/uploads\/sites\/6\/2024\/07\/201702expo-flotttement.jpg","contentUrl":"https:\/\/vosgesinfo.fr\/app\/uploads\/sites\/6\/2024\/07\/201702expo-flotttement.jpg","width":800,"height":450},{"@type":"BreadcrumbList","@id":"https:\/\/vosgesinfo.fr\/gerardmerinfo\/2017\/02\/petit-moment-de-flottement-florence-grivot\/#breadcrumb","itemListElement":[{"@type":"ListItem","position":1,"name":"Home","item":"https:\/\/vosgesinfo.fr\/gerardmerinfo\/"},{"@type":"ListItem","position":2,"name":"Petit moment de \u00ab\u00a0Flottement\u00a0\u00bb avec Florence Grivot"}]},{"@type":"WebSite","@id":"https:\/\/vosgesinfo.fr\/gerardmerinfo\/#website","url":"https:\/\/vosgesinfo.fr\/gerardmerinfo\/","name":"Gerardmer Info","description":"Toute l&#039;actualit\u00e9 de G\u00e9rardmer","publisher":{"@id":"https:\/\/vosgesinfo.fr\/gerardmerinfo\/#organization"},"alternateName":"Toute l'actualit\u00e9 de G\u00e9rardmer","potentialAction":[{"@type":"SearchAction","target":{"@type":"EntryPoint","urlTemplate":"https:\/\/vosgesinfo.fr\/gerardmerinfo\/?s={search_term_string}"},"query-input":"required name=search_term_string"}],"inLanguage":"fr-FR"},{"@type":"Organization","@id":"https:\/\/vosgesinfo.fr\/gerardmerinfo\/#organization","name":"Gerardmer Info","url":"https:\/\/vosgesinfo.fr\/gerardmerinfo\/","logo":{"@type":"ImageObject","inLanguage":"fr-FR","@id":"https:\/\/vosgesinfo.fr\/gerardmerinfo\/#\/schema\/logo\/image\/","url":"https:\/\/vosgesinfo.fr\/app\/uploads\/sites\/6\/2023\/08\/favicon-gerardmerinfo.png","contentUrl":"https:\/\/vosgesinfo.fr\/app\/uploads\/sites\/6\/2023\/08\/favicon-gerardmerinfo.png","width":512,"height":512,"caption":"Gerardmer Info"},"image":{"@id":"https:\/\/vosgesinfo.fr\/gerardmerinfo\/#\/schema\/logo\/image\/"},"sameAs":["https:\/\/www.facebook.com\/profile.php?id=100049475262660","https:\/\/x.com\/VosgesInfo88","https:\/\/www.youtube.com\/@vosgesinfo"]},{"@type":"Person","@id":"https:\/\/vosgesinfo.fr\/gerardmerinfo\/#\/schema\/person\/db5605779a843dad16b5368f3e7613a5","name":"QG","image":{"@type":"ImageObject","inLanguage":"fr-FR","@id":"https:\/\/vosgesinfo.fr\/gerardmerinfo\/#\/schema\/person\/image\/","url":"https:\/\/secure.gravatar.com\/avatar\/ea80c42c204b534408512832fde52504ecabb9706bcb6151cf6175e5b64e6793?s=96&d=mm&r=g","contentUrl":"https:\/\/secure.gravatar.com\/avatar\/ea80c42c204b534408512832fde52504ecabb9706bcb6151cf6175e5b64e6793?s=96&d=mm&r=g","caption":"QG"},"url":"https:\/\/vosgesinfo.fr\/gerardmerinfo\/author\/quentin88\/"}]}},"_links":{"self":[{"href":"https:\/\/vosgesinfo.fr\/gerardmerinfo\/wp-json\/wp\/v2\/posts\/24333","targetHints":{"allow":["GET"]}}],"collection":[{"href":"https:\/\/vosgesinfo.fr\/gerardmerinfo\/wp-json\/wp\/v2\/posts"}],"about":[{"href":"https:\/\/vosgesinfo.fr\/gerardmerinfo\/wp-json\/wp\/v2\/types\/post"}],"author":[{"embeddable":true,"href":"https:\/\/vosgesinfo.fr\/gerardmerinfo\/wp-json\/wp\/v2\/users\/42"}],"replies":[{"embeddable":true,"href":"https:\/\/vosgesinfo.fr\/gerardmerinfo\/wp-json\/wp\/v2\/comments?post=24333"}],"version-history":[{"count":0,"href":"https:\/\/vosgesinfo.fr\/gerardmerinfo\/wp-json\/wp\/v2\/posts\/24333\/revisions"}],"wp:featuredmedia":[{"embeddable":true,"href":"https:\/\/vosgesinfo.fr\/gerardmerinfo\/wp-json\/wp\/v2\/media\/24334"}],"wp:attachment":[{"href":"https:\/\/vosgesinfo.fr\/gerardmerinfo\/wp-json\/wp\/v2\/media?parent=24333"}],"wp:term":[{"taxonomy":"category","embeddable":true,"href":"https:\/\/vosgesinfo.fr\/gerardmerinfo\/wp-json\/wp\/v2\/categories?post=24333"},{"taxonomy":"post_tag","embeddable":true,"href":"https:\/\/vosgesinfo.fr\/gerardmerinfo\/wp-json\/wp\/v2\/tags?post=24333"}],"curies":[{"name":"wp","href":"https:\/\/api.w.org\/{rel}","templated":true}]}}