{"id":24815,"date":"2017-03-08T16:58:45","date_gmt":"2017-03-08T15:58:45","guid":{"rendered":"https:\/\/vosgesinfo.fr\/gerardmerinfo\/2017\/03\/changement-a-presidence-club-vosgien\/"},"modified":"2017-03-08T16:58:45","modified_gmt":"2017-03-08T15:58:45","slug":"changement-a-presidence-club-vosgien","status":"publish","type":"post","link":"https:\/\/vosgesinfo.fr\/gerardmerinfo\/2017\/03\/changement-a-presidence-club-vosgien\/","title":{"rendered":"Du changement \u00e0 la pr\u00e9sidence du Club Vosgien"},"content":{"rendered":"<p><strong>Suite \u00e0 la derni\u00e8re assembl\u00e9e g\u00e9n\u00e9rale du Club Vosgien en date du 22 Janvier 2017 en Mairie de GERARDMER, il a \u00e9t\u00e9 proc\u00e9d\u00e9 au renouvellement des membres du Comit\u00e9. Patrick Roux\u00a0 a ainsi \u00e9t\u00e9 \u00e9lu au poste de pr\u00e9sident de l&rsquo;association. Brigitte Chouani\u00e8re a \u00e9galement rejoint \u00a0le bureau au poste de secr\u00e9taire suite au d\u00e9part de Josie Bravo, \u00e9pouse de Fran\u00e7ois Bravo, pr\u00e9sident sortant du club.<\/strong><\/p>\n<p style=\"text-align: center;\"><strong>Le mot du nouveau pr\u00e9sident :<\/strong><\/p>\n<p><a href=\"\/2017\/03\/Patrick-R.-1.jpg\"><img decoding=\"async\" class=\"alignright wp-image-104344\" src=\"\/2017\/03\/Patrick-R.-1.jpg\" alt=\"Patrick R. (1)\" width=\"333\" height=\"363\" \/><\/a>\u00ab\u00a0<em>Pour cette premi\u00e8re occasion qui m\u2019est offerte depuis ma prise de fonction en F\u00e9vrier, je tiens \u00e0 rendre un hommage particulier \u00e0 tous les acteurs du club vosgien de G\u00e9rardmer, qui depuis de nombreuses ann\u00e9es \u00e0 nos jours, de par l\u2019excellence de leurs travaux et leur d\u00e9termination sans faille, ont conf\u00e9r\u00e9 \u00e0 notre magnifique association, une \u00e9minente notori\u00e9t\u00e9 dont nous sommes aujourd\u2019hui les heureux h\u00e9ritiers.<\/em><\/p>\n<p><em>L\u2019h\u00e9ritage est magnifique mais n\u2019oublions pas notre devoir de reprendre et de porter bien haut le flambeau avant de le retransmettre \u00e0 notre tour. Ainsi, nous devons notamment trouver des solutions pour faire face \u00e0 la crise du b\u00e9n\u00e9volat, au contournement des responsabilit\u00e9s, aux \u00e9volutions technologiques, aux souhaits croissants de nos membres.<\/em><\/p>\n<p><em>C\u2019est le d\u00e9fi \u00e0 relever par beaucoup d\u2019associations, le Club Vosgien n\u2019y \u00e9chappe pas. Les prochains mois seront rythm\u00e9s par des manifestations importantes (habituelles et peut-\u00eatre nouvelles) que nous devrons effectuer et piloter avec des ressources humaines en diminution.<\/em><\/p>\n<p><em>Vous l\u2019avez compris, nous devons tous retrousser les manches ; nous devons trouver une organisation plus en phase avec notre \u00e9poque je pense aux nouvelles technologies, partir \u00e0 la conqu\u00eate de nouveaux membres (dont des jeunes et dynamiques), et parmi ceux-ci trouver de nouveaux profils d\u2019organisateurs pour piloter cette belle association qu\u2019est le Club Vosgien et \u00e9pauler le Comit\u00e9, sans oublier de susciter et de d\u00e9tecter de nouveaux talents pour devenir guides de randonn\u00e9es p\u00e9destres et animateurs d\u2019autres activit\u00e9s.<\/em><\/p>\n<p><em>La t\u00e2che est difficile et ne peut-\u00eatre que collective.<\/em><\/p>\n<p><em>Je compte sur votre mobilisation et votre efficacit\u00e9 pour trouver les ressources qualitatives et quantitatives dont nous avons besoin afin que dans le domaine de la randonn\u00e9e notre institution demeure la r\u00e9f\u00e9rence incontestable et envi\u00e9e.<\/em><\/p>\n<p><em>D\u2019avance, je vous remercie pour vos r\u00e9sultats que je souhaite prolifiques et qui seront d\u00e9terminants pour continuer \u00e0 dynamiser le Club Vosgien de G\u00e9rardmer.<\/em>\u00a0\u00bb<\/p>\n<p>&nbsp;<\/p>\n<p><strong>Club Vosgien G\u00e9rardmer : 8 rue du Xett\u00e9 &#8211; 88400 G\u00e9rardmer<\/strong><\/p>\n<p><strong>Contact : 06.32.45.61.37.<\/strong><\/p>\n","protected":false},"excerpt":{"rendered":"<p>Suite \u00e0 la derni\u00e8re assembl\u00e9e g\u00e9n\u00e9rale du Club Vosgien en date du 22 Janvier 2017 en Mairie de GERARDMER, il [&hellip;]<\/p>\n","protected":false},"author":42,"featured_media":24816,"comment_status":"open","ping_status":"open","sticky":false,"template":"","format":"standard","meta":{"footnotes":""},"categories":[20,14,17],"tags":[2361,195],"class_list":["post-24815","post","type-post","status-publish","format-standard","has-post-thumbnail","hentry","category-a-la-une","category-sport","category-vie-associative","tag-club-vosgien","tag-patrick-roux"],"acf":[],"yoast_head":"<!-- This site is optimized with the Yoast SEO plugin v22.5 - https:\/\/yoast.com\/wordpress\/plugins\/seo\/ -->\n<title>Du changement \u00e0 la pr\u00e9sidence du Club Vosgien - Gerardmer Info<\/title>\n<meta name=\"robots\" content=\"index, follow, max-snippet:-1, max-image-preview:large, max-video-preview:-1\" \/>\n<link rel=\"canonical\" href=\"https:\/\/vosgesinfo.fr\/gerardmerinfo\/2017\/03\/changement-a-presidence-club-vosgien\/\" \/>\n<meta name=\"twitter:card\" content=\"summary_large_image\" \/>\n<meta name=\"twitter:title\" content=\"Du changement \u00e0 la pr\u00e9sidence du Club Vosgien - Gerardmer Info\" \/>\n<meta name=\"twitter:description\" content=\"Suite \u00e0 la derni\u00e8re assembl\u00e9e g\u00e9n\u00e9rale du Club Vosgien en date du 22 Janvier 2017 en Mairie de GERARDMER, il [&hellip;]\" \/>\n<meta name=\"twitter:image\" content=\"https:\/\/vosgesinfo.fr\/app\/uploads\/sites\/6\/2024\/07\/201703patrick-r.-2.jpg\" \/>\n<meta name=\"twitter:creator\" content=\"@VosgesInfo88\" \/>\n<meta name=\"twitter:site\" content=\"@VosgesInfo88\" \/>\n<meta name=\"twitter:label1\" content=\"\u00c9crit par\" \/>\n\t<meta name=\"twitter:data1\" content=\"QG\" \/>\n\t<meta name=\"twitter:label2\" content=\"Dur\u00e9e de lecture estim\u00e9e\" \/>\n\t<meta name=\"twitter:data2\" content=\"2 minutes\" \/>\n<script type=\"application\/ld+json\" class=\"yoast-schema-graph\">{\"@context\":\"https:\/\/schema.org\",\"@graph\":[{\"@type\":\"Article\",\"@id\":\"https:\/\/vosgesinfo.fr\/gerardmerinfo\/2017\/03\/changement-a-presidence-club-vosgien\/#article\",\"isPartOf\":{\"@id\":\"https:\/\/vosgesinfo.fr\/gerardmerinfo\/2017\/03\/changement-a-presidence-club-vosgien\/\"},\"author\":{\"name\":\"QG\",\"@id\":\"https:\/\/vosgesinfo.fr\/gerardmerinfo\/#\/schema\/person\/db5605779a843dad16b5368f3e7613a5\"},\"headline\":\"Du changement \u00e0 la pr\u00e9sidence du Club Vosgien\",\"datePublished\":\"2017-03-08T15:58:45+00:00\",\"dateModified\":\"2017-03-08T15:58:45+00:00\",\"mainEntityOfPage\":{\"@id\":\"https:\/\/vosgesinfo.fr\/gerardmerinfo\/2017\/03\/changement-a-presidence-club-vosgien\/\"},\"wordCount\":436,\"commentCount\":0,\"publisher\":{\"@id\":\"https:\/\/vosgesinfo.fr\/gerardmerinfo\/#organization\"},\"image\":{\"@id\":\"https:\/\/vosgesinfo.fr\/gerardmerinfo\/2017\/03\/changement-a-presidence-club-vosgien\/#primaryimage\"},\"thumbnailUrl\":\"https:\/\/vosgesinfo.fr\/app\/uploads\/sites\/6\/2024\/07\/201703patrick-r.-2.jpg\",\"keywords\":[\"club vosgien\",\"Patrick roux\"],\"articleSection\":[\"A la une\",\"Sport\",\"Vie Associative\"],\"inLanguage\":\"fr-FR\",\"potentialAction\":[{\"@type\":\"CommentAction\",\"name\":\"Comment\",\"target\":[\"https:\/\/vosgesinfo.fr\/gerardmerinfo\/2017\/03\/changement-a-presidence-club-vosgien\/#respond\"]}]},{\"@type\":\"WebPage\",\"@id\":\"https:\/\/vosgesinfo.fr\/gerardmerinfo\/2017\/03\/changement-a-presidence-club-vosgien\/\",\"url\":\"https:\/\/vosgesinfo.fr\/gerardmerinfo\/2017\/03\/changement-a-presidence-club-vosgien\/\",\"name\":\"Du changement \u00e0 la pr\u00e9sidence du Club Vosgien - Gerardmer Info\",\"isPartOf\":{\"@id\":\"https:\/\/vosgesinfo.fr\/gerardmerinfo\/#website\"},\"primaryImageOfPage\":{\"@id\":\"https:\/\/vosgesinfo.fr\/gerardmerinfo\/2017\/03\/changement-a-presidence-club-vosgien\/#primaryimage\"},\"image\":{\"@id\":\"https:\/\/vosgesinfo.fr\/gerardmerinfo\/2017\/03\/changement-a-presidence-club-vosgien\/#primaryimage\"},\"thumbnailUrl\":\"https:\/\/vosgesinfo.fr\/app\/uploads\/sites\/6\/2024\/07\/201703patrick-r.-2.jpg\",\"datePublished\":\"2017-03-08T15:58:45+00:00\",\"dateModified\":\"2017-03-08T15:58:45+00:00\",\"breadcrumb\":{\"@id\":\"https:\/\/vosgesinfo.fr\/gerardmerinfo\/2017\/03\/changement-a-presidence-club-vosgien\/#breadcrumb\"},\"inLanguage\":\"fr-FR\",\"potentialAction\":[{\"@type\":\"ReadAction\",\"target\":[\"https:\/\/vosgesinfo.fr\/gerardmerinfo\/2017\/03\/changement-a-presidence-club-vosgien\/\"]}]},{\"@type\":\"ImageObject\",\"inLanguage\":\"fr-FR\",\"@id\":\"https:\/\/vosgesinfo.fr\/gerardmerinfo\/2017\/03\/changement-a-presidence-club-vosgien\/#primaryimage\",\"url\":\"https:\/\/vosgesinfo.fr\/app\/uploads\/sites\/6\/2024\/07\/201703patrick-r.-2.jpg\",\"contentUrl\":\"https:\/\/vosgesinfo.fr\/app\/uploads\/sites\/6\/2024\/07\/201703patrick-r.-2.jpg\",\"width\":800,\"height\":533},{\"@type\":\"BreadcrumbList\",\"@id\":\"https:\/\/vosgesinfo.fr\/gerardmerinfo\/2017\/03\/changement-a-presidence-club-vosgien\/#breadcrumb\",\"itemListElement\":[{\"@type\":\"ListItem\",\"position\":1,\"name\":\"Home\",\"item\":\"https:\/\/vosgesinfo.fr\/gerardmerinfo\/\"},{\"@type\":\"ListItem\",\"position\":2,\"name\":\"Du changement \u00e0 la pr\u00e9sidence du Club Vosgien\"}]},{\"@type\":\"WebSite\",\"@id\":\"https:\/\/vosgesinfo.fr\/gerardmerinfo\/#website\",\"url\":\"https:\/\/vosgesinfo.fr\/gerardmerinfo\/\",\"name\":\"Gerardmer Info\",\"description\":\"Toute l&#039;actualit\u00e9 de G\u00e9rardmer\",\"publisher\":{\"@id\":\"https:\/\/vosgesinfo.fr\/gerardmerinfo\/#organization\"},\"alternateName\":\"Toute l'actualit\u00e9 de G\u00e9rardmer\",\"potentialAction\":[{\"@type\":\"SearchAction\",\"target\":{\"@type\":\"EntryPoint\",\"urlTemplate\":\"https:\/\/vosgesinfo.fr\/gerardmerinfo\/?s={search_term_string}\"},\"query-input\":\"required name=search_term_string\"}],\"inLanguage\":\"fr-FR\"},{\"@type\":\"Organization\",\"@id\":\"https:\/\/vosgesinfo.fr\/gerardmerinfo\/#organization\",\"name\":\"Gerardmer Info\",\"url\":\"https:\/\/vosgesinfo.fr\/gerardmerinfo\/\",\"logo\":{\"@type\":\"ImageObject\",\"inLanguage\":\"fr-FR\",\"@id\":\"https:\/\/vosgesinfo.fr\/gerardmerinfo\/#\/schema\/logo\/image\/\",\"url\":\"https:\/\/vosgesinfo.fr\/app\/uploads\/sites\/6\/2023\/08\/favicon-gerardmerinfo.png\",\"contentUrl\":\"https:\/\/vosgesinfo.fr\/app\/uploads\/sites\/6\/2023\/08\/favicon-gerardmerinfo.png\",\"width\":512,\"height\":512,\"caption\":\"Gerardmer Info\"},\"image\":{\"@id\":\"https:\/\/vosgesinfo.fr\/gerardmerinfo\/#\/schema\/logo\/image\/\"},\"sameAs\":[\"https:\/\/www.facebook.com\/profile.php?id=100049475262660\",\"https:\/\/x.com\/VosgesInfo88\",\"https:\/\/www.youtube.com\/@vosgesinfo\"]},{\"@type\":\"Person\",\"@id\":\"https:\/\/vosgesinfo.fr\/gerardmerinfo\/#\/schema\/person\/db5605779a843dad16b5368f3e7613a5\",\"name\":\"QG\",\"image\":{\"@type\":\"ImageObject\",\"inLanguage\":\"fr-FR\",\"@id\":\"https:\/\/vosgesinfo.fr\/gerardmerinfo\/#\/schema\/person\/image\/\",\"url\":\"https:\/\/secure.gravatar.com\/avatar\/ea80c42c204b534408512832fde52504ecabb9706bcb6151cf6175e5b64e6793?s=96&d=mm&r=g\",\"contentUrl\":\"https:\/\/secure.gravatar.com\/avatar\/ea80c42c204b534408512832fde52504ecabb9706bcb6151cf6175e5b64e6793?s=96&d=mm&r=g\",\"caption\":\"QG\"},\"url\":\"https:\/\/vosgesinfo.fr\/gerardmerinfo\/author\/quentin88\/\"}]}<\/script>\n<!-- \/ Yoast SEO plugin. -->","yoast_head_json":{"title":"Du changement \u00e0 la pr\u00e9sidence du Club Vosgien - Gerardmer Info","robots":{"index":"index","follow":"follow","max-snippet":"max-snippet:-1","max-image-preview":"max-image-preview:large","max-video-preview":"max-video-preview:-1"},"canonical":"https:\/\/vosgesinfo.fr\/gerardmerinfo\/2017\/03\/changement-a-presidence-club-vosgien\/","twitter_card":"summary_large_image","twitter_title":"Du changement \u00e0 la pr\u00e9sidence du Club Vosgien - Gerardmer Info","twitter_description":"Suite \u00e0 la derni\u00e8re assembl\u00e9e g\u00e9n\u00e9rale du Club Vosgien en date du 22 Janvier 2017 en Mairie de GERARDMER, il [&hellip;]","twitter_image":"https:\/\/vosgesinfo.fr\/app\/uploads\/sites\/6\/2024\/07\/201703patrick-r.-2.jpg","twitter_creator":"@VosgesInfo88","twitter_site":"@VosgesInfo88","twitter_misc":{"\u00c9crit par":"QG","Dur\u00e9e de lecture estim\u00e9e":"2 minutes"},"schema":{"@context":"https:\/\/schema.org","@graph":[{"@type":"Article","@id":"https:\/\/vosgesinfo.fr\/gerardmerinfo\/2017\/03\/changement-a-presidence-club-vosgien\/#article","isPartOf":{"@id":"https:\/\/vosgesinfo.fr\/gerardmerinfo\/2017\/03\/changement-a-presidence-club-vosgien\/"},"author":{"name":"QG","@id":"https:\/\/vosgesinfo.fr\/gerardmerinfo\/#\/schema\/person\/db5605779a843dad16b5368f3e7613a5"},"headline":"Du changement \u00e0 la pr\u00e9sidence du Club Vosgien","datePublished":"2017-03-08T15:58:45+00:00","dateModified":"2017-03-08T15:58:45+00:00","mainEntityOfPage":{"@id":"https:\/\/vosgesinfo.fr\/gerardmerinfo\/2017\/03\/changement-a-presidence-club-vosgien\/"},"wordCount":436,"commentCount":0,"publisher":{"@id":"https:\/\/vosgesinfo.fr\/gerardmerinfo\/#organization"},"image":{"@id":"https:\/\/vosgesinfo.fr\/gerardmerinfo\/2017\/03\/changement-a-presidence-club-vosgien\/#primaryimage"},"thumbnailUrl":"https:\/\/vosgesinfo.fr\/app\/uploads\/sites\/6\/2024\/07\/201703patrick-r.-2.jpg","keywords":["club vosgien","Patrick roux"],"articleSection":["A la une","Sport","Vie Associative"],"inLanguage":"fr-FR","potentialAction":[{"@type":"CommentAction","name":"Comment","target":["https:\/\/vosgesinfo.fr\/gerardmerinfo\/2017\/03\/changement-a-presidence-club-vosgien\/#respond"]}]},{"@type":"WebPage","@id":"https:\/\/vosgesinfo.fr\/gerardmerinfo\/2017\/03\/changement-a-presidence-club-vosgien\/","url":"https:\/\/vosgesinfo.fr\/gerardmerinfo\/2017\/03\/changement-a-presidence-club-vosgien\/","name":"Du changement \u00e0 la pr\u00e9sidence du Club Vosgien - Gerardmer Info","isPartOf":{"@id":"https:\/\/vosgesinfo.fr\/gerardmerinfo\/#website"},"primaryImageOfPage":{"@id":"https:\/\/vosgesinfo.fr\/gerardmerinfo\/2017\/03\/changement-a-presidence-club-vosgien\/#primaryimage"},"image":{"@id":"https:\/\/vosgesinfo.fr\/gerardmerinfo\/2017\/03\/changement-a-presidence-club-vosgien\/#primaryimage"},"thumbnailUrl":"https:\/\/vosgesinfo.fr\/app\/uploads\/sites\/6\/2024\/07\/201703patrick-r.-2.jpg","datePublished":"2017-03-08T15:58:45+00:00","dateModified":"2017-03-08T15:58:45+00:00","breadcrumb":{"@id":"https:\/\/vosgesinfo.fr\/gerardmerinfo\/2017\/03\/changement-a-presidence-club-vosgien\/#breadcrumb"},"inLanguage":"fr-FR","potentialAction":[{"@type":"ReadAction","target":["https:\/\/vosgesinfo.fr\/gerardmerinfo\/2017\/03\/changement-a-presidence-club-vosgien\/"]}]},{"@type":"ImageObject","inLanguage":"fr-FR","@id":"https:\/\/vosgesinfo.fr\/gerardmerinfo\/2017\/03\/changement-a-presidence-club-vosgien\/#primaryimage","url":"https:\/\/vosgesinfo.fr\/app\/uploads\/sites\/6\/2024\/07\/201703patrick-r.-2.jpg","contentUrl":"https:\/\/vosgesinfo.fr\/app\/uploads\/sites\/6\/2024\/07\/201703patrick-r.-2.jpg","width":800,"height":533},{"@type":"BreadcrumbList","@id":"https:\/\/vosgesinfo.fr\/gerardmerinfo\/2017\/03\/changement-a-presidence-club-vosgien\/#breadcrumb","itemListElement":[{"@type":"ListItem","position":1,"name":"Home","item":"https:\/\/vosgesinfo.fr\/gerardmerinfo\/"},{"@type":"ListItem","position":2,"name":"Du changement \u00e0 la pr\u00e9sidence du Club Vosgien"}]},{"@type":"WebSite","@id":"https:\/\/vosgesinfo.fr\/gerardmerinfo\/#website","url":"https:\/\/vosgesinfo.fr\/gerardmerinfo\/","name":"Gerardmer Info","description":"Toute l&#039;actualit\u00e9 de G\u00e9rardmer","publisher":{"@id":"https:\/\/vosgesinfo.fr\/gerardmerinfo\/#organization"},"alternateName":"Toute l'actualit\u00e9 de G\u00e9rardmer","potentialAction":[{"@type":"SearchAction","target":{"@type":"EntryPoint","urlTemplate":"https:\/\/vosgesinfo.fr\/gerardmerinfo\/?s={search_term_string}"},"query-input":"required name=search_term_string"}],"inLanguage":"fr-FR"},{"@type":"Organization","@id":"https:\/\/vosgesinfo.fr\/gerardmerinfo\/#organization","name":"Gerardmer Info","url":"https:\/\/vosgesinfo.fr\/gerardmerinfo\/","logo":{"@type":"ImageObject","inLanguage":"fr-FR","@id":"https:\/\/vosgesinfo.fr\/gerardmerinfo\/#\/schema\/logo\/image\/","url":"https:\/\/vosgesinfo.fr\/app\/uploads\/sites\/6\/2023\/08\/favicon-gerardmerinfo.png","contentUrl":"https:\/\/vosgesinfo.fr\/app\/uploads\/sites\/6\/2023\/08\/favicon-gerardmerinfo.png","width":512,"height":512,"caption":"Gerardmer Info"},"image":{"@id":"https:\/\/vosgesinfo.fr\/gerardmerinfo\/#\/schema\/logo\/image\/"},"sameAs":["https:\/\/www.facebook.com\/profile.php?id=100049475262660","https:\/\/x.com\/VosgesInfo88","https:\/\/www.youtube.com\/@vosgesinfo"]},{"@type":"Person","@id":"https:\/\/vosgesinfo.fr\/gerardmerinfo\/#\/schema\/person\/db5605779a843dad16b5368f3e7613a5","name":"QG","image":{"@type":"ImageObject","inLanguage":"fr-FR","@id":"https:\/\/vosgesinfo.fr\/gerardmerinfo\/#\/schema\/person\/image\/","url":"https:\/\/secure.gravatar.com\/avatar\/ea80c42c204b534408512832fde52504ecabb9706bcb6151cf6175e5b64e6793?s=96&d=mm&r=g","contentUrl":"https:\/\/secure.gravatar.com\/avatar\/ea80c42c204b534408512832fde52504ecabb9706bcb6151cf6175e5b64e6793?s=96&d=mm&r=g","caption":"QG"},"url":"https:\/\/vosgesinfo.fr\/gerardmerinfo\/author\/quentin88\/"}]}},"_links":{"self":[{"href":"https:\/\/vosgesinfo.fr\/gerardmerinfo\/wp-json\/wp\/v2\/posts\/24815","targetHints":{"allow":["GET"]}}],"collection":[{"href":"https:\/\/vosgesinfo.fr\/gerardmerinfo\/wp-json\/wp\/v2\/posts"}],"about":[{"href":"https:\/\/vosgesinfo.fr\/gerardmerinfo\/wp-json\/wp\/v2\/types\/post"}],"author":[{"embeddable":true,"href":"https:\/\/vosgesinfo.fr\/gerardmerinfo\/wp-json\/wp\/v2\/users\/42"}],"replies":[{"embeddable":true,"href":"https:\/\/vosgesinfo.fr\/gerardmerinfo\/wp-json\/wp\/v2\/comments?post=24815"}],"version-history":[{"count":0,"href":"https:\/\/vosgesinfo.fr\/gerardmerinfo\/wp-json\/wp\/v2\/posts\/24815\/revisions"}],"wp:featuredmedia":[{"embeddable":true,"href":"https:\/\/vosgesinfo.fr\/gerardmerinfo\/wp-json\/wp\/v2\/media\/24816"}],"wp:attachment":[{"href":"https:\/\/vosgesinfo.fr\/gerardmerinfo\/wp-json\/wp\/v2\/media?parent=24815"}],"wp:term":[{"taxonomy":"category","embeddable":true,"href":"https:\/\/vosgesinfo.fr\/gerardmerinfo\/wp-json\/wp\/v2\/categories?post=24815"},{"taxonomy":"post_tag","embeddable":true,"href":"https:\/\/vosgesinfo.fr\/gerardmerinfo\/wp-json\/wp\/v2\/tags?post=24815"}],"curies":[{"name":"wp","href":"https:\/\/api.w.org\/{rel}","templated":true}]}}