{"id":24823,"date":"2017-03-08T16:57:28","date_gmt":"2017-03-08T15:57:28","guid":{"rendered":"https:\/\/vosgesinfo.fr\/gerardmerinfo\/2017\/03\/municipalite-recoit-collegiens-allemands\/"},"modified":"2017-03-08T16:57:28","modified_gmt":"2017-03-08T15:57:28","slug":"municipalite-recoit-collegiens-allemands","status":"publish","type":"post","link":"https:\/\/vosgesinfo.fr\/gerardmerinfo\/2017\/03\/municipalite-recoit-collegiens-allemands\/","title":{"rendered":"La Municipalit\u00e9 re\u00e7oit des coll\u00e9giens Allemands"},"content":{"rendered":"<p><strong><a href=\"\/2017\/03\/echange-coll\u00e9giens-Allemands-la-haie-Griselle.jpeg\"><img decoding=\"async\" class=\"aligncenter size-full wp-image-104355\" src=\"\/2017\/03\/echange-coll\u00e9giens-Allemands-la-haie-Griselle.jpeg\" alt=\"echange coll\u00e9giens Allemands - la haie Griselle\" width=\"800\" height=\"534\" \/><\/a>Ce mardi 7 Mars, la Commune de G\u00e9rardmer a accueilli \u00e0 l\u2019H\u00f4tel de Ville, un groupe de coll\u00e9giens allemands de la Ville de Hanovre, venus dans le cadre d&rsquo;un nouvel \u00e9change avec une classe de 3\u00e8me du coll\u00e8ge de la Haie Griselle.<\/strong><\/p>\n<p>Pendant leur s\u00e9jour, ils sont encadr\u00e9s par leurs deux enseignantes allemandes Mmes HOELSCHER et AHLBORN. Cet \u00e9change est quant \u00e0 lui \u00e0 l\u2019initiative de Mme HARY, professeur d&rsquo;allemand \u00e0 G\u00e9rardmer. Lors de leur visite \u00e0 l&rsquo;H\u00f4tel de Ville, l\u2019adjointe \u00e0 l\u2019\u00e9ducation et \u00e0 la jeunesse Marie-Rose BRIOT a offert au nom de la municipalit\u00e9 des cadeaux aux 19 jeunes ainsi que le traditionnel verre de l\u2019amiti\u00e9.<\/p>\n","protected":false},"excerpt":{"rendered":"<p>Ce mardi 7 Mars, la Commune de G\u00e9rardmer a accueilli \u00e0 l\u2019H\u00f4tel de Ville, un groupe de coll\u00e9giens allemands de [&hellip;]<\/p>\n","protected":false},"author":1,"featured_media":24824,"comment_status":"open","ping_status":"open","sticky":false,"template":"","format":"standard","meta":{"footnotes":""},"categories":[20,4],"tags":[705],"class_list":["post-24823","post","type-post","status-publish","format-standard","has-post-thumbnail","hentry","category-a-la-une","category-culture","tag-lycee-la-haie-griselle"],"acf":[],"yoast_head":"<!-- This site is optimized with the Yoast SEO plugin v22.5 - https:\/\/yoast.com\/wordpress\/plugins\/seo\/ -->\n<title>La Municipalit\u00e9 re\u00e7oit des coll\u00e9giens Allemands - Gerardmer Info<\/title>\n<meta name=\"robots\" content=\"index, follow, max-snippet:-1, max-image-preview:large, max-video-preview:-1\" \/>\n<link rel=\"canonical\" href=\"https:\/\/vosgesinfo.fr\/gerardmerinfo\/2017\/03\/municipalite-recoit-collegiens-allemands\/\" \/>\n<meta name=\"twitter:card\" content=\"summary_large_image\" \/>\n<meta name=\"twitter:title\" content=\"La Municipalit\u00e9 re\u00e7oit des coll\u00e9giens Allemands - Gerardmer Info\" \/>\n<meta name=\"twitter:description\" content=\"Ce mardi 7 Mars, la Commune de G\u00e9rardmer a accueilli \u00e0 l\u2019H\u00f4tel de Ville, un groupe de coll\u00e9giens allemands de [&hellip;]\" \/>\n<meta name=\"twitter:image\" content=\"https:\/\/vosgesinfo.fr\/app\/uploads\/sites\/6\/2024\/07\/201703echange-collegiens-allemands-la-haie-griselle.jpeg\" \/>\n<meta name=\"twitter:creator\" content=\"@VosgesInfo88\" \/>\n<meta name=\"twitter:site\" content=\"@VosgesInfo88\" \/>\n<meta name=\"twitter:label1\" content=\"\u00c9crit par\" \/>\n\t<meta name=\"twitter:data1\" content=\"qs_admin\" \/>\n\t<meta name=\"twitter:label2\" content=\"Dur\u00e9e de lecture estim\u00e9e\" \/>\n\t<meta name=\"twitter:data2\" content=\"1 minute\" \/>\n<script type=\"application\/ld+json\" class=\"yoast-schema-graph\">{\"@context\":\"https:\/\/schema.org\",\"@graph\":[{\"@type\":\"Article\",\"@id\":\"https:\/\/vosgesinfo.fr\/gerardmerinfo\/2017\/03\/municipalite-recoit-collegiens-allemands\/#article\",\"isPartOf\":{\"@id\":\"https:\/\/vosgesinfo.fr\/gerardmerinfo\/2017\/03\/municipalite-recoit-collegiens-allemands\/\"},\"author\":{\"name\":\"qs_admin\",\"@id\":\"https:\/\/vosgesinfo.fr\/gerardmerinfo\/#\/schema\/person\/bc5d02d71e6932e81b6dadb7386667b1\"},\"headline\":\"La Municipalit\u00e9 re\u00e7oit des coll\u00e9giens Allemands\",\"datePublished\":\"2017-03-08T15:57:28+00:00\",\"dateModified\":\"2017-03-08T15:57:28+00:00\",\"mainEntityOfPage\":{\"@id\":\"https:\/\/vosgesinfo.fr\/gerardmerinfo\/2017\/03\/municipalite-recoit-collegiens-allemands\/\"},\"wordCount\":123,\"commentCount\":0,\"publisher\":{\"@id\":\"https:\/\/vosgesinfo.fr\/gerardmerinfo\/#organization\"},\"image\":{\"@id\":\"https:\/\/vosgesinfo.fr\/gerardmerinfo\/2017\/03\/municipalite-recoit-collegiens-allemands\/#primaryimage\"},\"thumbnailUrl\":\"https:\/\/vosgesinfo.fr\/app\/uploads\/sites\/6\/2024\/07\/201703echange-collegiens-allemands-la-haie-griselle.jpeg\",\"keywords\":[\"Lyc\u00e9e la haie griselle\"],\"articleSection\":[\"A la une\",\"Culture\"],\"inLanguage\":\"fr-FR\",\"potentialAction\":[{\"@type\":\"CommentAction\",\"name\":\"Comment\",\"target\":[\"https:\/\/vosgesinfo.fr\/gerardmerinfo\/2017\/03\/municipalite-recoit-collegiens-allemands\/#respond\"]}]},{\"@type\":\"WebPage\",\"@id\":\"https:\/\/vosgesinfo.fr\/gerardmerinfo\/2017\/03\/municipalite-recoit-collegiens-allemands\/\",\"url\":\"https:\/\/vosgesinfo.fr\/gerardmerinfo\/2017\/03\/municipalite-recoit-collegiens-allemands\/\",\"name\":\"La Municipalit\u00e9 re\u00e7oit des coll\u00e9giens Allemands - Gerardmer Info\",\"isPartOf\":{\"@id\":\"https:\/\/vosgesinfo.fr\/gerardmerinfo\/#website\"},\"primaryImageOfPage\":{\"@id\":\"https:\/\/vosgesinfo.fr\/gerardmerinfo\/2017\/03\/municipalite-recoit-collegiens-allemands\/#primaryimage\"},\"image\":{\"@id\":\"https:\/\/vosgesinfo.fr\/gerardmerinfo\/2017\/03\/municipalite-recoit-collegiens-allemands\/#primaryimage\"},\"thumbnailUrl\":\"https:\/\/vosgesinfo.fr\/app\/uploads\/sites\/6\/2024\/07\/201703echange-collegiens-allemands-la-haie-griselle.jpeg\",\"datePublished\":\"2017-03-08T15:57:28+00:00\",\"dateModified\":\"2017-03-08T15:57:28+00:00\",\"breadcrumb\":{\"@id\":\"https:\/\/vosgesinfo.fr\/gerardmerinfo\/2017\/03\/municipalite-recoit-collegiens-allemands\/#breadcrumb\"},\"inLanguage\":\"fr-FR\",\"potentialAction\":[{\"@type\":\"ReadAction\",\"target\":[\"https:\/\/vosgesinfo.fr\/gerardmerinfo\/2017\/03\/municipalite-recoit-collegiens-allemands\/\"]}]},{\"@type\":\"ImageObject\",\"inLanguage\":\"fr-FR\",\"@id\":\"https:\/\/vosgesinfo.fr\/gerardmerinfo\/2017\/03\/municipalite-recoit-collegiens-allemands\/#primaryimage\",\"url\":\"https:\/\/vosgesinfo.fr\/app\/uploads\/sites\/6\/2024\/07\/201703echange-collegiens-allemands-la-haie-griselle.jpeg\",\"contentUrl\":\"https:\/\/vosgesinfo.fr\/app\/uploads\/sites\/6\/2024\/07\/201703echange-collegiens-allemands-la-haie-griselle.jpeg\",\"width\":800,\"height\":534},{\"@type\":\"BreadcrumbList\",\"@id\":\"https:\/\/vosgesinfo.fr\/gerardmerinfo\/2017\/03\/municipalite-recoit-collegiens-allemands\/#breadcrumb\",\"itemListElement\":[{\"@type\":\"ListItem\",\"position\":1,\"name\":\"Home\",\"item\":\"https:\/\/vosgesinfo.fr\/gerardmerinfo\/\"},{\"@type\":\"ListItem\",\"position\":2,\"name\":\"La Municipalit\u00e9 re\u00e7oit des coll\u00e9giens Allemands\"}]},{\"@type\":\"WebSite\",\"@id\":\"https:\/\/vosgesinfo.fr\/gerardmerinfo\/#website\",\"url\":\"https:\/\/vosgesinfo.fr\/gerardmerinfo\/\",\"name\":\"Gerardmer Info\",\"description\":\"Toute l&#039;actualit\u00e9 de G\u00e9rardmer\",\"publisher\":{\"@id\":\"https:\/\/vosgesinfo.fr\/gerardmerinfo\/#organization\"},\"alternateName\":\"Toute l'actualit\u00e9 de G\u00e9rardmer\",\"potentialAction\":[{\"@type\":\"SearchAction\",\"target\":{\"@type\":\"EntryPoint\",\"urlTemplate\":\"https:\/\/vosgesinfo.fr\/gerardmerinfo\/?s={search_term_string}\"},\"query-input\":\"required name=search_term_string\"}],\"inLanguage\":\"fr-FR\"},{\"@type\":\"Organization\",\"@id\":\"https:\/\/vosgesinfo.fr\/gerardmerinfo\/#organization\",\"name\":\"Gerardmer Info\",\"url\":\"https:\/\/vosgesinfo.fr\/gerardmerinfo\/\",\"logo\":{\"@type\":\"ImageObject\",\"inLanguage\":\"fr-FR\",\"@id\":\"https:\/\/vosgesinfo.fr\/gerardmerinfo\/#\/schema\/logo\/image\/\",\"url\":\"https:\/\/vosgesinfo.fr\/app\/uploads\/sites\/6\/2023\/08\/favicon-gerardmerinfo.png\",\"contentUrl\":\"https:\/\/vosgesinfo.fr\/app\/uploads\/sites\/6\/2023\/08\/favicon-gerardmerinfo.png\",\"width\":512,\"height\":512,\"caption\":\"Gerardmer Info\"},\"image\":{\"@id\":\"https:\/\/vosgesinfo.fr\/gerardmerinfo\/#\/schema\/logo\/image\/\"},\"sameAs\":[\"https:\/\/www.facebook.com\/profile.php?id=100049475262660\",\"https:\/\/x.com\/VosgesInfo88\",\"https:\/\/www.youtube.com\/@vosgesinfo\"]},{\"@type\":\"Person\",\"@id\":\"https:\/\/vosgesinfo.fr\/gerardmerinfo\/#\/schema\/person\/bc5d02d71e6932e81b6dadb7386667b1\",\"name\":\"qs_admin\",\"image\":{\"@type\":\"ImageObject\",\"inLanguage\":\"fr-FR\",\"@id\":\"https:\/\/vosgesinfo.fr\/gerardmerinfo\/#\/schema\/person\/image\/\",\"url\":\"https:\/\/secure.gravatar.com\/avatar\/94b18ee0ed79e4a42ea2f2931277b6841a8999fc6fde214600c78057cf1fe1de?s=96&d=mm&r=g\",\"contentUrl\":\"https:\/\/secure.gravatar.com\/avatar\/94b18ee0ed79e4a42ea2f2931277b6841a8999fc6fde214600c78057cf1fe1de?s=96&d=mm&r=g\",\"caption\":\"qs_admin\"},\"sameAs\":[\"https:\/\/vosgesinfo.fr\/wp\"],\"url\":\"https:\/\/vosgesinfo.fr\/gerardmerinfo\/author\/qs_admin\/\"}]}<\/script>\n<!-- \/ Yoast SEO plugin. -->","yoast_head_json":{"title":"La Municipalit\u00e9 re\u00e7oit des coll\u00e9giens Allemands - Gerardmer Info","robots":{"index":"index","follow":"follow","max-snippet":"max-snippet:-1","max-image-preview":"max-image-preview:large","max-video-preview":"max-video-preview:-1"},"canonical":"https:\/\/vosgesinfo.fr\/gerardmerinfo\/2017\/03\/municipalite-recoit-collegiens-allemands\/","twitter_card":"summary_large_image","twitter_title":"La Municipalit\u00e9 re\u00e7oit des coll\u00e9giens Allemands - Gerardmer Info","twitter_description":"Ce mardi 7 Mars, la Commune de G\u00e9rardmer a accueilli \u00e0 l\u2019H\u00f4tel de Ville, un groupe de coll\u00e9giens allemands de [&hellip;]","twitter_image":"https:\/\/vosgesinfo.fr\/app\/uploads\/sites\/6\/2024\/07\/201703echange-collegiens-allemands-la-haie-griselle.jpeg","twitter_creator":"@VosgesInfo88","twitter_site":"@VosgesInfo88","twitter_misc":{"\u00c9crit par":"qs_admin","Dur\u00e9e de lecture estim\u00e9e":"1 minute"},"schema":{"@context":"https:\/\/schema.org","@graph":[{"@type":"Article","@id":"https:\/\/vosgesinfo.fr\/gerardmerinfo\/2017\/03\/municipalite-recoit-collegiens-allemands\/#article","isPartOf":{"@id":"https:\/\/vosgesinfo.fr\/gerardmerinfo\/2017\/03\/municipalite-recoit-collegiens-allemands\/"},"author":{"name":"qs_admin","@id":"https:\/\/vosgesinfo.fr\/gerardmerinfo\/#\/schema\/person\/bc5d02d71e6932e81b6dadb7386667b1"},"headline":"La Municipalit\u00e9 re\u00e7oit des coll\u00e9giens Allemands","datePublished":"2017-03-08T15:57:28+00:00","dateModified":"2017-03-08T15:57:28+00:00","mainEntityOfPage":{"@id":"https:\/\/vosgesinfo.fr\/gerardmerinfo\/2017\/03\/municipalite-recoit-collegiens-allemands\/"},"wordCount":123,"commentCount":0,"publisher":{"@id":"https:\/\/vosgesinfo.fr\/gerardmerinfo\/#organization"},"image":{"@id":"https:\/\/vosgesinfo.fr\/gerardmerinfo\/2017\/03\/municipalite-recoit-collegiens-allemands\/#primaryimage"},"thumbnailUrl":"https:\/\/vosgesinfo.fr\/app\/uploads\/sites\/6\/2024\/07\/201703echange-collegiens-allemands-la-haie-griselle.jpeg","keywords":["Lyc\u00e9e la haie griselle"],"articleSection":["A la une","Culture"],"inLanguage":"fr-FR","potentialAction":[{"@type":"CommentAction","name":"Comment","target":["https:\/\/vosgesinfo.fr\/gerardmerinfo\/2017\/03\/municipalite-recoit-collegiens-allemands\/#respond"]}]},{"@type":"WebPage","@id":"https:\/\/vosgesinfo.fr\/gerardmerinfo\/2017\/03\/municipalite-recoit-collegiens-allemands\/","url":"https:\/\/vosgesinfo.fr\/gerardmerinfo\/2017\/03\/municipalite-recoit-collegiens-allemands\/","name":"La Municipalit\u00e9 re\u00e7oit des coll\u00e9giens Allemands - Gerardmer Info","isPartOf":{"@id":"https:\/\/vosgesinfo.fr\/gerardmerinfo\/#website"},"primaryImageOfPage":{"@id":"https:\/\/vosgesinfo.fr\/gerardmerinfo\/2017\/03\/municipalite-recoit-collegiens-allemands\/#primaryimage"},"image":{"@id":"https:\/\/vosgesinfo.fr\/gerardmerinfo\/2017\/03\/municipalite-recoit-collegiens-allemands\/#primaryimage"},"thumbnailUrl":"https:\/\/vosgesinfo.fr\/app\/uploads\/sites\/6\/2024\/07\/201703echange-collegiens-allemands-la-haie-griselle.jpeg","datePublished":"2017-03-08T15:57:28+00:00","dateModified":"2017-03-08T15:57:28+00:00","breadcrumb":{"@id":"https:\/\/vosgesinfo.fr\/gerardmerinfo\/2017\/03\/municipalite-recoit-collegiens-allemands\/#breadcrumb"},"inLanguage":"fr-FR","potentialAction":[{"@type":"ReadAction","target":["https:\/\/vosgesinfo.fr\/gerardmerinfo\/2017\/03\/municipalite-recoit-collegiens-allemands\/"]}]},{"@type":"ImageObject","inLanguage":"fr-FR","@id":"https:\/\/vosgesinfo.fr\/gerardmerinfo\/2017\/03\/municipalite-recoit-collegiens-allemands\/#primaryimage","url":"https:\/\/vosgesinfo.fr\/app\/uploads\/sites\/6\/2024\/07\/201703echange-collegiens-allemands-la-haie-griselle.jpeg","contentUrl":"https:\/\/vosgesinfo.fr\/app\/uploads\/sites\/6\/2024\/07\/201703echange-collegiens-allemands-la-haie-griselle.jpeg","width":800,"height":534},{"@type":"BreadcrumbList","@id":"https:\/\/vosgesinfo.fr\/gerardmerinfo\/2017\/03\/municipalite-recoit-collegiens-allemands\/#breadcrumb","itemListElement":[{"@type":"ListItem","position":1,"name":"Home","item":"https:\/\/vosgesinfo.fr\/gerardmerinfo\/"},{"@type":"ListItem","position":2,"name":"La Municipalit\u00e9 re\u00e7oit des coll\u00e9giens Allemands"}]},{"@type":"WebSite","@id":"https:\/\/vosgesinfo.fr\/gerardmerinfo\/#website","url":"https:\/\/vosgesinfo.fr\/gerardmerinfo\/","name":"Gerardmer Info","description":"Toute l&#039;actualit\u00e9 de G\u00e9rardmer","publisher":{"@id":"https:\/\/vosgesinfo.fr\/gerardmerinfo\/#organization"},"alternateName":"Toute l'actualit\u00e9 de G\u00e9rardmer","potentialAction":[{"@type":"SearchAction","target":{"@type":"EntryPoint","urlTemplate":"https:\/\/vosgesinfo.fr\/gerardmerinfo\/?s={search_term_string}"},"query-input":"required name=search_term_string"}],"inLanguage":"fr-FR"},{"@type":"Organization","@id":"https:\/\/vosgesinfo.fr\/gerardmerinfo\/#organization","name":"Gerardmer Info","url":"https:\/\/vosgesinfo.fr\/gerardmerinfo\/","logo":{"@type":"ImageObject","inLanguage":"fr-FR","@id":"https:\/\/vosgesinfo.fr\/gerardmerinfo\/#\/schema\/logo\/image\/","url":"https:\/\/vosgesinfo.fr\/app\/uploads\/sites\/6\/2023\/08\/favicon-gerardmerinfo.png","contentUrl":"https:\/\/vosgesinfo.fr\/app\/uploads\/sites\/6\/2023\/08\/favicon-gerardmerinfo.png","width":512,"height":512,"caption":"Gerardmer Info"},"image":{"@id":"https:\/\/vosgesinfo.fr\/gerardmerinfo\/#\/schema\/logo\/image\/"},"sameAs":["https:\/\/www.facebook.com\/profile.php?id=100049475262660","https:\/\/x.com\/VosgesInfo88","https:\/\/www.youtube.com\/@vosgesinfo"]},{"@type":"Person","@id":"https:\/\/vosgesinfo.fr\/gerardmerinfo\/#\/schema\/person\/bc5d02d71e6932e81b6dadb7386667b1","name":"qs_admin","image":{"@type":"ImageObject","inLanguage":"fr-FR","@id":"https:\/\/vosgesinfo.fr\/gerardmerinfo\/#\/schema\/person\/image\/","url":"https:\/\/secure.gravatar.com\/avatar\/94b18ee0ed79e4a42ea2f2931277b6841a8999fc6fde214600c78057cf1fe1de?s=96&d=mm&r=g","contentUrl":"https:\/\/secure.gravatar.com\/avatar\/94b18ee0ed79e4a42ea2f2931277b6841a8999fc6fde214600c78057cf1fe1de?s=96&d=mm&r=g","caption":"qs_admin"},"sameAs":["https:\/\/vosgesinfo.fr\/wp"],"url":"https:\/\/vosgesinfo.fr\/gerardmerinfo\/author\/qs_admin\/"}]}},"_links":{"self":[{"href":"https:\/\/vosgesinfo.fr\/gerardmerinfo\/wp-json\/wp\/v2\/posts\/24823","targetHints":{"allow":["GET"]}}],"collection":[{"href":"https:\/\/vosgesinfo.fr\/gerardmerinfo\/wp-json\/wp\/v2\/posts"}],"about":[{"href":"https:\/\/vosgesinfo.fr\/gerardmerinfo\/wp-json\/wp\/v2\/types\/post"}],"author":[{"embeddable":true,"href":"https:\/\/vosgesinfo.fr\/gerardmerinfo\/wp-json\/wp\/v2\/users\/1"}],"replies":[{"embeddable":true,"href":"https:\/\/vosgesinfo.fr\/gerardmerinfo\/wp-json\/wp\/v2\/comments?post=24823"}],"version-history":[{"count":0,"href":"https:\/\/vosgesinfo.fr\/gerardmerinfo\/wp-json\/wp\/v2\/posts\/24823\/revisions"}],"wp:featuredmedia":[{"embeddable":true,"href":"https:\/\/vosgesinfo.fr\/gerardmerinfo\/wp-json\/wp\/v2\/media\/24824"}],"wp:attachment":[{"href":"https:\/\/vosgesinfo.fr\/gerardmerinfo\/wp-json\/wp\/v2\/media?parent=24823"}],"wp:term":[{"taxonomy":"category","embeddable":true,"href":"https:\/\/vosgesinfo.fr\/gerardmerinfo\/wp-json\/wp\/v2\/categories?post=24823"},{"taxonomy":"post_tag","embeddable":true,"href":"https:\/\/vosgesinfo.fr\/gerardmerinfo\/wp-json\/wp\/v2\/tags?post=24823"}],"curies":[{"name":"wp","href":"https:\/\/api.w.org\/{rel}","templated":true}]}}