{"id":25149,"date":"2017-03-25T09:08:26","date_gmt":"2017-03-25T08:08:26","guid":{"rendered":"https:\/\/vosgesinfo.fr\/gerardmerinfo\/2017\/03\/zone-blanche-passe-vert\/"},"modified":"2017-03-25T09:08:26","modified_gmt":"2017-03-25T08:08:26","slug":"zone-blanche-passe-vert","status":"publish","type":"post","link":"https:\/\/vosgesinfo.fr\/gerardmerinfo\/2017\/03\/zone-blanche-passe-vert\/","title":{"rendered":"\u00ab\u00a0Zone Blanche\u00a0\u00bb passe au vert"},"content":{"rendered":"<div id=\"attachment_105231\" style=\"width: 810px\" class=\"wp-caption aligncenter\"><a href=\"\/2017\/03\/P1080533.jpg\"><img decoding=\"async\" aria-describedby=\"caption-attachment-105231\" class=\"size-full wp-image-105231\" src=\"\/2017\/03\/P1080533.jpg\" alt=\"Stessy Speissmann aupr\u00e8s de Andr\u00e9 Bouvad et du R\u00e9alisateur\" width=\"800\" height=\"600\" \/><\/a><p id=\"caption-attachment-105231\" class=\"wp-caption-text\"><span style=\"color: #800000;\"><strong>Stessy Speissmann aupr\u00e8s de Andr\u00e9 Bouvard et du R\u00e9alisateur<\/strong><\/span><\/p><\/div>\n<p>La s\u00e9rie \u00ab\u00a0Zone Blanche\u00a0\u00bb passe au vert avec une salle du Casino presque comble pour le seconde avant-premi\u00e8re qui lui \u00e9tait consacr\u00e9e (paradoxe). Apr\u00e8s celle de Vagney organis\u00e9e par le Conseil D\u00e9partemental et un gros grincement de dents des \u00e9lus\u00a0 g\u00e9r\u00f4mois qui auraient pr\u00e9f\u00e9r\u00e9 qu&rsquo;elle se fasse \u00e0 G\u00e9rardmer , le maire Stessy Speissmann a souhait\u00e9 que la s\u00e9ance, qui a eu lieu ce vendredi\u00a0 soir au Casino, soit ouverte au public&#8230;\u00e0 tout le public, compte-tenu de l\u2019installation de la production, des acteurs et des sc\u00e8nes principales de la s\u00e9rie sur les bords du lac.<\/p>\n<p>\u00ab\u00a0D<em>&lsquo;ailleurs ce n&rsquo;\u00e9tait pas une vraie avant premi\u00e8re \u00e0 Vagney<\/em> \u00a0\u00bb conc\u00e8de la premier magistrat au cot\u00e9 de Andr\u00e9 Bouvard et du r\u00e9alisateur\u00a0\u00bb <em>puisqu&rsquo;elle s&rsquo;est faite uniquement sur invitation<\/em>\u00ab\u00a0&#8230;.<\/p>\n<p>Apr\u00e8s la partie de\u00a0 \u00ab\u00a0<em>\u00e0 toi \u00e0 moi<\/em>\u00ab\u00a0,\u00a0 et avant de visionner les premi\u00e8res images du t\u00e9l\u00e9film, dont nous pensons le plus grand bien ( voir notre article pr\u00e9c\u00e9dent\u00a0<a href=\"http:\/\/gerardmerinfo.fr\/2017\/03\/zone-blanche-bouscule-codes\/\">http:\/\/gerardmerinfo.fr\/2017\/03\/zone-blanche-bouscule-codes\/<\/a> ) le maire a \u00e9voqu\u00e9 la fiert\u00e9 de recevoir toute l&rsquo;\u00e9quipe de tournage.<\/p>\n<p>\u00ab\u00a0S<em>i G\u00e9rardmer et les Hautes-Vosges ont \u00e9t\u00e9 choisis pour leurs remarquables paysages, je pense que l&rsquo;accueil a \u00e9t\u00e9 pour beaucoup\u00a0\u00bb<\/em> poursuit le maire \u00ab\u00a0<em>c&rsquo;est une aventure avec d\u2019\u00e9normes retomb\u00e9es \u00e9conomiques mais aussi pour des \u00e9changes fraternels avec la participation de nombreux figurants\u00a0\u00bb.<\/em><\/p>\n<p>M\u00eame constat\u00a0 pour le producteur de EGO Production, Andr\u00e9 Bouvard, \u00ab\u00a0<em>nous avons re\u00e7u de votre part et des populations locales un accueil formidable. Nous avons r\u00e9alis\u00e9 avec vous un travail de c\u0153ur\u00a0 qui fait rayonner G\u00e9rardmer bien au del\u00e0 des fronti\u00e8res de la France. J\u2019esp\u00e8re que cela va continuer et que la seconde saison sera rapidement sign\u00e9e\u00a0\u00bb&#8230;.<\/em>si tout ce passe pour le mieux, l&rsquo;\u00e9quipe de tournage\u00a0 devrait retrouver les Vosges pour un nouveau filmage automnal et hivernal : mais pas avant !<em><br \/>\n<\/em><\/p>\n<p>Quant au r\u00e9alisateur de la s\u00e9rie, \u00e9galement sur\u00a0 la sc\u00e8ne du Casino, il\u00a0 avoue \u00eatre heureux de retrouver les lieux de son dernier \u00ab\u00a0crime\u00a0\u00bb. <em>\u00ab\u00a0Nous avons travaill\u00e9 dans des conditions id\u00e9ales pour un accueil \u00e0 la hauteur\u00a0 la part de la ville de G\u00e9rardmer. On esp\u00e8re tous que la seconde saison sera command\u00e9e, d\u2019autant que la s\u00e9rie a re\u00e7u un accueil favorable et achet\u00e9e par plusieurs chaines de t\u00e9l\u00e9visons \u00e9trang\u00e8res comme derni\u00e8rement le Danemark\u00a0\u00bb.<\/em><\/p>\n<p>La suite ? Le 10 avril \u00e0 20h55 sur France 2 et dans les bureaux les d\u00e9cideurs de la chaine du service public&#8230;chiffres de l&rsquo;audimat \u00e0 l&rsquo;appui ! Wait and see !<\/p>\n\n<p>&nbsp;<\/p>\n","protected":false},"excerpt":{"rendered":"<p>La s\u00e9rie \u00ab\u00a0Zone Blanche\u00a0\u00bb passe au vert avec une salle du Casino presque comble pour le seconde avant-premi\u00e8re qui lui [&hellip;]<\/p>\n","protected":false},"author":1,"featured_media":25150,"comment_status":"open","ping_status":"open","sticky":false,"template":"","format":"standard","meta":{"footnotes":""},"categories":[20,39],"tags":[2978,1039,2952],"class_list":["post-25149","post","type-post","status-publish","format-standard","has-post-thumbnail","hentry","category-a-la-une","category-cinema","tag-avant-premiere","tag-gerardmer","tag-serie-zone-blanche"],"acf":[],"yoast_head":"<!-- This site is optimized with the Yoast SEO plugin v22.5 - https:\/\/yoast.com\/wordpress\/plugins\/seo\/ -->\n<title>&quot;Zone Blanche&quot; passe au vert - Gerardmer Info<\/title>\n<meta name=\"robots\" content=\"index, follow, max-snippet:-1, max-image-preview:large, max-video-preview:-1\" \/>\n<link rel=\"canonical\" href=\"https:\/\/vosgesinfo.fr\/gerardmerinfo\/2017\/03\/zone-blanche-passe-vert\/\" \/>\n<meta name=\"twitter:card\" content=\"summary_large_image\" \/>\n<meta name=\"twitter:title\" content=\"&quot;Zone Blanche&quot; passe au vert - Gerardmer Info\" \/>\n<meta name=\"twitter:description\" content=\"La s\u00e9rie \u00ab\u00a0Zone Blanche\u00a0\u00bb passe au vert avec une salle du Casino presque comble pour le seconde avant-premi\u00e8re qui lui [&hellip;]\" \/>\n<meta name=\"twitter:image\" content=\"https:\/\/vosgesinfo.fr\/app\/uploads\/sites\/6\/2024\/07\/201703p1080533.jpg\" \/>\n<meta name=\"twitter:creator\" content=\"@VosgesInfo88\" \/>\n<meta name=\"twitter:site\" content=\"@VosgesInfo88\" \/>\n<meta name=\"twitter:label1\" content=\"\u00c9crit par\" \/>\n\t<meta name=\"twitter:data1\" content=\"qs_admin\" \/>\n\t<meta name=\"twitter:label2\" content=\"Dur\u00e9e de lecture estim\u00e9e\" \/>\n\t<meta name=\"twitter:data2\" content=\"2 minutes\" \/>\n<script type=\"application\/ld+json\" class=\"yoast-schema-graph\">{\"@context\":\"https:\/\/schema.org\",\"@graph\":[{\"@type\":\"Article\",\"@id\":\"https:\/\/vosgesinfo.fr\/gerardmerinfo\/2017\/03\/zone-blanche-passe-vert\/#article\",\"isPartOf\":{\"@id\":\"https:\/\/vosgesinfo.fr\/gerardmerinfo\/2017\/03\/zone-blanche-passe-vert\/\"},\"author\":{\"name\":\"qs_admin\",\"@id\":\"https:\/\/vosgesinfo.fr\/gerardmerinfo\/#\/schema\/person\/bc5d02d71e6932e81b6dadb7386667b1\"},\"headline\":\"\u00ab\u00a0Zone Blanche\u00a0\u00bb passe au vert\",\"datePublished\":\"2017-03-25T08:08:26+00:00\",\"dateModified\":\"2017-03-25T08:08:26+00:00\",\"mainEntityOfPage\":{\"@id\":\"https:\/\/vosgesinfo.fr\/gerardmerinfo\/2017\/03\/zone-blanche-passe-vert\/\"},\"wordCount\":481,\"commentCount\":0,\"publisher\":{\"@id\":\"https:\/\/vosgesinfo.fr\/gerardmerinfo\/#organization\"},\"image\":{\"@id\":\"https:\/\/vosgesinfo.fr\/gerardmerinfo\/2017\/03\/zone-blanche-passe-vert\/#primaryimage\"},\"thumbnailUrl\":\"https:\/\/vosgesinfo.fr\/app\/uploads\/sites\/6\/2024\/07\/201703p1080533.jpg\",\"keywords\":[\"avant premi\u00e8re\",\"G\u00e9rardmer\",\"s\u00e9rie zone blanche\"],\"articleSection\":[\"A la une\",\"cin\u00e9ma\"],\"inLanguage\":\"fr-FR\",\"potentialAction\":[{\"@type\":\"CommentAction\",\"name\":\"Comment\",\"target\":[\"https:\/\/vosgesinfo.fr\/gerardmerinfo\/2017\/03\/zone-blanche-passe-vert\/#respond\"]}]},{\"@type\":\"WebPage\",\"@id\":\"https:\/\/vosgesinfo.fr\/gerardmerinfo\/2017\/03\/zone-blanche-passe-vert\/\",\"url\":\"https:\/\/vosgesinfo.fr\/gerardmerinfo\/2017\/03\/zone-blanche-passe-vert\/\",\"name\":\"\\\"Zone Blanche\\\" passe au vert - Gerardmer Info\",\"isPartOf\":{\"@id\":\"https:\/\/vosgesinfo.fr\/gerardmerinfo\/#website\"},\"primaryImageOfPage\":{\"@id\":\"https:\/\/vosgesinfo.fr\/gerardmerinfo\/2017\/03\/zone-blanche-passe-vert\/#primaryimage\"},\"image\":{\"@id\":\"https:\/\/vosgesinfo.fr\/gerardmerinfo\/2017\/03\/zone-blanche-passe-vert\/#primaryimage\"},\"thumbnailUrl\":\"https:\/\/vosgesinfo.fr\/app\/uploads\/sites\/6\/2024\/07\/201703p1080533.jpg\",\"datePublished\":\"2017-03-25T08:08:26+00:00\",\"dateModified\":\"2017-03-25T08:08:26+00:00\",\"breadcrumb\":{\"@id\":\"https:\/\/vosgesinfo.fr\/gerardmerinfo\/2017\/03\/zone-blanche-passe-vert\/#breadcrumb\"},\"inLanguage\":\"fr-FR\",\"potentialAction\":[{\"@type\":\"ReadAction\",\"target\":[\"https:\/\/vosgesinfo.fr\/gerardmerinfo\/2017\/03\/zone-blanche-passe-vert\/\"]}]},{\"@type\":\"ImageObject\",\"inLanguage\":\"fr-FR\",\"@id\":\"https:\/\/vosgesinfo.fr\/gerardmerinfo\/2017\/03\/zone-blanche-passe-vert\/#primaryimage\",\"url\":\"https:\/\/vosgesinfo.fr\/app\/uploads\/sites\/6\/2024\/07\/201703p1080533.jpg\",\"contentUrl\":\"https:\/\/vosgesinfo.fr\/app\/uploads\/sites\/6\/2024\/07\/201703p1080533.jpg\",\"width\":800,\"height\":600},{\"@type\":\"BreadcrumbList\",\"@id\":\"https:\/\/vosgesinfo.fr\/gerardmerinfo\/2017\/03\/zone-blanche-passe-vert\/#breadcrumb\",\"itemListElement\":[{\"@type\":\"ListItem\",\"position\":1,\"name\":\"Home\",\"item\":\"https:\/\/vosgesinfo.fr\/gerardmerinfo\/\"},{\"@type\":\"ListItem\",\"position\":2,\"name\":\"\u00ab\u00a0Zone Blanche\u00a0\u00bb passe au vert\"}]},{\"@type\":\"WebSite\",\"@id\":\"https:\/\/vosgesinfo.fr\/gerardmerinfo\/#website\",\"url\":\"https:\/\/vosgesinfo.fr\/gerardmerinfo\/\",\"name\":\"Gerardmer Info\",\"description\":\"Toute l&#039;actualit\u00e9 de G\u00e9rardmer\",\"publisher\":{\"@id\":\"https:\/\/vosgesinfo.fr\/gerardmerinfo\/#organization\"},\"alternateName\":\"Toute l'actualit\u00e9 de G\u00e9rardmer\",\"potentialAction\":[{\"@type\":\"SearchAction\",\"target\":{\"@type\":\"EntryPoint\",\"urlTemplate\":\"https:\/\/vosgesinfo.fr\/gerardmerinfo\/?s={search_term_string}\"},\"query-input\":\"required name=search_term_string\"}],\"inLanguage\":\"fr-FR\"},{\"@type\":\"Organization\",\"@id\":\"https:\/\/vosgesinfo.fr\/gerardmerinfo\/#organization\",\"name\":\"Gerardmer Info\",\"url\":\"https:\/\/vosgesinfo.fr\/gerardmerinfo\/\",\"logo\":{\"@type\":\"ImageObject\",\"inLanguage\":\"fr-FR\",\"@id\":\"https:\/\/vosgesinfo.fr\/gerardmerinfo\/#\/schema\/logo\/image\/\",\"url\":\"https:\/\/vosgesinfo.fr\/app\/uploads\/sites\/6\/2023\/08\/favicon-gerardmerinfo.png\",\"contentUrl\":\"https:\/\/vosgesinfo.fr\/app\/uploads\/sites\/6\/2023\/08\/favicon-gerardmerinfo.png\",\"width\":512,\"height\":512,\"caption\":\"Gerardmer Info\"},\"image\":{\"@id\":\"https:\/\/vosgesinfo.fr\/gerardmerinfo\/#\/schema\/logo\/image\/\"},\"sameAs\":[\"https:\/\/www.facebook.com\/profile.php?id=100049475262660\",\"https:\/\/x.com\/VosgesInfo88\",\"https:\/\/www.youtube.com\/@vosgesinfo\"]},{\"@type\":\"Person\",\"@id\":\"https:\/\/vosgesinfo.fr\/gerardmerinfo\/#\/schema\/person\/bc5d02d71e6932e81b6dadb7386667b1\",\"name\":\"qs_admin\",\"image\":{\"@type\":\"ImageObject\",\"inLanguage\":\"fr-FR\",\"@id\":\"https:\/\/vosgesinfo.fr\/gerardmerinfo\/#\/schema\/person\/image\/\",\"url\":\"https:\/\/secure.gravatar.com\/avatar\/94b18ee0ed79e4a42ea2f2931277b6841a8999fc6fde214600c78057cf1fe1de?s=96&d=mm&r=g\",\"contentUrl\":\"https:\/\/secure.gravatar.com\/avatar\/94b18ee0ed79e4a42ea2f2931277b6841a8999fc6fde214600c78057cf1fe1de?s=96&d=mm&r=g\",\"caption\":\"qs_admin\"},\"sameAs\":[\"https:\/\/vosgesinfo.fr\/wp\"],\"url\":\"https:\/\/vosgesinfo.fr\/gerardmerinfo\/author\/qs_admin\/\"}]}<\/script>\n<!-- \/ Yoast SEO plugin. -->","yoast_head_json":{"title":"\"Zone Blanche\" passe au vert - Gerardmer Info","robots":{"index":"index","follow":"follow","max-snippet":"max-snippet:-1","max-image-preview":"max-image-preview:large","max-video-preview":"max-video-preview:-1"},"canonical":"https:\/\/vosgesinfo.fr\/gerardmerinfo\/2017\/03\/zone-blanche-passe-vert\/","twitter_card":"summary_large_image","twitter_title":"\"Zone Blanche\" passe au vert - Gerardmer Info","twitter_description":"La s\u00e9rie \u00ab\u00a0Zone Blanche\u00a0\u00bb passe au vert avec une salle du Casino presque comble pour le seconde avant-premi\u00e8re qui lui [&hellip;]","twitter_image":"https:\/\/vosgesinfo.fr\/app\/uploads\/sites\/6\/2024\/07\/201703p1080533.jpg","twitter_creator":"@VosgesInfo88","twitter_site":"@VosgesInfo88","twitter_misc":{"\u00c9crit par":"qs_admin","Dur\u00e9e de lecture estim\u00e9e":"2 minutes"},"schema":{"@context":"https:\/\/schema.org","@graph":[{"@type":"Article","@id":"https:\/\/vosgesinfo.fr\/gerardmerinfo\/2017\/03\/zone-blanche-passe-vert\/#article","isPartOf":{"@id":"https:\/\/vosgesinfo.fr\/gerardmerinfo\/2017\/03\/zone-blanche-passe-vert\/"},"author":{"name":"qs_admin","@id":"https:\/\/vosgesinfo.fr\/gerardmerinfo\/#\/schema\/person\/bc5d02d71e6932e81b6dadb7386667b1"},"headline":"\u00ab\u00a0Zone Blanche\u00a0\u00bb passe au vert","datePublished":"2017-03-25T08:08:26+00:00","dateModified":"2017-03-25T08:08:26+00:00","mainEntityOfPage":{"@id":"https:\/\/vosgesinfo.fr\/gerardmerinfo\/2017\/03\/zone-blanche-passe-vert\/"},"wordCount":481,"commentCount":0,"publisher":{"@id":"https:\/\/vosgesinfo.fr\/gerardmerinfo\/#organization"},"image":{"@id":"https:\/\/vosgesinfo.fr\/gerardmerinfo\/2017\/03\/zone-blanche-passe-vert\/#primaryimage"},"thumbnailUrl":"https:\/\/vosgesinfo.fr\/app\/uploads\/sites\/6\/2024\/07\/201703p1080533.jpg","keywords":["avant premi\u00e8re","G\u00e9rardmer","s\u00e9rie zone blanche"],"articleSection":["A la une","cin\u00e9ma"],"inLanguage":"fr-FR","potentialAction":[{"@type":"CommentAction","name":"Comment","target":["https:\/\/vosgesinfo.fr\/gerardmerinfo\/2017\/03\/zone-blanche-passe-vert\/#respond"]}]},{"@type":"WebPage","@id":"https:\/\/vosgesinfo.fr\/gerardmerinfo\/2017\/03\/zone-blanche-passe-vert\/","url":"https:\/\/vosgesinfo.fr\/gerardmerinfo\/2017\/03\/zone-blanche-passe-vert\/","name":"\"Zone Blanche\" passe au vert - Gerardmer Info","isPartOf":{"@id":"https:\/\/vosgesinfo.fr\/gerardmerinfo\/#website"},"primaryImageOfPage":{"@id":"https:\/\/vosgesinfo.fr\/gerardmerinfo\/2017\/03\/zone-blanche-passe-vert\/#primaryimage"},"image":{"@id":"https:\/\/vosgesinfo.fr\/gerardmerinfo\/2017\/03\/zone-blanche-passe-vert\/#primaryimage"},"thumbnailUrl":"https:\/\/vosgesinfo.fr\/app\/uploads\/sites\/6\/2024\/07\/201703p1080533.jpg","datePublished":"2017-03-25T08:08:26+00:00","dateModified":"2017-03-25T08:08:26+00:00","breadcrumb":{"@id":"https:\/\/vosgesinfo.fr\/gerardmerinfo\/2017\/03\/zone-blanche-passe-vert\/#breadcrumb"},"inLanguage":"fr-FR","potentialAction":[{"@type":"ReadAction","target":["https:\/\/vosgesinfo.fr\/gerardmerinfo\/2017\/03\/zone-blanche-passe-vert\/"]}]},{"@type":"ImageObject","inLanguage":"fr-FR","@id":"https:\/\/vosgesinfo.fr\/gerardmerinfo\/2017\/03\/zone-blanche-passe-vert\/#primaryimage","url":"https:\/\/vosgesinfo.fr\/app\/uploads\/sites\/6\/2024\/07\/201703p1080533.jpg","contentUrl":"https:\/\/vosgesinfo.fr\/app\/uploads\/sites\/6\/2024\/07\/201703p1080533.jpg","width":800,"height":600},{"@type":"BreadcrumbList","@id":"https:\/\/vosgesinfo.fr\/gerardmerinfo\/2017\/03\/zone-blanche-passe-vert\/#breadcrumb","itemListElement":[{"@type":"ListItem","position":1,"name":"Home","item":"https:\/\/vosgesinfo.fr\/gerardmerinfo\/"},{"@type":"ListItem","position":2,"name":"\u00ab\u00a0Zone Blanche\u00a0\u00bb passe au vert"}]},{"@type":"WebSite","@id":"https:\/\/vosgesinfo.fr\/gerardmerinfo\/#website","url":"https:\/\/vosgesinfo.fr\/gerardmerinfo\/","name":"Gerardmer Info","description":"Toute l&#039;actualit\u00e9 de G\u00e9rardmer","publisher":{"@id":"https:\/\/vosgesinfo.fr\/gerardmerinfo\/#organization"},"alternateName":"Toute l'actualit\u00e9 de G\u00e9rardmer","potentialAction":[{"@type":"SearchAction","target":{"@type":"EntryPoint","urlTemplate":"https:\/\/vosgesinfo.fr\/gerardmerinfo\/?s={search_term_string}"},"query-input":"required name=search_term_string"}],"inLanguage":"fr-FR"},{"@type":"Organization","@id":"https:\/\/vosgesinfo.fr\/gerardmerinfo\/#organization","name":"Gerardmer Info","url":"https:\/\/vosgesinfo.fr\/gerardmerinfo\/","logo":{"@type":"ImageObject","inLanguage":"fr-FR","@id":"https:\/\/vosgesinfo.fr\/gerardmerinfo\/#\/schema\/logo\/image\/","url":"https:\/\/vosgesinfo.fr\/app\/uploads\/sites\/6\/2023\/08\/favicon-gerardmerinfo.png","contentUrl":"https:\/\/vosgesinfo.fr\/app\/uploads\/sites\/6\/2023\/08\/favicon-gerardmerinfo.png","width":512,"height":512,"caption":"Gerardmer Info"},"image":{"@id":"https:\/\/vosgesinfo.fr\/gerardmerinfo\/#\/schema\/logo\/image\/"},"sameAs":["https:\/\/www.facebook.com\/profile.php?id=100049475262660","https:\/\/x.com\/VosgesInfo88","https:\/\/www.youtube.com\/@vosgesinfo"]},{"@type":"Person","@id":"https:\/\/vosgesinfo.fr\/gerardmerinfo\/#\/schema\/person\/bc5d02d71e6932e81b6dadb7386667b1","name":"qs_admin","image":{"@type":"ImageObject","inLanguage":"fr-FR","@id":"https:\/\/vosgesinfo.fr\/gerardmerinfo\/#\/schema\/person\/image\/","url":"https:\/\/secure.gravatar.com\/avatar\/94b18ee0ed79e4a42ea2f2931277b6841a8999fc6fde214600c78057cf1fe1de?s=96&d=mm&r=g","contentUrl":"https:\/\/secure.gravatar.com\/avatar\/94b18ee0ed79e4a42ea2f2931277b6841a8999fc6fde214600c78057cf1fe1de?s=96&d=mm&r=g","caption":"qs_admin"},"sameAs":["https:\/\/vosgesinfo.fr\/wp"],"url":"https:\/\/vosgesinfo.fr\/gerardmerinfo\/author\/qs_admin\/"}]}},"_links":{"self":[{"href":"https:\/\/vosgesinfo.fr\/gerardmerinfo\/wp-json\/wp\/v2\/posts\/25149","targetHints":{"allow":["GET"]}}],"collection":[{"href":"https:\/\/vosgesinfo.fr\/gerardmerinfo\/wp-json\/wp\/v2\/posts"}],"about":[{"href":"https:\/\/vosgesinfo.fr\/gerardmerinfo\/wp-json\/wp\/v2\/types\/post"}],"author":[{"embeddable":true,"href":"https:\/\/vosgesinfo.fr\/gerardmerinfo\/wp-json\/wp\/v2\/users\/1"}],"replies":[{"embeddable":true,"href":"https:\/\/vosgesinfo.fr\/gerardmerinfo\/wp-json\/wp\/v2\/comments?post=25149"}],"version-history":[{"count":0,"href":"https:\/\/vosgesinfo.fr\/gerardmerinfo\/wp-json\/wp\/v2\/posts\/25149\/revisions"}],"wp:featuredmedia":[{"embeddable":true,"href":"https:\/\/vosgesinfo.fr\/gerardmerinfo\/wp-json\/wp\/v2\/media\/25150"}],"wp:attachment":[{"href":"https:\/\/vosgesinfo.fr\/gerardmerinfo\/wp-json\/wp\/v2\/media?parent=25149"}],"wp:term":[{"taxonomy":"category","embeddable":true,"href":"https:\/\/vosgesinfo.fr\/gerardmerinfo\/wp-json\/wp\/v2\/categories?post=25149"},{"taxonomy":"post_tag","embeddable":true,"href":"https:\/\/vosgesinfo.fr\/gerardmerinfo\/wp-json\/wp\/v2\/tags?post=25149"}],"curies":[{"name":"wp","href":"https:\/\/api.w.org\/{rel}","templated":true}]}}