{"id":26362,"date":"2017-05-17T16:05:01","date_gmt":"2017-05-17T14:05:01","guid":{"rendered":"https:\/\/vosgesinfo.fr\/gerardmerinfo\/2017\/05\/lasg-voile-prepare-releve\/"},"modified":"2017-05-17T16:05:01","modified_gmt":"2017-05-17T14:05:01","slug":"lasg-voile-prepare-releve","status":"publish","type":"post","link":"https:\/\/vosgesinfo.fr\/gerardmerinfo\/2017\/05\/lasg-voile-prepare-releve\/","title":{"rendered":"L&rsquo;ASG Voile pr\u00e9pare la rel\u00e8ve"},"content":{"rendered":"<p><a href=\"\/2017\/05\/asg-voile-moselle-2017-1.jpg\"><img decoding=\"async\" class=\"aligncenter size-full wp-image-108123\" src=\"\/2017\/05\/asg-voile-moselle-2017-1.jpg\" alt=\"asg voile moselle 2017 (1)\" width=\"800\" height=\"531\" \/><\/a>22 coureurs de l&rsquo;ASG, dont une majorit\u00e9 de petits de l&rsquo;Ecole de sport, minimes et benjamins, (emmen\u00e9s par les jeunes entra\u00eeneurs Dylan Noel et Jules Thiriat), et des adultes d\u00e9butant en r\u00e9gate, ont fait le d\u00e9placement en Moselle pour la r\u00e9gate windsurf de Mittersheim.<\/p>\n<p><a href=\"\/2017\/05\/asg-voile-moselle-2017-2.jpg\"><img decoding=\"async\" class=\"alignright size-medium wp-image-108121\" src=\"\/2017\/05\/asg-voile-moselle-2017-2-384x255.jpg\" alt=\"asg voile moselle 2017 (2)\" width=\"384\" height=\"255\" \/><\/a>Peu d&rsquo;enjeu sportif, l&rsquo;objectif \u00e9tait de prendre l&rsquo;habitude de ces d\u00e9placements, toujours compliqu\u00e9s pour les d\u00e9butants avec les probl\u00e8mes de mat\u00e9riel \u00e0 emmener, les sacs \u00e0 pr\u00e9parer, les licences et autorisations parentales \u00e0 ne pas oublier. Et aussi de naviguer sur un plan d&rsquo;eau bien diff\u00e9rent de celui de G\u00e9rardmer.<\/p>\n<p>&nbsp;<\/p>\n<p>Une belle manche le matin avec du vent, malheureusement coup\u00e9 par un orage et une pluie diluvienne en d\u00e9but d&rsquo;apr\u00e8s midi-midi, suivie d&rsquo;une seconde manche plus d\u00e9licate au pumping , difficile pour les plus petites voiles.<\/p>\n<p>Titouan Halluitte en espoirs (Sarah Gaillard, 2i\u00e8me et premi\u00e8re f\u00e9minine), Pauline Weckel en minimes (Cl\u00e9ment Valentin premier gar\u00e7on) en ont profit\u00e9 pour ajouter une nouvelle victoire \u00e0 leur palmar\u00e9s, ainsi que Jules Thiriat en Raceboard apr\u00e8s une belle lutte avec Dylan. Belle course aussi pour Tom Marchal, Gautier Valentin, Pauline Viriot et Val\u00e9rie Valentin , premi\u00e8re f\u00e9minine Raceboard. G\u00e9rard Valentin, Laurence Marchal, Olivier Gauer, Tom Laurent et Myriam Marechal ont particip\u00e9 \u00e0 cette r\u00e9gate conviviale pour le plaisir&#8230;<\/p>\n<p><a href=\"\/2017\/05\/asg-voile-moselle-2017-3.jpg\"><img decoding=\"async\" class=\"alignleft size-medium wp-image-108122\" src=\"\/2017\/05\/asg-voile-moselle-2017-3-384x255.jpg\" alt=\"asg voile moselle 2017 (3)\" width=\"384\" height=\"255\" \/><\/a>Mais l&rsquo;important \u00e9tait la performance des plus jeunes, Bryan Noel, Louise Viriot, L\u00e9opoldine Gauer, Pierre Gaillard, Ronan Musset et Soizig Hubschi, la plus jeune participante nullement impressionn\u00e9e et s&rsquo;imposant en premi\u00e8re ligne pour les d\u00e9parts avec sa petite voile de 3m\u00b2 au milieu des 9,5 et 7,8m\u00b2 des grands&#8230;<\/p>\n<p>La qualit\u00e9 est bien pr\u00e9sente, reste maintenant \u00e0 augmenter la quantit\u00e9 de cette petite \u00e9quipe. Une journ\u00e9e d\u00e9couverte sera propos\u00e9e \u00e0 tous les jeunes int\u00e9ress\u00e9s le samedi 27 mai et les entra\u00eenements sont ouverts \u00e0 tous, les mercredis, samedis et dimanche matin \u00e0 la base de voile.<\/p>\n<p>M.M<\/p>\n","protected":false},"excerpt":{"rendered":"<p>22 coureurs de l&rsquo;ASG, dont une majorit\u00e9 de petits de l&rsquo;Ecole de sport, minimes et benjamins, (emmen\u00e9s par les jeunes [&hellip;]<\/p>\n","protected":false},"author":1,"featured_media":26363,"comment_status":"open","ping_status":"open","sticky":false,"template":"","format":"standard","meta":{"footnotes":""},"categories":[20,14],"tags":[65],"class_list":["post-26362","post","type-post","status-publish","format-standard","has-post-thumbnail","hentry","category-a-la-une","category-sport","tag-asg-voile"],"acf":[],"yoast_head":"<!-- This site is optimized with the Yoast SEO plugin v22.5 - https:\/\/yoast.com\/wordpress\/plugins\/seo\/ -->\n<title>L&#039;ASG Voile pr\u00e9pare la rel\u00e8ve - Gerardmer Info<\/title>\n<meta name=\"robots\" content=\"index, follow, max-snippet:-1, max-image-preview:large, max-video-preview:-1\" \/>\n<link rel=\"canonical\" href=\"https:\/\/vosgesinfo.fr\/gerardmerinfo\/2017\/05\/lasg-voile-prepare-releve\/\" \/>\n<meta name=\"twitter:card\" content=\"summary_large_image\" \/>\n<meta name=\"twitter:title\" content=\"L&#039;ASG Voile pr\u00e9pare la rel\u00e8ve - Gerardmer Info\" \/>\n<meta name=\"twitter:description\" content=\"22 coureurs de l&rsquo;ASG, dont une majorit\u00e9 de petits de l&rsquo;Ecole de sport, minimes et benjamins, (emmen\u00e9s par les jeunes [&hellip;]\" \/>\n<meta name=\"twitter:image\" content=\"https:\/\/vosgesinfo.fr\/app\/uploads\/sites\/6\/2024\/07\/201705asg-voile-moselle-2017-2.jpg\" \/>\n<meta name=\"twitter:creator\" content=\"@VosgesInfo88\" \/>\n<meta name=\"twitter:site\" content=\"@VosgesInfo88\" \/>\n<meta name=\"twitter:label1\" content=\"\u00c9crit par\" \/>\n\t<meta name=\"twitter:data1\" content=\"qs_admin\" \/>\n\t<meta name=\"twitter:label2\" content=\"Dur\u00e9e de lecture estim\u00e9e\" \/>\n\t<meta name=\"twitter:data2\" content=\"2 minutes\" \/>\n<script type=\"application\/ld+json\" class=\"yoast-schema-graph\">{\"@context\":\"https:\/\/schema.org\",\"@graph\":[{\"@type\":\"Article\",\"@id\":\"https:\/\/vosgesinfo.fr\/gerardmerinfo\/2017\/05\/lasg-voile-prepare-releve\/#article\",\"isPartOf\":{\"@id\":\"https:\/\/vosgesinfo.fr\/gerardmerinfo\/2017\/05\/lasg-voile-prepare-releve\/\"},\"author\":{\"name\":\"qs_admin\",\"@id\":\"https:\/\/vosgesinfo.fr\/gerardmerinfo\/#\/schema\/person\/bc5d02d71e6932e81b6dadb7386667b1\"},\"headline\":\"L&rsquo;ASG Voile pr\u00e9pare la rel\u00e8ve\",\"datePublished\":\"2017-05-17T14:05:01+00:00\",\"dateModified\":\"2017-05-17T14:05:01+00:00\",\"mainEntityOfPage\":{\"@id\":\"https:\/\/vosgesinfo.fr\/gerardmerinfo\/2017\/05\/lasg-voile-prepare-releve\/\"},\"wordCount\":351,\"commentCount\":0,\"publisher\":{\"@id\":\"https:\/\/vosgesinfo.fr\/gerardmerinfo\/#organization\"},\"image\":{\"@id\":\"https:\/\/vosgesinfo.fr\/gerardmerinfo\/2017\/05\/lasg-voile-prepare-releve\/#primaryimage\"},\"thumbnailUrl\":\"https:\/\/vosgesinfo.fr\/app\/uploads\/sites\/6\/2024\/07\/201705asg-voile-moselle-2017-2.jpg\",\"keywords\":[\"asg voile\"],\"articleSection\":[\"A la une\",\"Sport\"],\"inLanguage\":\"fr-FR\",\"potentialAction\":[{\"@type\":\"CommentAction\",\"name\":\"Comment\",\"target\":[\"https:\/\/vosgesinfo.fr\/gerardmerinfo\/2017\/05\/lasg-voile-prepare-releve\/#respond\"]}]},{\"@type\":\"WebPage\",\"@id\":\"https:\/\/vosgesinfo.fr\/gerardmerinfo\/2017\/05\/lasg-voile-prepare-releve\/\",\"url\":\"https:\/\/vosgesinfo.fr\/gerardmerinfo\/2017\/05\/lasg-voile-prepare-releve\/\",\"name\":\"L'ASG Voile pr\u00e9pare la rel\u00e8ve - Gerardmer Info\",\"isPartOf\":{\"@id\":\"https:\/\/vosgesinfo.fr\/gerardmerinfo\/#website\"},\"primaryImageOfPage\":{\"@id\":\"https:\/\/vosgesinfo.fr\/gerardmerinfo\/2017\/05\/lasg-voile-prepare-releve\/#primaryimage\"},\"image\":{\"@id\":\"https:\/\/vosgesinfo.fr\/gerardmerinfo\/2017\/05\/lasg-voile-prepare-releve\/#primaryimage\"},\"thumbnailUrl\":\"https:\/\/vosgesinfo.fr\/app\/uploads\/sites\/6\/2024\/07\/201705asg-voile-moselle-2017-2.jpg\",\"datePublished\":\"2017-05-17T14:05:01+00:00\",\"dateModified\":\"2017-05-17T14:05:01+00:00\",\"breadcrumb\":{\"@id\":\"https:\/\/vosgesinfo.fr\/gerardmerinfo\/2017\/05\/lasg-voile-prepare-releve\/#breadcrumb\"},\"inLanguage\":\"fr-FR\",\"potentialAction\":[{\"@type\":\"ReadAction\",\"target\":[\"https:\/\/vosgesinfo.fr\/gerardmerinfo\/2017\/05\/lasg-voile-prepare-releve\/\"]}]},{\"@type\":\"ImageObject\",\"inLanguage\":\"fr-FR\",\"@id\":\"https:\/\/vosgesinfo.fr\/gerardmerinfo\/2017\/05\/lasg-voile-prepare-releve\/#primaryimage\",\"url\":\"https:\/\/vosgesinfo.fr\/app\/uploads\/sites\/6\/2024\/07\/201705asg-voile-moselle-2017-2.jpg\",\"contentUrl\":\"https:\/\/vosgesinfo.fr\/app\/uploads\/sites\/6\/2024\/07\/201705asg-voile-moselle-2017-2.jpg\",\"width\":800,\"height\":531},{\"@type\":\"BreadcrumbList\",\"@id\":\"https:\/\/vosgesinfo.fr\/gerardmerinfo\/2017\/05\/lasg-voile-prepare-releve\/#breadcrumb\",\"itemListElement\":[{\"@type\":\"ListItem\",\"position\":1,\"name\":\"Home\",\"item\":\"https:\/\/vosgesinfo.fr\/gerardmerinfo\/\"},{\"@type\":\"ListItem\",\"position\":2,\"name\":\"L&rsquo;ASG Voile pr\u00e9pare la rel\u00e8ve\"}]},{\"@type\":\"WebSite\",\"@id\":\"https:\/\/vosgesinfo.fr\/gerardmerinfo\/#website\",\"url\":\"https:\/\/vosgesinfo.fr\/gerardmerinfo\/\",\"name\":\"Gerardmer Info\",\"description\":\"Toute l&#039;actualit\u00e9 de G\u00e9rardmer\",\"publisher\":{\"@id\":\"https:\/\/vosgesinfo.fr\/gerardmerinfo\/#organization\"},\"alternateName\":\"Toute l'actualit\u00e9 de G\u00e9rardmer\",\"potentialAction\":[{\"@type\":\"SearchAction\",\"target\":{\"@type\":\"EntryPoint\",\"urlTemplate\":\"https:\/\/vosgesinfo.fr\/gerardmerinfo\/?s={search_term_string}\"},\"query-input\":\"required name=search_term_string\"}],\"inLanguage\":\"fr-FR\"},{\"@type\":\"Organization\",\"@id\":\"https:\/\/vosgesinfo.fr\/gerardmerinfo\/#organization\",\"name\":\"Gerardmer Info\",\"url\":\"https:\/\/vosgesinfo.fr\/gerardmerinfo\/\",\"logo\":{\"@type\":\"ImageObject\",\"inLanguage\":\"fr-FR\",\"@id\":\"https:\/\/vosgesinfo.fr\/gerardmerinfo\/#\/schema\/logo\/image\/\",\"url\":\"https:\/\/vosgesinfo.fr\/app\/uploads\/sites\/6\/2023\/08\/favicon-gerardmerinfo.png\",\"contentUrl\":\"https:\/\/vosgesinfo.fr\/app\/uploads\/sites\/6\/2023\/08\/favicon-gerardmerinfo.png\",\"width\":512,\"height\":512,\"caption\":\"Gerardmer Info\"},\"image\":{\"@id\":\"https:\/\/vosgesinfo.fr\/gerardmerinfo\/#\/schema\/logo\/image\/\"},\"sameAs\":[\"https:\/\/www.facebook.com\/profile.php?id=100049475262660\",\"https:\/\/x.com\/VosgesInfo88\",\"https:\/\/www.youtube.com\/@vosgesinfo\"]},{\"@type\":\"Person\",\"@id\":\"https:\/\/vosgesinfo.fr\/gerardmerinfo\/#\/schema\/person\/bc5d02d71e6932e81b6dadb7386667b1\",\"name\":\"qs_admin\",\"image\":{\"@type\":\"ImageObject\",\"inLanguage\":\"fr-FR\",\"@id\":\"https:\/\/vosgesinfo.fr\/gerardmerinfo\/#\/schema\/person\/image\/\",\"url\":\"https:\/\/secure.gravatar.com\/avatar\/94b18ee0ed79e4a42ea2f2931277b6841a8999fc6fde214600c78057cf1fe1de?s=96&d=mm&r=g\",\"contentUrl\":\"https:\/\/secure.gravatar.com\/avatar\/94b18ee0ed79e4a42ea2f2931277b6841a8999fc6fde214600c78057cf1fe1de?s=96&d=mm&r=g\",\"caption\":\"qs_admin\"},\"sameAs\":[\"https:\/\/vosgesinfo.fr\/wp\"],\"url\":\"https:\/\/vosgesinfo.fr\/gerardmerinfo\/author\/qs_admin\/\"}]}<\/script>\n<!-- \/ Yoast SEO plugin. -->","yoast_head_json":{"title":"L'ASG Voile pr\u00e9pare la rel\u00e8ve - Gerardmer Info","robots":{"index":"index","follow":"follow","max-snippet":"max-snippet:-1","max-image-preview":"max-image-preview:large","max-video-preview":"max-video-preview:-1"},"canonical":"https:\/\/vosgesinfo.fr\/gerardmerinfo\/2017\/05\/lasg-voile-prepare-releve\/","twitter_card":"summary_large_image","twitter_title":"L'ASG Voile pr\u00e9pare la rel\u00e8ve - Gerardmer Info","twitter_description":"22 coureurs de l&rsquo;ASG, dont une majorit\u00e9 de petits de l&rsquo;Ecole de sport, minimes et benjamins, (emmen\u00e9s par les jeunes [&hellip;]","twitter_image":"https:\/\/vosgesinfo.fr\/app\/uploads\/sites\/6\/2024\/07\/201705asg-voile-moselle-2017-2.jpg","twitter_creator":"@VosgesInfo88","twitter_site":"@VosgesInfo88","twitter_misc":{"\u00c9crit par":"qs_admin","Dur\u00e9e de lecture estim\u00e9e":"2 minutes"},"schema":{"@context":"https:\/\/schema.org","@graph":[{"@type":"Article","@id":"https:\/\/vosgesinfo.fr\/gerardmerinfo\/2017\/05\/lasg-voile-prepare-releve\/#article","isPartOf":{"@id":"https:\/\/vosgesinfo.fr\/gerardmerinfo\/2017\/05\/lasg-voile-prepare-releve\/"},"author":{"name":"qs_admin","@id":"https:\/\/vosgesinfo.fr\/gerardmerinfo\/#\/schema\/person\/bc5d02d71e6932e81b6dadb7386667b1"},"headline":"L&rsquo;ASG Voile pr\u00e9pare la rel\u00e8ve","datePublished":"2017-05-17T14:05:01+00:00","dateModified":"2017-05-17T14:05:01+00:00","mainEntityOfPage":{"@id":"https:\/\/vosgesinfo.fr\/gerardmerinfo\/2017\/05\/lasg-voile-prepare-releve\/"},"wordCount":351,"commentCount":0,"publisher":{"@id":"https:\/\/vosgesinfo.fr\/gerardmerinfo\/#organization"},"image":{"@id":"https:\/\/vosgesinfo.fr\/gerardmerinfo\/2017\/05\/lasg-voile-prepare-releve\/#primaryimage"},"thumbnailUrl":"https:\/\/vosgesinfo.fr\/app\/uploads\/sites\/6\/2024\/07\/201705asg-voile-moselle-2017-2.jpg","keywords":["asg voile"],"articleSection":["A la une","Sport"],"inLanguage":"fr-FR","potentialAction":[{"@type":"CommentAction","name":"Comment","target":["https:\/\/vosgesinfo.fr\/gerardmerinfo\/2017\/05\/lasg-voile-prepare-releve\/#respond"]}]},{"@type":"WebPage","@id":"https:\/\/vosgesinfo.fr\/gerardmerinfo\/2017\/05\/lasg-voile-prepare-releve\/","url":"https:\/\/vosgesinfo.fr\/gerardmerinfo\/2017\/05\/lasg-voile-prepare-releve\/","name":"L'ASG Voile pr\u00e9pare la rel\u00e8ve - Gerardmer Info","isPartOf":{"@id":"https:\/\/vosgesinfo.fr\/gerardmerinfo\/#website"},"primaryImageOfPage":{"@id":"https:\/\/vosgesinfo.fr\/gerardmerinfo\/2017\/05\/lasg-voile-prepare-releve\/#primaryimage"},"image":{"@id":"https:\/\/vosgesinfo.fr\/gerardmerinfo\/2017\/05\/lasg-voile-prepare-releve\/#primaryimage"},"thumbnailUrl":"https:\/\/vosgesinfo.fr\/app\/uploads\/sites\/6\/2024\/07\/201705asg-voile-moselle-2017-2.jpg","datePublished":"2017-05-17T14:05:01+00:00","dateModified":"2017-05-17T14:05:01+00:00","breadcrumb":{"@id":"https:\/\/vosgesinfo.fr\/gerardmerinfo\/2017\/05\/lasg-voile-prepare-releve\/#breadcrumb"},"inLanguage":"fr-FR","potentialAction":[{"@type":"ReadAction","target":["https:\/\/vosgesinfo.fr\/gerardmerinfo\/2017\/05\/lasg-voile-prepare-releve\/"]}]},{"@type":"ImageObject","inLanguage":"fr-FR","@id":"https:\/\/vosgesinfo.fr\/gerardmerinfo\/2017\/05\/lasg-voile-prepare-releve\/#primaryimage","url":"https:\/\/vosgesinfo.fr\/app\/uploads\/sites\/6\/2024\/07\/201705asg-voile-moselle-2017-2.jpg","contentUrl":"https:\/\/vosgesinfo.fr\/app\/uploads\/sites\/6\/2024\/07\/201705asg-voile-moselle-2017-2.jpg","width":800,"height":531},{"@type":"BreadcrumbList","@id":"https:\/\/vosgesinfo.fr\/gerardmerinfo\/2017\/05\/lasg-voile-prepare-releve\/#breadcrumb","itemListElement":[{"@type":"ListItem","position":1,"name":"Home","item":"https:\/\/vosgesinfo.fr\/gerardmerinfo\/"},{"@type":"ListItem","position":2,"name":"L&rsquo;ASG Voile pr\u00e9pare la rel\u00e8ve"}]},{"@type":"WebSite","@id":"https:\/\/vosgesinfo.fr\/gerardmerinfo\/#website","url":"https:\/\/vosgesinfo.fr\/gerardmerinfo\/","name":"Gerardmer Info","description":"Toute l&#039;actualit\u00e9 de G\u00e9rardmer","publisher":{"@id":"https:\/\/vosgesinfo.fr\/gerardmerinfo\/#organization"},"alternateName":"Toute l'actualit\u00e9 de G\u00e9rardmer","potentialAction":[{"@type":"SearchAction","target":{"@type":"EntryPoint","urlTemplate":"https:\/\/vosgesinfo.fr\/gerardmerinfo\/?s={search_term_string}"},"query-input":"required name=search_term_string"}],"inLanguage":"fr-FR"},{"@type":"Organization","@id":"https:\/\/vosgesinfo.fr\/gerardmerinfo\/#organization","name":"Gerardmer Info","url":"https:\/\/vosgesinfo.fr\/gerardmerinfo\/","logo":{"@type":"ImageObject","inLanguage":"fr-FR","@id":"https:\/\/vosgesinfo.fr\/gerardmerinfo\/#\/schema\/logo\/image\/","url":"https:\/\/vosgesinfo.fr\/app\/uploads\/sites\/6\/2023\/08\/favicon-gerardmerinfo.png","contentUrl":"https:\/\/vosgesinfo.fr\/app\/uploads\/sites\/6\/2023\/08\/favicon-gerardmerinfo.png","width":512,"height":512,"caption":"Gerardmer Info"},"image":{"@id":"https:\/\/vosgesinfo.fr\/gerardmerinfo\/#\/schema\/logo\/image\/"},"sameAs":["https:\/\/www.facebook.com\/profile.php?id=100049475262660","https:\/\/x.com\/VosgesInfo88","https:\/\/www.youtube.com\/@vosgesinfo"]},{"@type":"Person","@id":"https:\/\/vosgesinfo.fr\/gerardmerinfo\/#\/schema\/person\/bc5d02d71e6932e81b6dadb7386667b1","name":"qs_admin","image":{"@type":"ImageObject","inLanguage":"fr-FR","@id":"https:\/\/vosgesinfo.fr\/gerardmerinfo\/#\/schema\/person\/image\/","url":"https:\/\/secure.gravatar.com\/avatar\/94b18ee0ed79e4a42ea2f2931277b6841a8999fc6fde214600c78057cf1fe1de?s=96&d=mm&r=g","contentUrl":"https:\/\/secure.gravatar.com\/avatar\/94b18ee0ed79e4a42ea2f2931277b6841a8999fc6fde214600c78057cf1fe1de?s=96&d=mm&r=g","caption":"qs_admin"},"sameAs":["https:\/\/vosgesinfo.fr\/wp"],"url":"https:\/\/vosgesinfo.fr\/gerardmerinfo\/author\/qs_admin\/"}]}},"_links":{"self":[{"href":"https:\/\/vosgesinfo.fr\/gerardmerinfo\/wp-json\/wp\/v2\/posts\/26362","targetHints":{"allow":["GET"]}}],"collection":[{"href":"https:\/\/vosgesinfo.fr\/gerardmerinfo\/wp-json\/wp\/v2\/posts"}],"about":[{"href":"https:\/\/vosgesinfo.fr\/gerardmerinfo\/wp-json\/wp\/v2\/types\/post"}],"author":[{"embeddable":true,"href":"https:\/\/vosgesinfo.fr\/gerardmerinfo\/wp-json\/wp\/v2\/users\/1"}],"replies":[{"embeddable":true,"href":"https:\/\/vosgesinfo.fr\/gerardmerinfo\/wp-json\/wp\/v2\/comments?post=26362"}],"version-history":[{"count":0,"href":"https:\/\/vosgesinfo.fr\/gerardmerinfo\/wp-json\/wp\/v2\/posts\/26362\/revisions"}],"wp:featuredmedia":[{"embeddable":true,"href":"https:\/\/vosgesinfo.fr\/gerardmerinfo\/wp-json\/wp\/v2\/media\/26363"}],"wp:attachment":[{"href":"https:\/\/vosgesinfo.fr\/gerardmerinfo\/wp-json\/wp\/v2\/media?parent=26362"}],"wp:term":[{"taxonomy":"category","embeddable":true,"href":"https:\/\/vosgesinfo.fr\/gerardmerinfo\/wp-json\/wp\/v2\/categories?post=26362"},{"taxonomy":"post_tag","embeddable":true,"href":"https:\/\/vosgesinfo.fr\/gerardmerinfo\/wp-json\/wp\/v2\/tags?post=26362"}],"curies":[{"name":"wp","href":"https:\/\/api.w.org\/{rel}","templated":true}]}}