{"id":26369,"date":"2017-05-18T08:38:27","date_gmt":"2017-05-18T06:38:27","guid":{"rendered":"https:\/\/vosgesinfo.fr\/gerardmerinfo\/2017\/05\/aux-animaux-guerre-recherche-doublure-lola\/"},"modified":"2017-05-18T08:38:27","modified_gmt":"2017-05-18T06:38:27","slug":"aux-animaux-guerre-recherche-doublure-lola","status":"publish","type":"post","link":"https:\/\/vosgesinfo.fr\/gerardmerinfo\/2017\/05\/aux-animaux-guerre-recherche-doublure-lola\/","title":{"rendered":"\u00ab\u00a0Aux animaux la Guerre\u00a0\u00bb : recherche doublure pour Lola Le Lann"},"content":{"rendered":"<p style=\"text-align: center;\"><strong>APPEL A DOUBLURE<\/strong><\/p>\n<p style=\"text-align: left;\">En vue du tournage de la s\u00e9rie \u00ab Aux Animaux la Guerre \u00bb r\u00e9alis\u00e9e par Alain Tasma, produite par \u00ab EUROPACORP TELEVISION \u00bb, avec Roschdy Zem, Olivia Bonamy, et Tch\u00e9ky Karyo,<br \/>\nNous sommes actuellement \u00e0 la recherche d\u2019un doublure pour l\u2019une de nos actrices :<br \/>\n<a href=\"\/2017\/05\/Lola.jpg\"><img decoding=\"async\" class=\"alignright size-medium wp-image-108141\" src=\"\/2017\/05\/Lola-191x255.jpg\" alt=\"Lola\" width=\"191\" height=\"255\" \/><\/a>1,64m<br \/>\nTaille Haut : 36<br \/>\nTaille Bas : 36<br \/>\n85B<br \/>\nPointure : 38<br \/>\nTour de t\u00eate : 57<br \/>\nCouleur de cheveux : Blonds avec racines apparentes brunes (Avoir une couleur de cheveux diff\u00e9rente n\u2019est pas r\u00e9dhibitoire)<br \/>\nLe tournage se d\u00e9roulera Le Jeudi 8 Juin aux environs du Col du Donon. La sc\u00e8ne consistera \u00e0 \u00eatre a l\u2019arri\u00e8re d\u2019un scooter roulant \u00e0 une vitesse normale, \u00e9quip\u00e9 d\u2019un casque.<br \/>\nPour postuler, merci de nous envoyer \u00e0 l\u2019adresse \u00ab figurationanimaux@gmail.com \u00bb :<br \/>\n\u2022 Vos Nom, Pr\u00e9nom, Adresse, num\u00e9ro de t\u00e9l\u00e9phone, votre taille ainsi que votre \u00e2ge. ( Pr\u00e9sence sur une journ\u00e9e obligatoire !)<br \/>\n\u2022 Deux photos de vous prises le jour m\u00eame comprenant un portrait avec l\u00e9ger sourire et une photo en pied sans sourire.<br \/>\nFIGURATION REMUNEREE + DEFRAIEMENT VEHICULE<\/p>\n","protected":false},"excerpt":{"rendered":"<p>APPEL A DOUBLURE En vue du tournage de la s\u00e9rie \u00ab Aux Animaux la Guerre \u00bb r\u00e9alis\u00e9e par Alain Tasma, [&hellip;]<\/p>\n","protected":false},"author":1,"featured_media":26370,"comment_status":"open","ping_status":"open","sticky":false,"template":"","format":"standard","meta":{"footnotes":""},"categories":[20,39],"tags":[2878],"class_list":["post-26369","post","type-post","status-publish","format-standard","has-post-thumbnail","hentry","category-a-la-une","category-cinema","tag-aux-animaux-la-guerre"],"acf":[],"yoast_head":"<!-- This site is optimized with the Yoast SEO plugin v22.5 - https:\/\/yoast.com\/wordpress\/plugins\/seo\/ -->\n<title>&quot;Aux animaux la Guerre&quot; : recherche doublure pour Lola Le Lann - Gerardmer Info<\/title>\n<meta name=\"robots\" content=\"index, follow, max-snippet:-1, max-image-preview:large, max-video-preview:-1\" \/>\n<link rel=\"canonical\" href=\"https:\/\/vosgesinfo.fr\/gerardmerinfo\/2017\/05\/aux-animaux-guerre-recherche-doublure-lola\/\" \/>\n<meta name=\"twitter:card\" content=\"summary_large_image\" \/>\n<meta name=\"twitter:title\" content=\"&quot;Aux animaux la Guerre&quot; : recherche doublure pour Lola Le Lann - Gerardmer Info\" \/>\n<meta name=\"twitter:description\" content=\"APPEL A DOUBLURE En vue du tournage de la s\u00e9rie \u00ab Aux Animaux la Guerre \u00bb r\u00e9alis\u00e9e par Alain Tasma, [&hellip;]\" \/>\n<meta name=\"twitter:image\" content=\"https:\/\/vosgesinfo.fr\/app\/uploads\/sites\/6\/2024\/07\/201702camera-1378221-960-720-8.jpg\" \/>\n<meta name=\"twitter:creator\" content=\"@VosgesInfo88\" \/>\n<meta name=\"twitter:site\" content=\"@VosgesInfo88\" \/>\n<meta name=\"twitter:label1\" content=\"\u00c9crit par\" \/>\n\t<meta name=\"twitter:data1\" content=\"qs_admin\" \/>\n\t<meta name=\"twitter:label2\" content=\"Dur\u00e9e de lecture estim\u00e9e\" \/>\n\t<meta name=\"twitter:data2\" content=\"1 minute\" \/>\n<script type=\"application\/ld+json\" class=\"yoast-schema-graph\">{\"@context\":\"https:\/\/schema.org\",\"@graph\":[{\"@type\":\"Article\",\"@id\":\"https:\/\/vosgesinfo.fr\/gerardmerinfo\/2017\/05\/aux-animaux-guerre-recherche-doublure-lola\/#article\",\"isPartOf\":{\"@id\":\"https:\/\/vosgesinfo.fr\/gerardmerinfo\/2017\/05\/aux-animaux-guerre-recherche-doublure-lola\/\"},\"author\":{\"name\":\"qs_admin\",\"@id\":\"https:\/\/vosgesinfo.fr\/gerardmerinfo\/#\/schema\/person\/bc5d02d71e6932e81b6dadb7386667b1\"},\"headline\":\"\u00ab\u00a0Aux animaux la Guerre\u00a0\u00bb : recherche doublure pour Lola Le Lann\",\"datePublished\":\"2017-05-18T06:38:27+00:00\",\"dateModified\":\"2017-05-18T06:38:27+00:00\",\"mainEntityOfPage\":{\"@id\":\"https:\/\/vosgesinfo.fr\/gerardmerinfo\/2017\/05\/aux-animaux-guerre-recherche-doublure-lola\/\"},\"wordCount\":185,\"commentCount\":0,\"publisher\":{\"@id\":\"https:\/\/vosgesinfo.fr\/gerardmerinfo\/#organization\"},\"image\":{\"@id\":\"https:\/\/vosgesinfo.fr\/gerardmerinfo\/2017\/05\/aux-animaux-guerre-recherche-doublure-lola\/#primaryimage\"},\"thumbnailUrl\":\"https:\/\/vosgesinfo.fr\/app\/uploads\/sites\/6\/2024\/07\/201702camera-1378221-960-720-8.jpg\",\"keywords\":[\"Aux animaux la guerre\"],\"articleSection\":[\"A la une\",\"cin\u00e9ma\"],\"inLanguage\":\"fr-FR\",\"potentialAction\":[{\"@type\":\"CommentAction\",\"name\":\"Comment\",\"target\":[\"https:\/\/vosgesinfo.fr\/gerardmerinfo\/2017\/05\/aux-animaux-guerre-recherche-doublure-lola\/#respond\"]}]},{\"@type\":\"WebPage\",\"@id\":\"https:\/\/vosgesinfo.fr\/gerardmerinfo\/2017\/05\/aux-animaux-guerre-recherche-doublure-lola\/\",\"url\":\"https:\/\/vosgesinfo.fr\/gerardmerinfo\/2017\/05\/aux-animaux-guerre-recherche-doublure-lola\/\",\"name\":\"\\\"Aux animaux la Guerre\\\" : recherche doublure pour Lola Le Lann - Gerardmer Info\",\"isPartOf\":{\"@id\":\"https:\/\/vosgesinfo.fr\/gerardmerinfo\/#website\"},\"primaryImageOfPage\":{\"@id\":\"https:\/\/vosgesinfo.fr\/gerardmerinfo\/2017\/05\/aux-animaux-guerre-recherche-doublure-lola\/#primaryimage\"},\"image\":{\"@id\":\"https:\/\/vosgesinfo.fr\/gerardmerinfo\/2017\/05\/aux-animaux-guerre-recherche-doublure-lola\/#primaryimage\"},\"thumbnailUrl\":\"https:\/\/vosgesinfo.fr\/app\/uploads\/sites\/6\/2024\/07\/201702camera-1378221-960-720-8.jpg\",\"datePublished\":\"2017-05-18T06:38:27+00:00\",\"dateModified\":\"2017-05-18T06:38:27+00:00\",\"breadcrumb\":{\"@id\":\"https:\/\/vosgesinfo.fr\/gerardmerinfo\/2017\/05\/aux-animaux-guerre-recherche-doublure-lola\/#breadcrumb\"},\"inLanguage\":\"fr-FR\",\"potentialAction\":[{\"@type\":\"ReadAction\",\"target\":[\"https:\/\/vosgesinfo.fr\/gerardmerinfo\/2017\/05\/aux-animaux-guerre-recherche-doublure-lola\/\"]}]},{\"@type\":\"ImageObject\",\"inLanguage\":\"fr-FR\",\"@id\":\"https:\/\/vosgesinfo.fr\/gerardmerinfo\/2017\/05\/aux-animaux-guerre-recherche-doublure-lola\/#primaryimage\",\"url\":\"https:\/\/vosgesinfo.fr\/app\/uploads\/sites\/6\/2024\/07\/201702camera-1378221-960-720-8.jpg\",\"contentUrl\":\"https:\/\/vosgesinfo.fr\/app\/uploads\/sites\/6\/2024\/07\/201702camera-1378221-960-720-8.jpg\",\"width\":800,\"height\":562},{\"@type\":\"BreadcrumbList\",\"@id\":\"https:\/\/vosgesinfo.fr\/gerardmerinfo\/2017\/05\/aux-animaux-guerre-recherche-doublure-lola\/#breadcrumb\",\"itemListElement\":[{\"@type\":\"ListItem\",\"position\":1,\"name\":\"Home\",\"item\":\"https:\/\/vosgesinfo.fr\/gerardmerinfo\/\"},{\"@type\":\"ListItem\",\"position\":2,\"name\":\"\u00ab\u00a0Aux animaux la Guerre\u00a0\u00bb : recherche doublure pour Lola Le Lann\"}]},{\"@type\":\"WebSite\",\"@id\":\"https:\/\/vosgesinfo.fr\/gerardmerinfo\/#website\",\"url\":\"https:\/\/vosgesinfo.fr\/gerardmerinfo\/\",\"name\":\"Gerardmer Info\",\"description\":\"Toute l&#039;actualit\u00e9 de G\u00e9rardmer\",\"publisher\":{\"@id\":\"https:\/\/vosgesinfo.fr\/gerardmerinfo\/#organization\"},\"alternateName\":\"Toute l'actualit\u00e9 de G\u00e9rardmer\",\"potentialAction\":[{\"@type\":\"SearchAction\",\"target\":{\"@type\":\"EntryPoint\",\"urlTemplate\":\"https:\/\/vosgesinfo.fr\/gerardmerinfo\/?s={search_term_string}\"},\"query-input\":\"required name=search_term_string\"}],\"inLanguage\":\"fr-FR\"},{\"@type\":\"Organization\",\"@id\":\"https:\/\/vosgesinfo.fr\/gerardmerinfo\/#organization\",\"name\":\"Gerardmer Info\",\"url\":\"https:\/\/vosgesinfo.fr\/gerardmerinfo\/\",\"logo\":{\"@type\":\"ImageObject\",\"inLanguage\":\"fr-FR\",\"@id\":\"https:\/\/vosgesinfo.fr\/gerardmerinfo\/#\/schema\/logo\/image\/\",\"url\":\"https:\/\/vosgesinfo.fr\/app\/uploads\/sites\/6\/2023\/08\/favicon-gerardmerinfo.png\",\"contentUrl\":\"https:\/\/vosgesinfo.fr\/app\/uploads\/sites\/6\/2023\/08\/favicon-gerardmerinfo.png\",\"width\":512,\"height\":512,\"caption\":\"Gerardmer Info\"},\"image\":{\"@id\":\"https:\/\/vosgesinfo.fr\/gerardmerinfo\/#\/schema\/logo\/image\/\"},\"sameAs\":[\"https:\/\/www.facebook.com\/profile.php?id=100049475262660\",\"https:\/\/x.com\/VosgesInfo88\",\"https:\/\/www.youtube.com\/@vosgesinfo\"]},{\"@type\":\"Person\",\"@id\":\"https:\/\/vosgesinfo.fr\/gerardmerinfo\/#\/schema\/person\/bc5d02d71e6932e81b6dadb7386667b1\",\"name\":\"qs_admin\",\"image\":{\"@type\":\"ImageObject\",\"inLanguage\":\"fr-FR\",\"@id\":\"https:\/\/vosgesinfo.fr\/gerardmerinfo\/#\/schema\/person\/image\/\",\"url\":\"https:\/\/secure.gravatar.com\/avatar\/94b18ee0ed79e4a42ea2f2931277b6841a8999fc6fde214600c78057cf1fe1de?s=96&d=mm&r=g\",\"contentUrl\":\"https:\/\/secure.gravatar.com\/avatar\/94b18ee0ed79e4a42ea2f2931277b6841a8999fc6fde214600c78057cf1fe1de?s=96&d=mm&r=g\",\"caption\":\"qs_admin\"},\"sameAs\":[\"https:\/\/vosgesinfo.fr\/wp\"],\"url\":\"https:\/\/vosgesinfo.fr\/gerardmerinfo\/author\/qs_admin\/\"}]}<\/script>\n<!-- \/ Yoast SEO plugin. -->","yoast_head_json":{"title":"\"Aux animaux la Guerre\" : recherche doublure pour Lola Le Lann - Gerardmer Info","robots":{"index":"index","follow":"follow","max-snippet":"max-snippet:-1","max-image-preview":"max-image-preview:large","max-video-preview":"max-video-preview:-1"},"canonical":"https:\/\/vosgesinfo.fr\/gerardmerinfo\/2017\/05\/aux-animaux-guerre-recherche-doublure-lola\/","twitter_card":"summary_large_image","twitter_title":"\"Aux animaux la Guerre\" : recherche doublure pour Lola Le Lann - Gerardmer Info","twitter_description":"APPEL A DOUBLURE En vue du tournage de la s\u00e9rie \u00ab Aux Animaux la Guerre \u00bb r\u00e9alis\u00e9e par Alain Tasma, [&hellip;]","twitter_image":"https:\/\/vosgesinfo.fr\/app\/uploads\/sites\/6\/2024\/07\/201702camera-1378221-960-720-8.jpg","twitter_creator":"@VosgesInfo88","twitter_site":"@VosgesInfo88","twitter_misc":{"\u00c9crit par":"qs_admin","Dur\u00e9e de lecture estim\u00e9e":"1 minute"},"schema":{"@context":"https:\/\/schema.org","@graph":[{"@type":"Article","@id":"https:\/\/vosgesinfo.fr\/gerardmerinfo\/2017\/05\/aux-animaux-guerre-recherche-doublure-lola\/#article","isPartOf":{"@id":"https:\/\/vosgesinfo.fr\/gerardmerinfo\/2017\/05\/aux-animaux-guerre-recherche-doublure-lola\/"},"author":{"name":"qs_admin","@id":"https:\/\/vosgesinfo.fr\/gerardmerinfo\/#\/schema\/person\/bc5d02d71e6932e81b6dadb7386667b1"},"headline":"\u00ab\u00a0Aux animaux la Guerre\u00a0\u00bb : recherche doublure pour Lola Le Lann","datePublished":"2017-05-18T06:38:27+00:00","dateModified":"2017-05-18T06:38:27+00:00","mainEntityOfPage":{"@id":"https:\/\/vosgesinfo.fr\/gerardmerinfo\/2017\/05\/aux-animaux-guerre-recherche-doublure-lola\/"},"wordCount":185,"commentCount":0,"publisher":{"@id":"https:\/\/vosgesinfo.fr\/gerardmerinfo\/#organization"},"image":{"@id":"https:\/\/vosgesinfo.fr\/gerardmerinfo\/2017\/05\/aux-animaux-guerre-recherche-doublure-lola\/#primaryimage"},"thumbnailUrl":"https:\/\/vosgesinfo.fr\/app\/uploads\/sites\/6\/2024\/07\/201702camera-1378221-960-720-8.jpg","keywords":["Aux animaux la guerre"],"articleSection":["A la une","cin\u00e9ma"],"inLanguage":"fr-FR","potentialAction":[{"@type":"CommentAction","name":"Comment","target":["https:\/\/vosgesinfo.fr\/gerardmerinfo\/2017\/05\/aux-animaux-guerre-recherche-doublure-lola\/#respond"]}]},{"@type":"WebPage","@id":"https:\/\/vosgesinfo.fr\/gerardmerinfo\/2017\/05\/aux-animaux-guerre-recherche-doublure-lola\/","url":"https:\/\/vosgesinfo.fr\/gerardmerinfo\/2017\/05\/aux-animaux-guerre-recherche-doublure-lola\/","name":"\"Aux animaux la Guerre\" : recherche doublure pour Lola Le Lann - Gerardmer Info","isPartOf":{"@id":"https:\/\/vosgesinfo.fr\/gerardmerinfo\/#website"},"primaryImageOfPage":{"@id":"https:\/\/vosgesinfo.fr\/gerardmerinfo\/2017\/05\/aux-animaux-guerre-recherche-doublure-lola\/#primaryimage"},"image":{"@id":"https:\/\/vosgesinfo.fr\/gerardmerinfo\/2017\/05\/aux-animaux-guerre-recherche-doublure-lola\/#primaryimage"},"thumbnailUrl":"https:\/\/vosgesinfo.fr\/app\/uploads\/sites\/6\/2024\/07\/201702camera-1378221-960-720-8.jpg","datePublished":"2017-05-18T06:38:27+00:00","dateModified":"2017-05-18T06:38:27+00:00","breadcrumb":{"@id":"https:\/\/vosgesinfo.fr\/gerardmerinfo\/2017\/05\/aux-animaux-guerre-recherche-doublure-lola\/#breadcrumb"},"inLanguage":"fr-FR","potentialAction":[{"@type":"ReadAction","target":["https:\/\/vosgesinfo.fr\/gerardmerinfo\/2017\/05\/aux-animaux-guerre-recherche-doublure-lola\/"]}]},{"@type":"ImageObject","inLanguage":"fr-FR","@id":"https:\/\/vosgesinfo.fr\/gerardmerinfo\/2017\/05\/aux-animaux-guerre-recherche-doublure-lola\/#primaryimage","url":"https:\/\/vosgesinfo.fr\/app\/uploads\/sites\/6\/2024\/07\/201702camera-1378221-960-720-8.jpg","contentUrl":"https:\/\/vosgesinfo.fr\/app\/uploads\/sites\/6\/2024\/07\/201702camera-1378221-960-720-8.jpg","width":800,"height":562},{"@type":"BreadcrumbList","@id":"https:\/\/vosgesinfo.fr\/gerardmerinfo\/2017\/05\/aux-animaux-guerre-recherche-doublure-lola\/#breadcrumb","itemListElement":[{"@type":"ListItem","position":1,"name":"Home","item":"https:\/\/vosgesinfo.fr\/gerardmerinfo\/"},{"@type":"ListItem","position":2,"name":"\u00ab\u00a0Aux animaux la Guerre\u00a0\u00bb : recherche doublure pour Lola Le Lann"}]},{"@type":"WebSite","@id":"https:\/\/vosgesinfo.fr\/gerardmerinfo\/#website","url":"https:\/\/vosgesinfo.fr\/gerardmerinfo\/","name":"Gerardmer Info","description":"Toute l&#039;actualit\u00e9 de G\u00e9rardmer","publisher":{"@id":"https:\/\/vosgesinfo.fr\/gerardmerinfo\/#organization"},"alternateName":"Toute l'actualit\u00e9 de G\u00e9rardmer","potentialAction":[{"@type":"SearchAction","target":{"@type":"EntryPoint","urlTemplate":"https:\/\/vosgesinfo.fr\/gerardmerinfo\/?s={search_term_string}"},"query-input":"required name=search_term_string"}],"inLanguage":"fr-FR"},{"@type":"Organization","@id":"https:\/\/vosgesinfo.fr\/gerardmerinfo\/#organization","name":"Gerardmer Info","url":"https:\/\/vosgesinfo.fr\/gerardmerinfo\/","logo":{"@type":"ImageObject","inLanguage":"fr-FR","@id":"https:\/\/vosgesinfo.fr\/gerardmerinfo\/#\/schema\/logo\/image\/","url":"https:\/\/vosgesinfo.fr\/app\/uploads\/sites\/6\/2023\/08\/favicon-gerardmerinfo.png","contentUrl":"https:\/\/vosgesinfo.fr\/app\/uploads\/sites\/6\/2023\/08\/favicon-gerardmerinfo.png","width":512,"height":512,"caption":"Gerardmer Info"},"image":{"@id":"https:\/\/vosgesinfo.fr\/gerardmerinfo\/#\/schema\/logo\/image\/"},"sameAs":["https:\/\/www.facebook.com\/profile.php?id=100049475262660","https:\/\/x.com\/VosgesInfo88","https:\/\/www.youtube.com\/@vosgesinfo"]},{"@type":"Person","@id":"https:\/\/vosgesinfo.fr\/gerardmerinfo\/#\/schema\/person\/bc5d02d71e6932e81b6dadb7386667b1","name":"qs_admin","image":{"@type":"ImageObject","inLanguage":"fr-FR","@id":"https:\/\/vosgesinfo.fr\/gerardmerinfo\/#\/schema\/person\/image\/","url":"https:\/\/secure.gravatar.com\/avatar\/94b18ee0ed79e4a42ea2f2931277b6841a8999fc6fde214600c78057cf1fe1de?s=96&d=mm&r=g","contentUrl":"https:\/\/secure.gravatar.com\/avatar\/94b18ee0ed79e4a42ea2f2931277b6841a8999fc6fde214600c78057cf1fe1de?s=96&d=mm&r=g","caption":"qs_admin"},"sameAs":["https:\/\/vosgesinfo.fr\/wp"],"url":"https:\/\/vosgesinfo.fr\/gerardmerinfo\/author\/qs_admin\/"}]}},"_links":{"self":[{"href":"https:\/\/vosgesinfo.fr\/gerardmerinfo\/wp-json\/wp\/v2\/posts\/26369","targetHints":{"allow":["GET"]}}],"collection":[{"href":"https:\/\/vosgesinfo.fr\/gerardmerinfo\/wp-json\/wp\/v2\/posts"}],"about":[{"href":"https:\/\/vosgesinfo.fr\/gerardmerinfo\/wp-json\/wp\/v2\/types\/post"}],"author":[{"embeddable":true,"href":"https:\/\/vosgesinfo.fr\/gerardmerinfo\/wp-json\/wp\/v2\/users\/1"}],"replies":[{"embeddable":true,"href":"https:\/\/vosgesinfo.fr\/gerardmerinfo\/wp-json\/wp\/v2\/comments?post=26369"}],"version-history":[{"count":0,"href":"https:\/\/vosgesinfo.fr\/gerardmerinfo\/wp-json\/wp\/v2\/posts\/26369\/revisions"}],"wp:featuredmedia":[{"embeddable":true,"href":"https:\/\/vosgesinfo.fr\/gerardmerinfo\/wp-json\/wp\/v2\/media\/26370"}],"wp:attachment":[{"href":"https:\/\/vosgesinfo.fr\/gerardmerinfo\/wp-json\/wp\/v2\/media?parent=26369"}],"wp:term":[{"taxonomy":"category","embeddable":true,"href":"https:\/\/vosgesinfo.fr\/gerardmerinfo\/wp-json\/wp\/v2\/categories?post=26369"},{"taxonomy":"post_tag","embeddable":true,"href":"https:\/\/vosgesinfo.fr\/gerardmerinfo\/wp-json\/wp\/v2\/tags?post=26369"}],"curies":[{"name":"wp","href":"https:\/\/api.w.org\/{rel}","templated":true}]}}