{"id":26685,"date":"2017-06-01T16:28:04","date_gmt":"2017-06-01T14:28:04","guid":{"rendered":"https:\/\/vosgesinfo.fr\/gerardmerinfo\/2017\/06\/manger-local-ca-pourrait-bien-etre-lideal\/"},"modified":"2017-06-01T16:28:04","modified_gmt":"2017-06-01T14:28:04","slug":"manger-local-ca-pourrait-bien-etre-lideal","status":"publish","type":"post","link":"https:\/\/vosgesinfo.fr\/gerardmerinfo\/2017\/06\/manger-local-ca-pourrait-bien-etre-lideal\/","title":{"rendered":"Manger local, \u00e7a pourrait bien \u00eatre l&rsquo;id\u00e9al&#8230;"},"content":{"rendered":"<p>La semaine du d\u00e9veloppement durable a d\u00e9j\u00e0 commenc\u00e9 depuis lundi pour les \u00e9coliers du secteur \u00e0 diverses sorties et animations sont propos\u00e9es sur le th\u00e8me \u00ab\u00a0Manger local, c&rsquo;est id\u00e9al.\u00a0\u00bb Mercredi soir, place au premier rendez-vous pour les plus grands avec un caf\u00e9 citoyen sur ce m\u00eame th\u00e8me anim\u00e9 par les Petits D\u00e9brouillards du Grand Est repr\u00e9sent\u00e9s pour l&rsquo;occasion par Arthur Demonet.<\/p>\n<div id=\"attachment_108964\" style=\"width: 410px\" class=\"wp-caption alignleft\"><a href=\"\/2017\/06\/caf\u00e9-citoyen-manger-local-bio-etc-2.jpg\"><img decoding=\"async\" aria-describedby=\"caption-attachment-108964\" class=\"size-medium wp-image-108964\" src=\"\/2017\/06\/caf\u00e9-citoyen-manger-local-bio-etc-2-400x225.jpg\" alt=\"Arthur Demonet (\u00e0 gauche) en compagnie des intervenants\" width=\"400\" height=\"225\" \/><\/a><p id=\"caption-attachment-108964\" class=\"wp-caption-text\"><span style=\"color: #003300;\">Arthur Demonet (\u00e0 gauche) en compagnie des intervenants<\/span><\/p><\/div>\n<p>Ce dernier \u00e9tait accompagn\u00e9 de plusieurs intervenants en la personne d\u2019Olivier TOUSSAINT, paysan bio \u00e0 la ferme du Hazard \u00e0 Gerb\u00e9pal et vice-pr\u00e9sident des agriculteurs bio du d\u00e9partement, d&rsquo;une repr\u00e9sentante du collectif pour la cr\u00e9ation d&rsquo;une monnaie locale dans les Vosges, et enfin de Vanessa SAVIGNARD, accompagnatrice en montagne sp\u00e9cialiste des plantes culinaires des Hautes-Vosges.<\/p>\n<p>Comme le rappelait Arthur Demonet en pr\u00e9ambule de ce rendez-vous \u00e0 la m\u00e9diath\u00e8que, un caf\u00e9 citoyen a pour but d&rsquo;apporter un \u00e9clairage sur un th\u00e8me, de contribuer \u00e0 faire des citoyens participants de v\u00e9ritables acteurs, de leur fournir des cl\u00e9s pour faire des choix \u00e9clair\u00e9s, en connaissance de cause(s)&#8230; \u00ab\u00a0Nous ne leur disons pas ce qu&rsquo;ils doivent faire, nous faisons se rencontrer des intervenants ou des experts avec des citoyens afin qu&rsquo;il y ait un \u00e9change et, en l\u2019occurrence aujourd&rsquo;hui, un d\u00e9bat sur l\u2019int\u00e9r\u00eat de consommer local\u00a0\u00bb , pr\u00e9cise le repr\u00e9sentant des Petits D\u00e9brouillards.<\/p>\n<p><a href=\"\/2017\/06\/caf\u00e9-citoyen-manger-local-bio-etc-1.jpg\"><img decoding=\"async\" class=\"alignright size-medium wp-image-108963\" src=\"\/2017\/06\/caf\u00e9-citoyen-manger-local-bio-etc-1-400x225.jpg\" alt=\"caf\u00e9 citoyen manger local bio etc (1)\" width=\"400\" height=\"225\" \/><\/a>Et d&rsquo;ajouter : \u00ab\u00a0Nous allons donc \u00e9voquer l&rsquo;aspect environnemental de la chose avec cet impact \u00e9norme qu&rsquo;a notre mani\u00e8re de consommer sur l&rsquo;environnement et donc sur nous. Puis le fait qu&rsquo;\u00e0 travers sa consommation, chaque citoyen a un r\u00f4le \u00e0 jouer pour s&rsquo;inscrire dans cette d\u00e9marche. puis nous \u00e9voquerons un volet \u00e9conomique en se posant la question de savoir si manger bio, local et sain est-il plus cher ? Plus cher sur le court terme, mais moins \u00e0 long terme si cela vous garde en bonne sant\u00e9. Et quel en est l&rsquo;impact sur le tissu \u00e9conomique local ? Sans oublier la mise en place d&rsquo;une monnaie locale qui peut s&rsquo;inscrire dans une charte \u00e9thique et morale, mais aussi environnementale&#8230; Mais je le r\u00e9p\u00e8te, nous laissons le choix aux citoyens qui participent aux caf\u00e9s, c&rsquo;est important de le pr\u00e9ciser.\u00a0\u00bb<\/p>\n<p>Programme fourni donc pour ce caf\u00e9 citoyen dont le th\u00e8me n&rsquo;\u00e9tait pas sans rappeler quelque chose \u00e0 Olivier Toussaint : \u00ab\u00a0C&rsquo;est bien que l&rsquo;on s&rsquo;y mette, et je tiens \u00e0 pr\u00e9ciser que la F\u00e9d\u00e9ration Nationale des agriculteurs bio organise, depuis pr\u00e8s de 10 ans, une semaine du bio et local, c&rsquo;est l&rsquo;id\u00e9al ! L&rsquo;agriculteur de Gerb\u00e9pal qui avait donc du grain \u00e0 moudre dans le cadre de ce caf\u00e9 citoyen qui s&rsquo;est fini par une d\u00e9gustation de recettes \u00e0 base de plantes et de sorbets \u00e0 base de fruits locaux. On ne sait jamais, au cas o\u00f9 il y aurait encore des sceptiques !<\/p>\n","protected":false},"excerpt":{"rendered":"<p>La semaine du d\u00e9veloppement durable a d\u00e9j\u00e0 commenc\u00e9 depuis lundi pour les \u00e9coliers du secteur \u00e0 diverses sorties et animations [&hellip;]<\/p>\n","protected":false},"author":42,"featured_media":26686,"comment_status":"open","ping_status":"open","sticky":false,"template":"","format":"standard","meta":{"footnotes":""},"categories":[20,13],"tags":[415,153,349],"class_list":["post-26685","post","type-post","status-publish","format-standard","has-post-thumbnail","hentry","category-a-la-une","category-societe","tag-ferme-du-hazard","tag-mediatheque-du-tilleul","tag-semaine-du-developpement-durable"],"acf":[],"yoast_head":"<!-- This site is optimized with the Yoast SEO plugin v22.5 - https:\/\/yoast.com\/wordpress\/plugins\/seo\/ -->\n<title>Manger local, \u00e7a pourrait bien \u00eatre l&#039;id\u00e9al... - Gerardmer Info<\/title>\n<meta name=\"robots\" content=\"index, follow, max-snippet:-1, max-image-preview:large, max-video-preview:-1\" \/>\n<link rel=\"canonical\" href=\"https:\/\/vosgesinfo.fr\/gerardmerinfo\/2017\/06\/manger-local-ca-pourrait-bien-etre-lideal\/\" \/>\n<meta name=\"twitter:card\" content=\"summary_large_image\" \/>\n<meta name=\"twitter:title\" content=\"Manger local, \u00e7a pourrait bien \u00eatre l&#039;id\u00e9al... - Gerardmer Info\" \/>\n<meta name=\"twitter:description\" content=\"La semaine du d\u00e9veloppement durable a d\u00e9j\u00e0 commenc\u00e9 depuis lundi pour les \u00e9coliers du secteur \u00e0 diverses sorties et animations [&hellip;]\" \/>\n<meta name=\"twitter:image\" content=\"https:\/\/vosgesinfo.fr\/app\/uploads\/sites\/6\/2024\/07\/201706cafe-citoyen-manger-local-bio-etc-2.jpg\" \/>\n<meta name=\"twitter:creator\" content=\"@VosgesInfo88\" \/>\n<meta name=\"twitter:site\" content=\"@VosgesInfo88\" \/>\n<meta name=\"twitter:label1\" content=\"\u00c9crit par\" \/>\n\t<meta name=\"twitter:data1\" content=\"QG\" \/>\n\t<meta name=\"twitter:label2\" content=\"Dur\u00e9e de lecture estim\u00e9e\" \/>\n\t<meta name=\"twitter:data2\" content=\"2 minutes\" \/>\n<script type=\"application\/ld+json\" class=\"yoast-schema-graph\">{\"@context\":\"https:\/\/schema.org\",\"@graph\":[{\"@type\":\"Article\",\"@id\":\"https:\/\/vosgesinfo.fr\/gerardmerinfo\/2017\/06\/manger-local-ca-pourrait-bien-etre-lideal\/#article\",\"isPartOf\":{\"@id\":\"https:\/\/vosgesinfo.fr\/gerardmerinfo\/2017\/06\/manger-local-ca-pourrait-bien-etre-lideal\/\"},\"author\":{\"name\":\"QG\",\"@id\":\"https:\/\/vosgesinfo.fr\/gerardmerinfo\/#\/schema\/person\/db5605779a843dad16b5368f3e7613a5\"},\"headline\":\"Manger local, \u00e7a pourrait bien \u00eatre l&rsquo;id\u00e9al&#8230;\",\"datePublished\":\"2017-06-01T14:28:04+00:00\",\"dateModified\":\"2017-06-01T14:28:04+00:00\",\"mainEntityOfPage\":{\"@id\":\"https:\/\/vosgesinfo.fr\/gerardmerinfo\/2017\/06\/manger-local-ca-pourrait-bien-etre-lideal\/\"},\"wordCount\":528,\"commentCount\":0,\"publisher\":{\"@id\":\"https:\/\/vosgesinfo.fr\/gerardmerinfo\/#organization\"},\"image\":{\"@id\":\"https:\/\/vosgesinfo.fr\/gerardmerinfo\/2017\/06\/manger-local-ca-pourrait-bien-etre-lideal\/#primaryimage\"},\"thumbnailUrl\":\"https:\/\/vosgesinfo.fr\/app\/uploads\/sites\/6\/2024\/07\/201706cafe-citoyen-manger-local-bio-etc-2.jpg\",\"keywords\":[\"ferme du hazard\",\"m\u00e9diath\u00e8que du tilleul\",\"semaine du d\u00e9veloppement durable\"],\"articleSection\":[\"A la une\",\"Soci\u00e9t\u00e9\"],\"inLanguage\":\"fr-FR\",\"potentialAction\":[{\"@type\":\"CommentAction\",\"name\":\"Comment\",\"target\":[\"https:\/\/vosgesinfo.fr\/gerardmerinfo\/2017\/06\/manger-local-ca-pourrait-bien-etre-lideal\/#respond\"]}]},{\"@type\":\"WebPage\",\"@id\":\"https:\/\/vosgesinfo.fr\/gerardmerinfo\/2017\/06\/manger-local-ca-pourrait-bien-etre-lideal\/\",\"url\":\"https:\/\/vosgesinfo.fr\/gerardmerinfo\/2017\/06\/manger-local-ca-pourrait-bien-etre-lideal\/\",\"name\":\"Manger local, \u00e7a pourrait bien \u00eatre l'id\u00e9al... - Gerardmer Info\",\"isPartOf\":{\"@id\":\"https:\/\/vosgesinfo.fr\/gerardmerinfo\/#website\"},\"primaryImageOfPage\":{\"@id\":\"https:\/\/vosgesinfo.fr\/gerardmerinfo\/2017\/06\/manger-local-ca-pourrait-bien-etre-lideal\/#primaryimage\"},\"image\":{\"@id\":\"https:\/\/vosgesinfo.fr\/gerardmerinfo\/2017\/06\/manger-local-ca-pourrait-bien-etre-lideal\/#primaryimage\"},\"thumbnailUrl\":\"https:\/\/vosgesinfo.fr\/app\/uploads\/sites\/6\/2024\/07\/201706cafe-citoyen-manger-local-bio-etc-2.jpg\",\"datePublished\":\"2017-06-01T14:28:04+00:00\",\"dateModified\":\"2017-06-01T14:28:04+00:00\",\"breadcrumb\":{\"@id\":\"https:\/\/vosgesinfo.fr\/gerardmerinfo\/2017\/06\/manger-local-ca-pourrait-bien-etre-lideal\/#breadcrumb\"},\"inLanguage\":\"fr-FR\",\"potentialAction\":[{\"@type\":\"ReadAction\",\"target\":[\"https:\/\/vosgesinfo.fr\/gerardmerinfo\/2017\/06\/manger-local-ca-pourrait-bien-etre-lideal\/\"]}]},{\"@type\":\"ImageObject\",\"inLanguage\":\"fr-FR\",\"@id\":\"https:\/\/vosgesinfo.fr\/gerardmerinfo\/2017\/06\/manger-local-ca-pourrait-bien-etre-lideal\/#primaryimage\",\"url\":\"https:\/\/vosgesinfo.fr\/app\/uploads\/sites\/6\/2024\/07\/201706cafe-citoyen-manger-local-bio-etc-2.jpg\",\"contentUrl\":\"https:\/\/vosgesinfo.fr\/app\/uploads\/sites\/6\/2024\/07\/201706cafe-citoyen-manger-local-bio-etc-2.jpg\",\"width\":800,\"height\":450},{\"@type\":\"BreadcrumbList\",\"@id\":\"https:\/\/vosgesinfo.fr\/gerardmerinfo\/2017\/06\/manger-local-ca-pourrait-bien-etre-lideal\/#breadcrumb\",\"itemListElement\":[{\"@type\":\"ListItem\",\"position\":1,\"name\":\"Home\",\"item\":\"https:\/\/vosgesinfo.fr\/gerardmerinfo\/\"},{\"@type\":\"ListItem\",\"position\":2,\"name\":\"Manger local, \u00e7a pourrait bien \u00eatre l&rsquo;id\u00e9al&#8230;\"}]},{\"@type\":\"WebSite\",\"@id\":\"https:\/\/vosgesinfo.fr\/gerardmerinfo\/#website\",\"url\":\"https:\/\/vosgesinfo.fr\/gerardmerinfo\/\",\"name\":\"Gerardmer Info\",\"description\":\"Toute l&#039;actualit\u00e9 de G\u00e9rardmer\",\"publisher\":{\"@id\":\"https:\/\/vosgesinfo.fr\/gerardmerinfo\/#organization\"},\"alternateName\":\"Toute l'actualit\u00e9 de G\u00e9rardmer\",\"potentialAction\":[{\"@type\":\"SearchAction\",\"target\":{\"@type\":\"EntryPoint\",\"urlTemplate\":\"https:\/\/vosgesinfo.fr\/gerardmerinfo\/?s={search_term_string}\"},\"query-input\":\"required name=search_term_string\"}],\"inLanguage\":\"fr-FR\"},{\"@type\":\"Organization\",\"@id\":\"https:\/\/vosgesinfo.fr\/gerardmerinfo\/#organization\",\"name\":\"Gerardmer Info\",\"url\":\"https:\/\/vosgesinfo.fr\/gerardmerinfo\/\",\"logo\":{\"@type\":\"ImageObject\",\"inLanguage\":\"fr-FR\",\"@id\":\"https:\/\/vosgesinfo.fr\/gerardmerinfo\/#\/schema\/logo\/image\/\",\"url\":\"https:\/\/vosgesinfo.fr\/app\/uploads\/sites\/6\/2023\/08\/favicon-gerardmerinfo.png\",\"contentUrl\":\"https:\/\/vosgesinfo.fr\/app\/uploads\/sites\/6\/2023\/08\/favicon-gerardmerinfo.png\",\"width\":512,\"height\":512,\"caption\":\"Gerardmer Info\"},\"image\":{\"@id\":\"https:\/\/vosgesinfo.fr\/gerardmerinfo\/#\/schema\/logo\/image\/\"},\"sameAs\":[\"https:\/\/www.facebook.com\/profile.php?id=100049475262660\",\"https:\/\/x.com\/VosgesInfo88\",\"https:\/\/www.youtube.com\/@vosgesinfo\"]},{\"@type\":\"Person\",\"@id\":\"https:\/\/vosgesinfo.fr\/gerardmerinfo\/#\/schema\/person\/db5605779a843dad16b5368f3e7613a5\",\"name\":\"QG\",\"image\":{\"@type\":\"ImageObject\",\"inLanguage\":\"fr-FR\",\"@id\":\"https:\/\/vosgesinfo.fr\/gerardmerinfo\/#\/schema\/person\/image\/\",\"url\":\"https:\/\/secure.gravatar.com\/avatar\/ea80c42c204b534408512832fde52504ecabb9706bcb6151cf6175e5b64e6793?s=96&d=mm&r=g\",\"contentUrl\":\"https:\/\/secure.gravatar.com\/avatar\/ea80c42c204b534408512832fde52504ecabb9706bcb6151cf6175e5b64e6793?s=96&d=mm&r=g\",\"caption\":\"QG\"},\"url\":\"https:\/\/vosgesinfo.fr\/gerardmerinfo\/author\/quentin88\/\"}]}<\/script>\n<!-- \/ Yoast SEO plugin. -->","yoast_head_json":{"title":"Manger local, \u00e7a pourrait bien \u00eatre l'id\u00e9al... - Gerardmer Info","robots":{"index":"index","follow":"follow","max-snippet":"max-snippet:-1","max-image-preview":"max-image-preview:large","max-video-preview":"max-video-preview:-1"},"canonical":"https:\/\/vosgesinfo.fr\/gerardmerinfo\/2017\/06\/manger-local-ca-pourrait-bien-etre-lideal\/","twitter_card":"summary_large_image","twitter_title":"Manger local, \u00e7a pourrait bien \u00eatre l'id\u00e9al... - Gerardmer Info","twitter_description":"La semaine du d\u00e9veloppement durable a d\u00e9j\u00e0 commenc\u00e9 depuis lundi pour les \u00e9coliers du secteur \u00e0 diverses sorties et animations [&hellip;]","twitter_image":"https:\/\/vosgesinfo.fr\/app\/uploads\/sites\/6\/2024\/07\/201706cafe-citoyen-manger-local-bio-etc-2.jpg","twitter_creator":"@VosgesInfo88","twitter_site":"@VosgesInfo88","twitter_misc":{"\u00c9crit par":"QG","Dur\u00e9e de lecture estim\u00e9e":"2 minutes"},"schema":{"@context":"https:\/\/schema.org","@graph":[{"@type":"Article","@id":"https:\/\/vosgesinfo.fr\/gerardmerinfo\/2017\/06\/manger-local-ca-pourrait-bien-etre-lideal\/#article","isPartOf":{"@id":"https:\/\/vosgesinfo.fr\/gerardmerinfo\/2017\/06\/manger-local-ca-pourrait-bien-etre-lideal\/"},"author":{"name":"QG","@id":"https:\/\/vosgesinfo.fr\/gerardmerinfo\/#\/schema\/person\/db5605779a843dad16b5368f3e7613a5"},"headline":"Manger local, \u00e7a pourrait bien \u00eatre l&rsquo;id\u00e9al&#8230;","datePublished":"2017-06-01T14:28:04+00:00","dateModified":"2017-06-01T14:28:04+00:00","mainEntityOfPage":{"@id":"https:\/\/vosgesinfo.fr\/gerardmerinfo\/2017\/06\/manger-local-ca-pourrait-bien-etre-lideal\/"},"wordCount":528,"commentCount":0,"publisher":{"@id":"https:\/\/vosgesinfo.fr\/gerardmerinfo\/#organization"},"image":{"@id":"https:\/\/vosgesinfo.fr\/gerardmerinfo\/2017\/06\/manger-local-ca-pourrait-bien-etre-lideal\/#primaryimage"},"thumbnailUrl":"https:\/\/vosgesinfo.fr\/app\/uploads\/sites\/6\/2024\/07\/201706cafe-citoyen-manger-local-bio-etc-2.jpg","keywords":["ferme du hazard","m\u00e9diath\u00e8que du tilleul","semaine du d\u00e9veloppement durable"],"articleSection":["A la une","Soci\u00e9t\u00e9"],"inLanguage":"fr-FR","potentialAction":[{"@type":"CommentAction","name":"Comment","target":["https:\/\/vosgesinfo.fr\/gerardmerinfo\/2017\/06\/manger-local-ca-pourrait-bien-etre-lideal\/#respond"]}]},{"@type":"WebPage","@id":"https:\/\/vosgesinfo.fr\/gerardmerinfo\/2017\/06\/manger-local-ca-pourrait-bien-etre-lideal\/","url":"https:\/\/vosgesinfo.fr\/gerardmerinfo\/2017\/06\/manger-local-ca-pourrait-bien-etre-lideal\/","name":"Manger local, \u00e7a pourrait bien \u00eatre l'id\u00e9al... - Gerardmer Info","isPartOf":{"@id":"https:\/\/vosgesinfo.fr\/gerardmerinfo\/#website"},"primaryImageOfPage":{"@id":"https:\/\/vosgesinfo.fr\/gerardmerinfo\/2017\/06\/manger-local-ca-pourrait-bien-etre-lideal\/#primaryimage"},"image":{"@id":"https:\/\/vosgesinfo.fr\/gerardmerinfo\/2017\/06\/manger-local-ca-pourrait-bien-etre-lideal\/#primaryimage"},"thumbnailUrl":"https:\/\/vosgesinfo.fr\/app\/uploads\/sites\/6\/2024\/07\/201706cafe-citoyen-manger-local-bio-etc-2.jpg","datePublished":"2017-06-01T14:28:04+00:00","dateModified":"2017-06-01T14:28:04+00:00","breadcrumb":{"@id":"https:\/\/vosgesinfo.fr\/gerardmerinfo\/2017\/06\/manger-local-ca-pourrait-bien-etre-lideal\/#breadcrumb"},"inLanguage":"fr-FR","potentialAction":[{"@type":"ReadAction","target":["https:\/\/vosgesinfo.fr\/gerardmerinfo\/2017\/06\/manger-local-ca-pourrait-bien-etre-lideal\/"]}]},{"@type":"ImageObject","inLanguage":"fr-FR","@id":"https:\/\/vosgesinfo.fr\/gerardmerinfo\/2017\/06\/manger-local-ca-pourrait-bien-etre-lideal\/#primaryimage","url":"https:\/\/vosgesinfo.fr\/app\/uploads\/sites\/6\/2024\/07\/201706cafe-citoyen-manger-local-bio-etc-2.jpg","contentUrl":"https:\/\/vosgesinfo.fr\/app\/uploads\/sites\/6\/2024\/07\/201706cafe-citoyen-manger-local-bio-etc-2.jpg","width":800,"height":450},{"@type":"BreadcrumbList","@id":"https:\/\/vosgesinfo.fr\/gerardmerinfo\/2017\/06\/manger-local-ca-pourrait-bien-etre-lideal\/#breadcrumb","itemListElement":[{"@type":"ListItem","position":1,"name":"Home","item":"https:\/\/vosgesinfo.fr\/gerardmerinfo\/"},{"@type":"ListItem","position":2,"name":"Manger local, \u00e7a pourrait bien \u00eatre l&rsquo;id\u00e9al&#8230;"}]},{"@type":"WebSite","@id":"https:\/\/vosgesinfo.fr\/gerardmerinfo\/#website","url":"https:\/\/vosgesinfo.fr\/gerardmerinfo\/","name":"Gerardmer Info","description":"Toute l&#039;actualit\u00e9 de G\u00e9rardmer","publisher":{"@id":"https:\/\/vosgesinfo.fr\/gerardmerinfo\/#organization"},"alternateName":"Toute l'actualit\u00e9 de G\u00e9rardmer","potentialAction":[{"@type":"SearchAction","target":{"@type":"EntryPoint","urlTemplate":"https:\/\/vosgesinfo.fr\/gerardmerinfo\/?s={search_term_string}"},"query-input":"required name=search_term_string"}],"inLanguage":"fr-FR"},{"@type":"Organization","@id":"https:\/\/vosgesinfo.fr\/gerardmerinfo\/#organization","name":"Gerardmer Info","url":"https:\/\/vosgesinfo.fr\/gerardmerinfo\/","logo":{"@type":"ImageObject","inLanguage":"fr-FR","@id":"https:\/\/vosgesinfo.fr\/gerardmerinfo\/#\/schema\/logo\/image\/","url":"https:\/\/vosgesinfo.fr\/app\/uploads\/sites\/6\/2023\/08\/favicon-gerardmerinfo.png","contentUrl":"https:\/\/vosgesinfo.fr\/app\/uploads\/sites\/6\/2023\/08\/favicon-gerardmerinfo.png","width":512,"height":512,"caption":"Gerardmer Info"},"image":{"@id":"https:\/\/vosgesinfo.fr\/gerardmerinfo\/#\/schema\/logo\/image\/"},"sameAs":["https:\/\/www.facebook.com\/profile.php?id=100049475262660","https:\/\/x.com\/VosgesInfo88","https:\/\/www.youtube.com\/@vosgesinfo"]},{"@type":"Person","@id":"https:\/\/vosgesinfo.fr\/gerardmerinfo\/#\/schema\/person\/db5605779a843dad16b5368f3e7613a5","name":"QG","image":{"@type":"ImageObject","inLanguage":"fr-FR","@id":"https:\/\/vosgesinfo.fr\/gerardmerinfo\/#\/schema\/person\/image\/","url":"https:\/\/secure.gravatar.com\/avatar\/ea80c42c204b534408512832fde52504ecabb9706bcb6151cf6175e5b64e6793?s=96&d=mm&r=g","contentUrl":"https:\/\/secure.gravatar.com\/avatar\/ea80c42c204b534408512832fde52504ecabb9706bcb6151cf6175e5b64e6793?s=96&d=mm&r=g","caption":"QG"},"url":"https:\/\/vosgesinfo.fr\/gerardmerinfo\/author\/quentin88\/"}]}},"_links":{"self":[{"href":"https:\/\/vosgesinfo.fr\/gerardmerinfo\/wp-json\/wp\/v2\/posts\/26685","targetHints":{"allow":["GET"]}}],"collection":[{"href":"https:\/\/vosgesinfo.fr\/gerardmerinfo\/wp-json\/wp\/v2\/posts"}],"about":[{"href":"https:\/\/vosgesinfo.fr\/gerardmerinfo\/wp-json\/wp\/v2\/types\/post"}],"author":[{"embeddable":true,"href":"https:\/\/vosgesinfo.fr\/gerardmerinfo\/wp-json\/wp\/v2\/users\/42"}],"replies":[{"embeddable":true,"href":"https:\/\/vosgesinfo.fr\/gerardmerinfo\/wp-json\/wp\/v2\/comments?post=26685"}],"version-history":[{"count":0,"href":"https:\/\/vosgesinfo.fr\/gerardmerinfo\/wp-json\/wp\/v2\/posts\/26685\/revisions"}],"wp:featuredmedia":[{"embeddable":true,"href":"https:\/\/vosgesinfo.fr\/gerardmerinfo\/wp-json\/wp\/v2\/media\/26686"}],"wp:attachment":[{"href":"https:\/\/vosgesinfo.fr\/gerardmerinfo\/wp-json\/wp\/v2\/media?parent=26685"}],"wp:term":[{"taxonomy":"category","embeddable":true,"href":"https:\/\/vosgesinfo.fr\/gerardmerinfo\/wp-json\/wp\/v2\/categories?post=26685"},{"taxonomy":"post_tag","embeddable":true,"href":"https:\/\/vosgesinfo.fr\/gerardmerinfo\/wp-json\/wp\/v2\/tags?post=26685"}],"curies":[{"name":"wp","href":"https:\/\/api.w.org\/{rel}","templated":true}]}}