{"id":26698,"date":"2017-06-01T16:27:22","date_gmt":"2017-06-01T14:27:22","guid":{"rendered":"https:\/\/vosgesinfo.fr\/gerardmerinfo\/2017\/06\/handball-seniors-rendent-hommage-a-coach\/"},"modified":"2017-06-01T16:27:22","modified_gmt":"2017-06-01T14:27:22","slug":"handball-seniors-rendent-hommage-a-coach","status":"publish","type":"post","link":"https:\/\/vosgesinfo.fr\/gerardmerinfo\/2017\/06\/handball-seniors-rendent-hommage-a-coach\/","title":{"rendered":"Handball : les seniors rendent hommage \u00e0 leur coach"},"content":{"rendered":"<p><span style=\"font-size: 12pt;\"><a href=\"\/2017\/06\/Hand-fin-de-saison-2017-3.jpg\"><img decoding=\"async\" class=\"aligncenter size-medium wp-image-108915\" src=\"\/2017\/06\/Hand-fin-de-saison-2017-3-340x255.jpg\" alt=\"Hand fin de saison 2017 (3)\" width=\"340\" height=\"255\" \/><\/a>Les seniors de l&rsquo;ASG handball ont termin\u00e9 ce samedi leur championnat en se d\u00e9pla\u00e7ant \u00e0 Contrexeville. Diminu\u00e9s en effectif et fatigu\u00e9s d&rsquo;une saison bien remplie, ils se sont inclin\u00e9s 37 \u00e0 15.\u00a0 Une d\u00e9faite anecdotique car il faudra attendre la d\u00e9cision des instances r\u00e9gionales pour savoir si l&rsquo;\u00e9quipe sera maintenue en r\u00e9gionale&#8230;<br \/>\n<a href=\"\/2017\/06\/Hand-fin-de-saison-2017-1.jpg\"><img decoding=\"async\" class=\"alignleft size-medium wp-image-108913\" src=\"\/2017\/06\/Hand-fin-de-saison-2017-1-340x255.jpg\" alt=\"Hand fin de saison 2017 (1)\" width=\"340\" height=\"255\" \/><\/a>Des belles satisfactions n\u00e9anmoins cette saison pour le club puisque les moins de 18 ans gar\u00e7ons ont fait forte impression : ils finissent premier de leur poule en terminant de la plus belle des mani\u00e8res avec une belle victoire contre Vigneulles. Leur coach Nicolas Michel peut \u00eatre fier de ce bon parcours. F\u00e9licitations \u00e0 eux !<br \/>\nToutes les autres \u00e9quipes n&rsquo;ont pas \u00e0 rougir de leurs saison, bien au contraire. Un r\u00e9el progr\u00e8s est \u00e0 noter pour tout le monde et tous les joueurs sont reconnaissants \u00e0 l&rsquo;\u00e9gard du travail effectu\u00e9 par leur entra\u00eeneur respectif, b\u00e9n\u00e9vole qui plus est&#8230; ( les photos des moins de 15 ans en t\u00e9moignent).<\/span><\/p>\n<p><a href=\"\/2017\/06\/Hand-fin-de-saison-2017-4.jpg\"><img decoding=\"async\" class=\"alignright size-medium wp-image-108916\" src=\"\/2017\/06\/Hand-fin-de-saison-2017-4-340x255.jpg\" alt=\"Hand fin de saison 2017 (4)\" width=\"340\" height=\"255\" \/><\/a>Cette fin de saison aura \u00e9galement \u00e9t\u00e9 marqu\u00e9e par le retrait en tant que joueur de Jonathan SUCHETET. Ce dernier va donner priorit\u00e9 \u00e0 sa vie familiale mais restera n\u00e9anmoins un membre actif au sein du club. Lors de leur dernier match \u00e0 domicile, les seniors lui ont rendu un bel hommage. Et que dire de plus si ce n&rsquo;est un grand merci \u00e0 Jonathan pour sa pr\u00e9cieuse collaboration. Concilier la double caquette de joueur &amp; entra\u00eeneur n&rsquo;a pas \u00e9t\u00e9 facile mais il a su mener sa barque et ses hommes d&rsquo;une main de ma\u00eetre. Un grand bravo \u00e0 lui\u00a0 !<\/p>\n<p><a href=\"\/2017\/06\/Hand-fin-de-saison-2017-2.jpg\"><img decoding=\"async\" class=\"aligncenter size-full wp-image-108914\" src=\"\/2017\/06\/Hand-fin-de-saison-2017-2.jpg\" alt=\"Hand fin de saison 2017 (2)\" width=\"800\" height=\"600\" \/><\/a><\/p>\n","protected":false},"excerpt":{"rendered":"<p>Les seniors de l&rsquo;ASG handball ont termin\u00e9 ce samedi leur championnat en se d\u00e9pla\u00e7ant \u00e0 Contrexeville. Diminu\u00e9s en effectif et [&hellip;]<\/p>\n","protected":false},"author":42,"featured_media":26699,"comment_status":"open","ping_status":"open","sticky":false,"template":"","format":"standard","meta":{"footnotes":""},"categories":[20,14],"tags":[],"class_list":["post-26698","post","type-post","status-publish","format-standard","has-post-thumbnail","hentry","category-a-la-une","category-sport"],"acf":[],"yoast_head":"<!-- This site is optimized with the Yoast SEO plugin v22.5 - https:\/\/yoast.com\/wordpress\/plugins\/seo\/ -->\n<title>Handball : les seniors rendent hommage \u00e0 leur coach - Gerardmer Info<\/title>\n<meta name=\"robots\" content=\"index, follow, max-snippet:-1, max-image-preview:large, max-video-preview:-1\" \/>\n<link rel=\"canonical\" href=\"https:\/\/vosgesinfo.fr\/gerardmerinfo\/2017\/06\/handball-seniors-rendent-hommage-a-coach\/\" \/>\n<meta name=\"twitter:card\" content=\"summary_large_image\" \/>\n<meta name=\"twitter:title\" content=\"Handball : les seniors rendent hommage \u00e0 leur coach - Gerardmer Info\" \/>\n<meta name=\"twitter:description\" content=\"Les seniors de l&rsquo;ASG handball ont termin\u00e9 ce samedi leur championnat en se d\u00e9pla\u00e7ant \u00e0 Contrexeville. Diminu\u00e9s en effectif et [&hellip;]\" \/>\n<meta name=\"twitter:image\" content=\"https:\/\/vosgesinfo.fr\/app\/uploads\/sites\/6\/2024\/07\/201706hand-fin-de-saison-2017-4.jpg\" \/>\n<meta name=\"twitter:creator\" content=\"@VosgesInfo88\" \/>\n<meta name=\"twitter:site\" content=\"@VosgesInfo88\" \/>\n<meta name=\"twitter:label1\" content=\"\u00c9crit par\" \/>\n\t<meta name=\"twitter:data1\" content=\"QG\" \/>\n\t<meta name=\"twitter:label2\" content=\"Dur\u00e9e de lecture estim\u00e9e\" \/>\n\t<meta name=\"twitter:data2\" content=\"1 minute\" \/>\n<script type=\"application\/ld+json\" class=\"yoast-schema-graph\">{\"@context\":\"https:\/\/schema.org\",\"@graph\":[{\"@type\":\"Article\",\"@id\":\"https:\/\/vosgesinfo.fr\/gerardmerinfo\/2017\/06\/handball-seniors-rendent-hommage-a-coach\/#article\",\"isPartOf\":{\"@id\":\"https:\/\/vosgesinfo.fr\/gerardmerinfo\/2017\/06\/handball-seniors-rendent-hommage-a-coach\/\"},\"author\":{\"name\":\"QG\",\"@id\":\"https:\/\/vosgesinfo.fr\/gerardmerinfo\/#\/schema\/person\/db5605779a843dad16b5368f3e7613a5\"},\"headline\":\"Handball : les seniors rendent hommage \u00e0 leur coach\",\"datePublished\":\"2017-06-01T14:27:22+00:00\",\"dateModified\":\"2017-06-01T14:27:22+00:00\",\"mainEntityOfPage\":{\"@id\":\"https:\/\/vosgesinfo.fr\/gerardmerinfo\/2017\/06\/handball-seniors-rendent-hommage-a-coach\/\"},\"wordCount\":283,\"commentCount\":0,\"publisher\":{\"@id\":\"https:\/\/vosgesinfo.fr\/gerardmerinfo\/#organization\"},\"image\":{\"@id\":\"https:\/\/vosgesinfo.fr\/gerardmerinfo\/2017\/06\/handball-seniors-rendent-hommage-a-coach\/#primaryimage\"},\"thumbnailUrl\":\"https:\/\/vosgesinfo.fr\/app\/uploads\/sites\/6\/2024\/07\/201706hand-fin-de-saison-2017-4.jpg\",\"articleSection\":[\"A la une\",\"Sport\"],\"inLanguage\":\"fr-FR\",\"potentialAction\":[{\"@type\":\"CommentAction\",\"name\":\"Comment\",\"target\":[\"https:\/\/vosgesinfo.fr\/gerardmerinfo\/2017\/06\/handball-seniors-rendent-hommage-a-coach\/#respond\"]}]},{\"@type\":\"WebPage\",\"@id\":\"https:\/\/vosgesinfo.fr\/gerardmerinfo\/2017\/06\/handball-seniors-rendent-hommage-a-coach\/\",\"url\":\"https:\/\/vosgesinfo.fr\/gerardmerinfo\/2017\/06\/handball-seniors-rendent-hommage-a-coach\/\",\"name\":\"Handball : les seniors rendent hommage \u00e0 leur coach - Gerardmer Info\",\"isPartOf\":{\"@id\":\"https:\/\/vosgesinfo.fr\/gerardmerinfo\/#website\"},\"primaryImageOfPage\":{\"@id\":\"https:\/\/vosgesinfo.fr\/gerardmerinfo\/2017\/06\/handball-seniors-rendent-hommage-a-coach\/#primaryimage\"},\"image\":{\"@id\":\"https:\/\/vosgesinfo.fr\/gerardmerinfo\/2017\/06\/handball-seniors-rendent-hommage-a-coach\/#primaryimage\"},\"thumbnailUrl\":\"https:\/\/vosgesinfo.fr\/app\/uploads\/sites\/6\/2024\/07\/201706hand-fin-de-saison-2017-4.jpg\",\"datePublished\":\"2017-06-01T14:27:22+00:00\",\"dateModified\":\"2017-06-01T14:27:22+00:00\",\"breadcrumb\":{\"@id\":\"https:\/\/vosgesinfo.fr\/gerardmerinfo\/2017\/06\/handball-seniors-rendent-hommage-a-coach\/#breadcrumb\"},\"inLanguage\":\"fr-FR\",\"potentialAction\":[{\"@type\":\"ReadAction\",\"target\":[\"https:\/\/vosgesinfo.fr\/gerardmerinfo\/2017\/06\/handball-seniors-rendent-hommage-a-coach\/\"]}]},{\"@type\":\"ImageObject\",\"inLanguage\":\"fr-FR\",\"@id\":\"https:\/\/vosgesinfo.fr\/gerardmerinfo\/2017\/06\/handball-seniors-rendent-hommage-a-coach\/#primaryimage\",\"url\":\"https:\/\/vosgesinfo.fr\/app\/uploads\/sites\/6\/2024\/07\/201706hand-fin-de-saison-2017-4.jpg\",\"contentUrl\":\"https:\/\/vosgesinfo.fr\/app\/uploads\/sites\/6\/2024\/07\/201706hand-fin-de-saison-2017-4.jpg\",\"width\":800,\"height\":600},{\"@type\":\"BreadcrumbList\",\"@id\":\"https:\/\/vosgesinfo.fr\/gerardmerinfo\/2017\/06\/handball-seniors-rendent-hommage-a-coach\/#breadcrumb\",\"itemListElement\":[{\"@type\":\"ListItem\",\"position\":1,\"name\":\"Home\",\"item\":\"https:\/\/vosgesinfo.fr\/gerardmerinfo\/\"},{\"@type\":\"ListItem\",\"position\":2,\"name\":\"Handball : les seniors rendent hommage \u00e0 leur coach\"}]},{\"@type\":\"WebSite\",\"@id\":\"https:\/\/vosgesinfo.fr\/gerardmerinfo\/#website\",\"url\":\"https:\/\/vosgesinfo.fr\/gerardmerinfo\/\",\"name\":\"Gerardmer Info\",\"description\":\"Toute l&#039;actualit\u00e9 de G\u00e9rardmer\",\"publisher\":{\"@id\":\"https:\/\/vosgesinfo.fr\/gerardmerinfo\/#organization\"},\"alternateName\":\"Toute l'actualit\u00e9 de G\u00e9rardmer\",\"potentialAction\":[{\"@type\":\"SearchAction\",\"target\":{\"@type\":\"EntryPoint\",\"urlTemplate\":\"https:\/\/vosgesinfo.fr\/gerardmerinfo\/?s={search_term_string}\"},\"query-input\":\"required name=search_term_string\"}],\"inLanguage\":\"fr-FR\"},{\"@type\":\"Organization\",\"@id\":\"https:\/\/vosgesinfo.fr\/gerardmerinfo\/#organization\",\"name\":\"Gerardmer Info\",\"url\":\"https:\/\/vosgesinfo.fr\/gerardmerinfo\/\",\"logo\":{\"@type\":\"ImageObject\",\"inLanguage\":\"fr-FR\",\"@id\":\"https:\/\/vosgesinfo.fr\/gerardmerinfo\/#\/schema\/logo\/image\/\",\"url\":\"https:\/\/vosgesinfo.fr\/app\/uploads\/sites\/6\/2023\/08\/favicon-gerardmerinfo.png\",\"contentUrl\":\"https:\/\/vosgesinfo.fr\/app\/uploads\/sites\/6\/2023\/08\/favicon-gerardmerinfo.png\",\"width\":512,\"height\":512,\"caption\":\"Gerardmer Info\"},\"image\":{\"@id\":\"https:\/\/vosgesinfo.fr\/gerardmerinfo\/#\/schema\/logo\/image\/\"},\"sameAs\":[\"https:\/\/www.facebook.com\/profile.php?id=100049475262660\",\"https:\/\/x.com\/VosgesInfo88\",\"https:\/\/www.youtube.com\/@vosgesinfo\"]},{\"@type\":\"Person\",\"@id\":\"https:\/\/vosgesinfo.fr\/gerardmerinfo\/#\/schema\/person\/db5605779a843dad16b5368f3e7613a5\",\"name\":\"QG\",\"image\":{\"@type\":\"ImageObject\",\"inLanguage\":\"fr-FR\",\"@id\":\"https:\/\/vosgesinfo.fr\/gerardmerinfo\/#\/schema\/person\/image\/\",\"url\":\"https:\/\/secure.gravatar.com\/avatar\/ea80c42c204b534408512832fde52504ecabb9706bcb6151cf6175e5b64e6793?s=96&d=mm&r=g\",\"contentUrl\":\"https:\/\/secure.gravatar.com\/avatar\/ea80c42c204b534408512832fde52504ecabb9706bcb6151cf6175e5b64e6793?s=96&d=mm&r=g\",\"caption\":\"QG\"},\"url\":\"https:\/\/vosgesinfo.fr\/gerardmerinfo\/author\/quentin88\/\"}]}<\/script>\n<!-- \/ Yoast SEO plugin. -->","yoast_head_json":{"title":"Handball : les seniors rendent hommage \u00e0 leur coach - Gerardmer Info","robots":{"index":"index","follow":"follow","max-snippet":"max-snippet:-1","max-image-preview":"max-image-preview:large","max-video-preview":"max-video-preview:-1"},"canonical":"https:\/\/vosgesinfo.fr\/gerardmerinfo\/2017\/06\/handball-seniors-rendent-hommage-a-coach\/","twitter_card":"summary_large_image","twitter_title":"Handball : les seniors rendent hommage \u00e0 leur coach - Gerardmer Info","twitter_description":"Les seniors de l&rsquo;ASG handball ont termin\u00e9 ce samedi leur championnat en se d\u00e9pla\u00e7ant \u00e0 Contrexeville. Diminu\u00e9s en effectif et [&hellip;]","twitter_image":"https:\/\/vosgesinfo.fr\/app\/uploads\/sites\/6\/2024\/07\/201706hand-fin-de-saison-2017-4.jpg","twitter_creator":"@VosgesInfo88","twitter_site":"@VosgesInfo88","twitter_misc":{"\u00c9crit par":"QG","Dur\u00e9e de lecture estim\u00e9e":"1 minute"},"schema":{"@context":"https:\/\/schema.org","@graph":[{"@type":"Article","@id":"https:\/\/vosgesinfo.fr\/gerardmerinfo\/2017\/06\/handball-seniors-rendent-hommage-a-coach\/#article","isPartOf":{"@id":"https:\/\/vosgesinfo.fr\/gerardmerinfo\/2017\/06\/handball-seniors-rendent-hommage-a-coach\/"},"author":{"name":"QG","@id":"https:\/\/vosgesinfo.fr\/gerardmerinfo\/#\/schema\/person\/db5605779a843dad16b5368f3e7613a5"},"headline":"Handball : les seniors rendent hommage \u00e0 leur coach","datePublished":"2017-06-01T14:27:22+00:00","dateModified":"2017-06-01T14:27:22+00:00","mainEntityOfPage":{"@id":"https:\/\/vosgesinfo.fr\/gerardmerinfo\/2017\/06\/handball-seniors-rendent-hommage-a-coach\/"},"wordCount":283,"commentCount":0,"publisher":{"@id":"https:\/\/vosgesinfo.fr\/gerardmerinfo\/#organization"},"image":{"@id":"https:\/\/vosgesinfo.fr\/gerardmerinfo\/2017\/06\/handball-seniors-rendent-hommage-a-coach\/#primaryimage"},"thumbnailUrl":"https:\/\/vosgesinfo.fr\/app\/uploads\/sites\/6\/2024\/07\/201706hand-fin-de-saison-2017-4.jpg","articleSection":["A la une","Sport"],"inLanguage":"fr-FR","potentialAction":[{"@type":"CommentAction","name":"Comment","target":["https:\/\/vosgesinfo.fr\/gerardmerinfo\/2017\/06\/handball-seniors-rendent-hommage-a-coach\/#respond"]}]},{"@type":"WebPage","@id":"https:\/\/vosgesinfo.fr\/gerardmerinfo\/2017\/06\/handball-seniors-rendent-hommage-a-coach\/","url":"https:\/\/vosgesinfo.fr\/gerardmerinfo\/2017\/06\/handball-seniors-rendent-hommage-a-coach\/","name":"Handball : les seniors rendent hommage \u00e0 leur coach - Gerardmer Info","isPartOf":{"@id":"https:\/\/vosgesinfo.fr\/gerardmerinfo\/#website"},"primaryImageOfPage":{"@id":"https:\/\/vosgesinfo.fr\/gerardmerinfo\/2017\/06\/handball-seniors-rendent-hommage-a-coach\/#primaryimage"},"image":{"@id":"https:\/\/vosgesinfo.fr\/gerardmerinfo\/2017\/06\/handball-seniors-rendent-hommage-a-coach\/#primaryimage"},"thumbnailUrl":"https:\/\/vosgesinfo.fr\/app\/uploads\/sites\/6\/2024\/07\/201706hand-fin-de-saison-2017-4.jpg","datePublished":"2017-06-01T14:27:22+00:00","dateModified":"2017-06-01T14:27:22+00:00","breadcrumb":{"@id":"https:\/\/vosgesinfo.fr\/gerardmerinfo\/2017\/06\/handball-seniors-rendent-hommage-a-coach\/#breadcrumb"},"inLanguage":"fr-FR","potentialAction":[{"@type":"ReadAction","target":["https:\/\/vosgesinfo.fr\/gerardmerinfo\/2017\/06\/handball-seniors-rendent-hommage-a-coach\/"]}]},{"@type":"ImageObject","inLanguage":"fr-FR","@id":"https:\/\/vosgesinfo.fr\/gerardmerinfo\/2017\/06\/handball-seniors-rendent-hommage-a-coach\/#primaryimage","url":"https:\/\/vosgesinfo.fr\/app\/uploads\/sites\/6\/2024\/07\/201706hand-fin-de-saison-2017-4.jpg","contentUrl":"https:\/\/vosgesinfo.fr\/app\/uploads\/sites\/6\/2024\/07\/201706hand-fin-de-saison-2017-4.jpg","width":800,"height":600},{"@type":"BreadcrumbList","@id":"https:\/\/vosgesinfo.fr\/gerardmerinfo\/2017\/06\/handball-seniors-rendent-hommage-a-coach\/#breadcrumb","itemListElement":[{"@type":"ListItem","position":1,"name":"Home","item":"https:\/\/vosgesinfo.fr\/gerardmerinfo\/"},{"@type":"ListItem","position":2,"name":"Handball : les seniors rendent hommage \u00e0 leur coach"}]},{"@type":"WebSite","@id":"https:\/\/vosgesinfo.fr\/gerardmerinfo\/#website","url":"https:\/\/vosgesinfo.fr\/gerardmerinfo\/","name":"Gerardmer Info","description":"Toute l&#039;actualit\u00e9 de G\u00e9rardmer","publisher":{"@id":"https:\/\/vosgesinfo.fr\/gerardmerinfo\/#organization"},"alternateName":"Toute l'actualit\u00e9 de G\u00e9rardmer","potentialAction":[{"@type":"SearchAction","target":{"@type":"EntryPoint","urlTemplate":"https:\/\/vosgesinfo.fr\/gerardmerinfo\/?s={search_term_string}"},"query-input":"required name=search_term_string"}],"inLanguage":"fr-FR"},{"@type":"Organization","@id":"https:\/\/vosgesinfo.fr\/gerardmerinfo\/#organization","name":"Gerardmer Info","url":"https:\/\/vosgesinfo.fr\/gerardmerinfo\/","logo":{"@type":"ImageObject","inLanguage":"fr-FR","@id":"https:\/\/vosgesinfo.fr\/gerardmerinfo\/#\/schema\/logo\/image\/","url":"https:\/\/vosgesinfo.fr\/app\/uploads\/sites\/6\/2023\/08\/favicon-gerardmerinfo.png","contentUrl":"https:\/\/vosgesinfo.fr\/app\/uploads\/sites\/6\/2023\/08\/favicon-gerardmerinfo.png","width":512,"height":512,"caption":"Gerardmer Info"},"image":{"@id":"https:\/\/vosgesinfo.fr\/gerardmerinfo\/#\/schema\/logo\/image\/"},"sameAs":["https:\/\/www.facebook.com\/profile.php?id=100049475262660","https:\/\/x.com\/VosgesInfo88","https:\/\/www.youtube.com\/@vosgesinfo"]},{"@type":"Person","@id":"https:\/\/vosgesinfo.fr\/gerardmerinfo\/#\/schema\/person\/db5605779a843dad16b5368f3e7613a5","name":"QG","image":{"@type":"ImageObject","inLanguage":"fr-FR","@id":"https:\/\/vosgesinfo.fr\/gerardmerinfo\/#\/schema\/person\/image\/","url":"https:\/\/secure.gravatar.com\/avatar\/ea80c42c204b534408512832fde52504ecabb9706bcb6151cf6175e5b64e6793?s=96&d=mm&r=g","contentUrl":"https:\/\/secure.gravatar.com\/avatar\/ea80c42c204b534408512832fde52504ecabb9706bcb6151cf6175e5b64e6793?s=96&d=mm&r=g","caption":"QG"},"url":"https:\/\/vosgesinfo.fr\/gerardmerinfo\/author\/quentin88\/"}]}},"_links":{"self":[{"href":"https:\/\/vosgesinfo.fr\/gerardmerinfo\/wp-json\/wp\/v2\/posts\/26698","targetHints":{"allow":["GET"]}}],"collection":[{"href":"https:\/\/vosgesinfo.fr\/gerardmerinfo\/wp-json\/wp\/v2\/posts"}],"about":[{"href":"https:\/\/vosgesinfo.fr\/gerardmerinfo\/wp-json\/wp\/v2\/types\/post"}],"author":[{"embeddable":true,"href":"https:\/\/vosgesinfo.fr\/gerardmerinfo\/wp-json\/wp\/v2\/users\/42"}],"replies":[{"embeddable":true,"href":"https:\/\/vosgesinfo.fr\/gerardmerinfo\/wp-json\/wp\/v2\/comments?post=26698"}],"version-history":[{"count":0,"href":"https:\/\/vosgesinfo.fr\/gerardmerinfo\/wp-json\/wp\/v2\/posts\/26698\/revisions"}],"wp:featuredmedia":[{"embeddable":true,"href":"https:\/\/vosgesinfo.fr\/gerardmerinfo\/wp-json\/wp\/v2\/media\/26699"}],"wp:attachment":[{"href":"https:\/\/vosgesinfo.fr\/gerardmerinfo\/wp-json\/wp\/v2\/media?parent=26698"}],"wp:term":[{"taxonomy":"category","embeddable":true,"href":"https:\/\/vosgesinfo.fr\/gerardmerinfo\/wp-json\/wp\/v2\/categories?post=26698"},{"taxonomy":"post_tag","embeddable":true,"href":"https:\/\/vosgesinfo.fr\/gerardmerinfo\/wp-json\/wp\/v2\/tags?post=26698"}],"curies":[{"name":"wp","href":"https:\/\/api.w.org\/{rel}","templated":true}]}}