{"id":26729,"date":"2017-06-02T06:57:11","date_gmt":"2017-06-02T04:57:11","guid":{"rendered":"https:\/\/vosgesinfo.fr\/gerardmerinfo\/2017\/06\/bresse-cinquieme-incendie-de-boulangerie-pinot-an\/"},"modified":"2017-06-02T06:57:11","modified_gmt":"2017-06-02T04:57:11","slug":"bresse-cinquieme-incendie-de-boulangerie-pinot-an","status":"publish","type":"post","link":"https:\/\/vosgesinfo.fr\/gerardmerinfo\/2017\/06\/bresse-cinquieme-incendie-de-boulangerie-pinot-an\/","title":{"rendered":"La Bresse \u2013 Le cinqui\u00e8me incendie de la boulangerie Pinot en un an"},"content":{"rendered":"<p><a href=\"\/2017\/06\/Incendie-Boulangerie-Pinot-La-Bresse-8.jpg\"><img decoding=\"async\" class=\"aligncenter size-full wp-image-108975\" src=\"\/2017\/06\/Incendie-Boulangerie-Pinot-La-Bresse-8.jpg\" alt=\"Incendie-Boulangerie-Pinot-La-Bresse-8\" width=\"800\" height=\"450\" \/><\/a>Pour la cinqui\u00e8me fois en l\u2019espace d\u2019un an, la boulangerie Pinot a \u00e9t\u00e9 victime d\u2019un incendie durant cette nuit de jeudi 1er \u00e0 vendredi 2 juin 2017. Elle a d\u00fb \u00e0 nouveau fermer ses portes.<\/p>\n<p>C\u2019est \u00e0 2 heures 24 que la gendarmerie des Vosges a \u00e9t\u00e9 alert\u00e9e. Elle a enclench\u00e9 tous les moyens avec le commandant de compagnie, l\u2019identification criminelle et la brigade de recherches.<\/p>\n<p>Un premier incendie est survenu le 6 avril 2016, un second en juin 2016, un troisi\u00e8me le 23 d\u00e9cembre 2016 et un quatri\u00e8me le 22 mars 2017.<\/p>\n<p>Ce cinqui\u00e8me incendie a commis de gros d\u00e9g\u00e2ts. Un fourgon pompe-tonne a \u00e9t\u00e9 engag\u00e9 par les sapeurs-pompiers pour en venir \u00e0 bout.<\/p>\n<p><em>\u201cJe n\u2019ai plus de mots, c\u2019est hallucinant\u201d<\/em> commentait S\u00e9bastien Pinot en mars dernier.<\/p>\n<p><strong>D.J.<\/strong><\/p>\n<div class=\"tiled-gallery type-rectangular\" data-original-width=\"960\" data-carousel-extra=\"null\">\n<div class=\"gallery-row\" data-original-width=\"960\" data-original-height=\"272\">\n<div class=\"gallery-group images-1\" data-original-width=\"480\" data-original-height=\"272\">\n<div class=\"tiled-gallery-item tiled-gallery-item-large\"><a href=\"http:\/\/remiremontinfo.fr\/wp-content\/uploads\/2017\/06\/Incendie-Boulangerie-Pinot-La-Bresse-2.jpg\" data-featherlight=\"image\"> <img decoding=\"async\" title=\"Incendie Boulangerie Pinot La Bresse 2\" src=\"http:\/\/i0.wp.com\/remiremontinfo.fr\/wp-content\/uploads\/2017\/06\/Incendie-Boulangerie-Pinot-La-Bresse-2.jpg?resize=476%2C268\" alt=\"Incendie Boulangerie Pinot La Bresse 2\" data-attachment-id=\"195551\" data-orig-file=\"http:\/\/remiremontinfo.fr\/wp-content\/uploads\/2017\/06\/Incendie-Boulangerie-Pinot-La-Bresse-2.jpg\" data-orig-size=\"800,450\" data-comments-opened=\"1\" data-image-meta=\"{&quot;aperture&quot;:&quot;0&quot;,&quot;credit&quot;:&quot;&quot;,&quot;camera&quot;:&quot;&quot;,&quot;caption&quot;:&quot;&quot;,&quot;created_timestamp&quot;:&quot;0&quot;,&quot;copyright&quot;:&quot;&quot;,&quot;focal_length&quot;:&quot;0&quot;,&quot;iso&quot;:&quot;0&quot;,&quot;shutter_speed&quot;:&quot;0&quot;,&quot;title&quot;:&quot;&quot;,&quot;orientation&quot;:&quot;0&quot;}\" data-image-title=\"Incendie Boulangerie Pinot La Bresse 2\" data-image-description=\"\" data-medium-file=\"http:\/\/remiremontinfo.fr\/wp-content\/uploads\/2017\/06\/Incendie-Boulangerie-Pinot-La-Bresse-2-400x225.jpg\" data-large-file=\"http:\/\/remiremontinfo.fr\/wp-content\/uploads\/2017\/06\/Incendie-Boulangerie-Pinot-La-Bresse-2.jpg\" data-original-width=\"476\" data-original-height=\"268\" data-recalc-dims=\"1\" \/> <\/a><\/div>\n<\/div>\n<div class=\"gallery-group images-1\" data-original-width=\"480\" data-original-height=\"272\">\n<div class=\"tiled-gallery-item tiled-gallery-item-large\"><a href=\"http:\/\/remiremontinfo.fr\/wp-content\/uploads\/2017\/06\/Incendie-Boulangerie-Pinot-La-Bresse-3.jpg\" data-featherlight=\"image\"> <img decoding=\"async\" title=\"Incendie Boulangerie Pinot La Bresse 3\" src=\"http:\/\/i1.wp.com\/remiremontinfo.fr\/wp-content\/uploads\/2017\/06\/Incendie-Boulangerie-Pinot-La-Bresse-3.jpg?resize=476%2C268\" alt=\"Incendie Boulangerie Pinot La Bresse 3\" data-attachment-id=\"195552\" data-orig-file=\"http:\/\/remiremontinfo.fr\/wp-content\/uploads\/2017\/06\/Incendie-Boulangerie-Pinot-La-Bresse-3.jpg\" data-orig-size=\"800,450\" data-comments-opened=\"1\" data-image-meta=\"{&quot;aperture&quot;:&quot;0&quot;,&quot;credit&quot;:&quot;&quot;,&quot;camera&quot;:&quot;&quot;,&quot;caption&quot;:&quot;&quot;,&quot;created_timestamp&quot;:&quot;0&quot;,&quot;copyright&quot;:&quot;&quot;,&quot;focal_length&quot;:&quot;0&quot;,&quot;iso&quot;:&quot;0&quot;,&quot;shutter_speed&quot;:&quot;0&quot;,&quot;title&quot;:&quot;&quot;,&quot;orientation&quot;:&quot;0&quot;}\" data-image-title=\"Incendie Boulangerie Pinot La Bresse 3\" data-image-description=\"\" data-medium-file=\"http:\/\/remiremontinfo.fr\/wp-content\/uploads\/2017\/06\/Incendie-Boulangerie-Pinot-La-Bresse-3-400x225.jpg\" data-large-file=\"http:\/\/remiremontinfo.fr\/wp-content\/uploads\/2017\/06\/Incendie-Boulangerie-Pinot-La-Bresse-3.jpg\" data-original-width=\"476\" data-original-height=\"268\" data-recalc-dims=\"1\" \/> <\/a><\/div>\n<\/div>\n<\/div>\n<div class=\"gallery-row\" data-original-width=\"960\" data-original-height=\"272\">\n<div class=\"gallery-group images-1\" data-original-width=\"480\" data-original-height=\"272\">\n<div class=\"tiled-gallery-item tiled-gallery-item-large\"><a href=\"http:\/\/remiremontinfo.fr\/wp-content\/uploads\/2017\/06\/Incendie-Boulangerie-Pinot-La-Bresse-4.jpg\" data-featherlight=\"image\"> <img decoding=\"async\" title=\"Incendie Boulangerie Pinot La Bresse 4\" src=\"http:\/\/i1.wp.com\/remiremontinfo.fr\/wp-content\/uploads\/2017\/06\/Incendie-Boulangerie-Pinot-La-Bresse-4.jpg?resize=476%2C268\" alt=\"Incendie Boulangerie Pinot La Bresse 4\" data-attachment-id=\"195553\" data-orig-file=\"http:\/\/remiremontinfo.fr\/wp-content\/uploads\/2017\/06\/Incendie-Boulangerie-Pinot-La-Bresse-4.jpg\" data-orig-size=\"800,450\" data-comments-opened=\"1\" data-image-meta=\"{&quot;aperture&quot;:&quot;0&quot;,&quot;credit&quot;:&quot;&quot;,&quot;camera&quot;:&quot;&quot;,&quot;caption&quot;:&quot;&quot;,&quot;created_timestamp&quot;:&quot;0&quot;,&quot;copyright&quot;:&quot;&quot;,&quot;focal_length&quot;:&quot;0&quot;,&quot;iso&quot;:&quot;0&quot;,&quot;shutter_speed&quot;:&quot;0&quot;,&quot;title&quot;:&quot;&quot;,&quot;orientation&quot;:&quot;0&quot;}\" data-image-title=\"Incendie Boulangerie Pinot La Bresse 4\" data-image-description=\"\" data-medium-file=\"http:\/\/remiremontinfo.fr\/wp-content\/uploads\/2017\/06\/Incendie-Boulangerie-Pinot-La-Bresse-4-400x225.jpg\" data-large-file=\"http:\/\/remiremontinfo.fr\/wp-content\/uploads\/2017\/06\/Incendie-Boulangerie-Pinot-La-Bresse-4.jpg\" data-original-width=\"476\" data-original-height=\"268\" data-recalc-dims=\"1\" \/> <\/a><\/div>\n<\/div>\n<div class=\"gallery-group images-1\" data-original-width=\"480\" data-original-height=\"272\">\n<div class=\"tiled-gallery-item tiled-gallery-item-large\"><a href=\"http:\/\/remiremontinfo.fr\/wp-content\/uploads\/2017\/06\/Incendie-Boulangerie-Pinot-La-Bresse-5.jpg\" data-featherlight=\"image\"> <img decoding=\"async\" title=\"Incendie Boulangerie Pinot La Bresse 5\" src=\"http:\/\/i2.wp.com\/remiremontinfo.fr\/wp-content\/uploads\/2017\/06\/Incendie-Boulangerie-Pinot-La-Bresse-5.jpg?resize=476%2C268\" alt=\"Incendie Boulangerie Pinot La Bresse 5\" data-attachment-id=\"195554\" data-orig-file=\"http:\/\/remiremontinfo.fr\/wp-content\/uploads\/2017\/06\/Incendie-Boulangerie-Pinot-La-Bresse-5.jpg\" data-orig-size=\"800,450\" data-comments-opened=\"1\" data-image-meta=\"{&quot;aperture&quot;:&quot;0&quot;,&quot;credit&quot;:&quot;&quot;,&quot;camera&quot;:&quot;&quot;,&quot;caption&quot;:&quot;&quot;,&quot;created_timestamp&quot;:&quot;0&quot;,&quot;copyright&quot;:&quot;&quot;,&quot;focal_length&quot;:&quot;0&quot;,&quot;iso&quot;:&quot;0&quot;,&quot;shutter_speed&quot;:&quot;0&quot;,&quot;title&quot;:&quot;&quot;,&quot;orientation&quot;:&quot;0&quot;}\" data-image-title=\"Incendie Boulangerie Pinot La Bresse 5\" data-image-description=\"\" data-medium-file=\"http:\/\/remiremontinfo.fr\/wp-content\/uploads\/2017\/06\/Incendie-Boulangerie-Pinot-La-Bresse-5-400x225.jpg\" data-large-file=\"http:\/\/remiremontinfo.fr\/wp-content\/uploads\/2017\/06\/Incendie-Boulangerie-Pinot-La-Bresse-5.jpg\" data-original-width=\"476\" data-original-height=\"268\" data-recalc-dims=\"1\" \/> <\/a><\/div>\n<\/div>\n<\/div>\n<div class=\"gallery-row\" data-original-width=\"960\" data-original-height=\"272\">\n<div class=\"gallery-group images-1\" data-original-width=\"480\" data-original-height=\"272\">\n<div class=\"tiled-gallery-item tiled-gallery-item-large\"><a href=\"http:\/\/remiremontinfo.fr\/wp-content\/uploads\/2017\/06\/Incendie-Boulangerie-Pinot-La-Bresse-6.jpg\" data-featherlight=\"image\"> <img decoding=\"async\" title=\"Incendie Boulangerie Pinot La Bresse 6\" src=\"http:\/\/i2.wp.com\/remiremontinfo.fr\/wp-content\/uploads\/2017\/06\/Incendie-Boulangerie-Pinot-La-Bresse-6.jpg?resize=476%2C268\" alt=\"Incendie Boulangerie Pinot La Bresse 6\" data-attachment-id=\"195555\" data-orig-file=\"http:\/\/remiremontinfo.fr\/wp-content\/uploads\/2017\/06\/Incendie-Boulangerie-Pinot-La-Bresse-6.jpg\" data-orig-size=\"800,450\" data-comments-opened=\"1\" data-image-meta=\"{&quot;aperture&quot;:&quot;0&quot;,&quot;credit&quot;:&quot;&quot;,&quot;camera&quot;:&quot;&quot;,&quot;caption&quot;:&quot;&quot;,&quot;created_timestamp&quot;:&quot;0&quot;,&quot;copyright&quot;:&quot;&quot;,&quot;focal_length&quot;:&quot;0&quot;,&quot;iso&quot;:&quot;0&quot;,&quot;shutter_speed&quot;:&quot;0&quot;,&quot;title&quot;:&quot;&quot;,&quot;orientation&quot;:&quot;0&quot;}\" data-image-title=\"Incendie Boulangerie Pinot La Bresse 6\" data-image-description=\"\" data-medium-file=\"http:\/\/remiremontinfo.fr\/wp-content\/uploads\/2017\/06\/Incendie-Boulangerie-Pinot-La-Bresse-6-400x225.jpg\" data-large-file=\"http:\/\/remiremontinfo.fr\/wp-content\/uploads\/2017\/06\/Incendie-Boulangerie-Pinot-La-Bresse-6.jpg\" data-original-width=\"476\" data-original-height=\"268\" data-recalc-dims=\"1\" \/> <\/a><\/div>\n<\/div>\n<div class=\"gallery-group images-1\" data-original-width=\"480\" data-original-height=\"272\">\n<div class=\"tiled-gallery-item tiled-gallery-item-large\"><a href=\"http:\/\/remiremontinfo.fr\/wp-content\/uploads\/2017\/06\/Incendie-Boulangerie-Pinot-La-Bresse-7.jpg\" data-featherlight=\"image\"> <img decoding=\"async\" title=\"Incendie Boulangerie Pinot La Bresse 7\" src=\"http:\/\/i1.wp.com\/remiremontinfo.fr\/wp-content\/uploads\/2017\/06\/Incendie-Boulangerie-Pinot-La-Bresse-7.jpg?resize=476%2C268\" alt=\"Incendie Boulangerie Pinot La Bresse 7\" data-attachment-id=\"195556\" data-orig-file=\"http:\/\/remiremontinfo.fr\/wp-content\/uploads\/2017\/06\/Incendie-Boulangerie-Pinot-La-Bresse-7.jpg\" data-orig-size=\"800,450\" data-comments-opened=\"1\" data-image-meta=\"{&quot;aperture&quot;:&quot;0&quot;,&quot;credit&quot;:&quot;&quot;,&quot;camera&quot;:&quot;&quot;,&quot;caption&quot;:&quot;&quot;,&quot;created_timestamp&quot;:&quot;0&quot;,&quot;copyright&quot;:&quot;&quot;,&quot;focal_length&quot;:&quot;0&quot;,&quot;iso&quot;:&quot;0&quot;,&quot;shutter_speed&quot;:&quot;0&quot;,&quot;title&quot;:&quot;&quot;,&quot;orientation&quot;:&quot;0&quot;}\" data-image-title=\"Incendie Boulangerie Pinot La Bresse 7\" data-image-description=\"\" data-medium-file=\"http:\/\/remiremontinfo.fr\/wp-content\/uploads\/2017\/06\/Incendie-Boulangerie-Pinot-La-Bresse-7-400x225.jpg\" data-large-file=\"http:\/\/remiremontinfo.fr\/wp-content\/uploads\/2017\/06\/Incendie-Boulangerie-Pinot-La-Bresse-7.jpg\" data-original-width=\"476\" data-original-height=\"268\" data-recalc-dims=\"1\" \/> <\/a><\/div>\n<\/div>\n<\/div>\n<div class=\"gallery-row\" data-original-width=\"960\" data-original-height=\"272\">\n<div class=\"gallery-group images-1\" data-original-width=\"480\" data-original-height=\"272\">\n<div class=\"tiled-gallery-item tiled-gallery-item-large\"><a href=\"http:\/\/remiremontinfo.fr\/wp-content\/uploads\/2017\/06\/Incendie-Boulangerie-Pinot-La-Bresse-8.jpg\" data-featherlight=\"image\"> <img decoding=\"async\" title=\"Incendie Boulangerie Pinot La Bresse 8\" src=\"http:\/\/i0.wp.com\/remiremontinfo.fr\/wp-content\/uploads\/2017\/06\/Incendie-Boulangerie-Pinot-La-Bresse-8.jpg?resize=476%2C268\" alt=\"Incendie Boulangerie Pinot La Bresse 8\" data-attachment-id=\"195557\" data-orig-file=\"http:\/\/remiremontinfo.fr\/wp-content\/uploads\/2017\/06\/Incendie-Boulangerie-Pinot-La-Bresse-8.jpg\" data-orig-size=\"800,450\" data-comments-opened=\"1\" data-image-meta=\"{&quot;aperture&quot;:&quot;0&quot;,&quot;credit&quot;:&quot;&quot;,&quot;camera&quot;:&quot;&quot;,&quot;caption&quot;:&quot;&quot;,&quot;created_timestamp&quot;:&quot;0&quot;,&quot;copyright&quot;:&quot;&quot;,&quot;focal_length&quot;:&quot;0&quot;,&quot;iso&quot;:&quot;0&quot;,&quot;shutter_speed&quot;:&quot;0&quot;,&quot;title&quot;:&quot;&quot;,&quot;orientation&quot;:&quot;0&quot;}\" data-image-title=\"Incendie Boulangerie Pinot La Bresse 8\" data-image-description=\"\" data-medium-file=\"http:\/\/remiremontinfo.fr\/wp-content\/uploads\/2017\/06\/Incendie-Boulangerie-Pinot-La-Bresse-8-400x225.jpg\" data-large-file=\"http:\/\/remiremontinfo.fr\/wp-content\/uploads\/2017\/06\/Incendie-Boulangerie-Pinot-La-Bresse-8.jpg\" data-original-width=\"476\" data-original-height=\"268\" data-recalc-dims=\"1\" \/> <\/a><\/div>\n<\/div>\n<div class=\"gallery-group images-1\" data-original-width=\"480\" data-original-height=\"272\">\n<div class=\"tiled-gallery-item tiled-gallery-item-large\"><a href=\"http:\/\/remiremontinfo.fr\/wp-content\/uploads\/2017\/06\/Incendie-Boulangerie-Pinot-La-Bresse.jpg\" data-featherlight=\"image\"> <img decoding=\"async\" title=\"Incendie Boulangerie Pinot La Bresse\" src=\"http:\/\/i2.wp.com\/remiremontinfo.fr\/wp-content\/uploads\/2017\/06\/Incendie-Boulangerie-Pinot-La-Bresse.jpg?resize=476%2C268\" alt=\"Incendie Boulangerie Pinot La Bresse\" data-attachment-id=\"195558\" data-orig-file=\"http:\/\/remiremontinfo.fr\/wp-content\/uploads\/2017\/06\/Incendie-Boulangerie-Pinot-La-Bresse.jpg\" data-orig-size=\"800,450\" data-comments-opened=\"1\" data-image-meta=\"{&quot;aperture&quot;:&quot;0&quot;,&quot;credit&quot;:&quot;&quot;,&quot;camera&quot;:&quot;&quot;,&quot;caption&quot;:&quot;&quot;,&quot;created_timestamp&quot;:&quot;0&quot;,&quot;copyright&quot;:&quot;&quot;,&quot;focal_length&quot;:&quot;0&quot;,&quot;iso&quot;:&quot;0&quot;,&quot;shutter_speed&quot;:&quot;0&quot;,&quot;title&quot;:&quot;&quot;,&quot;orientation&quot;:&quot;0&quot;}\" data-image-title=\"Incendie Boulangerie Pinot La Bresse\" data-image-description=\"\" data-medium-file=\"http:\/\/remiremontinfo.fr\/wp-content\/uploads\/2017\/06\/Incendie-Boulangerie-Pinot-La-Bresse-400x225.jpg\" data-large-file=\"http:\/\/remiremontinfo.fr\/wp-content\/uploads\/2017\/06\/Incendie-Boulangerie-Pinot-La-Bresse.jpg\" data-original-width=\"476\" data-original-height=\"268\" data-recalc-dims=\"1\" \/> <\/a><\/div>\n<\/div>\n<\/div>\n<\/div>\n","protected":false},"excerpt":{"rendered":"<p>Pour la cinqui\u00e8me fois en l\u2019espace d\u2019un an, la boulangerie Pinot a \u00e9t\u00e9 victime d\u2019un incendie durant cette nuit de [&hellip;]<\/p>\n","protected":false},"author":1,"featured_media":26730,"comment_status":"open","ping_status":"open","sticky":false,"template":"","format":"standard","meta":{"footnotes":""},"categories":[20,8,31],"tags":[],"class_list":["post-26729","post","type-post","status-publish","format-standard","has-post-thumbnail","hentry","category-a-la-une","category-faits-divers","category-vosges-faits-divers"],"acf":[],"yoast_head":"<!-- This site is optimized with the Yoast SEO plugin v22.5 - https:\/\/yoast.com\/wordpress\/plugins\/seo\/ -->\n<title>La Bresse \u2013 Le cinqui\u00e8me incendie de la boulangerie Pinot en un an - Gerardmer Info<\/title>\n<meta name=\"robots\" content=\"index, follow, max-snippet:-1, max-image-preview:large, max-video-preview:-1\" \/>\n<link rel=\"canonical\" href=\"https:\/\/vosgesinfo.fr\/gerardmerinfo\/2017\/06\/bresse-cinquieme-incendie-de-boulangerie-pinot-an\/\" \/>\n<meta name=\"twitter:card\" content=\"summary_large_image\" \/>\n<meta name=\"twitter:title\" content=\"La Bresse \u2013 Le cinqui\u00e8me incendie de la boulangerie Pinot en un an - Gerardmer Info\" \/>\n<meta name=\"twitter:description\" content=\"Pour la cinqui\u00e8me fois en l\u2019espace d\u2019un an, la boulangerie Pinot a \u00e9t\u00e9 victime d\u2019un incendie durant cette nuit de [&hellip;]\" \/>\n<meta name=\"twitter:image\" content=\"https:\/\/vosgesinfo.fr\/app\/uploads\/sites\/6\/2024\/07\/201706incendie-boulangerie-pinot-la-bresse-8.jpg\" \/>\n<meta name=\"twitter:creator\" content=\"@VosgesInfo88\" \/>\n<meta name=\"twitter:site\" content=\"@VosgesInfo88\" \/>\n<meta name=\"twitter:label1\" content=\"\u00c9crit par\" \/>\n\t<meta name=\"twitter:data1\" content=\"qs_admin\" \/>\n\t<meta name=\"twitter:label2\" content=\"Dur\u00e9e de lecture estim\u00e9e\" \/>\n\t<meta name=\"twitter:data2\" content=\"1 minute\" \/>\n<script type=\"application\/ld+json\" class=\"yoast-schema-graph\">{\"@context\":\"https:\/\/schema.org\",\"@graph\":[{\"@type\":\"Article\",\"@id\":\"https:\/\/vosgesinfo.fr\/gerardmerinfo\/2017\/06\/bresse-cinquieme-incendie-de-boulangerie-pinot-an\/#article\",\"isPartOf\":{\"@id\":\"https:\/\/vosgesinfo.fr\/gerardmerinfo\/2017\/06\/bresse-cinquieme-incendie-de-boulangerie-pinot-an\/\"},\"author\":{\"name\":\"qs_admin\",\"@id\":\"https:\/\/vosgesinfo.fr\/gerardmerinfo\/#\/schema\/person\/bc5d02d71e6932e81b6dadb7386667b1\"},\"headline\":\"La Bresse \u2013 Le cinqui\u00e8me incendie de la boulangerie Pinot en un an\",\"datePublished\":\"2017-06-02T04:57:11+00:00\",\"dateModified\":\"2017-06-02T04:57:11+00:00\",\"mainEntityOfPage\":{\"@id\":\"https:\/\/vosgesinfo.fr\/gerardmerinfo\/2017\/06\/bresse-cinquieme-incendie-de-boulangerie-pinot-an\/\"},\"wordCount\":144,\"commentCount\":0,\"publisher\":{\"@id\":\"https:\/\/vosgesinfo.fr\/gerardmerinfo\/#organization\"},\"image\":{\"@id\":\"https:\/\/vosgesinfo.fr\/gerardmerinfo\/2017\/06\/bresse-cinquieme-incendie-de-boulangerie-pinot-an\/#primaryimage\"},\"thumbnailUrl\":\"https:\/\/vosgesinfo.fr\/app\/uploads\/sites\/6\/2024\/07\/201706incendie-boulangerie-pinot-la-bresse-8.jpg\",\"articleSection\":[\"A la une\",\"Faits-divers\",\"Vosges\"],\"inLanguage\":\"fr-FR\",\"potentialAction\":[{\"@type\":\"CommentAction\",\"name\":\"Comment\",\"target\":[\"https:\/\/vosgesinfo.fr\/gerardmerinfo\/2017\/06\/bresse-cinquieme-incendie-de-boulangerie-pinot-an\/#respond\"]}]},{\"@type\":\"WebPage\",\"@id\":\"https:\/\/vosgesinfo.fr\/gerardmerinfo\/2017\/06\/bresse-cinquieme-incendie-de-boulangerie-pinot-an\/\",\"url\":\"https:\/\/vosgesinfo.fr\/gerardmerinfo\/2017\/06\/bresse-cinquieme-incendie-de-boulangerie-pinot-an\/\",\"name\":\"La Bresse \u2013 Le cinqui\u00e8me incendie de la boulangerie Pinot en un an - Gerardmer Info\",\"isPartOf\":{\"@id\":\"https:\/\/vosgesinfo.fr\/gerardmerinfo\/#website\"},\"primaryImageOfPage\":{\"@id\":\"https:\/\/vosgesinfo.fr\/gerardmerinfo\/2017\/06\/bresse-cinquieme-incendie-de-boulangerie-pinot-an\/#primaryimage\"},\"image\":{\"@id\":\"https:\/\/vosgesinfo.fr\/gerardmerinfo\/2017\/06\/bresse-cinquieme-incendie-de-boulangerie-pinot-an\/#primaryimage\"},\"thumbnailUrl\":\"https:\/\/vosgesinfo.fr\/app\/uploads\/sites\/6\/2024\/07\/201706incendie-boulangerie-pinot-la-bresse-8.jpg\",\"datePublished\":\"2017-06-02T04:57:11+00:00\",\"dateModified\":\"2017-06-02T04:57:11+00:00\",\"breadcrumb\":{\"@id\":\"https:\/\/vosgesinfo.fr\/gerardmerinfo\/2017\/06\/bresse-cinquieme-incendie-de-boulangerie-pinot-an\/#breadcrumb\"},\"inLanguage\":\"fr-FR\",\"potentialAction\":[{\"@type\":\"ReadAction\",\"target\":[\"https:\/\/vosgesinfo.fr\/gerardmerinfo\/2017\/06\/bresse-cinquieme-incendie-de-boulangerie-pinot-an\/\"]}]},{\"@type\":\"ImageObject\",\"inLanguage\":\"fr-FR\",\"@id\":\"https:\/\/vosgesinfo.fr\/gerardmerinfo\/2017\/06\/bresse-cinquieme-incendie-de-boulangerie-pinot-an\/#primaryimage\",\"url\":\"https:\/\/vosgesinfo.fr\/app\/uploads\/sites\/6\/2024\/07\/201706incendie-boulangerie-pinot-la-bresse-8.jpg\",\"contentUrl\":\"https:\/\/vosgesinfo.fr\/app\/uploads\/sites\/6\/2024\/07\/201706incendie-boulangerie-pinot-la-bresse-8.jpg\",\"width\":800,\"height\":450},{\"@type\":\"BreadcrumbList\",\"@id\":\"https:\/\/vosgesinfo.fr\/gerardmerinfo\/2017\/06\/bresse-cinquieme-incendie-de-boulangerie-pinot-an\/#breadcrumb\",\"itemListElement\":[{\"@type\":\"ListItem\",\"position\":1,\"name\":\"Home\",\"item\":\"https:\/\/vosgesinfo.fr\/gerardmerinfo\/\"},{\"@type\":\"ListItem\",\"position\":2,\"name\":\"La Bresse \u2013 Le cinqui\u00e8me incendie de la boulangerie Pinot en un an\"}]},{\"@type\":\"WebSite\",\"@id\":\"https:\/\/vosgesinfo.fr\/gerardmerinfo\/#website\",\"url\":\"https:\/\/vosgesinfo.fr\/gerardmerinfo\/\",\"name\":\"Gerardmer Info\",\"description\":\"Toute l&#039;actualit\u00e9 de G\u00e9rardmer\",\"publisher\":{\"@id\":\"https:\/\/vosgesinfo.fr\/gerardmerinfo\/#organization\"},\"alternateName\":\"Toute l'actualit\u00e9 de G\u00e9rardmer\",\"potentialAction\":[{\"@type\":\"SearchAction\",\"target\":{\"@type\":\"EntryPoint\",\"urlTemplate\":\"https:\/\/vosgesinfo.fr\/gerardmerinfo\/?s={search_term_string}\"},\"query-input\":\"required name=search_term_string\"}],\"inLanguage\":\"fr-FR\"},{\"@type\":\"Organization\",\"@id\":\"https:\/\/vosgesinfo.fr\/gerardmerinfo\/#organization\",\"name\":\"Gerardmer Info\",\"url\":\"https:\/\/vosgesinfo.fr\/gerardmerinfo\/\",\"logo\":{\"@type\":\"ImageObject\",\"inLanguage\":\"fr-FR\",\"@id\":\"https:\/\/vosgesinfo.fr\/gerardmerinfo\/#\/schema\/logo\/image\/\",\"url\":\"https:\/\/vosgesinfo.fr\/app\/uploads\/sites\/6\/2023\/08\/favicon-gerardmerinfo.png\",\"contentUrl\":\"https:\/\/vosgesinfo.fr\/app\/uploads\/sites\/6\/2023\/08\/favicon-gerardmerinfo.png\",\"width\":512,\"height\":512,\"caption\":\"Gerardmer Info\"},\"image\":{\"@id\":\"https:\/\/vosgesinfo.fr\/gerardmerinfo\/#\/schema\/logo\/image\/\"},\"sameAs\":[\"https:\/\/www.facebook.com\/profile.php?id=100049475262660\",\"https:\/\/x.com\/VosgesInfo88\",\"https:\/\/www.youtube.com\/@vosgesinfo\"]},{\"@type\":\"Person\",\"@id\":\"https:\/\/vosgesinfo.fr\/gerardmerinfo\/#\/schema\/person\/bc5d02d71e6932e81b6dadb7386667b1\",\"name\":\"qs_admin\",\"image\":{\"@type\":\"ImageObject\",\"inLanguage\":\"fr-FR\",\"@id\":\"https:\/\/vosgesinfo.fr\/gerardmerinfo\/#\/schema\/person\/image\/\",\"url\":\"https:\/\/secure.gravatar.com\/avatar\/94b18ee0ed79e4a42ea2f2931277b6841a8999fc6fde214600c78057cf1fe1de?s=96&d=mm&r=g\",\"contentUrl\":\"https:\/\/secure.gravatar.com\/avatar\/94b18ee0ed79e4a42ea2f2931277b6841a8999fc6fde214600c78057cf1fe1de?s=96&d=mm&r=g\",\"caption\":\"qs_admin\"},\"sameAs\":[\"https:\/\/vosgesinfo.fr\/wp\"],\"url\":\"https:\/\/vosgesinfo.fr\/gerardmerinfo\/author\/qs_admin\/\"}]}<\/script>\n<!-- \/ Yoast SEO plugin. -->","yoast_head_json":{"title":"La Bresse \u2013 Le cinqui\u00e8me incendie de la boulangerie Pinot en un an - Gerardmer Info","robots":{"index":"index","follow":"follow","max-snippet":"max-snippet:-1","max-image-preview":"max-image-preview:large","max-video-preview":"max-video-preview:-1"},"canonical":"https:\/\/vosgesinfo.fr\/gerardmerinfo\/2017\/06\/bresse-cinquieme-incendie-de-boulangerie-pinot-an\/","twitter_card":"summary_large_image","twitter_title":"La Bresse \u2013 Le cinqui\u00e8me incendie de la boulangerie Pinot en un an - Gerardmer Info","twitter_description":"Pour la cinqui\u00e8me fois en l\u2019espace d\u2019un an, la boulangerie Pinot a \u00e9t\u00e9 victime d\u2019un incendie durant cette nuit de [&hellip;]","twitter_image":"https:\/\/vosgesinfo.fr\/app\/uploads\/sites\/6\/2024\/07\/201706incendie-boulangerie-pinot-la-bresse-8.jpg","twitter_creator":"@VosgesInfo88","twitter_site":"@VosgesInfo88","twitter_misc":{"\u00c9crit par":"qs_admin","Dur\u00e9e de lecture estim\u00e9e":"1 minute"},"schema":{"@context":"https:\/\/schema.org","@graph":[{"@type":"Article","@id":"https:\/\/vosgesinfo.fr\/gerardmerinfo\/2017\/06\/bresse-cinquieme-incendie-de-boulangerie-pinot-an\/#article","isPartOf":{"@id":"https:\/\/vosgesinfo.fr\/gerardmerinfo\/2017\/06\/bresse-cinquieme-incendie-de-boulangerie-pinot-an\/"},"author":{"name":"qs_admin","@id":"https:\/\/vosgesinfo.fr\/gerardmerinfo\/#\/schema\/person\/bc5d02d71e6932e81b6dadb7386667b1"},"headline":"La Bresse \u2013 Le cinqui\u00e8me incendie de la boulangerie Pinot en un an","datePublished":"2017-06-02T04:57:11+00:00","dateModified":"2017-06-02T04:57:11+00:00","mainEntityOfPage":{"@id":"https:\/\/vosgesinfo.fr\/gerardmerinfo\/2017\/06\/bresse-cinquieme-incendie-de-boulangerie-pinot-an\/"},"wordCount":144,"commentCount":0,"publisher":{"@id":"https:\/\/vosgesinfo.fr\/gerardmerinfo\/#organization"},"image":{"@id":"https:\/\/vosgesinfo.fr\/gerardmerinfo\/2017\/06\/bresse-cinquieme-incendie-de-boulangerie-pinot-an\/#primaryimage"},"thumbnailUrl":"https:\/\/vosgesinfo.fr\/app\/uploads\/sites\/6\/2024\/07\/201706incendie-boulangerie-pinot-la-bresse-8.jpg","articleSection":["A la une","Faits-divers","Vosges"],"inLanguage":"fr-FR","potentialAction":[{"@type":"CommentAction","name":"Comment","target":["https:\/\/vosgesinfo.fr\/gerardmerinfo\/2017\/06\/bresse-cinquieme-incendie-de-boulangerie-pinot-an\/#respond"]}]},{"@type":"WebPage","@id":"https:\/\/vosgesinfo.fr\/gerardmerinfo\/2017\/06\/bresse-cinquieme-incendie-de-boulangerie-pinot-an\/","url":"https:\/\/vosgesinfo.fr\/gerardmerinfo\/2017\/06\/bresse-cinquieme-incendie-de-boulangerie-pinot-an\/","name":"La Bresse \u2013 Le cinqui\u00e8me incendie de la boulangerie Pinot en un an - Gerardmer Info","isPartOf":{"@id":"https:\/\/vosgesinfo.fr\/gerardmerinfo\/#website"},"primaryImageOfPage":{"@id":"https:\/\/vosgesinfo.fr\/gerardmerinfo\/2017\/06\/bresse-cinquieme-incendie-de-boulangerie-pinot-an\/#primaryimage"},"image":{"@id":"https:\/\/vosgesinfo.fr\/gerardmerinfo\/2017\/06\/bresse-cinquieme-incendie-de-boulangerie-pinot-an\/#primaryimage"},"thumbnailUrl":"https:\/\/vosgesinfo.fr\/app\/uploads\/sites\/6\/2024\/07\/201706incendie-boulangerie-pinot-la-bresse-8.jpg","datePublished":"2017-06-02T04:57:11+00:00","dateModified":"2017-06-02T04:57:11+00:00","breadcrumb":{"@id":"https:\/\/vosgesinfo.fr\/gerardmerinfo\/2017\/06\/bresse-cinquieme-incendie-de-boulangerie-pinot-an\/#breadcrumb"},"inLanguage":"fr-FR","potentialAction":[{"@type":"ReadAction","target":["https:\/\/vosgesinfo.fr\/gerardmerinfo\/2017\/06\/bresse-cinquieme-incendie-de-boulangerie-pinot-an\/"]}]},{"@type":"ImageObject","inLanguage":"fr-FR","@id":"https:\/\/vosgesinfo.fr\/gerardmerinfo\/2017\/06\/bresse-cinquieme-incendie-de-boulangerie-pinot-an\/#primaryimage","url":"https:\/\/vosgesinfo.fr\/app\/uploads\/sites\/6\/2024\/07\/201706incendie-boulangerie-pinot-la-bresse-8.jpg","contentUrl":"https:\/\/vosgesinfo.fr\/app\/uploads\/sites\/6\/2024\/07\/201706incendie-boulangerie-pinot-la-bresse-8.jpg","width":800,"height":450},{"@type":"BreadcrumbList","@id":"https:\/\/vosgesinfo.fr\/gerardmerinfo\/2017\/06\/bresse-cinquieme-incendie-de-boulangerie-pinot-an\/#breadcrumb","itemListElement":[{"@type":"ListItem","position":1,"name":"Home","item":"https:\/\/vosgesinfo.fr\/gerardmerinfo\/"},{"@type":"ListItem","position":2,"name":"La Bresse \u2013 Le cinqui\u00e8me incendie de la boulangerie Pinot en un an"}]},{"@type":"WebSite","@id":"https:\/\/vosgesinfo.fr\/gerardmerinfo\/#website","url":"https:\/\/vosgesinfo.fr\/gerardmerinfo\/","name":"Gerardmer Info","description":"Toute l&#039;actualit\u00e9 de G\u00e9rardmer","publisher":{"@id":"https:\/\/vosgesinfo.fr\/gerardmerinfo\/#organization"},"alternateName":"Toute l'actualit\u00e9 de G\u00e9rardmer","potentialAction":[{"@type":"SearchAction","target":{"@type":"EntryPoint","urlTemplate":"https:\/\/vosgesinfo.fr\/gerardmerinfo\/?s={search_term_string}"},"query-input":"required name=search_term_string"}],"inLanguage":"fr-FR"},{"@type":"Organization","@id":"https:\/\/vosgesinfo.fr\/gerardmerinfo\/#organization","name":"Gerardmer Info","url":"https:\/\/vosgesinfo.fr\/gerardmerinfo\/","logo":{"@type":"ImageObject","inLanguage":"fr-FR","@id":"https:\/\/vosgesinfo.fr\/gerardmerinfo\/#\/schema\/logo\/image\/","url":"https:\/\/vosgesinfo.fr\/app\/uploads\/sites\/6\/2023\/08\/favicon-gerardmerinfo.png","contentUrl":"https:\/\/vosgesinfo.fr\/app\/uploads\/sites\/6\/2023\/08\/favicon-gerardmerinfo.png","width":512,"height":512,"caption":"Gerardmer Info"},"image":{"@id":"https:\/\/vosgesinfo.fr\/gerardmerinfo\/#\/schema\/logo\/image\/"},"sameAs":["https:\/\/www.facebook.com\/profile.php?id=100049475262660","https:\/\/x.com\/VosgesInfo88","https:\/\/www.youtube.com\/@vosgesinfo"]},{"@type":"Person","@id":"https:\/\/vosgesinfo.fr\/gerardmerinfo\/#\/schema\/person\/bc5d02d71e6932e81b6dadb7386667b1","name":"qs_admin","image":{"@type":"ImageObject","inLanguage":"fr-FR","@id":"https:\/\/vosgesinfo.fr\/gerardmerinfo\/#\/schema\/person\/image\/","url":"https:\/\/secure.gravatar.com\/avatar\/94b18ee0ed79e4a42ea2f2931277b6841a8999fc6fde214600c78057cf1fe1de?s=96&d=mm&r=g","contentUrl":"https:\/\/secure.gravatar.com\/avatar\/94b18ee0ed79e4a42ea2f2931277b6841a8999fc6fde214600c78057cf1fe1de?s=96&d=mm&r=g","caption":"qs_admin"},"sameAs":["https:\/\/vosgesinfo.fr\/wp"],"url":"https:\/\/vosgesinfo.fr\/gerardmerinfo\/author\/qs_admin\/"}]}},"_links":{"self":[{"href":"https:\/\/vosgesinfo.fr\/gerardmerinfo\/wp-json\/wp\/v2\/posts\/26729","targetHints":{"allow":["GET"]}}],"collection":[{"href":"https:\/\/vosgesinfo.fr\/gerardmerinfo\/wp-json\/wp\/v2\/posts"}],"about":[{"href":"https:\/\/vosgesinfo.fr\/gerardmerinfo\/wp-json\/wp\/v2\/types\/post"}],"author":[{"embeddable":true,"href":"https:\/\/vosgesinfo.fr\/gerardmerinfo\/wp-json\/wp\/v2\/users\/1"}],"replies":[{"embeddable":true,"href":"https:\/\/vosgesinfo.fr\/gerardmerinfo\/wp-json\/wp\/v2\/comments?post=26729"}],"version-history":[{"count":0,"href":"https:\/\/vosgesinfo.fr\/gerardmerinfo\/wp-json\/wp\/v2\/posts\/26729\/revisions"}],"wp:featuredmedia":[{"embeddable":true,"href":"https:\/\/vosgesinfo.fr\/gerardmerinfo\/wp-json\/wp\/v2\/media\/26730"}],"wp:attachment":[{"href":"https:\/\/vosgesinfo.fr\/gerardmerinfo\/wp-json\/wp\/v2\/media?parent=26729"}],"wp:term":[{"taxonomy":"category","embeddable":true,"href":"https:\/\/vosgesinfo.fr\/gerardmerinfo\/wp-json\/wp\/v2\/categories?post=26729"},{"taxonomy":"post_tag","embeddable":true,"href":"https:\/\/vosgesinfo.fr\/gerardmerinfo\/wp-json\/wp\/v2\/tags?post=26729"}],"curies":[{"name":"wp","href":"https:\/\/api.w.org\/{rel}","templated":true}]}}