{"id":26914,"date":"2017-06-10T15:09:25","date_gmt":"2017-06-10T13:09:25","guid":{"rendered":"https:\/\/vosgesinfo.fr\/gerardmerinfo\/2017\/06\/asg-ski-alpin-1-saison-courte-intense\/"},"modified":"2017-06-10T15:09:25","modified_gmt":"2017-06-10T13:09:25","slug":"asg-ski-alpin-1-saison-courte-intense","status":"publish","type":"post","link":"https:\/\/vosgesinfo.fr\/gerardmerinfo\/2017\/06\/asg-ski-alpin-1-saison-courte-intense\/","title":{"rendered":"ASG Ski Alpin : 1 saison courte mais intense !"},"content":{"rendered":"<p><strong>Comme le rappelait le pr\u00e9sident du club Hubert Gourguillon, les descendeurs de l&rsquo;ASG auront donc eu 100 jours pour s&rsquo;exprimer sur la station de G\u00e9rardmer. 100 pour l&rsquo;ASG qui a pu montrer sa puissance de feu et d\u00e9velopper ses trois piliers que sont la comp\u00e9tition, la formation et l&rsquo;animation.<\/strong><\/p>\n<p><a href=\"\/2017\/06\/AG-ski-alpin-2.jpg\"><img decoding=\"async\" class=\"alignleft size-medium wp-image-109431\" src=\"\/2017\/06\/AG-ski-alpin-2-340x255.jpg\" alt=\"AG ski alpin (2)\" width=\"340\" height=\"255\" \/><\/a>A l&rsquo;occasion des assises annuelles du club qui se sont d\u00e9roul\u00e9es en mairie ce vendredi, Hubert Gourguillon et son \u00e9quipe sont donc revenus sur une saison \u00ab\u00a0courte mais intense\u00a0\u00bb pour reprendre les mots du pr\u00e9sident. Avec une bonne vingtaine de comp\u00e9titions organis\u00e9es de la course de promo aux courses internationales, le club g\u00e9r\u00f4mois d\u00e9tient sans doute le record de la saison dans le massif des Vosges. Parmi ces rencontres, on mettra en lumi\u00e8re les 4 jours de courses FIS qui ont \u00e9t\u00e9 une v\u00e9ritable r\u00e9ussite gr\u00e2ce \u00e0 la volont\u00e9 de la station d&rsquo;assurer un enneigement de bonne qualit\u00e9 et une pr\u00e9paration au top !<\/p>\n<p>La ran\u00e7on de la gloire, c&rsquo;est que des responsables du circuit Dames \u00e0 la F\u00e9d\u00e9ration ont gliss\u00e9 l&rsquo;id\u00e9e que les G\u00e9r\u00f4mois se portent candidats\u00a0 \u00e0 l&rsquo;organisation d&rsquo;une manche de Coupe d&rsquo;Europe sur le stadium de la Mauselaine. \u00ab\u00a0Un tr\u00e8s beau projet pour le club, mais un tr\u00e8s gros investissement humain et financier pour envisager la r\u00e9ussite de ce type d&rsquo;\u00e9preuve. Nous sommes dans la phase d&rsquo;analyse du cahier des charges, pour voir si cela est r\u00e9alisable et r\u00e9aliste\u00a0\u00bb commentait \u00e0 ce sujet Hubert Gourguillon. Ce sera de toute fa\u00e7on pr\u00e9matur\u00e9 pour 2018, mais pourquoi pas pour 2019 apr\u00e8s tout ! Ce qui est s\u00fbr, c&rsquo;est que ce genre d&rsquo;\u00e9v\u00e9nement, l&rsquo;ASG Ski Alpin aura encore une fois la possibilit\u00e9 de mettre en avant l&rsquo;une de ses forces : l&rsquo;engagement sans faille de ses b\u00e9n\u00e9voles qui re\u00e7oivent m\u00eame parfois le renfort de clubs voisins sur certaines courses.<\/p>\n<p><strong>\u00ab\u00a0Nous avons notre Fabrice et on le pr\u00eate pas !\u00a0\u00bb<\/strong><\/p>\n<p><a href=\"\/2017\/06\/AG-ski-alpin-1.jpg\"><img decoding=\"async\" class=\"alignright size-medium wp-image-109430\" src=\"\/2017\/06\/AG-ski-alpin-1-340x255.jpg\" alt=\"AG ski alpin (1)\" width=\"340\" height=\"255\" \/><\/a>Hubert Gourguillon a donc tenu \u00e0 remercier l&rsquo;ensemble de ces b\u00e9n\u00e9voles dont le soutien est pr\u00e9cieux, indispensable m\u00eame. Le succ\u00e8s de ces comp\u00e9titions de tous niveaux, le club la doit \u00e9galement \u00e0 la r\u00e9gie municipale de ski avec son directeur Philippe Voirin et son responsable technique Fabrice Clair, sans oublier tout le personnel de la Mauselaine : \u00ab\u00a0Je leur suis pleinement reconnaissant d&rsquo;avoir accept\u00e9 la reprise des 2 slaloms qui devaient avoir lieu au lac Blanc. Gr\u00e2ce \u00e0 cette d\u00e9cision, la tourn\u00e9e internationale dames 2016-2017 dans les Vosges a pu avoir lieu.\u00a0\u00bb De mani\u00e8re plus g\u00e9n\u00e9rale, le pr\u00e9sident a rappel\u00e9 que l&rsquo;un des autres atouts du club est de pouvoir justement compter sur la station avec une direction pleinement consciente des probl\u00e9matiques du monde sportif. Direction qui cherche \u00e0 chaque fois \u00e0 apporter des solutions par sa d\u00e9marche constructive afin que les skieurs de l&rsquo;ASG puissent pratiquer sereinement leur discipline.<\/p>\n<p>Du c\u00f4t\u00e9 des effectifs maintenant, l&rsquo;ASG comptait dans ses rangs pr\u00e8s de 210 licenci\u00e9s \u00ab\u00a0de 7 \u00e0 77 ans\u00a0\u00bb avec toujours une volont\u00e9 de skier un maximum dans le massif mais aussi de se d\u00e9placer\u00a0 dans d&rsquo;autres stations o\u00f9 sur diff\u00e9rents sites, m\u00eame en \u00e9t\u00e9 : \u00ab\u00a0Nous essayons de d\u00e9velopper et de prolonger l&rsquo;activit\u00e9 ski sur toute l&rsquo;ann\u00e9e avec, par exemple, des stages d&rsquo;\u00e9t\u00e9 \u00e0 Tigne sur les glaciers, en Suisse ou encore au Snow Hall d&rsquo;Amn\u00e9ville\u00a0\u00bb , explique Hubert Gourguillon. Le point d&rsquo;orgue en mati\u00e8re de sortie hors du massif \u00e9tant bien entendu le stage annuel en Autriche, toujours aussi appr\u00e9ci\u00e9, un classique&#8230; Globalement, les stages sont arriv\u00e9s \u00e0 un taux de remplissage de 80%, soit un \u00e9cho plus que favorable aupr\u00e8s des licenci\u00e9s.<\/p>\n<p>Pour la saison prochaine, le calendrier devrait une fois de plus \u00eatre bien fourni pour l&rsquo;ASG en mati\u00e8re d&rsquo;organisation comme de stages, sans oublier la bourse aux skis, une des plus grosses du Grand Est et surtout une source de revenus essentielle pour le club \u00e0 laquelle s&rsquo;ajoutent les sponsors et partenaires institutionnels bien entendu (Ville, r\u00e9gion, d\u00e9partement, AGSH, AOEISV, etc). Une \u00e9tape de Coupe de France masters est \u00e9galement envisag\u00e9e, affaire \u00e0 suivre&#8230; Et puis il y aura une nouveaut\u00e9 au registre des sections sportives avec la naissance d&rsquo;une section sportive lyc\u00e9e \u00e0 la Haie Griselle : \u00ab\u00a0Cette section est g\u00e9r\u00e9e par le CDVS, son c\u0153ur de m\u00e9tier est de permettre aux jeunes de tr\u00e8s bon niveau qui sont hors p\u00f4le de pouvoir continuer des comp\u00e9titions de niveau international. L\u00e0 encore, le club apportera son soutien financier aux jeunes issus du club\u00a0\u00bb commentera le pr\u00e9sident de l&rsquo;ASG Ski Alpin.<\/p>\n","protected":false},"excerpt":{"rendered":"<p>Comme le rappelait le pr\u00e9sident du club Hubert Gourguillon, les descendeurs de l&rsquo;ASG auront donc eu 100 jours pour s&rsquo;exprimer [&hellip;]<\/p>\n","protected":false},"author":42,"featured_media":26915,"comment_status":"open","ping_status":"open","sticky":false,"template":"","format":"standard","meta":{"footnotes":""},"categories":[20,14],"tags":[158],"class_list":["post-26914","post","type-post","status-publish","format-standard","has-post-thumbnail","hentry","category-a-la-une","category-sport","tag-asg-ski-alpin"],"acf":[],"yoast_head":"<!-- This site is optimized with the Yoast SEO plugin v22.5 - https:\/\/yoast.com\/wordpress\/plugins\/seo\/ -->\n<title>ASG Ski Alpin : 1 saison courte mais intense ! - Gerardmer Info<\/title>\n<meta name=\"robots\" content=\"index, follow, max-snippet:-1, max-image-preview:large, max-video-preview:-1\" \/>\n<link rel=\"canonical\" href=\"https:\/\/vosgesinfo.fr\/gerardmerinfo\/2017\/06\/asg-ski-alpin-1-saison-courte-intense\/\" \/>\n<meta name=\"twitter:card\" content=\"summary_large_image\" \/>\n<meta name=\"twitter:title\" content=\"ASG Ski Alpin : 1 saison courte mais intense ! - Gerardmer Info\" \/>\n<meta name=\"twitter:description\" content=\"Comme le rappelait le pr\u00e9sident du club Hubert Gourguillon, les descendeurs de l&rsquo;ASG auront donc eu 100 jours pour s&rsquo;exprimer [&hellip;]\" \/>\n<meta name=\"twitter:image\" content=\"https:\/\/vosgesinfo.fr\/app\/uploads\/sites\/6\/2024\/07\/201706ag-ski-alpin-2.jpg\" \/>\n<meta name=\"twitter:creator\" content=\"@VosgesInfo88\" \/>\n<meta name=\"twitter:site\" content=\"@VosgesInfo88\" \/>\n<meta name=\"twitter:label1\" content=\"\u00c9crit par\" \/>\n\t<meta name=\"twitter:data1\" content=\"QG\" \/>\n\t<meta name=\"twitter:label2\" content=\"Dur\u00e9e de lecture estim\u00e9e\" \/>\n\t<meta name=\"twitter:data2\" content=\"4 minutes\" \/>\n<script type=\"application\/ld+json\" class=\"yoast-schema-graph\">{\"@context\":\"https:\/\/schema.org\",\"@graph\":[{\"@type\":\"Article\",\"@id\":\"https:\/\/vosgesinfo.fr\/gerardmerinfo\/2017\/06\/asg-ski-alpin-1-saison-courte-intense\/#article\",\"isPartOf\":{\"@id\":\"https:\/\/vosgesinfo.fr\/gerardmerinfo\/2017\/06\/asg-ski-alpin-1-saison-courte-intense\/\"},\"author\":{\"name\":\"QG\",\"@id\":\"https:\/\/vosgesinfo.fr\/gerardmerinfo\/#\/schema\/person\/db5605779a843dad16b5368f3e7613a5\"},\"headline\":\"ASG Ski Alpin : 1 saison courte mais intense !\",\"datePublished\":\"2017-06-10T13:09:25+00:00\",\"dateModified\":\"2017-06-10T13:09:25+00:00\",\"mainEntityOfPage\":{\"@id\":\"https:\/\/vosgesinfo.fr\/gerardmerinfo\/2017\/06\/asg-ski-alpin-1-saison-courte-intense\/\"},\"wordCount\":822,\"commentCount\":0,\"publisher\":{\"@id\":\"https:\/\/vosgesinfo.fr\/gerardmerinfo\/#organization\"},\"image\":{\"@id\":\"https:\/\/vosgesinfo.fr\/gerardmerinfo\/2017\/06\/asg-ski-alpin-1-saison-courte-intense\/#primaryimage\"},\"thumbnailUrl\":\"https:\/\/vosgesinfo.fr\/app\/uploads\/sites\/6\/2024\/07\/201706ag-ski-alpin-2.jpg\",\"keywords\":[\"asg ski alpin\"],\"articleSection\":[\"A la une\",\"Sport\"],\"inLanguage\":\"fr-FR\",\"potentialAction\":[{\"@type\":\"CommentAction\",\"name\":\"Comment\",\"target\":[\"https:\/\/vosgesinfo.fr\/gerardmerinfo\/2017\/06\/asg-ski-alpin-1-saison-courte-intense\/#respond\"]}]},{\"@type\":\"WebPage\",\"@id\":\"https:\/\/vosgesinfo.fr\/gerardmerinfo\/2017\/06\/asg-ski-alpin-1-saison-courte-intense\/\",\"url\":\"https:\/\/vosgesinfo.fr\/gerardmerinfo\/2017\/06\/asg-ski-alpin-1-saison-courte-intense\/\",\"name\":\"ASG Ski Alpin : 1 saison courte mais intense ! - Gerardmer Info\",\"isPartOf\":{\"@id\":\"https:\/\/vosgesinfo.fr\/gerardmerinfo\/#website\"},\"primaryImageOfPage\":{\"@id\":\"https:\/\/vosgesinfo.fr\/gerardmerinfo\/2017\/06\/asg-ski-alpin-1-saison-courte-intense\/#primaryimage\"},\"image\":{\"@id\":\"https:\/\/vosgesinfo.fr\/gerardmerinfo\/2017\/06\/asg-ski-alpin-1-saison-courte-intense\/#primaryimage\"},\"thumbnailUrl\":\"https:\/\/vosgesinfo.fr\/app\/uploads\/sites\/6\/2024\/07\/201706ag-ski-alpin-2.jpg\",\"datePublished\":\"2017-06-10T13:09:25+00:00\",\"dateModified\":\"2017-06-10T13:09:25+00:00\",\"breadcrumb\":{\"@id\":\"https:\/\/vosgesinfo.fr\/gerardmerinfo\/2017\/06\/asg-ski-alpin-1-saison-courte-intense\/#breadcrumb\"},\"inLanguage\":\"fr-FR\",\"potentialAction\":[{\"@type\":\"ReadAction\",\"target\":[\"https:\/\/vosgesinfo.fr\/gerardmerinfo\/2017\/06\/asg-ski-alpin-1-saison-courte-intense\/\"]}]},{\"@type\":\"ImageObject\",\"inLanguage\":\"fr-FR\",\"@id\":\"https:\/\/vosgesinfo.fr\/gerardmerinfo\/2017\/06\/asg-ski-alpin-1-saison-courte-intense\/#primaryimage\",\"url\":\"https:\/\/vosgesinfo.fr\/app\/uploads\/sites\/6\/2024\/07\/201706ag-ski-alpin-2.jpg\",\"contentUrl\":\"https:\/\/vosgesinfo.fr\/app\/uploads\/sites\/6\/2024\/07\/201706ag-ski-alpin-2.jpg\",\"width\":800,\"height\":600},{\"@type\":\"BreadcrumbList\",\"@id\":\"https:\/\/vosgesinfo.fr\/gerardmerinfo\/2017\/06\/asg-ski-alpin-1-saison-courte-intense\/#breadcrumb\",\"itemListElement\":[{\"@type\":\"ListItem\",\"position\":1,\"name\":\"Home\",\"item\":\"https:\/\/vosgesinfo.fr\/gerardmerinfo\/\"},{\"@type\":\"ListItem\",\"position\":2,\"name\":\"ASG Ski Alpin : 1 saison courte mais intense !\"}]},{\"@type\":\"WebSite\",\"@id\":\"https:\/\/vosgesinfo.fr\/gerardmerinfo\/#website\",\"url\":\"https:\/\/vosgesinfo.fr\/gerardmerinfo\/\",\"name\":\"Gerardmer Info\",\"description\":\"Toute l&#039;actualit\u00e9 de G\u00e9rardmer\",\"publisher\":{\"@id\":\"https:\/\/vosgesinfo.fr\/gerardmerinfo\/#organization\"},\"alternateName\":\"Toute l'actualit\u00e9 de G\u00e9rardmer\",\"potentialAction\":[{\"@type\":\"SearchAction\",\"target\":{\"@type\":\"EntryPoint\",\"urlTemplate\":\"https:\/\/vosgesinfo.fr\/gerardmerinfo\/?s={search_term_string}\"},\"query-input\":\"required name=search_term_string\"}],\"inLanguage\":\"fr-FR\"},{\"@type\":\"Organization\",\"@id\":\"https:\/\/vosgesinfo.fr\/gerardmerinfo\/#organization\",\"name\":\"Gerardmer Info\",\"url\":\"https:\/\/vosgesinfo.fr\/gerardmerinfo\/\",\"logo\":{\"@type\":\"ImageObject\",\"inLanguage\":\"fr-FR\",\"@id\":\"https:\/\/vosgesinfo.fr\/gerardmerinfo\/#\/schema\/logo\/image\/\",\"url\":\"https:\/\/vosgesinfo.fr\/app\/uploads\/sites\/6\/2023\/08\/favicon-gerardmerinfo.png\",\"contentUrl\":\"https:\/\/vosgesinfo.fr\/app\/uploads\/sites\/6\/2023\/08\/favicon-gerardmerinfo.png\",\"width\":512,\"height\":512,\"caption\":\"Gerardmer Info\"},\"image\":{\"@id\":\"https:\/\/vosgesinfo.fr\/gerardmerinfo\/#\/schema\/logo\/image\/\"},\"sameAs\":[\"https:\/\/www.facebook.com\/profile.php?id=100049475262660\",\"https:\/\/x.com\/VosgesInfo88\",\"https:\/\/www.youtube.com\/@vosgesinfo\"]},{\"@type\":\"Person\",\"@id\":\"https:\/\/vosgesinfo.fr\/gerardmerinfo\/#\/schema\/person\/db5605779a843dad16b5368f3e7613a5\",\"name\":\"QG\",\"image\":{\"@type\":\"ImageObject\",\"inLanguage\":\"fr-FR\",\"@id\":\"https:\/\/vosgesinfo.fr\/gerardmerinfo\/#\/schema\/person\/image\/\",\"url\":\"https:\/\/secure.gravatar.com\/avatar\/ea80c42c204b534408512832fde52504ecabb9706bcb6151cf6175e5b64e6793?s=96&d=mm&r=g\",\"contentUrl\":\"https:\/\/secure.gravatar.com\/avatar\/ea80c42c204b534408512832fde52504ecabb9706bcb6151cf6175e5b64e6793?s=96&d=mm&r=g\",\"caption\":\"QG\"},\"url\":\"https:\/\/vosgesinfo.fr\/gerardmerinfo\/author\/quentin88\/\"}]}<\/script>\n<!-- \/ Yoast SEO plugin. -->","yoast_head_json":{"title":"ASG Ski Alpin : 1 saison courte mais intense ! - Gerardmer Info","robots":{"index":"index","follow":"follow","max-snippet":"max-snippet:-1","max-image-preview":"max-image-preview:large","max-video-preview":"max-video-preview:-1"},"canonical":"https:\/\/vosgesinfo.fr\/gerardmerinfo\/2017\/06\/asg-ski-alpin-1-saison-courte-intense\/","twitter_card":"summary_large_image","twitter_title":"ASG Ski Alpin : 1 saison courte mais intense ! - Gerardmer Info","twitter_description":"Comme le rappelait le pr\u00e9sident du club Hubert Gourguillon, les descendeurs de l&rsquo;ASG auront donc eu 100 jours pour s&rsquo;exprimer [&hellip;]","twitter_image":"https:\/\/vosgesinfo.fr\/app\/uploads\/sites\/6\/2024\/07\/201706ag-ski-alpin-2.jpg","twitter_creator":"@VosgesInfo88","twitter_site":"@VosgesInfo88","twitter_misc":{"\u00c9crit par":"QG","Dur\u00e9e de lecture estim\u00e9e":"4 minutes"},"schema":{"@context":"https:\/\/schema.org","@graph":[{"@type":"Article","@id":"https:\/\/vosgesinfo.fr\/gerardmerinfo\/2017\/06\/asg-ski-alpin-1-saison-courte-intense\/#article","isPartOf":{"@id":"https:\/\/vosgesinfo.fr\/gerardmerinfo\/2017\/06\/asg-ski-alpin-1-saison-courte-intense\/"},"author":{"name":"QG","@id":"https:\/\/vosgesinfo.fr\/gerardmerinfo\/#\/schema\/person\/db5605779a843dad16b5368f3e7613a5"},"headline":"ASG Ski Alpin : 1 saison courte mais intense !","datePublished":"2017-06-10T13:09:25+00:00","dateModified":"2017-06-10T13:09:25+00:00","mainEntityOfPage":{"@id":"https:\/\/vosgesinfo.fr\/gerardmerinfo\/2017\/06\/asg-ski-alpin-1-saison-courte-intense\/"},"wordCount":822,"commentCount":0,"publisher":{"@id":"https:\/\/vosgesinfo.fr\/gerardmerinfo\/#organization"},"image":{"@id":"https:\/\/vosgesinfo.fr\/gerardmerinfo\/2017\/06\/asg-ski-alpin-1-saison-courte-intense\/#primaryimage"},"thumbnailUrl":"https:\/\/vosgesinfo.fr\/app\/uploads\/sites\/6\/2024\/07\/201706ag-ski-alpin-2.jpg","keywords":["asg ski alpin"],"articleSection":["A la une","Sport"],"inLanguage":"fr-FR","potentialAction":[{"@type":"CommentAction","name":"Comment","target":["https:\/\/vosgesinfo.fr\/gerardmerinfo\/2017\/06\/asg-ski-alpin-1-saison-courte-intense\/#respond"]}]},{"@type":"WebPage","@id":"https:\/\/vosgesinfo.fr\/gerardmerinfo\/2017\/06\/asg-ski-alpin-1-saison-courte-intense\/","url":"https:\/\/vosgesinfo.fr\/gerardmerinfo\/2017\/06\/asg-ski-alpin-1-saison-courte-intense\/","name":"ASG Ski Alpin : 1 saison courte mais intense ! - Gerardmer Info","isPartOf":{"@id":"https:\/\/vosgesinfo.fr\/gerardmerinfo\/#website"},"primaryImageOfPage":{"@id":"https:\/\/vosgesinfo.fr\/gerardmerinfo\/2017\/06\/asg-ski-alpin-1-saison-courte-intense\/#primaryimage"},"image":{"@id":"https:\/\/vosgesinfo.fr\/gerardmerinfo\/2017\/06\/asg-ski-alpin-1-saison-courte-intense\/#primaryimage"},"thumbnailUrl":"https:\/\/vosgesinfo.fr\/app\/uploads\/sites\/6\/2024\/07\/201706ag-ski-alpin-2.jpg","datePublished":"2017-06-10T13:09:25+00:00","dateModified":"2017-06-10T13:09:25+00:00","breadcrumb":{"@id":"https:\/\/vosgesinfo.fr\/gerardmerinfo\/2017\/06\/asg-ski-alpin-1-saison-courte-intense\/#breadcrumb"},"inLanguage":"fr-FR","potentialAction":[{"@type":"ReadAction","target":["https:\/\/vosgesinfo.fr\/gerardmerinfo\/2017\/06\/asg-ski-alpin-1-saison-courte-intense\/"]}]},{"@type":"ImageObject","inLanguage":"fr-FR","@id":"https:\/\/vosgesinfo.fr\/gerardmerinfo\/2017\/06\/asg-ski-alpin-1-saison-courte-intense\/#primaryimage","url":"https:\/\/vosgesinfo.fr\/app\/uploads\/sites\/6\/2024\/07\/201706ag-ski-alpin-2.jpg","contentUrl":"https:\/\/vosgesinfo.fr\/app\/uploads\/sites\/6\/2024\/07\/201706ag-ski-alpin-2.jpg","width":800,"height":600},{"@type":"BreadcrumbList","@id":"https:\/\/vosgesinfo.fr\/gerardmerinfo\/2017\/06\/asg-ski-alpin-1-saison-courte-intense\/#breadcrumb","itemListElement":[{"@type":"ListItem","position":1,"name":"Home","item":"https:\/\/vosgesinfo.fr\/gerardmerinfo\/"},{"@type":"ListItem","position":2,"name":"ASG Ski Alpin : 1 saison courte mais intense !"}]},{"@type":"WebSite","@id":"https:\/\/vosgesinfo.fr\/gerardmerinfo\/#website","url":"https:\/\/vosgesinfo.fr\/gerardmerinfo\/","name":"Gerardmer Info","description":"Toute l&#039;actualit\u00e9 de G\u00e9rardmer","publisher":{"@id":"https:\/\/vosgesinfo.fr\/gerardmerinfo\/#organization"},"alternateName":"Toute l'actualit\u00e9 de G\u00e9rardmer","potentialAction":[{"@type":"SearchAction","target":{"@type":"EntryPoint","urlTemplate":"https:\/\/vosgesinfo.fr\/gerardmerinfo\/?s={search_term_string}"},"query-input":"required name=search_term_string"}],"inLanguage":"fr-FR"},{"@type":"Organization","@id":"https:\/\/vosgesinfo.fr\/gerardmerinfo\/#organization","name":"Gerardmer Info","url":"https:\/\/vosgesinfo.fr\/gerardmerinfo\/","logo":{"@type":"ImageObject","inLanguage":"fr-FR","@id":"https:\/\/vosgesinfo.fr\/gerardmerinfo\/#\/schema\/logo\/image\/","url":"https:\/\/vosgesinfo.fr\/app\/uploads\/sites\/6\/2023\/08\/favicon-gerardmerinfo.png","contentUrl":"https:\/\/vosgesinfo.fr\/app\/uploads\/sites\/6\/2023\/08\/favicon-gerardmerinfo.png","width":512,"height":512,"caption":"Gerardmer Info"},"image":{"@id":"https:\/\/vosgesinfo.fr\/gerardmerinfo\/#\/schema\/logo\/image\/"},"sameAs":["https:\/\/www.facebook.com\/profile.php?id=100049475262660","https:\/\/x.com\/VosgesInfo88","https:\/\/www.youtube.com\/@vosgesinfo"]},{"@type":"Person","@id":"https:\/\/vosgesinfo.fr\/gerardmerinfo\/#\/schema\/person\/db5605779a843dad16b5368f3e7613a5","name":"QG","image":{"@type":"ImageObject","inLanguage":"fr-FR","@id":"https:\/\/vosgesinfo.fr\/gerardmerinfo\/#\/schema\/person\/image\/","url":"https:\/\/secure.gravatar.com\/avatar\/ea80c42c204b534408512832fde52504ecabb9706bcb6151cf6175e5b64e6793?s=96&d=mm&r=g","contentUrl":"https:\/\/secure.gravatar.com\/avatar\/ea80c42c204b534408512832fde52504ecabb9706bcb6151cf6175e5b64e6793?s=96&d=mm&r=g","caption":"QG"},"url":"https:\/\/vosgesinfo.fr\/gerardmerinfo\/author\/quentin88\/"}]}},"_links":{"self":[{"href":"https:\/\/vosgesinfo.fr\/gerardmerinfo\/wp-json\/wp\/v2\/posts\/26914","targetHints":{"allow":["GET"]}}],"collection":[{"href":"https:\/\/vosgesinfo.fr\/gerardmerinfo\/wp-json\/wp\/v2\/posts"}],"about":[{"href":"https:\/\/vosgesinfo.fr\/gerardmerinfo\/wp-json\/wp\/v2\/types\/post"}],"author":[{"embeddable":true,"href":"https:\/\/vosgesinfo.fr\/gerardmerinfo\/wp-json\/wp\/v2\/users\/42"}],"replies":[{"embeddable":true,"href":"https:\/\/vosgesinfo.fr\/gerardmerinfo\/wp-json\/wp\/v2\/comments?post=26914"}],"version-history":[{"count":0,"href":"https:\/\/vosgesinfo.fr\/gerardmerinfo\/wp-json\/wp\/v2\/posts\/26914\/revisions"}],"wp:featuredmedia":[{"embeddable":true,"href":"https:\/\/vosgesinfo.fr\/gerardmerinfo\/wp-json\/wp\/v2\/media\/26915"}],"wp:attachment":[{"href":"https:\/\/vosgesinfo.fr\/gerardmerinfo\/wp-json\/wp\/v2\/media?parent=26914"}],"wp:term":[{"taxonomy":"category","embeddable":true,"href":"https:\/\/vosgesinfo.fr\/gerardmerinfo\/wp-json\/wp\/v2\/categories?post=26914"},{"taxonomy":"post_tag","embeddable":true,"href":"https:\/\/vosgesinfo.fr\/gerardmerinfo\/wp-json\/wp\/v2\/tags?post=26914"}],"curies":[{"name":"wp","href":"https:\/\/api.w.org\/{rel}","templated":true}]}}