{"id":27112,"date":"2017-06-17T15:32:02","date_gmt":"2017-06-17T13:32:02","guid":{"rendered":"https:\/\/vosgesinfo.fr\/gerardmerinfo\/2017\/06\/tony-viard-grand-trail-2017\/"},"modified":"2017-06-17T15:32:02","modified_gmt":"2017-06-17T13:32:02","slug":"tony-viard-grand-trail-2017","status":"publish","type":"post","link":"https:\/\/vosgesinfo.fr\/gerardmerinfo\/2017\/06\/tony-viard-grand-trail-2017\/","title":{"rendered":"Tony Viard est le \u00ab\u00a0Grand Trail\u00a0\u00bb 2017"},"content":{"rendered":"<div id=\"attachment_109914\" style=\"width: 810px\" class=\"wp-caption aligncenter\"><img decoding=\"async\" aria-describedby=\"caption-attachment-109914\" class=\"size-full wp-image-109914\" src=\"\/2017\/06\/P1090405.jpg\" alt=\"La belle perf de Tony Viard vainqueur du 88km\" width=\"800\" height=\"600\" \/><p id=\"caption-attachment-109914\" class=\"wp-caption-text\"><span style=\"color: #000000;\"><strong>La belle \u00ab\u00a0perf\u00a0\u00bb de Tony Viard vainqueur du 88km<\/strong><\/span><\/p><\/div>\n<p>IL sont partis dans la nuit, pour retrouver les bords du lac sur les coups de 14h. C&rsquo;est le cas de Tony\u00a0 Viard qui devient le Grand Trail 2017 en s&rsquo;imposant dans une course o\u00f9 son fr\u00e8re Loic a pourtant longtemps men\u00e9 avant une d\u00e9faillance qui lui co\u00fbte sans doute la victoire. La troisi\u00e8me marche du podium revient\u00a0 \u00e0 Christophe Gleis.<\/p>\n<p>En ce qui concerne le 55 km, c&rsquo;est\u00a0 <span class=\"st\">Johannick<\/span> No\u00ebl qui s&rsquo;impose devant Guillaume Dussart\u00a0 et Bruno Lallemand.<\/p>\n<p>Ils ont dit :<\/p>\n<p><strong>Tony Viard<\/strong> : <em>impeccable, je suis vraiment content de ma course, un beau parcours, c&rsquo;\u00e9tait un peu les championnats du COHM. j&rsquo;ai fait les 50 premiers kilom\u00e8tres avec mon fr\u00e8re, on avait d\u00e9cid\u00e9 de partir vite. Le petit incident avec Pierrel ( d\u00e9class\u00e9 pour s\u2019\u00eatre tromp\u00e9 de chemin et se retrouver en t\u00eate) fut plut\u00f4t motivant avec l&rsquo;envie d&rsquo;aller le chercher. Ce fut une belle journ\u00e9e<\/em><\/p>\n<p><strong><span class=\"st\">\u00a0Johannick No\u00ebl<em> :<\/em><\/span><em><span class=\"st\"><br \/>\n<\/span><\/em><\/strong><\/p>\n<p>J&rsquo;ai pris un bon d\u00e9part avec de supers sensations que j&rsquo;avais d\u00e9j\u00e0 la vieille. En fait, j\u2019ai g\u00e9r\u00e9 ma course apr\u00e8s \u00eatre revenu sur Guillaume Dussart qui a pris un coup de buis. C&rsquo;est une revanche pour moi apr\u00e8s ma d\u00e9convenue d&rsquo;y il y a deux ans. Le parcours est magnifique, je pense le refaire pour pr\u00e9parer les championnats de France en septembre.<\/p>\n<p><strong>Les classements :<\/strong><\/p>\n<p><strong><span style=\"color: #0000ff;\"><a style=\"color: #0000ff;\" href=\"\/2017\/06\/87km-2.pdf\">87km (2)<\/a>\u00a0 <a style=\"color: #0000ff;\" href=\"\/2017\/06\/55km-1.pdf\">55km (1)<\/a>\u00a0\u00a0 <a style=\"color: #0000ff;\" href=\"\/2017\/06\/naturelle2017.pdf\">naturelle2017<\/a><\/span><\/strong><\/p>\n\n","protected":false},"excerpt":{"rendered":"<p>IL sont partis dans la nuit, pour retrouver les bords du lac sur les coups de 14h. C&rsquo;est le cas [&hellip;]<\/p>\n","protected":false},"author":1,"featured_media":27113,"comment_status":"open","ping_status":"open","sticky":false,"template":"","format":"standard","meta":{"footnotes":""},"categories":[20,14],"tags":[],"class_list":["post-27112","post","type-post","status-publish","format-standard","has-post-thumbnail","hentry","category-a-la-une","category-sport"],"acf":[],"yoast_head":"<!-- This site is optimized with the Yoast SEO plugin v22.5 - https:\/\/yoast.com\/wordpress\/plugins\/seo\/ -->\n<title>Tony Viard est le &quot;Grand Trail&quot; 2017 - Gerardmer Info<\/title>\n<meta name=\"robots\" content=\"index, follow, max-snippet:-1, max-image-preview:large, max-video-preview:-1\" \/>\n<link rel=\"canonical\" href=\"https:\/\/vosgesinfo.fr\/gerardmerinfo\/2017\/06\/tony-viard-grand-trail-2017\/\" \/>\n<meta name=\"twitter:card\" content=\"summary_large_image\" \/>\n<meta name=\"twitter:title\" content=\"Tony Viard est le &quot;Grand Trail&quot; 2017 - Gerardmer Info\" \/>\n<meta name=\"twitter:description\" content=\"IL sont partis dans la nuit, pour retrouver les bords du lac sur les coups de 14h. C&rsquo;est le cas [&hellip;]\" \/>\n<meta name=\"twitter:image\" content=\"https:\/\/vosgesinfo.fr\/app\/uploads\/sites\/6\/2024\/07\/201706p1090405.jpg\" \/>\n<meta name=\"twitter:creator\" content=\"@VosgesInfo88\" \/>\n<meta name=\"twitter:site\" content=\"@VosgesInfo88\" \/>\n<meta name=\"twitter:label1\" content=\"\u00c9crit par\" \/>\n\t<meta name=\"twitter:data1\" content=\"qs_admin\" \/>\n\t<meta name=\"twitter:label2\" content=\"Dur\u00e9e de lecture estim\u00e9e\" \/>\n\t<meta name=\"twitter:data2\" content=\"1 minute\" \/>\n<script type=\"application\/ld+json\" class=\"yoast-schema-graph\">{\"@context\":\"https:\/\/schema.org\",\"@graph\":[{\"@type\":\"Article\",\"@id\":\"https:\/\/vosgesinfo.fr\/gerardmerinfo\/2017\/06\/tony-viard-grand-trail-2017\/#article\",\"isPartOf\":{\"@id\":\"https:\/\/vosgesinfo.fr\/gerardmerinfo\/2017\/06\/tony-viard-grand-trail-2017\/\"},\"author\":{\"name\":\"qs_admin\",\"@id\":\"https:\/\/vosgesinfo.fr\/gerardmerinfo\/#\/schema\/person\/bc5d02d71e6932e81b6dadb7386667b1\"},\"headline\":\"Tony Viard est le \u00ab\u00a0Grand Trail\u00a0\u00bb 2017\",\"datePublished\":\"2017-06-17T13:32:02+00:00\",\"dateModified\":\"2017-06-17T13:32:02+00:00\",\"mainEntityOfPage\":{\"@id\":\"https:\/\/vosgesinfo.fr\/gerardmerinfo\/2017\/06\/tony-viard-grand-trail-2017\/\"},\"wordCount\":278,\"commentCount\":0,\"publisher\":{\"@id\":\"https:\/\/vosgesinfo.fr\/gerardmerinfo\/#organization\"},\"image\":{\"@id\":\"https:\/\/vosgesinfo.fr\/gerardmerinfo\/2017\/06\/tony-viard-grand-trail-2017\/#primaryimage\"},\"thumbnailUrl\":\"https:\/\/vosgesinfo.fr\/app\/uploads\/sites\/6\/2024\/07\/201706p1090405.jpg\",\"articleSection\":[\"A la une\",\"Sport\"],\"inLanguage\":\"fr-FR\",\"potentialAction\":[{\"@type\":\"CommentAction\",\"name\":\"Comment\",\"target\":[\"https:\/\/vosgesinfo.fr\/gerardmerinfo\/2017\/06\/tony-viard-grand-trail-2017\/#respond\"]}]},{\"@type\":\"WebPage\",\"@id\":\"https:\/\/vosgesinfo.fr\/gerardmerinfo\/2017\/06\/tony-viard-grand-trail-2017\/\",\"url\":\"https:\/\/vosgesinfo.fr\/gerardmerinfo\/2017\/06\/tony-viard-grand-trail-2017\/\",\"name\":\"Tony Viard est le \\\"Grand Trail\\\" 2017 - Gerardmer Info\",\"isPartOf\":{\"@id\":\"https:\/\/vosgesinfo.fr\/gerardmerinfo\/#website\"},\"primaryImageOfPage\":{\"@id\":\"https:\/\/vosgesinfo.fr\/gerardmerinfo\/2017\/06\/tony-viard-grand-trail-2017\/#primaryimage\"},\"image\":{\"@id\":\"https:\/\/vosgesinfo.fr\/gerardmerinfo\/2017\/06\/tony-viard-grand-trail-2017\/#primaryimage\"},\"thumbnailUrl\":\"https:\/\/vosgesinfo.fr\/app\/uploads\/sites\/6\/2024\/07\/201706p1090405.jpg\",\"datePublished\":\"2017-06-17T13:32:02+00:00\",\"dateModified\":\"2017-06-17T13:32:02+00:00\",\"breadcrumb\":{\"@id\":\"https:\/\/vosgesinfo.fr\/gerardmerinfo\/2017\/06\/tony-viard-grand-trail-2017\/#breadcrumb\"},\"inLanguage\":\"fr-FR\",\"potentialAction\":[{\"@type\":\"ReadAction\",\"target\":[\"https:\/\/vosgesinfo.fr\/gerardmerinfo\/2017\/06\/tony-viard-grand-trail-2017\/\"]}]},{\"@type\":\"ImageObject\",\"inLanguage\":\"fr-FR\",\"@id\":\"https:\/\/vosgesinfo.fr\/gerardmerinfo\/2017\/06\/tony-viard-grand-trail-2017\/#primaryimage\",\"url\":\"https:\/\/vosgesinfo.fr\/app\/uploads\/sites\/6\/2024\/07\/201706p1090405.jpg\",\"contentUrl\":\"https:\/\/vosgesinfo.fr\/app\/uploads\/sites\/6\/2024\/07\/201706p1090405.jpg\",\"width\":800,\"height\":600},{\"@type\":\"BreadcrumbList\",\"@id\":\"https:\/\/vosgesinfo.fr\/gerardmerinfo\/2017\/06\/tony-viard-grand-trail-2017\/#breadcrumb\",\"itemListElement\":[{\"@type\":\"ListItem\",\"position\":1,\"name\":\"Home\",\"item\":\"https:\/\/vosgesinfo.fr\/gerardmerinfo\/\"},{\"@type\":\"ListItem\",\"position\":2,\"name\":\"Tony Viard est le \u00ab\u00a0Grand Trail\u00a0\u00bb 2017\"}]},{\"@type\":\"WebSite\",\"@id\":\"https:\/\/vosgesinfo.fr\/gerardmerinfo\/#website\",\"url\":\"https:\/\/vosgesinfo.fr\/gerardmerinfo\/\",\"name\":\"Gerardmer Info\",\"description\":\"Toute l&#039;actualit\u00e9 de G\u00e9rardmer\",\"publisher\":{\"@id\":\"https:\/\/vosgesinfo.fr\/gerardmerinfo\/#organization\"},\"alternateName\":\"Toute l'actualit\u00e9 de G\u00e9rardmer\",\"potentialAction\":[{\"@type\":\"SearchAction\",\"target\":{\"@type\":\"EntryPoint\",\"urlTemplate\":\"https:\/\/vosgesinfo.fr\/gerardmerinfo\/?s={search_term_string}\"},\"query-input\":\"required name=search_term_string\"}],\"inLanguage\":\"fr-FR\"},{\"@type\":\"Organization\",\"@id\":\"https:\/\/vosgesinfo.fr\/gerardmerinfo\/#organization\",\"name\":\"Gerardmer Info\",\"url\":\"https:\/\/vosgesinfo.fr\/gerardmerinfo\/\",\"logo\":{\"@type\":\"ImageObject\",\"inLanguage\":\"fr-FR\",\"@id\":\"https:\/\/vosgesinfo.fr\/gerardmerinfo\/#\/schema\/logo\/image\/\",\"url\":\"https:\/\/vosgesinfo.fr\/app\/uploads\/sites\/6\/2023\/08\/favicon-gerardmerinfo.png\",\"contentUrl\":\"https:\/\/vosgesinfo.fr\/app\/uploads\/sites\/6\/2023\/08\/favicon-gerardmerinfo.png\",\"width\":512,\"height\":512,\"caption\":\"Gerardmer Info\"},\"image\":{\"@id\":\"https:\/\/vosgesinfo.fr\/gerardmerinfo\/#\/schema\/logo\/image\/\"},\"sameAs\":[\"https:\/\/www.facebook.com\/profile.php?id=100049475262660\",\"https:\/\/x.com\/VosgesInfo88\",\"https:\/\/www.youtube.com\/@vosgesinfo\"]},{\"@type\":\"Person\",\"@id\":\"https:\/\/vosgesinfo.fr\/gerardmerinfo\/#\/schema\/person\/bc5d02d71e6932e81b6dadb7386667b1\",\"name\":\"qs_admin\",\"image\":{\"@type\":\"ImageObject\",\"inLanguage\":\"fr-FR\",\"@id\":\"https:\/\/vosgesinfo.fr\/gerardmerinfo\/#\/schema\/person\/image\/\",\"url\":\"https:\/\/secure.gravatar.com\/avatar\/94b18ee0ed79e4a42ea2f2931277b6841a8999fc6fde214600c78057cf1fe1de?s=96&d=mm&r=g\",\"contentUrl\":\"https:\/\/secure.gravatar.com\/avatar\/94b18ee0ed79e4a42ea2f2931277b6841a8999fc6fde214600c78057cf1fe1de?s=96&d=mm&r=g\",\"caption\":\"qs_admin\"},\"sameAs\":[\"https:\/\/vosgesinfo.fr\/wp\"],\"url\":\"https:\/\/vosgesinfo.fr\/gerardmerinfo\/author\/qs_admin\/\"}]}<\/script>\n<!-- \/ Yoast SEO plugin. -->","yoast_head_json":{"title":"Tony Viard est le \"Grand Trail\" 2017 - Gerardmer Info","robots":{"index":"index","follow":"follow","max-snippet":"max-snippet:-1","max-image-preview":"max-image-preview:large","max-video-preview":"max-video-preview:-1"},"canonical":"https:\/\/vosgesinfo.fr\/gerardmerinfo\/2017\/06\/tony-viard-grand-trail-2017\/","twitter_card":"summary_large_image","twitter_title":"Tony Viard est le \"Grand Trail\" 2017 - Gerardmer Info","twitter_description":"IL sont partis dans la nuit, pour retrouver les bords du lac sur les coups de 14h. C&rsquo;est le cas [&hellip;]","twitter_image":"https:\/\/vosgesinfo.fr\/app\/uploads\/sites\/6\/2024\/07\/201706p1090405.jpg","twitter_creator":"@VosgesInfo88","twitter_site":"@VosgesInfo88","twitter_misc":{"\u00c9crit par":"qs_admin","Dur\u00e9e de lecture estim\u00e9e":"1 minute"},"schema":{"@context":"https:\/\/schema.org","@graph":[{"@type":"Article","@id":"https:\/\/vosgesinfo.fr\/gerardmerinfo\/2017\/06\/tony-viard-grand-trail-2017\/#article","isPartOf":{"@id":"https:\/\/vosgesinfo.fr\/gerardmerinfo\/2017\/06\/tony-viard-grand-trail-2017\/"},"author":{"name":"qs_admin","@id":"https:\/\/vosgesinfo.fr\/gerardmerinfo\/#\/schema\/person\/bc5d02d71e6932e81b6dadb7386667b1"},"headline":"Tony Viard est le \u00ab\u00a0Grand Trail\u00a0\u00bb 2017","datePublished":"2017-06-17T13:32:02+00:00","dateModified":"2017-06-17T13:32:02+00:00","mainEntityOfPage":{"@id":"https:\/\/vosgesinfo.fr\/gerardmerinfo\/2017\/06\/tony-viard-grand-trail-2017\/"},"wordCount":278,"commentCount":0,"publisher":{"@id":"https:\/\/vosgesinfo.fr\/gerardmerinfo\/#organization"},"image":{"@id":"https:\/\/vosgesinfo.fr\/gerardmerinfo\/2017\/06\/tony-viard-grand-trail-2017\/#primaryimage"},"thumbnailUrl":"https:\/\/vosgesinfo.fr\/app\/uploads\/sites\/6\/2024\/07\/201706p1090405.jpg","articleSection":["A la une","Sport"],"inLanguage":"fr-FR","potentialAction":[{"@type":"CommentAction","name":"Comment","target":["https:\/\/vosgesinfo.fr\/gerardmerinfo\/2017\/06\/tony-viard-grand-trail-2017\/#respond"]}]},{"@type":"WebPage","@id":"https:\/\/vosgesinfo.fr\/gerardmerinfo\/2017\/06\/tony-viard-grand-trail-2017\/","url":"https:\/\/vosgesinfo.fr\/gerardmerinfo\/2017\/06\/tony-viard-grand-trail-2017\/","name":"Tony Viard est le \"Grand Trail\" 2017 - Gerardmer Info","isPartOf":{"@id":"https:\/\/vosgesinfo.fr\/gerardmerinfo\/#website"},"primaryImageOfPage":{"@id":"https:\/\/vosgesinfo.fr\/gerardmerinfo\/2017\/06\/tony-viard-grand-trail-2017\/#primaryimage"},"image":{"@id":"https:\/\/vosgesinfo.fr\/gerardmerinfo\/2017\/06\/tony-viard-grand-trail-2017\/#primaryimage"},"thumbnailUrl":"https:\/\/vosgesinfo.fr\/app\/uploads\/sites\/6\/2024\/07\/201706p1090405.jpg","datePublished":"2017-06-17T13:32:02+00:00","dateModified":"2017-06-17T13:32:02+00:00","breadcrumb":{"@id":"https:\/\/vosgesinfo.fr\/gerardmerinfo\/2017\/06\/tony-viard-grand-trail-2017\/#breadcrumb"},"inLanguage":"fr-FR","potentialAction":[{"@type":"ReadAction","target":["https:\/\/vosgesinfo.fr\/gerardmerinfo\/2017\/06\/tony-viard-grand-trail-2017\/"]}]},{"@type":"ImageObject","inLanguage":"fr-FR","@id":"https:\/\/vosgesinfo.fr\/gerardmerinfo\/2017\/06\/tony-viard-grand-trail-2017\/#primaryimage","url":"https:\/\/vosgesinfo.fr\/app\/uploads\/sites\/6\/2024\/07\/201706p1090405.jpg","contentUrl":"https:\/\/vosgesinfo.fr\/app\/uploads\/sites\/6\/2024\/07\/201706p1090405.jpg","width":800,"height":600},{"@type":"BreadcrumbList","@id":"https:\/\/vosgesinfo.fr\/gerardmerinfo\/2017\/06\/tony-viard-grand-trail-2017\/#breadcrumb","itemListElement":[{"@type":"ListItem","position":1,"name":"Home","item":"https:\/\/vosgesinfo.fr\/gerardmerinfo\/"},{"@type":"ListItem","position":2,"name":"Tony Viard est le \u00ab\u00a0Grand Trail\u00a0\u00bb 2017"}]},{"@type":"WebSite","@id":"https:\/\/vosgesinfo.fr\/gerardmerinfo\/#website","url":"https:\/\/vosgesinfo.fr\/gerardmerinfo\/","name":"Gerardmer Info","description":"Toute l&#039;actualit\u00e9 de G\u00e9rardmer","publisher":{"@id":"https:\/\/vosgesinfo.fr\/gerardmerinfo\/#organization"},"alternateName":"Toute l'actualit\u00e9 de G\u00e9rardmer","potentialAction":[{"@type":"SearchAction","target":{"@type":"EntryPoint","urlTemplate":"https:\/\/vosgesinfo.fr\/gerardmerinfo\/?s={search_term_string}"},"query-input":"required name=search_term_string"}],"inLanguage":"fr-FR"},{"@type":"Organization","@id":"https:\/\/vosgesinfo.fr\/gerardmerinfo\/#organization","name":"Gerardmer Info","url":"https:\/\/vosgesinfo.fr\/gerardmerinfo\/","logo":{"@type":"ImageObject","inLanguage":"fr-FR","@id":"https:\/\/vosgesinfo.fr\/gerardmerinfo\/#\/schema\/logo\/image\/","url":"https:\/\/vosgesinfo.fr\/app\/uploads\/sites\/6\/2023\/08\/favicon-gerardmerinfo.png","contentUrl":"https:\/\/vosgesinfo.fr\/app\/uploads\/sites\/6\/2023\/08\/favicon-gerardmerinfo.png","width":512,"height":512,"caption":"Gerardmer Info"},"image":{"@id":"https:\/\/vosgesinfo.fr\/gerardmerinfo\/#\/schema\/logo\/image\/"},"sameAs":["https:\/\/www.facebook.com\/profile.php?id=100049475262660","https:\/\/x.com\/VosgesInfo88","https:\/\/www.youtube.com\/@vosgesinfo"]},{"@type":"Person","@id":"https:\/\/vosgesinfo.fr\/gerardmerinfo\/#\/schema\/person\/bc5d02d71e6932e81b6dadb7386667b1","name":"qs_admin","image":{"@type":"ImageObject","inLanguage":"fr-FR","@id":"https:\/\/vosgesinfo.fr\/gerardmerinfo\/#\/schema\/person\/image\/","url":"https:\/\/secure.gravatar.com\/avatar\/94b18ee0ed79e4a42ea2f2931277b6841a8999fc6fde214600c78057cf1fe1de?s=96&d=mm&r=g","contentUrl":"https:\/\/secure.gravatar.com\/avatar\/94b18ee0ed79e4a42ea2f2931277b6841a8999fc6fde214600c78057cf1fe1de?s=96&d=mm&r=g","caption":"qs_admin"},"sameAs":["https:\/\/vosgesinfo.fr\/wp"],"url":"https:\/\/vosgesinfo.fr\/gerardmerinfo\/author\/qs_admin\/"}]}},"_links":{"self":[{"href":"https:\/\/vosgesinfo.fr\/gerardmerinfo\/wp-json\/wp\/v2\/posts\/27112","targetHints":{"allow":["GET"]}}],"collection":[{"href":"https:\/\/vosgesinfo.fr\/gerardmerinfo\/wp-json\/wp\/v2\/posts"}],"about":[{"href":"https:\/\/vosgesinfo.fr\/gerardmerinfo\/wp-json\/wp\/v2\/types\/post"}],"author":[{"embeddable":true,"href":"https:\/\/vosgesinfo.fr\/gerardmerinfo\/wp-json\/wp\/v2\/users\/1"}],"replies":[{"embeddable":true,"href":"https:\/\/vosgesinfo.fr\/gerardmerinfo\/wp-json\/wp\/v2\/comments?post=27112"}],"version-history":[{"count":0,"href":"https:\/\/vosgesinfo.fr\/gerardmerinfo\/wp-json\/wp\/v2\/posts\/27112\/revisions"}],"wp:featuredmedia":[{"embeddable":true,"href":"https:\/\/vosgesinfo.fr\/gerardmerinfo\/wp-json\/wp\/v2\/media\/27113"}],"wp:attachment":[{"href":"https:\/\/vosgesinfo.fr\/gerardmerinfo\/wp-json\/wp\/v2\/media?parent=27112"}],"wp:term":[{"taxonomy":"category","embeddable":true,"href":"https:\/\/vosgesinfo.fr\/gerardmerinfo\/wp-json\/wp\/v2\/categories?post=27112"},{"taxonomy":"post_tag","embeddable":true,"href":"https:\/\/vosgesinfo.fr\/gerardmerinfo\/wp-json\/wp\/v2\/tags?post=27112"}],"curies":[{"name":"wp","href":"https:\/\/api.w.org\/{rel}","templated":true}]}}