{"id":27259,"date":"2017-06-22T15:52:07","date_gmt":"2017-06-22T13:52:07","guid":{"rendered":"https:\/\/vosgesinfo.fr\/gerardmerinfo\/2017\/06\/piou-piou-amis-chantier-jeunes-2017\/"},"modified":"2017-06-22T15:52:07","modified_gmt":"2017-06-22T13:52:07","slug":"piou-piou-amis-chantier-jeunes-2017","status":"publish","type":"post","link":"https:\/\/vosgesinfo.fr\/gerardmerinfo\/2017\/06\/piou-piou-amis-chantier-jeunes-2017\/","title":{"rendered":"Piou-Piou et tous ses amis pour le chantier jeunes 2017"},"content":{"rendered":"<p><strong><a href=\"\/2017\/06\/chantier-jeunes-mauselaine-1.jpg\"><img decoding=\"async\" class=\"aligncenter size-full wp-image-110220\" src=\"\/2017\/06\/chantier-jeunes-mauselaine-1.jpg\" alt=\"chantier jeunes mauselaine (1)\" width=\"800\" height=\"600\" \/><\/a>Cette ann\u00e9e encore, la Commune avait d\u00e9cid\u00e9 de lancer un chantier jeunes en 2 volets : une partie \u00ab\u00a0travaux\u00a0\u00bb qui s&rsquo;est gliss\u00e9e dans le cadre du Plan Territorial d&rsquo;Education Artistique (PTEA), et une partie \u00ab\u00a0loisirs\u00a0\u00bb qui se tiendra du vendredi 23 au dimanche 25 Juin.<\/strong><\/p>\n<p><a href=\"\/2017\/06\/chantier-jeunes-mauselaine-2.jpg\"><img decoding=\"async\" class=\"alignright wp-image-110221 size-medium\" src=\"\/2017\/06\/chantier-jeunes-mauselaine-2-340x255.jpg\" alt=\"chantier jeunes mauselaine (2)\" width=\"340\" height=\"255\" \/><\/a>Pour cette nouvelle \u00e9dition, la Commune avait souhait\u00e9 mettre en place une mission en lien avec l&rsquo;ESF locale en confiant la d\u00e9coration int\u00e9rieure et ext\u00e9rieure du chalet d&rsquo;accueil du jardin d&rsquo;enfants de la Mauselaine aux jeunes du Bergon. Chalet qui accueille les skieurs de 3 \u00e0 12 ans lors des cours de ski notamment. \u00ab\u00a0Nous voulions vraiment faire participer des jeunes du coin \u00e0 la d\u00e9co de ce chalet\u00a0\u00bb\u00a0 pr\u00e9cise ainsi Franck Lemaire, directeur de l&rsquo;ESF. Le chantier a ainsi \u00e9t\u00e9 encadr\u00e9 par Erdogan Alimli du service jeunesse de la mairie, ainsi que par Max Vallon, artiste\/graphiste de l&rsquo;association <span style=\"color: #800000;\"><a style=\"color: #800000;\" href=\"http:\/\/2bprod.blogspot.fr\/\" target=\"_blank\" rel=\"noopener\">2BProd<\/a>.<br \/>\n<\/span><\/p>\n<p>6 jeunes, 4 gar\u00e7ons et 2 filles pag\u00e9s de 13 \u00e0 15 ans ont particip\u00e9 \u00e0 ce projet intitul\u00e9 \u00ab\u00a0Les arts graphiques aux pieds des pistes\u00a0\u00bb ayant pour but de d\u00e9couvrir les techniques li\u00e9es \u00e0 l&rsquo;art graphique en r\u00e9alisant des panneaux d\u00e9coratifs et d\u00e9montables. Pour cela, la petite \u00e9quipe s&rsquo;est inspir\u00e9e des 5 mascottes de l&rsquo;ESF, le fameux Piou-Piou en t\u00eate et ses amis Garolou, Blanchot, Sifflotte et Titourson. Les participants au chantier ont travaill\u00e9 7 mercredis, de la conception du projet au dessin en passant par la fabrication et la peinture des panneaux en bois, le tout dans le local de l&rsquo;Espace Jeunes du Bergon. L&rsquo;op\u00e9ration a \u00e9t\u00e9 financ\u00e9e par la CAF, la DRAC ainsi que la Ville de G\u00e9rardmer.<\/p>\n<p><a href=\"\/2017\/06\/chantier-jeunes-mauselaine-3.jpg\"><img decoding=\"async\" class=\"alignleft wp-image-110219 size-medium\" src=\"\/2017\/06\/chantier-jeunes-mauselaine-3-340x255.jpg\" alt=\"chantier jeunes mauselaine (3)\" width=\"340\" height=\"255\" \/><\/a>Le r\u00e9sultat est plus que convaincant et habille \u00e0 merveille le chalet d&rsquo;une touche plus fun et color\u00e9e tout en restant dans l&rsquo;esprit du ski et des mascottes existantes. Les 6 jeunes partiront ainsi d\u00e8s vendredi \u00e0 la d\u00e9couverte des Hautes Vosges lors d&rsquo;un s\u00e9jour au refuge du Sotr\u00e9 avec au programme rando et VTT. Une petite partie karting est \u00e9galement au programme et le week-end se finira par une journ\u00e9e \u00e0 Europa Park dimanche. Par ailleurs, l&rsquo;ESF leur a remis une m\u00e9daille \u00e0 l&rsquo;effigie des mascottes et un petit livret p\u00e9dagogique sur le jardin d&rsquo;enfants. Cet hiver, ils b\u00e9n\u00e9ficieront de cours de ski, mais \u00e9galement d&rsquo;une journ\u00e9e d\u00e9couverte du domaine skiable de la Mauselaine avec probablement une participation \u00e0 la descente aux flambeaux par exemple, histoire de finir en beaut\u00e9 !<\/p>\n<p>&nbsp;<\/p>\n","protected":false},"excerpt":{"rendered":"<p>Cette ann\u00e9e encore, la Commune avait d\u00e9cid\u00e9 de lancer un chantier jeunes en 2 volets : une partie \u00ab\u00a0travaux\u00a0\u00bb qui [&hellip;]<\/p>\n","protected":false},"author":42,"featured_media":27260,"comment_status":"open","ping_status":"open","sticky":false,"template":"","format":"standard","meta":{"footnotes":""},"categories":[20,25,14,15],"tags":[3140,3141],"class_list":["post-27259","post","type-post","status-publish","format-standard","has-post-thumbnail","hentry","category-a-la-une","category-gerardmer","category-sport","category-tourisme","tag-chantier-jeunes-du-bergon","tag-esf-gerardmer"],"acf":[],"yoast_head":"<!-- This site is optimized with the Yoast SEO plugin v22.5 - https:\/\/yoast.com\/wordpress\/plugins\/seo\/ -->\n<title>Piou-Piou et tous ses amis pour le chantier jeunes 2017 - Gerardmer Info<\/title>\n<meta name=\"robots\" content=\"index, follow, max-snippet:-1, max-image-preview:large, max-video-preview:-1\" \/>\n<link rel=\"canonical\" href=\"https:\/\/vosgesinfo.fr\/gerardmerinfo\/2017\/06\/piou-piou-amis-chantier-jeunes-2017\/\" \/>\n<meta name=\"twitter:card\" content=\"summary_large_image\" \/>\n<meta name=\"twitter:title\" content=\"Piou-Piou et tous ses amis pour le chantier jeunes 2017 - Gerardmer Info\" \/>\n<meta name=\"twitter:description\" content=\"Cette ann\u00e9e encore, la Commune avait d\u00e9cid\u00e9 de lancer un chantier jeunes en 2 volets : une partie \u00ab\u00a0travaux\u00a0\u00bb qui [&hellip;]\" \/>\n<meta name=\"twitter:image\" content=\"https:\/\/vosgesinfo.fr\/app\/uploads\/sites\/6\/2024\/07\/201706chantier-jeunes-mauselaine-2.jpg\" \/>\n<meta name=\"twitter:creator\" content=\"@VosgesInfo88\" \/>\n<meta name=\"twitter:site\" content=\"@VosgesInfo88\" \/>\n<meta name=\"twitter:label1\" content=\"\u00c9crit par\" \/>\n\t<meta name=\"twitter:data1\" content=\"QG\" \/>\n\t<meta name=\"twitter:label2\" content=\"Dur\u00e9e de lecture estim\u00e9e\" \/>\n\t<meta name=\"twitter:data2\" content=\"2 minutes\" \/>\n<script type=\"application\/ld+json\" class=\"yoast-schema-graph\">{\"@context\":\"https:\/\/schema.org\",\"@graph\":[{\"@type\":\"Article\",\"@id\":\"https:\/\/vosgesinfo.fr\/gerardmerinfo\/2017\/06\/piou-piou-amis-chantier-jeunes-2017\/#article\",\"isPartOf\":{\"@id\":\"https:\/\/vosgesinfo.fr\/gerardmerinfo\/2017\/06\/piou-piou-amis-chantier-jeunes-2017\/\"},\"author\":{\"name\":\"QG\",\"@id\":\"https:\/\/vosgesinfo.fr\/gerardmerinfo\/#\/schema\/person\/db5605779a843dad16b5368f3e7613a5\"},\"headline\":\"Piou-Piou et tous ses amis pour le chantier jeunes 2017\",\"datePublished\":\"2017-06-22T13:52:07+00:00\",\"dateModified\":\"2017-06-22T13:52:07+00:00\",\"mainEntityOfPage\":{\"@id\":\"https:\/\/vosgesinfo.fr\/gerardmerinfo\/2017\/06\/piou-piou-amis-chantier-jeunes-2017\/\"},\"wordCount\":435,\"commentCount\":0,\"publisher\":{\"@id\":\"https:\/\/vosgesinfo.fr\/gerardmerinfo\/#organization\"},\"image\":{\"@id\":\"https:\/\/vosgesinfo.fr\/gerardmerinfo\/2017\/06\/piou-piou-amis-chantier-jeunes-2017\/#primaryimage\"},\"thumbnailUrl\":\"https:\/\/vosgesinfo.fr\/app\/uploads\/sites\/6\/2024\/07\/201706chantier-jeunes-mauselaine-2.jpg\",\"keywords\":[\"chantier jeunes du Bergon\",\"ESF G\u00e9rardmer\"],\"articleSection\":[\"A la une\",\"G\u00e9rardmer\",\"Sport\",\"Tourisme\"],\"inLanguage\":\"fr-FR\",\"potentialAction\":[{\"@type\":\"CommentAction\",\"name\":\"Comment\",\"target\":[\"https:\/\/vosgesinfo.fr\/gerardmerinfo\/2017\/06\/piou-piou-amis-chantier-jeunes-2017\/#respond\"]}]},{\"@type\":\"WebPage\",\"@id\":\"https:\/\/vosgesinfo.fr\/gerardmerinfo\/2017\/06\/piou-piou-amis-chantier-jeunes-2017\/\",\"url\":\"https:\/\/vosgesinfo.fr\/gerardmerinfo\/2017\/06\/piou-piou-amis-chantier-jeunes-2017\/\",\"name\":\"Piou-Piou et tous ses amis pour le chantier jeunes 2017 - Gerardmer Info\",\"isPartOf\":{\"@id\":\"https:\/\/vosgesinfo.fr\/gerardmerinfo\/#website\"},\"primaryImageOfPage\":{\"@id\":\"https:\/\/vosgesinfo.fr\/gerardmerinfo\/2017\/06\/piou-piou-amis-chantier-jeunes-2017\/#primaryimage\"},\"image\":{\"@id\":\"https:\/\/vosgesinfo.fr\/gerardmerinfo\/2017\/06\/piou-piou-amis-chantier-jeunes-2017\/#primaryimage\"},\"thumbnailUrl\":\"https:\/\/vosgesinfo.fr\/app\/uploads\/sites\/6\/2024\/07\/201706chantier-jeunes-mauselaine-2.jpg\",\"datePublished\":\"2017-06-22T13:52:07+00:00\",\"dateModified\":\"2017-06-22T13:52:07+00:00\",\"breadcrumb\":{\"@id\":\"https:\/\/vosgesinfo.fr\/gerardmerinfo\/2017\/06\/piou-piou-amis-chantier-jeunes-2017\/#breadcrumb\"},\"inLanguage\":\"fr-FR\",\"potentialAction\":[{\"@type\":\"ReadAction\",\"target\":[\"https:\/\/vosgesinfo.fr\/gerardmerinfo\/2017\/06\/piou-piou-amis-chantier-jeunes-2017\/\"]}]},{\"@type\":\"ImageObject\",\"inLanguage\":\"fr-FR\",\"@id\":\"https:\/\/vosgesinfo.fr\/gerardmerinfo\/2017\/06\/piou-piou-amis-chantier-jeunes-2017\/#primaryimage\",\"url\":\"https:\/\/vosgesinfo.fr\/app\/uploads\/sites\/6\/2024\/07\/201706chantier-jeunes-mauselaine-2.jpg\",\"contentUrl\":\"https:\/\/vosgesinfo.fr\/app\/uploads\/sites\/6\/2024\/07\/201706chantier-jeunes-mauselaine-2.jpg\",\"width\":800,\"height\":600},{\"@type\":\"BreadcrumbList\",\"@id\":\"https:\/\/vosgesinfo.fr\/gerardmerinfo\/2017\/06\/piou-piou-amis-chantier-jeunes-2017\/#breadcrumb\",\"itemListElement\":[{\"@type\":\"ListItem\",\"position\":1,\"name\":\"Home\",\"item\":\"https:\/\/vosgesinfo.fr\/gerardmerinfo\/\"},{\"@type\":\"ListItem\",\"position\":2,\"name\":\"Piou-Piou et tous ses amis pour le chantier jeunes 2017\"}]},{\"@type\":\"WebSite\",\"@id\":\"https:\/\/vosgesinfo.fr\/gerardmerinfo\/#website\",\"url\":\"https:\/\/vosgesinfo.fr\/gerardmerinfo\/\",\"name\":\"Gerardmer Info\",\"description\":\"Toute l&#039;actualit\u00e9 de G\u00e9rardmer\",\"publisher\":{\"@id\":\"https:\/\/vosgesinfo.fr\/gerardmerinfo\/#organization\"},\"alternateName\":\"Toute l'actualit\u00e9 de G\u00e9rardmer\",\"potentialAction\":[{\"@type\":\"SearchAction\",\"target\":{\"@type\":\"EntryPoint\",\"urlTemplate\":\"https:\/\/vosgesinfo.fr\/gerardmerinfo\/?s={search_term_string}\"},\"query-input\":\"required name=search_term_string\"}],\"inLanguage\":\"fr-FR\"},{\"@type\":\"Organization\",\"@id\":\"https:\/\/vosgesinfo.fr\/gerardmerinfo\/#organization\",\"name\":\"Gerardmer Info\",\"url\":\"https:\/\/vosgesinfo.fr\/gerardmerinfo\/\",\"logo\":{\"@type\":\"ImageObject\",\"inLanguage\":\"fr-FR\",\"@id\":\"https:\/\/vosgesinfo.fr\/gerardmerinfo\/#\/schema\/logo\/image\/\",\"url\":\"https:\/\/vosgesinfo.fr\/app\/uploads\/sites\/6\/2023\/08\/favicon-gerardmerinfo.png\",\"contentUrl\":\"https:\/\/vosgesinfo.fr\/app\/uploads\/sites\/6\/2023\/08\/favicon-gerardmerinfo.png\",\"width\":512,\"height\":512,\"caption\":\"Gerardmer Info\"},\"image\":{\"@id\":\"https:\/\/vosgesinfo.fr\/gerardmerinfo\/#\/schema\/logo\/image\/\"},\"sameAs\":[\"https:\/\/www.facebook.com\/profile.php?id=100049475262660\",\"https:\/\/x.com\/VosgesInfo88\",\"https:\/\/www.youtube.com\/@vosgesinfo\"]},{\"@type\":\"Person\",\"@id\":\"https:\/\/vosgesinfo.fr\/gerardmerinfo\/#\/schema\/person\/db5605779a843dad16b5368f3e7613a5\",\"name\":\"QG\",\"image\":{\"@type\":\"ImageObject\",\"inLanguage\":\"fr-FR\",\"@id\":\"https:\/\/vosgesinfo.fr\/gerardmerinfo\/#\/schema\/person\/image\/\",\"url\":\"https:\/\/secure.gravatar.com\/avatar\/ea80c42c204b534408512832fde52504ecabb9706bcb6151cf6175e5b64e6793?s=96&d=mm&r=g\",\"contentUrl\":\"https:\/\/secure.gravatar.com\/avatar\/ea80c42c204b534408512832fde52504ecabb9706bcb6151cf6175e5b64e6793?s=96&d=mm&r=g\",\"caption\":\"QG\"},\"url\":\"https:\/\/vosgesinfo.fr\/gerardmerinfo\/author\/quentin88\/\"}]}<\/script>\n<!-- \/ Yoast SEO plugin. -->","yoast_head_json":{"title":"Piou-Piou et tous ses amis pour le chantier jeunes 2017 - Gerardmer Info","robots":{"index":"index","follow":"follow","max-snippet":"max-snippet:-1","max-image-preview":"max-image-preview:large","max-video-preview":"max-video-preview:-1"},"canonical":"https:\/\/vosgesinfo.fr\/gerardmerinfo\/2017\/06\/piou-piou-amis-chantier-jeunes-2017\/","twitter_card":"summary_large_image","twitter_title":"Piou-Piou et tous ses amis pour le chantier jeunes 2017 - Gerardmer Info","twitter_description":"Cette ann\u00e9e encore, la Commune avait d\u00e9cid\u00e9 de lancer un chantier jeunes en 2 volets : une partie \u00ab\u00a0travaux\u00a0\u00bb qui [&hellip;]","twitter_image":"https:\/\/vosgesinfo.fr\/app\/uploads\/sites\/6\/2024\/07\/201706chantier-jeunes-mauselaine-2.jpg","twitter_creator":"@VosgesInfo88","twitter_site":"@VosgesInfo88","twitter_misc":{"\u00c9crit par":"QG","Dur\u00e9e de lecture estim\u00e9e":"2 minutes"},"schema":{"@context":"https:\/\/schema.org","@graph":[{"@type":"Article","@id":"https:\/\/vosgesinfo.fr\/gerardmerinfo\/2017\/06\/piou-piou-amis-chantier-jeunes-2017\/#article","isPartOf":{"@id":"https:\/\/vosgesinfo.fr\/gerardmerinfo\/2017\/06\/piou-piou-amis-chantier-jeunes-2017\/"},"author":{"name":"QG","@id":"https:\/\/vosgesinfo.fr\/gerardmerinfo\/#\/schema\/person\/db5605779a843dad16b5368f3e7613a5"},"headline":"Piou-Piou et tous ses amis pour le chantier jeunes 2017","datePublished":"2017-06-22T13:52:07+00:00","dateModified":"2017-06-22T13:52:07+00:00","mainEntityOfPage":{"@id":"https:\/\/vosgesinfo.fr\/gerardmerinfo\/2017\/06\/piou-piou-amis-chantier-jeunes-2017\/"},"wordCount":435,"commentCount":0,"publisher":{"@id":"https:\/\/vosgesinfo.fr\/gerardmerinfo\/#organization"},"image":{"@id":"https:\/\/vosgesinfo.fr\/gerardmerinfo\/2017\/06\/piou-piou-amis-chantier-jeunes-2017\/#primaryimage"},"thumbnailUrl":"https:\/\/vosgesinfo.fr\/app\/uploads\/sites\/6\/2024\/07\/201706chantier-jeunes-mauselaine-2.jpg","keywords":["chantier jeunes du Bergon","ESF G\u00e9rardmer"],"articleSection":["A la une","G\u00e9rardmer","Sport","Tourisme"],"inLanguage":"fr-FR","potentialAction":[{"@type":"CommentAction","name":"Comment","target":["https:\/\/vosgesinfo.fr\/gerardmerinfo\/2017\/06\/piou-piou-amis-chantier-jeunes-2017\/#respond"]}]},{"@type":"WebPage","@id":"https:\/\/vosgesinfo.fr\/gerardmerinfo\/2017\/06\/piou-piou-amis-chantier-jeunes-2017\/","url":"https:\/\/vosgesinfo.fr\/gerardmerinfo\/2017\/06\/piou-piou-amis-chantier-jeunes-2017\/","name":"Piou-Piou et tous ses amis pour le chantier jeunes 2017 - Gerardmer Info","isPartOf":{"@id":"https:\/\/vosgesinfo.fr\/gerardmerinfo\/#website"},"primaryImageOfPage":{"@id":"https:\/\/vosgesinfo.fr\/gerardmerinfo\/2017\/06\/piou-piou-amis-chantier-jeunes-2017\/#primaryimage"},"image":{"@id":"https:\/\/vosgesinfo.fr\/gerardmerinfo\/2017\/06\/piou-piou-amis-chantier-jeunes-2017\/#primaryimage"},"thumbnailUrl":"https:\/\/vosgesinfo.fr\/app\/uploads\/sites\/6\/2024\/07\/201706chantier-jeunes-mauselaine-2.jpg","datePublished":"2017-06-22T13:52:07+00:00","dateModified":"2017-06-22T13:52:07+00:00","breadcrumb":{"@id":"https:\/\/vosgesinfo.fr\/gerardmerinfo\/2017\/06\/piou-piou-amis-chantier-jeunes-2017\/#breadcrumb"},"inLanguage":"fr-FR","potentialAction":[{"@type":"ReadAction","target":["https:\/\/vosgesinfo.fr\/gerardmerinfo\/2017\/06\/piou-piou-amis-chantier-jeunes-2017\/"]}]},{"@type":"ImageObject","inLanguage":"fr-FR","@id":"https:\/\/vosgesinfo.fr\/gerardmerinfo\/2017\/06\/piou-piou-amis-chantier-jeunes-2017\/#primaryimage","url":"https:\/\/vosgesinfo.fr\/app\/uploads\/sites\/6\/2024\/07\/201706chantier-jeunes-mauselaine-2.jpg","contentUrl":"https:\/\/vosgesinfo.fr\/app\/uploads\/sites\/6\/2024\/07\/201706chantier-jeunes-mauselaine-2.jpg","width":800,"height":600},{"@type":"BreadcrumbList","@id":"https:\/\/vosgesinfo.fr\/gerardmerinfo\/2017\/06\/piou-piou-amis-chantier-jeunes-2017\/#breadcrumb","itemListElement":[{"@type":"ListItem","position":1,"name":"Home","item":"https:\/\/vosgesinfo.fr\/gerardmerinfo\/"},{"@type":"ListItem","position":2,"name":"Piou-Piou et tous ses amis pour le chantier jeunes 2017"}]},{"@type":"WebSite","@id":"https:\/\/vosgesinfo.fr\/gerardmerinfo\/#website","url":"https:\/\/vosgesinfo.fr\/gerardmerinfo\/","name":"Gerardmer Info","description":"Toute l&#039;actualit\u00e9 de G\u00e9rardmer","publisher":{"@id":"https:\/\/vosgesinfo.fr\/gerardmerinfo\/#organization"},"alternateName":"Toute l'actualit\u00e9 de G\u00e9rardmer","potentialAction":[{"@type":"SearchAction","target":{"@type":"EntryPoint","urlTemplate":"https:\/\/vosgesinfo.fr\/gerardmerinfo\/?s={search_term_string}"},"query-input":"required name=search_term_string"}],"inLanguage":"fr-FR"},{"@type":"Organization","@id":"https:\/\/vosgesinfo.fr\/gerardmerinfo\/#organization","name":"Gerardmer Info","url":"https:\/\/vosgesinfo.fr\/gerardmerinfo\/","logo":{"@type":"ImageObject","inLanguage":"fr-FR","@id":"https:\/\/vosgesinfo.fr\/gerardmerinfo\/#\/schema\/logo\/image\/","url":"https:\/\/vosgesinfo.fr\/app\/uploads\/sites\/6\/2023\/08\/favicon-gerardmerinfo.png","contentUrl":"https:\/\/vosgesinfo.fr\/app\/uploads\/sites\/6\/2023\/08\/favicon-gerardmerinfo.png","width":512,"height":512,"caption":"Gerardmer Info"},"image":{"@id":"https:\/\/vosgesinfo.fr\/gerardmerinfo\/#\/schema\/logo\/image\/"},"sameAs":["https:\/\/www.facebook.com\/profile.php?id=100049475262660","https:\/\/x.com\/VosgesInfo88","https:\/\/www.youtube.com\/@vosgesinfo"]},{"@type":"Person","@id":"https:\/\/vosgesinfo.fr\/gerardmerinfo\/#\/schema\/person\/db5605779a843dad16b5368f3e7613a5","name":"QG","image":{"@type":"ImageObject","inLanguage":"fr-FR","@id":"https:\/\/vosgesinfo.fr\/gerardmerinfo\/#\/schema\/person\/image\/","url":"https:\/\/secure.gravatar.com\/avatar\/ea80c42c204b534408512832fde52504ecabb9706bcb6151cf6175e5b64e6793?s=96&d=mm&r=g","contentUrl":"https:\/\/secure.gravatar.com\/avatar\/ea80c42c204b534408512832fde52504ecabb9706bcb6151cf6175e5b64e6793?s=96&d=mm&r=g","caption":"QG"},"url":"https:\/\/vosgesinfo.fr\/gerardmerinfo\/author\/quentin88\/"}]}},"_links":{"self":[{"href":"https:\/\/vosgesinfo.fr\/gerardmerinfo\/wp-json\/wp\/v2\/posts\/27259","targetHints":{"allow":["GET"]}}],"collection":[{"href":"https:\/\/vosgesinfo.fr\/gerardmerinfo\/wp-json\/wp\/v2\/posts"}],"about":[{"href":"https:\/\/vosgesinfo.fr\/gerardmerinfo\/wp-json\/wp\/v2\/types\/post"}],"author":[{"embeddable":true,"href":"https:\/\/vosgesinfo.fr\/gerardmerinfo\/wp-json\/wp\/v2\/users\/42"}],"replies":[{"embeddable":true,"href":"https:\/\/vosgesinfo.fr\/gerardmerinfo\/wp-json\/wp\/v2\/comments?post=27259"}],"version-history":[{"count":0,"href":"https:\/\/vosgesinfo.fr\/gerardmerinfo\/wp-json\/wp\/v2\/posts\/27259\/revisions"}],"wp:featuredmedia":[{"embeddable":true,"href":"https:\/\/vosgesinfo.fr\/gerardmerinfo\/wp-json\/wp\/v2\/media\/27260"}],"wp:attachment":[{"href":"https:\/\/vosgesinfo.fr\/gerardmerinfo\/wp-json\/wp\/v2\/media?parent=27259"}],"wp:term":[{"taxonomy":"category","embeddable":true,"href":"https:\/\/vosgesinfo.fr\/gerardmerinfo\/wp-json\/wp\/v2\/categories?post=27259"},{"taxonomy":"post_tag","embeddable":true,"href":"https:\/\/vosgesinfo.fr\/gerardmerinfo\/wp-json\/wp\/v2\/tags?post=27259"}],"curies":[{"name":"wp","href":"https:\/\/api.w.org\/{rel}","templated":true}]}}