{"id":27419,"date":"2017-06-29T13:05:16","date_gmt":"2017-06-29T11:05:16","guid":{"rendered":"https:\/\/vosgesinfo.fr\/gerardmerinfo\/2017\/06\/insolite-cycliste-anglais-reconnaissant-tour-de-france-se-perd-moselle-se-retrouve-a-vittel\/"},"modified":"2017-06-29T13:05:16","modified_gmt":"2017-06-29T11:05:16","slug":"insolite-cycliste-anglais-reconnaissant-tour-de-france-se-perd-moselle-se-retrouve-a-vittel","status":"publish","type":"post","link":"https:\/\/vosgesinfo.fr\/gerardmerinfo\/2017\/06\/insolite-cycliste-anglais-reconnaissant-tour-de-france-se-perd-moselle-se-retrouve-a-vittel\/","title":{"rendered":"Insolite \u2013 Un cycliste anglais reconnaissant le tour de France se perd en Moselle\u2026 et se retrouve \u00e0 Vittel !"},"content":{"rendered":"<h2>Un cycliste britannique, \u00e2g\u00e9 d\u2019une soixantaine d\u2019ann\u00e9e, avait d\u00e9cid\u00e9 de se lancer un d\u00e9fi et de reconna\u00eetre les \u00e9tapes du Tour de France, malheureusement aux alentours de Metz, ce dernier a perdu son chemin.<\/h2>\n<p>L\u2019anglais et son ami en voiture se sont perdus de vue \u00e0 Maizi\u00e8res-les-Metz. Devant se retrouver dans un h\u00f4tel \u00e0 Hauconcourt (Moselle), et inquiet de ne pas voir arriver le cycliste, l\u2019accompagnateur d\u00e9cide d\u2019appeler la gendarmerie, vers 14h.<\/p>\n","protected":false},"excerpt":{"rendered":"<p>Un cycliste britannique, \u00e2g\u00e9 d\u2019une soixantaine d\u2019ann\u00e9e, avait d\u00e9cid\u00e9 de se lancer un d\u00e9fi et de reconna\u00eetre les \u00e9tapes du [&hellip;]<\/p>\n","protected":false},"author":1,"featured_media":27420,"comment_status":"open","ping_status":"open","sticky":false,"template":"","format":"standard","meta":{"footnotes":""},"categories":[20,8,31],"tags":[2404,2284],"class_list":["post-27419","post","type-post","status-publish","format-standard","has-post-thumbnail","hentry","category-a-la-une","category-faits-divers","category-vosges-faits-divers","tag-tour-de-france-2017","tag-vittel"],"acf":[],"yoast_head":"<!-- This site is optimized with the Yoast SEO plugin v22.5 - https:\/\/yoast.com\/wordpress\/plugins\/seo\/ -->\n<title>Insolite \u2013 Un cycliste anglais reconnaissant le tour de France se perd en Moselle\u2026 et se retrouve \u00e0 Vittel ! - Gerardmer Info<\/title>\n<meta name=\"robots\" content=\"index, follow, max-snippet:-1, max-image-preview:large, max-video-preview:-1\" \/>\n<link rel=\"canonical\" href=\"https:\/\/vosgesinfo.fr\/gerardmerinfo\/2017\/06\/insolite-cycliste-anglais-reconnaissant-tour-de-france-se-perd-moselle-se-retrouve-a-vittel\/\" \/>\n<meta name=\"twitter:card\" content=\"summary_large_image\" \/>\n<meta name=\"twitter:title\" content=\"Insolite \u2013 Un cycliste anglais reconnaissant le tour de France se perd en Moselle\u2026 et se retrouve \u00e0 Vittel ! - Gerardmer Info\" \/>\n<meta name=\"twitter:description\" content=\"Un cycliste britannique, \u00e2g\u00e9 d\u2019une soixantaine d\u2019ann\u00e9e, avait d\u00e9cid\u00e9 de se lancer un d\u00e9fi et de reconna\u00eetre les \u00e9tapes du [&hellip;]\" \/>\n<meta name=\"twitter:image\" content=\"https:\/\/vosgesinfo.fr\/app\/uploads\/sites\/6\/2024\/07\/201706cycling-655565-960-720.jpg\" \/>\n<meta name=\"twitter:creator\" content=\"@VosgesInfo88\" \/>\n<meta name=\"twitter:site\" content=\"@VosgesInfo88\" \/>\n<meta name=\"twitter:label1\" content=\"\u00c9crit par\" \/>\n\t<meta name=\"twitter:data1\" content=\"qs_admin\" \/>\n<script type=\"application\/ld+json\" class=\"yoast-schema-graph\">{\"@context\":\"https:\/\/schema.org\",\"@graph\":[{\"@type\":\"Article\",\"@id\":\"https:\/\/vosgesinfo.fr\/gerardmerinfo\/2017\/06\/insolite-cycliste-anglais-reconnaissant-tour-de-france-se-perd-moselle-se-retrouve-a-vittel\/#article\",\"isPartOf\":{\"@id\":\"https:\/\/vosgesinfo.fr\/gerardmerinfo\/2017\/06\/insolite-cycliste-anglais-reconnaissant-tour-de-france-se-perd-moselle-se-retrouve-a-vittel\/\"},\"author\":{\"name\":\"qs_admin\",\"@id\":\"https:\/\/vosgesinfo.fr\/gerardmerinfo\/#\/schema\/person\/bc5d02d71e6932e81b6dadb7386667b1\"},\"headline\":\"Insolite \u2013 Un cycliste anglais reconnaissant le tour de France se perd en Moselle\u2026 et se retrouve \u00e0 Vittel !\",\"datePublished\":\"2017-06-29T11:05:16+00:00\",\"dateModified\":\"2017-06-29T11:05:16+00:00\",\"mainEntityOfPage\":{\"@id\":\"https:\/\/vosgesinfo.fr\/gerardmerinfo\/2017\/06\/insolite-cycliste-anglais-reconnaissant-tour-de-france-se-perd-moselle-se-retrouve-a-vittel\/\"},\"wordCount\":99,\"commentCount\":0,\"publisher\":{\"@id\":\"https:\/\/vosgesinfo.fr\/gerardmerinfo\/#organization\"},\"image\":{\"@id\":\"https:\/\/vosgesinfo.fr\/gerardmerinfo\/2017\/06\/insolite-cycliste-anglais-reconnaissant-tour-de-france-se-perd-moselle-se-retrouve-a-vittel\/#primaryimage\"},\"thumbnailUrl\":\"https:\/\/vosgesinfo.fr\/app\/uploads\/sites\/6\/2024\/07\/201706cycling-655565-960-720.jpg\",\"keywords\":[\"tour de France 2017\",\"vittel\"],\"articleSection\":[\"A la une\",\"Faits-divers\",\"Vosges\"],\"inLanguage\":\"fr-FR\",\"potentialAction\":[{\"@type\":\"CommentAction\",\"name\":\"Comment\",\"target\":[\"https:\/\/vosgesinfo.fr\/gerardmerinfo\/2017\/06\/insolite-cycliste-anglais-reconnaissant-tour-de-france-se-perd-moselle-se-retrouve-a-vittel\/#respond\"]}]},{\"@type\":\"WebPage\",\"@id\":\"https:\/\/vosgesinfo.fr\/gerardmerinfo\/2017\/06\/insolite-cycliste-anglais-reconnaissant-tour-de-france-se-perd-moselle-se-retrouve-a-vittel\/\",\"url\":\"https:\/\/vosgesinfo.fr\/gerardmerinfo\/2017\/06\/insolite-cycliste-anglais-reconnaissant-tour-de-france-se-perd-moselle-se-retrouve-a-vittel\/\",\"name\":\"Insolite \u2013 Un cycliste anglais reconnaissant le tour de France se perd en Moselle\u2026 et se retrouve \u00e0 Vittel ! - Gerardmer Info\",\"isPartOf\":{\"@id\":\"https:\/\/vosgesinfo.fr\/gerardmerinfo\/#website\"},\"primaryImageOfPage\":{\"@id\":\"https:\/\/vosgesinfo.fr\/gerardmerinfo\/2017\/06\/insolite-cycliste-anglais-reconnaissant-tour-de-france-se-perd-moselle-se-retrouve-a-vittel\/#primaryimage\"},\"image\":{\"@id\":\"https:\/\/vosgesinfo.fr\/gerardmerinfo\/2017\/06\/insolite-cycliste-anglais-reconnaissant-tour-de-france-se-perd-moselle-se-retrouve-a-vittel\/#primaryimage\"},\"thumbnailUrl\":\"https:\/\/vosgesinfo.fr\/app\/uploads\/sites\/6\/2024\/07\/201706cycling-655565-960-720.jpg\",\"datePublished\":\"2017-06-29T11:05:16+00:00\",\"dateModified\":\"2017-06-29T11:05:16+00:00\",\"breadcrumb\":{\"@id\":\"https:\/\/vosgesinfo.fr\/gerardmerinfo\/2017\/06\/insolite-cycliste-anglais-reconnaissant-tour-de-france-se-perd-moselle-se-retrouve-a-vittel\/#breadcrumb\"},\"inLanguage\":\"fr-FR\",\"potentialAction\":[{\"@type\":\"ReadAction\",\"target\":[\"https:\/\/vosgesinfo.fr\/gerardmerinfo\/2017\/06\/insolite-cycliste-anglais-reconnaissant-tour-de-france-se-perd-moselle-se-retrouve-a-vittel\/\"]}]},{\"@type\":\"ImageObject\",\"inLanguage\":\"fr-FR\",\"@id\":\"https:\/\/vosgesinfo.fr\/gerardmerinfo\/2017\/06\/insolite-cycliste-anglais-reconnaissant-tour-de-france-se-perd-moselle-se-retrouve-a-vittel\/#primaryimage\",\"url\":\"https:\/\/vosgesinfo.fr\/app\/uploads\/sites\/6\/2024\/07\/201706cycling-655565-960-720.jpg\",\"contentUrl\":\"https:\/\/vosgesinfo.fr\/app\/uploads\/sites\/6\/2024\/07\/201706cycling-655565-960-720.jpg\",\"width\":800,\"height\":571},{\"@type\":\"BreadcrumbList\",\"@id\":\"https:\/\/vosgesinfo.fr\/gerardmerinfo\/2017\/06\/insolite-cycliste-anglais-reconnaissant-tour-de-france-se-perd-moselle-se-retrouve-a-vittel\/#breadcrumb\",\"itemListElement\":[{\"@type\":\"ListItem\",\"position\":1,\"name\":\"Home\",\"item\":\"https:\/\/vosgesinfo.fr\/gerardmerinfo\/\"},{\"@type\":\"ListItem\",\"position\":2,\"name\":\"Insolite \u2013 Un cycliste anglais reconnaissant le tour de France se perd en Moselle\u2026 et se retrouve \u00e0 Vittel !\"}]},{\"@type\":\"WebSite\",\"@id\":\"https:\/\/vosgesinfo.fr\/gerardmerinfo\/#website\",\"url\":\"https:\/\/vosgesinfo.fr\/gerardmerinfo\/\",\"name\":\"Gerardmer Info\",\"description\":\"Toute l&#039;actualit\u00e9 de G\u00e9rardmer\",\"publisher\":{\"@id\":\"https:\/\/vosgesinfo.fr\/gerardmerinfo\/#organization\"},\"alternateName\":\"Toute l'actualit\u00e9 de G\u00e9rardmer\",\"potentialAction\":[{\"@type\":\"SearchAction\",\"target\":{\"@type\":\"EntryPoint\",\"urlTemplate\":\"https:\/\/vosgesinfo.fr\/gerardmerinfo\/?s={search_term_string}\"},\"query-input\":\"required name=search_term_string\"}],\"inLanguage\":\"fr-FR\"},{\"@type\":\"Organization\",\"@id\":\"https:\/\/vosgesinfo.fr\/gerardmerinfo\/#organization\",\"name\":\"Gerardmer Info\",\"url\":\"https:\/\/vosgesinfo.fr\/gerardmerinfo\/\",\"logo\":{\"@type\":\"ImageObject\",\"inLanguage\":\"fr-FR\",\"@id\":\"https:\/\/vosgesinfo.fr\/gerardmerinfo\/#\/schema\/logo\/image\/\",\"url\":\"https:\/\/vosgesinfo.fr\/app\/uploads\/sites\/6\/2023\/08\/favicon-gerardmerinfo.png\",\"contentUrl\":\"https:\/\/vosgesinfo.fr\/app\/uploads\/sites\/6\/2023\/08\/favicon-gerardmerinfo.png\",\"width\":512,\"height\":512,\"caption\":\"Gerardmer Info\"},\"image\":{\"@id\":\"https:\/\/vosgesinfo.fr\/gerardmerinfo\/#\/schema\/logo\/image\/\"},\"sameAs\":[\"https:\/\/www.facebook.com\/profile.php?id=100049475262660\",\"https:\/\/x.com\/VosgesInfo88\",\"https:\/\/www.youtube.com\/@vosgesinfo\"]},{\"@type\":\"Person\",\"@id\":\"https:\/\/vosgesinfo.fr\/gerardmerinfo\/#\/schema\/person\/bc5d02d71e6932e81b6dadb7386667b1\",\"name\":\"qs_admin\",\"image\":{\"@type\":\"ImageObject\",\"inLanguage\":\"fr-FR\",\"@id\":\"https:\/\/vosgesinfo.fr\/gerardmerinfo\/#\/schema\/person\/image\/\",\"url\":\"https:\/\/secure.gravatar.com\/avatar\/94b18ee0ed79e4a42ea2f2931277b6841a8999fc6fde214600c78057cf1fe1de?s=96&d=mm&r=g\",\"contentUrl\":\"https:\/\/secure.gravatar.com\/avatar\/94b18ee0ed79e4a42ea2f2931277b6841a8999fc6fde214600c78057cf1fe1de?s=96&d=mm&r=g\",\"caption\":\"qs_admin\"},\"sameAs\":[\"https:\/\/vosgesinfo.fr\/wp\"],\"url\":\"https:\/\/vosgesinfo.fr\/gerardmerinfo\/author\/qs_admin\/\"}]}<\/script>\n<!-- \/ Yoast SEO plugin. -->","yoast_head_json":{"title":"Insolite \u2013 Un cycliste anglais reconnaissant le tour de France se perd en Moselle\u2026 et se retrouve \u00e0 Vittel ! - Gerardmer Info","robots":{"index":"index","follow":"follow","max-snippet":"max-snippet:-1","max-image-preview":"max-image-preview:large","max-video-preview":"max-video-preview:-1"},"canonical":"https:\/\/vosgesinfo.fr\/gerardmerinfo\/2017\/06\/insolite-cycliste-anglais-reconnaissant-tour-de-france-se-perd-moselle-se-retrouve-a-vittel\/","twitter_card":"summary_large_image","twitter_title":"Insolite \u2013 Un cycliste anglais reconnaissant le tour de France se perd en Moselle\u2026 et se retrouve \u00e0 Vittel ! - Gerardmer Info","twitter_description":"Un cycliste britannique, \u00e2g\u00e9 d\u2019une soixantaine d\u2019ann\u00e9e, avait d\u00e9cid\u00e9 de se lancer un d\u00e9fi et de reconna\u00eetre les \u00e9tapes du [&hellip;]","twitter_image":"https:\/\/vosgesinfo.fr\/app\/uploads\/sites\/6\/2024\/07\/201706cycling-655565-960-720.jpg","twitter_creator":"@VosgesInfo88","twitter_site":"@VosgesInfo88","twitter_misc":{"\u00c9crit par":"qs_admin"},"schema":{"@context":"https:\/\/schema.org","@graph":[{"@type":"Article","@id":"https:\/\/vosgesinfo.fr\/gerardmerinfo\/2017\/06\/insolite-cycliste-anglais-reconnaissant-tour-de-france-se-perd-moselle-se-retrouve-a-vittel\/#article","isPartOf":{"@id":"https:\/\/vosgesinfo.fr\/gerardmerinfo\/2017\/06\/insolite-cycliste-anglais-reconnaissant-tour-de-france-se-perd-moselle-se-retrouve-a-vittel\/"},"author":{"name":"qs_admin","@id":"https:\/\/vosgesinfo.fr\/gerardmerinfo\/#\/schema\/person\/bc5d02d71e6932e81b6dadb7386667b1"},"headline":"Insolite \u2013 Un cycliste anglais reconnaissant le tour de France se perd en Moselle\u2026 et se retrouve \u00e0 Vittel !","datePublished":"2017-06-29T11:05:16+00:00","dateModified":"2017-06-29T11:05:16+00:00","mainEntityOfPage":{"@id":"https:\/\/vosgesinfo.fr\/gerardmerinfo\/2017\/06\/insolite-cycliste-anglais-reconnaissant-tour-de-france-se-perd-moselle-se-retrouve-a-vittel\/"},"wordCount":99,"commentCount":0,"publisher":{"@id":"https:\/\/vosgesinfo.fr\/gerardmerinfo\/#organization"},"image":{"@id":"https:\/\/vosgesinfo.fr\/gerardmerinfo\/2017\/06\/insolite-cycliste-anglais-reconnaissant-tour-de-france-se-perd-moselle-se-retrouve-a-vittel\/#primaryimage"},"thumbnailUrl":"https:\/\/vosgesinfo.fr\/app\/uploads\/sites\/6\/2024\/07\/201706cycling-655565-960-720.jpg","keywords":["tour de France 2017","vittel"],"articleSection":["A la une","Faits-divers","Vosges"],"inLanguage":"fr-FR","potentialAction":[{"@type":"CommentAction","name":"Comment","target":["https:\/\/vosgesinfo.fr\/gerardmerinfo\/2017\/06\/insolite-cycliste-anglais-reconnaissant-tour-de-france-se-perd-moselle-se-retrouve-a-vittel\/#respond"]}]},{"@type":"WebPage","@id":"https:\/\/vosgesinfo.fr\/gerardmerinfo\/2017\/06\/insolite-cycliste-anglais-reconnaissant-tour-de-france-se-perd-moselle-se-retrouve-a-vittel\/","url":"https:\/\/vosgesinfo.fr\/gerardmerinfo\/2017\/06\/insolite-cycliste-anglais-reconnaissant-tour-de-france-se-perd-moselle-se-retrouve-a-vittel\/","name":"Insolite \u2013 Un cycliste anglais reconnaissant le tour de France se perd en Moselle\u2026 et se retrouve \u00e0 Vittel ! - Gerardmer Info","isPartOf":{"@id":"https:\/\/vosgesinfo.fr\/gerardmerinfo\/#website"},"primaryImageOfPage":{"@id":"https:\/\/vosgesinfo.fr\/gerardmerinfo\/2017\/06\/insolite-cycliste-anglais-reconnaissant-tour-de-france-se-perd-moselle-se-retrouve-a-vittel\/#primaryimage"},"image":{"@id":"https:\/\/vosgesinfo.fr\/gerardmerinfo\/2017\/06\/insolite-cycliste-anglais-reconnaissant-tour-de-france-se-perd-moselle-se-retrouve-a-vittel\/#primaryimage"},"thumbnailUrl":"https:\/\/vosgesinfo.fr\/app\/uploads\/sites\/6\/2024\/07\/201706cycling-655565-960-720.jpg","datePublished":"2017-06-29T11:05:16+00:00","dateModified":"2017-06-29T11:05:16+00:00","breadcrumb":{"@id":"https:\/\/vosgesinfo.fr\/gerardmerinfo\/2017\/06\/insolite-cycliste-anglais-reconnaissant-tour-de-france-se-perd-moselle-se-retrouve-a-vittel\/#breadcrumb"},"inLanguage":"fr-FR","potentialAction":[{"@type":"ReadAction","target":["https:\/\/vosgesinfo.fr\/gerardmerinfo\/2017\/06\/insolite-cycliste-anglais-reconnaissant-tour-de-france-se-perd-moselle-se-retrouve-a-vittel\/"]}]},{"@type":"ImageObject","inLanguage":"fr-FR","@id":"https:\/\/vosgesinfo.fr\/gerardmerinfo\/2017\/06\/insolite-cycliste-anglais-reconnaissant-tour-de-france-se-perd-moselle-se-retrouve-a-vittel\/#primaryimage","url":"https:\/\/vosgesinfo.fr\/app\/uploads\/sites\/6\/2024\/07\/201706cycling-655565-960-720.jpg","contentUrl":"https:\/\/vosgesinfo.fr\/app\/uploads\/sites\/6\/2024\/07\/201706cycling-655565-960-720.jpg","width":800,"height":571},{"@type":"BreadcrumbList","@id":"https:\/\/vosgesinfo.fr\/gerardmerinfo\/2017\/06\/insolite-cycliste-anglais-reconnaissant-tour-de-france-se-perd-moselle-se-retrouve-a-vittel\/#breadcrumb","itemListElement":[{"@type":"ListItem","position":1,"name":"Home","item":"https:\/\/vosgesinfo.fr\/gerardmerinfo\/"},{"@type":"ListItem","position":2,"name":"Insolite \u2013 Un cycliste anglais reconnaissant le tour de France se perd en Moselle\u2026 et se retrouve \u00e0 Vittel !"}]},{"@type":"WebSite","@id":"https:\/\/vosgesinfo.fr\/gerardmerinfo\/#website","url":"https:\/\/vosgesinfo.fr\/gerardmerinfo\/","name":"Gerardmer Info","description":"Toute l&#039;actualit\u00e9 de G\u00e9rardmer","publisher":{"@id":"https:\/\/vosgesinfo.fr\/gerardmerinfo\/#organization"},"alternateName":"Toute l'actualit\u00e9 de G\u00e9rardmer","potentialAction":[{"@type":"SearchAction","target":{"@type":"EntryPoint","urlTemplate":"https:\/\/vosgesinfo.fr\/gerardmerinfo\/?s={search_term_string}"},"query-input":"required name=search_term_string"}],"inLanguage":"fr-FR"},{"@type":"Organization","@id":"https:\/\/vosgesinfo.fr\/gerardmerinfo\/#organization","name":"Gerardmer Info","url":"https:\/\/vosgesinfo.fr\/gerardmerinfo\/","logo":{"@type":"ImageObject","inLanguage":"fr-FR","@id":"https:\/\/vosgesinfo.fr\/gerardmerinfo\/#\/schema\/logo\/image\/","url":"https:\/\/vosgesinfo.fr\/app\/uploads\/sites\/6\/2023\/08\/favicon-gerardmerinfo.png","contentUrl":"https:\/\/vosgesinfo.fr\/app\/uploads\/sites\/6\/2023\/08\/favicon-gerardmerinfo.png","width":512,"height":512,"caption":"Gerardmer Info"},"image":{"@id":"https:\/\/vosgesinfo.fr\/gerardmerinfo\/#\/schema\/logo\/image\/"},"sameAs":["https:\/\/www.facebook.com\/profile.php?id=100049475262660","https:\/\/x.com\/VosgesInfo88","https:\/\/www.youtube.com\/@vosgesinfo"]},{"@type":"Person","@id":"https:\/\/vosgesinfo.fr\/gerardmerinfo\/#\/schema\/person\/bc5d02d71e6932e81b6dadb7386667b1","name":"qs_admin","image":{"@type":"ImageObject","inLanguage":"fr-FR","@id":"https:\/\/vosgesinfo.fr\/gerardmerinfo\/#\/schema\/person\/image\/","url":"https:\/\/secure.gravatar.com\/avatar\/94b18ee0ed79e4a42ea2f2931277b6841a8999fc6fde214600c78057cf1fe1de?s=96&d=mm&r=g","contentUrl":"https:\/\/secure.gravatar.com\/avatar\/94b18ee0ed79e4a42ea2f2931277b6841a8999fc6fde214600c78057cf1fe1de?s=96&d=mm&r=g","caption":"qs_admin"},"sameAs":["https:\/\/vosgesinfo.fr\/wp"],"url":"https:\/\/vosgesinfo.fr\/gerardmerinfo\/author\/qs_admin\/"}]}},"_links":{"self":[{"href":"https:\/\/vosgesinfo.fr\/gerardmerinfo\/wp-json\/wp\/v2\/posts\/27419","targetHints":{"allow":["GET"]}}],"collection":[{"href":"https:\/\/vosgesinfo.fr\/gerardmerinfo\/wp-json\/wp\/v2\/posts"}],"about":[{"href":"https:\/\/vosgesinfo.fr\/gerardmerinfo\/wp-json\/wp\/v2\/types\/post"}],"author":[{"embeddable":true,"href":"https:\/\/vosgesinfo.fr\/gerardmerinfo\/wp-json\/wp\/v2\/users\/1"}],"replies":[{"embeddable":true,"href":"https:\/\/vosgesinfo.fr\/gerardmerinfo\/wp-json\/wp\/v2\/comments?post=27419"}],"version-history":[{"count":0,"href":"https:\/\/vosgesinfo.fr\/gerardmerinfo\/wp-json\/wp\/v2\/posts\/27419\/revisions"}],"wp:featuredmedia":[{"embeddable":true,"href":"https:\/\/vosgesinfo.fr\/gerardmerinfo\/wp-json\/wp\/v2\/media\/27420"}],"wp:attachment":[{"href":"https:\/\/vosgesinfo.fr\/gerardmerinfo\/wp-json\/wp\/v2\/media?parent=27419"}],"wp:term":[{"taxonomy":"category","embeddable":true,"href":"https:\/\/vosgesinfo.fr\/gerardmerinfo\/wp-json\/wp\/v2\/categories?post=27419"},{"taxonomy":"post_tag","embeddable":true,"href":"https:\/\/vosgesinfo.fr\/gerardmerinfo\/wp-json\/wp\/v2\/tags?post=27419"}],"curies":[{"name":"wp","href":"https:\/\/api.w.org\/{rel}","templated":true}]}}