{"id":28215,"date":"2017-07-31T06:04:04","date_gmt":"2017-07-31T04:04:04","guid":{"rendered":"https:\/\/vosgesinfo.fr\/gerardmerinfo\/2017\/07\/claire-mougel-ludovic-laurent-recidivent-a-17eme-montee-de-serichamp\/"},"modified":"2017-07-31T06:04:04","modified_gmt":"2017-07-31T04:04:04","slug":"claire-mougel-ludovic-laurent-recidivent-a-17eme-montee-de-serichamp","status":"publish","type":"post","link":"https:\/\/vosgesinfo.fr\/gerardmerinfo\/2017\/07\/claire-mougel-ludovic-laurent-recidivent-a-17eme-montee-de-serichamp\/","title":{"rendered":"Claire Mougel et Ludovic Laurent r\u00e9cidivent \u00e0 la 17\u00e8me mont\u00e9e de S\u00e9richamp"},"content":{"rendered":"<p><a href=\"http:\/\/gerardmerinfo.fr\/2017\/07\/claire-mougel-ludovic-laurent-recidivent-a-17eme-montee-de-serichamp\/cm-2\/\" rel=\"attachment wp-att-112390\"><img decoding=\"async\" class=\"aligncenter size-full wp-image-112390\" src=\"\/2017\/07\/cm.jpg\" alt=\"cm\" width=\"613\" height=\"800\" \/><\/a>Comme il l\u2019avait fait l\u2019an pass\u00e9, Ludovic Laurent a domin\u00e9 la 25e mont\u00e9e de S\u00e9richamp, ce dimanche 30 juillet 2017 \u00e0 Plainfaing. Une course organis\u00e9e par les b\u00e9n\u00e9voles de\u00a0Li Habaur\u00e9 et Compe\u00ef et du ski-club de Fraize.<\/p>\n<p>A \u00a0l\u2019issue de 1 h 01\u201932 de course, le v\u00e9t\u00e9ran de l\u2019AC Haute-Meurthe s\u2019est impos\u00e9 avec une avance de 28 secondes sur Mathieu Martinez (ASRHV Vall\u00e9e des Lacs) 2e et de 4 minutes 02 sur Herv\u00e9 Mougel (CO Haute-Moselotte) 3e.<\/p>\n<p>Chez les f\u00e9minines, Claire Mougel (CO Haute-Moselotte) succ\u00e8de elle aussi \u00e0 elle-m\u00eame au palmar\u00e8s. Elle l\u2019emporte en 1 h 15\u201910 devant sa camarade de club Chlo\u00eb Lalev\u00e9e (CO Haute-Moselotte)\u00a02e \u00e0 13 secondes et Annie Mougel 3e \u00e0 8 minutes 03.<\/p>\n<p>13,5\u00a0kilom\u00e8tres pour\u00a0790 m de d\u00e9nivel\u00e9 positif et 200 m de d\u00e9nivel\u00e9 n\u00e9gatif ont mis \u00e0 l\u2019\u00e9preuve les 159 concurrents class\u00e9s. De\u00a0la vall\u00e9e de la Meurthe, un parcours sauvage \u00e0 la limite de la\u00a0r\u00e9serve naturelle de S\u00e9richamp menait par des mont\u00e9es jamais tr\u00e8s longues alternant avec des portions plus roulantes.<\/p>\n<p><strong>D.J.<\/strong><\/p>\n<p><strong>Tous les classement au scratch\u00a0<a href=\"http:\/\/remiremontinfo.fr\/wp-content\/uploads\/2017\/07\/17eme-mds-scratch.pdf\">ici<\/a>\u00a0et\u00a0par cat\u00e9gories\u00a0<a href=\"http:\/\/remiremontinfo.fr\/wp-content\/uploads\/2017\/07\/17-eme-mds-categories.pdf\">ici<\/a>.<\/strong><\/p>\n","protected":false},"excerpt":{"rendered":"<p>Comme il l\u2019avait fait l\u2019an pass\u00e9, Ludovic Laurent a domin\u00e9 la 25e mont\u00e9e de S\u00e9richamp, ce dimanche 30 juillet 2017 [&hellip;]<\/p>\n","protected":false},"author":1,"featured_media":28216,"comment_status":"open","ping_status":"open","sticky":false,"template":"","format":"standard","meta":{"footnotes":""},"categories":[20,14],"tags":[],"class_list":["post-28215","post","type-post","status-publish","format-standard","has-post-thumbnail","hentry","category-a-la-une","category-sport"],"acf":[],"yoast_head":"<!-- This site is optimized with the Yoast SEO plugin v22.5 - https:\/\/yoast.com\/wordpress\/plugins\/seo\/ -->\n<title>Claire Mougel et Ludovic Laurent r\u00e9cidivent \u00e0 la 17\u00e8me mont\u00e9e de S\u00e9richamp - Gerardmer Info<\/title>\n<meta name=\"robots\" content=\"index, follow, max-snippet:-1, max-image-preview:large, max-video-preview:-1\" \/>\n<link rel=\"canonical\" href=\"https:\/\/vosgesinfo.fr\/gerardmerinfo\/2017\/07\/claire-mougel-ludovic-laurent-recidivent-a-17eme-montee-de-serichamp\/\" \/>\n<meta name=\"twitter:card\" content=\"summary_large_image\" \/>\n<meta name=\"twitter:title\" content=\"Claire Mougel et Ludovic Laurent r\u00e9cidivent \u00e0 la 17\u00e8me mont\u00e9e de S\u00e9richamp - Gerardmer Info\" \/>\n<meta name=\"twitter:description\" content=\"Comme il l\u2019avait fait l\u2019an pass\u00e9, Ludovic Laurent a domin\u00e9 la 25e mont\u00e9e de S\u00e9richamp, ce dimanche 30 juillet 2017 [&hellip;]\" \/>\n<meta name=\"twitter:image\" content=\"https:\/\/vosgesinfo.fr\/app\/uploads\/sites\/6\/2024\/07\/201707cm.jpg\" \/>\n<meta name=\"twitter:creator\" content=\"@VosgesInfo88\" \/>\n<meta name=\"twitter:site\" content=\"@VosgesInfo88\" \/>\n<meta name=\"twitter:label1\" content=\"\u00c9crit par\" \/>\n\t<meta name=\"twitter:data1\" content=\"qs_admin\" \/>\n\t<meta name=\"twitter:label2\" content=\"Dur\u00e9e de lecture estim\u00e9e\" \/>\n\t<meta name=\"twitter:data2\" content=\"1 minute\" \/>\n<script type=\"application\/ld+json\" class=\"yoast-schema-graph\">{\"@context\":\"https:\/\/schema.org\",\"@graph\":[{\"@type\":\"Article\",\"@id\":\"https:\/\/vosgesinfo.fr\/gerardmerinfo\/2017\/07\/claire-mougel-ludovic-laurent-recidivent-a-17eme-montee-de-serichamp\/#article\",\"isPartOf\":{\"@id\":\"https:\/\/vosgesinfo.fr\/gerardmerinfo\/2017\/07\/claire-mougel-ludovic-laurent-recidivent-a-17eme-montee-de-serichamp\/\"},\"author\":{\"name\":\"qs_admin\",\"@id\":\"https:\/\/vosgesinfo.fr\/gerardmerinfo\/#\/schema\/person\/bc5d02d71e6932e81b6dadb7386667b1\"},\"headline\":\"Claire Mougel et Ludovic Laurent r\u00e9cidivent \u00e0 la 17\u00e8me mont\u00e9e de S\u00e9richamp\",\"datePublished\":\"2017-07-31T04:04:04+00:00\",\"dateModified\":\"2017-07-31T04:04:04+00:00\",\"mainEntityOfPage\":{\"@id\":\"https:\/\/vosgesinfo.fr\/gerardmerinfo\/2017\/07\/claire-mougel-ludovic-laurent-recidivent-a-17eme-montee-de-serichamp\/\"},\"wordCount\":207,\"commentCount\":0,\"publisher\":{\"@id\":\"https:\/\/vosgesinfo.fr\/gerardmerinfo\/#organization\"},\"image\":{\"@id\":\"https:\/\/vosgesinfo.fr\/gerardmerinfo\/2017\/07\/claire-mougel-ludovic-laurent-recidivent-a-17eme-montee-de-serichamp\/#primaryimage\"},\"thumbnailUrl\":\"https:\/\/vosgesinfo.fr\/app\/uploads\/sites\/6\/2024\/07\/201707cm.jpg\",\"articleSection\":[\"A la une\",\"Sport\"],\"inLanguage\":\"fr-FR\",\"potentialAction\":[{\"@type\":\"CommentAction\",\"name\":\"Comment\",\"target\":[\"https:\/\/vosgesinfo.fr\/gerardmerinfo\/2017\/07\/claire-mougel-ludovic-laurent-recidivent-a-17eme-montee-de-serichamp\/#respond\"]}]},{\"@type\":\"WebPage\",\"@id\":\"https:\/\/vosgesinfo.fr\/gerardmerinfo\/2017\/07\/claire-mougel-ludovic-laurent-recidivent-a-17eme-montee-de-serichamp\/\",\"url\":\"https:\/\/vosgesinfo.fr\/gerardmerinfo\/2017\/07\/claire-mougel-ludovic-laurent-recidivent-a-17eme-montee-de-serichamp\/\",\"name\":\"Claire Mougel et Ludovic Laurent r\u00e9cidivent \u00e0 la 17\u00e8me mont\u00e9e de S\u00e9richamp - Gerardmer Info\",\"isPartOf\":{\"@id\":\"https:\/\/vosgesinfo.fr\/gerardmerinfo\/#website\"},\"primaryImageOfPage\":{\"@id\":\"https:\/\/vosgesinfo.fr\/gerardmerinfo\/2017\/07\/claire-mougel-ludovic-laurent-recidivent-a-17eme-montee-de-serichamp\/#primaryimage\"},\"image\":{\"@id\":\"https:\/\/vosgesinfo.fr\/gerardmerinfo\/2017\/07\/claire-mougel-ludovic-laurent-recidivent-a-17eme-montee-de-serichamp\/#primaryimage\"},\"thumbnailUrl\":\"https:\/\/vosgesinfo.fr\/app\/uploads\/sites\/6\/2024\/07\/201707cm.jpg\",\"datePublished\":\"2017-07-31T04:04:04+00:00\",\"dateModified\":\"2017-07-31T04:04:04+00:00\",\"breadcrumb\":{\"@id\":\"https:\/\/vosgesinfo.fr\/gerardmerinfo\/2017\/07\/claire-mougel-ludovic-laurent-recidivent-a-17eme-montee-de-serichamp\/#breadcrumb\"},\"inLanguage\":\"fr-FR\",\"potentialAction\":[{\"@type\":\"ReadAction\",\"target\":[\"https:\/\/vosgesinfo.fr\/gerardmerinfo\/2017\/07\/claire-mougel-ludovic-laurent-recidivent-a-17eme-montee-de-serichamp\/\"]}]},{\"@type\":\"ImageObject\",\"inLanguage\":\"fr-FR\",\"@id\":\"https:\/\/vosgesinfo.fr\/gerardmerinfo\/2017\/07\/claire-mougel-ludovic-laurent-recidivent-a-17eme-montee-de-serichamp\/#primaryimage\",\"url\":\"https:\/\/vosgesinfo.fr\/app\/uploads\/sites\/6\/2024\/07\/201707cm.jpg\",\"contentUrl\":\"https:\/\/vosgesinfo.fr\/app\/uploads\/sites\/6\/2024\/07\/201707cm.jpg\",\"width\":613,\"height\":800},{\"@type\":\"BreadcrumbList\",\"@id\":\"https:\/\/vosgesinfo.fr\/gerardmerinfo\/2017\/07\/claire-mougel-ludovic-laurent-recidivent-a-17eme-montee-de-serichamp\/#breadcrumb\",\"itemListElement\":[{\"@type\":\"ListItem\",\"position\":1,\"name\":\"Home\",\"item\":\"https:\/\/vosgesinfo.fr\/gerardmerinfo\/\"},{\"@type\":\"ListItem\",\"position\":2,\"name\":\"Claire Mougel et Ludovic Laurent r\u00e9cidivent \u00e0 la 17\u00e8me mont\u00e9e de S\u00e9richamp\"}]},{\"@type\":\"WebSite\",\"@id\":\"https:\/\/vosgesinfo.fr\/gerardmerinfo\/#website\",\"url\":\"https:\/\/vosgesinfo.fr\/gerardmerinfo\/\",\"name\":\"Gerardmer Info\",\"description\":\"Toute l&#039;actualit\u00e9 de G\u00e9rardmer\",\"publisher\":{\"@id\":\"https:\/\/vosgesinfo.fr\/gerardmerinfo\/#organization\"},\"alternateName\":\"Toute l'actualit\u00e9 de G\u00e9rardmer\",\"potentialAction\":[{\"@type\":\"SearchAction\",\"target\":{\"@type\":\"EntryPoint\",\"urlTemplate\":\"https:\/\/vosgesinfo.fr\/gerardmerinfo\/?s={search_term_string}\"},\"query-input\":\"required name=search_term_string\"}],\"inLanguage\":\"fr-FR\"},{\"@type\":\"Organization\",\"@id\":\"https:\/\/vosgesinfo.fr\/gerardmerinfo\/#organization\",\"name\":\"Gerardmer Info\",\"url\":\"https:\/\/vosgesinfo.fr\/gerardmerinfo\/\",\"logo\":{\"@type\":\"ImageObject\",\"inLanguage\":\"fr-FR\",\"@id\":\"https:\/\/vosgesinfo.fr\/gerardmerinfo\/#\/schema\/logo\/image\/\",\"url\":\"https:\/\/vosgesinfo.fr\/app\/uploads\/sites\/6\/2023\/08\/favicon-gerardmerinfo.png\",\"contentUrl\":\"https:\/\/vosgesinfo.fr\/app\/uploads\/sites\/6\/2023\/08\/favicon-gerardmerinfo.png\",\"width\":512,\"height\":512,\"caption\":\"Gerardmer Info\"},\"image\":{\"@id\":\"https:\/\/vosgesinfo.fr\/gerardmerinfo\/#\/schema\/logo\/image\/\"},\"sameAs\":[\"https:\/\/www.facebook.com\/profile.php?id=100049475262660\",\"https:\/\/x.com\/VosgesInfo88\",\"https:\/\/www.youtube.com\/@vosgesinfo\"]},{\"@type\":\"Person\",\"@id\":\"https:\/\/vosgesinfo.fr\/gerardmerinfo\/#\/schema\/person\/bc5d02d71e6932e81b6dadb7386667b1\",\"name\":\"qs_admin\",\"image\":{\"@type\":\"ImageObject\",\"inLanguage\":\"fr-FR\",\"@id\":\"https:\/\/vosgesinfo.fr\/gerardmerinfo\/#\/schema\/person\/image\/\",\"url\":\"https:\/\/secure.gravatar.com\/avatar\/94b18ee0ed79e4a42ea2f2931277b6841a8999fc6fde214600c78057cf1fe1de?s=96&d=mm&r=g\",\"contentUrl\":\"https:\/\/secure.gravatar.com\/avatar\/94b18ee0ed79e4a42ea2f2931277b6841a8999fc6fde214600c78057cf1fe1de?s=96&d=mm&r=g\",\"caption\":\"qs_admin\"},\"sameAs\":[\"https:\/\/vosgesinfo.fr\/wp\"],\"url\":\"https:\/\/vosgesinfo.fr\/gerardmerinfo\/author\/qs_admin\/\"}]}<\/script>\n<!-- \/ Yoast SEO plugin. -->","yoast_head_json":{"title":"Claire Mougel et Ludovic Laurent r\u00e9cidivent \u00e0 la 17\u00e8me mont\u00e9e de S\u00e9richamp - Gerardmer Info","robots":{"index":"index","follow":"follow","max-snippet":"max-snippet:-1","max-image-preview":"max-image-preview:large","max-video-preview":"max-video-preview:-1"},"canonical":"https:\/\/vosgesinfo.fr\/gerardmerinfo\/2017\/07\/claire-mougel-ludovic-laurent-recidivent-a-17eme-montee-de-serichamp\/","twitter_card":"summary_large_image","twitter_title":"Claire Mougel et Ludovic Laurent r\u00e9cidivent \u00e0 la 17\u00e8me mont\u00e9e de S\u00e9richamp - Gerardmer Info","twitter_description":"Comme il l\u2019avait fait l\u2019an pass\u00e9, Ludovic Laurent a domin\u00e9 la 25e mont\u00e9e de S\u00e9richamp, ce dimanche 30 juillet 2017 [&hellip;]","twitter_image":"https:\/\/vosgesinfo.fr\/app\/uploads\/sites\/6\/2024\/07\/201707cm.jpg","twitter_creator":"@VosgesInfo88","twitter_site":"@VosgesInfo88","twitter_misc":{"\u00c9crit par":"qs_admin","Dur\u00e9e de lecture estim\u00e9e":"1 minute"},"schema":{"@context":"https:\/\/schema.org","@graph":[{"@type":"Article","@id":"https:\/\/vosgesinfo.fr\/gerardmerinfo\/2017\/07\/claire-mougel-ludovic-laurent-recidivent-a-17eme-montee-de-serichamp\/#article","isPartOf":{"@id":"https:\/\/vosgesinfo.fr\/gerardmerinfo\/2017\/07\/claire-mougel-ludovic-laurent-recidivent-a-17eme-montee-de-serichamp\/"},"author":{"name":"qs_admin","@id":"https:\/\/vosgesinfo.fr\/gerardmerinfo\/#\/schema\/person\/bc5d02d71e6932e81b6dadb7386667b1"},"headline":"Claire Mougel et Ludovic Laurent r\u00e9cidivent \u00e0 la 17\u00e8me mont\u00e9e de S\u00e9richamp","datePublished":"2017-07-31T04:04:04+00:00","dateModified":"2017-07-31T04:04:04+00:00","mainEntityOfPage":{"@id":"https:\/\/vosgesinfo.fr\/gerardmerinfo\/2017\/07\/claire-mougel-ludovic-laurent-recidivent-a-17eme-montee-de-serichamp\/"},"wordCount":207,"commentCount":0,"publisher":{"@id":"https:\/\/vosgesinfo.fr\/gerardmerinfo\/#organization"},"image":{"@id":"https:\/\/vosgesinfo.fr\/gerardmerinfo\/2017\/07\/claire-mougel-ludovic-laurent-recidivent-a-17eme-montee-de-serichamp\/#primaryimage"},"thumbnailUrl":"https:\/\/vosgesinfo.fr\/app\/uploads\/sites\/6\/2024\/07\/201707cm.jpg","articleSection":["A la une","Sport"],"inLanguage":"fr-FR","potentialAction":[{"@type":"CommentAction","name":"Comment","target":["https:\/\/vosgesinfo.fr\/gerardmerinfo\/2017\/07\/claire-mougel-ludovic-laurent-recidivent-a-17eme-montee-de-serichamp\/#respond"]}]},{"@type":"WebPage","@id":"https:\/\/vosgesinfo.fr\/gerardmerinfo\/2017\/07\/claire-mougel-ludovic-laurent-recidivent-a-17eme-montee-de-serichamp\/","url":"https:\/\/vosgesinfo.fr\/gerardmerinfo\/2017\/07\/claire-mougel-ludovic-laurent-recidivent-a-17eme-montee-de-serichamp\/","name":"Claire Mougel et Ludovic Laurent r\u00e9cidivent \u00e0 la 17\u00e8me mont\u00e9e de S\u00e9richamp - Gerardmer Info","isPartOf":{"@id":"https:\/\/vosgesinfo.fr\/gerardmerinfo\/#website"},"primaryImageOfPage":{"@id":"https:\/\/vosgesinfo.fr\/gerardmerinfo\/2017\/07\/claire-mougel-ludovic-laurent-recidivent-a-17eme-montee-de-serichamp\/#primaryimage"},"image":{"@id":"https:\/\/vosgesinfo.fr\/gerardmerinfo\/2017\/07\/claire-mougel-ludovic-laurent-recidivent-a-17eme-montee-de-serichamp\/#primaryimage"},"thumbnailUrl":"https:\/\/vosgesinfo.fr\/app\/uploads\/sites\/6\/2024\/07\/201707cm.jpg","datePublished":"2017-07-31T04:04:04+00:00","dateModified":"2017-07-31T04:04:04+00:00","breadcrumb":{"@id":"https:\/\/vosgesinfo.fr\/gerardmerinfo\/2017\/07\/claire-mougel-ludovic-laurent-recidivent-a-17eme-montee-de-serichamp\/#breadcrumb"},"inLanguage":"fr-FR","potentialAction":[{"@type":"ReadAction","target":["https:\/\/vosgesinfo.fr\/gerardmerinfo\/2017\/07\/claire-mougel-ludovic-laurent-recidivent-a-17eme-montee-de-serichamp\/"]}]},{"@type":"ImageObject","inLanguage":"fr-FR","@id":"https:\/\/vosgesinfo.fr\/gerardmerinfo\/2017\/07\/claire-mougel-ludovic-laurent-recidivent-a-17eme-montee-de-serichamp\/#primaryimage","url":"https:\/\/vosgesinfo.fr\/app\/uploads\/sites\/6\/2024\/07\/201707cm.jpg","contentUrl":"https:\/\/vosgesinfo.fr\/app\/uploads\/sites\/6\/2024\/07\/201707cm.jpg","width":613,"height":800},{"@type":"BreadcrumbList","@id":"https:\/\/vosgesinfo.fr\/gerardmerinfo\/2017\/07\/claire-mougel-ludovic-laurent-recidivent-a-17eme-montee-de-serichamp\/#breadcrumb","itemListElement":[{"@type":"ListItem","position":1,"name":"Home","item":"https:\/\/vosgesinfo.fr\/gerardmerinfo\/"},{"@type":"ListItem","position":2,"name":"Claire Mougel et Ludovic Laurent r\u00e9cidivent \u00e0 la 17\u00e8me mont\u00e9e de S\u00e9richamp"}]},{"@type":"WebSite","@id":"https:\/\/vosgesinfo.fr\/gerardmerinfo\/#website","url":"https:\/\/vosgesinfo.fr\/gerardmerinfo\/","name":"Gerardmer Info","description":"Toute l&#039;actualit\u00e9 de G\u00e9rardmer","publisher":{"@id":"https:\/\/vosgesinfo.fr\/gerardmerinfo\/#organization"},"alternateName":"Toute l'actualit\u00e9 de G\u00e9rardmer","potentialAction":[{"@type":"SearchAction","target":{"@type":"EntryPoint","urlTemplate":"https:\/\/vosgesinfo.fr\/gerardmerinfo\/?s={search_term_string}"},"query-input":"required name=search_term_string"}],"inLanguage":"fr-FR"},{"@type":"Organization","@id":"https:\/\/vosgesinfo.fr\/gerardmerinfo\/#organization","name":"Gerardmer Info","url":"https:\/\/vosgesinfo.fr\/gerardmerinfo\/","logo":{"@type":"ImageObject","inLanguage":"fr-FR","@id":"https:\/\/vosgesinfo.fr\/gerardmerinfo\/#\/schema\/logo\/image\/","url":"https:\/\/vosgesinfo.fr\/app\/uploads\/sites\/6\/2023\/08\/favicon-gerardmerinfo.png","contentUrl":"https:\/\/vosgesinfo.fr\/app\/uploads\/sites\/6\/2023\/08\/favicon-gerardmerinfo.png","width":512,"height":512,"caption":"Gerardmer Info"},"image":{"@id":"https:\/\/vosgesinfo.fr\/gerardmerinfo\/#\/schema\/logo\/image\/"},"sameAs":["https:\/\/www.facebook.com\/profile.php?id=100049475262660","https:\/\/x.com\/VosgesInfo88","https:\/\/www.youtube.com\/@vosgesinfo"]},{"@type":"Person","@id":"https:\/\/vosgesinfo.fr\/gerardmerinfo\/#\/schema\/person\/bc5d02d71e6932e81b6dadb7386667b1","name":"qs_admin","image":{"@type":"ImageObject","inLanguage":"fr-FR","@id":"https:\/\/vosgesinfo.fr\/gerardmerinfo\/#\/schema\/person\/image\/","url":"https:\/\/secure.gravatar.com\/avatar\/94b18ee0ed79e4a42ea2f2931277b6841a8999fc6fde214600c78057cf1fe1de?s=96&d=mm&r=g","contentUrl":"https:\/\/secure.gravatar.com\/avatar\/94b18ee0ed79e4a42ea2f2931277b6841a8999fc6fde214600c78057cf1fe1de?s=96&d=mm&r=g","caption":"qs_admin"},"sameAs":["https:\/\/vosgesinfo.fr\/wp"],"url":"https:\/\/vosgesinfo.fr\/gerardmerinfo\/author\/qs_admin\/"}]}},"_links":{"self":[{"href":"https:\/\/vosgesinfo.fr\/gerardmerinfo\/wp-json\/wp\/v2\/posts\/28215","targetHints":{"allow":["GET"]}}],"collection":[{"href":"https:\/\/vosgesinfo.fr\/gerardmerinfo\/wp-json\/wp\/v2\/posts"}],"about":[{"href":"https:\/\/vosgesinfo.fr\/gerardmerinfo\/wp-json\/wp\/v2\/types\/post"}],"author":[{"embeddable":true,"href":"https:\/\/vosgesinfo.fr\/gerardmerinfo\/wp-json\/wp\/v2\/users\/1"}],"replies":[{"embeddable":true,"href":"https:\/\/vosgesinfo.fr\/gerardmerinfo\/wp-json\/wp\/v2\/comments?post=28215"}],"version-history":[{"count":0,"href":"https:\/\/vosgesinfo.fr\/gerardmerinfo\/wp-json\/wp\/v2\/posts\/28215\/revisions"}],"wp:featuredmedia":[{"embeddable":true,"href":"https:\/\/vosgesinfo.fr\/gerardmerinfo\/wp-json\/wp\/v2\/media\/28216"}],"wp:attachment":[{"href":"https:\/\/vosgesinfo.fr\/gerardmerinfo\/wp-json\/wp\/v2\/media?parent=28215"}],"wp:term":[{"taxonomy":"category","embeddable":true,"href":"https:\/\/vosgesinfo.fr\/gerardmerinfo\/wp-json\/wp\/v2\/categories?post=28215"},{"taxonomy":"post_tag","embeddable":true,"href":"https:\/\/vosgesinfo.fr\/gerardmerinfo\/wp-json\/wp\/v2\/tags?post=28215"}],"curies":[{"name":"wp","href":"https:\/\/api.w.org\/{rel}","templated":true}]}}