{"id":28818,"date":"2017-08-31T16:16:36","date_gmt":"2017-08-31T14:16:36","guid":{"rendered":"https:\/\/vosgesinfo.fr\/gerardmerinfo\/2017\/08\/petit-bol-dair-lac-malades-cancer-merci-lasg-voile\/"},"modified":"2017-08-31T16:16:36","modified_gmt":"2017-08-31T14:16:36","slug":"petit-bol-dair-lac-malades-cancer-merci-lasg-voile","status":"publish","type":"post","link":"https:\/\/vosgesinfo.fr\/gerardmerinfo\/2017\/08\/petit-bol-dair-lac-malades-cancer-merci-lasg-voile\/","title":{"rendered":"Petit bol d&rsquo;air sur le lac pour des malades du cancer : merci l&rsquo;ASG Voile !"},"content":{"rendered":"<p><strong><a href=\"\/2017\/08\/voile-contre-le-cancer-4.jpg\"><img decoding=\"async\" class=\"aligncenter size-full wp-image-113858\" src=\"\/2017\/08\/voile-contre-le-cancer-4.jpg\" alt=\"voile contre le cancer (4)\" width=\"800\" height=\"531\" \/><\/a><br \/>\n<\/strong><br \/>\nQui a dit que les jeunes ne s&rsquo;engageaient plus ? 25 jeunes du club de voile de G\u00e9rardmer se sont mobilit\u00e9s <span class=\"x_UFICommentBody\">pour faire partager leur passion de la voile \u00e0 des personnes malades, \u00e0 leurs familles et \u00e0 ceux qui voulaient apporter leur soutien.<\/span>\u00a0 Et le r\u00e9sultat est \u00e0 la hauteur de leurs efforts&#8230;<\/p>\n<p><a href=\"\/2017\/08\/Les-jeunes.jpg\"><img decoding=\"async\" class=\"alignright size-medium wp-image-113854\" src=\"\/2017\/08\/Les-jeunes-340x255.jpg\" alt=\"Les jeunes\" width=\"340\" height=\"255\" \/><\/a>D<span class=\"x_UFICommentBody x__1n4g\">es centaines de cr\u00eapes, des promenades \u00e0 la voile pour des familles ravies, des d\u00e9monstrations, des initiations \u00e0 la planche, \u00e0 l&rsquo;optimist pour les tout petits, du paddle, de la voile radio-command\u00e9e, \u00e9taient propos\u00e9es par les jeunes. <\/span><\/p>\n<p><span class=\"x_UFICommentBody x__1n4g\">Au total, c&rsquo;est plus de 1300\u20ac qui ont \u00e9t\u00e9 r\u00e9colt\u00e9s pour la ligue contre le cancer et remis au pr\u00e9sident Maurice Claudel, sans compter le plaisir offert aux personnes qui ont pass\u00e9 un magnifique moment au bord du lac, dans une ambiance familiale et sous un chaud soleil qui tenait aussi \u00e0 participer \u00e0 ce week-end de l&rsquo;amiti\u00e9 et de la solidarit\u00e9.. <\/span><\/p>\n<p><span class=\"x_UFICommentBody x__1n4g\">Chaque participant est reparti avec un lot offert par les commer\u00e7ants de G\u00e9rardmer, et Julien Bontemps a gagn\u00e9 un stage de voile d&rsquo;une semaine&#8230; <\/span><\/p>\n<p><span class=\"x_UFICommentBody x__1n4g\">Merci \u00e0 tout ceux qui ont contribu\u00e9 \u00e0 ces belles journ\u00e9es, les jeunes du club en particulier, Julien et Irina, les \u00e9lus, les partenaires et toutes les personnes qui ont particip\u00e9.<\/span><\/p>\n\n","protected":false},"excerpt":{"rendered":"<p>Qui a dit que les jeunes ne s&rsquo;engageaient plus ? 25 jeunes du club de voile de G\u00e9rardmer se sont [&hellip;]<\/p>\n","protected":false},"author":1,"featured_media":28819,"comment_status":"open","ping_status":"open","sticky":false,"template":"","format":"standard","meta":{"footnotes":""},"categories":[20,12,14],"tags":[65,3228,3217],"class_list":["post-28818","post","type-post","status-publish","format-standard","has-post-thumbnail","hentry","category-a-la-une","category-sante","category-sport","tag-asg-voile","tag-voile-contr","tag-voile-contre-le-cancer"],"acf":[],"yoast_head":"<!-- This site is optimized with the Yoast SEO plugin v22.5 - https:\/\/yoast.com\/wordpress\/plugins\/seo\/ -->\n<title>Petit bol d&#039;air sur le lac pour des malades du cancer : merci l&#039;ASG Voile ! - Gerardmer Info<\/title>\n<meta name=\"robots\" content=\"index, follow, max-snippet:-1, max-image-preview:large, max-video-preview:-1\" \/>\n<link rel=\"canonical\" href=\"https:\/\/vosgesinfo.fr\/gerardmerinfo\/2017\/08\/petit-bol-dair-lac-malades-cancer-merci-lasg-voile\/\" \/>\n<meta name=\"twitter:card\" content=\"summary_large_image\" \/>\n<meta name=\"twitter:title\" content=\"Petit bol d&#039;air sur le lac pour des malades du cancer : merci l&#039;ASG Voile ! - Gerardmer Info\" \/>\n<meta name=\"twitter:description\" content=\"Qui a dit que les jeunes ne s&rsquo;engageaient plus ? 25 jeunes du club de voile de G\u00e9rardmer se sont [&hellip;]\" \/>\n<meta name=\"twitter:image\" content=\"https:\/\/vosgesinfo.fr\/app\/uploads\/sites\/6\/2024\/07\/201708voile-contre-le-cancer-1.jpg\" \/>\n<meta name=\"twitter:creator\" content=\"@VosgesInfo88\" \/>\n<meta name=\"twitter:site\" content=\"@VosgesInfo88\" \/>\n<meta name=\"twitter:label1\" content=\"\u00c9crit par\" \/>\n\t<meta name=\"twitter:data1\" content=\"qs_admin\" \/>\n\t<meta name=\"twitter:label2\" content=\"Dur\u00e9e de lecture estim\u00e9e\" \/>\n\t<meta name=\"twitter:data2\" content=\"1 minute\" \/>\n<script type=\"application\/ld+json\" class=\"yoast-schema-graph\">{\"@context\":\"https:\/\/schema.org\",\"@graph\":[{\"@type\":\"Article\",\"@id\":\"https:\/\/vosgesinfo.fr\/gerardmerinfo\/2017\/08\/petit-bol-dair-lac-malades-cancer-merci-lasg-voile\/#article\",\"isPartOf\":{\"@id\":\"https:\/\/vosgesinfo.fr\/gerardmerinfo\/2017\/08\/petit-bol-dair-lac-malades-cancer-merci-lasg-voile\/\"},\"author\":{\"name\":\"qs_admin\",\"@id\":\"https:\/\/vosgesinfo.fr\/gerardmerinfo\/#\/schema\/person\/bc5d02d71e6932e81b6dadb7386667b1\"},\"headline\":\"Petit bol d&rsquo;air sur le lac pour des malades du cancer : merci l&rsquo;ASG Voile !\",\"datePublished\":\"2017-08-31T14:16:36+00:00\",\"dateModified\":\"2017-08-31T14:16:36+00:00\",\"mainEntityOfPage\":{\"@id\":\"https:\/\/vosgesinfo.fr\/gerardmerinfo\/2017\/08\/petit-bol-dair-lac-malades-cancer-merci-lasg-voile\/\"},\"wordCount\":238,\"commentCount\":0,\"publisher\":{\"@id\":\"https:\/\/vosgesinfo.fr\/gerardmerinfo\/#organization\"},\"image\":{\"@id\":\"https:\/\/vosgesinfo.fr\/gerardmerinfo\/2017\/08\/petit-bol-dair-lac-malades-cancer-merci-lasg-voile\/#primaryimage\"},\"thumbnailUrl\":\"https:\/\/vosgesinfo.fr\/app\/uploads\/sites\/6\/2024\/07\/201708voile-contre-le-cancer-1.jpg\",\"keywords\":[\"asg voile\",\"voile contr\",\"voile contre le cancer\"],\"articleSection\":[\"A la une\",\"Sant\u00e9\",\"Sport\"],\"inLanguage\":\"fr-FR\",\"potentialAction\":[{\"@type\":\"CommentAction\",\"name\":\"Comment\",\"target\":[\"https:\/\/vosgesinfo.fr\/gerardmerinfo\/2017\/08\/petit-bol-dair-lac-malades-cancer-merci-lasg-voile\/#respond\"]}]},{\"@type\":\"WebPage\",\"@id\":\"https:\/\/vosgesinfo.fr\/gerardmerinfo\/2017\/08\/petit-bol-dair-lac-malades-cancer-merci-lasg-voile\/\",\"url\":\"https:\/\/vosgesinfo.fr\/gerardmerinfo\/2017\/08\/petit-bol-dair-lac-malades-cancer-merci-lasg-voile\/\",\"name\":\"Petit bol d'air sur le lac pour des malades du cancer : merci l'ASG Voile ! - Gerardmer Info\",\"isPartOf\":{\"@id\":\"https:\/\/vosgesinfo.fr\/gerardmerinfo\/#website\"},\"primaryImageOfPage\":{\"@id\":\"https:\/\/vosgesinfo.fr\/gerardmerinfo\/2017\/08\/petit-bol-dair-lac-malades-cancer-merci-lasg-voile\/#primaryimage\"},\"image\":{\"@id\":\"https:\/\/vosgesinfo.fr\/gerardmerinfo\/2017\/08\/petit-bol-dair-lac-malades-cancer-merci-lasg-voile\/#primaryimage\"},\"thumbnailUrl\":\"https:\/\/vosgesinfo.fr\/app\/uploads\/sites\/6\/2024\/07\/201708voile-contre-le-cancer-1.jpg\",\"datePublished\":\"2017-08-31T14:16:36+00:00\",\"dateModified\":\"2017-08-31T14:16:36+00:00\",\"breadcrumb\":{\"@id\":\"https:\/\/vosgesinfo.fr\/gerardmerinfo\/2017\/08\/petit-bol-dair-lac-malades-cancer-merci-lasg-voile\/#breadcrumb\"},\"inLanguage\":\"fr-FR\",\"potentialAction\":[{\"@type\":\"ReadAction\",\"target\":[\"https:\/\/vosgesinfo.fr\/gerardmerinfo\/2017\/08\/petit-bol-dair-lac-malades-cancer-merci-lasg-voile\/\"]}]},{\"@type\":\"ImageObject\",\"inLanguage\":\"fr-FR\",\"@id\":\"https:\/\/vosgesinfo.fr\/gerardmerinfo\/2017\/08\/petit-bol-dair-lac-malades-cancer-merci-lasg-voile\/#primaryimage\",\"url\":\"https:\/\/vosgesinfo.fr\/app\/uploads\/sites\/6\/2024\/07\/201708voile-contre-le-cancer-1.jpg\",\"contentUrl\":\"https:\/\/vosgesinfo.fr\/app\/uploads\/sites\/6\/2024\/07\/201708voile-contre-le-cancer-1.jpg\",\"width\":800,\"height\":531},{\"@type\":\"BreadcrumbList\",\"@id\":\"https:\/\/vosgesinfo.fr\/gerardmerinfo\/2017\/08\/petit-bol-dair-lac-malades-cancer-merci-lasg-voile\/#breadcrumb\",\"itemListElement\":[{\"@type\":\"ListItem\",\"position\":1,\"name\":\"Home\",\"item\":\"https:\/\/vosgesinfo.fr\/gerardmerinfo\/\"},{\"@type\":\"ListItem\",\"position\":2,\"name\":\"Petit bol d&rsquo;air sur le lac pour des malades du cancer : merci l&rsquo;ASG Voile !\"}]},{\"@type\":\"WebSite\",\"@id\":\"https:\/\/vosgesinfo.fr\/gerardmerinfo\/#website\",\"url\":\"https:\/\/vosgesinfo.fr\/gerardmerinfo\/\",\"name\":\"Gerardmer Info\",\"description\":\"Toute l&#039;actualit\u00e9 de G\u00e9rardmer\",\"publisher\":{\"@id\":\"https:\/\/vosgesinfo.fr\/gerardmerinfo\/#organization\"},\"alternateName\":\"Toute l'actualit\u00e9 de G\u00e9rardmer\",\"potentialAction\":[{\"@type\":\"SearchAction\",\"target\":{\"@type\":\"EntryPoint\",\"urlTemplate\":\"https:\/\/vosgesinfo.fr\/gerardmerinfo\/?s={search_term_string}\"},\"query-input\":\"required name=search_term_string\"}],\"inLanguage\":\"fr-FR\"},{\"@type\":\"Organization\",\"@id\":\"https:\/\/vosgesinfo.fr\/gerardmerinfo\/#organization\",\"name\":\"Gerardmer Info\",\"url\":\"https:\/\/vosgesinfo.fr\/gerardmerinfo\/\",\"logo\":{\"@type\":\"ImageObject\",\"inLanguage\":\"fr-FR\",\"@id\":\"https:\/\/vosgesinfo.fr\/gerardmerinfo\/#\/schema\/logo\/image\/\",\"url\":\"https:\/\/vosgesinfo.fr\/app\/uploads\/sites\/6\/2023\/08\/favicon-gerardmerinfo.png\",\"contentUrl\":\"https:\/\/vosgesinfo.fr\/app\/uploads\/sites\/6\/2023\/08\/favicon-gerardmerinfo.png\",\"width\":512,\"height\":512,\"caption\":\"Gerardmer Info\"},\"image\":{\"@id\":\"https:\/\/vosgesinfo.fr\/gerardmerinfo\/#\/schema\/logo\/image\/\"},\"sameAs\":[\"https:\/\/www.facebook.com\/profile.php?id=100049475262660\",\"https:\/\/x.com\/VosgesInfo88\",\"https:\/\/www.youtube.com\/@vosgesinfo\"]},{\"@type\":\"Person\",\"@id\":\"https:\/\/vosgesinfo.fr\/gerardmerinfo\/#\/schema\/person\/bc5d02d71e6932e81b6dadb7386667b1\",\"name\":\"qs_admin\",\"image\":{\"@type\":\"ImageObject\",\"inLanguage\":\"fr-FR\",\"@id\":\"https:\/\/vosgesinfo.fr\/gerardmerinfo\/#\/schema\/person\/image\/\",\"url\":\"https:\/\/secure.gravatar.com\/avatar\/94b18ee0ed79e4a42ea2f2931277b6841a8999fc6fde214600c78057cf1fe1de?s=96&d=mm&r=g\",\"contentUrl\":\"https:\/\/secure.gravatar.com\/avatar\/94b18ee0ed79e4a42ea2f2931277b6841a8999fc6fde214600c78057cf1fe1de?s=96&d=mm&r=g\",\"caption\":\"qs_admin\"},\"sameAs\":[\"https:\/\/vosgesinfo.fr\/wp\"],\"url\":\"https:\/\/vosgesinfo.fr\/gerardmerinfo\/author\/qs_admin\/\"}]}<\/script>\n<!-- \/ Yoast SEO plugin. -->","yoast_head_json":{"title":"Petit bol d'air sur le lac pour des malades du cancer : merci l'ASG Voile ! - Gerardmer Info","robots":{"index":"index","follow":"follow","max-snippet":"max-snippet:-1","max-image-preview":"max-image-preview:large","max-video-preview":"max-video-preview:-1"},"canonical":"https:\/\/vosgesinfo.fr\/gerardmerinfo\/2017\/08\/petit-bol-dair-lac-malades-cancer-merci-lasg-voile\/","twitter_card":"summary_large_image","twitter_title":"Petit bol d'air sur le lac pour des malades du cancer : merci l'ASG Voile ! - Gerardmer Info","twitter_description":"Qui a dit que les jeunes ne s&rsquo;engageaient plus ? 25 jeunes du club de voile de G\u00e9rardmer se sont [&hellip;]","twitter_image":"https:\/\/vosgesinfo.fr\/app\/uploads\/sites\/6\/2024\/07\/201708voile-contre-le-cancer-1.jpg","twitter_creator":"@VosgesInfo88","twitter_site":"@VosgesInfo88","twitter_misc":{"\u00c9crit par":"qs_admin","Dur\u00e9e de lecture estim\u00e9e":"1 minute"},"schema":{"@context":"https:\/\/schema.org","@graph":[{"@type":"Article","@id":"https:\/\/vosgesinfo.fr\/gerardmerinfo\/2017\/08\/petit-bol-dair-lac-malades-cancer-merci-lasg-voile\/#article","isPartOf":{"@id":"https:\/\/vosgesinfo.fr\/gerardmerinfo\/2017\/08\/petit-bol-dair-lac-malades-cancer-merci-lasg-voile\/"},"author":{"name":"qs_admin","@id":"https:\/\/vosgesinfo.fr\/gerardmerinfo\/#\/schema\/person\/bc5d02d71e6932e81b6dadb7386667b1"},"headline":"Petit bol d&rsquo;air sur le lac pour des malades du cancer : merci l&rsquo;ASG Voile !","datePublished":"2017-08-31T14:16:36+00:00","dateModified":"2017-08-31T14:16:36+00:00","mainEntityOfPage":{"@id":"https:\/\/vosgesinfo.fr\/gerardmerinfo\/2017\/08\/petit-bol-dair-lac-malades-cancer-merci-lasg-voile\/"},"wordCount":238,"commentCount":0,"publisher":{"@id":"https:\/\/vosgesinfo.fr\/gerardmerinfo\/#organization"},"image":{"@id":"https:\/\/vosgesinfo.fr\/gerardmerinfo\/2017\/08\/petit-bol-dair-lac-malades-cancer-merci-lasg-voile\/#primaryimage"},"thumbnailUrl":"https:\/\/vosgesinfo.fr\/app\/uploads\/sites\/6\/2024\/07\/201708voile-contre-le-cancer-1.jpg","keywords":["asg voile","voile contr","voile contre le cancer"],"articleSection":["A la une","Sant\u00e9","Sport"],"inLanguage":"fr-FR","potentialAction":[{"@type":"CommentAction","name":"Comment","target":["https:\/\/vosgesinfo.fr\/gerardmerinfo\/2017\/08\/petit-bol-dair-lac-malades-cancer-merci-lasg-voile\/#respond"]}]},{"@type":"WebPage","@id":"https:\/\/vosgesinfo.fr\/gerardmerinfo\/2017\/08\/petit-bol-dair-lac-malades-cancer-merci-lasg-voile\/","url":"https:\/\/vosgesinfo.fr\/gerardmerinfo\/2017\/08\/petit-bol-dair-lac-malades-cancer-merci-lasg-voile\/","name":"Petit bol d'air sur le lac pour des malades du cancer : merci l'ASG Voile ! - Gerardmer Info","isPartOf":{"@id":"https:\/\/vosgesinfo.fr\/gerardmerinfo\/#website"},"primaryImageOfPage":{"@id":"https:\/\/vosgesinfo.fr\/gerardmerinfo\/2017\/08\/petit-bol-dair-lac-malades-cancer-merci-lasg-voile\/#primaryimage"},"image":{"@id":"https:\/\/vosgesinfo.fr\/gerardmerinfo\/2017\/08\/petit-bol-dair-lac-malades-cancer-merci-lasg-voile\/#primaryimage"},"thumbnailUrl":"https:\/\/vosgesinfo.fr\/app\/uploads\/sites\/6\/2024\/07\/201708voile-contre-le-cancer-1.jpg","datePublished":"2017-08-31T14:16:36+00:00","dateModified":"2017-08-31T14:16:36+00:00","breadcrumb":{"@id":"https:\/\/vosgesinfo.fr\/gerardmerinfo\/2017\/08\/petit-bol-dair-lac-malades-cancer-merci-lasg-voile\/#breadcrumb"},"inLanguage":"fr-FR","potentialAction":[{"@type":"ReadAction","target":["https:\/\/vosgesinfo.fr\/gerardmerinfo\/2017\/08\/petit-bol-dair-lac-malades-cancer-merci-lasg-voile\/"]}]},{"@type":"ImageObject","inLanguage":"fr-FR","@id":"https:\/\/vosgesinfo.fr\/gerardmerinfo\/2017\/08\/petit-bol-dair-lac-malades-cancer-merci-lasg-voile\/#primaryimage","url":"https:\/\/vosgesinfo.fr\/app\/uploads\/sites\/6\/2024\/07\/201708voile-contre-le-cancer-1.jpg","contentUrl":"https:\/\/vosgesinfo.fr\/app\/uploads\/sites\/6\/2024\/07\/201708voile-contre-le-cancer-1.jpg","width":800,"height":531},{"@type":"BreadcrumbList","@id":"https:\/\/vosgesinfo.fr\/gerardmerinfo\/2017\/08\/petit-bol-dair-lac-malades-cancer-merci-lasg-voile\/#breadcrumb","itemListElement":[{"@type":"ListItem","position":1,"name":"Home","item":"https:\/\/vosgesinfo.fr\/gerardmerinfo\/"},{"@type":"ListItem","position":2,"name":"Petit bol d&rsquo;air sur le lac pour des malades du cancer : merci l&rsquo;ASG Voile !"}]},{"@type":"WebSite","@id":"https:\/\/vosgesinfo.fr\/gerardmerinfo\/#website","url":"https:\/\/vosgesinfo.fr\/gerardmerinfo\/","name":"Gerardmer Info","description":"Toute l&#039;actualit\u00e9 de G\u00e9rardmer","publisher":{"@id":"https:\/\/vosgesinfo.fr\/gerardmerinfo\/#organization"},"alternateName":"Toute l'actualit\u00e9 de G\u00e9rardmer","potentialAction":[{"@type":"SearchAction","target":{"@type":"EntryPoint","urlTemplate":"https:\/\/vosgesinfo.fr\/gerardmerinfo\/?s={search_term_string}"},"query-input":"required name=search_term_string"}],"inLanguage":"fr-FR"},{"@type":"Organization","@id":"https:\/\/vosgesinfo.fr\/gerardmerinfo\/#organization","name":"Gerardmer Info","url":"https:\/\/vosgesinfo.fr\/gerardmerinfo\/","logo":{"@type":"ImageObject","inLanguage":"fr-FR","@id":"https:\/\/vosgesinfo.fr\/gerardmerinfo\/#\/schema\/logo\/image\/","url":"https:\/\/vosgesinfo.fr\/app\/uploads\/sites\/6\/2023\/08\/favicon-gerardmerinfo.png","contentUrl":"https:\/\/vosgesinfo.fr\/app\/uploads\/sites\/6\/2023\/08\/favicon-gerardmerinfo.png","width":512,"height":512,"caption":"Gerardmer Info"},"image":{"@id":"https:\/\/vosgesinfo.fr\/gerardmerinfo\/#\/schema\/logo\/image\/"},"sameAs":["https:\/\/www.facebook.com\/profile.php?id=100049475262660","https:\/\/x.com\/VosgesInfo88","https:\/\/www.youtube.com\/@vosgesinfo"]},{"@type":"Person","@id":"https:\/\/vosgesinfo.fr\/gerardmerinfo\/#\/schema\/person\/bc5d02d71e6932e81b6dadb7386667b1","name":"qs_admin","image":{"@type":"ImageObject","inLanguage":"fr-FR","@id":"https:\/\/vosgesinfo.fr\/gerardmerinfo\/#\/schema\/person\/image\/","url":"https:\/\/secure.gravatar.com\/avatar\/94b18ee0ed79e4a42ea2f2931277b6841a8999fc6fde214600c78057cf1fe1de?s=96&d=mm&r=g","contentUrl":"https:\/\/secure.gravatar.com\/avatar\/94b18ee0ed79e4a42ea2f2931277b6841a8999fc6fde214600c78057cf1fe1de?s=96&d=mm&r=g","caption":"qs_admin"},"sameAs":["https:\/\/vosgesinfo.fr\/wp"],"url":"https:\/\/vosgesinfo.fr\/gerardmerinfo\/author\/qs_admin\/"}]}},"_links":{"self":[{"href":"https:\/\/vosgesinfo.fr\/gerardmerinfo\/wp-json\/wp\/v2\/posts\/28818","targetHints":{"allow":["GET"]}}],"collection":[{"href":"https:\/\/vosgesinfo.fr\/gerardmerinfo\/wp-json\/wp\/v2\/posts"}],"about":[{"href":"https:\/\/vosgesinfo.fr\/gerardmerinfo\/wp-json\/wp\/v2\/types\/post"}],"author":[{"embeddable":true,"href":"https:\/\/vosgesinfo.fr\/gerardmerinfo\/wp-json\/wp\/v2\/users\/1"}],"replies":[{"embeddable":true,"href":"https:\/\/vosgesinfo.fr\/gerardmerinfo\/wp-json\/wp\/v2\/comments?post=28818"}],"version-history":[{"count":0,"href":"https:\/\/vosgesinfo.fr\/gerardmerinfo\/wp-json\/wp\/v2\/posts\/28818\/revisions"}],"wp:featuredmedia":[{"embeddable":true,"href":"https:\/\/vosgesinfo.fr\/gerardmerinfo\/wp-json\/wp\/v2\/media\/28819"}],"wp:attachment":[{"href":"https:\/\/vosgesinfo.fr\/gerardmerinfo\/wp-json\/wp\/v2\/media?parent=28818"}],"wp:term":[{"taxonomy":"category","embeddable":true,"href":"https:\/\/vosgesinfo.fr\/gerardmerinfo\/wp-json\/wp\/v2\/categories?post=28818"},{"taxonomy":"post_tag","embeddable":true,"href":"https:\/\/vosgesinfo.fr\/gerardmerinfo\/wp-json\/wp\/v2\/tags?post=28818"}],"curies":[{"name":"wp","href":"https:\/\/api.w.org\/{rel}","templated":true}]}}