{"id":29050,"date":"2017-09-12T16:34:15","date_gmt":"2017-09-12T14:34:15","guid":{"rendered":"https:\/\/vosgesinfo.fr\/gerardmerinfo\/2017\/09\/equipes-de-tete-aux-pieds-a-pg2g\/"},"modified":"2017-09-12T16:34:15","modified_gmt":"2017-09-12T14:34:15","slug":"equipes-de-tete-aux-pieds-a-pg2g","status":"publish","type":"post","link":"https:\/\/vosgesinfo.fr\/gerardmerinfo\/2017\/09\/equipes-de-tete-aux-pieds-a-pg2g\/","title":{"rendered":"\u00c9quip\u00e9s de la t\u00eate aux pieds \u00e0 PG2G"},"content":{"rendered":"<h2><span style=\"font-size: 12pt;\"><strong><a href=\"\/2017\/09\/1er-\u00e9quipement-PG2G-de-gennes-1.jpg\"><img decoding=\"async\" class=\"aligncenter size-full wp-image-114419\" src=\"\/2017\/09\/1er-\u00e9quipement-PG2G-de-gennes-1.jpg\" alt=\"1er \u00e9quipement PG2G de gennes (1)\" width=\"800\" height=\"450\" \/><\/a>Ce mardi matin avait lieu l&rsquo;habituelle distribution du premier \u00e9quipement aux nouveaux \u00e9l\u00e8ves du lyc\u00e9e Pierre-Gilles de Gennes.<\/strong><\/span><\/h2>\n<p>Cette ann\u00e9e, ils sont environ 90 \u00e9l\u00e8ves futurs routiers ou carrossiers \u00e0 recevoir l&rsquo;EPI ou \u00c9quipement Protection Individuelle. Une base qui leur permettra de suivre leur formation dans de bonnes conditions notamment sur les heures de pratique, sur le terrain ou dans les ateliers du lyc\u00e9e. Cet \u00e9quipement est financ\u00e9 int\u00e9gralement par la R\u00e9gion Lorraine et, apr\u00e8s appel d&rsquo;offre, il \u00e9tait fourni cette ann\u00e9e encore par la soci\u00e9t\u00e9 Gilbert Production bas\u00e9e \u00e0 Mulhouse repr\u00e9sent\u00e9e lors de la distribution par Isabelle et Delphine.<\/p>\n<p>Chaque \u00e9l\u00e8ve re\u00e7oit donc une combinaison ainsi qu&rsquo;une paire de chaussures de s\u00e9curit\u00e9 ainsi qu&rsquo;une parka et un chasuble fluo pour les routiers ou un casque anti-bruit et un demi masque de peinture s&rsquo;il est carrossier. La petite nouveaut\u00e9 cette ann\u00e9e, c&rsquo;est que 12 \u00e9l\u00e8ves suppl\u00e9mentaires ont b\u00e9n\u00e9fici\u00e9 de ce premier \u00e9quipement. Il s&rsquo;agit des petits nouveaux de la Formation Compl\u00e9mentaire d&rsquo;Initiative Locale (voir notre pr\u00e9c\u00e9dent article : <a href=\"http:\/\/gerardmerinfo.fr\/2017\/05\/formation-mesure-futurs-mecanos-lycee-de-gennes\/\" target=\"_blank\" rel=\"noopener\">Formation Compl\u00e9mentaire d&rsquo;Initiative Locale<\/a>) en maintenance des v\u00e9hicules de transport routier. Une formation ouverte ponctuellement afin de r\u00e9pondre rapidement aux besoins du march\u00e9. Pour information, cela porte les effectifs de l&rsquo;\u00e9tablissement \u00e0 pr\u00e8s de 300 \u00e9l\u00e8ves pour 2017-2018.<\/p>\n<p><a href=\"\/2017\/09\/1er-\u00e9quipement-PG2G-de-gennes-2.jpg\"><img decoding=\"async\" class=\"aligncenter size-full wp-image-114420\" src=\"\/2017\/09\/1er-\u00e9quipement-PG2G-de-gennes-2.jpg\" alt=\"1er \u00e9quipement PG2G de gennes (2)\" width=\"800\" height=\"450\" \/><\/a><\/p>\n","protected":false},"excerpt":{"rendered":"<p>Ce mardi matin avait lieu l&rsquo;habituelle distribution du premier \u00e9quipement aux nouveaux \u00e9l\u00e8ves du lyc\u00e9e Pierre-Gilles de Gennes. Cette ann\u00e9e, [&hellip;]<\/p>\n","protected":false},"author":42,"featured_media":29051,"comment_status":"open","ping_status":"open","sticky":false,"template":"","format":"standard","meta":{"footnotes":""},"categories":[20,6,25],"tags":[544],"class_list":["post-29050","post","type-post","status-publish","format-standard","has-post-thumbnail","hentry","category-a-la-une","category-education","category-gerardmer","tag-lycee-pierre-gilles-de-gennes"],"acf":[],"yoast_head":"<!-- This site is optimized with the Yoast SEO plugin v22.5 - https:\/\/yoast.com\/wordpress\/plugins\/seo\/ -->\n<title>\u00c9quip\u00e9s de la t\u00eate aux pieds \u00e0 PG2G - Gerardmer Info<\/title>\n<meta name=\"robots\" content=\"index, follow, max-snippet:-1, max-image-preview:large, max-video-preview:-1\" \/>\n<link rel=\"canonical\" href=\"https:\/\/vosgesinfo.fr\/gerardmerinfo\/2017\/09\/equipes-de-tete-aux-pieds-a-pg2g\/\" \/>\n<meta name=\"twitter:card\" content=\"summary_large_image\" \/>\n<meta name=\"twitter:title\" content=\"\u00c9quip\u00e9s de la t\u00eate aux pieds \u00e0 PG2G - Gerardmer Info\" \/>\n<meta name=\"twitter:description\" content=\"Ce mardi matin avait lieu l&rsquo;habituelle distribution du premier \u00e9quipement aux nouveaux \u00e9l\u00e8ves du lyc\u00e9e Pierre-Gilles de Gennes. Cette ann\u00e9e, [&hellip;]\" \/>\n<meta name=\"twitter:image\" content=\"https:\/\/vosgesinfo.fr\/app\/uploads\/sites\/6\/2024\/07\/2017091er-equipement-pg2g-de-gennes-1.jpg\" \/>\n<meta name=\"twitter:creator\" content=\"@VosgesInfo88\" \/>\n<meta name=\"twitter:site\" content=\"@VosgesInfo88\" \/>\n<meta name=\"twitter:label1\" content=\"\u00c9crit par\" \/>\n\t<meta name=\"twitter:data1\" content=\"QG\" \/>\n\t<meta name=\"twitter:label2\" content=\"Dur\u00e9e de lecture estim\u00e9e\" \/>\n\t<meta name=\"twitter:data2\" content=\"1 minute\" \/>\n<script type=\"application\/ld+json\" class=\"yoast-schema-graph\">{\"@context\":\"https:\/\/schema.org\",\"@graph\":[{\"@type\":\"Article\",\"@id\":\"https:\/\/vosgesinfo.fr\/gerardmerinfo\/2017\/09\/equipes-de-tete-aux-pieds-a-pg2g\/#article\",\"isPartOf\":{\"@id\":\"https:\/\/vosgesinfo.fr\/gerardmerinfo\/2017\/09\/equipes-de-tete-aux-pieds-a-pg2g\/\"},\"author\":{\"name\":\"QG\",\"@id\":\"https:\/\/vosgesinfo.fr\/gerardmerinfo\/#\/schema\/person\/db5605779a843dad16b5368f3e7613a5\"},\"headline\":\"\u00c9quip\u00e9s de la t\u00eate aux pieds \u00e0 PG2G\",\"datePublished\":\"2017-09-12T14:34:15+00:00\",\"dateModified\":\"2017-09-12T14:34:15+00:00\",\"mainEntityOfPage\":{\"@id\":\"https:\/\/vosgesinfo.fr\/gerardmerinfo\/2017\/09\/equipes-de-tete-aux-pieds-a-pg2g\/\"},\"wordCount\":249,\"commentCount\":0,\"publisher\":{\"@id\":\"https:\/\/vosgesinfo.fr\/gerardmerinfo\/#organization\"},\"image\":{\"@id\":\"https:\/\/vosgesinfo.fr\/gerardmerinfo\/2017\/09\/equipes-de-tete-aux-pieds-a-pg2g\/#primaryimage\"},\"thumbnailUrl\":\"https:\/\/vosgesinfo.fr\/app\/uploads\/sites\/6\/2024\/07\/2017091er-equipement-pg2g-de-gennes-1.jpg\",\"keywords\":[\"lyc\u00e9e pierre gilles de gennes\"],\"articleSection\":[\"A la une\",\"\u00c9ducation\",\"G\u00e9rardmer\"],\"inLanguage\":\"fr-FR\",\"potentialAction\":[{\"@type\":\"CommentAction\",\"name\":\"Comment\",\"target\":[\"https:\/\/vosgesinfo.fr\/gerardmerinfo\/2017\/09\/equipes-de-tete-aux-pieds-a-pg2g\/#respond\"]}]},{\"@type\":\"WebPage\",\"@id\":\"https:\/\/vosgesinfo.fr\/gerardmerinfo\/2017\/09\/equipes-de-tete-aux-pieds-a-pg2g\/\",\"url\":\"https:\/\/vosgesinfo.fr\/gerardmerinfo\/2017\/09\/equipes-de-tete-aux-pieds-a-pg2g\/\",\"name\":\"\u00c9quip\u00e9s de la t\u00eate aux pieds \u00e0 PG2G - Gerardmer Info\",\"isPartOf\":{\"@id\":\"https:\/\/vosgesinfo.fr\/gerardmerinfo\/#website\"},\"primaryImageOfPage\":{\"@id\":\"https:\/\/vosgesinfo.fr\/gerardmerinfo\/2017\/09\/equipes-de-tete-aux-pieds-a-pg2g\/#primaryimage\"},\"image\":{\"@id\":\"https:\/\/vosgesinfo.fr\/gerardmerinfo\/2017\/09\/equipes-de-tete-aux-pieds-a-pg2g\/#primaryimage\"},\"thumbnailUrl\":\"https:\/\/vosgesinfo.fr\/app\/uploads\/sites\/6\/2024\/07\/2017091er-equipement-pg2g-de-gennes-1.jpg\",\"datePublished\":\"2017-09-12T14:34:15+00:00\",\"dateModified\":\"2017-09-12T14:34:15+00:00\",\"breadcrumb\":{\"@id\":\"https:\/\/vosgesinfo.fr\/gerardmerinfo\/2017\/09\/equipes-de-tete-aux-pieds-a-pg2g\/#breadcrumb\"},\"inLanguage\":\"fr-FR\",\"potentialAction\":[{\"@type\":\"ReadAction\",\"target\":[\"https:\/\/vosgesinfo.fr\/gerardmerinfo\/2017\/09\/equipes-de-tete-aux-pieds-a-pg2g\/\"]}]},{\"@type\":\"ImageObject\",\"inLanguage\":\"fr-FR\",\"@id\":\"https:\/\/vosgesinfo.fr\/gerardmerinfo\/2017\/09\/equipes-de-tete-aux-pieds-a-pg2g\/#primaryimage\",\"url\":\"https:\/\/vosgesinfo.fr\/app\/uploads\/sites\/6\/2024\/07\/2017091er-equipement-pg2g-de-gennes-1.jpg\",\"contentUrl\":\"https:\/\/vosgesinfo.fr\/app\/uploads\/sites\/6\/2024\/07\/2017091er-equipement-pg2g-de-gennes-1.jpg\",\"width\":800,\"height\":450},{\"@type\":\"BreadcrumbList\",\"@id\":\"https:\/\/vosgesinfo.fr\/gerardmerinfo\/2017\/09\/equipes-de-tete-aux-pieds-a-pg2g\/#breadcrumb\",\"itemListElement\":[{\"@type\":\"ListItem\",\"position\":1,\"name\":\"Home\",\"item\":\"https:\/\/vosgesinfo.fr\/gerardmerinfo\/\"},{\"@type\":\"ListItem\",\"position\":2,\"name\":\"\u00c9quip\u00e9s de la t\u00eate aux pieds \u00e0 PG2G\"}]},{\"@type\":\"WebSite\",\"@id\":\"https:\/\/vosgesinfo.fr\/gerardmerinfo\/#website\",\"url\":\"https:\/\/vosgesinfo.fr\/gerardmerinfo\/\",\"name\":\"Gerardmer Info\",\"description\":\"Toute l&#039;actualit\u00e9 de G\u00e9rardmer\",\"publisher\":{\"@id\":\"https:\/\/vosgesinfo.fr\/gerardmerinfo\/#organization\"},\"alternateName\":\"Toute l'actualit\u00e9 de G\u00e9rardmer\",\"potentialAction\":[{\"@type\":\"SearchAction\",\"target\":{\"@type\":\"EntryPoint\",\"urlTemplate\":\"https:\/\/vosgesinfo.fr\/gerardmerinfo\/?s={search_term_string}\"},\"query-input\":\"required name=search_term_string\"}],\"inLanguage\":\"fr-FR\"},{\"@type\":\"Organization\",\"@id\":\"https:\/\/vosgesinfo.fr\/gerardmerinfo\/#organization\",\"name\":\"Gerardmer Info\",\"url\":\"https:\/\/vosgesinfo.fr\/gerardmerinfo\/\",\"logo\":{\"@type\":\"ImageObject\",\"inLanguage\":\"fr-FR\",\"@id\":\"https:\/\/vosgesinfo.fr\/gerardmerinfo\/#\/schema\/logo\/image\/\",\"url\":\"https:\/\/vosgesinfo.fr\/app\/uploads\/sites\/6\/2023\/08\/favicon-gerardmerinfo.png\",\"contentUrl\":\"https:\/\/vosgesinfo.fr\/app\/uploads\/sites\/6\/2023\/08\/favicon-gerardmerinfo.png\",\"width\":512,\"height\":512,\"caption\":\"Gerardmer Info\"},\"image\":{\"@id\":\"https:\/\/vosgesinfo.fr\/gerardmerinfo\/#\/schema\/logo\/image\/\"},\"sameAs\":[\"https:\/\/www.facebook.com\/profile.php?id=100049475262660\",\"https:\/\/x.com\/VosgesInfo88\",\"https:\/\/www.youtube.com\/@vosgesinfo\"]},{\"@type\":\"Person\",\"@id\":\"https:\/\/vosgesinfo.fr\/gerardmerinfo\/#\/schema\/person\/db5605779a843dad16b5368f3e7613a5\",\"name\":\"QG\",\"image\":{\"@type\":\"ImageObject\",\"inLanguage\":\"fr-FR\",\"@id\":\"https:\/\/vosgesinfo.fr\/gerardmerinfo\/#\/schema\/person\/image\/\",\"url\":\"https:\/\/secure.gravatar.com\/avatar\/ea80c42c204b534408512832fde52504ecabb9706bcb6151cf6175e5b64e6793?s=96&d=mm&r=g\",\"contentUrl\":\"https:\/\/secure.gravatar.com\/avatar\/ea80c42c204b534408512832fde52504ecabb9706bcb6151cf6175e5b64e6793?s=96&d=mm&r=g\",\"caption\":\"QG\"},\"url\":\"https:\/\/vosgesinfo.fr\/gerardmerinfo\/author\/quentin88\/\"}]}<\/script>\n<!-- \/ Yoast SEO plugin. -->","yoast_head_json":{"title":"\u00c9quip\u00e9s de la t\u00eate aux pieds \u00e0 PG2G - Gerardmer Info","robots":{"index":"index","follow":"follow","max-snippet":"max-snippet:-1","max-image-preview":"max-image-preview:large","max-video-preview":"max-video-preview:-1"},"canonical":"https:\/\/vosgesinfo.fr\/gerardmerinfo\/2017\/09\/equipes-de-tete-aux-pieds-a-pg2g\/","twitter_card":"summary_large_image","twitter_title":"\u00c9quip\u00e9s de la t\u00eate aux pieds \u00e0 PG2G - Gerardmer Info","twitter_description":"Ce mardi matin avait lieu l&rsquo;habituelle distribution du premier \u00e9quipement aux nouveaux \u00e9l\u00e8ves du lyc\u00e9e Pierre-Gilles de Gennes. Cette ann\u00e9e, [&hellip;]","twitter_image":"https:\/\/vosgesinfo.fr\/app\/uploads\/sites\/6\/2024\/07\/2017091er-equipement-pg2g-de-gennes-1.jpg","twitter_creator":"@VosgesInfo88","twitter_site":"@VosgesInfo88","twitter_misc":{"\u00c9crit par":"QG","Dur\u00e9e de lecture estim\u00e9e":"1 minute"},"schema":{"@context":"https:\/\/schema.org","@graph":[{"@type":"Article","@id":"https:\/\/vosgesinfo.fr\/gerardmerinfo\/2017\/09\/equipes-de-tete-aux-pieds-a-pg2g\/#article","isPartOf":{"@id":"https:\/\/vosgesinfo.fr\/gerardmerinfo\/2017\/09\/equipes-de-tete-aux-pieds-a-pg2g\/"},"author":{"name":"QG","@id":"https:\/\/vosgesinfo.fr\/gerardmerinfo\/#\/schema\/person\/db5605779a843dad16b5368f3e7613a5"},"headline":"\u00c9quip\u00e9s de la t\u00eate aux pieds \u00e0 PG2G","datePublished":"2017-09-12T14:34:15+00:00","dateModified":"2017-09-12T14:34:15+00:00","mainEntityOfPage":{"@id":"https:\/\/vosgesinfo.fr\/gerardmerinfo\/2017\/09\/equipes-de-tete-aux-pieds-a-pg2g\/"},"wordCount":249,"commentCount":0,"publisher":{"@id":"https:\/\/vosgesinfo.fr\/gerardmerinfo\/#organization"},"image":{"@id":"https:\/\/vosgesinfo.fr\/gerardmerinfo\/2017\/09\/equipes-de-tete-aux-pieds-a-pg2g\/#primaryimage"},"thumbnailUrl":"https:\/\/vosgesinfo.fr\/app\/uploads\/sites\/6\/2024\/07\/2017091er-equipement-pg2g-de-gennes-1.jpg","keywords":["lyc\u00e9e pierre gilles de gennes"],"articleSection":["A la une","\u00c9ducation","G\u00e9rardmer"],"inLanguage":"fr-FR","potentialAction":[{"@type":"CommentAction","name":"Comment","target":["https:\/\/vosgesinfo.fr\/gerardmerinfo\/2017\/09\/equipes-de-tete-aux-pieds-a-pg2g\/#respond"]}]},{"@type":"WebPage","@id":"https:\/\/vosgesinfo.fr\/gerardmerinfo\/2017\/09\/equipes-de-tete-aux-pieds-a-pg2g\/","url":"https:\/\/vosgesinfo.fr\/gerardmerinfo\/2017\/09\/equipes-de-tete-aux-pieds-a-pg2g\/","name":"\u00c9quip\u00e9s de la t\u00eate aux pieds \u00e0 PG2G - Gerardmer Info","isPartOf":{"@id":"https:\/\/vosgesinfo.fr\/gerardmerinfo\/#website"},"primaryImageOfPage":{"@id":"https:\/\/vosgesinfo.fr\/gerardmerinfo\/2017\/09\/equipes-de-tete-aux-pieds-a-pg2g\/#primaryimage"},"image":{"@id":"https:\/\/vosgesinfo.fr\/gerardmerinfo\/2017\/09\/equipes-de-tete-aux-pieds-a-pg2g\/#primaryimage"},"thumbnailUrl":"https:\/\/vosgesinfo.fr\/app\/uploads\/sites\/6\/2024\/07\/2017091er-equipement-pg2g-de-gennes-1.jpg","datePublished":"2017-09-12T14:34:15+00:00","dateModified":"2017-09-12T14:34:15+00:00","breadcrumb":{"@id":"https:\/\/vosgesinfo.fr\/gerardmerinfo\/2017\/09\/equipes-de-tete-aux-pieds-a-pg2g\/#breadcrumb"},"inLanguage":"fr-FR","potentialAction":[{"@type":"ReadAction","target":["https:\/\/vosgesinfo.fr\/gerardmerinfo\/2017\/09\/equipes-de-tete-aux-pieds-a-pg2g\/"]}]},{"@type":"ImageObject","inLanguage":"fr-FR","@id":"https:\/\/vosgesinfo.fr\/gerardmerinfo\/2017\/09\/equipes-de-tete-aux-pieds-a-pg2g\/#primaryimage","url":"https:\/\/vosgesinfo.fr\/app\/uploads\/sites\/6\/2024\/07\/2017091er-equipement-pg2g-de-gennes-1.jpg","contentUrl":"https:\/\/vosgesinfo.fr\/app\/uploads\/sites\/6\/2024\/07\/2017091er-equipement-pg2g-de-gennes-1.jpg","width":800,"height":450},{"@type":"BreadcrumbList","@id":"https:\/\/vosgesinfo.fr\/gerardmerinfo\/2017\/09\/equipes-de-tete-aux-pieds-a-pg2g\/#breadcrumb","itemListElement":[{"@type":"ListItem","position":1,"name":"Home","item":"https:\/\/vosgesinfo.fr\/gerardmerinfo\/"},{"@type":"ListItem","position":2,"name":"\u00c9quip\u00e9s de la t\u00eate aux pieds \u00e0 PG2G"}]},{"@type":"WebSite","@id":"https:\/\/vosgesinfo.fr\/gerardmerinfo\/#website","url":"https:\/\/vosgesinfo.fr\/gerardmerinfo\/","name":"Gerardmer Info","description":"Toute l&#039;actualit\u00e9 de G\u00e9rardmer","publisher":{"@id":"https:\/\/vosgesinfo.fr\/gerardmerinfo\/#organization"},"alternateName":"Toute l'actualit\u00e9 de G\u00e9rardmer","potentialAction":[{"@type":"SearchAction","target":{"@type":"EntryPoint","urlTemplate":"https:\/\/vosgesinfo.fr\/gerardmerinfo\/?s={search_term_string}"},"query-input":"required name=search_term_string"}],"inLanguage":"fr-FR"},{"@type":"Organization","@id":"https:\/\/vosgesinfo.fr\/gerardmerinfo\/#organization","name":"Gerardmer Info","url":"https:\/\/vosgesinfo.fr\/gerardmerinfo\/","logo":{"@type":"ImageObject","inLanguage":"fr-FR","@id":"https:\/\/vosgesinfo.fr\/gerardmerinfo\/#\/schema\/logo\/image\/","url":"https:\/\/vosgesinfo.fr\/app\/uploads\/sites\/6\/2023\/08\/favicon-gerardmerinfo.png","contentUrl":"https:\/\/vosgesinfo.fr\/app\/uploads\/sites\/6\/2023\/08\/favicon-gerardmerinfo.png","width":512,"height":512,"caption":"Gerardmer Info"},"image":{"@id":"https:\/\/vosgesinfo.fr\/gerardmerinfo\/#\/schema\/logo\/image\/"},"sameAs":["https:\/\/www.facebook.com\/profile.php?id=100049475262660","https:\/\/x.com\/VosgesInfo88","https:\/\/www.youtube.com\/@vosgesinfo"]},{"@type":"Person","@id":"https:\/\/vosgesinfo.fr\/gerardmerinfo\/#\/schema\/person\/db5605779a843dad16b5368f3e7613a5","name":"QG","image":{"@type":"ImageObject","inLanguage":"fr-FR","@id":"https:\/\/vosgesinfo.fr\/gerardmerinfo\/#\/schema\/person\/image\/","url":"https:\/\/secure.gravatar.com\/avatar\/ea80c42c204b534408512832fde52504ecabb9706bcb6151cf6175e5b64e6793?s=96&d=mm&r=g","contentUrl":"https:\/\/secure.gravatar.com\/avatar\/ea80c42c204b534408512832fde52504ecabb9706bcb6151cf6175e5b64e6793?s=96&d=mm&r=g","caption":"QG"},"url":"https:\/\/vosgesinfo.fr\/gerardmerinfo\/author\/quentin88\/"}]}},"_links":{"self":[{"href":"https:\/\/vosgesinfo.fr\/gerardmerinfo\/wp-json\/wp\/v2\/posts\/29050","targetHints":{"allow":["GET"]}}],"collection":[{"href":"https:\/\/vosgesinfo.fr\/gerardmerinfo\/wp-json\/wp\/v2\/posts"}],"about":[{"href":"https:\/\/vosgesinfo.fr\/gerardmerinfo\/wp-json\/wp\/v2\/types\/post"}],"author":[{"embeddable":true,"href":"https:\/\/vosgesinfo.fr\/gerardmerinfo\/wp-json\/wp\/v2\/users\/42"}],"replies":[{"embeddable":true,"href":"https:\/\/vosgesinfo.fr\/gerardmerinfo\/wp-json\/wp\/v2\/comments?post=29050"}],"version-history":[{"count":0,"href":"https:\/\/vosgesinfo.fr\/gerardmerinfo\/wp-json\/wp\/v2\/posts\/29050\/revisions"}],"wp:featuredmedia":[{"embeddable":true,"href":"https:\/\/vosgesinfo.fr\/gerardmerinfo\/wp-json\/wp\/v2\/media\/29051"}],"wp:attachment":[{"href":"https:\/\/vosgesinfo.fr\/gerardmerinfo\/wp-json\/wp\/v2\/media?parent=29050"}],"wp:term":[{"taxonomy":"category","embeddable":true,"href":"https:\/\/vosgesinfo.fr\/gerardmerinfo\/wp-json\/wp\/v2\/categories?post=29050"},{"taxonomy":"post_tag","embeddable":true,"href":"https:\/\/vosgesinfo.fr\/gerardmerinfo\/wp-json\/wp\/v2\/tags?post=29050"}],"curies":[{"name":"wp","href":"https:\/\/api.w.org\/{rel}","templated":true}]}}